{"id":75508,"date":"2025-08-10T10:01:42","date_gmt":"2025-08-10T13:01:42","guid":{"rendered":"https:\/\/noticiasribeiraopreto.com.br\/index.php\/2025\/08\/10\/especiais-vao-contar-os-30-anos-do-tribuna-ribeirao\/"},"modified":"2025-08-10T10:01:42","modified_gmt":"2025-08-10T13:01:42","slug":"especiais-vao-contar-os-30-anos-do-tribuna-ribeirao","status":"publish","type":"post","link":"https:\/\/noticiasribeiraopreto.com.br\/index.php\/2025\/08\/10\/especiais-vao-contar-os-30-anos-do-tribuna-ribeirao\/","title":{"rendered":"Especiais v\u00e3o contar os 30 Anos do Tribuna Ribeir\u00e3o"},"content":{"rendered":"<div class='code-block code-block-1' style='margin: 8px 0 8px auto; text-align: right; display: block; clear: both;'>\n<p><a href=\"https:\/\/wa.link\/vpicfd\"><img data-recalc-dims=\"1\" class=\"wp-image-4922\" style=\"aspect-ratio: 2.0253164556962027; width: 561px; height: auto;\" src=\"https:\/\/i0.wp.com\/ismaelcolosi.com.br\/wp-content\/uploads\/2023\/11\/grupo-de-empregos-whatsapp-e-facebook-ismael-colosi-vagas.jpg?ssl=1\" alt=\"\" \/><\/a><\/p>\n<!-- \/wp:image -->\n<\/div>\n<p> <br \/>\n<\/p>\n<div id=\"\">\n<p>\n\t\t\t\t\t\t\t\t\t<span class=\"entry-meta-item penci-posted-on\"><i class=\"fa fa-clock-o\"\/><time class=\"entry-date published\" datetime=\"2025-08-10T10:00:37-03:00\">10 de agosto de 2025 10:00<\/time><time class=\"updated\" datetime=\"2025-08-10T00:04:47-03:00\">10 de agosto de 2025 00:04<\/time><\/span><span class=\"entry-meta-item penci-post-countview\"><span class=\"entry-meta-item penci-post-countview penci_post-meta_item\"><i class=\"fa fa-eye\"\/><span class=\"penci-post-countview-number penci-post-countview-p434554\">11<\/span><\/span><\/span>\t\t\t\t\t\t\t\t<\/p>\n<p><!-- .entry-meta --><br \/>\n\t\t\t\t\t\t\t\t<span class=\"penci-social-buttons penci-social-share-footer\"><span class=\"penci-social-share-text\">Compartilhar<\/span><a href=\"#\" class=\"penci-post-like penci_post-meta_item  single-like-button penci-social-item like\" data-post_id=\"434554\" title=\"Like\" data-like=\"Like\" data-unlike=\"Unlike\"><i class=\"fa fa-thumbs-o-up\"\/><span class=\"penci-share-number\">0<\/span><\/a><i class=\"fa fa-facebook\"\/><a class=\"penci-social-item twitter\" target=\"_blank\" rel=\"noopener\" title=\"\" href=\"https:\/\/twitter.com\/intent\/tweet?text=Especiais%20v\u00e3o%20contar%20os%2030%20Anos%20do%20Tribuna%20Ribeir\u00e3o%20-%20https:\/\/www.tribunaribeirao.com.br\/especiais-vao-contar-os-30-anos-do-tribuna-ribeirao\/\"><i class=\"fa fa-twitter\"\/><\/a><i class=\"fa fa-linkedin\"\/><i class=\"fa fa-whatsapp\"\/><i class=\"fa fa-telegram\"\/><i class=\"fa fa-envelope\"\/><\/span>\t\t\t\t\t\t\t<\/div>\n<div>\n<p><em>De setembro a dezembro deste ano, o jornalismo se debru\u00e7a sobre o que aconteceu na cidade que \u00e9 uma refer\u00eancia no pa\u00eds; Parceiros do projeto ganhar\u00e3o uma medalha personalizada com o Dino de Ribeir\u00e3o<\/em><\/p>\n<figure id=\"attachment_434556\" aria-describedby=\"caption-attachment-434556\" style=\"width: 300px\" class=\"wp-caption aligncenter\"><img data-recalc-dims=\"1\" loading=\"lazy\" decoding=\"async\" class=\"size-medium wp-image-434556 lazyload\" src=\"https:\/\/i0.wp.com\/www.tribunaribeirao.com.br\/wp-content\/uploads\/2025\/08\/capas-300x214.jpeg?resize=300%2C214&#038;ssl=1\" alt=\"\" width=\"300\" height=\"214\" srcset=\"https:\/\/www.tribunaribeirao.com.br\/wp-content\/uploads\/2025\/08\/capas-300x214.jpeg 300w, https:\/\/www.tribunaribeirao.com.br\/wp-content\/uploads\/2025\/08\/capas-1024x732.jpeg 1024w, https:\/\/www.tribunaribeirao.com.br\/wp-content\/uploads\/2025\/08\/capas-768x549.jpeg 768w, https:\/\/www.tribunaribeirao.com.br\/wp-content\/uploads\/2025\/08\/capas-960x686.jpeg 960w, https:\/\/www.tribunaribeirao.com.br\/wp-content\/uploads\/2025\/08\/capas-560x400.jpeg 560w, https:\/\/www.tribunaribeirao.com.br\/wp-content\/uploads\/2025\/08\/capas-585x418.jpeg 585w, https:\/\/www.tribunaribeirao.com.br\/wp-content\/uploads\/2025\/08\/capas.jpeg 1091w\" data-sizes=\"(max-width: 300px) 100vw, 300px\" style=\"--smush-placeholder-width: 300px; --smush-placeholder-aspect-ratio: 300\/214;\"\/><figcaption id=\"caption-attachment-434556\" class=\"wp-caption-text\">Material de apresenta\u00e7\u00e3o do projeto. Em destaques as capas e as mudan\u00e7as\/evolu\u00e7\u00f5es do jornal<\/figcaption><\/figure>\n<p>Voc\u00ea sabia que a primeira entrevista profissional do jogador Diego Ribas (que iniciou sua carreira profissional no Comercial Futebol Clube) foi para o Tribuna? Hoje j\u00e1 aposentando, Diego, menino ainda, cortava o cabelo no Jo\u00e3o Luiz (assinante do Tribuna desde a \u00e9poca de seman\u00e1rio) e falou das suas expectativas para o futuro no futebol. E que carreira construiu!<\/p>\n<p>E voc\u00ea sabia que foi o <strong>Tribuna Ribeir\u00e3o<\/strong> que contou \u201cpra todo mundo\u201d que a m\u00fasica \u201cFlorentina\u201d do Palha\u00e7o Tiririca poderia ser pl\u00e1gio da m\u00fasica \u201cCatarina\u201d, do Trio Mineiro, de 1962?<\/p>\n<p>E a den\u00fancia do jeton na C\u00e2mara de Ribeir\u00e3o Preto?<\/p>\n<p>Pois \u00e9: com 30 anos de hist\u00f3ria (o jornal nasceu em 9 de setembro de 1995) se tem muita hist\u00f3ria pra contar!<\/p>\n<p>E \u00e9 exatamente pra isso que o jornal <strong>Tribuna Ribeir\u00e3o<\/strong> lan\u00e7a, a partir de setembro, um especial que vai contar a hist\u00f3ria do jornalismo e a hist\u00f3ria da pr\u00f3pria cidade sob a \u00f3tica do jornal, claro! Ser\u00e3o edi\u00e7\u00f5es especiais \u2013 todos os domingos \u2013 de setembro a dezembro de 2025.<\/p>\n<p>Quase 100 p\u00e1ginas para traduzir 30 anos. Tr\u00eas d\u00e9cadas de jornalismo s\u00e9rio, plural, independente e comprometido com a verdade. Um marco para a imprensa escrita da nossa regi\u00e3o \u2013 e, sem falsa mod\u00e9stia, um orgulho para Ribeir\u00e3o Preto.<\/p>\n<p>\u00danico jornal impresso di\u00e1rio da macrorregi\u00e3o atualmente \u2013 nasceu em 9 de setembro de 1995 \u2013 o jornal vai relembrar seu nascimento com o cheirinho de tinta das rotativas e cruzar a barreira do mundo digital com publica\u00e7\u00f5es em todas as plataformas e depoimentos tamb\u00e9m em \u00e1udio e v\u00eddeo nas v\u00e1rias m\u00eddias atuais como no portal (www.tribunaribeirao.com.br), redes sociais (tribunaribeirao) e o mais novo filho do grupo, o PodCast Tribuna Ribeir\u00e3o.<\/p>\n<p><strong>Medalha Comemorativa<\/strong><\/p>\n<p>Ao longo dos anos, o Tribuna Ribeir\u00e3o criou v\u00e1rios projetos. Edi\u00e7\u00f5es Comemorativas (anivers\u00e1rio de Ribeir\u00e3o, Natal); Eventos esportivos; Top Of Mind Tribuna&amp;Recall, Meia Maratona Internacional de Ribeir\u00e3o Preto\u2026 e a\u00ed veio o Dino! Sim, a mascote do jornal e de seus eventos passou a ser o Dino de Ribeir\u00e3o (famoso da Av. Independ\u00eancia e hoje na Bar\u00e3o do Bananal).<\/p>\n<figure id=\"attachment_434557\" aria-describedby=\"caption-attachment-434557\" style=\"width: 290px\" class=\"wp-caption alignleft\"><img data-recalc-dims=\"1\" loading=\"lazy\" decoding=\"async\" class=\"size-medium wp-image-434557 lazyload\" src=\"https:\/\/i0.wp.com\/www.tribunaribeirao.com.br\/wp-content\/uploads\/2025\/08\/dino-290x300.jpeg?resize=290%2C300&#038;ssl=1\" alt=\"\" width=\"290\" height=\"300\" srcset=\"https:\/\/www.tribunaribeirao.com.br\/wp-content\/uploads\/2025\/08\/dino-290x300.jpeg 290w, https:\/\/www.tribunaribeirao.com.br\/wp-content\/uploads\/2025\/08\/dino.jpeg 335w\" data-sizes=\"(max-width: 290px) 100vw, 290px\" style=\"--smush-placeholder-width: 290px; --smush-placeholder-aspect-ratio: 290\/300;\"\/><figcaption id=\"caption-attachment-434557\" class=\"wp-caption-text\">Dino de Ribeir\u00e3o, mascote de peso<\/figcaption><\/figure>\n<p>O Dino de Ribeir\u00e3o est\u00e1 na capa do jornal, nas redes sociais (@dinoderibeirao), nas medalhas e trof\u00e9us da Meia Maratona e agora, com o projeto dos 30 Anos, vai virar uma medalha comemorativa para os anunciantes parceiros dessa jornada \u00e9pica e, por que n\u00e3o, jur\u00e1ssica!<\/p>\n<p>N\u00e3o se faz um bom jornalismo sem grandes parceiros. O bom jornalismo \u2013 investigativo e imparcial \u2013 sempre passa pela verdade e as empresas que sempre apostaram no melhor para Ribeir\u00e3o tamb\u00e9m sempre apostaram no Tribuna e ter\u00e3o novamente uma grande oportunidade.<\/p>\n<p>Tribuna 30 Anos, um projeto ousado e com muitas novidades. Leitores e o mercado mal poder\u00e3o esperar!<\/p>\n<\/div>\n<p><script async src=\"\/\/platform.twitter.com\/widgets.js\" charset=\"utf-8\"><\/script><br \/>\n<br \/><br \/>\n<br \/><a href=\"https:\/\/www.tribunaribeirao.com.br\/especiais-vao-contar-os-30-anos-do-tribuna-ribeirao\/\">Source link <\/a><\/p>\n<!-- CONTENT END 1 -->\n","protected":false},"excerpt":{"rendered":"<p>10 de agosto de 2025 10:0010 de agosto de 2025 00:0411 Compartilhar0 De setembro a dezembro deste ano, o jornalismo se debru\u00e7a sobre o que&#8230;<\/p>\n","protected":false},"author":1,"featured_media":75509,"comment_status":"open","ping_status":"open","sticky":false,"template":"","format":"standard","meta":{"advanced_seo_description":"","jetpack_seo_html_title":"","jetpack_seo_noindex":false,"jetpack_post_was_ever_published":false,"_jetpack_newsletter_access":"","_jetpack_dont_email_post_to_subs":false,"_jetpack_newsletter_tier_id":0,"_jetpack_memberships_contains_paywalled_content":false,"_jetpack_memberships_contains_paid_content":false,"footnotes":"","jetpack_publicize_message":"","jetpack_publicize_feature_enabled":true,"jetpack_social_post_already_shared":true,"jetpack_social_options":{"image_generator_settings":{"template":"highway","default_image_id":0,"font":"","enabled":false},"version":2}},"categories":[11],"tags":[],"class_list":["post-75508","post","type-post","status-publish","format-standard","has-post-thumbnail","hentry","category-noticias-de-ribeirao-preto-sp-e-regiao-ismael-colosi"],"jetpack_publicize_connections":[],"jetpack_featured_media_url":"https:\/\/i0.wp.com\/noticiasribeiraopreto.com.br\/wp-content\/uploads\/2025\/08\/Tribuna30-scaled.jpg?fit=1200%2C650&ssl=1","jetpack-related-posts":[{"id":76028,"url":"https:\/\/noticiasribeiraopreto.com.br\/index.php\/2025\/08\/20\/instabilidade-tira-do-ar-consulta-de-dados-sobre-qualidade-do-ar-em-ribeirao-entenda\/","url_meta":{"origin":75508,"position":0},"title":"Instabilidade tira do ar consulta de dados sobre qualidade do ar em Ribeir\u00e3o; Entenda","author":"noticiasribeiraopreto.com.br","date":"20 de August de 2025","format":false,"excerpt":"Com a chegada do veranico, per\u00edodo em que as temperaturas ficam acima da m\u00e9dia mesmo no inverno, a qualidade do ar em Ribeir\u00e3o Preto pode ser prejudicada. Nesta semana, por\u00e9m, quem tentou acompanhar os \u00edndices de monitoramento encontrou dificuldades, j\u00e1 que a aba do site da Cetesb (Companhia Ambiental do\u2026","rel":"","context":"In &quot;Not\u00edcias de Ribeir\u00e3o Preto-SP e Regi\u00e3o&quot;","block_context":{"text":"Not\u00edcias de Ribeir\u00e3o Preto-SP e Regi\u00e3o","link":"https:\/\/noticiasribeiraopreto.com.br\/index.php\/category\/noticias-de-ribeirao-preto-sp-e-regiao-ismael-colosi\/"},"img":{"alt_text":"","src":"https:\/\/i0.wp.com\/noticiasribeiraopreto.com.br\/wp-content\/uploads\/2025\/08\/Copia-de-Copia-de-Copia-de-TAMANHO-EXATO-PARA-FOTOS-NO-SISTEMA-NOVO-2025-08-20T190609.455_2025-08-20_22-06-17.webp.webp?fit=1200%2C675&ssl=1&resize=350%2C200","width":350,"height":200,"srcset":"https:\/\/i0.wp.com\/noticiasribeiraopreto.com.br\/wp-content\/uploads\/2025\/08\/Copia-de-Copia-de-Copia-de-TAMANHO-EXATO-PARA-FOTOS-NO-SISTEMA-NOVO-2025-08-20T190609.455_2025-08-20_22-06-17.webp.webp?fit=1200%2C675&ssl=1&resize=350%2C200 1x, https:\/\/i0.wp.com\/noticiasribeiraopreto.com.br\/wp-content\/uploads\/2025\/08\/Copia-de-Copia-de-Copia-de-TAMANHO-EXATO-PARA-FOTOS-NO-SISTEMA-NOVO-2025-08-20T190609.455_2025-08-20_22-06-17.webp.webp?fit=1200%2C675&ssl=1&resize=525%2C300 1.5x, https:\/\/i0.wp.com\/noticiasribeiraopreto.com.br\/wp-content\/uploads\/2025\/08\/Copia-de-Copia-de-Copia-de-TAMANHO-EXATO-PARA-FOTOS-NO-SISTEMA-NOVO-2025-08-20T190609.455_2025-08-20_22-06-17.webp.webp?fit=1200%2C675&ssl=1&resize=700%2C400 2x, https:\/\/i0.wp.com\/noticiasribeiraopreto.com.br\/wp-content\/uploads\/2025\/08\/Copia-de-Copia-de-Copia-de-TAMANHO-EXATO-PARA-FOTOS-NO-SISTEMA-NOVO-2025-08-20T190609.455_2025-08-20_22-06-17.webp.webp?fit=1200%2C675&ssl=1&resize=1050%2C600 3x"},"classes":[]},{"id":55753,"url":"https:\/\/noticiasribeiraopreto.com.br\/index.php\/2024\/08\/06\/vai-chover-confira-a-previsao-do-tempo-para-os-proximos-cinco-dias-em-ribeirao-preto\/","url_meta":{"origin":75508,"position":1},"title":"Vai chover? Confira a previs\u00e3o do tempo para os pr\u00f3ximos cinco dias em Ribeir\u00e3o Preto","author":"noticiasribeiraopreto.com.br","date":"6 de August de 2024","format":false,"excerpt":"At\u00e9 sexta-feira (9), o calor deve continuar em Ribeir\u00e3o Preto, assim como o clima seco. Contudo, a partir do final de semana as temperaturas devem cair e existe a possibilidade de chuva para Ribeir\u00e3o Preto, de acordo com a Climatempo. Veja a previs\u00e3o Ter\u00e7a-feira, 6\u00a0 de agostoM\u00e1xima: 33\u00b0CM\u00ednima: 17\u00b0CSol com\u2026","rel":"","context":"In &quot;Not\u00edcias de Ribeir\u00e3o Preto-SP e Regi\u00e3o&quot;","block_context":{"text":"Not\u00edcias de Ribeir\u00e3o Preto-SP e Regi\u00e3o","link":"https:\/\/noticiasribeiraopreto.com.br\/index.php\/category\/noticias-de-ribeirao-preto-sp-e-regiao-ismael-colosi\/"},"img":{"alt_text":"","src":"https:\/\/i0.wp.com\/noticiasribeiraopreto.com.br\/wp-content\/uploads\/2024\/03\/AnyConv.com__tempo-ribeirao-preto-2.webp.webp?fit=1200%2C675&ssl=1&resize=350%2C200","width":350,"height":200,"srcset":"https:\/\/i0.wp.com\/noticiasribeiraopreto.com.br\/wp-content\/uploads\/2024\/03\/AnyConv.com__tempo-ribeirao-preto-2.webp.webp?fit=1200%2C675&ssl=1&resize=350%2C200 1x, https:\/\/i0.wp.com\/noticiasribeiraopreto.com.br\/wp-content\/uploads\/2024\/03\/AnyConv.com__tempo-ribeirao-preto-2.webp.webp?fit=1200%2C675&ssl=1&resize=525%2C300 1.5x, https:\/\/i0.wp.com\/noticiasribeiraopreto.com.br\/wp-content\/uploads\/2024\/03\/AnyConv.com__tempo-ribeirao-preto-2.webp.webp?fit=1200%2C675&ssl=1&resize=700%2C400 2x, https:\/\/i0.wp.com\/noticiasribeiraopreto.com.br\/wp-content\/uploads\/2024\/03\/AnyConv.com__tempo-ribeirao-preto-2.webp.webp?fit=1200%2C675&ssl=1&resize=1050%2C600 3x"},"classes":[]},{"id":56613,"url":"https:\/\/noticiasribeiraopreto.com.br\/index.php\/2024\/08\/15\/ribeirao-preto-recebe-festival-nacional-de-teatro-veja-a-programacao\/","url_meta":{"origin":75508,"position":2},"title":"Ribeir\u00e3o Preto recebe Festival Nacional de Teatro; Veja a programa\u00e7\u00e3o","author":"noticiasribeiraopreto.com.br","date":"15 de August de 2024","format":false,"excerpt":"A 8\u00aa edi\u00e7\u00e3o do Festival Nacional de Teatro chega a Ribeir\u00e3o Preto nesta sexta-feira (16) e segue at\u00e9 o dia 1\u00ba de setembro. S\u00e3o 35 espet\u00e1culos, nove oficinas e tr\u00eas performances, no Teatro Municipal, parques, pra\u00e7as e outros teatros da cidade. Toda a programa\u00e7\u00e3o \u00e9 gratuita. A novidade deste ano\u2026","rel":"","context":"In &quot;Not\u00edcias de Ribeir\u00e3o Preto-SP e Regi\u00e3o&quot;","block_context":{"text":"Not\u00edcias de Ribeir\u00e3o Preto-SP e Regi\u00e3o","link":"https:\/\/noticiasribeiraopreto.com.br\/index.php\/category\/noticias-de-ribeirao-preto-sp-e-regiao-ismael-colosi\/"},"img":{"alt_text":"","src":"https:\/\/i0.wp.com\/noticiasribeiraopreto.com.br\/wp-content\/uploads\/2024\/08\/Copia-de-Copia-de-Copia-de-TAMANHO-EXATO-PARA-FOTOS-NO-SISTEMA-NOVO-2_2024-08-15_12-44-51_jpg_2024-08-15_12-44-51.webp.webp?fit=1200%2C675&ssl=1&resize=350%2C200","width":350,"height":200,"srcset":"https:\/\/i0.wp.com\/noticiasribeiraopreto.com.br\/wp-content\/uploads\/2024\/08\/Copia-de-Copia-de-Copia-de-TAMANHO-EXATO-PARA-FOTOS-NO-SISTEMA-NOVO-2_2024-08-15_12-44-51_jpg_2024-08-15_12-44-51.webp.webp?fit=1200%2C675&ssl=1&resize=350%2C200 1x, https:\/\/i0.wp.com\/noticiasribeiraopreto.com.br\/wp-content\/uploads\/2024\/08\/Copia-de-Copia-de-Copia-de-TAMANHO-EXATO-PARA-FOTOS-NO-SISTEMA-NOVO-2_2024-08-15_12-44-51_jpg_2024-08-15_12-44-51.webp.webp?fit=1200%2C675&ssl=1&resize=525%2C300 1.5x, https:\/\/i0.wp.com\/noticiasribeiraopreto.com.br\/wp-content\/uploads\/2024\/08\/Copia-de-Copia-de-Copia-de-TAMANHO-EXATO-PARA-FOTOS-NO-SISTEMA-NOVO-2_2024-08-15_12-44-51_jpg_2024-08-15_12-44-51.webp.webp?fit=1200%2C675&ssl=1&resize=700%2C400 2x, https:\/\/i0.wp.com\/noticiasribeiraopreto.com.br\/wp-content\/uploads\/2024\/08\/Copia-de-Copia-de-Copia-de-TAMANHO-EXATO-PARA-FOTOS-NO-SISTEMA-NOVO-2_2024-08-15_12-44-51_jpg_2024-08-15_12-44-51.webp.webp?fit=1200%2C675&ssl=1&resize=1050%2C600 3x"},"classes":[]},{"id":56535,"url":"https:\/\/noticiasribeiraopreto.com.br\/index.php\/2024\/08\/14\/sesi-ribeirao-preto-tem-espetaculo-de-sapateado-gratuito-confira\/","url_meta":{"origin":75508,"position":3},"title":"Sesi Ribeir\u00e3o Preto tem espet\u00e1culo de sapateado gratuito; Confira","author":"noticiasribeiraopreto.com.br","date":"14 de August de 2024","format":false,"excerpt":"O Centro Cultural Sesi Ribeir\u00e3o Preto receber\u00e1 uma temporada gratuita do espet\u00e1culo de sapateado \u201cEu s\u00f3 dan\u00e7arei com voc\u00ea\u201d, apresentado pela Cia. P\u00e9 na T\u00e1bua. O espet\u00e1culo traz a proposta de que todos podem contar hist\u00f3rias atrav\u00e9s dos gestos e sons com o pr\u00f3prio corpo. Al\u00e9m de convidar o p\u00fablico\u2026","rel":"","context":"In &quot;Not\u00edcias de Ribeir\u00e3o Preto-SP e Regi\u00e3o&quot;","block_context":{"text":"Not\u00edcias de Ribeir\u00e3o Preto-SP e Regi\u00e3o","link":"https:\/\/noticiasribeiraopreto.com.br\/index.php\/category\/noticias-de-ribeirao-preto-sp-e-regiao-ismael-colosi\/"},"img":{"alt_text":"","src":"https:\/\/i0.wp.com\/noticiasribeiraopreto.com.br\/wp-content\/uploads\/2024\/08\/b645a86f-2604-415c-a5c4-a99e537e15d0_2024-08-14_16-19-51_png_2024-08-14_16-19-52.webp.webp?fit=1066%2C600&ssl=1&resize=350%2C200","width":350,"height":200,"srcset":"https:\/\/i0.wp.com\/noticiasribeiraopreto.com.br\/wp-content\/uploads\/2024\/08\/b645a86f-2604-415c-a5c4-a99e537e15d0_2024-08-14_16-19-51_png_2024-08-14_16-19-52.webp.webp?fit=1066%2C600&ssl=1&resize=350%2C200 1x, https:\/\/i0.wp.com\/noticiasribeiraopreto.com.br\/wp-content\/uploads\/2024\/08\/b645a86f-2604-415c-a5c4-a99e537e15d0_2024-08-14_16-19-51_png_2024-08-14_16-19-52.webp.webp?fit=1066%2C600&ssl=1&resize=525%2C300 1.5x, https:\/\/i0.wp.com\/noticiasribeiraopreto.com.br\/wp-content\/uploads\/2024\/08\/b645a86f-2604-415c-a5c4-a99e537e15d0_2024-08-14_16-19-51_png_2024-08-14_16-19-52.webp.webp?fit=1066%2C600&ssl=1&resize=700%2C400 2x, https:\/\/i0.wp.com\/noticiasribeiraopreto.com.br\/wp-content\/uploads\/2024\/08\/b645a86f-2604-415c-a5c4-a99e537e15d0_2024-08-14_16-19-51_png_2024-08-14_16-19-52.webp.webp?fit=1066%2C600&ssl=1&resize=1050%2C600 3x"},"classes":[]},{"id":75106,"url":"https:\/\/noticiasribeiraopreto.com.br\/index.php\/2025\/08\/03\/previsao-de-chuva-veja-como-fica-o-tempo-em-ribeirao-preto-nos-proximos-dias\/","url_meta":{"origin":75508,"position":4},"title":"Previs\u00e3o de chuva? Veja como fica o tempo em Ribeir\u00e3o Preto nos pr\u00f3ximos dias","author":"noticiasribeiraopreto.com.br","date":"3 de August de 2025","format":false,"excerpt":"Os meteorologistas apontam que Ribeir\u00e3o Preto deve ter semana de Sol com muitas nuvens e com previs\u00e3o de chuva no pr\u00f3ximo s\u00e1bado (9). Segundo a Climatempo, existem 40% de chances de chover Ribeir\u00e3o Preto, que tem enfrentado tempo seco nos \u00faltimos dias. Por\u00e9m, o acumulado de chuva previsto \u00e9 de\u2026","rel":"","context":"In &quot;Not\u00edcias de Ribeir\u00e3o Preto-SP e Regi\u00e3o&quot;","block_context":{"text":"Not\u00edcias de Ribeir\u00e3o Preto-SP e Regi\u00e3o","link":"https:\/\/noticiasribeiraopreto.com.br\/index.php\/category\/noticias-de-ribeirao-preto-sp-e-regiao-ismael-colosi\/"},"img":{"alt_text":"","src":"https:\/\/i0.wp.com\/noticiasribeiraopreto.com.br\/wp-content\/uploads\/2025\/08\/WhatsApp-Image-2024-10-17-at-15.21.39-1_2024-10-17_21-53-49_jpeg_2024-10-17_21-53-50-1024x682.webp.webp?fit=1024%2C682&ssl=1&resize=350%2C200","width":350,"height":200,"srcset":"https:\/\/i0.wp.com\/noticiasribeiraopreto.com.br\/wp-content\/uploads\/2025\/08\/WhatsApp-Image-2024-10-17-at-15.21.39-1_2024-10-17_21-53-49_jpeg_2024-10-17_21-53-50-1024x682.webp.webp?fit=1024%2C682&ssl=1&resize=350%2C200 1x, https:\/\/i0.wp.com\/noticiasribeiraopreto.com.br\/wp-content\/uploads\/2025\/08\/WhatsApp-Image-2024-10-17-at-15.21.39-1_2024-10-17_21-53-49_jpeg_2024-10-17_21-53-50-1024x682.webp.webp?fit=1024%2C682&ssl=1&resize=525%2C300 1.5x, https:\/\/i0.wp.com\/noticiasribeiraopreto.com.br\/wp-content\/uploads\/2025\/08\/WhatsApp-Image-2024-10-17-at-15.21.39-1_2024-10-17_21-53-49_jpeg_2024-10-17_21-53-50-1024x682.webp.webp?fit=1024%2C682&ssl=1&resize=700%2C400 2x"},"classes":[]},{"id":75410,"url":"https:\/\/noticiasribeiraopreto.com.br\/index.php\/2025\/08\/08\/lauana-prado-arena-rock-e-carros-modificados-veja-o-que-fazer-no-fim-de-semana-do-dia-dos-pais\/","url_meta":{"origin":75508,"position":5},"title":"Lauana Prado, Arena Rock e carros modificados: veja o que fazer no fim de semana do Dia dos Pais","author":"noticiasribeiraopreto.com.br","date":"8 de August de 2025","format":false,"excerpt":"Neste fim de semana especial de Dia dos Pais, Ribeir\u00e3o Preto e regi\u00e3o conta com atra\u00e7\u00f5es tem\u00e1ticas, eventos gratuitos e oficinas. Os destaques da agenda cultural s\u00e3o: show da sertaneja Lauana Prado, que traz a turn\u00ea \u201cRa\u00edzes\u201d para a cidade, al\u00e9m do Arena Rock e a abertura de uma exposi\u00e7\u00e3o\u2026","rel":"","context":"In &quot;Not\u00edcias de Ribeir\u00e3o Preto-SP e Regi\u00e3o&quot;","block_context":{"text":"Not\u00edcias de Ribeir\u00e3o Preto-SP e Regi\u00e3o","link":"https:\/\/noticiasribeiraopreto.com.br\/index.php\/category\/noticias-de-ribeirao-preto-sp-e-regiao-ismael-colosi\/"},"img":{"alt_text":"","src":"https:\/\/i0.wp.com\/noticiasribeiraopreto.com.br\/wp-content\/uploads\/2025\/07\/lauana_prado_2025-01-06_12-24-38.webp.webp?fit=1200%2C675&ssl=1&resize=350%2C200","width":350,"height":200,"srcset":"https:\/\/i0.wp.com\/noticiasribeiraopreto.com.br\/wp-content\/uploads\/2025\/07\/lauana_prado_2025-01-06_12-24-38.webp.webp?fit=1200%2C675&ssl=1&resize=350%2C200 1x, https:\/\/i0.wp.com\/noticiasribeiraopreto.com.br\/wp-content\/uploads\/2025\/07\/lauana_prado_2025-01-06_12-24-38.webp.webp?fit=1200%2C675&ssl=1&resize=525%2C300 1.5x, https:\/\/i0.wp.com\/noticiasribeiraopreto.com.br\/wp-content\/uploads\/2025\/07\/lauana_prado_2025-01-06_12-24-38.webp.webp?fit=1200%2C675&ssl=1&resize=700%2C400 2x, https:\/\/i0.wp.com\/noticiasribeiraopreto.com.br\/wp-content\/uploads\/2025\/07\/lauana_prado_2025-01-06_12-24-38.webp.webp?fit=1200%2C675&ssl=1&resize=1050%2C600 3x"},"classes":[]}],"jetpack_sharing_enabled":true,"jetpack_shortlink":"https:\/\/wp.me\/peQAOb-jDS","_links":{"self":[{"href":"https:\/\/noticiasribeiraopreto.com.br\/index.php\/wp-json\/wp\/v2\/posts\/75508","targetHints":{"allow":["GET"]}}],"collection":[{"href":"https:\/\/noticiasribeiraopreto.com.br\/index.php\/wp-json\/wp\/v2\/posts"}],"about":[{"href":"https:\/\/noticiasribeiraopreto.com.br\/index.php\/wp-json\/wp\/v2\/types\/post"}],"author":[{"embeddable":true,"href":"https:\/\/noticiasribeiraopreto.com.br\/index.php\/wp-json\/wp\/v2\/users\/1"}],"replies":[{"embeddable":true,"href":"https:\/\/noticiasribeiraopreto.com.br\/index.php\/wp-json\/wp\/v2\/comments?post=75508"}],"version-history":[{"count":0,"href":"https:\/\/noticiasribeiraopreto.com.br\/index.php\/wp-json\/wp\/v2\/posts\/75508\/revisions"}],"wp:featuredmedia":[{"embeddable":true,"href":"https:\/\/noticiasribeiraopreto.com.br\/index.php\/wp-json\/wp\/v2\/media\/75509"}],"wp:attachment":[{"href":"https:\/\/noticiasribeiraopreto.com.br\/index.php\/wp-json\/wp\/v2\/media?parent=75508"}],"wp:term":[{"taxonomy":"category","embeddable":true,"href":"https:\/\/noticiasribeiraopreto.com.br\/index.php\/wp-json\/wp\/v2\/categories?post=75508"},{"taxonomy":"post_tag","embeddable":true,"href":"https:\/\/noticiasribeiraopreto.com.br\/index.php\/wp-json\/wp\/v2\/tags?post=75508"}],"curies":[{"name":"wp","href":"https:\/\/api.w.org\/{rel}","templated":true}]}}