{"id":75510,"date":"2025-08-10T11:11:25","date_gmt":"2025-08-10T14:11:25","guid":{"rendered":"https:\/\/noticiasribeiraopreto.com.br\/index.php\/2025\/08\/10\/botafogo-visita-o-atletico-go-tribuna-ribeirao\/"},"modified":"2025-08-10T11:11:25","modified_gmt":"2025-08-10T14:11:25","slug":"botafogo-visita-o-atletico-go-tribuna-ribeirao","status":"publish","type":"post","link":"https:\/\/noticiasribeiraopreto.com.br\/index.php\/2025\/08\/10\/botafogo-visita-o-atletico-go-tribuna-ribeirao\/","title":{"rendered":"Botafogo visita o Atl\u00e9tico-GO &#8211; Tribuna Ribeir\u00e3o"},"content":{"rendered":"<div class='code-block code-block-1' style='margin: 8px 0 8px auto; text-align: right; display: block; clear: both;'>\n<p><a href=\"https:\/\/wa.link\/vpicfd\"><img data-recalc-dims=\"1\" class=\"wp-image-4922\" style=\"aspect-ratio: 2.0253164556962027; width: 561px; height: auto;\" src=\"https:\/\/i0.wp.com\/ismaelcolosi.com.br\/wp-content\/uploads\/2023\/11\/grupo-de-empregos-whatsapp-e-facebook-ismael-colosi-vagas.jpg?ssl=1\" alt=\"\" \/><\/a><\/p>\n<!-- \/wp:image -->\n<\/div>\n<p> <br \/>\n<\/p>\n<div>\n<p><em>Pantera vem de vit\u00f3ria e buscar sair novamente da zona de rebaixamento<\/em><\/p>\n<p><strong><em>Por Hugo Luque<\/em><\/strong><\/p>\n<p>O Botafogo visita o Atl\u00e9tico-GO neste domingo (10), \u00e0s 18h30, no Est\u00e1dio Ant\u00f4nio Accioly, pela 21\u00aa rodada da S\u00e9rie B do Campeonato Brasileiro. O Pantera busca fugir mais uma vez da zona de rebaixamento e amenizar o drama na competi\u00e7\u00e3o.<\/p>\n<p>Depois de um duro per\u00edodo sem vit\u00f3rias e com goleada por 5 a 0 sofrida diante do Ava\u00ed, o Tricolor reencontrou o caminho dos triunfos na \u00faltima rodada, em casa, frente ao Am\u00e9rica-MG. O grande destaque do 2 a 1 foi o centroavante L\u00e9o Gamalho, que estreou com a nova camisa com os dois gols botafoguenses na partida e renovou as esperan\u00e7as da torcida.<\/p>\n<p>\u201cPerguntei se preferia iniciar ou entrar no intervalo. Ele me disse que queria jogar de qualquer jeito e que estava com fome, que queria estar em campo e sentia falta disso. Um cara consagrado, com nome consolidado, uma independ\u00eancia muito grande. Ele vem e assume a responsabilidade de imediato, e isso s\u00f3 tem a agregar e s\u00f3 tem a acrescentar a chegada dele. Falei aos jogadores da import\u00e2ncia dele. Vai ser fundamental\u201d, disse o t\u00e9cnico Allan Aal.<\/p>\n<p>Gamalho estava no Mirassol, que faz boa campanha na primeira divis\u00e3o nacional. No entanto, n\u00e3o entrava em campo desde o Campeonato Paulista. Dentro de campo, o veterano atacante n\u00e3o demonstrou falta de ritmo de jogo e muito menos problemas de entrosamento com os novos companheiros.<\/p>\n<p>\u201cParab\u00e9ns para todos n\u00f3s que queremos o melhor para o Botafogo. \u00c9 fundamental. A conversa com ele foi franca. \u00c9 um jogador experiente, que vinha trabalhando muito forte no Mirassol e que n\u00e3o fazia parte da rela\u00e7\u00e3o de algumas partidas, mas vinha treinando normalmente com o grupo, o que facilitou muito. J\u00e1 joguei contra o L\u00e9o v\u00e1rias vezes e acho que est\u00e1 na melhor fase f\u00edsica. N\u00e3o s\u00f3 esteticamente, fino, mas em termos de for\u00e7a e das avalia\u00e7\u00f5es que o Mirassol nos mandou. Conversei com ele, falei que a gente tinha a inten\u00e7\u00e3o de utiliz\u00e1-lo. Ele, para mim, \u00e9 dif\u00edcil de encontrar no futebol\u201d, acrescentou o treinador.<\/p>\n<p><strong>O fantasma do rebaixamento<\/strong><\/p>\n<p>Apesar do resultado positivo, a situa\u00e7\u00e3o do Botafogo na S\u00e9rie B est\u00e1 longe de ser boa. A equipe soma 21 pontos e ainda est\u00e1 na zona de rebaixamento, perto do Atl\u00e9tico, que tem 24 e quer deixar as proximidades da degola para voltar a sonhar com uma briga pelo acesso.<\/p>\n<p>A embolada classifica\u00e7\u00e3o \u00e9 explicada pela oscila\u00e7\u00e3o dos times no equilibrado campeonato. Nas \u00faltimas cinco rodadas, o Pantera venceu uma vez, empatou outra e perdeu tr\u00eas. O Drag\u00e3o, por sua vez, perdeu em duas oportunidades e empatou em tr\u00eas no recorte. O \u00faltimo duelo terminou em 1 a 1 contra o Athletic-MG.<\/p>\n<p>\u201c\u00c9 manter a tranquilidade e passar aos jogadores que, apesar do trope\u00e7o que doeu muito [contra o Ava\u00ed], ainda temos condi\u00e7\u00f5es de fazer uma grande competi\u00e7\u00e3o porque provamos e fizemos grandes jogos contra equipes do G-4 e com pontua\u00e7\u00e3o at\u00e9 o dobro da nossa. Ningu\u00e9m desaprende a jogar futebol da noite para o dia. Foi mais a quest\u00e3o emocional que pesou muito\u201d, opinou Allan Aal.<\/p>\n<p>Embora seja presen\u00e7a constante na S\u00e9rie A, o Atl\u00e9tico \u00e9 dominado pelo Botafogo no confronto direto. Em oito jogos, o Tricolor jamais foi batido pelo rival goianos: tr\u00eas vit\u00f3rias e cinco empates. No primeiro turno da S\u00e9rie B deste ano, o jogo terminou em 1 a 1 em Ribeir\u00e3o Preto \u2013 o conjunto paulista vencia at\u00e9 os acr\u00e9scimos.<\/p>\n<p>Para evitar perder pontos novamente diante dos atleticanos, Allan Aal ter\u00e1 de lidar com a aus\u00eancia de Ericson. O zagueiro sofreu uma les\u00e3o muscular contra o Am\u00e9rica e deve ser desfalque por at\u00e9 um m\u00eas. Por outro lado, a diretoria j\u00e1 acertou com o defensor Villar, do Maring\u00e1, e o atacante Gabriel Barros, emprestado ao Crici\u00fama pelo Internacional.<\/p>\n<p>Gabriel Bispo, que cumpriu suspens\u00e3o na \u00faltima rodada, volta a ficar \u00e0 disposi\u00e7\u00e3o, enquanto Robinho permanece fora com um problema na coxa direita. Assim, uma prov\u00e1vel escala\u00e7\u00e3o tem: Victor Souza; Jeferson, Alisson Cassiano, Carlos Eduardo e Jean Victor; Gabriel Bispo, Alejo Dramisino e Leandro Maciel; Jonathan Cafu, Jefferson Nem e L\u00e9o Gamalho.<\/p>\n<p>\u00a0<\/p>\n<\/div>\n<p><br \/>\n<br \/><a href=\"https:\/\/www.tribunaribeirao.com.br\/botafogo-visita-o-atletico-go\/\">Source link <\/a><\/p>\n<!-- CONTENT END 1 -->\n","protected":false},"excerpt":{"rendered":"<p>Pantera vem de vit\u00f3ria e buscar sair novamente da zona de rebaixamento Por Hugo Luque O Botafogo visita o Atl\u00e9tico-GO neste domingo (10), \u00e0s 18h30,&#8230;<\/p>\n","protected":false},"author":1,"featured_media":75511,"comment_status":"open","ping_status":"open","sticky":false,"template":"","format":"standard","meta":{"advanced_seo_description":"","jetpack_seo_html_title":"","jetpack_seo_noindex":false,"jetpack_post_was_ever_published":false,"_jetpack_newsletter_access":"","_jetpack_dont_email_post_to_subs":false,"_jetpack_newsletter_tier_id":0,"_jetpack_memberships_contains_paywalled_content":false,"_jetpack_memberships_contains_paid_content":false,"footnotes":"","jetpack_publicize_message":"","jetpack_publicize_feature_enabled":true,"jetpack_social_post_already_shared":true,"jetpack_social_options":{"image_generator_settings":{"template":"highway","default_image_id":0,"font":"","enabled":false},"version":2}},"categories":[11],"tags":[],"class_list":["post-75510","post","type-post","status-publish","format-standard","has-post-thumbnail","hentry","category-noticias-de-ribeirao-preto-sp-e-regiao-ismael-colosi"],"jetpack_publicize_connections":[],"jetpack_featured_media_url":"https:\/\/i0.wp.com\/noticiasribeiraopreto.com.br\/wp-content\/uploads\/2025\/08\/1-Botafogo-Foto-01.jpg?fit=799%2C533&ssl=1","jetpack-related-posts":[{"id":85000,"url":"https:\/\/noticiasribeiraopreto.com.br\/index.php\/2026\/04\/19\/botafogo-fica-no-empate-em-confronto-com-o-atletico-go-pela-serie-b-2026\/","url_meta":{"origin":75510,"position":0},"title":"Botafogo fica no empate em confronto com o Atl\u00e9tico-GO pela S\u00e9rie B 2026","author":"noticiasribeiraopreto.com.br","date":"19 de April de 2026","format":false,"excerpt":"Ler o resumo da not\u00edcia Botafogo e Atl\u00e9tico\u2011GO empataram em 1 a 1 na 5\u00aa rodada da S\u00e9rie B 2026, no Est\u00e1dio Santa Cruz\/Arena Nicnet, em Ribeir\u00e3o Preto. Everton Morelli abriu o placar aos 4\u202fmin do 1\u00ba tempo; Gustavo Coutinho empatou aos 23\u202fmin com p\u00eanalti. O Botafogo soma 7 pontos\u2026","rel":"","context":"In &quot;Not\u00edcias de Ribeir\u00e3o Preto-SP e Regi\u00e3o&quot;","block_context":{"text":"Not\u00edcias de Ribeir\u00e3o Preto-SP e Regi\u00e3o","link":"https:\/\/noticiasribeiraopreto.com.br\/index.php\/category\/noticias-de-ribeirao-preto-sp-e-regiao-ismael-colosi\/"},"img":{"alt_text":"","src":"https:\/\/i0.wp.com\/noticiasribeiraopreto.com.br\/wp-content\/uploads\/2026\/04\/Botafogo-atletico-go-1_2026-04-19_20-45-54.webp.webp?fit=1200%2C800&ssl=1&resize=350%2C200","width":350,"height":200,"srcset":"https:\/\/i0.wp.com\/noticiasribeiraopreto.com.br\/wp-content\/uploads\/2026\/04\/Botafogo-atletico-go-1_2026-04-19_20-45-54.webp.webp?fit=1200%2C800&ssl=1&resize=350%2C200 1x, https:\/\/i0.wp.com\/noticiasribeiraopreto.com.br\/wp-content\/uploads\/2026\/04\/Botafogo-atletico-go-1_2026-04-19_20-45-54.webp.webp?fit=1200%2C800&ssl=1&resize=525%2C300 1.5x, https:\/\/i0.wp.com\/noticiasribeiraopreto.com.br\/wp-content\/uploads\/2026\/04\/Botafogo-atletico-go-1_2026-04-19_20-45-54.webp.webp?fit=1200%2C800&ssl=1&resize=700%2C400 2x, https:\/\/i0.wp.com\/noticiasribeiraopreto.com.br\/wp-content\/uploads\/2026\/04\/Botafogo-atletico-go-1_2026-04-19_20-45-54.webp.webp?fit=1200%2C800&ssl=1&resize=1050%2C600 3x"},"classes":[]},{"id":75532,"url":"https:\/\/noticiasribeiraopreto.com.br\/index.php\/2025\/08\/10\/botafogo-perde-para-o-atletico-go-e-segue-na-briga-contra-o-rebaixamento-da-serie-b\/","url_meta":{"origin":75510,"position":1},"title":"Botafogo perde para o Atl\u00e9tico-GO e segue na briga contra o rebaixamento da S\u00e9rie B","author":"noticiasribeiraopreto.com.br","date":"10 de August de 2025","format":false,"excerpt":"O Botafogo foi derrotado por 2 a 0 pelo Atl\u00e9tico-GO na noite deste domingo (10), pela S\u00e9rie B do Campeonato Brasileiro, em jogo realizado no est\u00e1dio Ant\u00f4nio Accioly. Com o resultado, o Pantera permanece na zona de rebaixamento, somando 21 pontos na tabela. Os dois gols da partida foram marcados\u2026","rel":"","context":"In &quot;Not\u00edcias de Ribeir\u00e3o Preto-SP e Regi\u00e3o&quot;","block_context":{"text":"Not\u00edcias de Ribeir\u00e3o Preto-SP e Regi\u00e3o","link":"https:\/\/noticiasribeiraopreto.com.br\/index.php\/category\/noticias-de-ribeirao-preto-sp-e-regiao-ismael-colosi\/"},"img":{"alt_text":"","src":"https:\/\/i0.wp.com\/noticiasribeiraopreto.com.br\/wp-content\/uploads\/2025\/08\/Copia-de-Copia-de-Copia-de-TAMANHO-EXATO-PARA-FOTOS-NO-SISTEMA-NOVO_2025-08-10_23-53-18.webp.webp?fit=1200%2C675&ssl=1&resize=350%2C200","width":350,"height":200,"srcset":"https:\/\/i0.wp.com\/noticiasribeiraopreto.com.br\/wp-content\/uploads\/2025\/08\/Copia-de-Copia-de-Copia-de-TAMANHO-EXATO-PARA-FOTOS-NO-SISTEMA-NOVO_2025-08-10_23-53-18.webp.webp?fit=1200%2C675&ssl=1&resize=350%2C200 1x, https:\/\/i0.wp.com\/noticiasribeiraopreto.com.br\/wp-content\/uploads\/2025\/08\/Copia-de-Copia-de-Copia-de-TAMANHO-EXATO-PARA-FOTOS-NO-SISTEMA-NOVO_2025-08-10_23-53-18.webp.webp?fit=1200%2C675&ssl=1&resize=525%2C300 1.5x, https:\/\/i0.wp.com\/noticiasribeiraopreto.com.br\/wp-content\/uploads\/2025\/08\/Copia-de-Copia-de-Copia-de-TAMANHO-EXATO-PARA-FOTOS-NO-SISTEMA-NOVO_2025-08-10_23-53-18.webp.webp?fit=1200%2C675&ssl=1&resize=700%2C400 2x, https:\/\/i0.wp.com\/noticiasribeiraopreto.com.br\/wp-content\/uploads\/2025\/08\/Copia-de-Copia-de-Copia-de-TAMANHO-EXATO-PARA-FOTOS-NO-SISTEMA-NOVO_2025-08-10_23-53-18.webp.webp?fit=1200%2C675&ssl=1&resize=1050%2C600 3x"},"classes":[]},{"id":71442,"url":"https:\/\/noticiasribeiraopreto.com.br\/index.php\/2025\/06\/05\/na-luta-contra-o-rebaixamento-botafogo-empata-sem-gols-com-o-coritiba\/","url_meta":{"origin":75510,"position":2},"title":"Na luta contra o rebaixamento, Botafogo empata sem gols com o Coritiba","author":"noticiasribeiraopreto.com.br","date":"5 de June de 2025","format":false,"excerpt":"Na abertura da 11\u00aa rodada da S\u00e9rie B do Campeonato Brasileiro, o Botafogo empatou sem gols com o Coritiba na noite desta quinta-feira (5), no Est\u00e1dio Santa Cruz\/Arena Nicnet, em Ribeir\u00e3o Preto. O resultado tirou momentaneamente o Pantera da zona de rebaixamento e impediu que o Coxa se aproximasse do\u2026","rel":"","context":"In &quot;Not\u00edcias de Ribeir\u00e3o Preto-SP e Regi\u00e3o&quot;","block_context":{"text":"Not\u00edcias de Ribeir\u00e3o Preto-SP e Regi\u00e3o","link":"https:\/\/noticiasribeiraopreto.com.br\/index.php\/category\/noticias-de-ribeirao-preto-sp-e-regiao-ismael-colosi\/"},"img":{"alt_text":"","src":"https:\/\/i0.wp.com\/noticiasribeiraopreto.com.br\/wp-content\/uploads\/2025\/06\/Imagem-do-WhatsApp-de-2025-06-05-as-19.02.37_b58cda27_2025-06-05_23-28-55.webp.webp?fit=1200%2C800&ssl=1&resize=350%2C200","width":350,"height":200,"srcset":"https:\/\/i0.wp.com\/noticiasribeiraopreto.com.br\/wp-content\/uploads\/2025\/06\/Imagem-do-WhatsApp-de-2025-06-05-as-19.02.37_b58cda27_2025-06-05_23-28-55.webp.webp?fit=1200%2C800&ssl=1&resize=350%2C200 1x, https:\/\/i0.wp.com\/noticiasribeiraopreto.com.br\/wp-content\/uploads\/2025\/06\/Imagem-do-WhatsApp-de-2025-06-05-as-19.02.37_b58cda27_2025-06-05_23-28-55.webp.webp?fit=1200%2C800&ssl=1&resize=525%2C300 1.5x, https:\/\/i0.wp.com\/noticiasribeiraopreto.com.br\/wp-content\/uploads\/2025\/06\/Imagem-do-WhatsApp-de-2025-06-05-as-19.02.37_b58cda27_2025-06-05_23-28-55.webp.webp?fit=1200%2C800&ssl=1&resize=700%2C400 2x, https:\/\/i0.wp.com\/noticiasribeiraopreto.com.br\/wp-content\/uploads\/2025\/06\/Imagem-do-WhatsApp-de-2025-06-05-as-19.02.37_b58cda27_2025-06-05_23-28-55.webp.webp?fit=1200%2C800&ssl=1&resize=1050%2C600 3x"},"classes":[]},{"id":54774,"url":"https:\/\/noticiasribeiraopreto.com.br\/index.php\/2024\/07\/22\/botafogo-empata-com-o-brusque-e-segue-na-zona-de-rebaixamento-na-serie-b\/","url_meta":{"origin":75510,"position":3},"title":"Botafogo empata com o Brusque e segue na zona de rebaixamento na S\u00e9rie B","author":"noticiasribeiraopreto.com.br","date":"22 de July de 2024","format":false,"excerpt":"O Botafogo empatou em 2 a 2 com o Brusque na noite deste domingo (21), pelo Campeonato Brasileiro da S\u00e9rie B. O confronto foi realizado no est\u00e1dio Santa Cruz\/Arena Nicnet, em Ribeir\u00e3o Preto. O Pantera segue na zona de rebaixamento. Os gols O Botafogo abriu o placar aos 8 minutos\u2026","rel":"","context":"In &quot;Not\u00edcias de Ribeir\u00e3o Preto-SP e Regi\u00e3o&quot;","block_context":{"text":"Not\u00edcias de Ribeir\u00e3o Preto-SP e Regi\u00e3o","link":"https:\/\/noticiasribeiraopreto.com.br\/index.php\/category\/noticias-de-ribeirao-preto-sp-e-regiao-ismael-colosi\/"},"img":{"alt_text":"","src":"https:\/\/i0.wp.com\/noticiasribeiraopreto.com.br\/wp-content\/uploads\/2024\/07\/Botafogo-brusque_2024-07-21_23-16-11_jpeg_2024-07-21_23-16-12.webp.webp?fit=1200%2C800&ssl=1&resize=350%2C200","width":350,"height":200,"srcset":"https:\/\/i0.wp.com\/noticiasribeiraopreto.com.br\/wp-content\/uploads\/2024\/07\/Botafogo-brusque_2024-07-21_23-16-11_jpeg_2024-07-21_23-16-12.webp.webp?fit=1200%2C800&ssl=1&resize=350%2C200 1x, https:\/\/i0.wp.com\/noticiasribeiraopreto.com.br\/wp-content\/uploads\/2024\/07\/Botafogo-brusque_2024-07-21_23-16-11_jpeg_2024-07-21_23-16-12.webp.webp?fit=1200%2C800&ssl=1&resize=525%2C300 1.5x, https:\/\/i0.wp.com\/noticiasribeiraopreto.com.br\/wp-content\/uploads\/2024\/07\/Botafogo-brusque_2024-07-21_23-16-11_jpeg_2024-07-21_23-16-12.webp.webp?fit=1200%2C800&ssl=1&resize=700%2C400 2x, https:\/\/i0.wp.com\/noticiasribeiraopreto.com.br\/wp-content\/uploads\/2024\/07\/Botafogo-brusque_2024-07-21_23-16-11_jpeg_2024-07-21_23-16-12.webp.webp?fit=1200%2C800&ssl=1&resize=1050%2C600 3x"},"classes":[]},{"id":54579,"url":"https:\/\/noticiasribeiraopreto.com.br\/index.php\/2024\/07\/13\/botafogo-perde-para-o-amazonas-em-ribeirao-preto-e-se-aproxima-da-zona-de-rebaixamento\/","url_meta":{"origin":75510,"position":4},"title":"Botafogo perde para o Amazonas em Ribeir\u00e3o Preto e se aproxima da zona de rebaixamento","author":"noticiasribeiraopreto.com.br","date":"13 de July de 2024","format":false,"excerpt":"O Botafogo perdeu por 1 a 0 para o Amazonas, na noite desta sexta-feira (12), pela 15\u00aa rodada do Campeonato Brasileiro S\u00e9rie B. A partida aconteceu no est\u00e1dio Santa Cruz, em Ribeir\u00e3o Preto. \u00a0 O \u00fanico gol da noite foi marcado pelo volante Barros, aos 19 minutos do primeiro tempo.\u2026","rel":"","context":"In &quot;Not\u00edcias de Ribeir\u00e3o Preto-SP e Regi\u00e3o&quot;","block_context":{"text":"Not\u00edcias de Ribeir\u00e3o Preto-SP e Regi\u00e3o","link":"https:\/\/noticiasribeiraopreto.com.br\/index.php\/category\/noticias-de-ribeirao-preto-sp-e-regiao-ismael-colosi\/"},"img":{"alt_text":"","src":"https:\/\/i0.wp.com\/noticiasribeiraopreto.com.br\/wp-content\/uploads\/2024\/07\/WhatsApp-Image-2024-07-12-at-22.52.31_2024-07-13_02-01-19_jpeg_2024-07-13_02-01-19.webp.webp?fit=1200%2C800&ssl=1&resize=350%2C200","width":350,"height":200,"srcset":"https:\/\/i0.wp.com\/noticiasribeiraopreto.com.br\/wp-content\/uploads\/2024\/07\/WhatsApp-Image-2024-07-12-at-22.52.31_2024-07-13_02-01-19_jpeg_2024-07-13_02-01-19.webp.webp?fit=1200%2C800&ssl=1&resize=350%2C200 1x, https:\/\/i0.wp.com\/noticiasribeiraopreto.com.br\/wp-content\/uploads\/2024\/07\/WhatsApp-Image-2024-07-12-at-22.52.31_2024-07-13_02-01-19_jpeg_2024-07-13_02-01-19.webp.webp?fit=1200%2C800&ssl=1&resize=525%2C300 1.5x, https:\/\/i0.wp.com\/noticiasribeiraopreto.com.br\/wp-content\/uploads\/2024\/07\/WhatsApp-Image-2024-07-12-at-22.52.31_2024-07-13_02-01-19_jpeg_2024-07-13_02-01-19.webp.webp?fit=1200%2C800&ssl=1&resize=700%2C400 2x, https:\/\/i0.wp.com\/noticiasribeiraopreto.com.br\/wp-content\/uploads\/2024\/07\/WhatsApp-Image-2024-07-12-at-22.52.31_2024-07-13_02-01-19_jpeg_2024-07-13_02-01-19.webp.webp?fit=1200%2C800&ssl=1&resize=1050%2C600 3x"},"classes":[]},{"id":67408,"url":"https:\/\/noticiasribeiraopreto.com.br\/index.php\/2025\/04\/13\/botafogo-deixa-vitoria-escapar-no-fim-e-empata-com-o-atletico-go-na-serie-b\/","url_meta":{"origin":75510,"position":5},"title":"Botafogo deixa vit\u00f3ria escapar no fim e empata com o Atl\u00e9tico-GO na S\u00e9rie B","author":"noticiasribeiraopreto.com.br","date":"13 de April de 2025","format":false,"excerpt":"O Botafogo empatou em 1 a 1 com o Atl\u00e9tico-GO na noite deste domingo (13), pelo Campeonato Brasileiro da S\u00e9rie B 2025. A partida foi v\u00e1lida pela 2\u00aa rodada da competi\u00e7\u00e3o e aconteceu no est\u00e1dio Santa Cruz, em Ribeir\u00e3o Preto. O gol O Botafogo abriu o placar logo aos 10\u2026","rel":"","context":"In &quot;Not\u00edcias de Ribeir\u00e3o Preto-SP e Regi\u00e3o&quot;","block_context":{"text":"Not\u00edcias de Ribeir\u00e3o Preto-SP e Regi\u00e3o","link":"https:\/\/noticiasribeiraopreto.com.br\/index.php\/category\/noticias-de-ribeirao-preto-sp-e-regiao-ismael-colosi\/"},"img":{"alt_text":"","src":"https:\/\/i0.wp.com\/noticiasribeiraopreto.com.br\/wp-content\/uploads\/2025\/04\/botafogo-x-atletico-go_2025-04-13_23-31-00_jpeg_2025-04-13_23-31-01.webp.webp?fit=1200%2C800&ssl=1&resize=350%2C200","width":350,"height":200,"srcset":"https:\/\/i0.wp.com\/noticiasribeiraopreto.com.br\/wp-content\/uploads\/2025\/04\/botafogo-x-atletico-go_2025-04-13_23-31-00_jpeg_2025-04-13_23-31-01.webp.webp?fit=1200%2C800&ssl=1&resize=350%2C200 1x, https:\/\/i0.wp.com\/noticiasribeiraopreto.com.br\/wp-content\/uploads\/2025\/04\/botafogo-x-atletico-go_2025-04-13_23-31-00_jpeg_2025-04-13_23-31-01.webp.webp?fit=1200%2C800&ssl=1&resize=525%2C300 1.5x, https:\/\/i0.wp.com\/noticiasribeiraopreto.com.br\/wp-content\/uploads\/2025\/04\/botafogo-x-atletico-go_2025-04-13_23-31-00_jpeg_2025-04-13_23-31-01.webp.webp?fit=1200%2C800&ssl=1&resize=700%2C400 2x, https:\/\/i0.wp.com\/noticiasribeiraopreto.com.br\/wp-content\/uploads\/2025\/04\/botafogo-x-atletico-go_2025-04-13_23-31-00_jpeg_2025-04-13_23-31-01.webp.webp?fit=1200%2C800&ssl=1&resize=1050%2C600 3x"},"classes":[]}],"jetpack_sharing_enabled":true,"jetpack_shortlink":"https:\/\/wp.me\/peQAOb-jDU","_links":{"self":[{"href":"https:\/\/noticiasribeiraopreto.com.br\/index.php\/wp-json\/wp\/v2\/posts\/75510","targetHints":{"allow":["GET"]}}],"collection":[{"href":"https:\/\/noticiasribeiraopreto.com.br\/index.php\/wp-json\/wp\/v2\/posts"}],"about":[{"href":"https:\/\/noticiasribeiraopreto.com.br\/index.php\/wp-json\/wp\/v2\/types\/post"}],"author":[{"embeddable":true,"href":"https:\/\/noticiasribeiraopreto.com.br\/index.php\/wp-json\/wp\/v2\/users\/1"}],"replies":[{"embeddable":true,"href":"https:\/\/noticiasribeiraopreto.com.br\/index.php\/wp-json\/wp\/v2\/comments?post=75510"}],"version-history":[{"count":0,"href":"https:\/\/noticiasribeiraopreto.com.br\/index.php\/wp-json\/wp\/v2\/posts\/75510\/revisions"}],"wp:featuredmedia":[{"embeddable":true,"href":"https:\/\/noticiasribeiraopreto.com.br\/index.php\/wp-json\/wp\/v2\/media\/75511"}],"wp:attachment":[{"href":"https:\/\/noticiasribeiraopreto.com.br\/index.php\/wp-json\/wp\/v2\/media?parent=75510"}],"wp:term":[{"taxonomy":"category","embeddable":true,"href":"https:\/\/noticiasribeiraopreto.com.br\/index.php\/wp-json\/wp\/v2\/categories?post=75510"},{"taxonomy":"post_tag","embeddable":true,"href":"https:\/\/noticiasribeiraopreto.com.br\/index.php\/wp-json\/wp\/v2\/tags?post=75510"}],"curies":[{"name":"wp","href":"https:\/\/api.w.org\/{rel}","templated":true}]}}