{"id":75512,"date":"2025-08-10T12:25:07","date_gmt":"2025-08-10T15:25:07","guid":{"rendered":"https:\/\/noticiasribeiraopreto.com.br\/index.php\/2025\/08\/10\/homem-com-bebe-no-colo-agride-cliente-e-ameaca-atendente-com-faca-no-interior-de-sp\/"},"modified":"2025-08-10T12:25:07","modified_gmt":"2025-08-10T15:25:07","slug":"homem-com-bebe-no-colo-agride-cliente-e-ameaca-atendente-com-faca-no-interior-de-sp","status":"publish","type":"post","link":"https:\/\/noticiasribeiraopreto.com.br\/index.php\/2025\/08\/10\/homem-com-bebe-no-colo-agride-cliente-e-ameaca-atendente-com-faca-no-interior-de-sp\/","title":{"rendered":"Homem com beb\u00ea no colo agride cliente e amea\u00e7a atendente com faca no interior de SP"},"content":{"rendered":"<div class='code-block code-block-1' style='margin: 8px 0 8px auto; text-align: right; display: block; clear: both;'>\n<p><a href=\"https:\/\/wa.link\/vpicfd\"><img data-recalc-dims=\"1\" class=\"wp-image-4922\" style=\"aspect-ratio: 2.0253164556962027; width: 561px; height: auto;\" src=\"https:\/\/i0.wp.com\/ismaelcolosi.com.br\/wp-content\/uploads\/2023\/11\/grupo-de-empregos-whatsapp-e-facebook-ismael-colosi-vagas.jpg?ssl=1\" alt=\"\" \/><\/a><\/p>\n<!-- \/wp:image -->\n<\/div>\n<p> <br \/>\n<\/p>\n<div data-td-block-uid=\"tdi_95\">\n<div class=\"tdb-block-inner td-fix-index\">\n<p>Uma confus\u00e3o envolvendo<strong> um homem com um beb\u00ea no colo<\/strong> aconteceu na noite de sexta-feira (8) em uma distribuidora de bebidas em Franca, interior de S\u00e3o Paulo. C\u00e2meras de seguran\u00e7a registraram o momento da briga.<\/p>\n<p>Por volta das 20h21, o<strong> agressor aparece nas imagens passando por tr\u00e1s do caixa<\/strong> enquanto \u00e9 seguido por um homem de blusa azul. Com o <strong>beb\u00ea no colo<\/strong>, o agressor para no meio do corredor, fala com o outro e desfere um soco em seu rosto. O homem de blusa azul n\u00e3o reagiu e sofreu outras seis tentativas de agress\u00e3o.<\/p>\n<div class=\"wp-block-image\">\n<figure class=\"aligncenter size-large is-resized\"><img data-recalc-dims=\"1\" fetchpriority=\"high\" decoding=\"async\" width=\"1024\" height=\"576\" src=\"https:\/\/i0.wp.com\/cdn.media-acidadeon.com.br\/ribeiraopreto\/wp-content\/uploads\/sites\/3\/2025\/08\/Copia-de-Copia-de-Copia-de-TAMANHO-EXATO-PARA-FOTOS-NO-SISTEMA-NOVO-2025-08-10T111109.038_2025-08-10_14-11-30-1024x576.webp?resize=1024%2C576&#038;ssl=1\" alt=\"\" class=\"wp-image-125305\" style=\"width:700px;height:auto\" srcset=\"https:\/\/cdn.media-acidadeon.com.br\/ribeiraopreto\/wp-content\/uploads\/sites\/3\/2025\/08\/Copia-de-Copia-de-Copia-de-TAMANHO-EXATO-PARA-FOTOS-NO-SISTEMA-NOVO-2025-08-10T111109.038_2025-08-10_14-11-30-1024x576.webp 1024w, https:\/\/cdn.media-acidadeon.com.br\/ribeiraopreto\/wp-content\/uploads\/sites\/3\/2025\/08\/Copia-de-Copia-de-Copia-de-TAMANHO-EXATO-PARA-FOTOS-NO-SISTEMA-NOVO-2025-08-10T111109.038_2025-08-10_14-11-30-300x169.webp 300w, https:\/\/cdn.media-acidadeon.com.br\/ribeiraopreto\/wp-content\/uploads\/sites\/3\/2025\/08\/Copia-de-Copia-de-Copia-de-TAMANHO-EXATO-PARA-FOTOS-NO-SISTEMA-NOVO-2025-08-10T111109.038_2025-08-10_14-11-30-768x432.webp 768w, https:\/\/cdn.media-acidadeon.com.br\/ribeiraopreto\/wp-content\/uploads\/sites\/3\/2025\/08\/Copia-de-Copia-de-Copia-de-TAMANHO-EXATO-PARA-FOTOS-NO-SISTEMA-NOVO-2025-08-10T111109.038_2025-08-10_14-11-30-696x392.webp 696w, https:\/\/cdn.media-acidadeon.com.br\/ribeiraopreto\/wp-content\/uploads\/sites\/3\/2025\/08\/Copia-de-Copia-de-Copia-de-TAMANHO-EXATO-PARA-FOTOS-NO-SISTEMA-NOVO-2025-08-10T111109.038_2025-08-10_14-11-30-1068x601.webp 1068w, https:\/\/cdn.media-acidadeon.com.br\/ribeiraopreto\/wp-content\/uploads\/sites\/3\/2025\/08\/Copia-de-Copia-de-Copia-de-TAMANHO-EXATO-PARA-FOTOS-NO-SISTEMA-NOVO-2025-08-10T111109.038_2025-08-10_14-11-30.webp 1200w\" sizes=\"(max-width: 1024px) 100vw, 1024px\"\/><figcaption class=\"wp-element-caption\">C\u00e2meras de seguran\u00e7a<\/figcaption><\/figure>\n<\/div>\n<p>Um funcion\u00e1rio do estabelecimento tentou intervir e separar a briga, conduzindo os envolvidos para fora da loja. Do lado de fora, a confus\u00e3o continuou. O agressor, <strong>ainda com o beb\u00ea no colo<\/strong>, atacou um terceiro homem que tentou conter a situa\u00e7\u00e3o.<\/p>\n<div class=\"wp-block-image\">\n<figure class=\"aligncenter size-large is-resized\"><img data-recalc-dims=\"1\" loading=\"lazy\" decoding=\"async\" width=\"1024\" height=\"576\" src=\"https:\/\/i0.wp.com\/cdn.media-acidadeon.com.br\/ribeiraopreto\/wp-content\/uploads\/sites\/3\/2025\/08\/Copia-de-Copia-de-Copia-de-TAMANHO-EXATO-PARA-FOTOS-NO-SISTEMA-NOVO-2025-08-10T111348.953_2025-08-10_14-14-05-1024x576.webp?resize=1024%2C576&#038;ssl=1\" alt=\"\" class=\"wp-image-125306\" style=\"width:727px;height:auto\" srcset=\"https:\/\/cdn.media-acidadeon.com.br\/ribeiraopreto\/wp-content\/uploads\/sites\/3\/2025\/08\/Copia-de-Copia-de-Copia-de-TAMANHO-EXATO-PARA-FOTOS-NO-SISTEMA-NOVO-2025-08-10T111348.953_2025-08-10_14-14-05-1024x576.webp 1024w, https:\/\/cdn.media-acidadeon.com.br\/ribeiraopreto\/wp-content\/uploads\/sites\/3\/2025\/08\/Copia-de-Copia-de-Copia-de-TAMANHO-EXATO-PARA-FOTOS-NO-SISTEMA-NOVO-2025-08-10T111348.953_2025-08-10_14-14-05-300x169.webp 300w, https:\/\/cdn.media-acidadeon.com.br\/ribeiraopreto\/wp-content\/uploads\/sites\/3\/2025\/08\/Copia-de-Copia-de-Copia-de-TAMANHO-EXATO-PARA-FOTOS-NO-SISTEMA-NOVO-2025-08-10T111348.953_2025-08-10_14-14-05-768x432.webp 768w, https:\/\/cdn.media-acidadeon.com.br\/ribeiraopreto\/wp-content\/uploads\/sites\/3\/2025\/08\/Copia-de-Copia-de-Copia-de-TAMANHO-EXATO-PARA-FOTOS-NO-SISTEMA-NOVO-2025-08-10T111348.953_2025-08-10_14-14-05-696x392.webp 696w, https:\/\/cdn.media-acidadeon.com.br\/ribeiraopreto\/wp-content\/uploads\/sites\/3\/2025\/08\/Copia-de-Copia-de-Copia-de-TAMANHO-EXATO-PARA-FOTOS-NO-SISTEMA-NOVO-2025-08-10T111348.953_2025-08-10_14-14-05-1068x601.webp 1068w, https:\/\/cdn.media-acidadeon.com.br\/ribeiraopreto\/wp-content\/uploads\/sites\/3\/2025\/08\/Copia-de-Copia-de-Copia-de-TAMANHO-EXATO-PARA-FOTOS-NO-SISTEMA-NOVO-2025-08-10T111348.953_2025-08-10_14-14-05.webp 1200w\" sizes=\"auto, (max-width: 1024px) 100vw, 1024px\"\/><figcaption class=\"wp-element-caption\">C\u00e2mera de seguran\u00e7a<\/figcaption><\/figure>\n<\/div>\n<p>Por volta das 20h30, um homem com bon\u00e9 branco e blusa preta entrou na distribuidora fugindo do agressor. Neste momento, o<strong> homem armado com faca tamb\u00e9m retornou ao estabelecimento<\/strong>, amea\u00e7ando o atendente do caixa. O funcion\u00e1rio tentou argumentar para que o agressor deixasse o local.<\/p>\n<div class=\"wp-block-image\">\n<figure class=\"aligncenter size-large is-resized\"><img data-recalc-dims=\"1\" loading=\"lazy\" decoding=\"async\" width=\"1024\" height=\"576\" src=\"https:\/\/i0.wp.com\/cdn.media-acidadeon.com.br\/ribeiraopreto\/wp-content\/uploads\/sites\/3\/2025\/08\/Copia-de-Copia-de-Copia-de-TAMANHO-EXATO-PARA-FOTOS-NO-SISTEMA-NOVO-2025-08-10T111841.341_2025-08-10_14-19-00-1024x576.webp?resize=1024%2C576&#038;ssl=1\" alt=\"\" class=\"wp-image-125307\" style=\"width:642px;height:auto\" srcset=\"https:\/\/cdn.media-acidadeon.com.br\/ribeiraopreto\/wp-content\/uploads\/sites\/3\/2025\/08\/Copia-de-Copia-de-Copia-de-TAMANHO-EXATO-PARA-FOTOS-NO-SISTEMA-NOVO-2025-08-10T111841.341_2025-08-10_14-19-00-1024x576.webp 1024w, https:\/\/cdn.media-acidadeon.com.br\/ribeiraopreto\/wp-content\/uploads\/sites\/3\/2025\/08\/Copia-de-Copia-de-Copia-de-TAMANHO-EXATO-PARA-FOTOS-NO-SISTEMA-NOVO-2025-08-10T111841.341_2025-08-10_14-19-00-300x169.webp 300w, https:\/\/cdn.media-acidadeon.com.br\/ribeiraopreto\/wp-content\/uploads\/sites\/3\/2025\/08\/Copia-de-Copia-de-Copia-de-TAMANHO-EXATO-PARA-FOTOS-NO-SISTEMA-NOVO-2025-08-10T111841.341_2025-08-10_14-19-00-768x432.webp 768w, https:\/\/cdn.media-acidadeon.com.br\/ribeiraopreto\/wp-content\/uploads\/sites\/3\/2025\/08\/Copia-de-Copia-de-Copia-de-TAMANHO-EXATO-PARA-FOTOS-NO-SISTEMA-NOVO-2025-08-10T111841.341_2025-08-10_14-19-00-696x392.webp 696w, https:\/\/cdn.media-acidadeon.com.br\/ribeiraopreto\/wp-content\/uploads\/sites\/3\/2025\/08\/Copia-de-Copia-de-Copia-de-TAMANHO-EXATO-PARA-FOTOS-NO-SISTEMA-NOVO-2025-08-10T111841.341_2025-08-10_14-19-00-1068x601.webp 1068w, https:\/\/cdn.media-acidadeon.com.br\/ribeiraopreto\/wp-content\/uploads\/sites\/3\/2025\/08\/Copia-de-Copia-de-Copia-de-TAMANHO-EXATO-PARA-FOTOS-NO-SISTEMA-NOVO-2025-08-10T111841.341_2025-08-10_14-19-00.webp 1200w\" sizes=\"auto, (max-width: 1024px) 100vw, 1024px\"\/><figcaption class=\"wp-element-caption\">C\u00e2mera de seguran\u00e7a<\/figcaption><\/figure>\n<\/div>\n<p>Nenhum dos envolvidos foi identificado at\u00e9 o momento. A reportagem do<em> acidade on<\/em> tentou contato com a <strong>Secretaria de Seguran\u00e7a P\u00fablica do Estado<\/strong>, mas n\u00e3o houve retorno at\u00e9 o momento. <\/p>\n<hr class=\"wp-block-separator has-alpha-channel-opacity\"\/>\n<p>SAIBA MAIS<br \/>Entenda acordo entre Sesc e Prefeitura de Ribeir\u00e3o sobre antiga sede da Recra<\/p>\n<h2 class=\"wp-block-heading\"><strong>FIQUE ON<\/strong><\/h2>\n<p>Fique ligado em tudo que acontece em Ribeir\u00e3o Preto e regi\u00e3o. Siga os perfis do<strong> acidade on <\/strong>no <a href=\"https:\/\/www.instagram.com\/acidadeonribeirao\" data-type=\"link\" data-id=\"https:\/\/www.instagram.com\/acidadeonribeirao\" target=\"_blank\" rel=\"noopener\">Instagram<\/a> e no <a href=\"https:\/\/www.facebook.com\/acidadeonribeirao\/\" data-type=\"link\" data-id=\"https:\/\/www.facebook.com\/acidadeonribeirao\/\" target=\"_blank\" rel=\"noopener\">Facebook<\/a>.<\/p>\n<p>Receba not\u00edcias do <strong>acidade on<\/strong> no WhatsApp.<a href=\"https:\/\/chat.whatsapp.com\/I4nieTEMKlf50pJ28aMemC?mode=ac_t\" data-type=\"link\" data-id=\"https:\/\/chat.whatsapp.com\/I4nieTEMKlf50pJ28aMemC?mode=ac_t\" target=\"_blank\" rel=\"noopener\"> Para entrar no grupo, basta clicar aqui.<\/a><\/p>\n<p>Fa\u00e7a uma den\u00fancia ou sugira uma reportagem sobre Ribeir\u00e3o Preto e regi\u00e3o pelo WhatsApp: 16 99117 7802.<\/p>\n<p>VEJA TAMB\u00c9M<br \/>Voc\u00ea conhece os principais benef\u00edcios do abacate para a sa\u00fade?<\/p>\n<p><!-- AI CONTENT END 1 -->\n<\/div>\n<\/div>\n<p><script async src=\"\/\/www.instagram.com\/embed.js\"><\/script><br \/>\n<br \/><br \/>\n<br \/><a href=\"https:\/\/www.acidadeon.com\/ribeiraopreto\/cotidiano\/homem-com-bebeno-colo-agride-cliente-e-ameaca-atendente-com-faca-no-interior-de-sp\/\">Source link <\/a><\/p>\n<!-- CONTENT END 1 -->\n","protected":false},"excerpt":{"rendered":"<p>Uma confus\u00e3o envolvendo um homem com um beb\u00ea no colo aconteceu na noite de sexta-feira (8) em uma distribuidora de bebidas em Franca, interior de&#8230;<\/p>\n","protected":false},"author":1,"featured_media":75513,"comment_status":"open","ping_status":"open","sticky":false,"template":"","format":"standard","meta":{"advanced_seo_description":"","jetpack_seo_html_title":"","jetpack_seo_noindex":false,"jetpack_post_was_ever_published":false,"_jetpack_newsletter_access":"","_jetpack_dont_email_post_to_subs":false,"_jetpack_newsletter_tier_id":0,"_jetpack_memberships_contains_paywalled_content":false,"_jetpack_memberships_contains_paid_content":false,"footnotes":"","jetpack_publicize_message":"","jetpack_publicize_feature_enabled":true,"jetpack_social_post_already_shared":true,"jetpack_social_options":{"image_generator_settings":{"template":"highway","default_image_id":0,"font":"","enabled":false},"version":2}},"categories":[11],"tags":[],"class_list":["post-75512","post","type-post","status-publish","format-standard","has-post-thumbnail","hentry","category-noticias-de-ribeirao-preto-sp-e-regiao-ismael-colosi"],"jetpack_publicize_connections":[],"jetpack_featured_media_url":"https:\/\/i0.wp.com\/noticiasribeiraopreto.com.br\/wp-content\/uploads\/2025\/08\/Copia-de-Copia-de-Copia-de-TAMANHO-EXATO-PARA-FOTOS-NO-SISTEMA-NOVO-2025-08-10T112119.859_2025-08-10_14-21-31.webp.webp?fit=1200%2C675&ssl=1","jetpack-related-posts":[{"id":9200,"url":"https:\/\/noticiasribeiraopreto.com.br\/index.php\/2023\/12\/01\/apos-cair-com-recem-nascido-no-colo-homem-parte-para-cima-da-enteada-de-7-anos-com-chutes-no-meio-da-rua-em-mg-e-imagens-sao-revoltantes\/","url_meta":{"origin":75512,"position":0},"title":"Ap\u00f3s cair com rec\u00e9m-nascido no colo, homem parte para cima da enteada de 7 anos com chutes no meio da rua em MG e imagens s\u00e3o revoltantes","author":"noticiasribeiraopreto.com.br","date":"1 de December de 2023","format":false,"excerpt":"Um v\u00eddeo que est\u00e1 circulando nas redes sociais mostra o momento que um homem agride a pr\u00f3pria enteada, de apenas 7 anos de idade, no meio da rua. O homem foi identificado pelo nome de Altieres Rodrigues, de 38 anos de idade. O caso aconteceu na regi\u00e3o de Itapagipe, em\u2026","rel":"","context":"In &quot;Blog&quot;","block_context":{"text":"Blog","link":"https:\/\/noticiasribeiraopreto.com.br\/index.php\/category\/blog\/"},"img":{"alt_text":"","src":"https:\/\/i0.wp.com\/noticiasribeiraopreto.com.br\/wp-content\/uploads\/2023\/12\/postimg-656a19682e87d1860.jpg?fit=1200%2C628&ssl=1&resize=350%2C200","width":350,"height":200,"srcset":"https:\/\/i0.wp.com\/noticiasribeiraopreto.com.br\/wp-content\/uploads\/2023\/12\/postimg-656a19682e87d1860.jpg?fit=1200%2C628&ssl=1&resize=350%2C200 1x, https:\/\/i0.wp.com\/noticiasribeiraopreto.com.br\/wp-content\/uploads\/2023\/12\/postimg-656a19682e87d1860.jpg?fit=1200%2C628&ssl=1&resize=525%2C300 1.5x, https:\/\/i0.wp.com\/noticiasribeiraopreto.com.br\/wp-content\/uploads\/2023\/12\/postimg-656a19682e87d1860.jpg?fit=1200%2C628&ssl=1&resize=700%2C400 2x, https:\/\/i0.wp.com\/noticiasribeiraopreto.com.br\/wp-content\/uploads\/2023\/12\/postimg-656a19682e87d1860.jpg?fit=1200%2C628&ssl=1&resize=1050%2C600 3x"},"classes":[]},{"id":36508,"url":"https:\/\/noticiasribeiraopreto.com.br\/index.php\/2024\/02\/09\/mulher-com-bebe-no-colo-e-assaltada-em-ribeirao-preto-veja-o-video\/","url_meta":{"origin":75512,"position":1},"title":"Mulher com beb\u00ea no colo \u00e9 assaltada em Ribeir\u00e3o Preto; Veja o v\u00eddeo","author":"noticiasribeiraopreto.com.br","date":"9 de February de 2024","format":false,"excerpt":"C\u00e2meras de seguran\u00e7a flagraram o momento em que uma mulher com um beb\u00ea no colo foi assaltada, na tarde desta sexta-feira (9), em Ribeir\u00e3o Preto \u2013 veja o v\u00eddeo abaixo. O caso aconteceu na rua Epit\u00e1cio Pessoa, no bairro Vila Tib\u00e9rio, zona Oeste do munic\u00edpio. De acordo com as imagens\u2026","rel":"","context":"In &quot;Not\u00edcias de Ribeir\u00e3o Preto-SP e Regi\u00e3o&quot;","block_context":{"text":"Not\u00edcias de Ribeir\u00e3o Preto-SP e Regi\u00e3o","link":"https:\/\/noticiasribeiraopreto.com.br\/index.php\/category\/noticias-de-ribeirao-preto-sp-e-regiao-ismael-colosi\/"},"img":{"alt_text":"","src":"https:\/\/i0.wp.com\/noticiasribeiraopreto.com.br\/wp-content\/uploads\/2024\/02\/1707529833_a116a0e8-8913-47de-8c0f-52f3062a769f.jpg?fit=750%2C615&ssl=1&resize=350%2C200","width":350,"height":200,"srcset":"https:\/\/i0.wp.com\/noticiasribeiraopreto.com.br\/wp-content\/uploads\/2024\/02\/1707529833_a116a0e8-8913-47de-8c0f-52f3062a769f.jpg?fit=750%2C615&ssl=1&resize=350%2C200 1x, https:\/\/i0.wp.com\/noticiasribeiraopreto.com.br\/wp-content\/uploads\/2024\/02\/1707529833_a116a0e8-8913-47de-8c0f-52f3062a769f.jpg?fit=750%2C615&ssl=1&resize=525%2C300 1.5x, https:\/\/i0.wp.com\/noticiasribeiraopreto.com.br\/wp-content\/uploads\/2024\/02\/1707529833_a116a0e8-8913-47de-8c0f-52f3062a769f.jpg?fit=750%2C615&ssl=1&resize=700%2C400 2x"},"classes":[]},{"id":36500,"url":"https:\/\/noticiasribeiraopreto.com.br\/index.php\/2024\/02\/09\/mulher-com-bebe-de-11-meses-no-colo-e-assaltada-em-ribeirao-preto-veja-o-video\/","url_meta":{"origin":75512,"position":2},"title":"Mulher com beb\u00ea de 11 meses no colo \u00e9 assaltada em Ribeir\u00e3o Preto; Veja o v\u00eddeo","author":"noticiasribeiraopreto.com.br","date":"9 de February de 2024","format":false,"excerpt":"C\u00e2meras de seguran\u00e7a flagraram o momento em que uma mulher com um beb\u00ea no colo foi assaltada, na tarde desta sexta-feira (9), em Ribeir\u00e3o Preto \u2013 veja o v\u00eddeo abaixo. O caso aconteceu na rua Epit\u00e1cio Pessoa, no bairro Vila Tib\u00e9rio, zona Oeste do munic\u00edpio. De acordo com as imagens\u2026","rel":"","context":"In &quot;Not\u00edcias de Ribeir\u00e3o Preto-SP e Regi\u00e3o&quot;","block_context":{"text":"Not\u00edcias de Ribeir\u00e3o Preto-SP e Regi\u00e3o","link":"https:\/\/noticiasribeiraopreto.com.br\/index.php\/category\/noticias-de-ribeirao-preto-sp-e-regiao-ismael-colosi\/"},"img":{"alt_text":"","src":"https:\/\/i0.wp.com\/noticiasribeiraopreto.com.br\/wp-content\/uploads\/2024\/02\/a116a0e8-8913-47de-8c0f-52f3062a769f.jpg?fit=750%2C615&ssl=1&resize=350%2C200","width":350,"height":200,"srcset":"https:\/\/i0.wp.com\/noticiasribeiraopreto.com.br\/wp-content\/uploads\/2024\/02\/a116a0e8-8913-47de-8c0f-52f3062a769f.jpg?fit=750%2C615&ssl=1&resize=350%2C200 1x, https:\/\/i0.wp.com\/noticiasribeiraopreto.com.br\/wp-content\/uploads\/2024\/02\/a116a0e8-8913-47de-8c0f-52f3062a769f.jpg?fit=750%2C615&ssl=1&resize=525%2C300 1.5x, https:\/\/i0.wp.com\/noticiasribeiraopreto.com.br\/wp-content\/uploads\/2024\/02\/a116a0e8-8913-47de-8c0f-52f3062a769f.jpg?fit=750%2C615&ssl=1&resize=700%2C400 2x"},"classes":[]},{"id":74630,"url":"https:\/\/noticiasribeiraopreto.com.br\/index.php\/2025\/07\/25\/discussao-por-bebida-de-r-3-termina-com-homem-em-estado-grave-no-interior-de-sp\/","url_meta":{"origin":75512,"position":3},"title":"Discuss\u00e3o por bebida de R$ 3 termina com homem em estado grave no interior de SP","author":"noticiasribeiraopreto.com.br","date":"25 de July de 2025","format":false,"excerpt":"Um homem de 44 anos foi internado em estado grave na tarde desta sexta-feira (25) ap\u00f3s sofrer uma agress\u00e3o em Franca, no interior de S\u00e3o Paulo. A suspeita da Pol\u00edcia Civil \u00e9 de que a briga tenha come\u00e7ado por causa de um corote, bebida alco\u00f3lica vendida por R$ 3. O\u2026","rel":"","context":"In &quot;Not\u00edcias de Ribeir\u00e3o Preto-SP e Regi\u00e3o&quot;","block_context":{"text":"Not\u00edcias de Ribeir\u00e3o Preto-SP e Regi\u00e3o","link":"https:\/\/noticiasribeiraopreto.com.br\/index.php\/category\/noticias-de-ribeirao-preto-sp-e-regiao-ismael-colosi\/"},"img":{"alt_text":"","src":"https:\/\/i0.wp.com\/noticiasribeiraopreto.com.br\/wp-content\/uploads\/2025\/07\/Copia-de-Copia-de-Copia-de-TAMANHO-EXATO-PARA-FOTOS-NO-SISTEMA-NOVO-2025-07-25T193113.797_2025-07-25_22-31-20.webp.webp?fit=1200%2C675&ssl=1&resize=350%2C200","width":350,"height":200,"srcset":"https:\/\/i0.wp.com\/noticiasribeiraopreto.com.br\/wp-content\/uploads\/2025\/07\/Copia-de-Copia-de-Copia-de-TAMANHO-EXATO-PARA-FOTOS-NO-SISTEMA-NOVO-2025-07-25T193113.797_2025-07-25_22-31-20.webp.webp?fit=1200%2C675&ssl=1&resize=350%2C200 1x, https:\/\/i0.wp.com\/noticiasribeiraopreto.com.br\/wp-content\/uploads\/2025\/07\/Copia-de-Copia-de-Copia-de-TAMANHO-EXATO-PARA-FOTOS-NO-SISTEMA-NOVO-2025-07-25T193113.797_2025-07-25_22-31-20.webp.webp?fit=1200%2C675&ssl=1&resize=525%2C300 1.5x, https:\/\/i0.wp.com\/noticiasribeiraopreto.com.br\/wp-content\/uploads\/2025\/07\/Copia-de-Copia-de-Copia-de-TAMANHO-EXATO-PARA-FOTOS-NO-SISTEMA-NOVO-2025-07-25T193113.797_2025-07-25_22-31-20.webp.webp?fit=1200%2C675&ssl=1&resize=700%2C400 2x, https:\/\/i0.wp.com\/noticiasribeiraopreto.com.br\/wp-content\/uploads\/2025\/07\/Copia-de-Copia-de-Copia-de-TAMANHO-EXATO-PARA-FOTOS-NO-SISTEMA-NOVO-2025-07-25T193113.797_2025-07-25_22-31-20.webp.webp?fit=1200%2C675&ssl=1&resize=1050%2C600 3x"},"classes":[]},{"id":67383,"url":"https:\/\/noticiasribeiraopreto.com.br\/index.php\/2025\/04\/13\/bebe-morre-atropelado-em-calcada-de-casa-no-interior-de-sp\/","url_meta":{"origin":75512,"position":4},"title":"Beb\u00ea morre atropelado em cal\u00e7ada de casa no interior de SP","author":"noticiasribeiraopreto.com.br","date":"13 de April de 2025","format":false,"excerpt":"Um\u00a0beb\u00ea de 1 ano e 5 meses morreu ap\u00f3s ser atropelado\u00a0na noite deste s\u00e1bado (12), enquanto brincava na cal\u00e7ada de casa, em\u00a0Rinc\u00e3o, cidade do interior de S\u00e3o Paulo, na regi\u00e3o de S\u00e3o Carlos. O ve\u00edculo era conduzido por uma adolescente de 16 anos. Segundo o\u00a0boletim de ocorr\u00eancia (BO), Rhavy Gabriel\u2026","rel":"","context":"In &quot;Not\u00edcias de Ribeir\u00e3o Preto-SP e Regi\u00e3o&quot;","block_context":{"text":"Not\u00edcias de Ribeir\u00e3o Preto-SP e Regi\u00e3o","link":"https:\/\/noticiasribeiraopreto.com.br\/index.php\/category\/noticias-de-ribeirao-preto-sp-e-regiao-ismael-colosi\/"},"img":{"alt_text":"","src":"https:\/\/i0.wp.com\/noticiasribeiraopreto.com.br\/wp-content\/uploads\/2025\/04\/WhatsApp-Image-2025-04-13-at-12.45.28_2025-04-13_15-47-08_jpeg_2025-04-13_15-47-09.webp.webp?fit=811%2C365&ssl=1&resize=350%2C200","width":350,"height":200,"srcset":"https:\/\/i0.wp.com\/noticiasribeiraopreto.com.br\/wp-content\/uploads\/2025\/04\/WhatsApp-Image-2025-04-13-at-12.45.28_2025-04-13_15-47-08_jpeg_2025-04-13_15-47-09.webp.webp?fit=811%2C365&ssl=1&resize=350%2C200 1x, https:\/\/i0.wp.com\/noticiasribeiraopreto.com.br\/wp-content\/uploads\/2025\/04\/WhatsApp-Image-2025-04-13-at-12.45.28_2025-04-13_15-47-08_jpeg_2025-04-13_15-47-09.webp.webp?fit=811%2C365&ssl=1&resize=525%2C300 1.5x, https:\/\/i0.wp.com\/noticiasribeiraopreto.com.br\/wp-content\/uploads\/2025\/04\/WhatsApp-Image-2025-04-13-at-12.45.28_2025-04-13_15-47-08_jpeg_2025-04-13_15-47-09.webp.webp?fit=811%2C365&ssl=1&resize=700%2C400 2x"},"classes":[]},{"id":49828,"url":"https:\/\/noticiasribeiraopreto.com.br\/index.php\/2024\/05\/13\/mulher-e-assaltada-com-bebe-de-seis-meses-dentro-de-carro-em-ribeirao-preto-veja-video\/","url_meta":{"origin":75512,"position":5},"title":"Mulher \u00e9 assaltada com beb\u00ea de seis meses dentro de carro em Ribeir\u00e3o Preto; Veja v\u00eddeo","author":"noticiasribeiraopreto.com.br","date":"13 de May de 2024","format":false,"excerpt":"Uma mulher com um beb\u00ea de seis meses foi assaltada na sexta-feira (10), na rua Bar\u00e3o de Mau\u00e1, pr\u00f3ximo ao cruzamento com a avenida Monteiro Lobato, no Jardim Piratininga, em Ribeir\u00e3o Preto. A v\u00edtima estava estacionando o ve\u00edculo e conta que foi abordada por um homem armado que estava em\u2026","rel":"","context":"In &quot;Not\u00edcias de Ribeir\u00e3o Preto-SP e Regi\u00e3o&quot;","block_context":{"text":"Not\u00edcias de Ribeir\u00e3o Preto-SP e Regi\u00e3o","link":"https:\/\/noticiasribeiraopreto.com.br\/index.php\/category\/noticias-de-ribeirao-preto-sp-e-regiao-ismael-colosi\/"},"img":{"alt_text":"","src":"https:\/\/i0.wp.com\/noticiasribeiraopreto.com.br\/wp-content\/uploads\/2024\/05\/Copia-de-Copia-de-TAMANHO-EXATO-PARA-FOTOS-NO-SISTEMA-NOVO-36_2024-05-13_18-08-58_png_2024-05-13_18-08-58.webp.webp?fit=1200%2C675&ssl=1&resize=350%2C200","width":350,"height":200,"srcset":"https:\/\/i0.wp.com\/noticiasribeiraopreto.com.br\/wp-content\/uploads\/2024\/05\/Copia-de-Copia-de-TAMANHO-EXATO-PARA-FOTOS-NO-SISTEMA-NOVO-36_2024-05-13_18-08-58_png_2024-05-13_18-08-58.webp.webp?fit=1200%2C675&ssl=1&resize=350%2C200 1x, https:\/\/i0.wp.com\/noticiasribeiraopreto.com.br\/wp-content\/uploads\/2024\/05\/Copia-de-Copia-de-TAMANHO-EXATO-PARA-FOTOS-NO-SISTEMA-NOVO-36_2024-05-13_18-08-58_png_2024-05-13_18-08-58.webp.webp?fit=1200%2C675&ssl=1&resize=525%2C300 1.5x, https:\/\/i0.wp.com\/noticiasribeiraopreto.com.br\/wp-content\/uploads\/2024\/05\/Copia-de-Copia-de-TAMANHO-EXATO-PARA-FOTOS-NO-SISTEMA-NOVO-36_2024-05-13_18-08-58_png_2024-05-13_18-08-58.webp.webp?fit=1200%2C675&ssl=1&resize=700%2C400 2x, https:\/\/i0.wp.com\/noticiasribeiraopreto.com.br\/wp-content\/uploads\/2024\/05\/Copia-de-Copia-de-TAMANHO-EXATO-PARA-FOTOS-NO-SISTEMA-NOVO-36_2024-05-13_18-08-58_png_2024-05-13_18-08-58.webp.webp?fit=1200%2C675&ssl=1&resize=1050%2C600 3x"},"classes":[]}],"jetpack_sharing_enabled":true,"jetpack_shortlink":"https:\/\/wp.me\/peQAOb-jDW","_links":{"self":[{"href":"https:\/\/noticiasribeiraopreto.com.br\/index.php\/wp-json\/wp\/v2\/posts\/75512","targetHints":{"allow":["GET"]}}],"collection":[{"href":"https:\/\/noticiasribeiraopreto.com.br\/index.php\/wp-json\/wp\/v2\/posts"}],"about":[{"href":"https:\/\/noticiasribeiraopreto.com.br\/index.php\/wp-json\/wp\/v2\/types\/post"}],"author":[{"embeddable":true,"href":"https:\/\/noticiasribeiraopreto.com.br\/index.php\/wp-json\/wp\/v2\/users\/1"}],"replies":[{"embeddable":true,"href":"https:\/\/noticiasribeiraopreto.com.br\/index.php\/wp-json\/wp\/v2\/comments?post=75512"}],"version-history":[{"count":0,"href":"https:\/\/noticiasribeiraopreto.com.br\/index.php\/wp-json\/wp\/v2\/posts\/75512\/revisions"}],"wp:featuredmedia":[{"embeddable":true,"href":"https:\/\/noticiasribeiraopreto.com.br\/index.php\/wp-json\/wp\/v2\/media\/75513"}],"wp:attachment":[{"href":"https:\/\/noticiasribeiraopreto.com.br\/index.php\/wp-json\/wp\/v2\/media?parent=75512"}],"wp:term":[{"taxonomy":"category","embeddable":true,"href":"https:\/\/noticiasribeiraopreto.com.br\/index.php\/wp-json\/wp\/v2\/categories?post=75512"},{"taxonomy":"post_tag","embeddable":true,"href":"https:\/\/noticiasribeiraopreto.com.br\/index.php\/wp-json\/wp\/v2\/tags?post=75512"}],"curies":[{"name":"wp","href":"https:\/\/api.w.org\/{rel}","templated":true}]}}