{"id":75514,"date":"2025-08-10T12:32:03","date_gmt":"2025-08-10T15:32:03","guid":{"rendered":"https:\/\/noticiasribeiraopreto.com.br\/index.php\/2025\/08\/10\/por-que-o-dia-dos-pais-e-celebrado-no-segundo-domingo-de-agosto-entenda-a-data\/"},"modified":"2025-08-10T12:32:03","modified_gmt":"2025-08-10T15:32:03","slug":"por-que-o-dia-dos-pais-e-celebrado-no-segundo-domingo-de-agosto-entenda-a-data","status":"publish","type":"post","link":"https:\/\/noticiasribeiraopreto.com.br\/index.php\/2025\/08\/10\/por-que-o-dia-dos-pais-e-celebrado-no-segundo-domingo-de-agosto-entenda-a-data\/","title":{"rendered":"Por que o Dia dos Pais \u00e9 celebrado no segundo domingo de agosto? Entenda a data"},"content":{"rendered":"<div class='code-block code-block-1' style='margin: 8px 0 8px auto; text-align: right; display: block; clear: both;'>\n<p><a href=\"https:\/\/wa.link\/vpicfd\"><img data-recalc-dims=\"1\" class=\"wp-image-4922\" style=\"aspect-ratio: 2.0253164556962027; width: 561px; height: auto;\" src=\"https:\/\/i0.wp.com\/ismaelcolosi.com.br\/wp-content\/uploads\/2023\/11\/grupo-de-empregos-whatsapp-e-facebook-ismael-colosi-vagas.jpg?ssl=1\" alt=\"\" \/><\/a><\/p>\n<!-- \/wp:image -->\n<\/div>\n<p> <br \/>\n<\/p>\n<div data-td-block-uid=\"tdi_95\">\n<div class=\"tdb-block-inner td-fix-index\">\n<p>Neste domingo (10), \u00e9 <strong>celebrado o Dia dos Pais<\/strong>. Mas por que a data sempre cai no segundo domingo de agosto no Brasil? Diferente de outros pa\u00edses, que comemoram em junho, o<strong> Brasil adotou agosto por uma combina\u00e7\u00e3o de fatores comerciais e culturais que remontam \u00e0 d\u00e9cada de 1950.<\/strong><\/p>\n<h3 class=\"wp-block-heading\"><strong>Entenda a data<\/strong><\/h3>\n<p>A hist\u00f3ria do Dia dos Pais no Brasil come\u00e7a em 1953, quando o publicit\u00e1rio Sylvio Bhering, ent\u00e3o diretor do jornal <em>O Globo<\/em>, <strong>criou uma campanha para estimular as vendas no m\u00eas de agosto<\/strong>, tradicionalmente mais fraco para o com\u00e9rcio. A escolha do segundo domingo de agosto tamb\u00e9m se relaciona com o dia 16, data dedicada a S\u00e3o Joaquim, <strong>padroeiro dos pais segundo a tradi\u00e7\u00e3o cat\u00f3lica<\/strong>.<\/p>\n<p>Desde ent\u00e3o, o<strong> segundo domingo de agosto se consolidou como a data oficial para homenagear os pais no Brasil<\/strong>. Al\u00e9m do aspecto comercial, a data refor\u00e7a os la\u00e7os familiares e valoriza o papel dos pais na forma\u00e7\u00e3o dos filhos. O com\u00e9rcio aproveita a ocasi\u00e3o para lan\u00e7ar promo\u00e7\u00f5es especiais, especialmente em setores como eletr\u00f4nicos, roupas e cal\u00e7ados.<\/p>\n<p><strong>Enquanto pa\u00edses como os Estados Unidos celebram o Dia dos Pais no terceiro domingo de junho<\/strong>, o Brasil mant\u00e9m agosto como o m\u00eas oficial da homenagem. Essa escolha fortalece as tradi\u00e7\u00f5es locais e cria um momento pr\u00f3prio para a celebra\u00e7\u00e3o familiar.<\/p>\n<p>Assim, o Dia dos Pais em agosto re\u00fane cultura, religiosidade e com\u00e9rcio, firmando-se como uma das datas mais importantes do calend\u00e1rio nacional para as fam\u00edlias brasileiras.<\/p>\n<hr class=\"wp-block-separator has-alpha-channel-opacity\"\/>\n<p>SAIBA MAIS<br \/>Entenda acordo entre Sesc e Prefeitura de Ribeir\u00e3o sobre antiga sede da Recra<\/p>\n<h2 class=\"wp-block-heading\"><strong>FIQUE ON<\/strong><\/h2>\n<p>Fique ligado em tudo que acontece em Ribeir\u00e3o Preto e regi\u00e3o. Siga os perfis do<strong> acidade on <\/strong>no <a href=\"https:\/\/www.instagram.com\/acidadeonribeirao\" data-type=\"link\" data-id=\"https:\/\/www.instagram.com\/acidadeonribeirao\" target=\"_blank\" rel=\"noopener\">Instagram<\/a> e no <a href=\"https:\/\/www.facebook.com\/acidadeonribeirao\/\" data-type=\"link\" data-id=\"https:\/\/www.facebook.com\/acidadeonribeirao\/\" target=\"_blank\" rel=\"noopener\">Facebook<\/a>.<\/p>\n<p>Receba not\u00edcias do <strong>acidade on<\/strong> no WhatsApp.<a href=\"https:\/\/chat.whatsapp.com\/I4nieTEMKlf50pJ28aMemC?mode=ac_t\" data-type=\"link\" data-id=\"https:\/\/chat.whatsapp.com\/I4nieTEMKlf50pJ28aMemC?mode=ac_t\" target=\"_blank\" rel=\"noopener\"> Para entrar no grupo, basta clicar aqui.<\/a><\/p>\n<p>Fa\u00e7a uma den\u00fancia ou sugira uma reportagem sobre Ribeir\u00e3o Preto e regi\u00e3o pelo WhatsApp: 16 99117 7802.<\/p>\n<p>VEJA TAMB\u00c9M<br \/>Voc\u00ea conhece os principais benef\u00edcios do abacate para a sa\u00fade?<\/p>\n<p><!-- AI CONTENT END 1 -->\n<\/div>\n<\/div>\n<p><script async src=\"\/\/www.instagram.com\/embed.js\"><\/script><br \/>\n<br \/><br \/>\n<br \/><a href=\"https:\/\/www.acidadeon.com\/ribeiraopreto\/cotidiano\/por-que-o-dia-dos-pais-e-celebrado-no-segundo-domingo-de-agosto-entenda-a-data\/\">Source link <\/a><\/p>\n<!-- CONTENT END 1 -->\n","protected":false},"excerpt":{"rendered":"<p>Neste domingo (10), \u00e9 celebrado o Dia dos Pais. Mas por que a data sempre cai no segundo domingo de agosto no Brasil? Diferente de&#8230;<\/p>\n","protected":false},"author":1,"featured_media":75515,"comment_status":"open","ping_status":"open","sticky":false,"template":"","format":"standard","meta":{"advanced_seo_description":"","jetpack_seo_html_title":"","jetpack_seo_noindex":false,"jetpack_post_was_ever_published":false,"_jetpack_newsletter_access":"","_jetpack_dont_email_post_to_subs":false,"_jetpack_newsletter_tier_id":0,"_jetpack_memberships_contains_paywalled_content":false,"_jetpack_memberships_contains_paid_content":false,"footnotes":"","jetpack_publicize_message":"","jetpack_publicize_feature_enabled":true,"jetpack_social_post_already_shared":true,"jetpack_social_options":{"image_generator_settings":{"template":"highway","default_image_id":0,"font":"","enabled":false},"version":2}},"categories":[11],"tags":[],"class_list":["post-75514","post","type-post","status-publish","format-standard","has-post-thumbnail","hentry","category-noticias-de-ribeirao-preto-sp-e-regiao-ismael-colosi"],"jetpack_publicize_connections":[],"jetpack_featured_media_url":"https:\/\/i0.wp.com\/noticiasribeiraopreto.com.br\/wp-content\/uploads\/2025\/08\/Copia-de-Copia-de-Copia-de-TAMANHO-EXATO-PARA-FOTOS-NO-SISTEMA-NOVO-2025-08-10T104556.920_2025-08-10_13-46-03.webp.webp?fit=1200%2C675&ssl=1","jetpack-related-posts":[{"id":22926,"url":"https:\/\/noticiasribeiraopreto.com.br\/index.php\/2023\/12\/31\/2024-e-ano-de-eleicoes-municipais-veja-as-principais-datas-da-disputa\/","url_meta":{"origin":75514,"position":0},"title":"2024 \u00e9 ano de elei\u00e7\u00f5es municipais; Veja as principais datas da disputa","author":"noticiasribeiraopreto.com.br","date":"31 de December de 2023","format":false,"excerpt":"Em 2024, os mais de 470 mil eleitores de Ribeir\u00e3o Preto v\u00e3o eleger o novo prefeito, o vice e 22 vereadores. Por isso, o acidade on Ribeir\u00e3o Preto separou as principais datas do calend\u00e1rio eleitoral do novo ano para voc\u00ea decidir como ser\u00e1 o futuro da cidade. As elei\u00e7\u00f5es municipais\u2026","rel":"","context":"In &quot;Not\u00edcias de Ribeir\u00e3o Preto-SP e Regi\u00e3o&quot;","block_context":{"text":"Not\u00edcias de Ribeir\u00e3o Preto-SP e Regi\u00e3o","link":"https:\/\/noticiasribeiraopreto.com.br\/index.php\/category\/noticias-de-ribeirao-preto-sp-e-regiao-ismael-colosi\/"},"img":{"alt_text":"","src":"https:\/\/i0.wp.com\/noticiasribeiraopreto.com.br\/wp-content\/uploads\/2023\/12\/urna-eletronica.jpg?fit=1170%2C700&ssl=1&resize=350%2C200","width":350,"height":200,"srcset":"https:\/\/i0.wp.com\/noticiasribeiraopreto.com.br\/wp-content\/uploads\/2023\/12\/urna-eletronica.jpg?fit=1170%2C700&ssl=1&resize=350%2C200 1x, https:\/\/i0.wp.com\/noticiasribeiraopreto.com.br\/wp-content\/uploads\/2023\/12\/urna-eletronica.jpg?fit=1170%2C700&ssl=1&resize=525%2C300 1.5x, https:\/\/i0.wp.com\/noticiasribeiraopreto.com.br\/wp-content\/uploads\/2023\/12\/urna-eletronica.jpg?fit=1170%2C700&ssl=1&resize=700%2C400 2x, https:\/\/i0.wp.com\/noticiasribeiraopreto.com.br\/wp-content\/uploads\/2023\/12\/urna-eletronica.jpg?fit=1170%2C700&ssl=1&resize=1050%2C600 3x"},"classes":[]},{"id":75527,"url":"https:\/\/noticiasribeiraopreto.com.br\/index.php\/2025\/08\/10\/dupla-e-presa-em-ribeirao-preto-apos-aplicar-golpe-e-vender-frutas-por-r-10-mil-a-idosos\/","url_meta":{"origin":75514,"position":1},"title":"Dupla \u00e9 presa em Ribeir\u00e3o Preto ap\u00f3s aplicar golpe e vender frutas por R$ 10 mil a idosos","author":"noticiasribeiraopreto.com.br","date":"10 de August de 2025","format":false,"excerpt":"Dois homens de S\u00e3o Paulo foram presos neste s\u00e1bado (9), em Ribeir\u00e3o Preto, ap\u00f3s aplicarem um golpe contra idosos em Uberaba, no interior de Minas Gerais. A pris\u00e3o aconteceu na rodovia Anhanguera. Segundo a Pol\u00edcia Civil, os suspeitos fingiam vender frutas como uva, caju e morango, mas o objetivo era\u2026","rel":"","context":"In &quot;Not\u00edcias de Ribeir\u00e3o Preto-SP e Regi\u00e3o&quot;","block_context":{"text":"Not\u00edcias de Ribeir\u00e3o Preto-SP e Regi\u00e3o","link":"https:\/\/noticiasribeiraopreto.com.br\/index.php\/category\/noticias-de-ribeirao-preto-sp-e-regiao-ismael-colosi\/"},"img":{"alt_text":"","src":"https:\/\/i0.wp.com\/noticiasribeiraopreto.com.br\/wp-content\/uploads\/2025\/08\/Copia-de-Copia-de-Copia-de-TAMANHO-EXATO-PARA-FOTOS-NO-SISTEMA-NOVO-2025-08-10T152556.353_2025-08-10_18-26-45.webp.webp?fit=1200%2C675&ssl=1&resize=350%2C200","width":350,"height":200,"srcset":"https:\/\/i0.wp.com\/noticiasribeiraopreto.com.br\/wp-content\/uploads\/2025\/08\/Copia-de-Copia-de-Copia-de-TAMANHO-EXATO-PARA-FOTOS-NO-SISTEMA-NOVO-2025-08-10T152556.353_2025-08-10_18-26-45.webp.webp?fit=1200%2C675&ssl=1&resize=350%2C200 1x, https:\/\/i0.wp.com\/noticiasribeiraopreto.com.br\/wp-content\/uploads\/2025\/08\/Copia-de-Copia-de-Copia-de-TAMANHO-EXATO-PARA-FOTOS-NO-SISTEMA-NOVO-2025-08-10T152556.353_2025-08-10_18-26-45.webp.webp?fit=1200%2C675&ssl=1&resize=525%2C300 1.5x, https:\/\/i0.wp.com\/noticiasribeiraopreto.com.br\/wp-content\/uploads\/2025\/08\/Copia-de-Copia-de-Copia-de-TAMANHO-EXATO-PARA-FOTOS-NO-SISTEMA-NOVO-2025-08-10T152556.353_2025-08-10_18-26-45.webp.webp?fit=1200%2C675&ssl=1&resize=700%2C400 2x, https:\/\/i0.wp.com\/noticiasribeiraopreto.com.br\/wp-content\/uploads\/2025\/08\/Copia-de-Copia-de-Copia-de-TAMANHO-EXATO-PARA-FOTOS-NO-SISTEMA-NOVO-2025-08-10T152556.353_2025-08-10_18-26-45.webp.webp?fit=1200%2C675&ssl=1&resize=1050%2C600 3x"},"classes":[]},{"id":75034,"url":"https:\/\/noticiasribeiraopreto.com.br\/index.php\/2025\/08\/01\/casa-de-portinari-tem-programacao-especial-no-mes-de-aniversario-de-brodowski-confira\/","url_meta":{"origin":75514,"position":2},"title":"Casa de Portinari tem programa\u00e7\u00e3o especial no m\u00eas de anivers\u00e1rio de Brodowski; confira","author":"noticiasribeiraopreto.com.br","date":"1 de August de 2025","format":false,"excerpt":"O Museu Casa de Portinari, em Brodowski, regi\u00e3o de Ribeir\u00e3o Preto, conta com uma agenda especial em agosto, m\u00eas que celebra os 112 anos da cidade. A programa\u00e7\u00e3o re\u00fane atividades culturais que valorizam a hist\u00f3ria e a mem\u00f3ria local, tendo como ponto alto a 50\u00aa Semana de Portinari, que acontece\u2026","rel":"","context":"In &quot;Not\u00edcias de Ribeir\u00e3o Preto-SP e Regi\u00e3o&quot;","block_context":{"text":"Not\u00edcias de Ribeir\u00e3o Preto-SP e Regi\u00e3o","link":"https:\/\/noticiasribeiraopreto.com.br\/index.php\/category\/noticias-de-ribeirao-preto-sp-e-regiao-ismael-colosi\/"},"img":{"alt_text":"","src":"https:\/\/i0.wp.com\/noticiasribeiraopreto.com.br\/wp-content\/uploads\/2025\/08\/f39de422-408e-4e01-885d-e6f6ebd33ced_2025-08-01_15-24-13.webp.webp?fit=1200%2C800&ssl=1&resize=350%2C200","width":350,"height":200,"srcset":"https:\/\/i0.wp.com\/noticiasribeiraopreto.com.br\/wp-content\/uploads\/2025\/08\/f39de422-408e-4e01-885d-e6f6ebd33ced_2025-08-01_15-24-13.webp.webp?fit=1200%2C800&ssl=1&resize=350%2C200 1x, https:\/\/i0.wp.com\/noticiasribeiraopreto.com.br\/wp-content\/uploads\/2025\/08\/f39de422-408e-4e01-885d-e6f6ebd33ced_2025-08-01_15-24-13.webp.webp?fit=1200%2C800&ssl=1&resize=525%2C300 1.5x, https:\/\/i0.wp.com\/noticiasribeiraopreto.com.br\/wp-content\/uploads\/2025\/08\/f39de422-408e-4e01-885d-e6f6ebd33ced_2025-08-01_15-24-13.webp.webp?fit=1200%2C800&ssl=1&resize=700%2C400 2x, https:\/\/i0.wp.com\/noticiasribeiraopreto.com.br\/wp-content\/uploads\/2025\/08\/f39de422-408e-4e01-885d-e6f6ebd33ced_2025-08-01_15-24-13.webp.webp?fit=1200%2C800&ssl=1&resize=1050%2C600 3x"},"classes":[]},{"id":56607,"url":"https:\/\/noticiasribeiraopreto.com.br\/index.php\/2024\/08\/15\/onda-de-calor-temperaturas-podem-chegar-aos-38c-no-interior-de-sp\/","url_meta":{"origin":75514,"position":3},"title":"Onda de calor? Temperaturas podem chegar aos 38\u00b0C no interior de SP","author":"noticiasribeiraopreto.com.br","date":"15 de August de 2024","format":false,"excerpt":"O frio foi embora e, com isso, uma onda de calor deve se intensificar no interior de S\u00e3o Paulo nos pr\u00f3ximos dias. Segundo a Climatempo, as temperaturas podem chegar aos 38\u00b0C em Ribeir\u00e3o Preto. Os meteorologistas apontam que a onda de calor \u00e9 motivada por uma nova massa de ar\u2026","rel":"","context":"In &quot;Not\u00edcias de Ribeir\u00e3o Preto-SP e Regi\u00e3o&quot;","block_context":{"text":"Not\u00edcias de Ribeir\u00e3o Preto-SP e Regi\u00e3o","link":"https:\/\/noticiasribeiraopreto.com.br\/index.php\/category\/noticias-de-ribeirao-preto-sp-e-regiao-ismael-colosi\/"},"img":{"alt_text":"","src":"https:\/\/i0.wp.com\/noticiasribeiraopreto.com.br\/wp-content\/uploads\/2024\/08\/onda-de-calor_2024-08-15_13-54-42_jpeg_2024-08-15_13-54-42.webp.webp?fit=1200%2C675&ssl=1&resize=350%2C200","width":350,"height":200,"srcset":"https:\/\/i0.wp.com\/noticiasribeiraopreto.com.br\/wp-content\/uploads\/2024\/08\/onda-de-calor_2024-08-15_13-54-42_jpeg_2024-08-15_13-54-42.webp.webp?fit=1200%2C675&ssl=1&resize=350%2C200 1x, https:\/\/i0.wp.com\/noticiasribeiraopreto.com.br\/wp-content\/uploads\/2024\/08\/onda-de-calor_2024-08-15_13-54-42_jpeg_2024-08-15_13-54-42.webp.webp?fit=1200%2C675&ssl=1&resize=525%2C300 1.5x, https:\/\/i0.wp.com\/noticiasribeiraopreto.com.br\/wp-content\/uploads\/2024\/08\/onda-de-calor_2024-08-15_13-54-42_jpeg_2024-08-15_13-54-42.webp.webp?fit=1200%2C675&ssl=1&resize=700%2C400 2x, https:\/\/i0.wp.com\/noticiasribeiraopreto.com.br\/wp-content\/uploads\/2024\/08\/onda-de-calor_2024-08-15_13-54-42_jpeg_2024-08-15_13-54-42.webp.webp?fit=1200%2C675&ssl=1&resize=1050%2C600 3x"},"classes":[]},{"id":33653,"url":"https:\/\/noticiasribeiraopreto.com.br\/index.php\/2024\/01\/30\/feriados-e-datas-comemorativas-planilha-gratuita\/","url_meta":{"origin":75514,"position":4},"title":"feriados e datas comemorativas [planilha gratuita]","author":"noticiasribeiraopreto.com.br","date":"30 de January de 2024","format":false,"excerpt":"Voc\u00ea j\u00e1 tra\u00e7ou suas metas para 2024? Eu espero que sim! Mas, voc\u00ea e seus colaboradores t\u00eam uma vis\u00e3o clara de como alcan\u00e7\u00e1-las? Se n\u00f3s pud\u00e9ssemos escolher apenas uma dica para voc\u00ea poder\u00edamos resumir em uma palavra PLANEJAMENTO para o calend\u00e1rio de 2024!\u00c9 claro que nossas dicas s\u00e3o ilimitadas ent\u00e3o,\u2026","rel":"","context":"In &quot;Dinheiro e Investimento&quot;","block_context":{"text":"Dinheiro e Investimento","link":"https:\/\/noticiasribeiraopreto.com.br\/index.php\/category\/dinheiro-e-investimento-como-fazer-como-ganhar\/"},"img":{"alt_text":"","src":"https:\/\/i0.wp.com\/noticiasribeiraopreto.com.br\/wp-content\/uploads\/2024\/01\/2.png?fit=750%2C500&ssl=1&resize=350%2C200","width":350,"height":200,"srcset":"https:\/\/i0.wp.com\/noticiasribeiraopreto.com.br\/wp-content\/uploads\/2024\/01\/2.png?fit=750%2C500&ssl=1&resize=350%2C200 1x, https:\/\/i0.wp.com\/noticiasribeiraopreto.com.br\/wp-content\/uploads\/2024\/01\/2.png?fit=750%2C500&ssl=1&resize=525%2C300 1.5x, https:\/\/i0.wp.com\/noticiasribeiraopreto.com.br\/wp-content\/uploads\/2024\/01\/2.png?fit=750%2C500&ssl=1&resize=700%2C400 2x"},"classes":[]},{"id":71432,"url":"https:\/\/noticiasribeiraopreto.com.br\/index.php\/2025\/06\/05\/ribeirao-recebe-concerto-gratuito-com-orquestra-e-sucessos-da-musica-brasileira\/","url_meta":{"origin":75514,"position":5},"title":"Ribeir\u00e3o recebe concerto gratuito com orquestra e sucessos da m\u00fasica brasileira","author":"noticiasribeiraopreto.com.br","date":"5 de June de 2025","format":false,"excerpt":"O Teatro Municipal de Ribeir\u00e3o Preto recebe no pr\u00f3ximo domingo (18), \u00e0s 19h, uma apresenta\u00e7\u00e3o gratuita da turn\u00ea do concerto \u201cTons do Brasil\u201d, com a Orquestra Lyra Mojimiriana. Sob a reg\u00eancia do Maestro Carlos Lima, o concerto pretende apresentar vers\u00f5es sinf\u00f4nicas de grandes sucessos da m\u00fasica brasileira. Portanto, contar\u00e1 com\u2026","rel":"","context":"In &quot;Not\u00edcias de Ribeir\u00e3o Preto-SP e Regi\u00e3o&quot;","block_context":{"text":"Not\u00edcias de Ribeir\u00e3o Preto-SP e Regi\u00e3o","link":"https:\/\/noticiasribeiraopreto.com.br\/index.php\/category\/noticias-de-ribeirao-preto-sp-e-regiao-ismael-colosi\/"},"img":{"alt_text":"","src":"https:\/\/i0.wp.com\/noticiasribeiraopreto.com.br\/wp-content\/uploads\/2025\/06\/42a0954a-fb80-451a-a4de-8566854947e3_2025-06-05_18-43-31.webp.webp?fit=1200%2C900&ssl=1&resize=350%2C200","width":350,"height":200,"srcset":"https:\/\/i0.wp.com\/noticiasribeiraopreto.com.br\/wp-content\/uploads\/2025\/06\/42a0954a-fb80-451a-a4de-8566854947e3_2025-06-05_18-43-31.webp.webp?fit=1200%2C900&ssl=1&resize=350%2C200 1x, https:\/\/i0.wp.com\/noticiasribeiraopreto.com.br\/wp-content\/uploads\/2025\/06\/42a0954a-fb80-451a-a4de-8566854947e3_2025-06-05_18-43-31.webp.webp?fit=1200%2C900&ssl=1&resize=525%2C300 1.5x, https:\/\/i0.wp.com\/noticiasribeiraopreto.com.br\/wp-content\/uploads\/2025\/06\/42a0954a-fb80-451a-a4de-8566854947e3_2025-06-05_18-43-31.webp.webp?fit=1200%2C900&ssl=1&resize=700%2C400 2x, https:\/\/i0.wp.com\/noticiasribeiraopreto.com.br\/wp-content\/uploads\/2025\/06\/42a0954a-fb80-451a-a4de-8566854947e3_2025-06-05_18-43-31.webp.webp?fit=1200%2C900&ssl=1&resize=1050%2C600 3x"},"classes":[]}],"jetpack_sharing_enabled":true,"jetpack_shortlink":"https:\/\/wp.me\/peQAOb-jDY","_links":{"self":[{"href":"https:\/\/noticiasribeiraopreto.com.br\/index.php\/wp-json\/wp\/v2\/posts\/75514","targetHints":{"allow":["GET"]}}],"collection":[{"href":"https:\/\/noticiasribeiraopreto.com.br\/index.php\/wp-json\/wp\/v2\/posts"}],"about":[{"href":"https:\/\/noticiasribeiraopreto.com.br\/index.php\/wp-json\/wp\/v2\/types\/post"}],"author":[{"embeddable":true,"href":"https:\/\/noticiasribeiraopreto.com.br\/index.php\/wp-json\/wp\/v2\/users\/1"}],"replies":[{"embeddable":true,"href":"https:\/\/noticiasribeiraopreto.com.br\/index.php\/wp-json\/wp\/v2\/comments?post=75514"}],"version-history":[{"count":0,"href":"https:\/\/noticiasribeiraopreto.com.br\/index.php\/wp-json\/wp\/v2\/posts\/75514\/revisions"}],"wp:featuredmedia":[{"embeddable":true,"href":"https:\/\/noticiasribeiraopreto.com.br\/index.php\/wp-json\/wp\/v2\/media\/75515"}],"wp:attachment":[{"href":"https:\/\/noticiasribeiraopreto.com.br\/index.php\/wp-json\/wp\/v2\/media?parent=75514"}],"wp:term":[{"taxonomy":"category","embeddable":true,"href":"https:\/\/noticiasribeiraopreto.com.br\/index.php\/wp-json\/wp\/v2\/categories?post=75514"},{"taxonomy":"post_tag","embeddable":true,"href":"https:\/\/noticiasribeiraopreto.com.br\/index.php\/wp-json\/wp\/v2\/tags?post=75514"}],"curies":[{"name":"wp","href":"https:\/\/api.w.org\/{rel}","templated":true}]}}