{"id":75516,"date":"2025-08-10T12:38:46","date_gmt":"2025-08-10T15:38:46","guid":{"rendered":"https:\/\/noticiasribeiraopreto.com.br\/index.php\/2025\/08\/10\/sol-e-minima-de-9-c-marcam-previsao-do-tempo-para-ribeirao-preto-no-dia-dos-pais\/"},"modified":"2025-08-10T12:38:46","modified_gmt":"2025-08-10T15:38:46","slug":"sol-e-minima-de-9-c-marcam-previsao-do-tempo-para-ribeirao-preto-no-dia-dos-pais","status":"publish","type":"post","link":"https:\/\/noticiasribeiraopreto.com.br\/index.php\/2025\/08\/10\/sol-e-minima-de-9-c-marcam-previsao-do-tempo-para-ribeirao-preto-no-dia-dos-pais\/","title":{"rendered":"Sol e m\u00ednima de 9 \u00b0C marcam previs\u00e3o do tempo para Ribeir\u00e3o Preto no Dia dos Pais"},"content":{"rendered":"<div class='code-block code-block-1' style='margin: 8px 0 8px auto; text-align: right; display: block; clear: both;'>\n<p><a href=\"https:\/\/wa.link\/vpicfd\"><img data-recalc-dims=\"1\" class=\"wp-image-4922\" style=\"aspect-ratio: 2.0253164556962027; width: 561px; height: auto;\" src=\"https:\/\/i0.wp.com\/ismaelcolosi.com.br\/wp-content\/uploads\/2023\/11\/grupo-de-empregos-whatsapp-e-facebook-ismael-colosi-vagas.jpg?ssl=1\" alt=\"\" \/><\/a><\/p>\n<!-- \/wp:image -->\n<\/div>\n<p> <br \/>\n<\/p>\n<div data-td-block-uid=\"tdi_95\">\n<div class=\"tdb-block-inner td-fix-index\">\n<p>O<strong> Dia dos Pais<\/strong>, neste domingo (10), <strong>ser\u00e1 de manh\u00e3 gelada e tarde amena em Ribeir\u00e3o Preto<\/strong>. A m\u00ednima prevista \u00e9 <strong>de 8 \u00b0C e a m\u00e1xima de 22 \u00b0C<\/strong>, sem previs\u00e3o de chuva. O sol deve predominar durante todo o dia, garantindo clima seco.<\/p>\n<p>De acordo com a <em><strong>Climatempo<\/strong><\/em>, as baixas temperaturas fazem parte da quinta onda de frio registrada no Brasil em 2025. O fen\u00f4meno, previsto para <strong>este fim de semana at\u00e9 quarta-feira (13)<\/strong>, ocorre devido \u00e0 entrada de uma massa de ar polar origin\u00e1ria da Argentina, que avan\u00e7a pelo sul do pa\u00eds e influencia o centro-sul brasileiro.<\/p>\n<p>O <a href=\"https:\/\/alertas2.inmet.gov.br\/51276\" data-type=\"link\" data-id=\"https:\/\/alertas2.inmet.gov.br\/51276\" target=\"_blank\" rel=\"noopener\">Instituto Nacional de Meteorologia (Inmet)<\/a> emitiu alerta amarelo para baixa umidade entre 14h e 20h, com \u00edndices variando de 20% a 30%. A recomenda\u00e7\u00e3o \u00e9 manter a hidrata\u00e7\u00e3o, evitar atividades f\u00edsicas nos per\u00edodos mais quentes e secos e redobrar os cuidados com crian\u00e7as e idosos.<\/p>\n<hr class=\"wp-block-separator has-alpha-channel-opacity\"\/>\n<p>SAIBA MAIS<br \/>Entenda acordo entre Sesc e Prefeitura de Ribeir\u00e3o sobre antiga sede da Recra<\/p>\n<h2 class=\"wp-block-heading\"><strong>FIQUE ON<\/strong><\/h2>\n<p>Fique ligado em tudo que acontece em Ribeir\u00e3o Preto e regi\u00e3o. Siga os perfis do<strong> acidade on <\/strong>no <a href=\"https:\/\/www.instagram.com\/acidadeonribeirao\" data-type=\"link\" data-id=\"https:\/\/www.instagram.com\/acidadeonribeirao\" target=\"_blank\" rel=\"noopener\">Instagram<\/a> e no <a href=\"https:\/\/www.facebook.com\/acidadeonribeirao\/\" data-type=\"link\" data-id=\"https:\/\/www.facebook.com\/acidadeonribeirao\/\" target=\"_blank\" rel=\"noopener\">Facebook<\/a>.<\/p>\n<p>Receba not\u00edcias do <strong>acidade on<\/strong> no WhatsApp.<a href=\"https:\/\/chat.whatsapp.com\/I4nieTEMKlf50pJ28aMemC?mode=ac_t\" data-type=\"link\" data-id=\"https:\/\/chat.whatsapp.com\/I4nieTEMKlf50pJ28aMemC?mode=ac_t\" target=\"_blank\" rel=\"noopener\"> Para entrar no grupo, basta clicar aqui.<\/a><\/p>\n<p>Fa\u00e7a uma den\u00fancia ou sugira uma reportagem sobre Ribeir\u00e3o Preto e regi\u00e3o pelo WhatsApp: 16 99117 7802.<\/p>\n<p>VEJA TAMB\u00c9M<br \/>Voc\u00ea conhece os principais benef\u00edcios do abacate para a sa\u00fade?<\/p>\n<p><!-- AI CONTENT END 1 -->\n<\/div>\n<\/div>\n<p><script async src=\"\/\/www.instagram.com\/embed.js\"><\/script><br \/>\n<br \/><br \/>\n<br \/><a href=\"https:\/\/www.acidadeon.com\/ribeiraopreto\/cotidiano\/sol-e-minima-de-9-c-marcam-previsao-do-tempo-para-ribeirao-preto-no-dia-dos-pais\/\">Source link <\/a><\/p>\n<!-- CONTENT END 1 -->\n","protected":false},"excerpt":{"rendered":"<p>O Dia dos Pais, neste domingo (10), ser\u00e1 de manh\u00e3 gelada e tarde amena em Ribeir\u00e3o Preto. A m\u00ednima prevista \u00e9 de 8 \u00b0C e&#8230;<\/p>\n","protected":false},"author":1,"featured_media":75517,"comment_status":"open","ping_status":"open","sticky":false,"template":"","format":"standard","meta":{"advanced_seo_description":"","jetpack_seo_html_title":"","jetpack_seo_noindex":false,"jetpack_post_was_ever_published":false,"_jetpack_newsletter_access":"","_jetpack_dont_email_post_to_subs":false,"_jetpack_newsletter_tier_id":0,"_jetpack_memberships_contains_paywalled_content":false,"_jetpack_memberships_contains_paid_content":false,"footnotes":"","jetpack_publicize_message":"","jetpack_publicize_feature_enabled":true,"jetpack_social_post_already_shared":true,"jetpack_social_options":{"image_generator_settings":{"template":"highway","default_image_id":0,"font":"","enabled":false},"version":2}},"categories":[11],"tags":[],"class_list":["post-75516","post","type-post","status-publish","format-standard","has-post-thumbnail","hentry","category-noticias-de-ribeirao-preto-sp-e-regiao-ismael-colosi"],"jetpack_publicize_connections":[],"jetpack_featured_media_url":"https:\/\/i0.wp.com\/noticiasribeiraopreto.com.br\/wp-content\/uploads\/2025\/08\/Imagem-do-WhatsApp-de-2025-08-10-as-09.21.15_9b79cfee_2025-08-10_12-29-12.webp.webp?fit=1200%2C675&ssl=1","jetpack-related-posts":[{"id":52567,"url":"https:\/\/noticiasribeiraopreto.com.br\/index.php\/2024\/06\/09\/ribeirao-segue-em-alerta-para-baixa-umidade-neste-domingo-veja-previsao-do-tempo\/","url_meta":{"origin":75516,"position":0},"title":"Ribeir\u00e3o segue em alerta para baixa umidade neste domingo; Veja previs\u00e3o do tempo","author":"noticiasribeiraopreto.com.br","date":"9 de June de 2024","format":false,"excerpt":"O interior de S\u00e3o Paulo segue com alerta do Instituto Nacional de Meteorologia (Inmet) para baixa umidade, neste domingo (09). Uma grande massa de ar seco predomina o Brasil e influencia \u00e1reas de todas as regi\u00f5es do pa\u00eds, de acordo com a Climatempo. Em Ribeir\u00e3o Preto, o Inmet prev\u00ea umidade\u2026","rel":"","context":"In &quot;Not\u00edcias de Ribeir\u00e3o Preto-SP e Regi\u00e3o&quot;","block_context":{"text":"Not\u00edcias de Ribeir\u00e3o Preto-SP e Regi\u00e3o","link":"https:\/\/noticiasribeiraopreto.com.br\/index.php\/category\/noticias-de-ribeirao-preto-sp-e-regiao-ismael-colosi\/"},"img":{"alt_text":"","src":"https:\/\/noticiasribeiraopreto.com.br\/wp-content\/uploads\/2023\/11\/whatsapp_image_2023-02-25_at_09_10_46_x1x.jpe","width":350,"height":200,"srcset":"https:\/\/noticiasribeiraopreto.com.br\/wp-content\/uploads\/2023\/11\/whatsapp_image_2023-02-25_at_09_10_46_x1x.jpe 1x, https:\/\/noticiasribeiraopreto.com.br\/wp-content\/uploads\/2023\/11\/whatsapp_image_2023-02-25_at_09_10_46_x1x.jpe 1.5x, https:\/\/noticiasribeiraopreto.com.br\/wp-content\/uploads\/2023\/11\/whatsapp_image_2023-02-25_at_09_10_46_x1x.jpe 2x, https:\/\/noticiasribeiraopreto.com.br\/wp-content\/uploads\/2023\/11\/whatsapp_image_2023-02-25_at_09_10_46_x1x.jpe 3x"},"classes":[]},{"id":76566,"url":"https:\/\/noticiasribeiraopreto.com.br\/index.php\/2025\/09\/01\/setembro-comeca-com-sol-calor-e-baixa-umidade-em-ribeirao-veja-previsao\/","url_meta":{"origin":75516,"position":1},"title":"Setembro come\u00e7a com sol, calor e baixa umidade em Ribeir\u00e3o; Veja previs\u00e3o","author":"noticiasribeiraopreto.com.br","date":"1 de September de 2025","format":false,"excerpt":"A semana come\u00e7a com sol e poucas nuvens em Ribeir\u00e3o Preto. Segundo a Climatempo, as temperaturas nesta segunda-feira (1\u00ba) variam entre 17\u00baC e 29\u00baC. Conforme o servi\u00e7o de meteorologia, a circula\u00e7\u00e3o mar\u00edtima provoca pancadas de chuva no litoral de S\u00e3o Paulo. J\u00e1 o interior do estado continua com tempo seco,\u2026","rel":"","context":"In &quot;Not\u00edcias de Ribeir\u00e3o Preto-SP e Regi\u00e3o&quot;","block_context":{"text":"Not\u00edcias de Ribeir\u00e3o Preto-SP e Regi\u00e3o","link":"https:\/\/noticiasribeiraopreto.com.br\/index.php\/category\/noticias-de-ribeirao-preto-sp-e-regiao-ismael-colosi\/"},"img":{"alt_text":"","src":"https:\/\/i0.wp.com\/noticiasribeiraopreto.com.br\/wp-content\/uploads\/2025\/09\/WhatsApp-Image-2025-03-06-at-23.39.26_2025-03-07_10-09-54_jpeg_2025-03-07_10-09-54.webp.webp?fit=1200%2C569&ssl=1&resize=350%2C200","width":350,"height":200,"srcset":"https:\/\/i0.wp.com\/noticiasribeiraopreto.com.br\/wp-content\/uploads\/2025\/09\/WhatsApp-Image-2025-03-06-at-23.39.26_2025-03-07_10-09-54_jpeg_2025-03-07_10-09-54.webp.webp?fit=1200%2C569&ssl=1&resize=350%2C200 1x, https:\/\/i0.wp.com\/noticiasribeiraopreto.com.br\/wp-content\/uploads\/2025\/09\/WhatsApp-Image-2025-03-06-at-23.39.26_2025-03-07_10-09-54_jpeg_2025-03-07_10-09-54.webp.webp?fit=1200%2C569&ssl=1&resize=525%2C300 1.5x, https:\/\/i0.wp.com\/noticiasribeiraopreto.com.br\/wp-content\/uploads\/2025\/09\/WhatsApp-Image-2025-03-06-at-23.39.26_2025-03-07_10-09-54_jpeg_2025-03-07_10-09-54.webp.webp?fit=1200%2C569&ssl=1&resize=700%2C400 2x, https:\/\/i0.wp.com\/noticiasribeiraopreto.com.br\/wp-content\/uploads\/2025\/09\/WhatsApp-Image-2025-03-06-at-23.39.26_2025-03-07_10-09-54_jpeg_2025-03-07_10-09-54.webp.webp?fit=1200%2C569&ssl=1&resize=1050%2C600 3x"},"classes":[]},{"id":55709,"url":"https:\/\/noticiasribeiraopreto.com.br\/index.php\/2024\/08\/05\/frente-fria-no-interior-de-sp-confira-quando-deve-chover-em-ribeirao-preto\/","url_meta":{"origin":75516,"position":2},"title":"Frente fria no interior de SP: Confira quando deve chover em Ribeir\u00e3o Preto","author":"noticiasribeiraopreto.com.br","date":"5 de August de 2024","format":false,"excerpt":"Uma nova frente fria deve chegar ao Brasil nesta quarta-feira (7) e provocar uma virada no tempo em muitos estados do Centro-Sul do pa\u00eds, de acordo com a Climatempo. Esse ar frio come\u00e7a a entrar no pa\u00eds pela regi\u00e3o Sul e deve avan\u00e7ar ao longo da sexta-feira (09) sobre o\u2026","rel":"","context":"In &quot;Not\u00edcias de Ribeir\u00e3o Preto-SP e Regi\u00e3o&quot;","block_context":{"text":"Not\u00edcias de Ribeir\u00e3o Preto-SP e Regi\u00e3o","link":"https:\/\/noticiasribeiraopreto.com.br\/index.php\/category\/noticias-de-ribeirao-preto-sp-e-regiao-ismael-colosi\/"},"img":{"alt_text":"","src":"https:\/\/i0.wp.com\/noticiasribeiraopreto.com.br\/wp-content\/uploads\/2024\/08\/chuva_forte_1024x576_06122019161537.jpg?fit=1024%2C575&ssl=1&resize=350%2C200","width":350,"height":200,"srcset":"https:\/\/i0.wp.com\/noticiasribeiraopreto.com.br\/wp-content\/uploads\/2024\/08\/chuva_forte_1024x576_06122019161537.jpg?fit=1024%2C575&ssl=1&resize=350%2C200 1x, https:\/\/i0.wp.com\/noticiasribeiraopreto.com.br\/wp-content\/uploads\/2024\/08\/chuva_forte_1024x576_06122019161537.jpg?fit=1024%2C575&ssl=1&resize=525%2C300 1.5x, https:\/\/i0.wp.com\/noticiasribeiraopreto.com.br\/wp-content\/uploads\/2024\/08\/chuva_forte_1024x576_06122019161537.jpg?fit=1024%2C575&ssl=1&resize=700%2C400 2x"},"classes":[]},{"id":60793,"url":"https:\/\/noticiasribeiraopreto.com.br\/index.php\/2024\/11\/25\/chuva-retorna-para-o-estado-de-sp-nos-proximos-dias-veja-previsao\/","url_meta":{"origin":75516,"position":3},"title":"Chuva retorna para o Estado de SP nos pr\u00f3ximos dias? Veja previs\u00e3o","author":"noticiasribeiraopreto.com.br","date":"25 de November de 2024","format":false,"excerpt":"Os \u00faltimos dias de novembro devem ser marcados pela eleva\u00e7\u00e3o da temperatura em todo o Estado de S\u00e3o Paulo. No entanto, pancadas de chuva s\u00e3o esperadas ao final desta semana, representando o padr\u00e3o de primavera-ver\u00e3o. Conforme a meteorologista Karen Teixeira, do Meteored, a presen\u00e7a de um sistema de baixa press\u00e3o\u2026","rel":"","context":"In &quot;Not\u00edcias de Ribeir\u00e3o Preto-SP e Regi\u00e3o&quot;","block_context":{"text":"Not\u00edcias de Ribeir\u00e3o Preto-SP e Regi\u00e3o","link":"https:\/\/noticiasribeiraopreto.com.br\/index.php\/category\/noticias-de-ribeirao-preto-sp-e-regiao-ismael-colosi\/"},"img":{"alt_text":"","src":"https:\/\/i0.wp.com\/noticiasribeiraopreto.com.br\/wp-content\/uploads\/2024\/11\/chuva_guardachuva_500x320_12022019150254.jpg?fit=500%2C322&ssl=1&resize=350%2C200","width":350,"height":200},"classes":[]},{"id":51887,"url":"https:\/\/noticiasribeiraopreto.com.br\/index.php\/2024\/05\/31\/o-frio-vai-acabar-veja-a-previsao-para-o-mes-de-junho-no-interior-de-sp\/","url_meta":{"origin":75516,"position":4},"title":"O frio vai acabar? Veja a previs\u00e3o para o m\u00eas de junho no interior de SP","author":"noticiasribeiraopreto.com.br","date":"31 de May de 2024","format":false,"excerpt":"A onda de frio que atingiu o interior do estado de S\u00e3o Paulo no dia 28 de maio terminou nesta quinta-feira (30), no entanto, as manh\u00e3s dos pr\u00f3ximos dias ainda devem continuar geladas, segundo a meteorologia. Mesmo com o fim da onda de frio, diversos munic\u00edpios do interior paulista registraram\u2026","rel":"","context":"In &quot;Not\u00edcias de Ribeir\u00e3o Preto-SP e Regi\u00e3o&quot;","block_context":{"text":"Not\u00edcias de Ribeir\u00e3o Preto-SP e Regi\u00e3o","link":"https:\/\/noticiasribeiraopreto.com.br\/index.php\/category\/noticias-de-ribeirao-preto-sp-e-regiao-ismael-colosi\/"},"img":{"alt_text":"","src":"https:\/\/i0.wp.com\/noticiasribeiraopreto.com.br\/wp-content\/uploads\/2024\/05\/1717196342_frio_luva_1200x675_16042022092951.jpg?fit=1200%2C675&ssl=1&resize=350%2C200","width":350,"height":200,"srcset":"https:\/\/i0.wp.com\/noticiasribeiraopreto.com.br\/wp-content\/uploads\/2024\/05\/1717196342_frio_luva_1200x675_16042022092951.jpg?fit=1200%2C675&ssl=1&resize=350%2C200 1x, https:\/\/i0.wp.com\/noticiasribeiraopreto.com.br\/wp-content\/uploads\/2024\/05\/1717196342_frio_luva_1200x675_16042022092951.jpg?fit=1200%2C675&ssl=1&resize=525%2C300 1.5x, https:\/\/i0.wp.com\/noticiasribeiraopreto.com.br\/wp-content\/uploads\/2024\/05\/1717196342_frio_luva_1200x675_16042022092951.jpg?fit=1200%2C675&ssl=1&resize=700%2C400 2x, https:\/\/i0.wp.com\/noticiasribeiraopreto.com.br\/wp-content\/uploads\/2024\/05\/1717196342_frio_luva_1200x675_16042022092951.jpg?fit=1200%2C675&ssl=1&resize=1050%2C600 3x"},"classes":[]},{"id":57087,"url":"https:\/\/noticiasribeiraopreto.com.br\/index.php\/2024\/08\/22\/vai-chover-no-interior-de-sp-confira-a-previsao-para-os-proximos-dias\/","url_meta":{"origin":75516,"position":5},"title":"Vai chover no interior de SP? Confira a previs\u00e3o para os pr\u00f3ximos dias","author":"noticiasribeiraopreto.com.br","date":"22 de August de 2024","format":false,"excerpt":"O tempo seco e as altas temperaturas devem dar uma tr\u00e9gua para o ribeir\u00e3o-pretano neste final de semana, de acordo com a previs\u00e3o da Climatempo. Conforme o servi\u00e7o de meteorologia, uma forte frente fria j\u00e1 come\u00e7ou a influenciar o norte da Argentina e o Rio Grande do Sul e nos\u2026","rel":"","context":"In &quot;Not\u00edcias de Ribeir\u00e3o Preto-SP e Regi\u00e3o&quot;","block_context":{"text":"Not\u00edcias de Ribeir\u00e3o Preto-SP e Regi\u00e3o","link":"https:\/\/noticiasribeiraopreto.com.br\/index.php\/category\/noticias-de-ribeirao-preto-sp-e-regiao-ismael-colosi\/"},"img":{"alt_text":"","src":"https:\/\/i0.wp.com\/noticiasribeiraopreto.com.br\/wp-content\/uploads\/2024\/08\/WhatsApp-Image-2023-12-23-at-18.39.14.jpeg?fit=1200%2C844&ssl=1&resize=350%2C200","width":350,"height":200,"srcset":"https:\/\/i0.wp.com\/noticiasribeiraopreto.com.br\/wp-content\/uploads\/2024\/08\/WhatsApp-Image-2023-12-23-at-18.39.14.jpeg?fit=1200%2C844&ssl=1&resize=350%2C200 1x, https:\/\/i0.wp.com\/noticiasribeiraopreto.com.br\/wp-content\/uploads\/2024\/08\/WhatsApp-Image-2023-12-23-at-18.39.14.jpeg?fit=1200%2C844&ssl=1&resize=525%2C300 1.5x, https:\/\/i0.wp.com\/noticiasribeiraopreto.com.br\/wp-content\/uploads\/2024\/08\/WhatsApp-Image-2023-12-23-at-18.39.14.jpeg?fit=1200%2C844&ssl=1&resize=700%2C400 2x, https:\/\/i0.wp.com\/noticiasribeiraopreto.com.br\/wp-content\/uploads\/2024\/08\/WhatsApp-Image-2023-12-23-at-18.39.14.jpeg?fit=1200%2C844&ssl=1&resize=1050%2C600 3x"},"classes":[]}],"jetpack_sharing_enabled":true,"jetpack_shortlink":"https:\/\/wp.me\/peQAOb-jE0","_links":{"self":[{"href":"https:\/\/noticiasribeiraopreto.com.br\/index.php\/wp-json\/wp\/v2\/posts\/75516","targetHints":{"allow":["GET"]}}],"collection":[{"href":"https:\/\/noticiasribeiraopreto.com.br\/index.php\/wp-json\/wp\/v2\/posts"}],"about":[{"href":"https:\/\/noticiasribeiraopreto.com.br\/index.php\/wp-json\/wp\/v2\/types\/post"}],"author":[{"embeddable":true,"href":"https:\/\/noticiasribeiraopreto.com.br\/index.php\/wp-json\/wp\/v2\/users\/1"}],"replies":[{"embeddable":true,"href":"https:\/\/noticiasribeiraopreto.com.br\/index.php\/wp-json\/wp\/v2\/comments?post=75516"}],"version-history":[{"count":0,"href":"https:\/\/noticiasribeiraopreto.com.br\/index.php\/wp-json\/wp\/v2\/posts\/75516\/revisions"}],"wp:featuredmedia":[{"embeddable":true,"href":"https:\/\/noticiasribeiraopreto.com.br\/index.php\/wp-json\/wp\/v2\/media\/75517"}],"wp:attachment":[{"href":"https:\/\/noticiasribeiraopreto.com.br\/index.php\/wp-json\/wp\/v2\/media?parent=75516"}],"wp:term":[{"taxonomy":"category","embeddable":true,"href":"https:\/\/noticiasribeiraopreto.com.br\/index.php\/wp-json\/wp\/v2\/categories?post=75516"},{"taxonomy":"post_tag","embeddable":true,"href":"https:\/\/noticiasribeiraopreto.com.br\/index.php\/wp-json\/wp\/v2\/tags?post=75516"}],"curies":[{"name":"wp","href":"https:\/\/api.w.org\/{rel}","templated":true}]}}