{"id":75518,"date":"2025-08-10T13:17:07","date_gmt":"2025-08-10T16:17:07","guid":{"rendered":"https:\/\/noticiasribeiraopreto.com.br\/index.php\/2025\/08\/10\/classico-de-edward-albee-encerra-turne-nacional-com-apresentacoes-em-rp\/"},"modified":"2025-08-10T13:17:07","modified_gmt":"2025-08-10T16:17:07","slug":"classico-de-edward-albee-encerra-turne-nacional-com-apresentacoes-em-rp","status":"publish","type":"post","link":"https:\/\/noticiasribeiraopreto.com.br\/index.php\/2025\/08\/10\/classico-de-edward-albee-encerra-turne-nacional-com-apresentacoes-em-rp\/","title":{"rendered":"Cl\u00e1ssico de Edward Albee encerra turn\u00ea nacional com apresenta\u00e7\u00f5es em RP"},"content":{"rendered":"<div class='code-block code-block-1' style='margin: 8px 0 8px auto; text-align: right; display: block; clear: both;'>\n<p><a href=\"https:\/\/wa.link\/vpicfd\"><img data-recalc-dims=\"1\" class=\"wp-image-4922\" style=\"aspect-ratio: 2.0253164556962027; width: 561px; height: auto;\" src=\"https:\/\/i0.wp.com\/ismaelcolosi.com.br\/wp-content\/uploads\/2023\/11\/grupo-de-empregos-whatsapp-e-facebook-ismael-colosi-vagas.jpg?ssl=1\" alt=\"\" \/><\/a><\/p>\n<!-- \/wp:image -->\n<\/div>\n<p> <br \/>\n<\/p>\n<div>\n<p><em>Montagem encerra a turn\u00ea 2025 na cidade, ap\u00f3s passar por 18 cidades brasileiras, alcan\u00e7ar mais de 100 mil espectadores e conquistar indica\u00e7\u00f5es a pr\u00eamios importantes<\/em><\/p>\n<p>Com as atrizes Ana Rosa, Helena Ranaldi e Fernanda Nobre no elenco, o premiado espet\u00e1culo <em>Tr\u00eas Mulheres Altas<\/em> chega a Ribeir\u00e3o Preto para duas apresenta\u00e7\u00f5es nos dias 12 e 13 de dezembro, sexta e s\u00e1bado, \u00e0s 20h, no Theatro Pedro II. Dirigida por Fernando Philbert, a montagem encerra a turn\u00ea 2025 na cidade, ap\u00f3s passar por 18 cidades brasileiras, alcan\u00e7ar mais de 100 mil espectadores e conquistar indica\u00e7\u00f5es a pr\u00eamios importantes como Cesgranrio, Bibi Ferreira e Cenym.<\/p>\n<p>Escrita pelo dramaturgo norte-americano Edward Albee, vencedor de tr\u00eas Pr\u00eamios Pulitzer, a pe\u00e7a \u00e9 considerada um cl\u00e1ssico contempor\u00e2neo e trata com humor mordaz e profundidade temas como a passagem do tempo, o envelhecimento e os conflitos entre gera\u00e7\u00f5es. A montagem atual, com tradu\u00e7\u00e3o de Gustavo Pinheiro e produ\u00e7\u00e3o de Bruna Dornellas e Wesley Telles, \u00e9 apresentada pela Bradesco Seguros por meio da Lei de Incentivo \u00e0 Cultura.<\/p>\n<p>Estreada em 1991, <em>Tr\u00eas Mulheres Altas<\/em> marca uma virada na carreira de Albee, que encontrou novo reconhecimento aos 60 anos. A trama traz tr\u00eas personagens femininas identificadas apenas pelas letras A, B e C \u2014 tr\u00eas vers\u00f5es da mesma mulher em diferentes fases da vida: velhice (Ana Rosa), maturidade (Helena Ranaldi) e juventude (Fernanda Nobre). A narrativa se desenvolve a partir do encontro entre essas tr\u00eas figuras, que reavaliam suas escolhas e percep\u00e7\u00f5es de mundo, em um embate emocional e filos\u00f3fico sobre tempo, mem\u00f3ria e identidade.<\/p>\n<p>\u201cApesar dos temas profundos, a pe\u00e7a \u00e9 uma com\u00e9dia em que rimos de n\u00f3s mesmos\u201d, afirma o diretor Fernando Philbert. Segundo ele, a nova montagem atualiza o olhar sobre a obra \u00e0 luz das transforma\u00e7\u00f5es sociais, especialmente em rela\u00e7\u00e3o \u00e0s quest\u00f5es femininas, como machismo, desejo, casamento e autonomia.<\/p>\n<p>A pe\u00e7a foi encenada pela primeira vez no Brasil em 1995, com dire\u00e7\u00e3o de Jos\u00e9 Possi Neto. Agora, quase tr\u00eas d\u00e9cadas depois, retorna em uma leitura contempor\u00e2nea que refor\u00e7a o car\u00e1ter universal e atemporal do texto. No exterior, <em>Tr\u00eas Mulheres Altas<\/em> teve montagens de sucesso na Broadway e no West End, incluindo uma remontagem de destaque em 2018 com Glenda Jackson, Laurie Metcalf e Alison Pill.<\/p>\n<p>Albee, que faleceu em 2016 aos 88 anos, deixou um legado de 25 pe\u00e7as publicadas, entre elas <em>Quem Tem Medo de Virginia Woolf?<\/em> e <em>Zoo Story<\/em>, nas quais sempre criticou com ironia os valores da classe m\u00e9dia americana. Em <em>Tr\u00eas Mulheres Altas<\/em>, o autor transforma a pr\u00f3pria experi\u00eancia pessoal \u2014 especialmente a rela\u00e7\u00e3o conflituosa com sua m\u00e3e adotiva \u2014 em arte que transcende o individual e provoca reflex\u00f5es universais.<\/p>\n<p>A produ\u00e7\u00e3o faz parte do Circuito Cultural Bradesco Seguros, iniciativa que h\u00e1 anos patrocina projetos art\u00edsticos de grande relev\u00e2ncia em todo o pa\u00eds, promovendo acesso \u00e0 cultura em diversas linguagens.<\/p>\n<h3><strong>Sobre Edward Albee<\/strong><\/h3>\n<p>Edward Albee morreu em 2016 aos 88 anos e deixou um imenso legado para o teatro americano com suas 25 pe\u00e7as encenadas e publicadas. Autor de cl\u00e1ssicos como \u2018Quem Tem Medo de Virginia Woolf?\u2019, \u2018Zoo Story\u2019, \u2018Equil\u00edbrio Delicado\u2019 e \u2018Tr\u00eas Mulheres Altas\u2019, ele recebeu tr\u00eas vezes o Pr\u00eamio Pulitzer. Seus textos s\u00e3o marcados por um olhar sarc\u00e1stico e por uma cr\u00edtica intensa \u00e0s conven\u00e7\u00f5es e hipocrisias da sociedade tradicional.<\/p>\n<p>Nascido em 1928, ele foi adotado por Reed e Frances Albee, um casal de milion\u00e1rios dono de uma cadeia de teatros na \u00e9poca. Ele cresceu em um bairro de classe m\u00e9dia alta cercado dos tipos que iria retratar em seus espet\u00e1culos anos mais tarde. Em torno dos 20 anos, sai da casa dos pais definitivamente para viver em Nova York e inicia a sua produ\u00e7\u00e3o liter\u00e1ria.<\/p>\n<p>Em 1957, ao escrever \u2018The Zoo Story\u2019, pe\u00e7a de um ato que ecoava o teatro de Samuel Beckett, Jean Genet e Harold Pinter, Albee encontra a consagra\u00e7\u00e3o inicial de sua exitosa carreira teatral. Em 1962, estreia \u2018Quem Tem Medo de Virginia Woolf\u2019, que o levaria ao auge da fama.<\/p>\n<p>Nos anos 90, \u2018Tr\u00eas Mulheres Altas\u2019 marca seu retorno ao centro das aten\u00e7\u00f5es do cen\u00e1rio teatral nesta que \u00e9 talvez a mais pessoal e autobiogr\u00e1fica de suas pe\u00e7as.<\/p>\n<p>\u00a0<\/p>\n<ul>\n<li>\u00a0\u201cA estreia mundial de \u201cTr\u00eas Mulheres Altas\u201d aconteceu no Teatro Ingl\u00eas de Viena, Franz Schafranek, Produtor, junho de 1991.<\/li>\n<li>\u00a0A primeira produ\u00e7\u00e3o americana foi da River Arts, Woodstock, Nova York, Lawrence Sacharow, diretor de teatro.<\/li>\n<li>\u00a0A pe\u00e7a teve sua estreia em Nova York no Vineyard Theatre. Elizabeth I. McCann, Jeffrey Ash, Daryl Roth em associa\u00e7\u00e3o com Leavitt\/Fox\/Mages apresentaram a produ\u00e7\u00e3o do Teatro Vineyard no setor Off-Broadway no Teattro Promenade em Nova York.<\/li>\n<\/ul>\n<p>\u00a0<\/p>\n<p><strong>Servi\u00e7o<br \/><\/strong>Tr\u00eas Mulheres Altas, de Edward Albee<br \/>Com: Ana Rosa, Helena Ranaldi e Fernanda Nobre<br \/>Datas: 12 e 13 de dezembro (sexta e s\u00e1bado)<br \/>Hor\u00e1rio: 20h<br \/>Local: Theatro Pedro II<br \/>Endere\u00e7o: R. \u00c1lvares Cabral, 370 \u2013 Centro \u2013 Ribeir\u00e3o Preto\/SP<\/p>\n<p><strong>Ingressos<\/strong><\/p>\n<p>Plateia A: R$ 200 (inteira) \/ R$ 100 (meia)<\/p>\n<p>Plateia B e Frisa: R$ 180 \/ R$ 90<\/p>\n<p>Balc\u00e3o Nobre: R$ 120 \/ R$ 60<\/p>\n<p>Balc\u00e3o Nobre (fundo): R$ 50 \/ R$ 25 (popular)<\/p>\n<p>Balc\u00e3o Simples: R$ 50 \/ R$ 25 (popular)<\/p>\n<p>Vendas online: <a href=\"https:\/\/www.megabilheteria.com\">www.megabilheteria.com<\/a><br \/>Informa\u00e7\u00f5es: <a href=\"https:\/\/www.wbproducoes.com\">www.wbproducoes.com<\/a><\/p>\n<p>\u00a0<\/p>\n<p>\u00a0<\/p>\n<p>\u00a0<\/p>\n<p>\u00a0<\/p>\n<p>\u00a0<\/p>\n<\/div>\n<p><br \/>\n<br \/><a href=\"https:\/\/www.tribunaribeirao.com.br\/classico-de-edward-albee-encerra-turne-nacional-com-apresentacoes-em-rp\/\">Source link <\/a><\/p>\n<!-- CONTENT END 1 -->\n","protected":false},"excerpt":{"rendered":"<p>Montagem encerra a turn\u00ea 2025 na cidade, ap\u00f3s passar por 18 cidades brasileiras, alcan\u00e7ar mais de 100 mil espectadores e conquistar indica\u00e7\u00f5es a pr\u00eamios importantes&#8230;<\/p>\n","protected":false},"author":1,"featured_media":75519,"comment_status":"open","ping_status":"open","sticky":false,"template":"","format":"standard","meta":{"advanced_seo_description":"","jetpack_seo_html_title":"","jetpack_seo_noindex":false,"jetpack_post_was_ever_published":false,"_jetpack_newsletter_access":"","_jetpack_dont_email_post_to_subs":false,"_jetpack_newsletter_tier_id":0,"_jetpack_memberships_contains_paywalled_content":false,"_jetpack_memberships_contains_paid_content":false,"footnotes":"","jetpack_publicize_message":"","jetpack_publicize_feature_enabled":true,"jetpack_social_post_already_shared":true,"jetpack_social_options":{"image_generator_settings":{"template":"highway","default_image_id":0,"font":"","enabled":false},"version":2}},"categories":[11],"tags":[],"class_list":["post-75518","post","type-post","status-publish","format-standard","has-post-thumbnail","hentry","category-noticias-de-ribeirao-preto-sp-e-regiao-ismael-colosi"],"jetpack_publicize_connections":[],"jetpack_featured_media_url":"https:\/\/i0.wp.com\/noticiasribeiraopreto.com.br\/wp-content\/uploads\/2025\/08\/3MA_Foto-Pino-Gomes-site.jpg?fit=800%2C534&ssl=1","jetpack-related-posts":[{"id":80633,"url":"https:\/\/noticiasribeiraopreto.com.br\/index.php\/2025\/12\/09\/peca-tres-mulheres-altas-chega-a-ribeirao-preto-ainda-ha-ingressos\/","url_meta":{"origin":75518,"position":0},"title":"Pe\u00e7a \u2018Tr\u00eas Mulheres Altas\u2019 chega a Ribeir\u00e3o Preto; ainda h\u00e1 ingressos","author":"noticiasribeiraopreto.com.br","date":"9 de December de 2025","format":false,"excerpt":"O espet\u00e1culo \u201cTr\u00eas Mulheres Altas\u201d, estrelado por Ana Rosa, Helena Ranaldi e Fernanda Nobre, chega a Ribeir\u00e3o Preto para encerrar a turn\u00ea de 2025 com duas apresenta\u00e7\u00f5es no Theatro Pedro II, programadas para os dias 12 e 13 de dezembro, \u00e0s 20h. A pe\u00e7a A montagem, dirigida por Fernando Philbert\u2026","rel":"","context":"In &quot;Not\u00edcias de Ribeir\u00e3o Preto-SP e Regi\u00e3o&quot;","block_context":{"text":"Not\u00edcias de Ribeir\u00e3o Preto-SP e Regi\u00e3o","link":"https:\/\/noticiasribeiraopreto.com.br\/index.php\/category\/noticias-de-ribeirao-preto-sp-e-regiao-ismael-colosi\/"},"img":{"alt_text":"","src":"https:\/\/i0.wp.com\/noticiasribeiraopreto.com.br\/wp-content\/uploads\/2025\/12\/Copia-de-Copia-de-Copia-de-TAMANHO-EXATO-PARA-FOTOS-NO-SISTEMA-NOVO-2025-12-08T195317.552_2025-12-08_22-53-28.webp.webp?fit=1200%2C675&ssl=1&resize=350%2C200","width":350,"height":200,"srcset":"https:\/\/i0.wp.com\/noticiasribeiraopreto.com.br\/wp-content\/uploads\/2025\/12\/Copia-de-Copia-de-Copia-de-TAMANHO-EXATO-PARA-FOTOS-NO-SISTEMA-NOVO-2025-12-08T195317.552_2025-12-08_22-53-28.webp.webp?fit=1200%2C675&ssl=1&resize=350%2C200 1x, https:\/\/i0.wp.com\/noticiasribeiraopreto.com.br\/wp-content\/uploads\/2025\/12\/Copia-de-Copia-de-Copia-de-TAMANHO-EXATO-PARA-FOTOS-NO-SISTEMA-NOVO-2025-12-08T195317.552_2025-12-08_22-53-28.webp.webp?fit=1200%2C675&ssl=1&resize=525%2C300 1.5x, https:\/\/i0.wp.com\/noticiasribeiraopreto.com.br\/wp-content\/uploads\/2025\/12\/Copia-de-Copia-de-Copia-de-TAMANHO-EXATO-PARA-FOTOS-NO-SISTEMA-NOVO-2025-12-08T195317.552_2025-12-08_22-53-28.webp.webp?fit=1200%2C675&ssl=1&resize=700%2C400 2x, https:\/\/i0.wp.com\/noticiasribeiraopreto.com.br\/wp-content\/uploads\/2025\/12\/Copia-de-Copia-de-Copia-de-TAMANHO-EXATO-PARA-FOTOS-NO-SISTEMA-NOVO-2025-12-08T195317.552_2025-12-08_22-53-28.webp.webp?fit=1200%2C675&ssl=1&resize=1050%2C600 3x"},"classes":[]},{"id":12010,"url":"https:\/\/noticiasribeiraopreto.com.br\/index.php\/2023\/12\/07\/thiaguinho-apresenta-tardezinha-para-20-mil-pessoas-em-rp\/","url_meta":{"origin":75518,"position":1},"title":"Thiaguinho apresenta Tardezinha para 20 mil pessoas em RP","author":"noticiasribeiraopreto.com.br","date":"7 de December de 2023","format":false,"excerpt":"7 de dezembro de 2023 | 9:036 de dezembro de 2023 | 12:04 0A Arena Eurobike foi palco do projeto Tardezinha,\u00a0liderado pelo cantor e compositor Thiaguinho\u00a020.000 pessoas estiveram no evento e cantaram do in\u00edcio ao fim grandes hits do samba e do pagode, como \u201cT\u00e1 Vendo Aquela Lua\u201d e \u201cSou\u2026","rel":"","context":"In &quot;Not\u00edcias de Ribeir\u00e3o Preto-SP e Regi\u00e3o&quot;","block_context":{"text":"Not\u00edcias de Ribeir\u00e3o Preto-SP e Regi\u00e3o","link":"https:\/\/noticiasribeiraopreto.com.br\/index.php\/category\/noticias-de-ribeirao-preto-sp-e-regiao-ismael-colosi\/"},"img":{"alt_text":"","src":"https:\/\/i0.wp.com\/noticiasribeiraopreto.com.br\/wp-content\/uploads\/2023\/12\/link.png?fit=886%2C591&ssl=1&resize=350%2C200","width":350,"height":200,"srcset":"https:\/\/i0.wp.com\/noticiasribeiraopreto.com.br\/wp-content\/uploads\/2023\/12\/link.png?fit=886%2C591&ssl=1&resize=350%2C200 1x, https:\/\/i0.wp.com\/noticiasribeiraopreto.com.br\/wp-content\/uploads\/2023\/12\/link.png?fit=886%2C591&ssl=1&resize=525%2C300 1.5x, https:\/\/i0.wp.com\/noticiasribeiraopreto.com.br\/wp-content\/uploads\/2023\/12\/link.png?fit=886%2C591&ssl=1&resize=700%2C400 2x"},"classes":[]},{"id":80803,"url":"https:\/\/noticiasribeiraopreto.com.br\/index.php\/2025\/12\/14\/fuleragem-encerra-turne-2025-em-ribeirao-preto-com-apresentacao-gratuita\/","url_meta":{"origin":75518,"position":2},"title":"&#8216;Fuleragem&#8217; encerra turn\u00ea 2025 em Ribeir\u00e3o Preto com apresenta\u00e7\u00e3o gratuita","author":"noticiasribeiraopreto.com.br","date":"14 de December de 2025","format":false,"excerpt":"Depois de circular por diferentes cidades do Estado de S\u00e3o Paulo, as Inigual\u00e1veis Irm\u00e3s Cola retornam a Ribeir\u00e3o Preto para a \u00faltima apresenta\u00e7\u00e3o da turn\u00ea 2025 do espet\u00e1culo \u201cFuleragem\u201c. A sess\u00e3o acontece nesta s\u00e1bado (13), \u00e0s 17h, no Coletivo Fuligem, com entrada gratuita. O espet\u00e1culo Fuleragem estreou oficialmente no Cal\u00e7ad\u00e3o\u2026","rel":"","context":"In &quot;Not\u00edcias de Ribeir\u00e3o Preto-SP e Regi\u00e3o&quot;","block_context":{"text":"Not\u00edcias de Ribeir\u00e3o Preto-SP e Regi\u00e3o","link":"https:\/\/noticiasribeiraopreto.com.br\/index.php\/category\/noticias-de-ribeirao-preto-sp-e-regiao-ismael-colosi\/"},"img":{"alt_text":"","src":"https:\/\/i0.wp.com\/noticiasribeiraopreto.com.br\/wp-content\/uploads\/2025\/12\/WhatsApp-Image-2025-12-13-at-10.29.18_2025-12-13_16-37-55.webp.webp?fit=1200%2C800&ssl=1&resize=350%2C200","width":350,"height":200,"srcset":"https:\/\/i0.wp.com\/noticiasribeiraopreto.com.br\/wp-content\/uploads\/2025\/12\/WhatsApp-Image-2025-12-13-at-10.29.18_2025-12-13_16-37-55.webp.webp?fit=1200%2C800&ssl=1&resize=350%2C200 1x, https:\/\/i0.wp.com\/noticiasribeiraopreto.com.br\/wp-content\/uploads\/2025\/12\/WhatsApp-Image-2025-12-13-at-10.29.18_2025-12-13_16-37-55.webp.webp?fit=1200%2C800&ssl=1&resize=525%2C300 1.5x, https:\/\/i0.wp.com\/noticiasribeiraopreto.com.br\/wp-content\/uploads\/2025\/12\/WhatsApp-Image-2025-12-13-at-10.29.18_2025-12-13_16-37-55.webp.webp?fit=1200%2C800&ssl=1&resize=700%2C400 2x, https:\/\/i0.wp.com\/noticiasribeiraopreto.com.br\/wp-content\/uploads\/2025\/12\/WhatsApp-Image-2025-12-13-at-10.29.18_2025-12-13_16-37-55.webp.webp?fit=1200%2C800&ssl=1&resize=1050%2C600 3x"},"classes":[]},{"id":78793,"url":"https:\/\/noticiasribeiraopreto.com.br\/index.php\/2025\/10\/18\/peca-as-aves-da-noite-encerra-turne-com-apresentacoes-gratuitas-em-ribeirao-preto\/","url_meta":{"origin":75518,"position":3},"title":"Pe\u00e7a &#8216;As Aves da Noite&#8217; encerra turn\u00ea com apresenta\u00e7\u00f5es gratuitas em Ribeir\u00e3o Preto","author":"noticiasribeiraopreto.com.br","date":"18 de October de 2025","format":false,"excerpt":"O Teatro Municipal de Ribeir\u00e3o Preto recebe, nos dias 1\u00ba e 2 de novembro, o drama teatral escrito por Hilda Hist h\u00e1 57 anos, \u201cAs Aves da Noite\u201d. As sess\u00f5es acontecem \u00e0s 20h e \u00e0s 18h, com entrada gratuita. As apresenta\u00e7\u00f5es em Ribeir\u00e3o Preto encerram a turn\u00ea que contemplou cinco\u2026","rel":"","context":"In &quot;Not\u00edcias de Ribeir\u00e3o Preto-SP e Regi\u00e3o&quot;","block_context":{"text":"Not\u00edcias de Ribeir\u00e3o Preto-SP e Regi\u00e3o","link":"https:\/\/noticiasribeiraopreto.com.br\/index.php\/category\/noticias-de-ribeirao-preto-sp-e-regiao-ismael-colosi\/"},"img":{"alt_text":"","src":"https:\/\/i0.wp.com\/noticiasribeiraopreto.com.br\/wp-content\/uploads\/2025\/10\/aves-da-noite_2025-10-18_14-18-03.webp.webp?fit=1200%2C800&ssl=1&resize=350%2C200","width":350,"height":200,"srcset":"https:\/\/i0.wp.com\/noticiasribeiraopreto.com.br\/wp-content\/uploads\/2025\/10\/aves-da-noite_2025-10-18_14-18-03.webp.webp?fit=1200%2C800&ssl=1&resize=350%2C200 1x, https:\/\/i0.wp.com\/noticiasribeiraopreto.com.br\/wp-content\/uploads\/2025\/10\/aves-da-noite_2025-10-18_14-18-03.webp.webp?fit=1200%2C800&ssl=1&resize=525%2C300 1.5x, https:\/\/i0.wp.com\/noticiasribeiraopreto.com.br\/wp-content\/uploads\/2025\/10\/aves-da-noite_2025-10-18_14-18-03.webp.webp?fit=1200%2C800&ssl=1&resize=700%2C400 2x, https:\/\/i0.wp.com\/noticiasribeiraopreto.com.br\/wp-content\/uploads\/2025\/10\/aves-da-noite_2025-10-18_14-18-03.webp.webp?fit=1200%2C800&ssl=1&resize=1050%2C600 3x"},"classes":[]},{"id":57927,"url":"https:\/\/noticiasribeiraopreto.com.br\/index.php\/2024\/09\/13\/consumidores-do-interior-de-sp-faturam-na-nota-fiscal-paulista-veja-cidades-sorteadas\/","url_meta":{"origin":75518,"position":4},"title":"Consumidores do interior de SP faturam na Nota Fiscal Paulista; Veja cidades sorteadas","author":"noticiasribeiraopreto.com.br","date":"13 de September de 2024","format":false,"excerpt":"A Nota Fiscal Paulista premiou, nesta sexta-feira (13), sete consumidores do interior de S\u00e3o Paulo. Um dos sortudos vai receber R$ 500 mil, o segundo maior pr\u00eamio do sorteio, e os outros v\u00e3o receber R$ 100 mil cada um. O pr\u00eamio principal de R$ 1 milh\u00e3o, no entanto, saiu para\u2026","rel":"","context":"In &quot;Not\u00edcias de Ribeir\u00e3o Preto-SP e Regi\u00e3o&quot;","block_context":{"text":"Not\u00edcias de Ribeir\u00e3o Preto-SP e Regi\u00e3o","link":"https:\/\/noticiasribeiraopreto.com.br\/index.php\/category\/noticias-de-ribeirao-preto-sp-e-regiao-ismael-colosi\/"},"img":{"alt_text":"","src":"https:\/\/i0.wp.com\/noticiasribeiraopreto.com.br\/wp-content\/uploads\/2024\/09\/WhatsApp-Image-2023-12-20-at-16.26.15.jpeg?fit=1200%2C707&ssl=1&resize=350%2C200","width":350,"height":200,"srcset":"https:\/\/i0.wp.com\/noticiasribeiraopreto.com.br\/wp-content\/uploads\/2024\/09\/WhatsApp-Image-2023-12-20-at-16.26.15.jpeg?fit=1200%2C707&ssl=1&resize=350%2C200 1x, https:\/\/i0.wp.com\/noticiasribeiraopreto.com.br\/wp-content\/uploads\/2024\/09\/WhatsApp-Image-2023-12-20-at-16.26.15.jpeg?fit=1200%2C707&ssl=1&resize=525%2C300 1.5x, https:\/\/i0.wp.com\/noticiasribeiraopreto.com.br\/wp-content\/uploads\/2024\/09\/WhatsApp-Image-2023-12-20-at-16.26.15.jpeg?fit=1200%2C707&ssl=1&resize=700%2C400 2x, https:\/\/i0.wp.com\/noticiasribeiraopreto.com.br\/wp-content\/uploads\/2024\/09\/WhatsApp-Image-2023-12-20-at-16.26.15.jpeg?fit=1200%2C707&ssl=1&resize=1050%2C600 3x"},"classes":[]},{"id":24506,"url":"https:\/\/noticiasribeiraopreto.com.br\/index.php\/2024\/01\/04\/bar-publica-despedida-de-arena-e-encerra-as-operacoes-em-ribeirao-preto\/","url_meta":{"origin":75518,"position":5},"title":"Bar publica despedida e encerra as opera\u00e7\u00f5es em Ribeir\u00e3o Preto","author":"noticiasribeiraopreto.com.br","date":"4 de January de 2024","format":false,"excerpt":"O bar Seo Tib\u00e9rio, localizado na Arena Nicnet Eurobike\/Est\u00e1dio Santa Cruz, em Ribeir\u00e3o Preto, publicou nas redes sociais uma despedida e informou que est\u00e1 encerrando as opera\u00e7\u00f5es. O bar pertence \u00e0 cervejaria Walf\u00e4nger. Na publica\u00e7\u00e3o, a administra\u00e7\u00e3o do Seo Tib\u00e9rio afirma que \u201cchegou a hora de se despedir\u201d porque \u201cuma\u2026","rel":"","context":"In &quot;Not\u00edcias de Ribeir\u00e3o Preto-SP e Regi\u00e3o&quot;","block_context":{"text":"Not\u00edcias de Ribeir\u00e3o Preto-SP e Regi\u00e3o","link":"https:\/\/noticiasribeiraopreto.com.br\/index.php\/category\/noticias-de-ribeirao-preto-sp-e-regiao-ismael-colosi\/"},"img":{"alt_text":"","src":"https:\/\/i0.wp.com\/noticiasribeiraopreto.com.br\/wp-content\/uploads\/2024\/01\/seo-tiberio-ribeirao-preto.jpg?fit=895%2C725&ssl=1&resize=350%2C200","width":350,"height":200,"srcset":"https:\/\/i0.wp.com\/noticiasribeiraopreto.com.br\/wp-content\/uploads\/2024\/01\/seo-tiberio-ribeirao-preto.jpg?fit=895%2C725&ssl=1&resize=350%2C200 1x, https:\/\/i0.wp.com\/noticiasribeiraopreto.com.br\/wp-content\/uploads\/2024\/01\/seo-tiberio-ribeirao-preto.jpg?fit=895%2C725&ssl=1&resize=525%2C300 1.5x, https:\/\/i0.wp.com\/noticiasribeiraopreto.com.br\/wp-content\/uploads\/2024\/01\/seo-tiberio-ribeirao-preto.jpg?fit=895%2C725&ssl=1&resize=700%2C400 2x"},"classes":[]}],"jetpack_sharing_enabled":true,"jetpack_shortlink":"https:\/\/wp.me\/peQAOb-jE2","_links":{"self":[{"href":"https:\/\/noticiasribeiraopreto.com.br\/index.php\/wp-json\/wp\/v2\/posts\/75518","targetHints":{"allow":["GET"]}}],"collection":[{"href":"https:\/\/noticiasribeiraopreto.com.br\/index.php\/wp-json\/wp\/v2\/posts"}],"about":[{"href":"https:\/\/noticiasribeiraopreto.com.br\/index.php\/wp-json\/wp\/v2\/types\/post"}],"author":[{"embeddable":true,"href":"https:\/\/noticiasribeiraopreto.com.br\/index.php\/wp-json\/wp\/v2\/users\/1"}],"replies":[{"embeddable":true,"href":"https:\/\/noticiasribeiraopreto.com.br\/index.php\/wp-json\/wp\/v2\/comments?post=75518"}],"version-history":[{"count":0,"href":"https:\/\/noticiasribeiraopreto.com.br\/index.php\/wp-json\/wp\/v2\/posts\/75518\/revisions"}],"wp:featuredmedia":[{"embeddable":true,"href":"https:\/\/noticiasribeiraopreto.com.br\/index.php\/wp-json\/wp\/v2\/media\/75519"}],"wp:attachment":[{"href":"https:\/\/noticiasribeiraopreto.com.br\/index.php\/wp-json\/wp\/v2\/media?parent=75518"}],"wp:term":[{"taxonomy":"category","embeddable":true,"href":"https:\/\/noticiasribeiraopreto.com.br\/index.php\/wp-json\/wp\/v2\/categories?post=75518"},{"taxonomy":"post_tag","embeddable":true,"href":"https:\/\/noticiasribeiraopreto.com.br\/index.php\/wp-json\/wp\/v2\/tags?post=75518"}],"curies":[{"name":"wp","href":"https:\/\/api.w.org\/{rel}","templated":true}]}}