{"id":75520,"date":"2025-08-10T15:22:07","date_gmt":"2025-08-10T18:22:07","guid":{"rendered":"https:\/\/noticiasribeiraopreto.com.br\/index.php\/2025\/08\/10\/cuidadores-admitem-dar-palmadas-em-criancas\/"},"modified":"2025-08-10T15:22:07","modified_gmt":"2025-08-10T18:22:07","slug":"cuidadores-admitem-dar-palmadas-em-criancas","status":"publish","type":"post","link":"https:\/\/noticiasribeiraopreto.com.br\/index.php\/2025\/08\/10\/cuidadores-admitem-dar-palmadas-em-criancas\/","title":{"rendered":"Cuidadores admitem dar palmadas em crian\u00e7as"},"content":{"rendered":"<div class='code-block code-block-1' style='margin: 8px 0 8px auto; text-align: right; display: block; clear: both;'>\n<p><a href=\"https:\/\/wa.link\/vpicfd\"><img data-recalc-dims=\"1\" class=\"wp-image-4922\" style=\"aspect-ratio: 2.0253164556962027; width: 561px; height: auto;\" src=\"https:\/\/i0.wp.com\/ismaelcolosi.com.br\/wp-content\/uploads\/2023\/11\/grupo-de-empregos-whatsapp-e-facebook-ismael-colosi-vagas.jpg?ssl=1\" alt=\"\" \/><\/a><\/p>\n<!-- \/wp:image -->\n<\/div>\n<p> <br \/>\n<\/p>\n<div id=\"\">\n<p>\n\t\t\t\t\t\t\t\t\t<span class=\"entry-meta-item penci-posted-on\"><i class=\"fa fa-clock-o\"\/><time class=\"entry-date published\" datetime=\"2025-08-10T15:17:43-03:00\">10 de agosto de 2025 15:17<\/time><time class=\"updated\" datetime=\"2025-08-10T00:21:14-03:00\">10 de agosto de 2025 00:21<\/time><\/span><span class=\"entry-meta-item penci-post-countview\"><span class=\"entry-meta-item penci-post-countview penci_post-meta_item\"><i class=\"fa fa-eye\"\/><span class=\"penci-post-countview-number penci-post-countview-p434568\">10<\/span><\/span><\/span>\t\t\t\t\t\t\t\t<\/p>\n<p><!-- .entry-meta --><br \/>\n\t\t\t\t\t\t\t\t<span class=\"penci-social-buttons penci-social-share-footer\"><span class=\"penci-social-share-text\">Compartilhar<\/span><a href=\"#\" class=\"penci-post-like penci_post-meta_item  single-like-button penci-social-item like\" data-post_id=\"434568\" title=\"Like\" data-like=\"Like\" data-unlike=\"Unlike\"><i class=\"fa fa-thumbs-o-up\"\/><span class=\"penci-share-number\">0<\/span><\/a><i class=\"fa fa-facebook\"\/><a class=\"penci-social-item twitter\" target=\"_blank\" rel=\"noopener\" title=\"\" href=\"https:\/\/twitter.com\/intent\/tweet?text=Cuidadores%20admitem%20dar%20palmadas%20em%20crian\u00e7as%20-%20https:\/\/www.tribunaribeirao.com.br\/cuidadores-admitem-dar-palmadas-em-criancas\/\"><i class=\"fa fa-twitter\"\/><\/a><i class=\"fa fa-linkedin\"\/><i class=\"fa fa-whatsapp\"\/><i class=\"fa fa-telegram\"\/><i class=\"fa fa-envelope\"\/><\/span>\t\t\t\t\t\t\t<\/div>\n<div>\n<p><em>Constata\u00e7\u00e3o est\u00e1 no levantamento Panorama da Primeira Inf\u00e2ncia: o que o Brasil sabe, vive e pensa sobre os primeiros seis anos de vida<\/em><\/p>\n<p>Apesar de castigos f\u00edsicos como palmadas, belisc\u00f5es e apertos serem proibidos por lei, 29% das pessoas cuidadoras de crian\u00e7as de at\u00e9 6 anos admitem utilizar esses m\u00e9todos como estrat\u00e9gia de disciplina. Treze por cento reconhecem que fazem isso sempre.<\/p>\n<p>A constata\u00e7\u00e3o est\u00e1 no levantamento Panorama da Primeira Inf\u00e2ncia: o que o Brasil sabe, vive e pensa sobre os primeiros seis anos de vida, lan\u00e7ado esta semana pela Funda\u00e7\u00e3o Maria Cecilia Souto Vidigal. A organiza\u00e7\u00e3o da sociedade civil, com sede em S\u00e3o Paulo, atua pela causa da primeira inf\u00e2ncia com o objetivo de impactar positivamente o desenvolvimento de crian\u00e7as de at\u00e9 6 anos.<\/p>\n<p>A pesquisa foi realizada em parceria com o Instituto Datafolha e entrevistou 2.206 pessoas em todo o pa\u00eds, sendo 822 cuidadores de crian\u00e7as nessa faixa et\u00e1ria. O estudo mostrou que 17% dos cuidadores consideram esses atos uma forma eficaz de disciplina. Ou seja, 12% agridem mesmo sabendo que essa n\u00e3o \u00e9 uma forma eficiente de educar.<\/p>\n<p>Apesar dessas respostas associadas a comportamento repressivo, os m\u00e9todos disciplinares mais citados foram: conversar e explicar o erro (96% dos entrevistados) e acalmar a crian\u00e7a e retir\u00e1-la do lugar ou situa\u00e7\u00e3o (93%).<\/p>\n<p>Entre as pessoas que admitem comportamentos agressivos contra crian\u00e7as, a maior parte (40%) acredita que uma consequ\u00eancia \u00e9 \u201cmaior respeito pela autoridade e ensinar a crian\u00e7a a obedecer\u201d.<\/p>\n<p>Um ter\u00e7o de quem bate em crian\u00e7as (33%) reconhece que um dos impactos \u00e9 o comportamento agressivo, e um em cada cinco (21%) admite que a crian\u00e7a desenvolve baixa autoestima e falta de confian\u00e7a.<\/p>\n<p>No Brasil, h\u00e1 mais de dez anos, a Lei Menino Bernardo, tamb\u00e9m conhecida como Lei da Palmada (Lei n\u00ba 13.010\/2014), pro\u00edbe esses tipos de castigos f\u00edsicos aplicados a crian\u00e7as e adolescentes, com os autores das agress\u00f5es podendo ser advertidos e encaminhados para cursos e programas de orienta\u00e7\u00e3o.<\/p>\n<p>A lei recebeu esse nome como forma de lembrar a morte de Bernardo Boldrini, de 11 anos, v\u00edtima de agress\u00f5es e morto pela madrasta e pelo pai na cidade de Tr\u00eas Passos, no Rio Grande do Sul, em abril de 2014.<\/p>\n<p>A diretora-executiva da Funda\u00e7\u00e3o Maria Cecilia Souto Vidigal, Mariana Luz, lamenta o percentual identificado pelo levantamento e considera que h\u00e1 repeti\u00e7\u00e3o de um padr\u00e3o cultural que n\u00e3o funciona como disciplinador.<\/p>\n<p>\u201cUm cachorro voc\u00ea n\u00e3o agride em pra\u00e7a p\u00fablica, porque algu\u00e9m vai pegar o telefone e vai denunciar. Uma crian\u00e7a, n\u00e3o. Uma crian\u00e7a recebe um tapa, um berro, um belisc\u00e3o dentro de um equipamento p\u00fablico e ningu\u00e9m fala nada\u201d, diz.<\/p>\n<p>\u00a0<\/p>\n<\/div>\n<p><script async src=\"\/\/platform.twitter.com\/widgets.js\" charset=\"utf-8\"><\/script><br \/>\n<br \/><br \/>\n<br \/><a href=\"https:\/\/www.tribunaribeirao.com.br\/cuidadores-admitem-dar-palmadas-em-criancas\/\">Source link <\/a><\/p>\n<!-- CONTENT END 1 -->\n","protected":false},"excerpt":{"rendered":"<p>10 de agosto de 2025 15:1710 de agosto de 2025 00:2110 Compartilhar0 Constata\u00e7\u00e3o est\u00e1 no levantamento Panorama da Primeira Inf\u00e2ncia: o que o Brasil sabe,&#8230;<\/p>\n","protected":false},"author":1,"featured_media":75521,"comment_status":"open","ping_status":"open","sticky":false,"template":"","format":"standard","meta":{"advanced_seo_description":"","jetpack_seo_html_title":"","jetpack_seo_noindex":false,"jetpack_post_was_ever_published":false,"_jetpack_newsletter_access":"","_jetpack_dont_email_post_to_subs":false,"_jetpack_newsletter_tier_id":0,"_jetpack_memberships_contains_paywalled_content":false,"_jetpack_memberships_contains_paid_content":false,"footnotes":"","jetpack_publicize_message":"","jetpack_publicize_feature_enabled":true,"jetpack_social_post_already_shared":true,"jetpack_social_options":{"image_generator_settings":{"template":"highway","default_image_id":0,"font":"","enabled":false},"version":2}},"categories":[11],"tags":[],"class_list":["post-75520","post","type-post","status-publish","format-standard","has-post-thumbnail","hentry","category-noticias-de-ribeirao-preto-sp-e-regiao-ismael-colosi"],"jetpack_publicize_connections":[],"jetpack_featured_media_url":"https:\/\/i0.wp.com\/noticiasribeiraopreto.com.br\/wp-content\/uploads\/2025\/08\/palmada.jpg?fit=800%2C500&ssl=1","jetpack-related-posts":[{"id":55868,"url":"https:\/\/noticiasribeiraopreto.com.br\/index.php\/2024\/08\/07\/brasileiros-comemoram-governo-anuncia-pagamento-de-confirmado-pelo-governo-em-todo-o-pais-veja-como-receber\/","url_meta":{"origin":75520,"position":0},"title":"Brasileiros Comemoram! Governo Anuncia Pagamento de Confirmado pelo Governo em Todo o Pa\u00eds; Veja como receber","author":"noticiasribeiraopreto.com.br","date":"7 de August de 2024","format":false,"excerpt":"O dep\u00f3sito de R$ 102 ser\u00e1 feito novamente para mais de 5,81 milh\u00f5es de fam\u00edlias. O pagamento j\u00e1 foi confirmado e a data foi anunciada pelo Governo Federal. Esse valor contribui para a compra de necessidades na casa dos brasileiros. Est\u00e1 confirmado que o pagamento de R$ 102 em todo\u2026","rel":"","context":"In &quot;Dinheiro e Investimento&quot;","block_context":{"text":"Dinheiro e Investimento","link":"https:\/\/noticiasribeiraopreto.com.br\/index.php\/category\/dinheiro-e-investimento-como-fazer-como-ganhar\/"},"img":{"alt_text":"","src":"https:\/\/i0.wp.com\/noticiasribeiraopreto.com.br\/wp-content\/uploads\/2024\/08\/pagamento-de-r-102.webp.webp?fit=1200%2C630&ssl=1&resize=350%2C200","width":350,"height":200,"srcset":"https:\/\/i0.wp.com\/noticiasribeiraopreto.com.br\/wp-content\/uploads\/2024\/08\/pagamento-de-r-102.webp.webp?fit=1200%2C630&ssl=1&resize=350%2C200 1x, https:\/\/i0.wp.com\/noticiasribeiraopreto.com.br\/wp-content\/uploads\/2024\/08\/pagamento-de-r-102.webp.webp?fit=1200%2C630&ssl=1&resize=525%2C300 1.5x, https:\/\/i0.wp.com\/noticiasribeiraopreto.com.br\/wp-content\/uploads\/2024\/08\/pagamento-de-r-102.webp.webp?fit=1200%2C630&ssl=1&resize=700%2C400 2x, https:\/\/i0.wp.com\/noticiasribeiraopreto.com.br\/wp-content\/uploads\/2024\/08\/pagamento-de-r-102.webp.webp?fit=1200%2C630&ssl=1&resize=1050%2C600 3x"},"classes":[]},{"id":56613,"url":"https:\/\/noticiasribeiraopreto.com.br\/index.php\/2024\/08\/15\/ribeirao-preto-recebe-festival-nacional-de-teatro-veja-a-programacao\/","url_meta":{"origin":75520,"position":1},"title":"Ribeir\u00e3o Preto recebe Festival Nacional de Teatro; Veja a programa\u00e7\u00e3o","author":"noticiasribeiraopreto.com.br","date":"15 de August de 2024","format":false,"excerpt":"A 8\u00aa edi\u00e7\u00e3o do Festival Nacional de Teatro chega a Ribeir\u00e3o Preto nesta sexta-feira (16) e segue at\u00e9 o dia 1\u00ba de setembro. S\u00e3o 35 espet\u00e1culos, nove oficinas e tr\u00eas performances, no Teatro Municipal, parques, pra\u00e7as e outros teatros da cidade. Toda a programa\u00e7\u00e3o \u00e9 gratuita. A novidade deste ano\u2026","rel":"","context":"In &quot;Not\u00edcias de Ribeir\u00e3o Preto-SP e Regi\u00e3o&quot;","block_context":{"text":"Not\u00edcias de Ribeir\u00e3o Preto-SP e Regi\u00e3o","link":"https:\/\/noticiasribeiraopreto.com.br\/index.php\/category\/noticias-de-ribeirao-preto-sp-e-regiao-ismael-colosi\/"},"img":{"alt_text":"","src":"https:\/\/i0.wp.com\/noticiasribeiraopreto.com.br\/wp-content\/uploads\/2024\/08\/Copia-de-Copia-de-Copia-de-TAMANHO-EXATO-PARA-FOTOS-NO-SISTEMA-NOVO-2_2024-08-15_12-44-51_jpg_2024-08-15_12-44-51.webp.webp?fit=1200%2C675&ssl=1&resize=350%2C200","width":350,"height":200,"srcset":"https:\/\/i0.wp.com\/noticiasribeiraopreto.com.br\/wp-content\/uploads\/2024\/08\/Copia-de-Copia-de-Copia-de-TAMANHO-EXATO-PARA-FOTOS-NO-SISTEMA-NOVO-2_2024-08-15_12-44-51_jpg_2024-08-15_12-44-51.webp.webp?fit=1200%2C675&ssl=1&resize=350%2C200 1x, https:\/\/i0.wp.com\/noticiasribeiraopreto.com.br\/wp-content\/uploads\/2024\/08\/Copia-de-Copia-de-Copia-de-TAMANHO-EXATO-PARA-FOTOS-NO-SISTEMA-NOVO-2_2024-08-15_12-44-51_jpg_2024-08-15_12-44-51.webp.webp?fit=1200%2C675&ssl=1&resize=525%2C300 1.5x, https:\/\/i0.wp.com\/noticiasribeiraopreto.com.br\/wp-content\/uploads\/2024\/08\/Copia-de-Copia-de-Copia-de-TAMANHO-EXATO-PARA-FOTOS-NO-SISTEMA-NOVO-2_2024-08-15_12-44-51_jpg_2024-08-15_12-44-51.webp.webp?fit=1200%2C675&ssl=1&resize=700%2C400 2x, https:\/\/i0.wp.com\/noticiasribeiraopreto.com.br\/wp-content\/uploads\/2024\/08\/Copia-de-Copia-de-Copia-de-TAMANHO-EXATO-PARA-FOTOS-NO-SISTEMA-NOVO-2_2024-08-15_12-44-51_jpg_2024-08-15_12-44-51.webp.webp?fit=1200%2C675&ssl=1&resize=1050%2C600 3x"},"classes":[]},{"id":55616,"url":"https:\/\/noticiasribeiraopreto.com.br\/index.php\/2024\/08\/03\/atencao-beneficiarios-bolsa-familia-divulga-calendario-do-mes-de-agosto-para-os-nis-1-2-3-4-5-6-7-8-9-e-0-confira-as-datas-de-pagamento-2\/","url_meta":{"origin":75520,"position":2},"title":"Aten\u00e7\u00e3o benefici\u00e1rios! Bolsa fam\u00edlia divulga calend\u00e1rio do m\u00eas de Agosto para os NIS 1, 2, 3, 4, 5, 6, 7, 8, 9 e 0; Confira as datas de pagamento","author":"noticiasribeiraopreto.com.br","date":"3 de August de 2024","format":false,"excerpt":"O Bolsa Fam\u00edlia, programa de transfer\u00eancia de renda do governo federal brasileiro, continua sendo uma ferramenta importante para milh\u00f5es de fam\u00edlias em situa\u00e7\u00e3o de vulnerabilidade econ\u00f4mica. Para fornecer assist\u00eancia financeira mensal, o programa prev\u00ea pagamentos de acordo com um calend\u00e1rio espec\u00edfico, que inclui benef\u00edcios adicionais em determinadas ocasi\u00f5es. Para receber\u2026","rel":"","context":"In &quot;Dinheiro e Investimento&quot;","block_context":{"text":"Dinheiro e Investimento","link":"https:\/\/noticiasribeiraopreto.com.br\/index.php\/category\/dinheiro-e-investimento-como-fazer-como-ganhar\/"},"img":{"alt_text":"","src":"https:\/\/i0.wp.com\/noticiasribeiraopreto.com.br\/wp-content\/uploads\/2024\/07\/reuniao-semanal-equipe-borcelle.webp.webp?fit=1200%2C630&ssl=1&resize=350%2C200","width":350,"height":200,"srcset":"https:\/\/i0.wp.com\/noticiasribeiraopreto.com.br\/wp-content\/uploads\/2024\/07\/reuniao-semanal-equipe-borcelle.webp.webp?fit=1200%2C630&ssl=1&resize=350%2C200 1x, https:\/\/i0.wp.com\/noticiasribeiraopreto.com.br\/wp-content\/uploads\/2024\/07\/reuniao-semanal-equipe-borcelle.webp.webp?fit=1200%2C630&ssl=1&resize=525%2C300 1.5x, https:\/\/i0.wp.com\/noticiasribeiraopreto.com.br\/wp-content\/uploads\/2024\/07\/reuniao-semanal-equipe-borcelle.webp.webp?fit=1200%2C630&ssl=1&resize=700%2C400 2x, https:\/\/i0.wp.com\/noticiasribeiraopreto.com.br\/wp-content\/uploads\/2024\/07\/reuniao-semanal-equipe-borcelle.webp.webp?fit=1200%2C630&ssl=1&resize=1050%2C600 3x"},"classes":[]},{"id":55276,"url":"https:\/\/noticiasribeiraopreto.com.br\/index.php\/2024\/07\/31\/atencao-beneficiarios-bolsa-familia-divulga-calendario-do-mes-de-agosto-para-os-nis-1-2-3-4-5-6-7-8-9-e-0-confira-as-datas-de-pagamento\/","url_meta":{"origin":75520,"position":3},"title":"Aten\u00e7\u00e3o benefici\u00e1rios! Bolsa fam\u00edlia divulga calend\u00e1rio do m\u00eas de Agosto para os NIS 1, 2, 3, 4, 5, 6, 7, 8, 9 e 0; Confira as datas de pagamento","author":"noticiasribeiraopreto.com.br","date":"31 de July de 2024","format":false,"excerpt":"O Bolsa Fam\u00edlia, programa de transfer\u00eancia de renda do governo federal brasileiro, continua sendo uma ferramenta importante para milh\u00f5es de fam\u00edlias em situa\u00e7\u00e3o de vulnerabilidade econ\u00f4mica. Para fornecer assist\u00eancia financeira mensal, o programa prev\u00ea pagamentos de acordo com um calend\u00e1rio espec\u00edfico, que inclui benef\u00edcios adicionais em determinadas ocasi\u00f5es. Para receber\u2026","rel":"","context":"In &quot;Dinheiro e Investimento&quot;","block_context":{"text":"Dinheiro e Investimento","link":"https:\/\/noticiasribeiraopreto.com.br\/index.php\/category\/dinheiro-e-investimento-como-fazer-como-ganhar\/"},"img":{"alt_text":"","src":"https:\/\/i0.wp.com\/noticiasribeiraopreto.com.br\/wp-content\/uploads\/2024\/07\/reuniao-semanal-equipe-borcelle.webp.webp?fit=1200%2C630&ssl=1&resize=350%2C200","width":350,"height":200,"srcset":"https:\/\/i0.wp.com\/noticiasribeiraopreto.com.br\/wp-content\/uploads\/2024\/07\/reuniao-semanal-equipe-borcelle.webp.webp?fit=1200%2C630&ssl=1&resize=350%2C200 1x, https:\/\/i0.wp.com\/noticiasribeiraopreto.com.br\/wp-content\/uploads\/2024\/07\/reuniao-semanal-equipe-borcelle.webp.webp?fit=1200%2C630&ssl=1&resize=525%2C300 1.5x, https:\/\/i0.wp.com\/noticiasribeiraopreto.com.br\/wp-content\/uploads\/2024\/07\/reuniao-semanal-equipe-borcelle.webp.webp?fit=1200%2C630&ssl=1&resize=700%2C400 2x, https:\/\/i0.wp.com\/noticiasribeiraopreto.com.br\/wp-content\/uploads\/2024\/07\/reuniao-semanal-equipe-borcelle.webp.webp?fit=1200%2C630&ssl=1&resize=1050%2C600 3x"},"classes":[]},{"id":75034,"url":"https:\/\/noticiasribeiraopreto.com.br\/index.php\/2025\/08\/01\/casa-de-portinari-tem-programacao-especial-no-mes-de-aniversario-de-brodowski-confira\/","url_meta":{"origin":75520,"position":4},"title":"Casa de Portinari tem programa\u00e7\u00e3o especial no m\u00eas de anivers\u00e1rio de Brodowski; confira","author":"noticiasribeiraopreto.com.br","date":"1 de August de 2025","format":false,"excerpt":"O Museu Casa de Portinari, em Brodowski, regi\u00e3o de Ribeir\u00e3o Preto, conta com uma agenda especial em agosto, m\u00eas que celebra os 112 anos da cidade. A programa\u00e7\u00e3o re\u00fane atividades culturais que valorizam a hist\u00f3ria e a mem\u00f3ria local, tendo como ponto alto a 50\u00aa Semana de Portinari, que acontece\u2026","rel":"","context":"In &quot;Not\u00edcias de Ribeir\u00e3o Preto-SP e Regi\u00e3o&quot;","block_context":{"text":"Not\u00edcias de Ribeir\u00e3o Preto-SP e Regi\u00e3o","link":"https:\/\/noticiasribeiraopreto.com.br\/index.php\/category\/noticias-de-ribeirao-preto-sp-e-regiao-ismael-colosi\/"},"img":{"alt_text":"","src":"https:\/\/i0.wp.com\/noticiasribeiraopreto.com.br\/wp-content\/uploads\/2025\/08\/f39de422-408e-4e01-885d-e6f6ebd33ced_2025-08-01_15-24-13.webp.webp?fit=1200%2C800&ssl=1&resize=350%2C200","width":350,"height":200,"srcset":"https:\/\/i0.wp.com\/noticiasribeiraopreto.com.br\/wp-content\/uploads\/2025\/08\/f39de422-408e-4e01-885d-e6f6ebd33ced_2025-08-01_15-24-13.webp.webp?fit=1200%2C800&ssl=1&resize=350%2C200 1x, https:\/\/i0.wp.com\/noticiasribeiraopreto.com.br\/wp-content\/uploads\/2025\/08\/f39de422-408e-4e01-885d-e6f6ebd33ced_2025-08-01_15-24-13.webp.webp?fit=1200%2C800&ssl=1&resize=525%2C300 1.5x, https:\/\/i0.wp.com\/noticiasribeiraopreto.com.br\/wp-content\/uploads\/2025\/08\/f39de422-408e-4e01-885d-e6f6ebd33ced_2025-08-01_15-24-13.webp.webp?fit=1200%2C800&ssl=1&resize=700%2C400 2x, https:\/\/i0.wp.com\/noticiasribeiraopreto.com.br\/wp-content\/uploads\/2025\/08\/f39de422-408e-4e01-885d-e6f6ebd33ced_2025-08-01_15-24-13.webp.webp?fit=1200%2C800&ssl=1&resize=1050%2C600 3x"},"classes":[]},{"id":76028,"url":"https:\/\/noticiasribeiraopreto.com.br\/index.php\/2025\/08\/20\/instabilidade-tira-do-ar-consulta-de-dados-sobre-qualidade-do-ar-em-ribeirao-entenda\/","url_meta":{"origin":75520,"position":5},"title":"Instabilidade tira do ar consulta de dados sobre qualidade do ar em Ribeir\u00e3o; Entenda","author":"noticiasribeiraopreto.com.br","date":"20 de August de 2025","format":false,"excerpt":"Com a chegada do veranico, per\u00edodo em que as temperaturas ficam acima da m\u00e9dia mesmo no inverno, a qualidade do ar em Ribeir\u00e3o Preto pode ser prejudicada. Nesta semana, por\u00e9m, quem tentou acompanhar os \u00edndices de monitoramento encontrou dificuldades, j\u00e1 que a aba do site da Cetesb (Companhia Ambiental do\u2026","rel":"","context":"In &quot;Not\u00edcias de Ribeir\u00e3o Preto-SP e Regi\u00e3o&quot;","block_context":{"text":"Not\u00edcias de Ribeir\u00e3o Preto-SP e Regi\u00e3o","link":"https:\/\/noticiasribeiraopreto.com.br\/index.php\/category\/noticias-de-ribeirao-preto-sp-e-regiao-ismael-colosi\/"},"img":{"alt_text":"","src":"https:\/\/i0.wp.com\/noticiasribeiraopreto.com.br\/wp-content\/uploads\/2025\/08\/Copia-de-Copia-de-Copia-de-TAMANHO-EXATO-PARA-FOTOS-NO-SISTEMA-NOVO-2025-08-20T190609.455_2025-08-20_22-06-17.webp.webp?fit=1200%2C675&ssl=1&resize=350%2C200","width":350,"height":200,"srcset":"https:\/\/i0.wp.com\/noticiasribeiraopreto.com.br\/wp-content\/uploads\/2025\/08\/Copia-de-Copia-de-Copia-de-TAMANHO-EXATO-PARA-FOTOS-NO-SISTEMA-NOVO-2025-08-20T190609.455_2025-08-20_22-06-17.webp.webp?fit=1200%2C675&ssl=1&resize=350%2C200 1x, https:\/\/i0.wp.com\/noticiasribeiraopreto.com.br\/wp-content\/uploads\/2025\/08\/Copia-de-Copia-de-Copia-de-TAMANHO-EXATO-PARA-FOTOS-NO-SISTEMA-NOVO-2025-08-20T190609.455_2025-08-20_22-06-17.webp.webp?fit=1200%2C675&ssl=1&resize=525%2C300 1.5x, https:\/\/i0.wp.com\/noticiasribeiraopreto.com.br\/wp-content\/uploads\/2025\/08\/Copia-de-Copia-de-Copia-de-TAMANHO-EXATO-PARA-FOTOS-NO-SISTEMA-NOVO-2025-08-20T190609.455_2025-08-20_22-06-17.webp.webp?fit=1200%2C675&ssl=1&resize=700%2C400 2x, https:\/\/i0.wp.com\/noticiasribeiraopreto.com.br\/wp-content\/uploads\/2025\/08\/Copia-de-Copia-de-Copia-de-TAMANHO-EXATO-PARA-FOTOS-NO-SISTEMA-NOVO-2025-08-20T190609.455_2025-08-20_22-06-17.webp.webp?fit=1200%2C675&ssl=1&resize=1050%2C600 3x"},"classes":[]}],"jetpack_sharing_enabled":true,"jetpack_shortlink":"https:\/\/wp.me\/peQAOb-jE4","_links":{"self":[{"href":"https:\/\/noticiasribeiraopreto.com.br\/index.php\/wp-json\/wp\/v2\/posts\/75520","targetHints":{"allow":["GET"]}}],"collection":[{"href":"https:\/\/noticiasribeiraopreto.com.br\/index.php\/wp-json\/wp\/v2\/posts"}],"about":[{"href":"https:\/\/noticiasribeiraopreto.com.br\/index.php\/wp-json\/wp\/v2\/types\/post"}],"author":[{"embeddable":true,"href":"https:\/\/noticiasribeiraopreto.com.br\/index.php\/wp-json\/wp\/v2\/users\/1"}],"replies":[{"embeddable":true,"href":"https:\/\/noticiasribeiraopreto.com.br\/index.php\/wp-json\/wp\/v2\/comments?post=75520"}],"version-history":[{"count":0,"href":"https:\/\/noticiasribeiraopreto.com.br\/index.php\/wp-json\/wp\/v2\/posts\/75520\/revisions"}],"wp:featuredmedia":[{"embeddable":true,"href":"https:\/\/noticiasribeiraopreto.com.br\/index.php\/wp-json\/wp\/v2\/media\/75521"}],"wp:attachment":[{"href":"https:\/\/noticiasribeiraopreto.com.br\/index.php\/wp-json\/wp\/v2\/media?parent=75520"}],"wp:term":[{"taxonomy":"category","embeddable":true,"href":"https:\/\/noticiasribeiraopreto.com.br\/index.php\/wp-json\/wp\/v2\/categories?post=75520"},{"taxonomy":"post_tag","embeddable":true,"href":"https:\/\/noticiasribeiraopreto.com.br\/index.php\/wp-json\/wp\/v2\/tags?post=75520"}],"curies":[{"name":"wp","href":"https:\/\/api.w.org\/{rel}","templated":true}]}}