{"id":75522,"date":"2025-08-10T15:25:27","date_gmt":"2025-08-10T18:25:27","guid":{"rendered":"https:\/\/noticiasribeiraopreto.com.br\/index.php\/2025\/08\/10\/no-sangue-conheca-a-familia-de-ribeirao-preto-que-mantem-tradicao-na-policia-militar\/"},"modified":"2025-08-10T15:25:27","modified_gmt":"2025-08-10T18:25:27","slug":"no-sangue-conheca-a-familia-de-ribeirao-preto-que-mantem-tradicao-na-policia-militar","status":"publish","type":"post","link":"https:\/\/noticiasribeiraopreto.com.br\/index.php\/2025\/08\/10\/no-sangue-conheca-a-familia-de-ribeirao-preto-que-mantem-tradicao-na-policia-militar\/","title":{"rendered":"No sangue: Conhe\u00e7a a fam\u00edlia de Ribeir\u00e3o Preto que mant\u00e9m tradi\u00e7\u00e3o na Pol\u00edcia Militar"},"content":{"rendered":"<div class='code-block code-block-1' style='margin: 8px 0 8px auto; text-align: right; display: block; clear: both;'>\n<p><a href=\"https:\/\/wa.link\/vpicfd\"><img data-recalc-dims=\"1\" class=\"wp-image-4922\" style=\"aspect-ratio: 2.0253164556962027; width: 561px; height: auto;\" src=\"https:\/\/i0.wp.com\/ismaelcolosi.com.br\/wp-content\/uploads\/2023\/11\/grupo-de-empregos-whatsapp-e-facebook-ismael-colosi-vagas.jpg?ssl=1\" alt=\"\" \/><\/a><\/p>\n<!-- \/wp:image -->\n<\/div>\n<p> <br \/>\n<\/p>\n<div data-td-block-uid=\"tdi_95\">\n<div class=\"tdb-block-inner td-fix-index\">\n<p>A fam\u00edlia Menezes, de <strong>Ribeir\u00e3o Preto<\/strong>, carrega a <strong>Pol\u00edcia Militar no sangue<\/strong>. Desde a inf\u00e2ncia, <strong>Marcelo <\/strong>e <strong>Bruno <\/strong>imitam o pai, o <strong>Tenente-Coronel Maur\u00edcio Menezes<\/strong>, vestindo a farda e empunhando a espada da corpora\u00e7\u00e3o. <\/p>\n<p>Essa admira\u00e7\u00e3o se transformou em verdadeira voca\u00e7\u00e3o: hoje, <strong>os dois s\u00e3o aspirantes a oficiais<\/strong>, dando continuidade ao legado do pai.<\/p>\n<h3 class=\"wp-block-heading\"><strong>Tradi\u00e7\u00e3o e legado que atravessam gera\u00e7\u00f5es<\/strong><\/h3>\n<p><strong>Maur\u00edcio Menezes dedicou 37 anos \u00e0 Pol\u00edcia Militar<\/strong>, construindo uma carreira marcada pelo comprometimento e pela responsabilidade. Inspirados pelo exemplo do pai, os filhos escolheram seguir o mesmo caminho, mantendo viva a tradi\u00e7\u00e3o da fam\u00edlia.<\/p>\n<figure class=\"wp-block-pullquote\">\n<blockquote>\n<p> Durante a cerim\u00f4nia de aposentadoria do meu pai, est\u00e1vamos os tr\u00eas fardados, lado a lado. Foi um momento emocionante e cheio de significado<\/p>\n<p><cite>lembra Bruno, aspirante a oficial de 19 anos<\/cite><\/p><\/blockquote>\n<\/figure>\n<p><strong>Marcelo<\/strong>, de 22 anos, valoriza o legado familiar e reconhece os desafios da rotina policial.<\/p>\n<figure class=\"wp-block-pullquote\">\n<blockquote>\n<p>Ser policial exige dedica\u00e7\u00e3o e equil\u00edbrio para estar presente na fam\u00edlia. Sou muito grato pelo exemplo que meu pai me deu<\/p>\n<p><cite>afirma<\/cite><\/p><\/blockquote>\n<\/figure>\n<p>Neste Dia dos Pais, a comemora\u00e7\u00e3o tem um significado especial. Marcelo se prepara para assumir um novo papel: <strong>o de pai. <\/strong><\/p>\n<blockquote class=\"instagram-media\" data-instgrm-permalink=\"https:\/\/www.instagram.com\/reel\/DNLIBoNxRVU\/?utm_source=ig_embed&amp;utm_campaign=loading\" data-instgrm-version=\"14\" style=\"background:#FFF;border:0;border-radius:3px;margin: 1px;max-width:540px;min-width:326px;padding:0;width:99.375%;width:-webkit-calc(100% - 2px);width:calc(100% - 2px)\"\/>\n<p>Para o Tenente-Coronel Maur\u00edcio Menezes, o maior orgulho \u00e9 ver os filhos trilhando a mesma carreira. Ele destaca a import\u00e2ncia do compromisso e da responsabilidade na profiss\u00e3o.<\/p>\n<p><em> \u201cSempre orientei meus filhos a cumprir suas fun\u00e7\u00f5es com seriedade e dedica\u00e7\u00e3o\u201d<\/em>, ressalta.<\/p>\n<figure class=\"wp-block-pullquote\">\n<blockquote>\n<p>Ser pai \u00e9 um desafio e uma alegria constante. Sempre ensinei a criar os filhos com responsabilidade e a valorizar cada momento juntos. Eu tive essa oportunidade e desejo o mesmo para meu filho<\/p>\n<p><cite>conclui Maur\u00edcio, agora av\u00f4<\/cite><\/p><\/blockquote>\n<\/figure>\n<hr class=\"wp-block-separator has-alpha-channel-opacity\"\/>\n<p>SAIBA MAIS<br \/>Por que o Dia dos Pais \u00e9 celebrado no segundo domingo de agosto? Entenda a data<\/p>\n<h2 class=\"wp-block-heading\"><strong>FIQUE ON<\/strong><\/h2>\n<p>Fique ligado em tudo que acontece em Ribeir\u00e3o Preto e regi\u00e3o. Siga os perfis do<strong> acidade on <\/strong>no <a href=\"https:\/\/www.instagram.com\/acidadeonribeirao\" data-type=\"link\" data-id=\"https:\/\/www.instagram.com\/acidadeonribeirao\" target=\"_blank\" rel=\"noopener\">Instagram<\/a> e no <a href=\"https:\/\/www.facebook.com\/acidadeonribeirao\/\" data-type=\"link\" data-id=\"https:\/\/www.facebook.com\/acidadeonribeirao\/\" target=\"_blank\" rel=\"noopener\">Facebook<\/a>.<\/p>\n<p>Receba not\u00edcias do <strong>acidade on<\/strong> no WhatsApp.<a href=\"https:\/\/chat.whatsapp.com\/I4nieTEMKlf50pJ28aMemC?mode=ac_t\" data-type=\"link\" data-id=\"https:\/\/chat.whatsapp.com\/I4nieTEMKlf50pJ28aMemC?mode=ac_t\" target=\"_blank\" rel=\"noopener\"> Para entrar no grupo, basta clicar aqui.<\/a><\/p>\n<p>Fa\u00e7a uma den\u00fancia ou sugira uma reportagem sobre Ribeir\u00e3o Preto e regi\u00e3o pelo WhatsApp: 16 99117 7802.<\/p>\n<p>VEJA TAMB\u00c9M<br \/>Voc\u00ea conhece os principais benef\u00edcios do abacate para a sa\u00fade?<\/p>\n<p><!-- AI CONTENT END 1 -->\n<\/div>\n<\/div>\n<p><script async src=\"\/\/www.instagram.com\/embed.js\"><\/script><br \/>\n<br \/><br \/>\n<br \/><a href=\"https:\/\/www.acidadeon.com\/ribeiraopreto\/cotidiano\/no-sangue-conheca-a-familia-de-ribeirao-preto-que-mantem-tradicao-na-policia-militar\/\">Source link <\/a><\/p>\n<!-- CONTENT END 1 -->\n","protected":false},"excerpt":{"rendered":"<p>A fam\u00edlia Menezes, de Ribeir\u00e3o Preto, carrega a Pol\u00edcia Militar no sangue. Desde a inf\u00e2ncia, Marcelo e Bruno imitam o pai, o Tenente-Coronel Maur\u00edcio Menezes,&#8230;<\/p>\n","protected":false},"author":1,"featured_media":75523,"comment_status":"open","ping_status":"open","sticky":false,"template":"","format":"standard","meta":{"advanced_seo_description":"","jetpack_seo_html_title":"","jetpack_seo_noindex":false,"jetpack_post_was_ever_published":false,"_jetpack_newsletter_access":"","_jetpack_dont_email_post_to_subs":false,"_jetpack_newsletter_tier_id":0,"_jetpack_memberships_contains_paywalled_content":false,"_jetpack_memberships_contains_paid_content":false,"footnotes":"","jetpack_publicize_message":"","jetpack_publicize_feature_enabled":true,"jetpack_social_post_already_shared":true,"jetpack_social_options":{"image_generator_settings":{"template":"highway","default_image_id":0,"font":"","enabled":false},"version":2}},"categories":[11],"tags":[],"class_list":["post-75522","post","type-post","status-publish","format-standard","has-post-thumbnail","hentry","category-noticias-de-ribeirao-preto-sp-e-regiao-ismael-colosi"],"jetpack_publicize_connections":[],"jetpack_featured_media_url":"https:\/\/i0.wp.com\/noticiasribeiraopreto.com.br\/wp-content\/uploads\/2025\/08\/Copia-de-Copia-de-Copia-de-TAMANHO-EXATO-PARA-FOTOS-NO-SISTEMA-NOVO-2025-08-10T134346.765_2025-08-10_16-49-06.webp.webp?fit=1200%2C675&ssl=1","jetpack-related-posts":[{"id":55544,"url":"https:\/\/noticiasribeiraopreto.com.br\/index.php\/2024\/08\/02\/agir-confirma-ismar-menezes-como-candidato-a-prefeitura-de-ribeirao-preto\/","url_meta":{"origin":75522,"position":0},"title":"Agir confirma Ismar Menezes como candidato \u00e0 Prefeitura de Ribeir\u00e3o Preto","author":"noticiasribeiraopreto.com.br","date":"2 de August de 2024","format":false,"excerpt":"O Agir oficializou o nome do Juiz Federal do Trabalho aposentado Ismar Menezes como candidato \u00e0 Prefeitura de Ribeir\u00e3o Preto, durante conven\u00e7\u00e3o partid\u00e1ria, realizada na noite desta sexta-feira (2), no bairro Vila Tib\u00e9rio. Milena Bressan (Agir) foi anunciada como candidata ao cargo de vice-prefeita. O Agir traz como plataforma de\u2026","rel":"","context":"In &quot;Not\u00edcias de Ribeir\u00e3o Preto-SP e Regi\u00e3o&quot;","block_context":{"text":"Not\u00edcias de Ribeir\u00e3o Preto-SP e Regi\u00e3o","link":"https:\/\/noticiasribeiraopreto.com.br\/index.php\/category\/noticias-de-ribeirao-preto-sp-e-regiao-ismael-colosi\/"},"img":{"alt_text":"","src":"https:\/\/i0.wp.com\/noticiasribeiraopreto.com.br\/wp-content\/uploads\/2024\/08\/WhatsApp-Image-2024-08-02-at-21.17.10_2024-08-03_00-18-43_jpeg_2024-08-03_00-18-43.webp.webp?fit=1200%2C669&ssl=1&resize=350%2C200","width":350,"height":200,"srcset":"https:\/\/i0.wp.com\/noticiasribeiraopreto.com.br\/wp-content\/uploads\/2024\/08\/WhatsApp-Image-2024-08-02-at-21.17.10_2024-08-03_00-18-43_jpeg_2024-08-03_00-18-43.webp.webp?fit=1200%2C669&ssl=1&resize=350%2C200 1x, https:\/\/i0.wp.com\/noticiasribeiraopreto.com.br\/wp-content\/uploads\/2024\/08\/WhatsApp-Image-2024-08-02-at-21.17.10_2024-08-03_00-18-43_jpeg_2024-08-03_00-18-43.webp.webp?fit=1200%2C669&ssl=1&resize=525%2C300 1.5x, https:\/\/i0.wp.com\/noticiasribeiraopreto.com.br\/wp-content\/uploads\/2024\/08\/WhatsApp-Image-2024-08-02-at-21.17.10_2024-08-03_00-18-43_jpeg_2024-08-03_00-18-43.webp.webp?fit=1200%2C669&ssl=1&resize=700%2C400 2x, https:\/\/i0.wp.com\/noticiasribeiraopreto.com.br\/wp-content\/uploads\/2024\/08\/WhatsApp-Image-2024-08-02-at-21.17.10_2024-08-03_00-18-43_jpeg_2024-08-03_00-18-43.webp.webp?fit=1200%2C669&ssl=1&resize=1050%2C600 3x"},"classes":[]},{"id":66437,"url":"https:\/\/noticiasribeiraopreto.com.br\/index.php\/2025\/04\/01\/filho-e-preso-suspeito-de-matar-o-proprio-pai-a-facadas-na-regiao-de-ribeirao-preto\/","url_meta":{"origin":75522,"position":1},"title":"Filho \u00e9 preso suspeito de matar o pr\u00f3prio pai a facadas na regi\u00e3o de Ribeir\u00e3o Preto","author":"noticiasribeiraopreto.com.br","date":"1 de April de 2025","format":false,"excerpt":"Um homem de 29 anos foi preso na noite desta segunda-feira (31) suspeito de matar o pai com golpes de faca, na resid\u00eancia da fam\u00edlia, em Santa Rosa de Viterbo, cidade a aproximadamente 70 quil\u00f4metros de Ribeir\u00e3o Preto. Segundo o boletim de ocorr\u00eancia (BO), Jos\u00e9 Fernandes da Silva Filho, de\u2026","rel":"","context":"In &quot;Not\u00edcias de Ribeir\u00e3o Preto-SP e Regi\u00e3o&quot;","block_context":{"text":"Not\u00edcias de Ribeir\u00e3o Preto-SP e Regi\u00e3o","link":"https:\/\/noticiasribeiraopreto.com.br\/index.php\/category\/noticias-de-ribeirao-preto-sp-e-regiao-ismael-colosi\/"},"img":{"alt_text":"","src":"https:\/\/i0.wp.com\/noticiasribeiraopreto.com.br\/wp-content\/uploads\/2025\/04\/20220620_114539075_policia_qru_1024x576_25052021184749_jpg_715985292.jpg?fit=1200%2C606&ssl=1&resize=350%2C200","width":350,"height":200,"srcset":"https:\/\/i0.wp.com\/noticiasribeiraopreto.com.br\/wp-content\/uploads\/2025\/04\/20220620_114539075_policia_qru_1024x576_25052021184749_jpg_715985292.jpg?fit=1200%2C606&ssl=1&resize=350%2C200 1x, https:\/\/i0.wp.com\/noticiasribeiraopreto.com.br\/wp-content\/uploads\/2025\/04\/20220620_114539075_policia_qru_1024x576_25052021184749_jpg_715985292.jpg?fit=1200%2C606&ssl=1&resize=525%2C300 1.5x, https:\/\/i0.wp.com\/noticiasribeiraopreto.com.br\/wp-content\/uploads\/2025\/04\/20220620_114539075_policia_qru_1024x576_25052021184749_jpg_715985292.jpg?fit=1200%2C606&ssl=1&resize=700%2C400 2x, https:\/\/i0.wp.com\/noticiasribeiraopreto.com.br\/wp-content\/uploads\/2025\/04\/20220620_114539075_policia_qru_1024x576_25052021184749_jpg_715985292.jpg?fit=1200%2C606&ssl=1&resize=1050%2C600 3x"},"classes":[]},{"id":45744,"url":"https:\/\/noticiasribeiraopreto.com.br\/index.php\/2024\/04\/06\/agencias-bancarias-sao-alvos-de-vandalismo-na-regiao-de-ribeirao-preto\/","url_meta":{"origin":75522,"position":2},"title":"Ag\u00eancias banc\u00e1rias s\u00e3o alvos de vandalismo na regi\u00e3o de Ribeir\u00e3o Preto","author":"noticiasribeiraopreto.com.br","date":"6 de April de 2024","format":false,"excerpt":"Tr\u00eas ag\u00eancias banc\u00e1rias foram alvos de vandalismo na noite desta sexta-feira (5), em Franca e em Cristais Paulista, cidades na regi\u00e3o de Ribeir\u00e3o Preto. De acordo com o boletim de ocorr\u00eancia (BO), duas ag\u00eancias localizadas na avenida Inregra\u00e7\u00e3o sofreram danos em Franca. Uma delas teve as portas principais de vidro\u2026","rel":"","context":"In &quot;Not\u00edcias de Ribeir\u00e3o Preto-SP e Regi\u00e3o&quot;","block_context":{"text":"Not\u00edcias de Ribeir\u00e3o Preto-SP e Regi\u00e3o","link":"https:\/\/noticiasribeiraopreto.com.br\/index.php\/category\/noticias-de-ribeirao-preto-sp-e-regiao-ismael-colosi\/"},"img":{"alt_text":"","src":"https:\/\/i0.wp.com\/noticiasribeiraopreto.com.br\/wp-content\/uploads\/2024\/04\/caixa_eletronico_500x320_28022018154033.jpg?fit=500%2C322&ssl=1&resize=350%2C200","width":350,"height":200},"classes":[]},{"id":70471,"url":"https:\/\/noticiasribeiraopreto.com.br\/index.php\/2025\/05\/26\/pai-e-preso-apos-mandar-filho-adolescente-atirar-em-familia-no-interior-de-sp\/","url_meta":{"origin":75522,"position":3},"title":"Pai \u00e9 preso ap\u00f3s mandar filho adolescente atirar em fam\u00edlia no interior de SP","author":"noticiasribeiraopreto.com.br","date":"26 de May de 2025","format":false,"excerpt":"A pol\u00edcia prendeu em flagrante, na manh\u00e3 desta segunda-feira (26), um homem de 46 anos que mandou o filho adolescente atirar em uma fam\u00edlia, em um dep\u00f3sito de sucata, em Barretos, no interior de S\u00e3o Paulo. De acordo com a Pol\u00edcia Militar e a Pol\u00edcia Civil, depois de uma briga\u2026","rel":"","context":"In &quot;Not\u00edcias de Ribeir\u00e3o Preto-SP e Regi\u00e3o&quot;","block_context":{"text":"Not\u00edcias de Ribeir\u00e3o Preto-SP e Regi\u00e3o","link":"https:\/\/noticiasribeiraopreto.com.br\/index.php\/category\/noticias-de-ribeirao-preto-sp-e-regiao-ismael-colosi\/"},"img":{"alt_text":"","src":"https:\/\/i0.wp.com\/noticiasribeiraopreto.com.br\/wp-content\/uploads\/2025\/05\/Copia-de-Copia-de-Copia-de-TAMANHO-EXATO-PARA-FOTOS-NO-SISTEMA-NOVO-2025-05-26T193519.173_2025-05-26_22-35-24.webp.webp?fit=1200%2C675&ssl=1&resize=350%2C200","width":350,"height":200,"srcset":"https:\/\/i0.wp.com\/noticiasribeiraopreto.com.br\/wp-content\/uploads\/2025\/05\/Copia-de-Copia-de-Copia-de-TAMANHO-EXATO-PARA-FOTOS-NO-SISTEMA-NOVO-2025-05-26T193519.173_2025-05-26_22-35-24.webp.webp?fit=1200%2C675&ssl=1&resize=350%2C200 1x, https:\/\/i0.wp.com\/noticiasribeiraopreto.com.br\/wp-content\/uploads\/2025\/05\/Copia-de-Copia-de-Copia-de-TAMANHO-EXATO-PARA-FOTOS-NO-SISTEMA-NOVO-2025-05-26T193519.173_2025-05-26_22-35-24.webp.webp?fit=1200%2C675&ssl=1&resize=525%2C300 1.5x, https:\/\/i0.wp.com\/noticiasribeiraopreto.com.br\/wp-content\/uploads\/2025\/05\/Copia-de-Copia-de-Copia-de-TAMANHO-EXATO-PARA-FOTOS-NO-SISTEMA-NOVO-2025-05-26T193519.173_2025-05-26_22-35-24.webp.webp?fit=1200%2C675&ssl=1&resize=700%2C400 2x, https:\/\/i0.wp.com\/noticiasribeiraopreto.com.br\/wp-content\/uploads\/2025\/05\/Copia-de-Copia-de-Copia-de-TAMANHO-EXATO-PARA-FOTOS-NO-SISTEMA-NOVO-2025-05-26T193519.173_2025-05-26_22-35-24.webp.webp?fit=1200%2C675&ssl=1&resize=1050%2C600 3x"},"classes":[]},{"id":51423,"url":"https:\/\/noticiasribeiraopreto.com.br\/index.php\/2024\/05\/26\/o-que-se-sabe-sobre-o-caso-de-policial-morto-apos-perseguicao-em-rodovia-de-ribeirao\/","url_meta":{"origin":75522,"position":4},"title":"O que se sabe sobre o caso de policial morto ap\u00f3s persegui\u00e7\u00e3o em rodovia de Ribeir\u00e3o","author":"noticiasribeiraopreto.com.br","date":"26 de May de 2024","format":false,"excerpt":"O cabo da pol\u00edcia militar rodovi\u00e1ria J\u00falio C\u00e9sar Vieira de Castro, de 45 anos, morto ap\u00f3s ser atropelado por um carro em fuga, ser\u00e1 sepultado na tarde deste domingo (26) em Ribeir\u00e3o Preto. De acordo com informa\u00e7\u00f5es da funer\u00e1ria, o vel\u00f3rio acontece at\u00e9 \u00e0s 16h e, em seguida, segue para\u2026","rel":"","context":"In &quot;Not\u00edcias de Ribeir\u00e3o Preto-SP e Regi\u00e3o&quot;","block_context":{"text":"Not\u00edcias de Ribeir\u00e3o Preto-SP e Regi\u00e3o","link":"https:\/\/noticiasribeiraopreto.com.br\/index.php\/category\/noticias-de-ribeirao-preto-sp-e-regiao-ismael-colosi\/"},"img":{"alt_text":"","src":"https:\/\/i0.wp.com\/noticiasribeiraopreto.com.br\/wp-content\/uploads\/2024\/05\/Copia-de-Copia-de-TAMANHO-EXATO-PARA-FOTOS-NO-SISTEMA-NOVO-44_2024-05-26_16-25-43_jpg_2024-05-26_16-25-44.webp.webp?fit=1200%2C675&ssl=1&resize=350%2C200","width":350,"height":200,"srcset":"https:\/\/i0.wp.com\/noticiasribeiraopreto.com.br\/wp-content\/uploads\/2024\/05\/Copia-de-Copia-de-TAMANHO-EXATO-PARA-FOTOS-NO-SISTEMA-NOVO-44_2024-05-26_16-25-43_jpg_2024-05-26_16-25-44.webp.webp?fit=1200%2C675&ssl=1&resize=350%2C200 1x, https:\/\/i0.wp.com\/noticiasribeiraopreto.com.br\/wp-content\/uploads\/2024\/05\/Copia-de-Copia-de-TAMANHO-EXATO-PARA-FOTOS-NO-SISTEMA-NOVO-44_2024-05-26_16-25-43_jpg_2024-05-26_16-25-44.webp.webp?fit=1200%2C675&ssl=1&resize=525%2C300 1.5x, https:\/\/i0.wp.com\/noticiasribeiraopreto.com.br\/wp-content\/uploads\/2024\/05\/Copia-de-Copia-de-TAMANHO-EXATO-PARA-FOTOS-NO-SISTEMA-NOVO-44_2024-05-26_16-25-43_jpg_2024-05-26_16-25-44.webp.webp?fit=1200%2C675&ssl=1&resize=700%2C400 2x, https:\/\/i0.wp.com\/noticiasribeiraopreto.com.br\/wp-content\/uploads\/2024\/05\/Copia-de-Copia-de-TAMANHO-EXATO-PARA-FOTOS-NO-SISTEMA-NOVO-44_2024-05-26_16-25-43_jpg_2024-05-26_16-25-44.webp.webp?fit=1200%2C675&ssl=1&resize=1050%2C600 3x"},"classes":[]},{"id":79217,"url":"https:\/\/noticiasribeiraopreto.com.br\/index.php\/2025\/10\/27\/o-que-se-sabe-sobre-o-caso-do-pai-preso-por-matar-a-filha-em-ribeirao-preto\/","url_meta":{"origin":75522,"position":5},"title":"O que se sabe sobre o caso do pai preso por matar a filha em Ribeir\u00e3o Preto","author":"noticiasribeiraopreto.com.br","date":"27 de October de 2025","format":false,"excerpt":"Um homem de 77 anos foi preso neste domingo (26), suspeito de matar a pr\u00f3pria filha, de 54 anos, com golpes de barra de ferro, no Jardim Arlindo Laguna, zona Oeste de Ribeir\u00e3o Preto. O que aconteceu: Segundo o boletim de ocorr\u00eancia (BO), a v\u00edtima, identificada como Andreia Adonai da\u2026","rel":"","context":"In &quot;Not\u00edcias de Ribeir\u00e3o Preto-SP e Regi\u00e3o&quot;","block_context":{"text":"Not\u00edcias de Ribeir\u00e3o Preto-SP e Regi\u00e3o","link":"https:\/\/noticiasribeiraopreto.com.br\/index.php\/category\/noticias-de-ribeirao-preto-sp-e-regiao-ismael-colosi\/"},"img":{"alt_text":"","src":"https:\/\/i0.wp.com\/noticiasribeiraopreto.com.br\/wp-content\/uploads\/2025\/10\/POLICIA_2025-10-27_16-19-14.webp.webp?fit=1200%2C811&ssl=1&resize=350%2C200","width":350,"height":200,"srcset":"https:\/\/i0.wp.com\/noticiasribeiraopreto.com.br\/wp-content\/uploads\/2025\/10\/POLICIA_2025-10-27_16-19-14.webp.webp?fit=1200%2C811&ssl=1&resize=350%2C200 1x, https:\/\/i0.wp.com\/noticiasribeiraopreto.com.br\/wp-content\/uploads\/2025\/10\/POLICIA_2025-10-27_16-19-14.webp.webp?fit=1200%2C811&ssl=1&resize=525%2C300 1.5x, https:\/\/i0.wp.com\/noticiasribeiraopreto.com.br\/wp-content\/uploads\/2025\/10\/POLICIA_2025-10-27_16-19-14.webp.webp?fit=1200%2C811&ssl=1&resize=700%2C400 2x, https:\/\/i0.wp.com\/noticiasribeiraopreto.com.br\/wp-content\/uploads\/2025\/10\/POLICIA_2025-10-27_16-19-14.webp.webp?fit=1200%2C811&ssl=1&resize=1050%2C600 3x"},"classes":[]}],"jetpack_sharing_enabled":true,"jetpack_shortlink":"https:\/\/wp.me\/peQAOb-jE6","_links":{"self":[{"href":"https:\/\/noticiasribeiraopreto.com.br\/index.php\/wp-json\/wp\/v2\/posts\/75522","targetHints":{"allow":["GET"]}}],"collection":[{"href":"https:\/\/noticiasribeiraopreto.com.br\/index.php\/wp-json\/wp\/v2\/posts"}],"about":[{"href":"https:\/\/noticiasribeiraopreto.com.br\/index.php\/wp-json\/wp\/v2\/types\/post"}],"author":[{"embeddable":true,"href":"https:\/\/noticiasribeiraopreto.com.br\/index.php\/wp-json\/wp\/v2\/users\/1"}],"replies":[{"embeddable":true,"href":"https:\/\/noticiasribeiraopreto.com.br\/index.php\/wp-json\/wp\/v2\/comments?post=75522"}],"version-history":[{"count":0,"href":"https:\/\/noticiasribeiraopreto.com.br\/index.php\/wp-json\/wp\/v2\/posts\/75522\/revisions"}],"wp:featuredmedia":[{"embeddable":true,"href":"https:\/\/noticiasribeiraopreto.com.br\/index.php\/wp-json\/wp\/v2\/media\/75523"}],"wp:attachment":[{"href":"https:\/\/noticiasribeiraopreto.com.br\/index.php\/wp-json\/wp\/v2\/media?parent=75522"}],"wp:term":[{"taxonomy":"category","embeddable":true,"href":"https:\/\/noticiasribeiraopreto.com.br\/index.php\/wp-json\/wp\/v2\/categories?post=75522"},{"taxonomy":"post_tag","embeddable":true,"href":"https:\/\/noticiasribeiraopreto.com.br\/index.php\/wp-json\/wp\/v2\/tags?post=75522"}],"curies":[{"name":"wp","href":"https:\/\/api.w.org\/{rel}","templated":true}]}}