{"id":75525,"date":"2025-08-10T17:54:38","date_gmt":"2025-08-10T20:54:38","guid":{"rendered":"https:\/\/noticiasribeiraopreto.com.br\/index.php\/2025\/08\/10\/chefe-do-pcc-que-participou-de-mega-assalto-no-interior-de-sp-morre-em-confronto-com-policiais\/"},"modified":"2025-08-10T17:54:38","modified_gmt":"2025-08-10T20:54:38","slug":"chefe-do-pcc-que-participou-de-mega-assalto-no-interior-de-sp-morre-em-confronto-com-policiais","status":"publish","type":"post","link":"https:\/\/noticiasribeiraopreto.com.br\/index.php\/2025\/08\/10\/chefe-do-pcc-que-participou-de-mega-assalto-no-interior-de-sp-morre-em-confronto-com-policiais\/","title":{"rendered":"Chefe do PCC que participou de mega-assalto no interior de SP morre em confronto com policiais"},"content":{"rendered":"<div class='code-block code-block-1' style='margin: 8px 0 8px auto; text-align: right; display: block; clear: both;'>\n<p><a href=\"https:\/\/wa.link\/vpicfd\"><img data-recalc-dims=\"1\" class=\"wp-image-4922\" style=\"aspect-ratio: 2.0253164556962027; width: 561px; height: auto;\" src=\"https:\/\/i0.wp.com\/ismaelcolosi.com.br\/wp-content\/uploads\/2023\/11\/grupo-de-empregos-whatsapp-e-facebook-ismael-colosi-vagas.jpg?ssl=1\" alt=\"\" \/><\/a><\/p>\n<!-- \/wp:image -->\n<\/div>\n<p> <br \/>\n<\/p>\n<div>\n<p><strong>Luken Cesar Burghi Augusto<\/strong>, conhecido como \u201cPane\u201d, um dos <strong>principais l\u00edderes do Primeiro Comando da Capital (PCC)<\/strong>, morreu em confronto com policiais da Rondas Ostensivas Tobias de Aguiar (ROTA) no s\u00e1bado (9), em Praia Grande, litoral de S\u00e3o Paulo.<\/p>\n<p>Luken foi condenado a 46 anos e 11 meses de pris\u00e3o pelo envolvimento em um <strong>mega-assalto \u00e0 empresa de transporte de valores Protege<\/strong>, ocorrido em 2017 em <strong>Ara\u00e7atuba<\/strong>, interior paulista. Ele fugiu da pol\u00edcia em 2024 e entrou na lista dos criminosos mais procurados do pa\u00eds.<\/p>\n<p>Durante a abordagem, a <strong>pol\u00edcia afirma que Luken reagiu atirando contra os agentes da ROTA.<\/strong> Os policiais revidaram e o atingiram, provocando sua morte no local. Nenhum policial sofreu ferimentos no confronto.<\/p>\n<p>Outro criminoso, identificado como Gabriel, tomou a arma de Luken e fugiu, mas a pol\u00edcia prendeu-o pouco depois.<\/p>\n<h4 class=\"wp-block-heading\"><strong>Relembra o mega-assalto<\/strong><\/h4>\n<p><strong>O crime aconteceu em outubro de 2017<\/strong>, em Ara\u00e7atuba, no interior de S\u00e3o Paulo, quando uma quadrilha altamente armada explodiu o pr\u00e9dio da empresa de transporte de valores Protege. Durante a a\u00e7\u00e3o, um <strong>policial civil foi assassinado<\/strong>.<\/p>\n<p>Na \u00e9poca, a Protege confirmou \u00e0 pol\u00edcia que os criminosos levaram aproximadamente R$ 10 milh\u00f5es da sede.<\/p>\n<p>C\u00e2meras de seguran\u00e7a de um im\u00f3vel pr\u00f3ximo registraram toda a a\u00e7\u00e3o da quadrilha, que chocou o interior paulista pelo uso de viol\u00eancia extrema e pelo tamanho do preju\u00edzo.<\/p>\n<hr class=\"wp-block-separator has-alpha-channel-opacity\"\/>\n<p>SAIBA MAIS<br \/>Dupla \u00e9 presa em Ribeir\u00e3o Preto ap\u00f3s aplicar golpe e vender frutas por R$ 10 mil a idosos<\/p>\n<h2 class=\"wp-block-heading\"><strong>FIQUE ON<\/strong><\/h2>\n<p>Fique ligado em tudo que acontece em Ribeir\u00e3o Preto e regi\u00e3o. Siga os perfis do<strong> acidade on <\/strong>no <a href=\"https:\/\/www.instagram.com\/acidadeonribeirao\" data-type=\"link\" data-id=\"https:\/\/www.instagram.com\/acidadeonribeirao\" target=\"_blank\" rel=\"noopener\">Instagram<\/a> e no <a href=\"https:\/\/www.facebook.com\/acidadeonribeirao\/\" data-type=\"link\" data-id=\"https:\/\/www.facebook.com\/acidadeonribeirao\/\" target=\"_blank\" rel=\"noopener\">Facebook<\/a>.<\/p>\n<p>Receba not\u00edcias do <strong>acidade on<\/strong> no WhatsApp.<a href=\"https:\/\/chat.whatsapp.com\/I4nieTEMKlf50pJ28aMemC?mode=ac_t\" data-type=\"link\" data-id=\"https:\/\/chat.whatsapp.com\/I4nieTEMKlf50pJ28aMemC?mode=ac_t\" target=\"_blank\" rel=\"noopener\"> Para entrar no grupo, basta clicar aqui.<\/a><\/p>\n<p>Fa\u00e7a uma den\u00fancia ou sugira uma reportagem sobre Ribeir\u00e3o Preto e regi\u00e3o pelo WhatsApp: 16 99117 7802.<\/p>\n<p>VEJA TAMB\u00c9M<br \/>Voc\u00ea conhece os principais benef\u00edcios do abacate para a sa\u00fade?<\/p>\n<p><!-- AI CONTENT END 1 -->\n<\/div>\n<p><script async src=\"\/\/www.instagram.com\/embed.js\"><\/script><br \/>\n<br \/><br \/>\n<br \/><a href=\"https:\/\/www.acidadeon.com\/ribeiraopreto\/cotidiano\/chefe-do-pcc-que-participou-de-mega-assalto-no-interior-de-sp-morre-em-confronto-com-policiais\/\">Source link <\/a><\/p>\n<!-- CONTENT END 1 -->\n","protected":false},"excerpt":{"rendered":"<p>Luken Cesar Burghi Augusto, conhecido como \u201cPane\u201d, um dos principais l\u00edderes do Primeiro Comando da Capital (PCC), morreu em confronto com policiais da Rondas Ostensivas&#8230;<\/p>\n","protected":false},"author":1,"featured_media":75526,"comment_status":"open","ping_status":"open","sticky":false,"template":"","format":"standard","meta":{"advanced_seo_description":"","jetpack_seo_html_title":"","jetpack_seo_noindex":false,"jetpack_post_was_ever_published":false,"_jetpack_newsletter_access":"","_jetpack_dont_email_post_to_subs":false,"_jetpack_newsletter_tier_id":0,"_jetpack_memberships_contains_paywalled_content":false,"_jetpack_memberships_contains_paid_content":false,"footnotes":"","jetpack_publicize_message":"","jetpack_publicize_feature_enabled":true,"jetpack_social_post_already_shared":true,"jetpack_social_options":{"image_generator_settings":{"template":"highway","default_image_id":0,"font":"","enabled":false},"version":2}},"categories":[11],"tags":[],"class_list":["post-75525","post","type-post","status-publish","format-standard","has-post-thumbnail","hentry","category-noticias-de-ribeirao-preto-sp-e-regiao-ismael-colosi"],"jetpack_publicize_connections":[],"jetpack_featured_media_url":"https:\/\/i0.wp.com\/noticiasribeiraopreto.com.br\/wp-content\/uploads\/2025\/08\/Copia-de-Copia-de-Copia-de-TAMANHO-EXATO-PARA-FOTOS-NO-SISTEMA-NOVO-2025-08-10T164712.726_2025-08-10_19-48-51.webp.webp?fit=1200%2C675&ssl=1","jetpack-related-posts":[{"id":9329,"url":"https:\/\/noticiasribeiraopreto.com.br\/index.php\/2023\/12\/01\/homem-que-abusou-da-propria-filha-e-duas-outras-criancas-em-escola-perde-a-vida-apos-abrir-fogo-contra-policiais\/","url_meta":{"origin":75525,"position":0},"title":"Homem que abusou da pr\u00f3pria filha e duas outras crian\u00e7as em escola perde a vida ap\u00f3s abrir fogo contra policiais","author":"noticiasribeiraopreto.com.br","date":"1 de December de 2023","format":false,"excerpt":"Na tarde desta sexta-feira (1\u00ba), um confronto entre agentes de seguran\u00e7a e um homem acusado de abusar de pelo menos tr\u00eas crian\u00e7as, entre elas a sua pr\u00f3pria filha. Um conflito intenso com a Pol\u00edcia Militar resultou no falecimento de um indiv\u00edduo na cidade de Crici\u00fama, situada no interior do estado\u2026","rel":"","context":"In &quot;Blog&quot;","block_context":{"text":"Blog","link":"https:\/\/noticiasribeiraopreto.com.br\/index.php\/category\/blog\/"},"img":{"alt_text":"","src":"https:\/\/i0.wp.com\/noticiasribeiraopreto.com.br\/wp-content\/uploads\/2023\/12\/postimg-656a73c0b29f72220.jpg?fit=1200%2C628&ssl=1&resize=350%2C200","width":350,"height":200,"srcset":"https:\/\/i0.wp.com\/noticiasribeiraopreto.com.br\/wp-content\/uploads\/2023\/12\/postimg-656a73c0b29f72220.jpg?fit=1200%2C628&ssl=1&resize=350%2C200 1x, https:\/\/i0.wp.com\/noticiasribeiraopreto.com.br\/wp-content\/uploads\/2023\/12\/postimg-656a73c0b29f72220.jpg?fit=1200%2C628&ssl=1&resize=525%2C300 1.5x, https:\/\/i0.wp.com\/noticiasribeiraopreto.com.br\/wp-content\/uploads\/2023\/12\/postimg-656a73c0b29f72220.jpg?fit=1200%2C628&ssl=1&resize=700%2C400 2x, https:\/\/i0.wp.com\/noticiasribeiraopreto.com.br\/wp-content\/uploads\/2023\/12\/postimg-656a73c0b29f72220.jpg?fit=1200%2C628&ssl=1&resize=1050%2C600 3x"},"classes":[]},{"id":71662,"url":"https:\/\/noticiasribeiraopreto.com.br\/index.php\/2025\/06\/08\/saiba-quem-e-a-ex-lider-do-pcc-presa-em-sp-que-estava-foragida-em-ribeirao-preto\/","url_meta":{"origin":75525,"position":1},"title":"Saiba quem \u00e9 a ex-l\u00edder do PCC presa em SP que estava foragida em Ribeir\u00e3o Preto","author":"noticiasribeiraopreto.com.br","date":"8 de June de 2025","format":false,"excerpt":"Uma ex-integrante do PCC tratada como sintonia da fac\u00e7\u00e3o criminosa foi presa na \u00faltima quinta-feira (5) em S\u00e3o Paulo em atua\u00e7\u00e3o conjunta da Pol\u00edcia Militar de S\u00e3o Paulo e do Gaeco (Grupo de Atua\u00e7\u00e3o Especial de Repress\u00e3o ao Crime Organizado, do Minist\u00e9rio P\u00fablico do Estado). Luma Valeria Rovagnello, conhecida como\u2026","rel":"","context":"In &quot;Not\u00edcias de Ribeir\u00e3o Preto-SP e Regi\u00e3o&quot;","block_context":{"text":"Not\u00edcias de Ribeir\u00e3o Preto-SP e Regi\u00e3o","link":"https:\/\/noticiasribeiraopreto.com.br\/index.php\/category\/noticias-de-ribeirao-preto-sp-e-regiao-ismael-colosi\/"},"img":{"alt_text":"","src":"https:\/\/i0.wp.com\/noticiasribeiraopreto.com.br\/wp-content\/uploads\/2025\/06\/luma-penolope_2025-06-08_17-35-22.webp.webp?fit=1121%2C835&ssl=1&resize=350%2C200","width":350,"height":200,"srcset":"https:\/\/i0.wp.com\/noticiasribeiraopreto.com.br\/wp-content\/uploads\/2025\/06\/luma-penolope_2025-06-08_17-35-22.webp.webp?fit=1121%2C835&ssl=1&resize=350%2C200 1x, https:\/\/i0.wp.com\/noticiasribeiraopreto.com.br\/wp-content\/uploads\/2025\/06\/luma-penolope_2025-06-08_17-35-22.webp.webp?fit=1121%2C835&ssl=1&resize=525%2C300 1.5x, https:\/\/i0.wp.com\/noticiasribeiraopreto.com.br\/wp-content\/uploads\/2025\/06\/luma-penolope_2025-06-08_17-35-22.webp.webp?fit=1121%2C835&ssl=1&resize=700%2C400 2x, https:\/\/i0.wp.com\/noticiasribeiraopreto.com.br\/wp-content\/uploads\/2025\/06\/luma-penolope_2025-06-08_17-35-22.webp.webp?fit=1121%2C835&ssl=1&resize=1050%2C600 3x"},"classes":[]},{"id":61564,"url":"https:\/\/noticiasribeiraopreto.com.br\/index.php\/2024\/12\/16\/megaoperacao-contra-roubo-a-carros-fortes-em-sp-prisoes-suspeito-morto-e-apreensao-milionaria\/","url_meta":{"origin":75525,"position":2},"title":"Megaopera\u00e7\u00e3o contra roubo a carros-fortes em SP: pris\u00f5es, suspeito morto e apreens\u00e3o milion\u00e1ria","author":"noticiasribeiraopreto.com.br","date":"16 de December de 2024","format":false,"excerpt":"Uma opera\u00e7\u00e3o de grande escala foi realizada nesta segunda-feira (16) para desarticular uma quadrilha suspeita de cometer roubos a carros-fortes em v\u00e1rias regi\u00f5es do estado de S\u00e3o Paulo. Coordenada pela Pol\u00edcia Civil, a a\u00e7\u00e3o contou com o apoio de diversas for\u00e7as policiais e resultou em um balan\u00e7o significativo: 10 pessoas\u2026","rel":"","context":"In &quot;Not\u00edcias de Ribeir\u00e3o Preto-SP e Regi\u00e3o&quot;","block_context":{"text":"Not\u00edcias de Ribeir\u00e3o Preto-SP e Regi\u00e3o","link":"https:\/\/noticiasribeiraopreto.com.br\/index.php\/category\/noticias-de-ribeirao-preto-sp-e-regiao-ismael-colosi\/"},"img":{"alt_text":"","src":"https:\/\/i0.wp.com\/noticiasribeiraopreto.com.br\/wp-content\/uploads\/2024\/12\/Captura-de-tela-2024-12-16-150335-e1734372598135.png?fit=1200%2C672&ssl=1&resize=350%2C200","width":350,"height":200,"srcset":"https:\/\/i0.wp.com\/noticiasribeiraopreto.com.br\/wp-content\/uploads\/2024\/12\/Captura-de-tela-2024-12-16-150335-e1734372598135.png?fit=1200%2C672&ssl=1&resize=350%2C200 1x, https:\/\/i0.wp.com\/noticiasribeiraopreto.com.br\/wp-content\/uploads\/2024\/12\/Captura-de-tela-2024-12-16-150335-e1734372598135.png?fit=1200%2C672&ssl=1&resize=525%2C300 1.5x, https:\/\/i0.wp.com\/noticiasribeiraopreto.com.br\/wp-content\/uploads\/2024\/12\/Captura-de-tela-2024-12-16-150335-e1734372598135.png?fit=1200%2C672&ssl=1&resize=700%2C400 2x, https:\/\/i0.wp.com\/noticiasribeiraopreto.com.br\/wp-content\/uploads\/2024\/12\/Captura-de-tela-2024-12-16-150335-e1734372598135.png?fit=1200%2C672&ssl=1&resize=1050%2C600 3x"},"classes":[]},{"id":58725,"url":"https:\/\/noticiasribeiraopreto.com.br\/index.php\/2024\/10\/04\/bandido-morre-durante-operacao-carcara-que-investiga-ataque-a-carro-forte-na-regiao-x-tudo-ribeirao\/","url_meta":{"origin":75525,"position":3},"title":"Bandido morre durante Opera\u00e7\u00e3o Carcar\u00e1 que investiga ataque a carro forte na regi\u00e3o \u2013 X Tudo Ribeir\u00e3o","author":"noticiasribeiraopreto.com.br","date":"4 de October de 2024","format":false,"excerpt":"Um criminoso morreu e outro foi preso, na manh\u00e3 desta sexta-feira (4), durante a Opera\u00e7\u00e3o Carcar\u00e1. A a\u00e7\u00e3o foi realizada na favela Parais\u00f3polis e na Praia Grande e est\u00e1 relacionada com o ataque ao carro-forte ocorrido na noite de 9 de setembro, na Rodovia C\u00e2ndido Portinari (SP-334), altura do km\u2026","rel":"","context":"In &quot;Not\u00edcias de Ribeir\u00e3o Preto-SP e Regi\u00e3o&quot;","block_context":{"text":"Not\u00edcias de Ribeir\u00e3o Preto-SP e Regi\u00e3o","link":"https:\/\/noticiasribeiraopreto.com.br\/index.php\/category\/noticias-de-ribeirao-preto-sp-e-regiao-ismael-colosi\/"},"img":{"alt_text":"","src":"https:\/\/i0.wp.com\/noticiasribeiraopreto.com.br\/wp-content\/uploads\/2024\/10\/Titulo-da-noticia-manchete-post-feed-Instagram.png?fit=1080%2C1080&ssl=1&resize=350%2C200","width":350,"height":200,"srcset":"https:\/\/i0.wp.com\/noticiasribeiraopreto.com.br\/wp-content\/uploads\/2024\/10\/Titulo-da-noticia-manchete-post-feed-Instagram.png?fit=1080%2C1080&ssl=1&resize=350%2C200 1x, https:\/\/i0.wp.com\/noticiasribeiraopreto.com.br\/wp-content\/uploads\/2024\/10\/Titulo-da-noticia-manchete-post-feed-Instagram.png?fit=1080%2C1080&ssl=1&resize=525%2C300 1.5x, https:\/\/i0.wp.com\/noticiasribeiraopreto.com.br\/wp-content\/uploads\/2024\/10\/Titulo-da-noticia-manchete-post-feed-Instagram.png?fit=1080%2C1080&ssl=1&resize=700%2C400 2x, https:\/\/i0.wp.com\/noticiasribeiraopreto.com.br\/wp-content\/uploads\/2024\/10\/Titulo-da-noticia-manchete-post-feed-Instagram.png?fit=1080%2C1080&ssl=1&resize=1050%2C600 3x"},"classes":[]},{"id":78586,"url":"https:\/\/noticiasribeiraopreto.com.br\/index.php\/2025\/10\/14\/mais-um-morre-em-confronto-com-pm-na-cidade\/","url_meta":{"origin":75525,"position":4},"title":"Mais um morre em confronto com PM na cidade","author":"noticiasribeiraopreto.com.br","date":"14 de October de 2025","format":false,"excerpt":"Por: Adalberto Luque Um homem, que n\u00e3o teve a identidade revelada, morreu na noite desta segunda-feira, 13 de outubro, ap\u00f3s confronto com a Pol\u00edcia Militar. O caso foi registrado na rua Constitui\u00e7\u00e3o, Vila Tib\u00e9rio, zona Oeste de Ribeir\u00e3o Preto. Segundo a PM, uma viatura foi deslocada para atender a um\u2026","rel":"","context":"In &quot;Not\u00edcias de Ribeir\u00e3o Preto-SP e Regi\u00e3o&quot;","block_context":{"text":"Not\u00edcias de Ribeir\u00e3o Preto-SP e Regi\u00e3o","link":"https:\/\/noticiasribeiraopreto.com.br\/index.php\/category\/noticias-de-ribeirao-preto-sp-e-regiao-ismael-colosi\/"},"img":{"alt_text":"","src":"https:\/\/i0.wp.com\/noticiasribeiraopreto.com.br\/wp-content\/uploads\/2025\/10\/14-out-2025-confrontopm.jpg?fit=505%2C545&ssl=1&resize=350%2C200","width":350,"height":200},"classes":[]},{"id":78221,"url":"https:\/\/noticiasribeiraopreto.com.br\/index.php\/2025\/10\/07\/mais-um-morre-em-confronto-com-pm\/","url_meta":{"origin":75525,"position":5},"title":"Mais um morre em confronto com PM","author":"noticiasribeiraopreto.com.br","date":"7 de October de 2025","format":false,"excerpt":"\u00c9 o segundo caso em dois dias; este \u00faltimo ocorreu em um barraco na zona Oeste 7 de outubro de 2025 11:327 de outubro de 2025 11:403 Compartilhar1 Por: Adalberto Luque Um homem morreu, na noite desta segunda-feira (5), ap\u00f3s reagir a uma abordagem policial. O caso ocorreu na rua\u2026","rel":"","context":"In &quot;Not\u00edcias de Ribeir\u00e3o Preto-SP e Regi\u00e3o&quot;","block_context":{"text":"Not\u00edcias de Ribeir\u00e3o Preto-SP e Regi\u00e3o","link":"https:\/\/noticiasribeiraopreto.com.br\/index.php\/category\/noticias-de-ribeirao-preto-sp-e-regiao-ismael-colosi\/"},"img":{"alt_text":"","src":"https:\/\/i0.wp.com\/noticiasribeiraopreto.com.br\/wp-content\/uploads\/2025\/10\/07-out-2025-morteconfronto0-scaled.png?fit=1170%2C780&ssl=1&resize=350%2C200","width":350,"height":200,"srcset":"https:\/\/i0.wp.com\/noticiasribeiraopreto.com.br\/wp-content\/uploads\/2025\/10\/07-out-2025-morteconfronto0-scaled.png?fit=1170%2C780&ssl=1&resize=350%2C200 1x, https:\/\/i0.wp.com\/noticiasribeiraopreto.com.br\/wp-content\/uploads\/2025\/10\/07-out-2025-morteconfronto0-scaled.png?fit=1170%2C780&ssl=1&resize=525%2C300 1.5x, https:\/\/i0.wp.com\/noticiasribeiraopreto.com.br\/wp-content\/uploads\/2025\/10\/07-out-2025-morteconfronto0-scaled.png?fit=1170%2C780&ssl=1&resize=700%2C400 2x, https:\/\/i0.wp.com\/noticiasribeiraopreto.com.br\/wp-content\/uploads\/2025\/10\/07-out-2025-morteconfronto0-scaled.png?fit=1170%2C780&ssl=1&resize=1050%2C600 3x"},"classes":[]}],"jetpack_sharing_enabled":true,"jetpack_shortlink":"https:\/\/wp.me\/peQAOb-jE9","_links":{"self":[{"href":"https:\/\/noticiasribeiraopreto.com.br\/index.php\/wp-json\/wp\/v2\/posts\/75525","targetHints":{"allow":["GET"]}}],"collection":[{"href":"https:\/\/noticiasribeiraopreto.com.br\/index.php\/wp-json\/wp\/v2\/posts"}],"about":[{"href":"https:\/\/noticiasribeiraopreto.com.br\/index.php\/wp-json\/wp\/v2\/types\/post"}],"author":[{"embeddable":true,"href":"https:\/\/noticiasribeiraopreto.com.br\/index.php\/wp-json\/wp\/v2\/users\/1"}],"replies":[{"embeddable":true,"href":"https:\/\/noticiasribeiraopreto.com.br\/index.php\/wp-json\/wp\/v2\/comments?post=75525"}],"version-history":[{"count":0,"href":"https:\/\/noticiasribeiraopreto.com.br\/index.php\/wp-json\/wp\/v2\/posts\/75525\/revisions"}],"wp:featuredmedia":[{"embeddable":true,"href":"https:\/\/noticiasribeiraopreto.com.br\/index.php\/wp-json\/wp\/v2\/media\/75526"}],"wp:attachment":[{"href":"https:\/\/noticiasribeiraopreto.com.br\/index.php\/wp-json\/wp\/v2\/media?parent=75525"}],"wp:term":[{"taxonomy":"category","embeddable":true,"href":"https:\/\/noticiasribeiraopreto.com.br\/index.php\/wp-json\/wp\/v2\/categories?post=75525"},{"taxonomy":"post_tag","embeddable":true,"href":"https:\/\/noticiasribeiraopreto.com.br\/index.php\/wp-json\/wp\/v2\/tags?post=75525"}],"curies":[{"name":"wp","href":"https:\/\/api.w.org\/{rel}","templated":true}]}}