{"id":75527,"date":"2025-08-10T18:00:43","date_gmt":"2025-08-10T21:00:43","guid":{"rendered":"https:\/\/noticiasribeiraopreto.com.br\/index.php\/2025\/08\/10\/dupla-e-presa-em-ribeirao-preto-apos-aplicar-golpe-e-vender-frutas-por-r-10-mil-a-idosos\/"},"modified":"2025-08-10T18:00:43","modified_gmt":"2025-08-10T21:00:43","slug":"dupla-e-presa-em-ribeirao-preto-apos-aplicar-golpe-e-vender-frutas-por-r-10-mil-a-idosos","status":"publish","type":"post","link":"https:\/\/noticiasribeiraopreto.com.br\/index.php\/2025\/08\/10\/dupla-e-presa-em-ribeirao-preto-apos-aplicar-golpe-e-vender-frutas-por-r-10-mil-a-idosos\/","title":{"rendered":"Dupla \u00e9 presa em Ribeir\u00e3o Preto ap\u00f3s aplicar golpe e vender frutas por R$ 10 mil a idosos"},"content":{"rendered":"<div class='code-block code-block-1' style='margin: 8px 0 8px auto; text-align: right; display: block; clear: both;'>\n<p><a href=\"https:\/\/wa.link\/vpicfd\"><img data-recalc-dims=\"1\" class=\"wp-image-4922\" style=\"aspect-ratio: 2.0253164556962027; width: 561px; height: auto;\" src=\"https:\/\/i0.wp.com\/ismaelcolosi.com.br\/wp-content\/uploads\/2023\/11\/grupo-de-empregos-whatsapp-e-facebook-ismael-colosi-vagas.jpg?ssl=1\" alt=\"\" \/><\/a><\/p>\n<!-- \/wp:image -->\n<\/div>\n<p> <br \/>\n<\/p>\n<div data-td-block-uid=\"tdi_95\">\n<div class=\"tdb-block-inner td-fix-index\">\n<p><strong>Dois homens de S\u00e3o Paulo foram presos neste s\u00e1bado (9)<\/strong>, em Ribeir\u00e3o Preto, ap\u00f3s aplicarem um golpe contra idosos em <strong>Uberaba<\/strong>, no interior de <strong>Minas Gerais<\/strong>. A pris\u00e3o aconteceu na <strong>rodovia Anhanguera.<\/strong><\/p>\n<p>Segundo a Pol\u00edcia Civil, <strong>os suspeitos fingiam vender frutas como uva<\/strong>, <strong>caju <\/strong>e <strong>morango<\/strong>, mas o objetivo era aplicar um golpe usando maquininhas de cart\u00e3o com o visor danificado. Dessa forma, as v\u00edtimas n\u00e3o conseguiam verificar o valor real da compra.<\/p>\n<div class=\"wp-block-image\">\n<figure class=\"aligncenter size-large is-resized\"><img data-recalc-dims=\"1\" fetchpriority=\"high\" decoding=\"async\" width=\"1024\" height=\"576\" src=\"https:\/\/i0.wp.com\/cdn.media-acidadeon.com.br\/ribeiraopreto\/wp-content\/uploads\/sites\/3\/2025\/08\/Copia-de-Copia-de-Copia-de-TAMANHO-EXATO-PARA-FOTOS-NO-SISTEMA-NOVO-2025-08-10T152420.068_2025-08-10_18-27-47-1024x576.webp?resize=1024%2C576&#038;ssl=1\" alt=\"\" class=\"wp-image-125322\" style=\"width:770px;height:auto\" srcset=\"https:\/\/cdn.media-acidadeon.com.br\/ribeiraopreto\/wp-content\/uploads\/sites\/3\/2025\/08\/Copia-de-Copia-de-Copia-de-TAMANHO-EXATO-PARA-FOTOS-NO-SISTEMA-NOVO-2025-08-10T152420.068_2025-08-10_18-27-47-1024x576.webp 1024w, https:\/\/cdn.media-acidadeon.com.br\/ribeiraopreto\/wp-content\/uploads\/sites\/3\/2025\/08\/Copia-de-Copia-de-Copia-de-TAMANHO-EXATO-PARA-FOTOS-NO-SISTEMA-NOVO-2025-08-10T152420.068_2025-08-10_18-27-47-300x169.webp 300w, https:\/\/cdn.media-acidadeon.com.br\/ribeiraopreto\/wp-content\/uploads\/sites\/3\/2025\/08\/Copia-de-Copia-de-Copia-de-TAMANHO-EXATO-PARA-FOTOS-NO-SISTEMA-NOVO-2025-08-10T152420.068_2025-08-10_18-27-47-768x432.webp 768w, https:\/\/cdn.media-acidadeon.com.br\/ribeiraopreto\/wp-content\/uploads\/sites\/3\/2025\/08\/Copia-de-Copia-de-Copia-de-TAMANHO-EXATO-PARA-FOTOS-NO-SISTEMA-NOVO-2025-08-10T152420.068_2025-08-10_18-27-47-696x392.webp 696w, https:\/\/cdn.media-acidadeon.com.br\/ribeiraopreto\/wp-content\/uploads\/sites\/3\/2025\/08\/Copia-de-Copia-de-Copia-de-TAMANHO-EXATO-PARA-FOTOS-NO-SISTEMA-NOVO-2025-08-10T152420.068_2025-08-10_18-27-47-1068x601.webp 1068w, https:\/\/cdn.media-acidadeon.com.br\/ribeiraopreto\/wp-content\/uploads\/sites\/3\/2025\/08\/Copia-de-Copia-de-Copia-de-TAMANHO-EXATO-PARA-FOTOS-NO-SISTEMA-NOVO-2025-08-10T152420.068_2025-08-10_18-27-47.webp 1200w\" sizes=\"(max-width: 1024px) 100vw, 1024px\"\/><figcaption class=\"wp-element-caption\">Dupla aplicava golpe ao vender frutas \u2013 Foto: Felipe Silva \/ Portal SP\u00a0Online<\/figcaption><\/figure>\n<\/div>\n<p><strong>O preju\u00edzo chegou a R$ 18 mil para duas v\u00edtimas<\/strong>. Em um dos casos, uma <strong>idosa pagou R$ 10 mil por apenas uma bandeja de morangos.<\/strong><\/p>\n<p>Os dois homens foram levados para a<strong> Central de Pol\u00edcia Judici\u00e1ria (CPJ) de Ribeir\u00e3o Preto<\/strong> e permanecem \u00e0 disposi\u00e7\u00e3o da Justi\u00e7a.<\/p>\n<hr class=\"wp-block-separator has-alpha-channel-opacity\"\/>\n<p>SAIBA MAIS<br \/>Por que o Dia dos Pais \u00e9 celebrado no segundo domingo de agosto? Entenda a data<\/p>\n<h2 class=\"wp-block-heading\"><strong>FIQUE ON<\/strong><\/h2>\n<p>Fique ligado em tudo que acontece em Ribeir\u00e3o Preto e regi\u00e3o. Siga os perfis do<strong> acidade on <\/strong>no <a href=\"https:\/\/www.instagram.com\/acidadeonribeirao\" data-type=\"link\" data-id=\"https:\/\/www.instagram.com\/acidadeonribeirao\" target=\"_blank\" rel=\"noopener\">Instagram<\/a> e no <a href=\"https:\/\/www.facebook.com\/acidadeonribeirao\/\" data-type=\"link\" data-id=\"https:\/\/www.facebook.com\/acidadeonribeirao\/\" target=\"_blank\" rel=\"noopener\">Facebook<\/a>.<\/p>\n<p>Receba not\u00edcias do <strong>acidade on<\/strong> no WhatsApp.<a href=\"https:\/\/chat.whatsapp.com\/I4nieTEMKlf50pJ28aMemC?mode=ac_t\" data-type=\"link\" data-id=\"https:\/\/chat.whatsapp.com\/I4nieTEMKlf50pJ28aMemC?mode=ac_t\" target=\"_blank\" rel=\"noopener\"> Para entrar no grupo, basta clicar aqui.<\/a><\/p>\n<p>Fa\u00e7a uma den\u00fancia ou sugira uma reportagem sobre Ribeir\u00e3o Preto e regi\u00e3o pelo WhatsApp: 16 99117 7802.<\/p>\n<p>VEJA TAMB\u00c9M<br \/>Voc\u00ea conhece os principais benef\u00edcios do abacate para a sa\u00fade?<\/p>\n<p><!-- AI CONTENT END 1 -->\n<\/div>\n<\/div>\n<p><script async src=\"\/\/www.instagram.com\/embed.js\"><\/script><br \/>\n<br \/><br \/>\n<br \/><a href=\"https:\/\/www.acidadeon.com\/ribeiraopreto\/cotidiano\/dupla-e-presa-em-ribeirao-preto-apos-aplicar-golpe-e-vender-frutas-por-r-10-mil-a-idosos\/\">Source link <\/a><\/p>\n<!-- CONTENT END 1 -->\n","protected":false},"excerpt":{"rendered":"<p>Dois homens de S\u00e3o Paulo foram presos neste s\u00e1bado (9), em Ribeir\u00e3o Preto, ap\u00f3s aplicarem um golpe contra idosos em Uberaba, no interior de Minas&#8230;<\/p>\n","protected":false},"author":1,"featured_media":75528,"comment_status":"open","ping_status":"open","sticky":false,"template":"","format":"standard","meta":{"advanced_seo_description":"","jetpack_seo_html_title":"","jetpack_seo_noindex":false,"jetpack_post_was_ever_published":false,"_jetpack_newsletter_access":"","_jetpack_dont_email_post_to_subs":false,"_jetpack_newsletter_tier_id":0,"_jetpack_memberships_contains_paywalled_content":false,"_jetpack_memberships_contains_paid_content":false,"footnotes":"","jetpack_publicize_message":"","jetpack_publicize_feature_enabled":true,"jetpack_social_post_already_shared":true,"jetpack_social_options":{"image_generator_settings":{"template":"highway","default_image_id":0,"font":"","enabled":false},"version":2}},"categories":[11],"tags":[],"class_list":["post-75527","post","type-post","status-publish","format-standard","has-post-thumbnail","hentry","category-noticias-de-ribeirao-preto-sp-e-regiao-ismael-colosi"],"jetpack_publicize_connections":[],"jetpack_featured_media_url":"https:\/\/i0.wp.com\/noticiasribeiraopreto.com.br\/wp-content\/uploads\/2025\/08\/Copia-de-Copia-de-Copia-de-TAMANHO-EXATO-PARA-FOTOS-NO-SISTEMA-NOVO-2025-08-10T152556.353_2025-08-10_18-26-45.webp.webp?fit=1200%2C675&ssl=1","jetpack-related-posts":[{"id":49664,"url":"https:\/\/noticiasribeiraopreto.com.br\/index.php\/2024\/05\/12\/suspeitos-de-aplicar-golpe-de-r-240-mil-em-idoso-sao-presos-em-ribeirao-preto\/","url_meta":{"origin":75527,"position":0},"title":"Suspeitos de aplicar golpe de R$ 240 mil em idoso s\u00e3o presos em Ribeir\u00e3o Preto","author":"noticiasribeiraopreto.com.br","date":"12 de May de 2024","format":false,"excerpt":"A Pol\u00edcia Civil de Sert\u00e3ozinho prendeu, na manh\u00e3 deste domingo (12), tr\u00eas suspeitos de aplicarem o golpe do bilhete premiado em um idoso, de 77 anos, em Jaboticabal, na regi\u00e3o de Ribeir\u00e3o Preto. Na ocasi\u00e3o, a v\u00edtima perdeu R$ 240 mil. Segundo o delegado DIG\/Dise Rodrigo Bortoletto, eles receberam den\u00fancia\u2026","rel":"","context":"In &quot;Not\u00edcias de Ribeir\u00e3o Preto-SP e Regi\u00e3o&quot;","block_context":{"text":"Not\u00edcias de Ribeir\u00e3o Preto-SP e Regi\u00e3o","link":"https:\/\/noticiasribeiraopreto.com.br\/index.php\/category\/noticias-de-ribeirao-preto-sp-e-regiao-ismael-colosi\/"},"img":{"alt_text":"","src":"https:\/\/i0.wp.com\/noticiasribeiraopreto.com.br\/wp-content\/uploads\/2024\/05\/Capturar_2024-05-12_18-15-42_jpg_2024-05-12_18-15-42.webp.webp?fit=790%2C475&ssl=1&resize=350%2C200","width":350,"height":200,"srcset":"https:\/\/i0.wp.com\/noticiasribeiraopreto.com.br\/wp-content\/uploads\/2024\/05\/Capturar_2024-05-12_18-15-42_jpg_2024-05-12_18-15-42.webp.webp?fit=790%2C475&ssl=1&resize=350%2C200 1x, https:\/\/i0.wp.com\/noticiasribeiraopreto.com.br\/wp-content\/uploads\/2024\/05\/Capturar_2024-05-12_18-15-42_jpg_2024-05-12_18-15-42.webp.webp?fit=790%2C475&ssl=1&resize=525%2C300 1.5x, https:\/\/i0.wp.com\/noticiasribeiraopreto.com.br\/wp-content\/uploads\/2024\/05\/Capturar_2024-05-12_18-15-42_jpg_2024-05-12_18-15-42.webp.webp?fit=790%2C475&ssl=1&resize=700%2C400 2x"},"classes":[]},{"id":75538,"url":"https:\/\/noticiasribeiraopreto.com.br\/index.php\/2025\/08\/11\/policia-civil-prende-acusado-de-matar-mulher-de-22-anos-em-ribeirao-preto\/","url_meta":{"origin":75527,"position":1},"title":"Pol\u00edcia Civil prende acusado de matar mulher de 22 anos em Ribeir\u00e3o Preto","author":"noticiasribeiraopreto.com.br","date":"11 de August de 2025","format":false,"excerpt":"A Pol\u00edcia Civil prendeu nesta segunda-feira (11) um homem suspeito de matar uma mulher de 22 anos, cujo corpo foi encontrado no \u00faltimo dia 1\u00ba, na casa onde a v\u00edtima morava, no Jardim Cristo Redentor, zona Norte de Ribeir\u00e3o Preto. Assista ao v\u00eddeo abaixo. Segundo o boletim de ocorr\u00eancia (BO),\u2026","rel":"","context":"In &quot;Not\u00edcias de Ribeir\u00e3o Preto-SP e Regi\u00e3o&quot;","block_context":{"text":"Not\u00edcias de Ribeir\u00e3o Preto-SP e Regi\u00e3o","link":"https:\/\/noticiasribeiraopreto.com.br\/index.php\/category\/noticias-de-ribeirao-preto-sp-e-regiao-ismael-colosi\/"},"img":{"alt_text":"","src":"https:\/\/i0.wp.com\/noticiasribeiraopreto.com.br\/wp-content\/uploads\/2025\/08\/WhatsApp-Image-2025-08-04-at-10.39.13_2025-08-04_14-23-07.webp.webp?fit=1200%2C675&ssl=1&resize=350%2C200","width":350,"height":200,"srcset":"https:\/\/i0.wp.com\/noticiasribeiraopreto.com.br\/wp-content\/uploads\/2025\/08\/WhatsApp-Image-2025-08-04-at-10.39.13_2025-08-04_14-23-07.webp.webp?fit=1200%2C675&ssl=1&resize=350%2C200 1x, https:\/\/i0.wp.com\/noticiasribeiraopreto.com.br\/wp-content\/uploads\/2025\/08\/WhatsApp-Image-2025-08-04-at-10.39.13_2025-08-04_14-23-07.webp.webp?fit=1200%2C675&ssl=1&resize=525%2C300 1.5x, https:\/\/i0.wp.com\/noticiasribeiraopreto.com.br\/wp-content\/uploads\/2025\/08\/WhatsApp-Image-2025-08-04-at-10.39.13_2025-08-04_14-23-07.webp.webp?fit=1200%2C675&ssl=1&resize=700%2C400 2x, https:\/\/i0.wp.com\/noticiasribeiraopreto.com.br\/wp-content\/uploads\/2025\/08\/WhatsApp-Image-2025-08-04-at-10.39.13_2025-08-04_14-23-07.webp.webp?fit=1200%2C675&ssl=1&resize=1050%2C600 3x"},"classes":[]},{"id":80909,"url":"https:\/\/noticiasribeiraopreto.com.br\/index.php\/2025\/12\/18\/idoso-cai-em-golpe-do-falso-sequestro-e-perde-dinheiro-da-aposentadoria-em-ribeirao-preto\/","url_meta":{"origin":75527,"position":2},"title":"Idoso cai em golpe do falso sequestro e perde dinheiro da aposentadoria em Ribeir\u00e3o Preto","author":"noticiasribeiraopreto.com.br","date":"18 de December de 2025","format":false,"excerpt":"Um homem de 91 anos perdeu R$ 1 mil na \u00faltima segunda-feira (15), ap\u00f3s cair no golpe do falso sequestro, na Vila Virg\u00ednia, zona Oeste de Ribeir\u00e3o Preto. \u00a0Segundo o boletim de ocorr\u00eancia (BO), a v\u00edtima recebeu uma liga\u00e7\u00e3o com voz semelhante a de seu filho, que disse ter sido\u2026","rel":"","context":"In &quot;Not\u00edcias de Ribeir\u00e3o Preto-SP e Regi\u00e3o&quot;","block_context":{"text":"Not\u00edcias de Ribeir\u00e3o Preto-SP e Regi\u00e3o","link":"https:\/\/noticiasribeiraopreto.com.br\/index.php\/category\/noticias-de-ribeirao-preto-sp-e-regiao-ismael-colosi\/"},"img":{"alt_text":"","src":"https:\/\/i0.wp.com\/noticiasribeiraopreto.com.br\/wp-content\/uploads\/2025\/12\/WhatsApp-Image-2025-12-17-at-15.52.00_2025-12-17_18-52-40.webp.webp?fit=855%2C469&ssl=1&resize=350%2C200","width":350,"height":200,"srcset":"https:\/\/i0.wp.com\/noticiasribeiraopreto.com.br\/wp-content\/uploads\/2025\/12\/WhatsApp-Image-2025-12-17-at-15.52.00_2025-12-17_18-52-40.webp.webp?fit=855%2C469&ssl=1&resize=350%2C200 1x, https:\/\/i0.wp.com\/noticiasribeiraopreto.com.br\/wp-content\/uploads\/2025\/12\/WhatsApp-Image-2025-12-17-at-15.52.00_2025-12-17_18-52-40.webp.webp?fit=855%2C469&ssl=1&resize=525%2C300 1.5x, https:\/\/i0.wp.com\/noticiasribeiraopreto.com.br\/wp-content\/uploads\/2025\/12\/WhatsApp-Image-2025-12-17-at-15.52.00_2025-12-17_18-52-40.webp.webp?fit=855%2C469&ssl=1&resize=700%2C400 2x"},"classes":[]},{"id":64480,"url":"https:\/\/noticiasribeiraopreto.com.br\/index.php\/2025\/03\/08\/enfermeiro-de-ribeirao-perde-r-30-mil-em-golpe-ao-tentar-vender-carrinho-de-bebe\/","url_meta":{"origin":75527,"position":3},"title":"Enfermeiro de Ribeir\u00e3o perde R$ 30 mil em golpe ao tentar vender carrinho de beb\u00ea","author":"noticiasribeiraopreto.com.br","date":"8 de March de 2025","format":false,"excerpt":"Um enfermeiro de 39 anos, de Ribeir\u00e3o Preto, registrou um boletim de ocorr\u00eancia (BO) na pol\u00edcia ap\u00f3s cair em um golpe ao tentar vender um carrinho de beb\u00ea pela internet. Ele afirmou ter perdido R$ 30 mil, que foram retirados da conta dele via Pix e por empr\u00e9stimos. Enio Paulino\u2026","rel":"","context":"In &quot;Not\u00edcias de Ribeir\u00e3o Preto-SP e Regi\u00e3o&quot;","block_context":{"text":"Not\u00edcias de Ribeir\u00e3o Preto-SP e Regi\u00e3o","link":"https:\/\/noticiasribeiraopreto.com.br\/index.php\/category\/noticias-de-ribeirao-preto-sp-e-regiao-ismael-colosi\/"},"img":{"alt_text":"","src":"https:\/\/i0.wp.com\/noticiasribeiraopreto.com.br\/wp-content\/uploads\/2025\/03\/ENFERMEIRO_2025-03-08_19-45-14_jpg_2025-03-08_19-45-14.webp.webp?fit=1200%2C819&ssl=1&resize=350%2C200","width":350,"height":200,"srcset":"https:\/\/i0.wp.com\/noticiasribeiraopreto.com.br\/wp-content\/uploads\/2025\/03\/ENFERMEIRO_2025-03-08_19-45-14_jpg_2025-03-08_19-45-14.webp.webp?fit=1200%2C819&ssl=1&resize=350%2C200 1x, https:\/\/i0.wp.com\/noticiasribeiraopreto.com.br\/wp-content\/uploads\/2025\/03\/ENFERMEIRO_2025-03-08_19-45-14_jpg_2025-03-08_19-45-14.webp.webp?fit=1200%2C819&ssl=1&resize=525%2C300 1.5x, https:\/\/i0.wp.com\/noticiasribeiraopreto.com.br\/wp-content\/uploads\/2025\/03\/ENFERMEIRO_2025-03-08_19-45-14_jpg_2025-03-08_19-45-14.webp.webp?fit=1200%2C819&ssl=1&resize=700%2C400 2x, https:\/\/i0.wp.com\/noticiasribeiraopreto.com.br\/wp-content\/uploads\/2025\/03\/ENFERMEIRO_2025-03-08_19-45-14_jpg_2025-03-08_19-45-14.webp.webp?fit=1200%2C819&ssl=1&resize=1050%2C600 3x"},"classes":[]},{"id":12987,"url":"https:\/\/noticiasribeiraopreto.com.br\/index.php\/2023\/12\/08\/aposentado-perde-r-31-mil-em-golpe-de-falsa-de-protecao-bancaria-na-regiao-de-ribeirao\/","url_meta":{"origin":75527,"position":4},"title":"Aposentado perde R$ 31 mil em golpe de falsa de prote\u00e7\u00e3o banc\u00e1ria na regi\u00e3o de Ribeir\u00e3o","author":"noticiasribeiraopreto.com.br","date":"8 de December de 2023","format":false,"excerpt":"Um aposentado, de 60 anos, de Batatais, cidade na regi\u00e3o de Ribeir\u00e3o Preto, foi v\u00edtima de um golpe, na \u00faltima quarta-feira (6), e perdeu R$ 31 mil ap\u00f3s uma suposta atendente de um banco oferecer um servi\u00e7o de prote\u00e7\u00e3o \u00e0 conta do homem. Um Boletim de Ocorr\u00eancia (BO) foi registrado\u2026","rel":"","context":"In &quot;Not\u00edcias de Ribeir\u00e3o Preto-SP e Regi\u00e3o&quot;","block_context":{"text":"Not\u00edcias de Ribeir\u00e3o Preto-SP e Regi\u00e3o","link":"https:\/\/noticiasribeiraopreto.com.br\/index.php\/category\/noticias-de-ribeirao-preto-sp-e-regiao-ismael-colosi\/"},"img":{"alt_text":"","src":"https:\/\/i0.wp.com\/noticiasribeiraopreto.com.br\/wp-content\/uploads\/2023\/12\/smartphone-g8bcf1c620_1280.jpg?fit=1200%2C800&ssl=1&resize=350%2C200","width":350,"height":200,"srcset":"https:\/\/i0.wp.com\/noticiasribeiraopreto.com.br\/wp-content\/uploads\/2023\/12\/smartphone-g8bcf1c620_1280.jpg?fit=1200%2C800&ssl=1&resize=350%2C200 1x, https:\/\/i0.wp.com\/noticiasribeiraopreto.com.br\/wp-content\/uploads\/2023\/12\/smartphone-g8bcf1c620_1280.jpg?fit=1200%2C800&ssl=1&resize=525%2C300 1.5x, https:\/\/i0.wp.com\/noticiasribeiraopreto.com.br\/wp-content\/uploads\/2023\/12\/smartphone-g8bcf1c620_1280.jpg?fit=1200%2C800&ssl=1&resize=700%2C400 2x, https:\/\/i0.wp.com\/noticiasribeiraopreto.com.br\/wp-content\/uploads\/2023\/12\/smartphone-g8bcf1c620_1280.jpg?fit=1200%2C800&ssl=1&resize=1050%2C600 3x"},"classes":[]},{"id":49162,"url":"https:\/\/noticiasribeiraopreto.com.br\/index.php\/2024\/05\/08\/idoso-cai-em-golpe-e-perde-r-240-mil-na-regiao-de-ribeirao-preto\/","url_meta":{"origin":75527,"position":5},"title":"Idoso cai em golpe e perde R$ 240 mil na regi\u00e3o de Ribeir\u00e3o Preto","author":"noticiasribeiraopreto.com.br","date":"8 de May de 2024","format":false,"excerpt":"Um idoso, de 77 anos, caiu no golpe do bilhete premiado em Jaboticabal, cidade na regi\u00e3o de Ribeir\u00e3o Preto, e perdeu R$ 240 mil. O caso aconteceu nesta ter\u00e7a-feira (7), no Centro da cidade. De acordo com a Pol\u00edcia Civil, a v\u00edtima foi abordada por um homem que estava com\u2026","rel":"","context":"In &quot;Not\u00edcias de Ribeir\u00e3o Preto-SP e Regi\u00e3o&quot;","block_context":{"text":"Not\u00edcias de Ribeir\u00e3o Preto-SP e Regi\u00e3o","link":"https:\/\/noticiasribeiraopreto.com.br\/index.php\/category\/noticias-de-ribeirao-preto-sp-e-regiao-ismael-colosi\/"},"img":{"alt_text":"","src":"https:\/\/i0.wp.com\/noticiasribeiraopreto.com.br\/wp-content\/uploads\/2024\/05\/Copia-de-Copia-de-TAMANHO-EXATO-PARA-FOTOS-NO-SISTEMA-NOVO-32_2024-05-09_00-30-47_png_2024-05-09_00-30-47.webp.webp?fit=1200%2C675&ssl=1&resize=350%2C200","width":350,"height":200,"srcset":"https:\/\/i0.wp.com\/noticiasribeiraopreto.com.br\/wp-content\/uploads\/2024\/05\/Copia-de-Copia-de-TAMANHO-EXATO-PARA-FOTOS-NO-SISTEMA-NOVO-32_2024-05-09_00-30-47_png_2024-05-09_00-30-47.webp.webp?fit=1200%2C675&ssl=1&resize=350%2C200 1x, https:\/\/i0.wp.com\/noticiasribeiraopreto.com.br\/wp-content\/uploads\/2024\/05\/Copia-de-Copia-de-TAMANHO-EXATO-PARA-FOTOS-NO-SISTEMA-NOVO-32_2024-05-09_00-30-47_png_2024-05-09_00-30-47.webp.webp?fit=1200%2C675&ssl=1&resize=525%2C300 1.5x, https:\/\/i0.wp.com\/noticiasribeiraopreto.com.br\/wp-content\/uploads\/2024\/05\/Copia-de-Copia-de-TAMANHO-EXATO-PARA-FOTOS-NO-SISTEMA-NOVO-32_2024-05-09_00-30-47_png_2024-05-09_00-30-47.webp.webp?fit=1200%2C675&ssl=1&resize=700%2C400 2x, https:\/\/i0.wp.com\/noticiasribeiraopreto.com.br\/wp-content\/uploads\/2024\/05\/Copia-de-Copia-de-TAMANHO-EXATO-PARA-FOTOS-NO-SISTEMA-NOVO-32_2024-05-09_00-30-47_png_2024-05-09_00-30-47.webp.webp?fit=1200%2C675&ssl=1&resize=1050%2C600 3x"},"classes":[]}],"jetpack_sharing_enabled":true,"jetpack_shortlink":"https:\/\/wp.me\/peQAOb-jEb","_links":{"self":[{"href":"https:\/\/noticiasribeiraopreto.com.br\/index.php\/wp-json\/wp\/v2\/posts\/75527","targetHints":{"allow":["GET"]}}],"collection":[{"href":"https:\/\/noticiasribeiraopreto.com.br\/index.php\/wp-json\/wp\/v2\/posts"}],"about":[{"href":"https:\/\/noticiasribeiraopreto.com.br\/index.php\/wp-json\/wp\/v2\/types\/post"}],"author":[{"embeddable":true,"href":"https:\/\/noticiasribeiraopreto.com.br\/index.php\/wp-json\/wp\/v2\/users\/1"}],"replies":[{"embeddable":true,"href":"https:\/\/noticiasribeiraopreto.com.br\/index.php\/wp-json\/wp\/v2\/comments?post=75527"}],"version-history":[{"count":0,"href":"https:\/\/noticiasribeiraopreto.com.br\/index.php\/wp-json\/wp\/v2\/posts\/75527\/revisions"}],"wp:featuredmedia":[{"embeddable":true,"href":"https:\/\/noticiasribeiraopreto.com.br\/index.php\/wp-json\/wp\/v2\/media\/75528"}],"wp:attachment":[{"href":"https:\/\/noticiasribeiraopreto.com.br\/index.php\/wp-json\/wp\/v2\/media?parent=75527"}],"wp:term":[{"taxonomy":"category","embeddable":true,"href":"https:\/\/noticiasribeiraopreto.com.br\/index.php\/wp-json\/wp\/v2\/categories?post=75527"},{"taxonomy":"post_tag","embeddable":true,"href":"https:\/\/noticiasribeiraopreto.com.br\/index.php\/wp-json\/wp\/v2\/tags?post=75527"}],"curies":[{"name":"wp","href":"https:\/\/api.w.org\/{rel}","templated":true}]}}