{"id":75530,"date":"2025-08-10T21:08:00","date_gmt":"2025-08-11T00:08:00","guid":{"rendered":"https:\/\/noticiasribeiraopreto.com.br\/index.php\/2025\/08\/10\/botafogo-perde-e-permanece-no-z-4-da-serie-b\/"},"modified":"2025-08-10T21:08:00","modified_gmt":"2025-08-11T00:08:00","slug":"botafogo-perde-e-permanece-no-z-4-da-serie-b","status":"publish","type":"post","link":"https:\/\/noticiasribeiraopreto.com.br\/index.php\/2025\/08\/10\/botafogo-perde-e-permanece-no-z-4-da-serie-b\/","title":{"rendered":"Botafogo perde e permanece no Z-4 da S\u00e9rie B"},"content":{"rendered":"<div class='code-block code-block-1' style='margin: 8px 0 8px auto; text-align: right; display: block; clear: both;'>\n<p><a href=\"https:\/\/wa.link\/vpicfd\"><img data-recalc-dims=\"1\" class=\"wp-image-4922\" style=\"aspect-ratio: 2.0253164556962027; width: 561px; height: auto;\" src=\"https:\/\/i0.wp.com\/ismaelcolosi.com.br\/wp-content\/uploads\/2023\/11\/grupo-de-empregos-whatsapp-e-facebook-ismael-colosi-vagas.jpg?ssl=1\" alt=\"\" \/><\/a><\/p>\n<!-- \/wp:image -->\n<\/div>\n<p> <br \/>\n<\/p>\n<div id=\"\">\n<h2 class=\"penci-post-subtitle\">Pantera \u00e9 dominado pelo Atl\u00e9tico-GO e perde chance de deixar parte inferior da tabela<\/h2>\n<p>\n\t\t\t\t\t\t\t\t\t<span class=\"entry-meta-item penci-posted-on\"><i class=\"fa fa-clock-o\"\/><time class=\"entry-date published updated\" datetime=\"2025-08-10T21:06:17-03:00\">10 de agosto de 2025 21:06<\/time><\/span><span class=\"entry-meta-item penci-post-countview\"><span class=\"entry-meta-item penci-post-countview penci_post-meta_item\"><i class=\"fa fa-eye\"\/><span class=\"penci-post-countview-number penci-post-countview-p434614\">4<\/span><\/span><\/span>\t\t\t\t\t\t\t\t<\/p>\n<p><!-- .entry-meta --><br \/>\n\t\t\t\t\t\t\t\t<span class=\"penci-social-buttons penci-social-share-footer\"><span class=\"penci-social-share-text\">Compartilhar<\/span><a href=\"#\" class=\"penci-post-like penci_post-meta_item  single-like-button penci-social-item like\" data-post_id=\"434614\" title=\"Like\" data-like=\"Like\" data-unlike=\"Unlike\"><i class=\"fa fa-thumbs-o-up\"\/><span class=\"penci-share-number\">1<\/span><\/a><i class=\"fa fa-facebook\"\/><a class=\"penci-social-item twitter\" target=\"_blank\" rel=\"noopener\" title=\"\" href=\"https:\/\/twitter.com\/intent\/tweet?text=Botafogo%20perde%20e%20permanece%20no%20Z-4%20da%20S\u00e9rie%20B%20-%20https:\/\/www.tribunaribeirao.com.br\/botafogo-perde-e-permanece-no-z-4-da-serie-b\/\"><i class=\"fa fa-twitter\"\/><\/a><i class=\"fa fa-linkedin\"\/><i class=\"fa fa-whatsapp\"\/><i class=\"fa fa-telegram\"\/><i class=\"fa fa-envelope\"\/><\/span>\t\t\t\t\t\t\t<\/div>\n<div>\n<p><em><strong>Por Hugo Luque<\/strong><\/em><\/p>\n<p>O Botafogo foi derrotado pelo Atl\u00e9tico-GO por 2 a 0 neste domingo (10), no Est\u00e1dio Ant\u00f4nio Accioly, em duelo v\u00e1lido pela 21\u00aa rodada da S\u00e9rie B do Campeonato Brasileiro.<\/p>\n<p>O Pantera teve uma grande chance de deixar a zona de rebaixamento. No entanto, uma partida pouco criativa fez com que a equipe fosse dominada pelo rival e deixasse Goi\u00e1s derrotada com gols de Federico Mart\u00ednez e Kelvin.<\/p>\n<p>O resultado mant\u00e9m o Tricolor na 18\u00aa posi\u00e7\u00e3o do nacional, com 21 pontos, um atr\u00e1s do Volta Redonda, primeiro time fora do Z-4. Na pr\u00f3xima rodada, o advers\u00e1rio ser\u00e1 o Remo, no s\u00e1bado, \u00e0s 16h, fora de casa.<\/p>\n<p><strong>O jogo<\/strong><\/p>\n<p>O Atl\u00e9tico entendeu logo de cara a import\u00e2ncia do confronto direto. Com o sonho de retornar \u00e0 elite do pa\u00eds, o Drag\u00e3o se imp\u00f4s diante de sua torcida em busca de voltar aos trilhos.<\/p>\n<p>O mandante superior e teve chances de abrir o placar. Logo de cara, Federico Mart\u00ednez acertou o travess\u00e3o em cabe\u00e7ada e a trave em batida na entrada da \u00e1rea. Leandro Maciel at\u00e9 respondeu, mas o Botafogo sequer chegou perto de fazer um gol.<\/p>\n<p>Embora tenha conseguido aguentar a press\u00e3o nos 45 minutos iniciais, o Pantera n\u00e3o resistiu na etapa final. Aos 18 minutos, Kelvin cruzou Mart\u00ednez, que finalmente superou a trave para abrir o placar.<\/p>\n<p>O poste, inclusive, parou o Tricolor quando Jefferson Nem encheu o p\u00e9. O empate parecia mais perto, o que fez a decep\u00e7\u00e3o com o gol de Kelvin ainda maior. Mart\u00ednez retribuiu a assist\u00eancia de Kelvin no primeiro tento e serviu o atacante, que marcou o segundo aos 42 minutos do segundo tempo e fechou a conta.<\/p>\n<\/div>\n<p><script async src=\"\/\/platform.twitter.com\/widgets.js\" charset=\"utf-8\"><\/script><br \/>\n<br \/><br \/>\n<br \/><a href=\"https:\/\/www.tribunaribeirao.com.br\/botafogo-perde-e-permanece-no-z-4-da-serie-b\/\">Source link <\/a><\/p>\n<!-- CONTENT END 1 -->\n","protected":false},"excerpt":{"rendered":"<p>Pantera \u00e9 dominado pelo Atl\u00e9tico-GO e perde chance de deixar parte inferior da tabela 10 de agosto de 2025 21:064 Compartilhar1 Por Hugo Luque O&#8230;<\/p>\n","protected":false},"author":1,"featured_media":75531,"comment_status":"open","ping_status":"open","sticky":false,"template":"","format":"standard","meta":{"advanced_seo_description":"","jetpack_seo_html_title":"","jetpack_seo_noindex":false,"jetpack_post_was_ever_published":false,"_jetpack_newsletter_access":"","_jetpack_dont_email_post_to_subs":false,"_jetpack_newsletter_tier_id":0,"_jetpack_memberships_contains_paywalled_content":false,"_jetpack_memberships_contains_paid_content":false,"footnotes":"","jetpack_publicize_message":"","jetpack_publicize_feature_enabled":true,"jetpack_social_post_already_shared":true,"jetpack_social_options":{"image_generator_settings":{"template":"highway","default_image_id":0,"font":"","enabled":false},"version":2}},"categories":[11],"tags":[],"class_list":["post-75530","post","type-post","status-publish","format-standard","has-post-thumbnail","hentry","category-noticias-de-ribeirao-preto-sp-e-regiao-ismael-colosi"],"jetpack_publicize_connections":[],"jetpack_featured_media_url":"https:\/\/i0.wp.com\/noticiasribeiraopreto.com.br\/wp-content\/uploads\/2025\/08\/Imagem-do-WhatsApp-de-2025-08-10-as-19.31.49_f60a5d5a-scaled.jpg?fit=1170%2C780&ssl=1","jetpack-related-posts":[{"id":39311,"url":"https:\/\/noticiasribeiraopreto.com.br\/index.php\/2024\/02\/24\/comercial-perde-na-estreia-de-ademir-fesan\/","url_meta":{"origin":75530,"position":0},"title":"Comercial perde na estreia de Ademir Fesan","author":"noticiasribeiraopreto.com.br","date":"24 de February de 2024","format":false,"excerpt":"24 de fevereiro de 2024 | 17:13 0N\u00e3o foi a estreia do t\u00e9cnico Ademir Fesan que mudou a hist\u00f3ria de resultados negativos do Comercial FC no Campeonato Paulista da S\u00e9rie A2. O Le\u00e3o do Norte voltou a perder na competi\u00e7\u00e3o, desta vez, neste s\u00e1bado (24), no est\u00e1dio Ulrico Mursa, em\u2026","rel":"","context":"In &quot;Not\u00edcias de Ribeir\u00e3o Preto-SP e Regi\u00e3o&quot;","block_context":{"text":"Not\u00edcias de Ribeir\u00e3o Preto-SP e Regi\u00e3o","link":"https:\/\/noticiasribeiraopreto.com.br\/index.php\/category\/noticias-de-ribeirao-preto-sp-e-regiao-ismael-colosi\/"},"img":{"alt_text":"","src":"https:\/\/i0.wp.com\/noticiasribeiraopreto.com.br\/wp-content\/uploads\/2024\/02\/81dea2c9-9e74-419e-9375-b5d823301732.jpg?fit=640%2C426&ssl=1&resize=350%2C200","width":350,"height":200,"srcset":"https:\/\/i0.wp.com\/noticiasribeiraopreto.com.br\/wp-content\/uploads\/2024\/02\/81dea2c9-9e74-419e-9375-b5d823301732.jpg?fit=640%2C426&ssl=1&resize=350%2C200 1x, https:\/\/i0.wp.com\/noticiasribeiraopreto.com.br\/wp-content\/uploads\/2024\/02\/81dea2c9-9e74-419e-9375-b5d823301732.jpg?fit=640%2C426&ssl=1&resize=525%2C300 1.5x"},"classes":[]},{"id":29294,"url":"https:\/\/noticiasribeiraopreto.com.br\/index.php\/2024\/01\/17\/botafogo-perde-para-o-flamengo-nos-ultimos-minutos-e-esta-fora-da-copinha\/","url_meta":{"origin":75530,"position":1},"title":"Botafogo perde para o Flamengo nos \u00faltimos minutos e est\u00e1 fora da Copinha","author":"noticiasribeiraopreto.com.br","date":"17 de January de 2024","format":false,"excerpt":"O Botafogo foi derrotado pelo Flamengo por 2 a 1, no fim da partida desta quarta-feira (17), no Est\u00e1dio Jos\u00e9 Liberatti, em Osasco, pelas oitavas de final da Copa S\u00e3o Paulo de Futebol J\u00fanior. Daniel Rog\u00e9rio foi quem abriu o placar para o Rubro-Negro, aos 17 minutos do primeiro tempo,\u2026","rel":"","context":"In &quot;Not\u00edcias de Ribeir\u00e3o Preto-SP e Regi\u00e3o&quot;","block_context":{"text":"Not\u00edcias de Ribeir\u00e3o Preto-SP e Regi\u00e3o","link":"https:\/\/noticiasribeiraopreto.com.br\/index.php\/category\/noticias-de-ribeirao-preto-sp-e-regiao-ismael-colosi\/"},"img":{"alt_text":"","src":"https:\/\/i0.wp.com\/noticiasribeiraopreto.com.br\/wp-content\/uploads\/2024\/01\/Copia-de-Copia-de-TAMANHO-EXATO-PARA-FOTOS-NO-SISTEMA-NOVO-1.jpg?fit=1200%2C675&ssl=1&resize=350%2C200","width":350,"height":200,"srcset":"https:\/\/i0.wp.com\/noticiasribeiraopreto.com.br\/wp-content\/uploads\/2024\/01\/Copia-de-Copia-de-TAMANHO-EXATO-PARA-FOTOS-NO-SISTEMA-NOVO-1.jpg?fit=1200%2C675&ssl=1&resize=350%2C200 1x, https:\/\/i0.wp.com\/noticiasribeiraopreto.com.br\/wp-content\/uploads\/2024\/01\/Copia-de-Copia-de-TAMANHO-EXATO-PARA-FOTOS-NO-SISTEMA-NOVO-1.jpg?fit=1200%2C675&ssl=1&resize=525%2C300 1.5x, https:\/\/i0.wp.com\/noticiasribeiraopreto.com.br\/wp-content\/uploads\/2024\/01\/Copia-de-Copia-de-TAMANHO-EXATO-PARA-FOTOS-NO-SISTEMA-NOVO-1.jpg?fit=1200%2C675&ssl=1&resize=700%2C400 2x, https:\/\/i0.wp.com\/noticiasribeiraopreto.com.br\/wp-content\/uploads\/2024\/01\/Copia-de-Copia-de-TAMANHO-EXATO-PARA-FOTOS-NO-SISTEMA-NOVO-1.jpg?fit=1200%2C675&ssl=1&resize=1050%2C600 3x"},"classes":[]},{"id":25448,"url":"https:\/\/noticiasribeiraopreto.com.br\/index.php\/2024\/01\/07\/comercial-perde-do-jacuipense-e-esta-eliminado-da-copa-sp\/","url_meta":{"origin":75530,"position":2},"title":"Comercial perde do Jacuipense e est\u00e1 eliminado da Copa SP","author":"noticiasribeiraopreto.com.br","date":"7 de January de 2024","format":false,"excerpt":"O Comercial perdeu do Jacuipense, por 1 a 0, na tarde deste s\u00e1bado (6), \u00a0e est\u00e1 eliminado da Copa S\u00e3o Paulo de Futebol J\u00fanior. Jogo, realizado no est\u00e1dio bela Vista, em Cravinhos, foi v\u00e1lido pela segunda rodada do Grupo 6. O \u00fanico gol da partida saiu aos 40 minutos da\u2026","rel":"","context":"In &quot;Not\u00edcias de Ribeir\u00e3o Preto-SP e Regi\u00e3o&quot;","block_context":{"text":"Not\u00edcias de Ribeir\u00e3o Preto-SP e Regi\u00e3o","link":"https:\/\/noticiasribeiraopreto.com.br\/index.php\/category\/noticias-de-ribeirao-preto-sp-e-regiao-ismael-colosi\/"},"img":{"alt_text":"","src":"https:\/\/i0.wp.com\/noticiasribeiraopreto.com.br\/wp-content\/uploads\/2024\/01\/WhatsApp-Image-2024-01-07-at-11.47.44-1-scaled.jpeg?fit=1200%2C800&ssl=1&resize=350%2C200","width":350,"height":200,"srcset":"https:\/\/i0.wp.com\/noticiasribeiraopreto.com.br\/wp-content\/uploads\/2024\/01\/WhatsApp-Image-2024-01-07-at-11.47.44-1-scaled.jpeg?fit=1200%2C800&ssl=1&resize=350%2C200 1x, https:\/\/i0.wp.com\/noticiasribeiraopreto.com.br\/wp-content\/uploads\/2024\/01\/WhatsApp-Image-2024-01-07-at-11.47.44-1-scaled.jpeg?fit=1200%2C800&ssl=1&resize=525%2C300 1.5x, https:\/\/i0.wp.com\/noticiasribeiraopreto.com.br\/wp-content\/uploads\/2024\/01\/WhatsApp-Image-2024-01-07-at-11.47.44-1-scaled.jpeg?fit=1200%2C800&ssl=1&resize=700%2C400 2x, https:\/\/i0.wp.com\/noticiasribeiraopreto.com.br\/wp-content\/uploads\/2024\/01\/WhatsApp-Image-2024-01-07-at-11.47.44-1-scaled.jpeg?fit=1200%2C800&ssl=1&resize=1050%2C600 3x"},"classes":[]},{"id":58756,"url":"https:\/\/noticiasribeiraopreto.com.br\/index.php\/2024\/10\/05\/botafogo-perde-para-ponte-preta-e-entra-no-z-4-da-serie-b-do-brasileiro\/","url_meta":{"origin":75530,"position":3},"title":"Botafogo perde para Ponte Preta e entra no Z-4 da S\u00e9rie B do Brasileiro","author":"noticiasribeiraopreto.com.br","date":"5 de October de 2024","format":false,"excerpt":"O Grupo EP usa cookies e outras tecnologias semelhantes para melhorar a sua experi\u00eancia, analisar o tr\u00e1fego do site e personalizar o conte\u00fado. Conhe\u00e7a a nossa pol\u00edtica de privacidade e, ao continuar navegando, voc\u00ea concorda com estas condi\u00e7\u00f5es. Source link","rel":"","context":"In &quot;Not\u00edcias de Ribeir\u00e3o Preto-SP e Regi\u00e3o&quot;","block_context":{"text":"Not\u00edcias de Ribeir\u00e3o Preto-SP e Regi\u00e3o","link":"https:\/\/noticiasribeiraopreto.com.br\/index.php\/category\/noticias-de-ribeirao-preto-sp-e-regiao-ismael-colosi\/"},"img":{"alt_text":"","src":"https:\/\/i0.wp.com\/noticiasribeiraopreto.com.br\/wp-content\/uploads\/2024\/10\/WhatsApp-Image-2024-10-05-at-18.47.59_2024-10-05_21-51-59_jpeg_2024-10-05_21-52-00.webp.webp?fit=1200%2C800&ssl=1&resize=350%2C200","width":350,"height":200,"srcset":"https:\/\/i0.wp.com\/noticiasribeiraopreto.com.br\/wp-content\/uploads\/2024\/10\/WhatsApp-Image-2024-10-05-at-18.47.59_2024-10-05_21-51-59_jpeg_2024-10-05_21-52-00.webp.webp?fit=1200%2C800&ssl=1&resize=350%2C200 1x, https:\/\/i0.wp.com\/noticiasribeiraopreto.com.br\/wp-content\/uploads\/2024\/10\/WhatsApp-Image-2024-10-05-at-18.47.59_2024-10-05_21-51-59_jpeg_2024-10-05_21-52-00.webp.webp?fit=1200%2C800&ssl=1&resize=525%2C300 1.5x, https:\/\/i0.wp.com\/noticiasribeiraopreto.com.br\/wp-content\/uploads\/2024\/10\/WhatsApp-Image-2024-10-05-at-18.47.59_2024-10-05_21-51-59_jpeg_2024-10-05_21-52-00.webp.webp?fit=1200%2C800&ssl=1&resize=700%2C400 2x, https:\/\/i0.wp.com\/noticiasribeiraopreto.com.br\/wp-content\/uploads\/2024\/10\/WhatsApp-Image-2024-10-05-at-18.47.59_2024-10-05_21-51-59_jpeg_2024-10-05_21-52-00.webp.webp?fit=1200%2C800&ssl=1&resize=1050%2C600 3x"},"classes":[]},{"id":36610,"url":"https:\/\/noticiasribeiraopreto.com.br\/index.php\/2024\/02\/10\/comercial-perde-na-estreia-de-wagner-lopes\/","url_meta":{"origin":75530,"position":4},"title":"Comercial perde na estreia de Wagner Lopes","author":"noticiasribeiraopreto.com.br","date":"10 de February de 2024","format":false,"excerpt":"10 de fevereiro de 2024 | 18:05 0O Comercial continua sem vit\u00f3ria na S\u00e9rie A-2 do Campeonato Paulista. Neste s\u00e1bado \u00e0 tarde, pela oitava rodada da competi\u00e7\u00e3o, o Le\u00e3o do Norte perdeu por 3 a 1 para o Velo Clube, em Rio Claro.Foi a estreia do t\u00e9cnico Wagner Lopes no\u2026","rel":"","context":"In &quot;Not\u00edcias de Ribeir\u00e3o Preto-SP e Regi\u00e3o&quot;","block_context":{"text":"Not\u00edcias de Ribeir\u00e3o Preto-SP e Regi\u00e3o","link":"https:\/\/noticiasribeiraopreto.com.br\/index.php\/category\/noticias-de-ribeirao-preto-sp-e-regiao-ismael-colosi\/"},"img":{"alt_text":"","src":"https:\/\/i0.wp.com\/noticiasribeiraopreto.com.br\/wp-content\/uploads\/2024\/02\/leaow-scaled.jpg?fit=967%2C645&ssl=1&resize=350%2C200","width":350,"height":200,"srcset":"https:\/\/i0.wp.com\/noticiasribeiraopreto.com.br\/wp-content\/uploads\/2024\/02\/leaow-scaled.jpg?fit=967%2C645&ssl=1&resize=350%2C200 1x, https:\/\/i0.wp.com\/noticiasribeiraopreto.com.br\/wp-content\/uploads\/2024\/02\/leaow-scaled.jpg?fit=967%2C645&ssl=1&resize=525%2C300 1.5x, https:\/\/i0.wp.com\/noticiasribeiraopreto.com.br\/wp-content\/uploads\/2024\/02\/leaow-scaled.jpg?fit=967%2C645&ssl=1&resize=700%2C400 2x"},"classes":[]},{"id":77741,"url":"https:\/\/noticiasribeiraopreto.com.br\/index.php\/2025\/09\/24\/botafogo-perde-por-3-a-2-para-o-crb-e-segue-sem-vencer-ha-quatro-jogos\/","url_meta":{"origin":75530,"position":5},"title":"Botafogo perde por 3 a 2 para o CRB e segue sem vencer h\u00e1 quatro jogos","author":"noticiasribeiraopreto.com.br","date":"24 de September de 2025","format":false,"excerpt":"O Botafogo perdeu por 3 a 2 para o CRB na noite desta quarta-feira (24), no est\u00e1dio Rei Pel\u00e9, em Macei\u00f3, em partida v\u00e1lida pela 28\u00aa rodada da S\u00e9rie B do Campeonato Brasileiro. O zagueiro F\u00e1bio Alem\u00e3o abriu o placar para o CRB aos 19 minutos do primeiro tempo, e\u2026","rel":"","context":"In &quot;Not\u00edcias de Ribeir\u00e3o Preto-SP e Regi\u00e3o&quot;","block_context":{"text":"Not\u00edcias de Ribeir\u00e3o Preto-SP e Regi\u00e3o","link":"https:\/\/noticiasribeiraopreto.com.br\/index.php\/category\/noticias-de-ribeirao-preto-sp-e-regiao-ismael-colosi\/"},"img":{"alt_text":"","src":"https:\/\/i0.wp.com\/noticiasribeiraopreto.com.br\/wp-content\/uploads\/2025\/09\/WhatsApp-Image-2025-09-24-at-20.20.51_2025-09-25_00-06-04.webp.webp?fit=1200%2C800&ssl=1&resize=350%2C200","width":350,"height":200,"srcset":"https:\/\/i0.wp.com\/noticiasribeiraopreto.com.br\/wp-content\/uploads\/2025\/09\/WhatsApp-Image-2025-09-24-at-20.20.51_2025-09-25_00-06-04.webp.webp?fit=1200%2C800&ssl=1&resize=350%2C200 1x, https:\/\/i0.wp.com\/noticiasribeiraopreto.com.br\/wp-content\/uploads\/2025\/09\/WhatsApp-Image-2025-09-24-at-20.20.51_2025-09-25_00-06-04.webp.webp?fit=1200%2C800&ssl=1&resize=525%2C300 1.5x, https:\/\/i0.wp.com\/noticiasribeiraopreto.com.br\/wp-content\/uploads\/2025\/09\/WhatsApp-Image-2025-09-24-at-20.20.51_2025-09-25_00-06-04.webp.webp?fit=1200%2C800&ssl=1&resize=700%2C400 2x, https:\/\/i0.wp.com\/noticiasribeiraopreto.com.br\/wp-content\/uploads\/2025\/09\/WhatsApp-Image-2025-09-24-at-20.20.51_2025-09-25_00-06-04.webp.webp?fit=1200%2C800&ssl=1&resize=1050%2C600 3x"},"classes":[]}],"jetpack_sharing_enabled":true,"jetpack_shortlink":"https:\/\/wp.me\/peQAOb-jEe","_links":{"self":[{"href":"https:\/\/noticiasribeiraopreto.com.br\/index.php\/wp-json\/wp\/v2\/posts\/75530","targetHints":{"allow":["GET"]}}],"collection":[{"href":"https:\/\/noticiasribeiraopreto.com.br\/index.php\/wp-json\/wp\/v2\/posts"}],"about":[{"href":"https:\/\/noticiasribeiraopreto.com.br\/index.php\/wp-json\/wp\/v2\/types\/post"}],"author":[{"embeddable":true,"href":"https:\/\/noticiasribeiraopreto.com.br\/index.php\/wp-json\/wp\/v2\/users\/1"}],"replies":[{"embeddable":true,"href":"https:\/\/noticiasribeiraopreto.com.br\/index.php\/wp-json\/wp\/v2\/comments?post=75530"}],"version-history":[{"count":0,"href":"https:\/\/noticiasribeiraopreto.com.br\/index.php\/wp-json\/wp\/v2\/posts\/75530\/revisions"}],"wp:featuredmedia":[{"embeddable":true,"href":"https:\/\/noticiasribeiraopreto.com.br\/index.php\/wp-json\/wp\/v2\/media\/75531"}],"wp:attachment":[{"href":"https:\/\/noticiasribeiraopreto.com.br\/index.php\/wp-json\/wp\/v2\/media?parent=75530"}],"wp:term":[{"taxonomy":"category","embeddable":true,"href":"https:\/\/noticiasribeiraopreto.com.br\/index.php\/wp-json\/wp\/v2\/categories?post=75530"},{"taxonomy":"post_tag","embeddable":true,"href":"https:\/\/noticiasribeiraopreto.com.br\/index.php\/wp-json\/wp\/v2\/tags?post=75530"}],"curies":[{"name":"wp","href":"https:\/\/api.w.org\/{rel}","templated":true}]}}