{"id":75532,"date":"2025-08-10T23:58:58","date_gmt":"2025-08-11T02:58:58","guid":{"rendered":"https:\/\/noticiasribeiraopreto.com.br\/index.php\/2025\/08\/10\/botafogo-perde-para-o-atletico-go-e-segue-na-briga-contra-o-rebaixamento-da-serie-b\/"},"modified":"2025-08-10T23:58:58","modified_gmt":"2025-08-11T02:58:58","slug":"botafogo-perde-para-o-atletico-go-e-segue-na-briga-contra-o-rebaixamento-da-serie-b","status":"publish","type":"post","link":"https:\/\/noticiasribeiraopreto.com.br\/index.php\/2025\/08\/10\/botafogo-perde-para-o-atletico-go-e-segue-na-briga-contra-o-rebaixamento-da-serie-b\/","title":{"rendered":"Botafogo perde para o Atl\u00e9tico-GO e segue na briga contra o rebaixamento da S\u00e9rie B"},"content":{"rendered":"<div class='code-block code-block-1' style='margin: 8px 0 8px auto; text-align: right; display: block; clear: both;'>\n<p><a href=\"https:\/\/wa.link\/vpicfd\"><img data-recalc-dims=\"1\" class=\"wp-image-4922\" style=\"aspect-ratio: 2.0253164556962027; width: 561px; height: auto;\" src=\"https:\/\/i0.wp.com\/ismaelcolosi.com.br\/wp-content\/uploads\/2023\/11\/grupo-de-empregos-whatsapp-e-facebook-ismael-colosi-vagas.jpg?ssl=1\" alt=\"\" \/><\/a><\/p>\n<!-- \/wp:image -->\n<\/div>\n<p> <br \/>\n<\/p>\n<div data-td-block-uid=\"tdi_95\">\n<div class=\"tdb-block-inner td-fix-index\">\n<p>O Botafogo foi derrotado por 2 a 0 pelo Atl\u00e9tico-GO na noite deste domingo (10), pela S\u00e9rie B do Campeonato Brasileiro, em jogo realizado no est\u00e1dio Ant\u00f4nio Accioly. Com o resultado, o Pantera permanece na zona de rebaixamento, somando 21 pontos na tabela.<\/p>\n<p>Os dois gols da partida foram marcados no segundo tempo. Martinez e Kelvin garantiram a vit\u00f3ria do Drag\u00e3o.<\/p>\n<p>O pr\u00f3ximo compromisso do Botafogo ser\u00e1 no s\u00e1bado (16), fora de casa, contra o Remo, \u00e0s 16h. J\u00e1 o Atl\u00e9tico-GO volta a campo no domingo (17), \u00e0s 18h30, para enfrentar a Ferrovi\u00e1ria.<\/p>\n<p><!-- AI CONTENT END 1 -->\n<\/div>\n<\/div>\n<p><br \/>\n<br \/><a href=\"https:\/\/www.acidadeon.com\/ribeiraopreto\/esportes\/botafogo-perde-para-o-atletico-go-e-segue-na-briga-contra-o-rebaixamento-da-serie-b\/\">Source link <\/a><\/p>\n<!-- CONTENT END 1 -->\n","protected":false},"excerpt":{"rendered":"<p>O Botafogo foi derrotado por 2 a 0 pelo Atl\u00e9tico-GO na noite deste domingo (10), pela S\u00e9rie B do Campeonato Brasileiro, em jogo realizado no&#8230;<\/p>\n","protected":false},"author":1,"featured_media":75533,"comment_status":"open","ping_status":"open","sticky":false,"template":"","format":"standard","meta":{"advanced_seo_description":"","jetpack_seo_html_title":"","jetpack_seo_noindex":false,"jetpack_post_was_ever_published":false,"_jetpack_newsletter_access":"","_jetpack_dont_email_post_to_subs":false,"_jetpack_newsletter_tier_id":0,"_jetpack_memberships_contains_paywalled_content":false,"_jetpack_memberships_contains_paid_content":false,"footnotes":"","jetpack_publicize_message":"","jetpack_publicize_feature_enabled":true,"jetpack_social_post_already_shared":true,"jetpack_social_options":{"image_generator_settings":{"template":"highway","default_image_id":0,"font":"","enabled":false},"version":2}},"categories":[11],"tags":[],"class_list":["post-75532","post","type-post","status-publish","format-standard","has-post-thumbnail","hentry","category-noticias-de-ribeirao-preto-sp-e-regiao-ismael-colosi"],"jetpack_publicize_connections":[],"jetpack_featured_media_url":"https:\/\/i0.wp.com\/noticiasribeiraopreto.com.br\/wp-content\/uploads\/2025\/08\/Copia-de-Copia-de-Copia-de-TAMANHO-EXATO-PARA-FOTOS-NO-SISTEMA-NOVO_2025-08-10_23-53-18.webp.webp?fit=1200%2C675&ssl=1","jetpack-related-posts":[{"id":85000,"url":"https:\/\/noticiasribeiraopreto.com.br\/index.php\/2026\/04\/19\/botafogo-fica-no-empate-em-confronto-com-o-atletico-go-pela-serie-b-2026\/","url_meta":{"origin":75532,"position":0},"title":"Botafogo fica no empate em confronto com o Atl\u00e9tico-GO pela S\u00e9rie B 2026","author":"noticiasribeiraopreto.com.br","date":"19 de April de 2026","format":false,"excerpt":"Ler o resumo da not\u00edcia Botafogo e Atl\u00e9tico\u2011GO empataram em 1 a 1 na 5\u00aa rodada da S\u00e9rie B 2026, no Est\u00e1dio Santa Cruz\/Arena Nicnet, em Ribeir\u00e3o Preto. Everton Morelli abriu o placar aos 4\u202fmin do 1\u00ba tempo; Gustavo Coutinho empatou aos 23\u202fmin com p\u00eanalti. O Botafogo soma 7 pontos\u2026","rel":"","context":"In &quot;Not\u00edcias de Ribeir\u00e3o Preto-SP e Regi\u00e3o&quot;","block_context":{"text":"Not\u00edcias de Ribeir\u00e3o Preto-SP e Regi\u00e3o","link":"https:\/\/noticiasribeiraopreto.com.br\/index.php\/category\/noticias-de-ribeirao-preto-sp-e-regiao-ismael-colosi\/"},"img":{"alt_text":"","src":"https:\/\/i0.wp.com\/noticiasribeiraopreto.com.br\/wp-content\/uploads\/2026\/04\/Botafogo-atletico-go-1_2026-04-19_20-45-54.webp.webp?fit=1200%2C800&ssl=1&resize=350%2C200","width":350,"height":200,"srcset":"https:\/\/i0.wp.com\/noticiasribeiraopreto.com.br\/wp-content\/uploads\/2026\/04\/Botafogo-atletico-go-1_2026-04-19_20-45-54.webp.webp?fit=1200%2C800&ssl=1&resize=350%2C200 1x, https:\/\/i0.wp.com\/noticiasribeiraopreto.com.br\/wp-content\/uploads\/2026\/04\/Botafogo-atletico-go-1_2026-04-19_20-45-54.webp.webp?fit=1200%2C800&ssl=1&resize=525%2C300 1.5x, https:\/\/i0.wp.com\/noticiasribeiraopreto.com.br\/wp-content\/uploads\/2026\/04\/Botafogo-atletico-go-1_2026-04-19_20-45-54.webp.webp?fit=1200%2C800&ssl=1&resize=700%2C400 2x, https:\/\/i0.wp.com\/noticiasribeiraopreto.com.br\/wp-content\/uploads\/2026\/04\/Botafogo-atletico-go-1_2026-04-19_20-45-54.webp.webp?fit=1200%2C800&ssl=1&resize=1050%2C600 3x"},"classes":[]},{"id":71442,"url":"https:\/\/noticiasribeiraopreto.com.br\/index.php\/2025\/06\/05\/na-luta-contra-o-rebaixamento-botafogo-empata-sem-gols-com-o-coritiba\/","url_meta":{"origin":75532,"position":1},"title":"Na luta contra o rebaixamento, Botafogo empata sem gols com o Coritiba","author":"noticiasribeiraopreto.com.br","date":"5 de June de 2025","format":false,"excerpt":"Na abertura da 11\u00aa rodada da S\u00e9rie B do Campeonato Brasileiro, o Botafogo empatou sem gols com o Coritiba na noite desta quinta-feira (5), no Est\u00e1dio Santa Cruz\/Arena Nicnet, em Ribeir\u00e3o Preto. O resultado tirou momentaneamente o Pantera da zona de rebaixamento e impediu que o Coxa se aproximasse do\u2026","rel":"","context":"In &quot;Not\u00edcias de Ribeir\u00e3o Preto-SP e Regi\u00e3o&quot;","block_context":{"text":"Not\u00edcias de Ribeir\u00e3o Preto-SP e Regi\u00e3o","link":"https:\/\/noticiasribeiraopreto.com.br\/index.php\/category\/noticias-de-ribeirao-preto-sp-e-regiao-ismael-colosi\/"},"img":{"alt_text":"","src":"https:\/\/i0.wp.com\/noticiasribeiraopreto.com.br\/wp-content\/uploads\/2025\/06\/Imagem-do-WhatsApp-de-2025-06-05-as-19.02.37_b58cda27_2025-06-05_23-28-55.webp.webp?fit=1200%2C800&ssl=1&resize=350%2C200","width":350,"height":200,"srcset":"https:\/\/i0.wp.com\/noticiasribeiraopreto.com.br\/wp-content\/uploads\/2025\/06\/Imagem-do-WhatsApp-de-2025-06-05-as-19.02.37_b58cda27_2025-06-05_23-28-55.webp.webp?fit=1200%2C800&ssl=1&resize=350%2C200 1x, https:\/\/i0.wp.com\/noticiasribeiraopreto.com.br\/wp-content\/uploads\/2025\/06\/Imagem-do-WhatsApp-de-2025-06-05-as-19.02.37_b58cda27_2025-06-05_23-28-55.webp.webp?fit=1200%2C800&ssl=1&resize=525%2C300 1.5x, https:\/\/i0.wp.com\/noticiasribeiraopreto.com.br\/wp-content\/uploads\/2025\/06\/Imagem-do-WhatsApp-de-2025-06-05-as-19.02.37_b58cda27_2025-06-05_23-28-55.webp.webp?fit=1200%2C800&ssl=1&resize=700%2C400 2x, https:\/\/i0.wp.com\/noticiasribeiraopreto.com.br\/wp-content\/uploads\/2025\/06\/Imagem-do-WhatsApp-de-2025-06-05-as-19.02.37_b58cda27_2025-06-05_23-28-55.webp.webp?fit=1200%2C800&ssl=1&resize=1050%2C600 3x"},"classes":[]},{"id":75510,"url":"https:\/\/noticiasribeiraopreto.com.br\/index.php\/2025\/08\/10\/botafogo-visita-o-atletico-go-tribuna-ribeirao\/","url_meta":{"origin":75532,"position":2},"title":"Botafogo visita o Atl\u00e9tico-GO &#8211; Tribuna Ribeir\u00e3o","author":"noticiasribeiraopreto.com.br","date":"10 de August de 2025","format":false,"excerpt":"Pantera vem de vit\u00f3ria e buscar sair novamente da zona de rebaixamento Por Hugo Luque O Botafogo visita o Atl\u00e9tico-GO neste domingo (10), \u00e0s 18h30, no Est\u00e1dio Ant\u00f4nio Accioly, pela 21\u00aa rodada da S\u00e9rie B do Campeonato Brasileiro. O Pantera busca fugir mais uma vez da zona de rebaixamento e\u2026","rel":"","context":"In &quot;Not\u00edcias de Ribeir\u00e3o Preto-SP e Regi\u00e3o&quot;","block_context":{"text":"Not\u00edcias de Ribeir\u00e3o Preto-SP e Regi\u00e3o","link":"https:\/\/noticiasribeiraopreto.com.br\/index.php\/category\/noticias-de-ribeirao-preto-sp-e-regiao-ismael-colosi\/"},"img":{"alt_text":"","src":"https:\/\/i0.wp.com\/noticiasribeiraopreto.com.br\/wp-content\/uploads\/2025\/08\/1-Botafogo-Foto-01.jpg?fit=799%2C533&ssl=1&resize=350%2C200","width":350,"height":200,"srcset":"https:\/\/i0.wp.com\/noticiasribeiraopreto.com.br\/wp-content\/uploads\/2025\/08\/1-Botafogo-Foto-01.jpg?fit=799%2C533&ssl=1&resize=350%2C200 1x, https:\/\/i0.wp.com\/noticiasribeiraopreto.com.br\/wp-content\/uploads\/2025\/08\/1-Botafogo-Foto-01.jpg?fit=799%2C533&ssl=1&resize=525%2C300 1.5x, https:\/\/i0.wp.com\/noticiasribeiraopreto.com.br\/wp-content\/uploads\/2025\/08\/1-Botafogo-Foto-01.jpg?fit=799%2C533&ssl=1&resize=700%2C400 2x"},"classes":[]},{"id":67408,"url":"https:\/\/noticiasribeiraopreto.com.br\/index.php\/2025\/04\/13\/botafogo-deixa-vitoria-escapar-no-fim-e-empata-com-o-atletico-go-na-serie-b\/","url_meta":{"origin":75532,"position":3},"title":"Botafogo deixa vit\u00f3ria escapar no fim e empata com o Atl\u00e9tico-GO na S\u00e9rie B","author":"noticiasribeiraopreto.com.br","date":"13 de April de 2025","format":false,"excerpt":"O Botafogo empatou em 1 a 1 com o Atl\u00e9tico-GO na noite deste domingo (13), pelo Campeonato Brasileiro da S\u00e9rie B 2025. A partida foi v\u00e1lida pela 2\u00aa rodada da competi\u00e7\u00e3o e aconteceu no est\u00e1dio Santa Cruz, em Ribeir\u00e3o Preto. O gol O Botafogo abriu o placar logo aos 10\u2026","rel":"","context":"In &quot;Not\u00edcias de Ribeir\u00e3o Preto-SP e Regi\u00e3o&quot;","block_context":{"text":"Not\u00edcias de Ribeir\u00e3o Preto-SP e Regi\u00e3o","link":"https:\/\/noticiasribeiraopreto.com.br\/index.php\/category\/noticias-de-ribeirao-preto-sp-e-regiao-ismael-colosi\/"},"img":{"alt_text":"","src":"https:\/\/i0.wp.com\/noticiasribeiraopreto.com.br\/wp-content\/uploads\/2025\/04\/botafogo-x-atletico-go_2025-04-13_23-31-00_jpeg_2025-04-13_23-31-01.webp.webp?fit=1200%2C800&ssl=1&resize=350%2C200","width":350,"height":200,"srcset":"https:\/\/i0.wp.com\/noticiasribeiraopreto.com.br\/wp-content\/uploads\/2025\/04\/botafogo-x-atletico-go_2025-04-13_23-31-00_jpeg_2025-04-13_23-31-01.webp.webp?fit=1200%2C800&ssl=1&resize=350%2C200 1x, https:\/\/i0.wp.com\/noticiasribeiraopreto.com.br\/wp-content\/uploads\/2025\/04\/botafogo-x-atletico-go_2025-04-13_23-31-00_jpeg_2025-04-13_23-31-01.webp.webp?fit=1200%2C800&ssl=1&resize=525%2C300 1.5x, https:\/\/i0.wp.com\/noticiasribeiraopreto.com.br\/wp-content\/uploads\/2025\/04\/botafogo-x-atletico-go_2025-04-13_23-31-00_jpeg_2025-04-13_23-31-01.webp.webp?fit=1200%2C800&ssl=1&resize=700%2C400 2x, https:\/\/i0.wp.com\/noticiasribeiraopreto.com.br\/wp-content\/uploads\/2025\/04\/botafogo-x-atletico-go_2025-04-13_23-31-00_jpeg_2025-04-13_23-31-01.webp.webp?fit=1200%2C800&ssl=1&resize=1050%2C600 3x"},"classes":[]},{"id":62378,"url":"https:\/\/noticiasribeiraopreto.com.br\/index.php\/2025\/01\/12\/botafogo-perde-para-o-atletico-mg-e-esta-eliminado-da-copinha\/","url_meta":{"origin":75532,"position":4},"title":"Botafogo perde para o Atl\u00e9tico-MG e est\u00e1 eliminado da Copinha","author":"noticiasribeiraopreto.com.br","date":"12 de January de 2025","format":false,"excerpt":"O Botafogo perdeu por 3 a 1 para o Atl\u00e9tico-MG e foi eliminado da Copa S\u00e3o Paulo de Futebol J\u00fanior. A partida foi realizada na noite deste domingo (12), no est\u00e1dio Lancha Filho, em Franca. O Atl\u00e9tico abriu o placar logo aos 3 minutos de partida com Gabriel Pfeifer. O\u2026","rel":"","context":"In &quot;Not\u00edcias de Ribeir\u00e3o Preto-SP e Regi\u00e3o&quot;","block_context":{"text":"Not\u00edcias de Ribeir\u00e3o Preto-SP e Regi\u00e3o","link":"https:\/\/noticiasribeiraopreto.com.br\/index.php\/category\/noticias-de-ribeirao-preto-sp-e-regiao-ismael-colosi\/"},"img":{"alt_text":"","src":"https:\/\/i0.wp.com\/noticiasribeiraopreto.com.br\/wp-content\/uploads\/2025\/01\/botafogo-atletico_2025-01-13_01-57-21_jpeg_2025-01-13_01-57-22.webp.webp?fit=1200%2C800&ssl=1&resize=350%2C200","width":350,"height":200,"srcset":"https:\/\/i0.wp.com\/noticiasribeiraopreto.com.br\/wp-content\/uploads\/2025\/01\/botafogo-atletico_2025-01-13_01-57-21_jpeg_2025-01-13_01-57-22.webp.webp?fit=1200%2C800&ssl=1&resize=350%2C200 1x, https:\/\/i0.wp.com\/noticiasribeiraopreto.com.br\/wp-content\/uploads\/2025\/01\/botafogo-atletico_2025-01-13_01-57-21_jpeg_2025-01-13_01-57-22.webp.webp?fit=1200%2C800&ssl=1&resize=525%2C300 1.5x, https:\/\/i0.wp.com\/noticiasribeiraopreto.com.br\/wp-content\/uploads\/2025\/01\/botafogo-atletico_2025-01-13_01-57-21_jpeg_2025-01-13_01-57-22.webp.webp?fit=1200%2C800&ssl=1&resize=700%2C400 2x, https:\/\/i0.wp.com\/noticiasribeiraopreto.com.br\/wp-content\/uploads\/2025\/01\/botafogo-atletico_2025-01-13_01-57-21_jpeg_2025-01-13_01-57-22.webp.webp?fit=1200%2C800&ssl=1&resize=1050%2C600 3x"},"classes":[]},{"id":9961,"url":"https:\/\/noticiasribeiraopreto.com.br\/index.php\/2023\/12\/03\/palmeiras-joga-pelo-titulo-do-brasileirao-santos-para-escapar-do-rebaixamento\/","url_meta":{"origin":75532,"position":5},"title":"Palmeiras joga pelo t\u00edtulo do Brasileir\u00e3o; Santos para escapar do rebaixamento\u00a0\u00a0","author":"noticiasribeiraopreto.com.br","date":"3 de December de 2023","format":false,"excerpt":"Depois de ver o Botafogo liderar a competi\u00e7\u00e3o por diversas rodadas, o Palmeiras pode ser campe\u00e3o brasileiro neste domingo. Por isso, o Tribuna Ribeir\u00e3o elencou os cen\u00e1rios necess\u00e1rios para que o Verd\u00e3o erga a ta\u00e7a nesta rodada.\u00a0\u00a0Atualmente o time de Abel Ferreira tem 66 pontos e \u00e9 o l\u00edder. Botafogo,\u2026","rel":"","context":"In &quot;Not\u00edcias de Ribeir\u00e3o Preto-SP e Regi\u00e3o&quot;","block_context":{"text":"Not\u00edcias de Ribeir\u00e3o Preto-SP e Regi\u00e3o","link":"https:\/\/noticiasribeiraopreto.com.br\/index.php\/category\/noticias-de-ribeirao-preto-sp-e-regiao-ismael-colosi\/"},"img":{"alt_text":"","src":"https:\/\/i0.wp.com\/noticiasribeiraopreto.com.br\/wp-content\/uploads\/2023\/12\/pal-scaled.jpg?fit=1000%2C563&ssl=1&resize=350%2C200","width":350,"height":200,"srcset":"https:\/\/i0.wp.com\/noticiasribeiraopreto.com.br\/wp-content\/uploads\/2023\/12\/pal-scaled.jpg?fit=1000%2C563&ssl=1&resize=350%2C200 1x, https:\/\/i0.wp.com\/noticiasribeiraopreto.com.br\/wp-content\/uploads\/2023\/12\/pal-scaled.jpg?fit=1000%2C563&ssl=1&resize=525%2C300 1.5x, https:\/\/i0.wp.com\/noticiasribeiraopreto.com.br\/wp-content\/uploads\/2023\/12\/pal-scaled.jpg?fit=1000%2C563&ssl=1&resize=700%2C400 2x"},"classes":[]}],"jetpack_sharing_enabled":true,"jetpack_shortlink":"https:\/\/wp.me\/peQAOb-jEg","_links":{"self":[{"href":"https:\/\/noticiasribeiraopreto.com.br\/index.php\/wp-json\/wp\/v2\/posts\/75532","targetHints":{"allow":["GET"]}}],"collection":[{"href":"https:\/\/noticiasribeiraopreto.com.br\/index.php\/wp-json\/wp\/v2\/posts"}],"about":[{"href":"https:\/\/noticiasribeiraopreto.com.br\/index.php\/wp-json\/wp\/v2\/types\/post"}],"author":[{"embeddable":true,"href":"https:\/\/noticiasribeiraopreto.com.br\/index.php\/wp-json\/wp\/v2\/users\/1"}],"replies":[{"embeddable":true,"href":"https:\/\/noticiasribeiraopreto.com.br\/index.php\/wp-json\/wp\/v2\/comments?post=75532"}],"version-history":[{"count":0,"href":"https:\/\/noticiasribeiraopreto.com.br\/index.php\/wp-json\/wp\/v2\/posts\/75532\/revisions"}],"wp:featuredmedia":[{"embeddable":true,"href":"https:\/\/noticiasribeiraopreto.com.br\/index.php\/wp-json\/wp\/v2\/media\/75533"}],"wp:attachment":[{"href":"https:\/\/noticiasribeiraopreto.com.br\/index.php\/wp-json\/wp\/v2\/media?parent=75532"}],"wp:term":[{"taxonomy":"category","embeddable":true,"href":"https:\/\/noticiasribeiraopreto.com.br\/index.php\/wp-json\/wp\/v2\/categories?post=75532"},{"taxonomy":"post_tag","embeddable":true,"href":"https:\/\/noticiasribeiraopreto.com.br\/index.php\/wp-json\/wp\/v2\/tags?post=75532"}],"curies":[{"name":"wp","href":"https:\/\/api.w.org\/{rel}","templated":true}]}}