{"id":75539,"date":"2025-08-11T11:31:15","date_gmt":"2025-08-11T14:31:15","guid":{"rendered":"https:\/\/noticiasribeiraopreto.com.br\/index.php\/2025\/08\/11\/policia-prende-suspeito-da-morte-de-garota-no-cristo-redentor\/"},"modified":"2025-08-11T11:31:15","modified_gmt":"2025-08-11T14:31:15","slug":"policia-prende-suspeito-da-morte-de-garota-no-cristo-redentor","status":"publish","type":"post","link":"https:\/\/noticiasribeiraopreto.com.br\/index.php\/2025\/08\/11\/policia-prende-suspeito-da-morte-de-garota-no-cristo-redentor\/","title":{"rendered":"Pol\u00edcia prende suspeito da morte de garota no Cristo Redentor"},"content":{"rendered":"<div class='code-block code-block-1' style='margin: 8px 0 8px auto; text-align: right; display: block; clear: both;'>\n<p><a href=\"https:\/\/wa.link\/vpicfd\"><img data-recalc-dims=\"1\" class=\"wp-image-4922\" style=\"aspect-ratio: 2.0253164556962027; width: 561px; height: auto;\" src=\"https:\/\/i0.wp.com\/ismaelcolosi.com.br\/wp-content\/uploads\/2023\/11\/grupo-de-empregos-whatsapp-e-facebook-ismael-colosi-vagas.jpg?ssl=1\" alt=\"\" \/><\/a><\/p>\n<!-- \/wp:image -->\n<\/div>\n<p> <br \/>\n<\/p>\n<div>\n<p>Por: Adalberto Luque<\/p>\n<p>Um homem identificado como Rodrigo Mussi e que se identifica como o locutor Rodrigo Totti, foi preso na manh\u00e3 desta segunda-feira (11). Ele \u00e9 suspeito da morte da jovem Karina Cristina Queiroz, de 22 anos, ocorrida em 1\u00ba de agosto.<\/p>\n<p>Segundo o delegado Targino Donizete Os\u00f3rio, ele confessou o assassinado, ocorrido no bairro Cristo Redentor, zona Norte de Ribeir\u00e3o Preto. Ele alegou que teria faltado ao encontro marcado por um site de namoros e que a jovem amea\u00e7ou contar tudo \u00e0 esposa do homem.<\/p>\n<figure id=\"attachment_434629\" aria-describedby=\"caption-attachment-434629\" style=\"width: 1170px\" class=\"wp-caption alignnone\"><img data-recalc-dims=\"1\" loading=\"lazy\" decoding=\"async\" class=\"size-full wp-image-434629 lazyload\" src=\"https:\/\/i0.wp.com\/www.tribunaribeirao.com.br\/wp-content\/uploads\/2025\/08\/11-ago-2025-crimecristoredentor4-scaled.jpg?resize=1170%2C780&#038;ssl=1\" alt=\"\" width=\"1170\" height=\"780\" srcset=\"https:\/\/www.tribunaribeirao.com.br\/wp-content\/uploads\/2025\/08\/11-ago-2025-crimecristoredentor4-scaled.jpg 1170w, https:\/\/www.tribunaribeirao.com.br\/wp-content\/uploads\/2025\/08\/11-ago-2025-crimecristoredentor4-300x200.jpg 300w, https:\/\/www.tribunaribeirao.com.br\/wp-content\/uploads\/2025\/08\/11-ago-2025-crimecristoredentor4-1024x682.jpg 1024w, https:\/\/www.tribunaribeirao.com.br\/wp-content\/uploads\/2025\/08\/11-ago-2025-crimecristoredentor4-768x512.jpg 768w, https:\/\/www.tribunaribeirao.com.br\/wp-content\/uploads\/2025\/08\/11-ago-2025-crimecristoredentor4-480x320.jpg 480w, https:\/\/www.tribunaribeirao.com.br\/wp-content\/uploads\/2025\/08\/11-ago-2025-crimecristoredentor4-280x186.jpg 280w, https:\/\/www.tribunaribeirao.com.br\/wp-content\/uploads\/2025\/08\/11-ago-2025-crimecristoredentor4-960x640.jpg 960w, https:\/\/www.tribunaribeirao.com.br\/wp-content\/uploads\/2025\/08\/11-ago-2025-crimecristoredentor4-600x400.jpg 600w, https:\/\/www.tribunaribeirao.com.br\/wp-content\/uploads\/2025\/08\/11-ago-2025-crimecristoredentor4-585x390.jpg 585w\" data-sizes=\"(max-width: 1170px) 100vw, 1170px\" style=\"--smush-placeholder-width: 1170px; --smush-placeholder-aspect-ratio: 1170\/780;\"\/><figcaption id=\"caption-attachment-434629\" class=\"wp-caption-text\">Suspeito indicou o bueiro onde jogou o celular e as chaves da v\u00edtima (Foto: Alfredo Risk)<\/figcaption><\/figure>\n<p>A Delegacia de Investiga\u00e7\u00f5es Gerais da Divis\u00e3o Especializada de Investiga\u00e7\u00f5es Criminais (DIG\/DEIC) chegou at\u00e9 o suspeito com um trabalho baseado em imagens de c\u00e2meras de seguran\u00e7a. Segundo Targino, um dos vizinhos relutou em entregar as imagens.<\/p>\n<p>Mas aos poucos a investiga\u00e7\u00e3o avan\u00e7ou. Os policiais sabiam que o encontro ocorreu entre 16h40 e 17h30. Nesse hor\u00e1rio, identificaram um Peugeot 206 ano 2008 prata. Pelas imagens, notaram que a placa estava com dois n\u00fameros adulterados, transformados em dois 8.<\/p>\n<figure id=\"attachment_434631\" aria-describedby=\"caption-attachment-434631\" style=\"width: 1170px\" class=\"wp-caption alignnone\"><img data-recalc-dims=\"1\" loading=\"lazy\" decoding=\"async\" class=\"size-full wp-image-434631 lazyload\" src=\"https:\/\/i0.wp.com\/www.tribunaribeirao.com.br\/wp-content\/uploads\/2025\/08\/11-ago-2025-crimecristoredentor6-scaled.jpg?resize=1170%2C780&#038;ssl=1\" alt=\"\" width=\"1170\" height=\"780\" srcset=\"https:\/\/www.tribunaribeirao.com.br\/wp-content\/uploads\/2025\/08\/11-ago-2025-crimecristoredentor6-scaled.jpg 1170w, https:\/\/www.tribunaribeirao.com.br\/wp-content\/uploads\/2025\/08\/11-ago-2025-crimecristoredentor6-300x200.jpg 300w, https:\/\/www.tribunaribeirao.com.br\/wp-content\/uploads\/2025\/08\/11-ago-2025-crimecristoredentor6-1024x682.jpg 1024w, https:\/\/www.tribunaribeirao.com.br\/wp-content\/uploads\/2025\/08\/11-ago-2025-crimecristoredentor6-768x512.jpg 768w, https:\/\/www.tribunaribeirao.com.br\/wp-content\/uploads\/2025\/08\/11-ago-2025-crimecristoredentor6-480x320.jpg 480w, https:\/\/www.tribunaribeirao.com.br\/wp-content\/uploads\/2025\/08\/11-ago-2025-crimecristoredentor6-280x186.jpg 280w, https:\/\/www.tribunaribeirao.com.br\/wp-content\/uploads\/2025\/08\/11-ago-2025-crimecristoredentor6-960x640.jpg 960w, https:\/\/www.tribunaribeirao.com.br\/wp-content\/uploads\/2025\/08\/11-ago-2025-crimecristoredentor6-600x400.jpg 600w, https:\/\/www.tribunaribeirao.com.br\/wp-content\/uploads\/2025\/08\/11-ago-2025-crimecristoredentor6-585x390.jpg 585w\" data-sizes=\"(max-width: 1170px) 100vw, 1170px\" style=\"--smush-placeholder-width: 1170px; --smush-placeholder-aspect-ratio: 1170\/780;\"\/><figcaption id=\"caption-attachment-434631\" class=\"wp-caption-text\">Segundo o delegado Os\u00f3rio, ele adulterou dois n\u00fameros da placa do carro, que est\u00e1 em nome de sua companheira (Foto: Alfredo Risk)<\/figcaption><\/figure>\n<p>Ampliando as buscas, conseguiram descobrir a placa do ve\u00edculo, descobrindo quem era a propriet\u00e1ria. \u201cEstava em nome de uma mulher do Adelino Simioni [bairro na zona Norte da cidade]. Atrav\u00e9s de pesquisas, descobrimos que a mulher era am\u00e1sia de determinado sujeito\u201d, explicou.<\/p>\n<p>O homem j\u00e1 teve passagens por viol\u00eancia dom\u00e9stica e, em 1999, por porte de arma. A Justi\u00e7a concedeu mandado de pris\u00e3o tempor\u00e1ria e hoje foi cumprida pelo delegado Andr\u00e9 Baldochi e agentes do Grupo de Opera\u00e7\u00f5es Especiais (GOE\/DEIC).<\/p>\n<figure id=\"attachment_434626\" aria-describedby=\"caption-attachment-434626\" style=\"width: 822px\" class=\"wp-caption alignnone\"><img data-recalc-dims=\"1\" loading=\"lazy\" decoding=\"async\" class=\"size-full wp-image-434626 lazyload\" src=\"https:\/\/i0.wp.com\/www.tribunaribeirao.com.br\/wp-content\/uploads\/2025\/08\/11-ago-2025-crimecristoredentor1.jpg?resize=822%2C462&#038;ssl=1\" alt=\"\" width=\"822\" height=\"462\" srcset=\"https:\/\/www.tribunaribeirao.com.br\/wp-content\/uploads\/2025\/08\/11-ago-2025-crimecristoredentor1.jpg 822w, https:\/\/www.tribunaribeirao.com.br\/wp-content\/uploads\/2025\/08\/11-ago-2025-crimecristoredentor1-300x169.jpg 300w, https:\/\/www.tribunaribeirao.com.br\/wp-content\/uploads\/2025\/08\/11-ago-2025-crimecristoredentor1-768x432.jpg 768w, https:\/\/www.tribunaribeirao.com.br\/wp-content\/uploads\/2025\/08\/11-ago-2025-crimecristoredentor1-712x400.jpg 712w, https:\/\/www.tribunaribeirao.com.br\/wp-content\/uploads\/2025\/08\/11-ago-2025-crimecristoredentor1-585x329.jpg 585w\" data-sizes=\"(max-width: 822px) 100vw, 822px\" style=\"--smush-placeholder-width: 822px; --smush-placeholder-aspect-ratio: 822\/462;\"\/><figcaption id=\"caption-attachment-434626\" class=\"wp-caption-text\">A arma do crime e muni\u00e7\u00f5es foram apreendidas pelos investigadores (Foto: DEIC\/Divulga\u00e7\u00e3o)<\/figcaption><\/figure>\n<p>\u201cForam at\u00e9 a casa dele que, de pronto, confessou o crime. Inclusive relatou que havia dispensado o celular da v\u00edtima e as chaves num bueiro, nas proximidades do Cristo Redentor\u201d, disse Os\u00f3rio.<\/p>\n<p>Na casa, os policiais encontraram a espingarda usada no homic\u00eddio de Karina, al\u00e9m de diversas muni\u00e7\u00f5es que foram apreendidas. O carro que estava na garagem da casa do suspeito tamb\u00e9m foi apreendido. Al\u00e9m disso, o celular e as chaves foram localizados. Ele alegou que faltou ao encontro marcado atrav\u00e9s do site de relacionamentos. Karina passou a ligar dizendo que contaria tudo para a esposa do suspeito. Ele disse que foi at\u00e9 l\u00e1 para \u201ctentar resolver\u201d. Mas n\u00e3o teve acordo e, como havia levado a espingarda numa mochila, atirou quando a v\u00edtima estava distra\u00edda.<\/p>\n<figure id=\"attachment_434628\" aria-describedby=\"caption-attachment-434628\" style=\"width: 1186px\" class=\"wp-caption alignnone\"><img data-recalc-dims=\"1\" loading=\"lazy\" decoding=\"async\" class=\"size-full wp-image-434628 lazyload\" src=\"https:\/\/i0.wp.com\/www.tribunaribeirao.com.br\/wp-content\/uploads\/2025\/08\/11-ago-2025-crimecristoredentor3.jpg?resize=1186%2C660&#038;ssl=1\" alt=\"\" width=\"1186\" height=\"660\" srcset=\"https:\/\/www.tribunaribeirao.com.br\/wp-content\/uploads\/2025\/08\/11-ago-2025-crimecristoredentor3.jpg 1186w, https:\/\/www.tribunaribeirao.com.br\/wp-content\/uploads\/2025\/08\/11-ago-2025-crimecristoredentor3-300x167.jpg 300w, https:\/\/www.tribunaribeirao.com.br\/wp-content\/uploads\/2025\/08\/11-ago-2025-crimecristoredentor3-1024x570.jpg 1024w, https:\/\/www.tribunaribeirao.com.br\/wp-content\/uploads\/2025\/08\/11-ago-2025-crimecristoredentor3-768x427.jpg 768w, https:\/\/www.tribunaribeirao.com.br\/wp-content\/uploads\/2025\/08\/11-ago-2025-crimecristoredentor3-960x534.jpg 960w, https:\/\/www.tribunaribeirao.com.br\/wp-content\/uploads\/2025\/08\/11-ago-2025-crimecristoredentor3-719x400.jpg 719w, https:\/\/www.tribunaribeirao.com.br\/wp-content\/uploads\/2025\/08\/11-ago-2025-crimecristoredentor3-585x326.jpg 585w\" data-sizes=\"(max-width: 1186px) 100vw, 1186px\" style=\"--smush-placeholder-width: 1186px; --smush-placeholder-aspect-ratio: 1186\/660;\"\/><figcaption id=\"caption-attachment-434628\" class=\"wp-caption-text\">Policiais civis localizaram as chaves e o celular, que estavam em bueiro no Cristo Redentor (Foto: DEIC\/Divulga\u00e7\u00e3o)<\/figcaption><\/figure>\n<p>O homem foi levado para a sede da DIG\/DEIC, no Centro de Ribeir\u00e3o Preto. Foi preso temporariamente por 30 dias, mas o delegado j\u00e1 adiantou que vai pedir sua pris\u00e3o preventiva. Ele vai responder por homic\u00eddio qualificado e posse de arma. A defesa do suspeito n\u00e3o foi encontrada.<\/p>\n<p><strong>Relembre o caso<\/strong><\/p>\n<p>Karina Cristina Queiroz, 22, foi encontrada morta na noite de 1\u00ba de agosto em sua casa, na rua Terezinha Alves de Oliveira, bairro Cristo Redentor. Ela morava com uma amiga e, segundo relatos, n\u00e3o tinha namorado, mas marcava encontros por aplicativo de relacionamento, sempre enviando \u00e0 fam\u00edlia localiza\u00e7\u00e3o em tempo real, foto e telefone da pessoa.<\/p>\n<figure id=\"attachment_434002\" aria-describedby=\"caption-attachment-434002\" style=\"width: 734px\" class=\"wp-caption alignnone\"><img data-recalc-dims=\"1\" loading=\"lazy\" decoding=\"async\" class=\"wp-image-434002 lazyload\" src=\"https:\/\/i0.wp.com\/www.tribunaribeirao.com.br\/wp-content\/uploads\/2025\/08\/04-ago-2025-feminiciocristoredentor.jpg?resize=734%2C742&#038;ssl=1\" alt=\"\" width=\"734\" height=\"742\" srcset=\"https:\/\/www.tribunaribeirao.com.br\/wp-content\/uploads\/2025\/08\/04-ago-2025-feminiciocristoredentor.jpg 482w, https:\/\/www.tribunaribeirao.com.br\/wp-content\/uploads\/2025\/08\/04-ago-2025-feminiciocristoredentor-297x300.jpg 297w, https:\/\/www.tribunaribeirao.com.br\/wp-content\/uploads\/2025\/08\/04-ago-2025-feminiciocristoredentor-396x400.jpg 396w\" data-sizes=\"(max-width: 734px) 100vw, 734px\" style=\"--smush-placeholder-width: 734px; --smush-placeholder-aspect-ratio: 734\/742;\"\/><figcaption id=\"caption-attachment-434002\" class=\"wp-caption-text\">Karina foi encontrada morta com marcas de tiros no rosto (Foto: Redes Sociais)<\/figcaption><\/figure>\n<p>No dia do crime, havia marcado um encontro \u00e0s 16h50. Ap\u00f3s a morte, o celular e a chave do im\u00f3vel sumiram. O corpo apresentava marcas de tiro no rosto, havia muito sangue no local, sinais de luta, fios de cabelo na cama e uma fruteira ca\u00edda.<\/p>\n<p>Um bon\u00e9 com a marca de um produto agr\u00edcola, desconhecido pela amiga, foi encontrado. A fam\u00edlia chegou a cogitar feminic\u00eddio. A ocorr\u00eancia tamb\u00e9m foi investigada como latroc\u00ednio, mas foi considerado que o celular poderia ter sido levado junto \u00e0s chaves para ocultar provas.<\/p>\n<p>\u00a0<\/p>\n<p>_____<\/p>\n<p>\u00a0<\/p>\n<p>Jornal Tribuna Ribeir\u00e3o<br \/>Um Jornal com a cara de Ribeir\u00e3o!<\/p>\n<p>Impresso | WEB | Redes sociais<br \/>Tribuna Ribeir\u00e3o \u2013 Fone: (16) 3632-2200 \u2013 Whatsapp: (16) 98161-8743<br \/>Av. Bar\u00e3o do Bananal, 880 \u2013 Jardim Anhanguera, Ribeir\u00e3o Preto<\/p>\n<p>@tribunaribeirao<br \/>@meiaderibeirao<br \/>@dinoderibeirao<br \/>#TribunaRibeir\u00e3o<br \/>#News<br \/>#Not\u00edcia<br \/>#Ribeir\u00e3oPreto #Not\u00edciasDeRibeir\u00e3oPreto<br \/>#ClassificadosTribunaRibeir\u00e3o<br \/>#Jornalismo<br \/>#ClassificadosRibeir\u00e3o<\/p>\n<\/div>\n<p><br \/>\n<br \/><a href=\"https:\/\/www.tribunaribeirao.com.br\/policia-prende-suspeito-da-morte-de-garota-no-cristo-redentor\/\">Source link <\/a><\/p>\n<!-- CONTENT END 1 -->\n","protected":false},"excerpt":{"rendered":"<p>Por: Adalberto Luque Um homem identificado como Rodrigo Mussi e que se identifica como o locutor Rodrigo Totti, foi preso na manh\u00e3 desta segunda-feira (11)&#8230;.<\/p>\n","protected":false},"author":1,"featured_media":75540,"comment_status":"open","ping_status":"open","sticky":false,"template":"","format":"standard","meta":{"advanced_seo_description":"","jetpack_seo_html_title":"","jetpack_seo_noindex":false,"jetpack_post_was_ever_published":false,"_jetpack_newsletter_access":"","_jetpack_dont_email_post_to_subs":false,"_jetpack_newsletter_tier_id":0,"_jetpack_memberships_contains_paywalled_content":false,"_jetpack_memberships_contains_paid_content":false,"footnotes":"","jetpack_publicize_message":"","jetpack_publicize_feature_enabled":true,"jetpack_social_post_already_shared":true,"jetpack_social_options":{"image_generator_settings":{"template":"highway","default_image_id":0,"font":"","enabled":false},"version":2}},"categories":[11],"tags":[],"class_list":["post-75539","post","type-post","status-publish","format-standard","has-post-thumbnail","hentry","category-noticias-de-ribeirao-preto-sp-e-regiao-ismael-colosi"],"jetpack_publicize_connections":[],"jetpack_featured_media_url":"https:\/\/i0.wp.com\/noticiasribeiraopreto.com.br\/wp-content\/uploads\/2025\/08\/11-ago-2025-crimecristoredentor8-scaled.jpg?fit=1200%2C627&ssl=1","jetpack-related-posts":[{"id":75554,"url":"https:\/\/noticiasribeiraopreto.com.br\/index.php\/2025\/08\/11\/saiba-o-que-disse-radialista-preso-por-matar-jovem-em-ribeirao-preto\/","url_meta":{"origin":75539,"position":0},"title":"Saiba o que disse radialista preso por matar jovem em Ribeir\u00e3o Preto","author":"noticiasribeiraopreto.com.br","date":"11 de August de 2025","format":false,"excerpt":"O radialista Rodrigo C\u00e9sar Mucci, conhecido como Rodrigo Totti, de 48 anos, confessou ter matado Karina Cristina Queiroz, de 22 anos, em Ribeir\u00e3o Preto. Preso nesta segunda-feira (11), ele afirmou \u00e0 Pol\u00edcia Civil que atirou na v\u00edtima ap\u00f3s ser amea\u00e7ado de ter um encontro revelado para sua esposa. Segundo o\u2026","rel":"","context":"In &quot;Not\u00edcias de Ribeir\u00e3o Preto-SP e Regi\u00e3o&quot;","block_context":{"text":"Not\u00edcias de Ribeir\u00e3o Preto-SP e Regi\u00e3o","link":"https:\/\/noticiasribeiraopreto.com.br\/index.php\/category\/noticias-de-ribeirao-preto-sp-e-regiao-ismael-colosi\/"},"img":{"alt_text":"","src":"https:\/\/i0.wp.com\/noticiasribeiraopreto.com.br\/wp-content\/uploads\/2025\/08\/Copia-de-Copia-de-Copia-de-TAMANHO-EXATO-PARA-FOTOS-NO-SISTEMA-NOVO-2025-08-11T140016.289_2025-08-11_17-00-29.webp.webp?fit=1200%2C675&ssl=1&resize=350%2C200","width":350,"height":200,"srcset":"https:\/\/i0.wp.com\/noticiasribeiraopreto.com.br\/wp-content\/uploads\/2025\/08\/Copia-de-Copia-de-Copia-de-TAMANHO-EXATO-PARA-FOTOS-NO-SISTEMA-NOVO-2025-08-11T140016.289_2025-08-11_17-00-29.webp.webp?fit=1200%2C675&ssl=1&resize=350%2C200 1x, https:\/\/i0.wp.com\/noticiasribeiraopreto.com.br\/wp-content\/uploads\/2025\/08\/Copia-de-Copia-de-Copia-de-TAMANHO-EXATO-PARA-FOTOS-NO-SISTEMA-NOVO-2025-08-11T140016.289_2025-08-11_17-00-29.webp.webp?fit=1200%2C675&ssl=1&resize=525%2C300 1.5x, https:\/\/i0.wp.com\/noticiasribeiraopreto.com.br\/wp-content\/uploads\/2025\/08\/Copia-de-Copia-de-Copia-de-TAMANHO-EXATO-PARA-FOTOS-NO-SISTEMA-NOVO-2025-08-11T140016.289_2025-08-11_17-00-29.webp.webp?fit=1200%2C675&ssl=1&resize=700%2C400 2x, https:\/\/i0.wp.com\/noticiasribeiraopreto.com.br\/wp-content\/uploads\/2025\/08\/Copia-de-Copia-de-Copia-de-TAMANHO-EXATO-PARA-FOTOS-NO-SISTEMA-NOVO-2025-08-11T140016.289_2025-08-11_17-00-29.webp.webp?fit=1200%2C675&ssl=1&resize=1050%2C600 3x"},"classes":[]},{"id":75536,"url":"https:\/\/noticiasribeiraopreto.com.br\/index.php\/2025\/08\/11\/suspeito-de-matar-mulher-de-22-anos-e-preso-em-casa-na-zona-norte-de-ribeirao-preto\/","url_meta":{"origin":75539,"position":1},"title":"Suspeito de matar mulher de 22 anos \u00e9 preso em casa na zona Norte de Ribeir\u00e3o Preto","author":"noticiasribeiraopreto.com.br","date":"11 de August de 2025","format":false,"excerpt":"A Pol\u00edcia Civil prendeu nesta segunda-feira (11) o homem suspeito de matar Karina Cristina Queiroz, de 22 anos, em Ribeir\u00e3o Preto. O crime ocorreu no \u00faltimo dia 1\u00ba, na casa onde a v\u00edtima morava, no Jardim Cristo Redentor, zona Norte. Segundo informa\u00e7\u00f5es da pol\u00edcia, o suspeito, identificado como Rodrigo Totti\u2026","rel":"","context":"In &quot;Not\u00edcias de Ribeir\u00e3o Preto-SP e Regi\u00e3o&quot;","block_context":{"text":"Not\u00edcias de Ribeir\u00e3o Preto-SP e Regi\u00e3o","link":"https:\/\/noticiasribeiraopreto.com.br\/index.php\/category\/noticias-de-ribeirao-preto-sp-e-regiao-ismael-colosi\/"},"img":{"alt_text":"","src":"https:\/\/i0.wp.com\/noticiasribeiraopreto.com.br\/wp-content\/uploads\/2025\/08\/RODRIGO-1_2025-08-11_11-30-56.webp.webp?fit=1200%2C911&ssl=1&resize=350%2C200","width":350,"height":200,"srcset":"https:\/\/i0.wp.com\/noticiasribeiraopreto.com.br\/wp-content\/uploads\/2025\/08\/RODRIGO-1_2025-08-11_11-30-56.webp.webp?fit=1200%2C911&ssl=1&resize=350%2C200 1x, https:\/\/i0.wp.com\/noticiasribeiraopreto.com.br\/wp-content\/uploads\/2025\/08\/RODRIGO-1_2025-08-11_11-30-56.webp.webp?fit=1200%2C911&ssl=1&resize=525%2C300 1.5x, https:\/\/i0.wp.com\/noticiasribeiraopreto.com.br\/wp-content\/uploads\/2025\/08\/RODRIGO-1_2025-08-11_11-30-56.webp.webp?fit=1200%2C911&ssl=1&resize=700%2C400 2x, https:\/\/i0.wp.com\/noticiasribeiraopreto.com.br\/wp-content\/uploads\/2025\/08\/RODRIGO-1_2025-08-11_11-30-56.webp.webp?fit=1200%2C911&ssl=1&resize=1050%2C600 3x"},"classes":[]},{"id":77327,"url":"https:\/\/noticiasribeiraopreto.com.br\/index.php\/2025\/09\/16\/policia-realiza-reconstituicao-da-morte-de-jovem-na-zona-norte\/","url_meta":{"origin":75539,"position":2},"title":"Pol\u00edcia realiza reconstitui\u00e7\u00e3o da morte de jovem na zona Norte","author":"noticiasribeiraopreto.com.br","date":"16 de September de 2025","format":false,"excerpt":"Por: Alfredo Risk e Adalberto Luque Foi realizada na manh\u00e3 desta ter\u00e7a-feira (16) a reconstitui\u00e7\u00e3o da morte de Karina Cristina Queiroz, de 22 anos, encontrada morta com um tiro no rosto no Jardim Cristo Redentor, zona Norte de Ribeir\u00e3o Preto. O investigado j\u00e1 teria confessado o crime e esclareceu em\u2026","rel":"","context":"In &quot;Not\u00edcias de Ribeir\u00e3o Preto-SP e Regi\u00e3o&quot;","block_context":{"text":"Not\u00edcias de Ribeir\u00e3o Preto-SP e Regi\u00e3o","link":"https:\/\/noticiasribeiraopreto.com.br\/index.php\/category\/noticias-de-ribeirao-preto-sp-e-regiao-ismael-colosi\/"},"img":{"alt_text":"","src":"https:\/\/i0.wp.com\/noticiasribeiraopreto.com.br\/wp-content\/uploads\/2025\/09\/16-set-2025-latrocinioradialista3-scaled.jpg?fit=1170%2C780&ssl=1&resize=350%2C200","width":350,"height":200,"srcset":"https:\/\/i0.wp.com\/noticiasribeiraopreto.com.br\/wp-content\/uploads\/2025\/09\/16-set-2025-latrocinioradialista3-scaled.jpg?fit=1170%2C780&ssl=1&resize=350%2C200 1x, https:\/\/i0.wp.com\/noticiasribeiraopreto.com.br\/wp-content\/uploads\/2025\/09\/16-set-2025-latrocinioradialista3-scaled.jpg?fit=1170%2C780&ssl=1&resize=525%2C300 1.5x, https:\/\/i0.wp.com\/noticiasribeiraopreto.com.br\/wp-content\/uploads\/2025\/09\/16-set-2025-latrocinioradialista3-scaled.jpg?fit=1170%2C780&ssl=1&resize=700%2C400 2x, https:\/\/i0.wp.com\/noticiasribeiraopreto.com.br\/wp-content\/uploads\/2025\/09\/16-set-2025-latrocinioradialista3-scaled.jpg?fit=1170%2C780&ssl=1&resize=1050%2C600 3x"},"classes":[]},{"id":77336,"url":"https:\/\/noticiasribeiraopreto.com.br\/index.php\/2025\/09\/16\/a-gente-esta-tentando-ser-forte-diz-familia-de-jovem-morta-por-radialista\/","url_meta":{"origin":75539,"position":3},"title":"\u2018A gente est\u00e1 tentando ser forte\u2019, diz fam\u00edlia de jovem morta por radialista","author":"noticiasribeiraopreto.com.br","date":"16 de September de 2025","format":false,"excerpt":"A Pol\u00edcia Civil fez na manh\u00e3 desta ter\u00e7a-feira (16) a reconstitui\u00e7\u00e3o do assassinato de Karina Cristina Queiroz, de 22 anos. A jovem foi morta em agosto durante um encontro marcado por um aplicativo de relacionamento. O crime aconteceu na casa dela, no Jardim Cristo Redentor, e o acusado, o radialista\u2026","rel":"","context":"In &quot;Not\u00edcias de Ribeir\u00e3o Preto-SP e Regi\u00e3o&quot;","block_context":{"text":"Not\u00edcias de Ribeir\u00e3o Preto-SP e Regi\u00e3o","link":"https:\/\/noticiasribeiraopreto.com.br\/index.php\/category\/noticias-de-ribeirao-preto-sp-e-regiao-ismael-colosi\/"},"img":{"alt_text":"","src":"https:\/\/i0.wp.com\/noticiasribeiraopreto.com.br\/wp-content\/uploads\/2025\/09\/rodrigo-na-reconstituicao_2025-09-16_16-23-02.webp.webp?fit=1006%2C655&ssl=1&resize=350%2C200","width":350,"height":200,"srcset":"https:\/\/i0.wp.com\/noticiasribeiraopreto.com.br\/wp-content\/uploads\/2025\/09\/rodrigo-na-reconstituicao_2025-09-16_16-23-02.webp.webp?fit=1006%2C655&ssl=1&resize=350%2C200 1x, https:\/\/i0.wp.com\/noticiasribeiraopreto.com.br\/wp-content\/uploads\/2025\/09\/rodrigo-na-reconstituicao_2025-09-16_16-23-02.webp.webp?fit=1006%2C655&ssl=1&resize=525%2C300 1.5x, https:\/\/i0.wp.com\/noticiasribeiraopreto.com.br\/wp-content\/uploads\/2025\/09\/rodrigo-na-reconstituicao_2025-09-16_16-23-02.webp.webp?fit=1006%2C655&ssl=1&resize=700%2C400 2x"},"classes":[]},{"id":51614,"url":"https:\/\/noticiasribeiraopreto.com.br\/index.php\/2024\/05\/28\/suspeito-de-tentar-furtar-carro-e-detido-por-populares-e-acaba-agredido-em-ribeirao-preto\/","url_meta":{"origin":75539,"position":4},"title":"Suspeito de tentar furtar carro \u00e9 detido por populares e acaba agredido em Ribeir\u00e3o Preto","author":"noticiasribeiraopreto.com.br","date":"28 de May de 2024","format":false,"excerpt":"Um homem de 44 anos foi detido por populares e agredido na noite desta segunda-feira (27), suspeito de tentar furtar um carro no Jardim Cristo Redentor, zona Norte de Ribeir\u00e3o Preto. Segundo o boletim de ocorr\u00eancia (BO), ele teria sido surpreendido dentro do ve\u00edculo pela dona do carro \u2013 um\u2026","rel":"","context":"In &quot;Not\u00edcias de Ribeir\u00e3o Preto-SP e Regi\u00e3o&quot;","block_context":{"text":"Not\u00edcias de Ribeir\u00e3o Preto-SP e Regi\u00e3o","link":"https:\/\/noticiasribeiraopreto.com.br\/index.php\/category\/noticias-de-ribeirao-preto-sp-e-regiao-ismael-colosi\/"},"img":{"alt_text":"","src":"https:\/\/i0.wp.com\/noticiasribeiraopreto.com.br\/wp-content\/uploads\/2024\/05\/1716919942_policia_qru_1024x576_25052021184749.jpg?fit=1024%2C576&ssl=1&resize=350%2C200","width":350,"height":200,"srcset":"https:\/\/i0.wp.com\/noticiasribeiraopreto.com.br\/wp-content\/uploads\/2024\/05\/1716919942_policia_qru_1024x576_25052021184749.jpg?fit=1024%2C576&ssl=1&resize=350%2C200 1x, https:\/\/i0.wp.com\/noticiasribeiraopreto.com.br\/wp-content\/uploads\/2024\/05\/1716919942_policia_qru_1024x576_25052021184749.jpg?fit=1024%2C576&ssl=1&resize=525%2C300 1.5x, https:\/\/i0.wp.com\/noticiasribeiraopreto.com.br\/wp-content\/uploads\/2024\/05\/1716919942_policia_qru_1024x576_25052021184749.jpg?fit=1024%2C576&ssl=1&resize=700%2C400 2x"},"classes":[]},{"id":75169,"url":"https:\/\/noticiasribeiraopreto.com.br\/index.php\/2025\/08\/04\/o-que-se-sabe-sobre-a-morte-de-jovem-em-ribeirao-preto-apos-encontro-por-aplicativo\/","url_meta":{"origin":75539,"position":5},"title":"O que se sabe sobre a morte de jovem em Ribeir\u00e3o Preto ap\u00f3s encontro por aplicativo","author":"noticiasribeiraopreto.com.br","date":"4 de August de 2025","format":false,"excerpt":"Karina Cristina Queiroz, de 22 anos, foi encontrada morta dentro de casa no bairro Cristo Redentor, em Ribeir\u00e3o Preto, ap\u00f3s marcar um encontro por aplicativo de relacionamento. A fam\u00edlia acredita que a jovem conhecia o assassino. Karina sempre avisava a fam\u00edlia sobre onde estava e com quem, para evitar qualquer\u2026","rel":"","context":"In &quot;Not\u00edcias de Ribeir\u00e3o Preto-SP e Regi\u00e3o&quot;","block_context":{"text":"Not\u00edcias de Ribeir\u00e3o Preto-SP e Regi\u00e3o","link":"https:\/\/noticiasribeiraopreto.com.br\/index.php\/category\/noticias-de-ribeirao-preto-sp-e-regiao-ismael-colosi\/"},"img":{"alt_text":"","src":"https:\/\/i0.wp.com\/noticiasribeiraopreto.com.br\/wp-content\/uploads\/2025\/08\/Copia-de-Copia-de-Copia-de-TAMANHO-EXATO-PARA-FOTOS-NO-SISTEMA-NOVO-2025-08-04T202750.309_2025-08-04_23-28-02.webp.webp?fit=1200%2C675&ssl=1&resize=350%2C200","width":350,"height":200,"srcset":"https:\/\/i0.wp.com\/noticiasribeiraopreto.com.br\/wp-content\/uploads\/2025\/08\/Copia-de-Copia-de-Copia-de-TAMANHO-EXATO-PARA-FOTOS-NO-SISTEMA-NOVO-2025-08-04T202750.309_2025-08-04_23-28-02.webp.webp?fit=1200%2C675&ssl=1&resize=350%2C200 1x, https:\/\/i0.wp.com\/noticiasribeiraopreto.com.br\/wp-content\/uploads\/2025\/08\/Copia-de-Copia-de-Copia-de-TAMANHO-EXATO-PARA-FOTOS-NO-SISTEMA-NOVO-2025-08-04T202750.309_2025-08-04_23-28-02.webp.webp?fit=1200%2C675&ssl=1&resize=525%2C300 1.5x, https:\/\/i0.wp.com\/noticiasribeiraopreto.com.br\/wp-content\/uploads\/2025\/08\/Copia-de-Copia-de-Copia-de-TAMANHO-EXATO-PARA-FOTOS-NO-SISTEMA-NOVO-2025-08-04T202750.309_2025-08-04_23-28-02.webp.webp?fit=1200%2C675&ssl=1&resize=700%2C400 2x, https:\/\/i0.wp.com\/noticiasribeiraopreto.com.br\/wp-content\/uploads\/2025\/08\/Copia-de-Copia-de-Copia-de-TAMANHO-EXATO-PARA-FOTOS-NO-SISTEMA-NOVO-2025-08-04T202750.309_2025-08-04_23-28-02.webp.webp?fit=1200%2C675&ssl=1&resize=1050%2C600 3x"},"classes":[]}],"jetpack_sharing_enabled":true,"jetpack_shortlink":"https:\/\/wp.me\/peQAOb-jEn","_links":{"self":[{"href":"https:\/\/noticiasribeiraopreto.com.br\/index.php\/wp-json\/wp\/v2\/posts\/75539","targetHints":{"allow":["GET"]}}],"collection":[{"href":"https:\/\/noticiasribeiraopreto.com.br\/index.php\/wp-json\/wp\/v2\/posts"}],"about":[{"href":"https:\/\/noticiasribeiraopreto.com.br\/index.php\/wp-json\/wp\/v2\/types\/post"}],"author":[{"embeddable":true,"href":"https:\/\/noticiasribeiraopreto.com.br\/index.php\/wp-json\/wp\/v2\/users\/1"}],"replies":[{"embeddable":true,"href":"https:\/\/noticiasribeiraopreto.com.br\/index.php\/wp-json\/wp\/v2\/comments?post=75539"}],"version-history":[{"count":0,"href":"https:\/\/noticiasribeiraopreto.com.br\/index.php\/wp-json\/wp\/v2\/posts\/75539\/revisions"}],"wp:featuredmedia":[{"embeddable":true,"href":"https:\/\/noticiasribeiraopreto.com.br\/index.php\/wp-json\/wp\/v2\/media\/75540"}],"wp:attachment":[{"href":"https:\/\/noticiasribeiraopreto.com.br\/index.php\/wp-json\/wp\/v2\/media?parent=75539"}],"wp:term":[{"taxonomy":"category","embeddable":true,"href":"https:\/\/noticiasribeiraopreto.com.br\/index.php\/wp-json\/wp\/v2\/categories?post=75539"},{"taxonomy":"post_tag","embeddable":true,"href":"https:\/\/noticiasribeiraopreto.com.br\/index.php\/wp-json\/wp\/v2\/tags?post=75539"}],"curies":[{"name":"wp","href":"https:\/\/api.w.org\/{rel}","templated":true}]}}