{"id":75577,"date":"2025-08-11T21:15:37","date_gmt":"2025-08-12T00:15:37","guid":{"rendered":"https:\/\/noticiasribeiraopreto.com.br\/index.php\/2025\/08\/11\/clima-seco-deixa-cidades-do-interior-de-sp-em-situacao-de-emergencia-veja-quais\/"},"modified":"2025-08-11T21:15:37","modified_gmt":"2025-08-12T00:15:37","slug":"clima-seco-deixa-cidades-do-interior-de-sp-em-situacao-de-emergencia-veja-quais","status":"publish","type":"post","link":"https:\/\/noticiasribeiraopreto.com.br\/index.php\/2025\/08\/11\/clima-seco-deixa-cidades-do-interior-de-sp-em-situacao-de-emergencia-veja-quais\/","title":{"rendered":"Clima seco deixa cidades do interior de SP em situa\u00e7\u00e3o de emerg\u00eancia; veja quais"},"content":{"rendered":"<div class='code-block code-block-1' style='margin: 8px 0 8px auto; text-align: right; display: block; clear: both;'>\n<p><a href=\"https:\/\/wa.link\/vpicfd\"><img data-recalc-dims=\"1\" class=\"wp-image-4922\" style=\"aspect-ratio: 2.0253164556962027; width: 561px; height: auto;\" src=\"https:\/\/i0.wp.com\/ismaelcolosi.com.br\/wp-content\/uploads\/2023\/11\/grupo-de-empregos-whatsapp-e-facebook-ismael-colosi-vagas.jpg?ssl=1\" alt=\"\" \/><\/a><\/p>\n<!-- \/wp:image -->\n<\/div>\n<p> <br \/>\n<\/p>\n<div data-td-block-uid=\"tdi_95\">\n<div class=\"tdb-block-inner td-fix-index\">\n<p>A<strong> Defesa Civil do Estado<\/strong> alerta que<strong> Ribeir\u00e3o Preto enfrenta nesta ter\u00e7a-feira (12) \u00edndices cr\u00edticos de umidade relativa do ar.<\/strong> A cidade pode registrar <strong>11%,<\/strong> n\u00edvel que a Organiza\u00e7\u00e3o Mundial da Sa\u00fade (OMS) classifica como situa\u00e7\u00e3o de emerg\u00eancia.<\/p>\n<p><strong>Barretos <\/strong>e <strong>Franca <\/strong>tamb\u00e9m devem atingir o mesmo \u00edndice. <strong>Ara\u00e7atuba <\/strong>e <strong>S\u00e3o Jos\u00e9 do Rio Preto<\/strong> podem chegar a <strong>13%<\/strong>, enquanto <strong>Presidente Prudente<\/strong> e <strong>Mar\u00edlia <\/strong>devem marcar<strong> 18%<\/strong>.<\/p>\n<p>Nesta segunda-feira (11), <strong>Ribeir\u00e3o Preto e outras cidades do interior paulista j\u00e1 enfrentaram baixa umidade<\/strong>. A Defesa Civil monitorou 78 munic\u00edpios e enviou alertas via SMS para a popula\u00e7\u00e3o. Entre os menores \u00edndices, destacam-se <strong>Ituverava <\/strong>(13%) e <strong>Pedregulho <\/strong>(19,0%).<\/p>\n<div class=\"wp-block-image\">\n<figure class=\"aligncenter size-large is-resized\"><img data-recalc-dims=\"1\" fetchpriority=\"high\" decoding=\"async\" width=\"859\" height=\"1024\" src=\"https:\/\/i0.wp.com\/cdn.media-acidadeon.com.br\/ribeiraopreto\/wp-content\/uploads\/sites\/3\/2025\/08\/image_2025-08-11_22-06-31-e1754950865246-859x1024.webp?resize=859%2C1024&#038;ssl=1\" alt=\"\" class=\"wp-image-125448\" style=\"width:490px;height:auto\" srcset=\"https:\/\/cdn.media-acidadeon.com.br\/ribeiraopreto\/wp-content\/uploads\/sites\/3\/2025\/08\/image_2025-08-11_22-06-31-e1754950865246-859x1024.webp 859w, https:\/\/cdn.media-acidadeon.com.br\/ribeiraopreto\/wp-content\/uploads\/sites\/3\/2025\/08\/image_2025-08-11_22-06-31-e1754950865246-252x300.webp 252w, https:\/\/cdn.media-acidadeon.com.br\/ribeiraopreto\/wp-content\/uploads\/sites\/3\/2025\/08\/image_2025-08-11_22-06-31-e1754950865246-768x915.webp 768w, https:\/\/cdn.media-acidadeon.com.br\/ribeiraopreto\/wp-content\/uploads\/sites\/3\/2025\/08\/image_2025-08-11_22-06-31-e1754950865246-696x829.webp 696w, https:\/\/cdn.media-acidadeon.com.br\/ribeiraopreto\/wp-content\/uploads\/sites\/3\/2025\/08\/image_2025-08-11_22-06-31-e1754950865246.webp 1024w\" sizes=\"(max-width: 859px) 100vw, 859px\"\/><\/figure>\n<\/div>\n<h3 class=\"wp-block-heading\"><strong>Recomenda\u00e7\u00f5es<\/strong><\/h3>\n<p>A <strong>Defesa Civil recomenda que moradores de Ribeir\u00e3o Preto<\/strong> e das demais cidades afetadas evitem exposi\u00e7\u00e3o ao sol nos hor\u00e1rios mais quentes, aumentem a ingest\u00e3o de l\u00edquidos e mantenham ambientes umidificados.<\/p>\n<p>Entre ter\u00e7a (12) e quarta-feira (13), o interior de SP deve manter \u00edndices abaixo de 30%. A partir de quinta-feira (14), a aproxima\u00e7\u00e3o de um sistema meteorol\u00f3gico pela costa pode elevar a umidade, mas a regi\u00e3o continuar\u00e1 em alerta.<\/p>\n<hr class=\"wp-block-separator has-alpha-channel-opacity\"\/>\n<p>SAIBA MAIS<br \/>Casal de Ribeir\u00e3o Preto morre em grave acidente no Mato Grosso do Sul<\/p>\n<h3 class=\"wp-block-heading\"><strong>FIQUE ON\u00a0\u00a0\u00a0\u00a0\u00a0\u00a0\u00a0\u00a0\u00a0<\/strong><\/h3>\n<p>Quer ficar por dentro de tudo que acontece em Ribeir\u00e3o Preto e regi\u00e3o? Ent\u00e3o siga os perfis do\u202facidade on\u202fno\u202f<a href=\"https:\/\/www.instagram.com\/acidadeonribeirao\" target=\"_blank\" rel=\"noreferrer noopener\">Instagram<\/a>\u202fe no\u202f<a href=\"https:\/\/www.facebook.com\/acidadeonribeirao\/\" target=\"_blank\" rel=\"noreferrer noopener\">Facebook<\/a>.<\/p>\n<p>Al\u00e9m disso, voc\u00ea pode receber as principais not\u00edcias diretamente no WhatsApp. Para isso, basta\u00a0<a href=\"https:\/\/chat.whatsapp.com\/BjKQZ9oJwlz8VVT50NuePq\" target=\"_blank\" rel=\"noreferrer noopener\">entrar no grupo clicando aqui<\/a>.<\/p>\n<p>Por fim, se quiser fazer uma den\u00fancia ou sugerir uma reportagem sobre Ribeir\u00e3o Preto e regi\u00e3o, envie uma mensagem pelo WhatsApp: (16) 99117-7802.<\/p>\n<p>VEJA TAMB\u00c9M<br \/>Rainbow Six Siege X ter\u00e1 campeonato multiplataforma<\/p>\n<p><!-- AI CONTENT END 1 -->\n<\/div>\n<\/div>\n<p><script async src=\"\/\/www.instagram.com\/embed.js\"><\/script><br \/>\n<br \/><br \/>\n<br \/><a href=\"https:\/\/www.acidadeon.com\/ribeiraopreto\/cotidiano\/clima-seco-deixa-cidades-do-interior-de-sp-em-situacao-de-emergencia-veja-quais\/\">Source link <\/a><\/p>\n<!-- CONTENT END 1 -->\n","protected":false},"excerpt":{"rendered":"<p>A Defesa Civil do Estado alerta que Ribeir\u00e3o Preto enfrenta nesta ter\u00e7a-feira (12) \u00edndices cr\u00edticos de umidade relativa do ar. A cidade pode registrar 11%,&#8230;<\/p>\n","protected":false},"author":1,"featured_media":74398,"comment_status":"open","ping_status":"open","sticky":false,"template":"","format":"standard","meta":{"advanced_seo_description":"","jetpack_seo_html_title":"","jetpack_seo_noindex":false,"jetpack_post_was_ever_published":false,"_jetpack_newsletter_access":"","_jetpack_dont_email_post_to_subs":false,"_jetpack_newsletter_tier_id":0,"_jetpack_memberships_contains_paywalled_content":false,"_jetpack_memberships_contains_paid_content":false,"footnotes":"","jetpack_publicize_message":"","jetpack_publicize_feature_enabled":true,"jetpack_social_post_already_shared":true,"jetpack_social_options":{"image_generator_settings":{"template":"highway","default_image_id":0,"font":"","enabled":false},"version":2}},"categories":[11],"tags":[],"class_list":["post-75577","post","type-post","status-publish","format-standard","has-post-thumbnail","hentry","category-noticias-de-ribeirao-preto-sp-e-regiao-ismael-colosi"],"jetpack_publicize_connections":[],"jetpack_featured_media_url":"https:\/\/i0.wp.com\/noticiasribeiraopreto.com.br\/wp-content\/uploads\/2025\/07\/WhatsApp-Image-2025-07-22-at-06.38.15_2025-07-22_10-04-05.webp.webp?fit=1200%2C553&ssl=1","jetpack-related-posts":[{"id":77042,"url":"https:\/\/noticiasribeiraopreto.com.br\/index.php\/2025\/09\/10\/baixa-umidade-atinge-indice-critico-em-ribeirao-preto-e-defesa-civil-dispara-alerta\/","url_meta":{"origin":75577,"position":0},"title":"Baixa umidade atinge \u00edndice cr\u00edtico em Ribeir\u00e3o Preto e Defesa Civil dispara alerta","author":"noticiasribeiraopreto.com.br","date":"10 de September de 2025","format":false,"excerpt":"A Defesa Civil de S\u00e3o Paulo emitiu \u00e0s 13h17 desta quarta-feira (10) um alerta severo de baixa umidade para a regi\u00e3o de Ribeir\u00e3o Preto. A mensagem apareceu em celulares conectados \u00e0s redes 4G e 5G por meio do sistema Cell Broadcast e informou que a umidade do ar atingiu n\u00edvel\u2026","rel":"","context":"In &quot;Not\u00edcias de Ribeir\u00e3o Preto-SP e Regi\u00e3o&quot;","block_context":{"text":"Not\u00edcias de Ribeir\u00e3o Preto-SP e Regi\u00e3o","link":"https:\/\/noticiasribeiraopreto.com.br\/index.php\/category\/noticias-de-ribeirao-preto-sp-e-regiao-ismael-colosi\/"},"img":{"alt_text":"","src":"https:\/\/i0.wp.com\/noticiasribeiraopreto.com.br\/wp-content\/uploads\/2025\/09\/Copia-de-Copia-de-Copia-de-TAMANHO-EXATO-PARA-FOTOS-NO-SISTEMA-NOVO-2025-09-10T133642.596_2025-09-10_16-37-00.webp.webp?fit=1200%2C675&ssl=1&resize=350%2C200","width":350,"height":200,"srcset":"https:\/\/i0.wp.com\/noticiasribeiraopreto.com.br\/wp-content\/uploads\/2025\/09\/Copia-de-Copia-de-Copia-de-TAMANHO-EXATO-PARA-FOTOS-NO-SISTEMA-NOVO-2025-09-10T133642.596_2025-09-10_16-37-00.webp.webp?fit=1200%2C675&ssl=1&resize=350%2C200 1x, https:\/\/i0.wp.com\/noticiasribeiraopreto.com.br\/wp-content\/uploads\/2025\/09\/Copia-de-Copia-de-Copia-de-TAMANHO-EXATO-PARA-FOTOS-NO-SISTEMA-NOVO-2025-09-10T133642.596_2025-09-10_16-37-00.webp.webp?fit=1200%2C675&ssl=1&resize=525%2C300 1.5x, https:\/\/i0.wp.com\/noticiasribeiraopreto.com.br\/wp-content\/uploads\/2025\/09\/Copia-de-Copia-de-Copia-de-TAMANHO-EXATO-PARA-FOTOS-NO-SISTEMA-NOVO-2025-09-10T133642.596_2025-09-10_16-37-00.webp.webp?fit=1200%2C675&ssl=1&resize=700%2C400 2x, https:\/\/i0.wp.com\/noticiasribeiraopreto.com.br\/wp-content\/uploads\/2025\/09\/Copia-de-Copia-de-Copia-de-TAMANHO-EXATO-PARA-FOTOS-NO-SISTEMA-NOVO-2025-09-10T133642.596_2025-09-10_16-37-00.webp.webp?fit=1200%2C675&ssl=1&resize=1050%2C600 3x"},"classes":[]},{"id":57672,"url":"https:\/\/noticiasribeiraopreto.com.br\/index.php\/2024\/09\/06\/alerta-de-emergencia-para-incendios-no-interior-de-sp-e-estendido-veja-regioes\/","url_meta":{"origin":75577,"position":1},"title":"Alerta de emerg\u00eancia para inc\u00eandios no interior de SP \u00e9 estendido; Veja regi\u00f5es","author":"noticiasribeiraopreto.com.br","date":"6 de September de 2024","format":false,"excerpt":"Com temperaturas chegando aos 39\u00baC e baixos \u00edndices de unidade do ar, a Defesa Civil prorrogou o alerta de risco elevado para inc\u00eandios no interior de S\u00e3o Paulo at\u00e9 a pr\u00f3xima ter\u00e7a-feira (10). Conforme o Centro de Gerenciamento de Emerg\u00eancias (CGE), nos pr\u00f3ximos dias as regi\u00f5es norte, noroeste e oeste\u2026","rel":"","context":"In &quot;Not\u00edcias de Ribeir\u00e3o Preto-SP e Regi\u00e3o&quot;","block_context":{"text":"Not\u00edcias de Ribeir\u00e3o Preto-SP e Regi\u00e3o","link":"https:\/\/noticiasribeiraopreto.com.br\/index.php\/category\/noticias-de-ribeirao-preto-sp-e-regiao-ismael-colosi\/"},"img":{"alt_text":"","src":"https:\/\/i0.wp.com\/noticiasribeiraopreto.com.br\/wp-content\/uploads\/2024\/09\/51398024488_2b7ffe5e90_k-e1725551190532-1536x906-1_2024-09-06_21-04-11_jpg_2024-09-06_21-04-11.webp.webp?fit=1200%2C708&ssl=1&resize=350%2C200","width":350,"height":200,"srcset":"https:\/\/i0.wp.com\/noticiasribeiraopreto.com.br\/wp-content\/uploads\/2024\/09\/51398024488_2b7ffe5e90_k-e1725551190532-1536x906-1_2024-09-06_21-04-11_jpg_2024-09-06_21-04-11.webp.webp?fit=1200%2C708&ssl=1&resize=350%2C200 1x, https:\/\/i0.wp.com\/noticiasribeiraopreto.com.br\/wp-content\/uploads\/2024\/09\/51398024488_2b7ffe5e90_k-e1725551190532-1536x906-1_2024-09-06_21-04-11_jpg_2024-09-06_21-04-11.webp.webp?fit=1200%2C708&ssl=1&resize=525%2C300 1.5x, https:\/\/i0.wp.com\/noticiasribeiraopreto.com.br\/wp-content\/uploads\/2024\/09\/51398024488_2b7ffe5e90_k-e1725551190532-1536x906-1_2024-09-06_21-04-11_jpg_2024-09-06_21-04-11.webp.webp?fit=1200%2C708&ssl=1&resize=700%2C400 2x, https:\/\/i0.wp.com\/noticiasribeiraopreto.com.br\/wp-content\/uploads\/2024\/09\/51398024488_2b7ffe5e90_k-e1725551190532-1536x906-1_2024-09-06_21-04-11_jpg_2024-09-06_21-04-11.webp.webp?fit=1200%2C708&ssl=1&resize=1050%2C600 3x"},"classes":[]},{"id":55346,"url":"https:\/\/noticiasribeiraopreto.com.br\/index.php\/2024\/07\/31\/interior-de-sp-tem-alerta-do-inmet-de-perigo-potencial-veja-as-cidades\/","url_meta":{"origin":75577,"position":2},"title":"Interior de SP tem alerta do Inmet de perigo potencial; Veja as cidades","author":"noticiasribeiraopreto.com.br","date":"31 de July de 2024","format":false,"excerpt":"O Inmet (Instituto Nacional de Meteorologia) emitiu um novo alerta que coloca Ribeir\u00e3o Preto e outras cidades do interior de S\u00e3o Paulo em estado de alerta de perigo potencial, por conta da baixa umidade do ar. O aviso \u00e9 v\u00e1lido das 11h \u00e0s 19h desta quinta-feira (1) e os \u00edndices\u2026","rel":"","context":"In &quot;Not\u00edcias de Ribeir\u00e3o Preto-SP e Regi\u00e3o&quot;","block_context":{"text":"Not\u00edcias de Ribeir\u00e3o Preto-SP e Regi\u00e3o","link":"https:\/\/noticiasribeiraopreto.com.br\/index.php\/category\/noticias-de-ribeirao-preto-sp-e-regiao-ismael-colosi\/"},"img":{"alt_text":"","src":"https:\/\/i0.wp.com\/noticiasribeiraopreto.com.br\/wp-content\/uploads\/2024\/07\/Copia-de-Copia-de-TAMANHO-EXATO-PARA-FOTOS-NO-SISTEMA-NOVO-1_2024-08-01_00-38-03_png_2024-08-01_00-38-03.webp.webp?fit=1200%2C675&ssl=1&resize=350%2C200","width":350,"height":200,"srcset":"https:\/\/i0.wp.com\/noticiasribeiraopreto.com.br\/wp-content\/uploads\/2024\/07\/Copia-de-Copia-de-TAMANHO-EXATO-PARA-FOTOS-NO-SISTEMA-NOVO-1_2024-08-01_00-38-03_png_2024-08-01_00-38-03.webp.webp?fit=1200%2C675&ssl=1&resize=350%2C200 1x, https:\/\/i0.wp.com\/noticiasribeiraopreto.com.br\/wp-content\/uploads\/2024\/07\/Copia-de-Copia-de-TAMANHO-EXATO-PARA-FOTOS-NO-SISTEMA-NOVO-1_2024-08-01_00-38-03_png_2024-08-01_00-38-03.webp.webp?fit=1200%2C675&ssl=1&resize=525%2C300 1.5x, https:\/\/i0.wp.com\/noticiasribeiraopreto.com.br\/wp-content\/uploads\/2024\/07\/Copia-de-Copia-de-TAMANHO-EXATO-PARA-FOTOS-NO-SISTEMA-NOVO-1_2024-08-01_00-38-03_png_2024-08-01_00-38-03.webp.webp?fit=1200%2C675&ssl=1&resize=700%2C400 2x, https:\/\/i0.wp.com\/noticiasribeiraopreto.com.br\/wp-content\/uploads\/2024\/07\/Copia-de-Copia-de-TAMANHO-EXATO-PARA-FOTOS-NO-SISTEMA-NOVO-1_2024-08-01_00-38-03_png_2024-08-01_00-38-03.webp.webp?fit=1200%2C675&ssl=1&resize=1050%2C600 3x"},"classes":[]},{"id":76156,"url":"https:\/\/noticiasribeiraopreto.com.br\/index.php\/2025\/08\/22\/regiao-de-ribeirao-lidera-ranking-da-pior-umidade-do-ar-em-sp-veja-lista\/","url_meta":{"origin":75577,"position":3},"title":"Regi\u00e3o de Ribeir\u00e3o lidera ranking da pior umidade do ar em SP; Veja lista","author":"noticiasribeiraopreto.com.br","date":"22 de August de 2025","format":false,"excerpt":"Quatro cidades da regi\u00e3o de Ribeir\u00e3o Preto registraram, nesta sexta-feira (22), os piores \u00edndices de umidade relativa do ar em todo o estado de S\u00e3o Paulo, segundo dados da Defesa Civil. Ituverava (11%), Altin\u00f3polis (11,6%), Barretos (12%) e Monte Azul Paulista (12,4%) atingiram \u00edndices cr\u00edticos e entraram em estado de\u2026","rel":"","context":"In &quot;Not\u00edcias de Ribeir\u00e3o Preto-SP e Regi\u00e3o&quot;","block_context":{"text":"Not\u00edcias de Ribeir\u00e3o Preto-SP e Regi\u00e3o","link":"https:\/\/noticiasribeiraopreto.com.br\/index.php\/category\/noticias-de-ribeirao-preto-sp-e-regiao-ismael-colosi\/"},"img":{"alt_text":"","src":"https:\/\/i0.wp.com\/noticiasribeiraopreto.com.br\/wp-content\/uploads\/2025\/08\/Copia-de-Copia-de-Copia-de-TAMANHO-EXATO-PARA-FOTOS-NO-SISTEMA-NOVO-2025-08-22T144825.182_2025-08-22_17-48-30-1024x576.webp.webp?fit=1024%2C576&ssl=1&resize=350%2C200","width":350,"height":200,"srcset":"https:\/\/i0.wp.com\/noticiasribeiraopreto.com.br\/wp-content\/uploads\/2025\/08\/Copia-de-Copia-de-Copia-de-TAMANHO-EXATO-PARA-FOTOS-NO-SISTEMA-NOVO-2025-08-22T144825.182_2025-08-22_17-48-30-1024x576.webp.webp?fit=1024%2C576&ssl=1&resize=350%2C200 1x, https:\/\/i0.wp.com\/noticiasribeiraopreto.com.br\/wp-content\/uploads\/2025\/08\/Copia-de-Copia-de-Copia-de-TAMANHO-EXATO-PARA-FOTOS-NO-SISTEMA-NOVO-2025-08-22T144825.182_2025-08-22_17-48-30-1024x576.webp.webp?fit=1024%2C576&ssl=1&resize=525%2C300 1.5x, https:\/\/i0.wp.com\/noticiasribeiraopreto.com.br\/wp-content\/uploads\/2025\/08\/Copia-de-Copia-de-Copia-de-TAMANHO-EXATO-PARA-FOTOS-NO-SISTEMA-NOVO-2025-08-22T144825.182_2025-08-22_17-48-30-1024x576.webp.webp?fit=1024%2C576&ssl=1&resize=700%2C400 2x"},"classes":[]},{"id":76943,"url":"https:\/\/noticiasribeiraopreto.com.br\/index.php\/2025\/09\/09\/vento-forte-e-poeira-em-ribeirao\/","url_meta":{"origin":75577,"position":4},"title":"Vento forte e poeira em Ribeir\u00e3o","author":"noticiasribeiraopreto.com.br","date":"9 de September de 2025","format":false,"excerpt":"9 de setembro de 2025 11:166 Compartilhar0 Poeira chega com tudo na cidade A sensa\u00e7\u00e3o \u00e9 de que Ribeir\u00e3o Preto est\u00e1 \u2018sendo engolida\u2019 por poeira. Um vento forte atinge a cidade na manh\u00e3 desta ter\u00e7a-feira (9), com rajadas de at\u00e9 60 km\/h, segundo a Defesa Civil. At\u00e9 o momento, n\u00e3o\u2026","rel":"","context":"In &quot;Not\u00edcias de Ribeir\u00e3o Preto-SP e Regi\u00e3o&quot;","block_context":{"text":"Not\u00edcias de Ribeir\u00e3o Preto-SP e Regi\u00e3o","link":"https:\/\/noticiasribeiraopreto.com.br\/index.php\/category\/noticias-de-ribeirao-preto-sp-e-regiao-ismael-colosi\/"},"img":{"alt_text":"","src":"https:\/\/i0.wp.com\/noticiasribeiraopreto.com.br\/wp-content\/uploads\/2025\/09\/vento1-scaled.jpeg?fit=1040%2C780&ssl=1&resize=350%2C200","width":350,"height":200,"srcset":"https:\/\/i0.wp.com\/noticiasribeiraopreto.com.br\/wp-content\/uploads\/2025\/09\/vento1-scaled.jpeg?fit=1040%2C780&ssl=1&resize=350%2C200 1x, https:\/\/i0.wp.com\/noticiasribeiraopreto.com.br\/wp-content\/uploads\/2025\/09\/vento1-scaled.jpeg?fit=1040%2C780&ssl=1&resize=525%2C300 1.5x, https:\/\/i0.wp.com\/noticiasribeiraopreto.com.br\/wp-content\/uploads\/2025\/09\/vento1-scaled.jpeg?fit=1040%2C780&ssl=1&resize=700%2C400 2x"},"classes":[]},{"id":44255,"url":"https:\/\/noticiasribeiraopreto.com.br\/index.php\/2024\/03\/26\/governo-reconhece-situacao-de-emergencia-em-cidades-do-interior-de-sp-por-conta-de-fortes-chuvas\/","url_meta":{"origin":75577,"position":5},"title":"Governo reconhece situa\u00e7\u00e3o de emerg\u00eancia em cidades do interior de SP por conta de fortes chuvas","author":"noticiasribeiraopreto.com.br","date":"26 de March de 2024","format":false,"excerpt":"O Governo Federal informou, nessa segunda-feira (25), que reconheceu situa\u00e7\u00e3o de emerg\u00eancia em diversos munic\u00edpios de S\u00e3o Paulo, inclusive no interior do Estado. De acordo com a lista, munic\u00edpios da Bahia, Goi\u00e1s, Maranh\u00e3o, Minas Gerais, Par\u00e1, Rio de Janeiro, Rio Grande do Sul, Santa Catarina e Esp\u00edrito Santo tamb\u00e9m est\u00e3o\u2026","rel":"","context":"In &quot;Not\u00edcias de Ribeir\u00e3o Preto-SP e Regi\u00e3o&quot;","block_context":{"text":"Not\u00edcias de Ribeir\u00e3o Preto-SP e Regi\u00e3o","link":"https:\/\/noticiasribeiraopreto.com.br\/index.php\/category\/noticias-de-ribeirao-preto-sp-e-regiao-ismael-colosi\/"},"img":{"alt_text":"","src":"https:\/\/i0.wp.com\/noticiasribeiraopreto.com.br\/wp-content\/uploads\/2024\/03\/chuva_na_cidade_de_campinas_sp_cxdigo_19_170676.jpg?fit=1200%2C800&ssl=1&resize=350%2C200","width":350,"height":200,"srcset":"https:\/\/i0.wp.com\/noticiasribeiraopreto.com.br\/wp-content\/uploads\/2024\/03\/chuva_na_cidade_de_campinas_sp_cxdigo_19_170676.jpg?fit=1200%2C800&ssl=1&resize=350%2C200 1x, https:\/\/i0.wp.com\/noticiasribeiraopreto.com.br\/wp-content\/uploads\/2024\/03\/chuva_na_cidade_de_campinas_sp_cxdigo_19_170676.jpg?fit=1200%2C800&ssl=1&resize=525%2C300 1.5x, https:\/\/i0.wp.com\/noticiasribeiraopreto.com.br\/wp-content\/uploads\/2024\/03\/chuva_na_cidade_de_campinas_sp_cxdigo_19_170676.jpg?fit=1200%2C800&ssl=1&resize=700%2C400 2x, https:\/\/i0.wp.com\/noticiasribeiraopreto.com.br\/wp-content\/uploads\/2024\/03\/chuva_na_cidade_de_campinas_sp_cxdigo_19_170676.jpg?fit=1200%2C800&ssl=1&resize=1050%2C600 3x"},"classes":[]}],"jetpack_sharing_enabled":true,"jetpack_shortlink":"https:\/\/wp.me\/peQAOb-jEZ","_links":{"self":[{"href":"https:\/\/noticiasribeiraopreto.com.br\/index.php\/wp-json\/wp\/v2\/posts\/75577","targetHints":{"allow":["GET"]}}],"collection":[{"href":"https:\/\/noticiasribeiraopreto.com.br\/index.php\/wp-json\/wp\/v2\/posts"}],"about":[{"href":"https:\/\/noticiasribeiraopreto.com.br\/index.php\/wp-json\/wp\/v2\/types\/post"}],"author":[{"embeddable":true,"href":"https:\/\/noticiasribeiraopreto.com.br\/index.php\/wp-json\/wp\/v2\/users\/1"}],"replies":[{"embeddable":true,"href":"https:\/\/noticiasribeiraopreto.com.br\/index.php\/wp-json\/wp\/v2\/comments?post=75577"}],"version-history":[{"count":0,"href":"https:\/\/noticiasribeiraopreto.com.br\/index.php\/wp-json\/wp\/v2\/posts\/75577\/revisions"}],"wp:featuredmedia":[{"embeddable":true,"href":"https:\/\/noticiasribeiraopreto.com.br\/index.php\/wp-json\/wp\/v2\/media\/74398"}],"wp:attachment":[{"href":"https:\/\/noticiasribeiraopreto.com.br\/index.php\/wp-json\/wp\/v2\/media?parent=75577"}],"wp:term":[{"taxonomy":"category","embeddable":true,"href":"https:\/\/noticiasribeiraopreto.com.br\/index.php\/wp-json\/wp\/v2\/categories?post=75577"},{"taxonomy":"post_tag","embeddable":true,"href":"https:\/\/noticiasribeiraopreto.com.br\/index.php\/wp-json\/wp\/v2\/tags?post=75577"}],"curies":[{"name":"wp","href":"https:\/\/api.w.org\/{rel}","templated":true}]}}