{"id":75580,"date":"2025-08-12T00:17:08","date_gmt":"2025-08-12T03:17:08","guid":{"rendered":"https:\/\/noticiasribeiraopreto.com.br\/index.php\/2025\/08\/12\/ja-classificado-comercial-empata-com-a-inter-de-limeira-na-copa-paulista\/"},"modified":"2025-08-12T00:17:08","modified_gmt":"2025-08-12T03:17:08","slug":"ja-classificado-comercial-empata-com-a-inter-de-limeira-na-copa-paulista","status":"publish","type":"post","link":"https:\/\/noticiasribeiraopreto.com.br\/index.php\/2025\/08\/12\/ja-classificado-comercial-empata-com-a-inter-de-limeira-na-copa-paulista\/","title":{"rendered":"J\u00e1 classificado, Comercial empata com a Inter de Limeira na Copa Paulista"},"content":{"rendered":"<div class='code-block code-block-1' style='margin: 8px 0 8px auto; text-align: right; display: block; clear: both;'>\n<p><a href=\"https:\/\/wa.link\/vpicfd\"><img data-recalc-dims=\"1\" class=\"wp-image-4922\" style=\"aspect-ratio: 2.0253164556962027; width: 561px; height: auto;\" src=\"https:\/\/i0.wp.com\/ismaelcolosi.com.br\/wp-content\/uploads\/2023\/11\/grupo-de-empregos-whatsapp-e-facebook-ismael-colosi-vagas.jpg?ssl=1\" alt=\"\" \/><\/a><\/p>\n<!-- \/wp:image -->\n<\/div>\n<p> <br \/>\n<\/p>\n<div data-td-block-uid=\"tdi_95\">\n<div class=\"tdb-block-inner td-fix-index\">\n<p>O <strong>Comercial empatou em 2 a 2 com a Inter de Limeira na noite desta segunda-feira (11)<\/strong>, em partida v\u00e1lida pela 9\u00aa rodada da Copa Paulista. O confronto foi disputado no Est\u00e1dio Santa Cruz, em <strong>Ribeir\u00e3o Preto.<\/strong><\/p>\n<p>A <strong>Inter saiu na frente com gol do atacante Thomaz<\/strong>, camisa 9. Aos 40 minutos do primeiro tempo, <strong>Alex Silv\u00e9rio marcou para o Bafo <\/strong>e deixou tudo igual no placar.<\/p>\n<p>No segundo tempo, Thomaz marcou seu segundo gol na partida e colocou a Inter em vantagem novamente. <\/p>\n<p>Felipe Rodrigues descontou pelo lado do Bafo e igualou o placar.<\/p>\n<p>Com o resultado, o Comercial manteve a lideran\u00e7a do Grupo 2 e j\u00e1 est\u00e1 classificado para a fase de mata-mata da competi\u00e7\u00e3o.<\/p>\n<h3 class=\"wp-block-heading\"><strong>Pr\u00f3ximos jogos<\/strong><\/h3>\n<p>Na \u00faltima rodada da primeira fase, o <strong>Le\u00e3o volta a campo no pr\u00f3ximo sexta-feira (16)<\/strong>, contra o Uni\u00e3o S\u00e3o Jo\u00e3o, em Araras. J\u00e1 a <strong>Inter de Limeira recebe a Itapirense<\/strong>, tamb\u00e9m no dia 16. <strong>Todos os jogos da rodada decisiva est\u00e3o marcados para as 15h.<\/strong><\/p>\n<hr class=\"wp-block-separator has-alpha-channel-opacity\"\/>\n<p>SAIBA MAIS<br \/>Casal de Ribeir\u00e3o Preto morre em grave acidente no Mato Grosso do Sul<\/p>\n<h3 class=\"wp-block-heading\"><strong>FIQUE ON\u00a0\u00a0\u00a0\u00a0\u00a0\u00a0\u00a0\u00a0\u00a0<\/strong><\/h3>\n<p>Quer ficar por dentro de tudo que acontece em Ribeir\u00e3o Preto e regi\u00e3o? Ent\u00e3o siga os perfis do\u202facidade on\u202fno\u202f<a href=\"https:\/\/www.instagram.com\/acidadeonribeirao\" target=\"_blank\" rel=\"noreferrer noopener\">Instagram<\/a>\u202fe no\u202f<a href=\"https:\/\/www.facebook.com\/acidadeonribeirao\/\" target=\"_blank\" rel=\"noreferrer noopener\">Facebook<\/a>.<\/p>\n<p>Al\u00e9m disso, voc\u00ea pode receber as principais not\u00edcias diretamente no WhatsApp. Para isso, basta\u00a0<a href=\"https:\/\/chat.whatsapp.com\/BjKQZ9oJwlz8VVT50NuePq\" target=\"_blank\" rel=\"noreferrer noopener\">entrar no grupo clicando aqui<\/a>.<\/p>\n<p>Por fim, se quiser fazer uma den\u00fancia ou sugerir uma reportagem sobre Ribeir\u00e3o Preto e regi\u00e3o, envie uma mensagem pelo WhatsApp: (16) 99117-7802.<\/p>\n<p>VEJA TAMB\u00c9M<br \/>Rainbow Six Siege X ter\u00e1 campeonato multiplataforma<\/p>\n<p><!-- AI CONTENT END 1 -->\n<\/div>\n<\/div>\n<p><script async src=\"\/\/www.instagram.com\/embed.js\"><\/script><br \/>\n<br \/><br \/>\n<br \/><a href=\"https:\/\/www.acidadeon.com\/ribeiraopreto\/esportes\/ja-classificado-comercial-empata-com-a-inter-de-limeira-na-copa-paulista\/\">Source link <\/a><\/p>\n<!-- CONTENT END 1 -->\n","protected":false},"excerpt":{"rendered":"<p>O Comercial empatou em 2 a 2 com a Inter de Limeira na noite desta segunda-feira (11), em partida v\u00e1lida pela 9\u00aa rodada da Copa&#8230;<\/p>\n","protected":false},"author":1,"featured_media":75581,"comment_status":"open","ping_status":"open","sticky":false,"template":"","format":"standard","meta":{"advanced_seo_description":"","jetpack_seo_html_title":"","jetpack_seo_noindex":false,"jetpack_post_was_ever_published":false,"_jetpack_newsletter_access":"","_jetpack_dont_email_post_to_subs":false,"_jetpack_newsletter_tier_id":0,"_jetpack_memberships_contains_paywalled_content":false,"_jetpack_memberships_contains_paid_content":false,"footnotes":"","jetpack_publicize_message":"","jetpack_publicize_feature_enabled":true,"jetpack_social_post_already_shared":true,"jetpack_social_options":{"image_generator_settings":{"template":"highway","default_image_id":0,"font":"","enabled":false},"version":2}},"categories":[11],"tags":[],"class_list":["post-75580","post","type-post","status-publish","format-standard","has-post-thumbnail","hentry","category-noticias-de-ribeirao-preto-sp-e-regiao-ismael-colosi"],"jetpack_publicize_connections":[],"jetpack_featured_media_url":"https:\/\/i0.wp.com\/noticiasribeiraopreto.com.br\/wp-content\/uploads\/2025\/08\/44a29cca-0a52-4fe9-8215-95e7f4511ebf_2025-08-12_01-11-19.webp.webp?fit=1200%2C801&ssl=1","jetpack-related-posts":[{"id":75578,"url":"https:\/\/noticiasribeiraopreto.com.br\/index.php\/2025\/08\/11\/comercial-empata-com-inter-de-limeira-no-santa-cruz\/","url_meta":{"origin":75580,"position":0},"title":"Comercial empata com Inter de Limeira no Santa Cruz","author":"noticiasribeiraopreto.com.br","date":"11 de August de 2025","format":false,"excerpt":"Bafo est\u00e1 a um empate de confirmar lideran\u00e7a do Grupo 2 da Copa Paulista 11 de agosto de 2025 22:131 Compartilhar0 Por Hugo Luque O palco n\u00e3o foi o usual, mas a garra do Comercial foi a de costume nesta edi\u00e7\u00e3o da Copa Paulista. Ap\u00f3s ficar duas vezes atr\u00e1s da\u2026","rel":"","context":"In &quot;Not\u00edcias de Ribeir\u00e3o Preto-SP e Regi\u00e3o&quot;","block_context":{"text":"Not\u00edcias de Ribeir\u00e3o Preto-SP e Regi\u00e3o","link":"https:\/\/noticiasribeiraopreto.com.br\/index.php\/category\/noticias-de-ribeirao-preto-sp-e-regiao-ismael-colosi\/"},"img":{"alt_text":"","src":"https:\/\/i0.wp.com\/noticiasribeiraopreto.com.br\/wp-content\/uploads\/2025\/08\/1-Comercial-x-Inter-de-Limeira-Raul-Ramos-scaled.jpg?fit=1170%2C780&ssl=1&resize=350%2C200","width":350,"height":200,"srcset":"https:\/\/i0.wp.com\/noticiasribeiraopreto.com.br\/wp-content\/uploads\/2025\/08\/1-Comercial-x-Inter-de-Limeira-Raul-Ramos-scaled.jpg?fit=1170%2C780&ssl=1&resize=350%2C200 1x, https:\/\/i0.wp.com\/noticiasribeiraopreto.com.br\/wp-content\/uploads\/2025\/08\/1-Comercial-x-Inter-de-Limeira-Raul-Ramos-scaled.jpg?fit=1170%2C780&ssl=1&resize=525%2C300 1.5x, https:\/\/i0.wp.com\/noticiasribeiraopreto.com.br\/wp-content\/uploads\/2025\/08\/1-Comercial-x-Inter-de-Limeira-Raul-Ramos-scaled.jpg?fit=1170%2C780&ssl=1&resize=700%2C400 2x, https:\/\/i0.wp.com\/noticiasribeiraopreto.com.br\/wp-content\/uploads\/2025\/08\/1-Comercial-x-Inter-de-Limeira-Raul-Ramos-scaled.jpg?fit=1170%2C780&ssl=1&resize=1050%2C600 3x"},"classes":[]},{"id":76661,"url":"https:\/\/noticiasribeiraopreto.com.br\/index.php\/2025\/09\/02\/comercial-bate-inter-de-limeira-nos-penaltis-e-avanca-na-copa-paulista\/","url_meta":{"origin":75580,"position":1},"title":"Comercial bate Inter de Limeira nos p\u00eanaltis e avan\u00e7a na Copa Paulista","author":"noticiasribeiraopreto.com.br","date":"2 de September de 2025","format":false,"excerpt":"Le\u00e3o do Norte enfrenta S\u00e3o Jos\u00e9 na pr\u00f3xima fase 2 de setembro de 2025 22:251 Compartilhar0 Por Hugo Luque O Comercial fez a li\u00e7\u00e3o de casa, bateu a Inter de Limeira por 1 a 0 e avan\u00e7ou na Copa Paulista ap\u00f3s triunfar nos p\u00eanaltis, no Est\u00e1dio Palma Travassos, nesta ter\u00e7a-feira\u2026","rel":"","context":"In &quot;Not\u00edcias de Ribeir\u00e3o Preto-SP e Regi\u00e3o&quot;","block_context":{"text":"Not\u00edcias de Ribeir\u00e3o Preto-SP e Regi\u00e3o","link":"https:\/\/noticiasribeiraopreto.com.br\/index.php\/category\/noticias-de-ribeirao-preto-sp-e-regiao-ismael-colosi\/"},"img":{"alt_text":"","src":"https:\/\/i0.wp.com\/noticiasribeiraopreto.com.br\/wp-content\/uploads\/2025\/09\/Comercial-x-Inter-de-Limeira-oitavas-Raul-Ramos-scaled.jpg?fit=1200%2C800&ssl=1&resize=350%2C200","width":350,"height":200,"srcset":"https:\/\/i0.wp.com\/noticiasribeiraopreto.com.br\/wp-content\/uploads\/2025\/09\/Comercial-x-Inter-de-Limeira-oitavas-Raul-Ramos-scaled.jpg?fit=1200%2C800&ssl=1&resize=350%2C200 1x, https:\/\/i0.wp.com\/noticiasribeiraopreto.com.br\/wp-content\/uploads\/2025\/09\/Comercial-x-Inter-de-Limeira-oitavas-Raul-Ramos-scaled.jpg?fit=1200%2C800&ssl=1&resize=525%2C300 1.5x, https:\/\/i0.wp.com\/noticiasribeiraopreto.com.br\/wp-content\/uploads\/2025\/09\/Comercial-x-Inter-de-Limeira-oitavas-Raul-Ramos-scaled.jpg?fit=1200%2C800&ssl=1&resize=700%2C400 2x, https:\/\/i0.wp.com\/noticiasribeiraopreto.com.br\/wp-content\/uploads\/2025\/09\/Comercial-x-Inter-de-Limeira-oitavas-Raul-Ramos-scaled.jpg?fit=1200%2C800&ssl=1&resize=1050%2C600 3x"},"classes":[]},{"id":73735,"url":"https:\/\/noticiasribeiraopreto.com.br\/index.php\/2025\/07\/08\/comercial-empata-com-inter-de-limeira\/","url_meta":{"origin":75580,"position":2},"title":"Comercial empata com Inter de Limeira","author":"noticiasribeiraopreto.com.br","date":"8 de July de 2025","format":false,"excerpt":"Bafo sofre primeiros gols e perde 100% na Copa Paulista, mas mant\u00e9m ponta e invencibilidade 8 de julho de 2025 21:152 Compartilhar0 Por Hugo Luque O Comercial empatou em 2 a 2 com a Inter de Limeira na noite desta ter\u00e7a-feira (8), no Est\u00e1dio Major Jos\u00e9 Levy Sobrinho, pela quarta\u2026","rel":"","context":"In &quot;Not\u00edcias de Ribeir\u00e3o Preto-SP e Regi\u00e3o&quot;","block_context":{"text":"Not\u00edcias de Ribeir\u00e3o Preto-SP e Regi\u00e3o","link":"https:\/\/noticiasribeiraopreto.com.br\/index.php\/category\/noticias-de-ribeirao-preto-sp-e-regiao-ismael-colosi\/"},"img":{"alt_text":"","src":"https:\/\/i0.wp.com\/noticiasribeiraopreto.com.br\/wp-content\/uploads\/2025\/07\/Inter-de-Limeira-x-Comercial-Barbara-Pires_Comercial-FC-scaled.jpg?fit=1200%2C800&ssl=1&resize=350%2C200","width":350,"height":200,"srcset":"https:\/\/i0.wp.com\/noticiasribeiraopreto.com.br\/wp-content\/uploads\/2025\/07\/Inter-de-Limeira-x-Comercial-Barbara-Pires_Comercial-FC-scaled.jpg?fit=1200%2C800&ssl=1&resize=350%2C200 1x, https:\/\/i0.wp.com\/noticiasribeiraopreto.com.br\/wp-content\/uploads\/2025\/07\/Inter-de-Limeira-x-Comercial-Barbara-Pires_Comercial-FC-scaled.jpg?fit=1200%2C800&ssl=1&resize=525%2C300 1.5x, https:\/\/i0.wp.com\/noticiasribeiraopreto.com.br\/wp-content\/uploads\/2025\/07\/Inter-de-Limeira-x-Comercial-Barbara-Pires_Comercial-FC-scaled.jpg?fit=1200%2C800&ssl=1&resize=700%2C400 2x, https:\/\/i0.wp.com\/noticiasribeiraopreto.com.br\/wp-content\/uploads\/2025\/07\/Inter-de-Limeira-x-Comercial-Barbara-Pires_Comercial-FC-scaled.jpg?fit=1200%2C800&ssl=1&resize=1050%2C600 3x"},"classes":[]},{"id":75534,"url":"https:\/\/noticiasribeiraopreto.com.br\/index.php\/2025\/08\/11\/em-grande-fase-comercial-recebe-inter-de-limeira-no-santa-cruz\/","url_meta":{"origin":75580,"position":3},"title":"Em grande fase, Comercial recebe Inter de Limeira no Santa Cruz","author":"noticiasribeiraopreto.com.br","date":"11 de August de 2025","format":false,"excerpt":"11 de agosto de 2025 08:0010 de agosto de 2025 00:1110 Compartilhar0 Classificado, Le\u00e3o do Norte busca garantir lideran\u00e7a do Grupo 2 Por Hugo Luque Em excelente fase na Copa Paulista, o Comercial recebe a Inter de Limeira nesta segunda-feira (11), \u00e0s 20h, no Est\u00e1dio Santa Cruz\/Arena Nicnet, pela nona\u2026","rel":"","context":"In &quot;Not\u00edcias de Ribeir\u00e3o Preto-SP e Regi\u00e3o&quot;","block_context":{"text":"Not\u00edcias de Ribeir\u00e3o Preto-SP e Regi\u00e3o","link":"https:\/\/noticiasribeiraopreto.com.br\/index.php\/category\/noticias-de-ribeirao-preto-sp-e-regiao-ismael-colosi\/"},"img":{"alt_text":"","src":"https:\/\/i0.wp.com\/noticiasribeiraopreto.com.br\/wp-content\/uploads\/2025\/08\/2si-Comercial-Foto-01-Barbara-Pires_Comercial-FC.jpg?fit=800%2C533&ssl=1&resize=350%2C200","width":350,"height":200,"srcset":"https:\/\/i0.wp.com\/noticiasribeiraopreto.com.br\/wp-content\/uploads\/2025\/08\/2si-Comercial-Foto-01-Barbara-Pires_Comercial-FC.jpg?fit=800%2C533&ssl=1&resize=350%2C200 1x, https:\/\/i0.wp.com\/noticiasribeiraopreto.com.br\/wp-content\/uploads\/2025\/08\/2si-Comercial-Foto-01-Barbara-Pires_Comercial-FC.jpg?fit=800%2C533&ssl=1&resize=525%2C300 1.5x, https:\/\/i0.wp.com\/noticiasribeiraopreto.com.br\/wp-content\/uploads\/2025\/08\/2si-Comercial-Foto-01-Barbara-Pires_Comercial-FC.jpg?fit=800%2C533&ssl=1&resize=700%2C400 2x"},"classes":[]},{"id":73715,"url":"https:\/\/noticiasribeiraopreto.com.br\/index.php\/2025\/07\/08\/comercial-visita-inter-de-limeira-pela-copa-paulista\/","url_meta":{"origin":75580,"position":4},"title":"Comercial visita Inter de Limeira pela Copa Paulista","author":"noticiasribeiraopreto.com.br","date":"8 de July de 2025","format":false,"excerpt":"8 de julho de 2025 13:008 de julho de 2025 11:2516 Compartilhar0 Por Hugo Luque O Comercial encara a Inter de Limeira nesta ter\u00e7a-feira (8), \u00e0s 19h, no Est\u00e1dio Major Jos\u00e9 Levy Sobrinho, pela quarta rodada do Grupo 2 da Copa Paulista. Em grande fase, o Le\u00e3o do Norte busca\u2026","rel":"","context":"In &quot;Not\u00edcias de Ribeir\u00e3o Preto-SP e Regi\u00e3o&quot;","block_context":{"text":"Not\u00edcias de Ribeir\u00e3o Preto-SP e Regi\u00e3o","link":"https:\/\/noticiasribeiraopreto.com.br\/index.php\/category\/noticias-de-ribeirao-preto-sp-e-regiao-ismael-colosi\/"},"img":{"alt_text":"","src":"https:\/\/i0.wp.com\/noticiasribeiraopreto.com.br\/wp-content\/uploads\/2025\/07\/1-Comercial-x-Botafogo-Raul-Ramos-3.jpg?fit=799%2C533&ssl=1&resize=350%2C200","width":350,"height":200,"srcset":"https:\/\/i0.wp.com\/noticiasribeiraopreto.com.br\/wp-content\/uploads\/2025\/07\/1-Comercial-x-Botafogo-Raul-Ramos-3.jpg?fit=799%2C533&ssl=1&resize=350%2C200 1x, https:\/\/i0.wp.com\/noticiasribeiraopreto.com.br\/wp-content\/uploads\/2025\/07\/1-Comercial-x-Botafogo-Raul-Ramos-3.jpg?fit=799%2C533&ssl=1&resize=525%2C300 1.5x, https:\/\/i0.wp.com\/noticiasribeiraopreto.com.br\/wp-content\/uploads\/2025\/07\/1-Comercial-x-Botafogo-Raul-Ramos-3.jpg?fit=799%2C533&ssl=1&resize=700%2C400 2x"},"classes":[]},{"id":76321,"url":"https:\/\/noticiasribeiraopreto.com.br\/index.php\/2025\/08\/26\/comercial-leva-gol-no-final-e-perde-para-inter-de-limeira\/","url_meta":{"origin":75580,"position":5},"title":"Comercial leva gol no final e perde para Inter de Limeira","author":"noticiasribeiraopreto.com.br","date":"26 de August de 2025","format":false,"excerpt":"Bafo precisa vencer no Palma Travassos para se manter vivo na Copa Paulista 26 de agosto de 2025 17:2526 de agosto de 2025 17:253 Compartilhar1 Por Hugo Luque O Comercial quase deixou o Est\u00e1dio Major Jos\u00e9 Levy Sobrinho com um empate nesta ter\u00e7a-feira (26). Quase porque, nos instantes finais, a\u2026","rel":"","context":"In &quot;Not\u00edcias de Ribeir\u00e3o Preto-SP e Regi\u00e3o&quot;","block_context":{"text":"Not\u00edcias de Ribeir\u00e3o Preto-SP e Regi\u00e3o","link":"https:\/\/noticiasribeiraopreto.com.br\/index.php\/category\/noticias-de-ribeirao-preto-sp-e-regiao-ismael-colosi\/"},"img":{"alt_text":"","src":"https:\/\/i0.wp.com\/noticiasribeiraopreto.com.br\/wp-content\/uploads\/2025\/08\/Inter-de-Limeira-x-Comercial-oitavas-Barbara-Pires_Comercial-FC-scaled.jpg?fit=1170%2C780&ssl=1&resize=350%2C200","width":350,"height":200,"srcset":"https:\/\/i0.wp.com\/noticiasribeiraopreto.com.br\/wp-content\/uploads\/2025\/08\/Inter-de-Limeira-x-Comercial-oitavas-Barbara-Pires_Comercial-FC-scaled.jpg?fit=1170%2C780&ssl=1&resize=350%2C200 1x, https:\/\/i0.wp.com\/noticiasribeiraopreto.com.br\/wp-content\/uploads\/2025\/08\/Inter-de-Limeira-x-Comercial-oitavas-Barbara-Pires_Comercial-FC-scaled.jpg?fit=1170%2C780&ssl=1&resize=525%2C300 1.5x, https:\/\/i0.wp.com\/noticiasribeiraopreto.com.br\/wp-content\/uploads\/2025\/08\/Inter-de-Limeira-x-Comercial-oitavas-Barbara-Pires_Comercial-FC-scaled.jpg?fit=1170%2C780&ssl=1&resize=700%2C400 2x, https:\/\/i0.wp.com\/noticiasribeiraopreto.com.br\/wp-content\/uploads\/2025\/08\/Inter-de-Limeira-x-Comercial-oitavas-Barbara-Pires_Comercial-FC-scaled.jpg?fit=1170%2C780&ssl=1&resize=1050%2C600 3x"},"classes":[]}],"jetpack_sharing_enabled":true,"jetpack_shortlink":"https:\/\/wp.me\/peQAOb-jF2","_links":{"self":[{"href":"https:\/\/noticiasribeiraopreto.com.br\/index.php\/wp-json\/wp\/v2\/posts\/75580","targetHints":{"allow":["GET"]}}],"collection":[{"href":"https:\/\/noticiasribeiraopreto.com.br\/index.php\/wp-json\/wp\/v2\/posts"}],"about":[{"href":"https:\/\/noticiasribeiraopreto.com.br\/index.php\/wp-json\/wp\/v2\/types\/post"}],"author":[{"embeddable":true,"href":"https:\/\/noticiasribeiraopreto.com.br\/index.php\/wp-json\/wp\/v2\/users\/1"}],"replies":[{"embeddable":true,"href":"https:\/\/noticiasribeiraopreto.com.br\/index.php\/wp-json\/wp\/v2\/comments?post=75580"}],"version-history":[{"count":0,"href":"https:\/\/noticiasribeiraopreto.com.br\/index.php\/wp-json\/wp\/v2\/posts\/75580\/revisions"}],"wp:featuredmedia":[{"embeddable":true,"href":"https:\/\/noticiasribeiraopreto.com.br\/index.php\/wp-json\/wp\/v2\/media\/75581"}],"wp:attachment":[{"href":"https:\/\/noticiasribeiraopreto.com.br\/index.php\/wp-json\/wp\/v2\/media?parent=75580"}],"wp:term":[{"taxonomy":"category","embeddable":true,"href":"https:\/\/noticiasribeiraopreto.com.br\/index.php\/wp-json\/wp\/v2\/categories?post=75580"},{"taxonomy":"post_tag","embeddable":true,"href":"https:\/\/noticiasribeiraopreto.com.br\/index.php\/wp-json\/wp\/v2\/tags?post=75580"}],"curies":[{"name":"wp","href":"https:\/\/api.w.org\/{rel}","templated":true}]}}