{"id":75583,"date":"2025-08-12T08:14:59","date_gmt":"2025-08-12T11:14:59","guid":{"rendered":"https:\/\/noticiasribeiraopreto.com.br\/index.php\/2025\/08\/12\/temperatura-vai-continuar-baixa-tribuna-ribeirao\/"},"modified":"2025-08-12T08:14:59","modified_gmt":"2025-08-12T11:14:59","slug":"temperatura-vai-continuar-baixa-tribuna-ribeirao","status":"publish","type":"post","link":"https:\/\/noticiasribeiraopreto.com.br\/index.php\/2025\/08\/12\/temperatura-vai-continuar-baixa-tribuna-ribeirao\/","title":{"rendered":"Temperatura vai continuar baixa &#8211; Tribuna Ribeir\u00e3o"},"content":{"rendered":"<div class='code-block code-block-1' style='margin: 8px 0 8px auto; text-align: right; display: block; clear: both;'>\n<p><a href=\"https:\/\/wa.link\/vpicfd\"><img data-recalc-dims=\"1\" class=\"wp-image-4922\" style=\"aspect-ratio: 2.0253164556962027; width: 561px; height: auto;\" src=\"https:\/\/i0.wp.com\/ismaelcolosi.com.br\/wp-content\/uploads\/2023\/11\/grupo-de-empregos-whatsapp-e-facebook-ismael-colosi-vagas.jpg?ssl=1\" alt=\"\" \/><\/a><\/p>\n<!-- \/wp:image -->\n<\/div>\n<p> <br \/>\n<\/p>\n<div>\n<p><span data-contrast=\"auto\">A forte massa de ar polar continental que sucedeu a frente fria da semana passada, associada a um ciclone extratropical, trouxe mudan\u00e7as clim\u00e1ticas para o Sudeste e segue derrubando as temperaturas. \u00c9 a quinta onda de frio intenso do ano. A baixa umidade relativa do ar preocupa.<\/span><\/p>\n<p><span data-contrast=\"auto\">Na madrugada de domingo, 10 de agosto, os term\u00f4metros marcaram cinco graus Celsius em Ribeir\u00e3o Preto, a temperatura mais baixa desde 25 de junho, quando chegou a 4\u00baC. Nesta segunda-feira (11), marcou 8\u00baC. Meteorologistas dizem que a friaca prossegue e as manh\u00e3s v\u00e3o continuar geladas nos pr\u00f3ximos dias. <\/span><\/p>\n<p><span data-contrast=\"auto\">Segundo a Climatempo, a temperatura m\u00ednima deve oscilar de 9\u00baC a 13 graus Celsius entre esta ter\u00e7a (12) e quinta-feira, 14 de agosto. O aplicativo de celular The Weather Channel diz que n\u00e3o deve passar de 11\u00baC no mesmo per\u00edodo. A m\u00e1xima deve atingir 25\u00baC hoje e na quarta-feira (14), subindo a 29 no dia seguinte, a 30\u00baC na quinta e na sexta (15), a 31\u00baC no s\u00e1bado (16) e a 32\u00baC no domingo (17).<\/span><\/p>\n<p><span data-contrast=\"auto\">O ribeir\u00e3o-pretano j\u00e1 tirou cobertor e edredom, agasalho, cachecol, gorro, luva e meia de l\u00e3 do arm\u00e1rio. A previs\u00e3o da Cimatempo indica temperatura m\u00ednima de 9\u00baC hoje, 11 graus amanh\u00e3, 13\u00baC na quinta e na sexta, 16\u00baC no s\u00e1bado e 19 \u00baC no domingo. <\/span><\/p>\n<p><span data-contrast=\"auto\">O <\/span><span data-contrast=\"none\">cen\u00e1rio pode mudar de uma hora para outra, de acordo com as informa\u00e7\u00f5es que chegam via sat\u00e9lite. Os <\/span><span data-contrast=\"auto\">dados da Climatempo foram atualizados \u00e0s 18 horas de ontem. A temperatura m\u00e9dia para agosto \u00e9 de 28\u00baC. N\u00e3o h\u00e1 previs\u00e3o de chuva para os pr\u00f3ximos dias. A m\u00e9dia para o m\u00eas \u00e9 de 19 mil\u00edmetros e, at\u00e9 agora, choveu dois mm, 10,53% do total estimado.<\/span><\/p>\n<p><span data-contrast=\"auto\">Depois da chuvarada de junho \u2013 previs\u00e3o era de 28 mm, mas chegou a 58 mm, 107% acima \u2013 choveu apenas cinco mil\u00edmetros em julho, em menos de 24 horas, no dia 28, cerca de 25% do total estimado para o m\u00eas, de 20 mm. Em 25 de junho, os term\u00f4metros marcaram 4 graus Celsius \u00e0s seis horas, mas com sensa\u00e7\u00e3o t\u00e9rmica de 2\u00baC.<\/span><\/p>\n<p><span data-contrast=\"auto\">O frio intenso aumenta o risco para a sa\u00fade da popula\u00e7\u00e3o vulner\u00e1vel, especialmente pessoas em situa\u00e7\u00e3o de rua, crian\u00e7as, idosos e pessoas com doen\u00e7as cr\u00f4nicas. O inverno teve in\u00edcio \u00e0s 23h42 de 20 de junho e vai at\u00e9 22 de setembro, quando chega a primavera. A temperatura de 4\u00baC \u00e9 a mais baixa do ano at\u00e9 agora e uma das menores j\u00e1 registradas na cidade. <\/span><\/p>\n<p><span data-contrast=\"auto\">O recorde anterior pertencia a 20 de maio de 2022, quando a esta\u00e7\u00e3o da <\/span><span data-contrast=\"none\">Rede de Meteorologia do Comando da Aeron\u00e1utica (Redemet), no Aeroporto Estadual Doutor Leite Lopes, na Zona Norte de Ribeir\u00e3o Preto, registrou 5\u00baC \u00e0s seis horas<\/span><span data-contrast=\"auto\">.\u00a0 <\/span><\/p>\n<p><span data-contrast=\"auto\">O m\u00eas de agosto ser\u00e1 marcado por neutralidade na regi\u00e3o do Oceano Pac\u00edfico, ou seja, n\u00e3o h\u00e1 influ\u00eancia de El Ni\u00f1o ou La Ni\u00f1a. Assim, a tend\u00eancia \u00e9 de que as chuvas avancem al\u00e9m do Sul do Brasil, situa\u00e7\u00e3o diferente da registrada em julho.<\/span><\/p>\n<p><span data-contrast=\"auto\">A baixa umidade relativa do ar preocupa e pode atingir n\u00edvel cr\u00edtico em diversas cidades do estado de S\u00e3o Paulo. Em Ribeir\u00e3o Preto, deve permanecer abaixo de 40% na maioria dos pr\u00f3ximos dias, mas com possibilidade de atingir 27% hoje, 22% na quarta e 19% na quinta-feira, estado de alerta. Na sexta chega a 35%, a 30% no s\u00e1bado e volta a cair a 25% no domingo, indica a Climatempo<\/span><\/p>\n<p><span data-contrast=\"auto\">Segundo a Defesa Civil do Estado de S\u00e3o Paulo, em alguns per\u00edodos, independentemente do dia, os n\u00edveis podem ficar abaixo dos 20% \u2013 \u00edndice considerado cr\u00edtico pela Organiza\u00e7\u00e3o Mundial da Sa\u00fade (OMS) \u2013 devido \u00e0 estiagem t\u00edpica desta \u00e9poca do ano. <\/span><\/p>\n<p><span data-contrast=\"none\">De acordo com a Organiza\u00e7\u00e3o Mundial de Sa\u00fade, quando a umidade relativa do ar fica abaixo de 30% o munic\u00edpio entra em estado de aten\u00e7\u00e3o. Quando o \u00edndice \u00e9 inferior a 20% a situa\u00e7\u00e3o \u00e9 de alerta. Abaixo de 12% j\u00e1 \u00e9 considerado caso de emerg\u00eancia.<\/span><\/p>\n<p><span data-contrast=\"auto\">A Defesa Civil Estadual estendeu o alerta de risco elevado para inc\u00eandios para todos os munic\u00edpios paulistas. Os 4 graus do dia 25 de junho estavam 21\u00baC abaixo da m\u00e9dia de junho, que \u00e9 de 27 graus. O <\/span><span data-contrast=\"none\">cen\u00e1rio pode mudar de uma hora para outra, de acordo com as informa\u00e7\u00f5es que chegam via sat\u00e9lite. <\/span><\/p>\n<p><span data-contrast=\"auto\">Max Gall\u00e3o Mesquita<\/span><br \/><i><span data-contrast=\"auto\">Na madrugada de domingo, 10 de agosto, os term\u00f4metros marcaram cinco graus Celsius em Ribeir\u00e3o Preto, a temperatura mais baixa desde 25 de junho<\/span><\/i><span data-ccp-props=\"{}\">\u00a0<\/span><\/p>\n<\/div>\n<p><br \/>\n<br \/><a href=\"https:\/\/www.tribunaribeirao.com.br\/temperatura-vai-continuar-baixa\/\">Source link <\/a><\/p>\n<!-- CONTENT END 1 -->\n","protected":false},"excerpt":{"rendered":"<p>A forte massa de ar polar continental que sucedeu a frente fria da semana passada, associada a um ciclone extratropical, trouxe mudan\u00e7as clim\u00e1ticas para o&#8230;<\/p>\n","protected":false},"author":1,"featured_media":75584,"comment_status":"open","ping_status":"open","sticky":false,"template":"","format":"standard","meta":{"advanced_seo_description":"","jetpack_seo_html_title":"","jetpack_seo_noindex":false,"jetpack_post_was_ever_published":false,"_jetpack_newsletter_access":"","_jetpack_dont_email_post_to_subs":false,"_jetpack_newsletter_tier_id":0,"_jetpack_memberships_contains_paywalled_content":false,"_jetpack_memberships_contains_paid_content":false,"footnotes":"","jetpack_publicize_message":"","jetpack_publicize_feature_enabled":true,"jetpack_social_post_already_shared":true,"jetpack_social_options":{"image_generator_settings":{"template":"highway","default_image_id":0,"font":"","enabled":false},"version":2}},"categories":[11],"tags":[],"class_list":["post-75583","post","type-post","status-publish","format-standard","has-post-thumbnail","hentry","category-noticias-de-ribeirao-preto-sp-e-regiao-ismael-colosi"],"jetpack_publicize_connections":[],"jetpack_featured_media_url":"https:\/\/i0.wp.com\/noticiasribeiraopreto.com.br\/wp-content\/uploads\/2025\/08\/chuva-scaled.jpeg?fit=1170%2C780&ssl=1","jetpack-related-posts":[{"id":75356,"url":"https:\/\/noticiasribeiraopreto.com.br\/index.php\/2025\/08\/07\/nova-frente-fria-deve-derrubar-temperatura\/","url_meta":{"origin":75583,"position":0},"title":"Nova frente fria deve derrubar temperatura","author":"noticiasribeiraopreto.com.br","date":"7 de August de 2025","format":false,"excerpt":"Uma nova frente fria, associada a um ciclone extratropical, vai trazer mudan\u00e7as clim\u00e1ticas para o Sul e parte do Sudeste do Brasil. Depois, uma forte massa de ar polar continental avan\u00e7ar\u00e1 sobre o pa\u00eds, derrubando as temperaturas no Sul, Sudeste, Centro-Oeste e causando friagem em parte do Norte. Ser\u00e1 a\u2026","rel":"","context":"In &quot;Not\u00edcias de Ribeir\u00e3o Preto-SP e Regi\u00e3o&quot;","block_context":{"text":"Not\u00edcias de Ribeir\u00e3o Preto-SP e Regi\u00e3o","link":"https:\/\/noticiasribeiraopreto.com.br\/index.php\/category\/noticias-de-ribeirao-preto-sp-e-regiao-ismael-colosi\/"},"img":{"alt_text":"","src":"https:\/\/i0.wp.com\/noticiasribeiraopreto.com.br\/wp-content\/uploads\/2025\/08\/ChuvaRP-Alfredo-Risk-Aquivo-scaled.jpg?fit=1170%2C780&ssl=1&resize=350%2C200","width":350,"height":200,"srcset":"https:\/\/i0.wp.com\/noticiasribeiraopreto.com.br\/wp-content\/uploads\/2025\/08\/ChuvaRP-Alfredo-Risk-Aquivo-scaled.jpg?fit=1170%2C780&ssl=1&resize=350%2C200 1x, https:\/\/i0.wp.com\/noticiasribeiraopreto.com.br\/wp-content\/uploads\/2025\/08\/ChuvaRP-Alfredo-Risk-Aquivo-scaled.jpg?fit=1170%2C780&ssl=1&resize=525%2C300 1.5x, https:\/\/i0.wp.com\/noticiasribeiraopreto.com.br\/wp-content\/uploads\/2025\/08\/ChuvaRP-Alfredo-Risk-Aquivo-scaled.jpg?fit=1170%2C780&ssl=1&resize=700%2C400 2x, https:\/\/i0.wp.com\/noticiasribeiraopreto.com.br\/wp-content\/uploads\/2025\/08\/ChuvaRP-Alfredo-Risk-Aquivo-scaled.jpg?fit=1170%2C780&ssl=1&resize=1050%2C600 3x"},"classes":[]},{"id":71784,"url":"https:\/\/noticiasribeiraopreto.com.br\/index.php\/2025\/06\/10\/temperatura-deve-cair-nesta-semana\/","url_meta":{"origin":75583,"position":1},"title":"Temperatura deve cair nesta semana","author":"noticiasribeiraopreto.com.br","date":"10 de June de 2025","format":false,"excerpt":"A semana em Ribeir\u00e3o Preto ter\u00e1 c\u00e9u azul, sol e temperaturas baixas para os padr\u00f5es da cidade devido \u00e0 chegada de nova onda de frio. Havia previs\u00e3o de chuva para esta segunda-feira, 9 de junho, de at\u00e9 14,5 mil\u00edmetros, e choveu de madrugada, mas n\u00e3o h\u00e1 previs\u00e3o\u00a0 at\u00e9 domingo (15),\u2026","rel":"","context":"In &quot;Not\u00edcias de Ribeir\u00e3o Preto-SP e Regi\u00e3o&quot;","block_context":{"text":"Not\u00edcias de Ribeir\u00e3o Preto-SP e Regi\u00e3o","link":"https:\/\/noticiasribeiraopreto.com.br\/index.php\/category\/noticias-de-ribeirao-preto-sp-e-regiao-ismael-colosi\/"},"img":{"alt_text":"","src":"https:\/\/i0.wp.com\/noticiasribeiraopreto.com.br\/wp-content\/uploads\/2025\/06\/ChuvaRP-Max-Gallao-Mesquita-scaled.jpg?fit=783%2C500&ssl=1&resize=350%2C200","width":350,"height":200,"srcset":"https:\/\/i0.wp.com\/noticiasribeiraopreto.com.br\/wp-content\/uploads\/2025\/06\/ChuvaRP-Max-Gallao-Mesquita-scaled.jpg?fit=783%2C500&ssl=1&resize=350%2C200 1x, https:\/\/i0.wp.com\/noticiasribeiraopreto.com.br\/wp-content\/uploads\/2025\/06\/ChuvaRP-Max-Gallao-Mesquita-scaled.jpg?fit=783%2C500&ssl=1&resize=525%2C300 1.5x, https:\/\/i0.wp.com\/noticiasribeiraopreto.com.br\/wp-content\/uploads\/2025\/06\/ChuvaRP-Max-Gallao-Mesquita-scaled.jpg?fit=783%2C500&ssl=1&resize=700%2C400 2x"},"classes":[]},{"id":75943,"url":"https:\/\/noticiasribeiraopreto.com.br\/index.php\/2025\/08\/19\/temperatura-sobe-e-umidade-cai-em-rp\/","url_meta":{"origin":75583,"position":2},"title":"Temperatura sobe e umidade cai em RP \u00a0","author":"noticiasribeiraopreto.com.br","date":"19 de August de 2025","format":false,"excerpt":"19 de agosto de 2025 08:0518 de agosto de 2025 23:179 Compartilhar0 Depois de cinco ondas de frio intenso, com os term\u00f4metros marcando menos de 10 graus Celsius em v\u00e1rios per\u00edodos deste inverno, a temperatura sobe nesta semana e deve ficar acima de 30\u00baC na maior parte dos dias em\u2026","rel":"","context":"In &quot;Not\u00edcias de Ribeir\u00e3o Preto-SP e Regi\u00e3o&quot;","block_context":{"text":"Not\u00edcias de Ribeir\u00e3o Preto-SP e Regi\u00e3o","link":"https:\/\/noticiasribeiraopreto.com.br\/index.php\/category\/noticias-de-ribeirao-preto-sp-e-regiao-ismael-colosi\/"},"img":{"alt_text":"","src":"https:\/\/i0.wp.com\/noticiasribeiraopreto.com.br\/wp-content\/uploads\/2025\/08\/ChuvaRP-Alfredo-Risk-scaled.jpg?fit=1200%2C623&ssl=1&resize=350%2C200","width":350,"height":200,"srcset":"https:\/\/i0.wp.com\/noticiasribeiraopreto.com.br\/wp-content\/uploads\/2025\/08\/ChuvaRP-Alfredo-Risk-scaled.jpg?fit=1200%2C623&ssl=1&resize=350%2C200 1x, https:\/\/i0.wp.com\/noticiasribeiraopreto.com.br\/wp-content\/uploads\/2025\/08\/ChuvaRP-Alfredo-Risk-scaled.jpg?fit=1200%2C623&ssl=1&resize=525%2C300 1.5x, https:\/\/i0.wp.com\/noticiasribeiraopreto.com.br\/wp-content\/uploads\/2025\/08\/ChuvaRP-Alfredo-Risk-scaled.jpg?fit=1200%2C623&ssl=1&resize=700%2C400 2x, https:\/\/i0.wp.com\/noticiasribeiraopreto.com.br\/wp-content\/uploads\/2025\/08\/ChuvaRP-Alfredo-Risk-scaled.jpg?fit=1200%2C623&ssl=1&resize=1050%2C600 3x"},"classes":[]},{"id":73155,"url":"https:\/\/noticiasribeiraopreto.com.br\/index.php\/2025\/06\/26\/temperatura-despenca-para-4-graus\/","url_meta":{"origin":75583,"position":3},"title":"Temperatura despenca para 4 graus","author":"noticiasribeiraopreto.com.br","date":"26 de June de 2025","format":false,"excerpt":"Ribeir\u00e3o Preto amanheceu gelada. Nesta quarta-feira, 25 de junho, os term\u00f4metros marcaram 4 graus Celsius \u00e0s seis horas, segundo a Climatempo, mas com sensa\u00e7\u00e3o t\u00e9rmica de 2\u00baC, de acordo com a medi\u00e7\u00e3o nos celulares dos ribeir\u00e3o-pretanos. Teve geada na \u00e1rea rural e em v\u00e1rias cidades da regi\u00e3o, como Batatais, Jaboticabal,\u2026","rel":"","context":"In &quot;Not\u00edcias de Ribeir\u00e3o Preto-SP e Regi\u00e3o&quot;","block_context":{"text":"Not\u00edcias de Ribeir\u00e3o Preto-SP e Regi\u00e3o","link":"https:\/\/noticiasribeiraopreto.com.br\/index.php\/category\/noticias-de-ribeirao-preto-sp-e-regiao-ismael-colosi\/"},"img":{"alt_text":"","src":"https:\/\/i0.wp.com\/noticiasribeiraopreto.com.br\/wp-content\/uploads\/2025\/06\/ChuvaRP-Pon-Alfredo-Risk-scaled.jpg?fit=1200%2C800&ssl=1&resize=350%2C200","width":350,"height":200,"srcset":"https:\/\/i0.wp.com\/noticiasribeiraopreto.com.br\/wp-content\/uploads\/2025\/06\/ChuvaRP-Pon-Alfredo-Risk-scaled.jpg?fit=1200%2C800&ssl=1&resize=350%2C200 1x, https:\/\/i0.wp.com\/noticiasribeiraopreto.com.br\/wp-content\/uploads\/2025\/06\/ChuvaRP-Pon-Alfredo-Risk-scaled.jpg?fit=1200%2C800&ssl=1&resize=525%2C300 1.5x, https:\/\/i0.wp.com\/noticiasribeiraopreto.com.br\/wp-content\/uploads\/2025\/06\/ChuvaRP-Pon-Alfredo-Risk-scaled.jpg?fit=1200%2C800&ssl=1&resize=700%2C400 2x, https:\/\/i0.wp.com\/noticiasribeiraopreto.com.br\/wp-content\/uploads\/2025\/06\/ChuvaRP-Pon-Alfredo-Risk-scaled.jpg?fit=1200%2C800&ssl=1&resize=1050%2C600 3x"},"classes":[]},{"id":73090,"url":"https:\/\/noticiasribeiraopreto.com.br\/index.php\/2025\/06\/25\/temperatura-despenca-a-4oc-em-rp\/","url_meta":{"origin":75583,"position":4},"title":"Temperatura despenca a 4\u00baC em RP","author":"noticiasribeiraopreto.com.br","date":"25 de June de 2025","format":false,"excerpt":"25 de junho de 2025 12:442 Compartilhar0 Ribeir\u00e3o Preto amanheceu gelada. Nesta quarta-feira, 25 de junho, os term\u00f4metros marcaram 4 graus Celsius \u00e0s seis horas, segundo a Climatempo, mas com sensa\u00e7\u00e3o t\u00e9rmica de 2\u00baC, de acordo com a medi\u00e7\u00e3o nos celulares dos ribeir\u00e3o-pretanos. Teve geada na \u00e1rea rural e em\u2026","rel":"","context":"In &quot;Not\u00edcias de Ribeir\u00e3o Preto-SP e Regi\u00e3o&quot;","block_context":{"text":"Not\u00edcias de Ribeir\u00e3o Preto-SP e Regi\u00e3o","link":"https:\/\/noticiasribeiraopreto.com.br\/index.php\/category\/noticias-de-ribeirao-preto-sp-e-regiao-ismael-colosi\/"},"img":{"alt_text":"","src":"https:\/\/i0.wp.com\/noticiasribeiraopreto.com.br\/wp-content\/uploads\/2025\/06\/frio-scaled.jpeg?fit=750%2C500&ssl=1&resize=350%2C200","width":350,"height":200,"srcset":"https:\/\/i0.wp.com\/noticiasribeiraopreto.com.br\/wp-content\/uploads\/2025\/06\/frio-scaled.jpeg?fit=750%2C500&ssl=1&resize=350%2C200 1x, https:\/\/i0.wp.com\/noticiasribeiraopreto.com.br\/wp-content\/uploads\/2025\/06\/frio-scaled.jpeg?fit=750%2C500&ssl=1&resize=525%2C300 1.5x, https:\/\/i0.wp.com\/noticiasribeiraopreto.com.br\/wp-content\/uploads\/2025\/06\/frio-scaled.jpeg?fit=750%2C500&ssl=1&resize=700%2C400 2x"},"classes":[]},{"id":39614,"url":"https:\/\/noticiasribeiraopreto.com.br\/index.php\/2024\/02\/27\/semana-sera-quente-em-rp\/","url_meta":{"origin":75583,"position":5},"title":"Semana ser\u00e1 quente em RP\u00a0","author":"noticiasribeiraopreto.com.br","date":"27 de February de 2024","format":false,"excerpt":"27 de fevereiro de 2024 | 11:0027 de fevereiro de 2024 | 9:36 0Ribeir\u00e3o Preto ainda pode ter pancadas de chuva no final das tardes, cen\u00e1rio t\u00edpico do ver\u00e3o, mas a previs\u00e3o do tempo para esta semana \u00e9 de muito calor, com a temperatura atingindo 37 graus Celsius \u2013 a\u2026","rel":"","context":"In &quot;Not\u00edcias de Ribeir\u00e3o Preto-SP e Regi\u00e3o&quot;","block_context":{"text":"Not\u00edcias de Ribeir\u00e3o Preto-SP e Regi\u00e3o","link":"https:\/\/noticiasribeiraopreto.com.br\/index.php\/category\/noticias-de-ribeirao-preto-sp-e-regiao-ismael-colosi\/"},"img":{"alt_text":"","src":"https:\/\/i0.wp.com\/noticiasribeiraopreto.com.br\/wp-content\/uploads\/2024\/02\/CALOR-1.jpg?fit=800%2C500&ssl=1&resize=350%2C200","width":350,"height":200,"srcset":"https:\/\/i0.wp.com\/noticiasribeiraopreto.com.br\/wp-content\/uploads\/2024\/02\/CALOR-1.jpg?fit=800%2C500&ssl=1&resize=350%2C200 1x, https:\/\/i0.wp.com\/noticiasribeiraopreto.com.br\/wp-content\/uploads\/2024\/02\/CALOR-1.jpg?fit=800%2C500&ssl=1&resize=525%2C300 1.5x, https:\/\/i0.wp.com\/noticiasribeiraopreto.com.br\/wp-content\/uploads\/2024\/02\/CALOR-1.jpg?fit=800%2C500&ssl=1&resize=700%2C400 2x"},"classes":[]}],"jetpack_sharing_enabled":true,"jetpack_shortlink":"https:\/\/wp.me\/peQAOb-jF5","_links":{"self":[{"href":"https:\/\/noticiasribeiraopreto.com.br\/index.php\/wp-json\/wp\/v2\/posts\/75583","targetHints":{"allow":["GET"]}}],"collection":[{"href":"https:\/\/noticiasribeiraopreto.com.br\/index.php\/wp-json\/wp\/v2\/posts"}],"about":[{"href":"https:\/\/noticiasribeiraopreto.com.br\/index.php\/wp-json\/wp\/v2\/types\/post"}],"author":[{"embeddable":true,"href":"https:\/\/noticiasribeiraopreto.com.br\/index.php\/wp-json\/wp\/v2\/users\/1"}],"replies":[{"embeddable":true,"href":"https:\/\/noticiasribeiraopreto.com.br\/index.php\/wp-json\/wp\/v2\/comments?post=75583"}],"version-history":[{"count":0,"href":"https:\/\/noticiasribeiraopreto.com.br\/index.php\/wp-json\/wp\/v2\/posts\/75583\/revisions"}],"wp:featuredmedia":[{"embeddable":true,"href":"https:\/\/noticiasribeiraopreto.com.br\/index.php\/wp-json\/wp\/v2\/media\/75584"}],"wp:attachment":[{"href":"https:\/\/noticiasribeiraopreto.com.br\/index.php\/wp-json\/wp\/v2\/media?parent=75583"}],"wp:term":[{"taxonomy":"category","embeddable":true,"href":"https:\/\/noticiasribeiraopreto.com.br\/index.php\/wp-json\/wp\/v2\/categories?post=75583"},{"taxonomy":"post_tag","embeddable":true,"href":"https:\/\/noticiasribeiraopreto.com.br\/index.php\/wp-json\/wp\/v2\/tags?post=75583"}],"curies":[{"name":"wp","href":"https:\/\/api.w.org\/{rel}","templated":true}]}}