{"id":75587,"date":"2025-08-12T08:51:05","date_gmt":"2025-08-12T11:51:05","guid":{"rendered":"https:\/\/noticiasribeiraopreto.com.br\/index.php\/2025\/08\/12\/falhas-do-governo-criam-problemas-para-servidores\/"},"modified":"2025-08-12T08:51:05","modified_gmt":"2025-08-12T11:51:05","slug":"falhas-do-governo-criam-problemas-para-servidores","status":"publish","type":"post","link":"https:\/\/noticiasribeiraopreto.com.br\/index.php\/2025\/08\/12\/falhas-do-governo-criam-problemas-para-servidores\/","title":{"rendered":"Falhas do governo criam problemas para servidores"},"content":{"rendered":"<div class='code-block code-block-1' style='margin: 8px 0 8px auto; text-align: right; display: block; clear: both;'>\n<p><a href=\"https:\/\/wa.link\/vpicfd\"><img data-recalc-dims=\"1\" class=\"wp-image-4922\" style=\"aspect-ratio: 2.0253164556962027; width: 561px; height: auto;\" src=\"https:\/\/i0.wp.com\/ismaelcolosi.com.br\/wp-content\/uploads\/2023\/11\/grupo-de-empregos-whatsapp-e-facebook-ismael-colosi-vagas.jpg?ssl=1\" alt=\"\" \/><\/a><\/p>\n<!-- \/wp:image -->\n<\/div>\n<p> <br \/>\n<\/p>\n<div id=\"post-434723\">\n<header class=\"entry-header penci-entry-header penci-title-center\">\n<p>\n\t\t\t\t\t\t\t\t\t<span class=\"entry-meta-item penci-posted-on\"><i class=\"fa fa-clock-o\"\/><time class=\"entry-date published updated\" datetime=\"2025-08-12T08:48:09-03:00\">12 de agosto de 2025 08:48<\/time><\/span><span class=\"entry-meta-item penci-post-countview\"><span class=\"entry-meta-item penci-post-countview penci_post-meta_item\"><i class=\"fa fa-eye\"\/><span class=\"penci-post-countview-number penci-post-countview-p434723\">0<\/span><\/span><\/span>\t\t\t\t\t\t\t\t<\/p>\n<p><!-- .entry-meta --><br \/>\n\t\t\t\t\t\t\t\t<span class=\"penci-social-buttons penci-social-share-footer\"><span class=\"penci-social-share-text\">Compartilhar<\/span><a href=\"#\" class=\"penci-post-like penci_post-meta_item  single-like-button penci-social-item like\" data-post_id=\"434723\" title=\"Like\" data-like=\"Like\" data-unlike=\"Unlike\"><i class=\"fa fa-thumbs-o-up\"\/><span class=\"penci-share-number\">0<\/span><\/a><i class=\"fa fa-facebook\"\/><a class=\"penci-social-item twitter\" target=\"_blank\" rel=\"noopener\" title=\"\" href=\"https:\/\/twitter.com\/intent\/tweet?text=Falhas%20do%20governo%20criam%20%20%20problemas%20para%20servidores%20-%20https:\/\/www.tribunaribeirao.com.br\/falhas-do-governo-criam-problemas-para-servidores\/\"><i class=\"fa fa-twitter\"\/><\/a><i class=\"fa fa-linkedin\"\/><i class=\"fa fa-whatsapp\"\/><i class=\"fa fa-telegram\"\/><i class=\"fa fa-envelope\"\/><\/span>\t\t\t\t\t\t\t<\/header>\n<p><!-- .entry-header --><\/p>\n<div class=\"penci-entry-content entry-content\">\n<p><span class=\"TextRun SCXW97181060 BCX2\" lang=\"PT-BR\" xml:lang=\"PT-BR\" data-contrast=\"auto\"><span class=\"NormalTextRun SCXW97181060 BCX2\">Falhas no sistema operacional do governo estadual <\/span><span class=\"NormalTextRun SCXW97181060 BCX2\">deixaram <\/span><span class=\"NormalTextRun SCXW97181060 BCX2\">servidores <\/span><span class=\"NormalTextRun SCXW97181060 BCX2\">sem <\/span><span class=\"NormalTextRun SCXW97181060 BCX2\">acesso aos comprovantes de dep\u00f3sitos do <\/span><span class=\"NormalTextRun SCXW97181060 BCX2\">FGTS<\/span><span class=\"NormalTextRun SCXW97181060 BCX2\">; problema tamb\u00e9m atinge Hospital das Cl\u00ednicas<\/span><\/span> <span class=\"LineBreakBlob BlobObject DragDrop SCXW97181060 BCX2\"><span class=\"SCXW97181060 BCX2\">\u00a0<\/span><br class=\"SCXW97181060 BCX2\"\/><\/span><span class=\"LineBreakBlob BlobObject DragDrop SCXW97181060 BCX2\"><span class=\"SCXW97181060 BCX2\">\u00a0<\/span><br class=\"SCXW97181060 BCX2\"\/><\/span><span class=\"TextRun SCXW97181060 BCX2\" lang=\"PT-BR\" xml:lang=\"PT-BR\" data-contrast=\"auto\"><span class=\"NormalTextRun SCXW97181060 BCX2\">Cerca de 30 mil trabal<\/span><span class=\"NormalTextRun SCXW97181060 BCX2\">hadores celetistas <\/span><span class=\"NormalTextRun SCXW97181060 BCX2\">\u2013<\/span><span class=\"NormalTextRun SCXW97181060 BCX2\"> contratados via <\/span><span class=\"NormalTextRun SCXW97181060 BCX2\">Consolida\u00e7\u00e3o das Leis do Trabalho<\/span><span class=\"NormalTextRun SCXW97181060 BCX2\"> (CLT) <\/span><span class=\"NormalTextRun SCXW97181060 BCX2\">\u2013<\/span><span class=\"NormalTextRun SCXW97181060 BCX2\"> da sa\u00fade do Estado <\/span><span class=\"NormalTextRun SCXW97181060 BCX2\">de S\u00e3o Paulo <\/span><span class=\"NormalTextRun SCXW97181060 BCX2\">enfrentam <\/span><span class=\"NormalTextRun SCXW97181060 BCX2\">problemas com os registros de suas contribui\u00e7\u00f5es ao Instituto Nacional de Seguridade Social (INSS) e ao Fundo de Garantia por Tempo de Servi\u00e7o (FGTS) por falhas no sistema do governo estadual.<\/span><\/span><span class=\"LineBreakBlob BlobObject DragDrop SCXW97181060 BCX2\"><span class=\"SCXW97181060 BCX2\">\u00a0<\/span><br class=\"SCXW97181060 BCX2\"\/><\/span><span class=\"LineBreakBlob BlobObject DragDrop SCXW97181060 BCX2\"><span class=\"SCXW97181060 BCX2\">\u00a0<\/span><br class=\"SCXW97181060 BCX2\"\/><\/span><span class=\"TextRun SCXW97181060 BCX2\" lang=\"PT-BR\" xml:lang=\"PT-BR\" data-contrast=\"auto\"><span class=\"NormalTextRun SCXW97181060 BCX2\">Servidores tem reclamado que suas contribui\u00e7\u00f5es n\u00e3o aparecem no servi\u00e7o \u201cMeu INSS\u201d, dificultando a concess\u00e3o de benef\u00edcios. O problema atinge profissionais como m\u00e9dicos, enfermeiros, <\/span><span class=\"NormalTextRun SCXW97181060 BCX2\">assistentes<\/span><span class=\"NormalTextRun SCXW97181060 BCX2\"> sociais e de outros setores. No Hospital das Cl\u00ednicas de Ribeir\u00e3o Preto (HC<\/span><span class=\"NormalTextRun SCXW97181060 BCX2\">\u2013<\/span><span class=\"NormalTextRun SCXW97181060 BCX2\">RP), segundo <\/span><span class=\"NormalTextRun SCXW97181060 BCX2\">funcion\u00e1rios <\/span><span class=\"NormalTextRun SCXW97181060 BCX2\">ouvidos, n\u00e3o h\u00e1 registros de dep\u00f3sitos de FGTS desde o in\u00edcio de 2025.<\/span><\/span><span class=\"LineBreakBlob BlobObject DragDrop SCXW97181060 BCX2\"><span class=\"SCXW97181060 BCX2\">\u00a0<\/span><br class=\"SCXW97181060 BCX2\"\/><\/span><span class=\"LineBreakBlob BlobObject DragDrop SCXW97181060 BCX2\"><span class=\"SCXW97181060 BCX2\">\u00a0<\/span><br class=\"SCXW97181060 BCX2\"\/><\/span><span class=\"TextRun SCXW97181060 BCX2\" lang=\"PT-BR\" xml:lang=\"PT-BR\" data-contrast=\"auto\"><span class=\"NormalTextRun SCXW97181060 BCX2\">Os sindicatos dos servidores denunciaram o caso ao Minist\u00e9rio P\u00fablico do Trabalho (MPT), mas uma tentativa de concilia\u00e7\u00e3o realizada no m\u00eas de maio n\u00e3o teve sucesso. Na ocasi\u00e3o, o governo estadual n\u00e3o enviou representantes com capacidade de esclarecimento, levando ao arquivamento do processo. <\/span><\/span><span class=\"LineBreakBlob BlobObject DragDrop SCXW97181060 BCX2\"><span class=\"SCXW97181060 BCX2\">\u00a0<\/span><br class=\"SCXW97181060 BCX2\"\/><\/span><span class=\"LineBreakBlob BlobObject DragDrop SCXW97181060 BCX2\"><span class=\"SCXW97181060 BCX2\">\u00a0<\/span><br class=\"SCXW97181060 BCX2\"\/><\/span><span class=\"TextRun SCXW97181060 BCX2\" lang=\"PT-BR\" xml:lang=\"PT-BR\" data-contrast=\"auto\"><span class=\"NormalTextRun SCXW97181060 BCX2\">O presidente do Sindicato dos M\u00e9dicos de S\u00e3o Paulo (<\/span><span class=\"NormalTextRun SpellingErrorV2Themed SCXW97181060 BCX2\">Simesp<\/span><span class=\"NormalTextRun SCXW97181060 BCX2\">), Augusto Ribeiro Silva, n\u00e3o descarta entrar com a\u00e7\u00e3o judicial.<\/span> <span class=\"NormalTextRun SCXW97181060 BCX2\">O governo de S\u00e3o Paulo afirma que os pagamentos est\u00e3o em dia e que as certid\u00f5es negativas est\u00e3o dispon\u00edveis. <\/span><\/span><span class=\"LineBreakBlob BlobObject DragDrop SCXW97181060 BCX2\"><span class=\"SCXW97181060 BCX2\">\u00a0<\/span><br class=\"SCXW97181060 BCX2\"\/><\/span><span class=\"LineBreakBlob BlobObject DragDrop SCXW97181060 BCX2\"><span class=\"SCXW97181060 BCX2\">\u00a0<\/span><br class=\"SCXW97181060 BCX2\"\/><\/span><span class=\"TextRun SCXW97181060 BCX2\" lang=\"PT-BR\" xml:lang=\"PT-BR\" data-contrast=\"auto\"><span class=\"NormalTextRun SCXW97181060 BCX2\">No entanto, reconhece que podem ocorrer diverg\u00eancias t\u00e9cnicas nos sistemas. A Secretaria de Sa\u00fade <\/span><span class=\"NormalTextRun SCXW97181060 BCX2\">do Estado de S\u00e3o Paulo (SES-SP) <\/span><span class=\"NormalTextRun SCXW97181060 BCX2\">tem se reunido mensalmente com representantes dos sindicatos para discutir as quest\u00f5es, mas a situa\u00e7\u00e3o ainda n\u00e3o foi resolvida. Os servidores amea\u00e7aram greve em julho, mas a paralisa\u00e7\u00e3o foi suspensa ap\u00f3s promessas de regulariza\u00e7\u00e3o at\u00e9 este m\u00eas de agosto.<\/span><\/span><span class=\"LineBreakBlob BlobObject DragDrop SCXW97181060 BCX2\"><span class=\"SCXW97181060 BCX2\">\u00a0<\/span><br class=\"SCXW97181060 BCX2\"\/><\/span><span class=\"LineBreakBlob BlobObject DragDrop SCXW97181060 BCX2\"><span class=\"SCXW97181060 BCX2\">\u00a0<\/span><br class=\"SCXW97181060 BCX2\"\/><\/span><span class=\"TextRun SCXW97181060 BCX2\" lang=\"PT-BR\" xml:lang=\"PT-BR\" data-contrast=\"auto\"><span class=\"NormalTextRun SCXW97181060 BCX2\">Alfredo <\/span><span class=\"NormalTextRun SCXW97181060 BCX2\">Risk<\/span><\/span><span class=\"LineBreakBlob BlobObject DragDrop SCXW97181060 BCX2\"><span class=\"SCXW97181060 BCX2\">\u00a0<\/span><br class=\"SCXW97181060 BCX2\"\/><\/span><span class=\"TextRun SCXW97181060 BCX2\" lang=\"PT-BR\" xml:lang=\"PT-BR\" data-contrast=\"auto\"><span class=\"NormalTextRun SCXW97181060 BCX2\">No Hospital das Cl\u00ednicas de Ribeir\u00e3o Preto (HC-RP), segundo funcion\u00e1rios ouvidos, n\u00e3o h\u00e1 registros de dep\u00f3sitos de FGTS desde o in\u00edcio de 2025<\/span><\/span><span class=\"LineBreakBlob BlobObject DragDrop SCXW97181060 BCX2\"><span class=\"SCXW97181060 BCX2\">\u00a0<\/span><br class=\"SCXW97181060 BCX2\"\/><\/span><\/p>\n<\/div>\n<p><!-- .entry-content --><\/p>\n<footer class=\"penci-entry-footer\">\n\t\t\t\t\t\t\t\t<span class=\"penci-social-buttons penci-social-share-footer\"><span class=\"penci-social-share-text\">Compartilhar<\/span><a href=\"#\" class=\"penci-post-like penci_post-meta_item  single-like-button penci-social-item like\" data-post_id=\"434723\" title=\"Like\" data-like=\"Like\" data-unlike=\"Unlike\"><i class=\"fa fa-thumbs-o-up\"\/><span class=\"penci-share-number\">0<\/span><\/a><i class=\"fa fa-facebook\"\/><a class=\"penci-social-item twitter\" target=\"_blank\" rel=\"noopener\" title=\"\" href=\"https:\/\/twitter.com\/intent\/tweet?text=Falhas%20do%20governo%20criam%20%20%20problemas%20para%20servidores%20-%20https:\/\/www.tribunaribeirao.com.br\/falhas-do-governo-criam-problemas-para-servidores\/\"><i class=\"fa fa-twitter\"\/><\/a><i class=\"fa fa-linkedin\"\/><i class=\"fa fa-whatsapp\"\/><i class=\"fa fa-telegram\"\/><i class=\"fa fa-envelope\"\/><\/span>\t\t\t\t\t\t\t<\/footer>\n<p><!-- .entry-footer -->\n\t\t\t\t\t\t<\/div>\n<p><script async src=\"\/\/platform.twitter.com\/widgets.js\" charset=\"utf-8\"><\/script><br \/>\n<br \/><br \/>\n<br \/><a href=\"https:\/\/www.tribunaribeirao.com.br\/falhas-do-governo-criam-problemas-para-servidores\/\">Source link <\/a><\/p>\n<!-- CONTENT END 1 -->\n","protected":false},"excerpt":{"rendered":"<p>12 de agosto de 2025 08:480 Compartilhar0 Falhas no sistema operacional do governo estadual deixaram servidores sem acesso aos comprovantes de dep\u00f3sitos do FGTS; problema&#8230;<\/p>\n","protected":false},"author":1,"featured_media":75588,"comment_status":"open","ping_status":"open","sticky":false,"template":"","format":"standard","meta":{"advanced_seo_description":"","jetpack_seo_html_title":"","jetpack_seo_noindex":false,"jetpack_post_was_ever_published":false,"_jetpack_newsletter_access":"","_jetpack_dont_email_post_to_subs":false,"_jetpack_newsletter_tier_id":0,"_jetpack_memberships_contains_paywalled_content":false,"_jetpack_memberships_contains_paid_content":false,"footnotes":"","jetpack_publicize_message":"","jetpack_publicize_feature_enabled":true,"jetpack_social_post_already_shared":true,"jetpack_social_options":{"image_generator_settings":{"template":"highway","default_image_id":0,"font":"","enabled":false},"version":2}},"categories":[11],"tags":[],"class_list":["post-75587","post","type-post","status-publish","format-standard","has-post-thumbnail","hentry","category-noticias-de-ribeirao-preto-sp-e-regiao-ismael-colosi"],"jetpack_publicize_connections":[],"jetpack_featured_media_url":"https:\/\/i0.wp.com\/noticiasribeiraopreto.com.br\/wp-content\/uploads\/2025\/08\/ServidorSP-Alfredo-Risk-scaled.jpg?fit=1200%2C620&ssl=1","jetpack-related-posts":[{"id":76470,"url":"https:\/\/noticiasribeiraopreto.com.br\/index.php\/2025\/08\/29\/saerp-alerta-para-falta-dagua-em-bairros-da-zona-oeste-de-ribeirao-preto\/","url_meta":{"origin":75587,"position":0},"title":"Saerp alerta para falta d\u2019\u00e1gua em bairros da zona Oeste de Ribeir\u00e3o Preto","author":"noticiasribeiraopreto.com.br","date":"29 de August de 2025","format":false,"excerpt":"A Saerp (Secretaria de \u00c1gua e Esgoto de Ribeir\u00e3o Preto) informou que bairros da zona Oeste de Ribeir\u00e3o Preto podem enfrentar a falta d\u2019\u00e1gua nesta sexta-feira (29). De acordo com a secretaria, o po\u00e7o Major Ricardo enfrenta problemas no fornecimento de energia el\u00e9trica. E, por isso, apresenta falhas no funcionamento.\u2026","rel":"","context":"In &quot;Not\u00edcias de Ribeir\u00e3o Preto-SP e Regi\u00e3o&quot;","block_context":{"text":"Not\u00edcias de Ribeir\u00e3o Preto-SP e Regi\u00e3o","link":"https:\/\/noticiasribeiraopreto.com.br\/index.php\/category\/noticias-de-ribeirao-preto-sp-e-regiao-ismael-colosi\/"},"img":{"alt_text":"","src":"https:\/\/i0.wp.com\/noticiasribeiraopreto.com.br\/wp-content\/uploads\/2025\/07\/torneira-agua_2024-07-22_12-45-42_jpg_2024-07-22_12-45-42.webp.webp?fit=1170%2C700&ssl=1&resize=350%2C200","width":350,"height":200,"srcset":"https:\/\/i0.wp.com\/noticiasribeiraopreto.com.br\/wp-content\/uploads\/2025\/07\/torneira-agua_2024-07-22_12-45-42_jpg_2024-07-22_12-45-42.webp.webp?fit=1170%2C700&ssl=1&resize=350%2C200 1x, https:\/\/i0.wp.com\/noticiasribeiraopreto.com.br\/wp-content\/uploads\/2025\/07\/torneira-agua_2024-07-22_12-45-42_jpg_2024-07-22_12-45-42.webp.webp?fit=1170%2C700&ssl=1&resize=525%2C300 1.5x, https:\/\/i0.wp.com\/noticiasribeiraopreto.com.br\/wp-content\/uploads\/2025\/07\/torneira-agua_2024-07-22_12-45-42_jpg_2024-07-22_12-45-42.webp.webp?fit=1170%2C700&ssl=1&resize=700%2C400 2x, https:\/\/i0.wp.com\/noticiasribeiraopreto.com.br\/wp-content\/uploads\/2025\/07\/torneira-agua_2024-07-22_12-45-42_jpg_2024-07-22_12-45-42.webp.webp?fit=1170%2C700&ssl=1&resize=1050%2C600 3x"},"classes":[]},{"id":79583,"url":"https:\/\/noticiasribeiraopreto.com.br\/index.php\/2025\/11\/04\/problema-em-banco-atrasa-pagamento-de-servidores-da-saude-em-ribeirao-preto\/","url_meta":{"origin":75587,"position":1},"title":"Problema em banco atrasa pagamento de servidores da Sa\u00fade em Ribeir\u00e3o Preto","author":"noticiasribeiraopreto.com.br","date":"4 de November de 2025","format":false,"excerpt":"O Sindicato dos Servidores Municipais de Ribeir\u00e3o Preto informou que cobrou oficialmente a Prefeitura de Ribeir\u00e3o Preto pelo pagamento dos funcion\u00e1rios da Sa\u00fade na manh\u00e3 desta ter\u00e7a-feira (4). De acordo com a entidade, o pagamento deveria ser sido realizado nesta segunda-feira (3). Em um v\u00eddeo publicado nas redes sociais, o\u2026","rel":"","context":"In &quot;Not\u00edcias de Ribeir\u00e3o Preto-SP e Regi\u00e3o&quot;","block_context":{"text":"Not\u00edcias de Ribeir\u00e3o Preto-SP e Regi\u00e3o","link":"https:\/\/noticiasribeiraopreto.com.br\/index.php\/category\/noticias-de-ribeirao-preto-sp-e-regiao-ismael-colosi\/"},"img":{"alt_text":"","src":"https:\/\/i0.wp.com\/noticiasribeiraopreto.com.br\/wp-content\/uploads\/2025\/10\/Copia-de-Copia-de-Copia-de-TAMANHO-EXATO-PARA-FOTOS-NO-SISTEMA-NOVO-2025-10-24T180452.289_2025-10-24_21-04-57.webp.webp?fit=1200%2C675&ssl=1&resize=350%2C200","width":350,"height":200,"srcset":"https:\/\/i0.wp.com\/noticiasribeiraopreto.com.br\/wp-content\/uploads\/2025\/10\/Copia-de-Copia-de-Copia-de-TAMANHO-EXATO-PARA-FOTOS-NO-SISTEMA-NOVO-2025-10-24T180452.289_2025-10-24_21-04-57.webp.webp?fit=1200%2C675&ssl=1&resize=350%2C200 1x, https:\/\/i0.wp.com\/noticiasribeiraopreto.com.br\/wp-content\/uploads\/2025\/10\/Copia-de-Copia-de-Copia-de-TAMANHO-EXATO-PARA-FOTOS-NO-SISTEMA-NOVO-2025-10-24T180452.289_2025-10-24_21-04-57.webp.webp?fit=1200%2C675&ssl=1&resize=525%2C300 1.5x, https:\/\/i0.wp.com\/noticiasribeiraopreto.com.br\/wp-content\/uploads\/2025\/10\/Copia-de-Copia-de-Copia-de-TAMANHO-EXATO-PARA-FOTOS-NO-SISTEMA-NOVO-2025-10-24T180452.289_2025-10-24_21-04-57.webp.webp?fit=1200%2C675&ssl=1&resize=700%2C400 2x, https:\/\/i0.wp.com\/noticiasribeiraopreto.com.br\/wp-content\/uploads\/2025\/10\/Copia-de-Copia-de-Copia-de-TAMANHO-EXATO-PARA-FOTOS-NO-SISTEMA-NOVO-2025-10-24T180452.289_2025-10-24_21-04-57.webp.webp?fit=1200%2C675&ssl=1&resize=1050%2C600 3x"},"classes":[]},{"id":80248,"url":"https:\/\/noticiasribeiraopreto.com.br\/index.php\/2025\/11\/18\/sem-internet-entenda-falha-generalizada-que-tirou-sites-do-ar\/","url_meta":{"origin":75587,"position":2},"title":"Sem internet? Entenda falha generalizada que tirou sites do ar","author":"noticiasribeiraopreto.com.br","date":"18 de November de 2025","format":false,"excerpt":"Desde as 9h desta ter\u00e7a-feira (18), usu\u00e1rios enfrentam dificuldades no acesso a grandes plataformas digitais. O X (antigo Twitter), o servi\u00e7o de intelig\u00eancia artificial ChatGPT, a ferramenta de design Canva e a varejista Amazon est\u00e3o entre as centenas de sites indispon\u00edveis. Reprodu\u00e7\u00e3o\/ChatGPT A dimens\u00e3o do problema \u00e9 significativa. O pr\u00f3prio\u2026","rel":"","context":"In &quot;Not\u00edcias de Ribeir\u00e3o Preto-SP e Regi\u00e3o&quot;","block_context":{"text":"Not\u00edcias de Ribeir\u00e3o Preto-SP e Regi\u00e3o","link":"https:\/\/noticiasribeiraopreto.com.br\/index.php\/category\/noticias-de-ribeirao-preto-sp-e-regiao-ismael-colosi\/"},"img":{"alt_text":"","src":"https:\/\/i0.wp.com\/noticiasribeiraopreto.com.br\/wp-content\/uploads\/2025\/06\/Copia-de-Copia-de-Copia-de-TAMANHO-EXATO-PARA-FOTOS-NO-SISTEMA-NOVO-2025-06-11T194516.435_2025-06-11_22-46-10.webp.webp?fit=1200%2C675&ssl=1&resize=350%2C200","width":350,"height":200,"srcset":"https:\/\/i0.wp.com\/noticiasribeiraopreto.com.br\/wp-content\/uploads\/2025\/06\/Copia-de-Copia-de-Copia-de-TAMANHO-EXATO-PARA-FOTOS-NO-SISTEMA-NOVO-2025-06-11T194516.435_2025-06-11_22-46-10.webp.webp?fit=1200%2C675&ssl=1&resize=350%2C200 1x, https:\/\/i0.wp.com\/noticiasribeiraopreto.com.br\/wp-content\/uploads\/2025\/06\/Copia-de-Copia-de-Copia-de-TAMANHO-EXATO-PARA-FOTOS-NO-SISTEMA-NOVO-2025-06-11T194516.435_2025-06-11_22-46-10.webp.webp?fit=1200%2C675&ssl=1&resize=525%2C300 1.5x, https:\/\/i0.wp.com\/noticiasribeiraopreto.com.br\/wp-content\/uploads\/2025\/06\/Copia-de-Copia-de-Copia-de-TAMANHO-EXATO-PARA-FOTOS-NO-SISTEMA-NOVO-2025-06-11T194516.435_2025-06-11_22-46-10.webp.webp?fit=1200%2C675&ssl=1&resize=700%2C400 2x, https:\/\/i0.wp.com\/noticiasribeiraopreto.com.br\/wp-content\/uploads\/2025\/06\/Copia-de-Copia-de-Copia-de-TAMANHO-EXATO-PARA-FOTOS-NO-SISTEMA-NOVO-2025-06-11T194516.435_2025-06-11_22-46-10.webp.webp?fit=1200%2C675&ssl=1&resize=1050%2C600 3x"},"classes":[]},{"id":67329,"url":"https:\/\/noticiasribeiraopreto.com.br\/index.php\/2025\/04\/12\/whatsapp-caiu-usuarios-relatam-instabilidade-no-aplicativo\/","url_meta":{"origin":75587,"position":3},"title":"Whatsapp caiu? Usu\u00e1rios relatam instabilidade no aplicativo","author":"noticiasribeiraopreto.com.br","date":"12 de April de 2025","format":false,"excerpt":"Neste s\u00e1bado (12), usu\u00e1rios do WhatsApp relataram que o aplicativo est\u00e1 apresentando instabilidades. De acordo com o site Downdetector, que acompanha falhas em servi\u00e7os online, o aplicativo est\u00e1 registrando erros de conex\u00e3o com o servidor, falhas no envio de mensagens, principalmente em grupos, e dificuldade no compartilhamento de m\u00eddias, como\u2026","rel":"","context":"In &quot;Not\u00edcias de Ribeir\u00e3o Preto-SP e Regi\u00e3o&quot;","block_context":{"text":"Not\u00edcias de Ribeir\u00e3o Preto-SP e Regi\u00e3o","link":"https:\/\/noticiasribeiraopreto.com.br\/index.php\/category\/noticias-de-ribeirao-preto-sp-e-regiao-ismael-colosi\/"},"img":{"alt_text":"","src":"https:\/\/i0.wp.com\/noticiasribeiraopreto.com.br\/wp-content\/uploads\/2024\/10\/AnyConv.com__facebook-instagram.webp.webp?fit=1000%2C667&ssl=1&resize=350%2C200","width":350,"height":200,"srcset":"https:\/\/i0.wp.com\/noticiasribeiraopreto.com.br\/wp-content\/uploads\/2024\/10\/AnyConv.com__facebook-instagram.webp.webp?fit=1000%2C667&ssl=1&resize=350%2C200 1x, https:\/\/i0.wp.com\/noticiasribeiraopreto.com.br\/wp-content\/uploads\/2024\/10\/AnyConv.com__facebook-instagram.webp.webp?fit=1000%2C667&ssl=1&resize=525%2C300 1.5x, https:\/\/i0.wp.com\/noticiasribeiraopreto.com.br\/wp-content\/uploads\/2024\/10\/AnyConv.com__facebook-instagram.webp.webp?fit=1000%2C667&ssl=1&resize=700%2C400 2x"},"classes":[]},{"id":76344,"url":"https:\/\/noticiasribeiraopreto.com.br\/index.php\/2025\/08\/27\/reforma-administrativa-de-ribeirao-preto-sera-votada-nesta-quarta-feira\/","url_meta":{"origin":75587,"position":4},"title":"Reforma administrativa de Ribeir\u00e3o Preto ser\u00e1 votada nesta quarta-feira","author":"noticiasribeiraopreto.com.br","date":"27 de August de 2025","format":false,"excerpt":"A C\u00e2mara de Ribeir\u00e3o Preto vota a partir desta quarta-feira (27) a reforma administrativa proposta pelo prefeito Ricardo Silva (PSD). Ao todo, s\u00e3o tr\u00eas projetos que preveem o corte de 98 cargos comissionados, fun\u00e7\u00f5es de confian\u00e7a e atividades gratificadas, por\u00e9m criam tr\u00eas novas secretarias. A Prefeitura de Ribeir\u00e3o Preto afirma\u2026","rel":"","context":"In &quot;Not\u00edcias de Ribeir\u00e3o Preto-SP e Regi\u00e3o&quot;","block_context":{"text":"Not\u00edcias de Ribeir\u00e3o Preto-SP e Regi\u00e3o","link":"https:\/\/noticiasribeiraopreto.com.br\/index.php\/category\/noticias-de-ribeirao-preto-sp-e-regiao-ismael-colosi\/"},"img":{"alt_text":"","src":"https:\/\/i0.wp.com\/noticiasribeiraopreto.com.br\/wp-content\/uploads\/2025\/08\/1756300806_ribeirao-preto-prefeitura.jpg?fit=1200%2C900&ssl=1&resize=350%2C200","width":350,"height":200,"srcset":"https:\/\/i0.wp.com\/noticiasribeiraopreto.com.br\/wp-content\/uploads\/2025\/08\/1756300806_ribeirao-preto-prefeitura.jpg?fit=1200%2C900&ssl=1&resize=350%2C200 1x, https:\/\/i0.wp.com\/noticiasribeiraopreto.com.br\/wp-content\/uploads\/2025\/08\/1756300806_ribeirao-preto-prefeitura.jpg?fit=1200%2C900&ssl=1&resize=525%2C300 1.5x, https:\/\/i0.wp.com\/noticiasribeiraopreto.com.br\/wp-content\/uploads\/2025\/08\/1756300806_ribeirao-preto-prefeitura.jpg?fit=1200%2C900&ssl=1&resize=700%2C400 2x, https:\/\/i0.wp.com\/noticiasribeiraopreto.com.br\/wp-content\/uploads\/2025\/08\/1756300806_ribeirao-preto-prefeitura.jpg?fit=1200%2C900&ssl=1&resize=1050%2C600 3x"},"classes":[]},{"id":80009,"url":"https:\/\/noticiasribeiraopreto.com.br\/index.php\/2025\/11\/12\/saerp-alerta-para-falta-dagua-em-10-bairros-de-ribeirao-preto-confira\/","url_meta":{"origin":75587,"position":5},"title":"Saerp alerta para falta d\u2019\u00e1gua em 10 bairros de Ribeir\u00e3o Preto; Confira","author":"noticiasribeiraopreto.com.br","date":"12 de November de 2025","format":false,"excerpt":"A Saerp (Secretaria de \u00c1gua e Esgoto de Ribeir\u00e3o Preto) publicou um alerta para falta d\u2019\u00e1gua em 10 bairros de Ribeir\u00e3o Preto nesta quarta-feira (12). A pasta informou que est\u00e1 realizando a limpeza e profilaxia do sistema de abastecimento nos reservat\u00f3rios Parque S\u00e3o Sebasti\u00e3o e Tanquinho. A a\u00e7\u00e3o pode acarretar\u2026","rel":"","context":"In &quot;Not\u00edcias de Ribeir\u00e3o Preto-SP e Regi\u00e3o&quot;","block_context":{"text":"Not\u00edcias de Ribeir\u00e3o Preto-SP e Regi\u00e3o","link":"https:\/\/noticiasribeiraopreto.com.br\/index.php\/category\/noticias-de-ribeirao-preto-sp-e-regiao-ismael-colosi\/"},"img":{"alt_text":"","src":"https:\/\/i0.wp.com\/noticiasribeiraopreto.com.br\/wp-content\/uploads\/2025\/11\/reservatorio-saerp_2025-11-12_13-56-14.webp.webp?fit=1200%2C799&ssl=1&resize=350%2C200","width":350,"height":200,"srcset":"https:\/\/i0.wp.com\/noticiasribeiraopreto.com.br\/wp-content\/uploads\/2025\/11\/reservatorio-saerp_2025-11-12_13-56-14.webp.webp?fit=1200%2C799&ssl=1&resize=350%2C200 1x, https:\/\/i0.wp.com\/noticiasribeiraopreto.com.br\/wp-content\/uploads\/2025\/11\/reservatorio-saerp_2025-11-12_13-56-14.webp.webp?fit=1200%2C799&ssl=1&resize=525%2C300 1.5x, https:\/\/i0.wp.com\/noticiasribeiraopreto.com.br\/wp-content\/uploads\/2025\/11\/reservatorio-saerp_2025-11-12_13-56-14.webp.webp?fit=1200%2C799&ssl=1&resize=700%2C400 2x, https:\/\/i0.wp.com\/noticiasribeiraopreto.com.br\/wp-content\/uploads\/2025\/11\/reservatorio-saerp_2025-11-12_13-56-14.webp.webp?fit=1200%2C799&ssl=1&resize=1050%2C600 3x"},"classes":[]}],"jetpack_sharing_enabled":true,"jetpack_shortlink":"https:\/\/wp.me\/peQAOb-jF9","_links":{"self":[{"href":"https:\/\/noticiasribeiraopreto.com.br\/index.php\/wp-json\/wp\/v2\/posts\/75587","targetHints":{"allow":["GET"]}}],"collection":[{"href":"https:\/\/noticiasribeiraopreto.com.br\/index.php\/wp-json\/wp\/v2\/posts"}],"about":[{"href":"https:\/\/noticiasribeiraopreto.com.br\/index.php\/wp-json\/wp\/v2\/types\/post"}],"author":[{"embeddable":true,"href":"https:\/\/noticiasribeiraopreto.com.br\/index.php\/wp-json\/wp\/v2\/users\/1"}],"replies":[{"embeddable":true,"href":"https:\/\/noticiasribeiraopreto.com.br\/index.php\/wp-json\/wp\/v2\/comments?post=75587"}],"version-history":[{"count":0,"href":"https:\/\/noticiasribeiraopreto.com.br\/index.php\/wp-json\/wp\/v2\/posts\/75587\/revisions"}],"wp:featuredmedia":[{"embeddable":true,"href":"https:\/\/noticiasribeiraopreto.com.br\/index.php\/wp-json\/wp\/v2\/media\/75588"}],"wp:attachment":[{"href":"https:\/\/noticiasribeiraopreto.com.br\/index.php\/wp-json\/wp\/v2\/media?parent=75587"}],"wp:term":[{"taxonomy":"category","embeddable":true,"href":"https:\/\/noticiasribeiraopreto.com.br\/index.php\/wp-json\/wp\/v2\/categories?post=75587"},{"taxonomy":"post_tag","embeddable":true,"href":"https:\/\/noticiasribeiraopreto.com.br\/index.php\/wp-json\/wp\/v2\/tags?post=75587"}],"curies":[{"name":"wp","href":"https:\/\/api.w.org\/{rel}","templated":true}]}}