{"id":75591,"date":"2025-08-12T09:25:17","date_gmt":"2025-08-12T12:25:17","guid":{"rendered":"https:\/\/noticiasribeiraopreto.com.br\/index.php\/2025\/08\/12\/motociclista-e-preso-por-embriaguez-apos-perseguicao-e-queda-de-moto\/"},"modified":"2025-08-12T09:25:17","modified_gmt":"2025-08-12T12:25:17","slug":"motociclista-e-preso-por-embriaguez-apos-perseguicao-e-queda-de-moto","status":"publish","type":"post","link":"https:\/\/noticiasribeiraopreto.com.br\/index.php\/2025\/08\/12\/motociclista-e-preso-por-embriaguez-apos-perseguicao-e-queda-de-moto\/","title":{"rendered":"Motociclista \u00e9 preso por embriaguez ap\u00f3s persegui\u00e7\u00e3o e queda de moto"},"content":{"rendered":"<div class='code-block code-block-1' style='margin: 8px 0 8px auto; text-align: right; display: block; clear: both;'>\n<p><a href=\"https:\/\/wa.link\/vpicfd\"><img data-recalc-dims=\"1\" class=\"wp-image-4922\" style=\"aspect-ratio: 2.0253164556962027; width: 561px; height: auto;\" src=\"https:\/\/i0.wp.com\/ismaelcolosi.com.br\/wp-content\/uploads\/2023\/11\/grupo-de-empregos-whatsapp-e-facebook-ismael-colosi-vagas.jpg?ssl=1\" alt=\"\" \/><\/a><\/p>\n<!-- \/wp:image -->\n<\/div>\n<p> <br \/>\n<\/p>\n<div data-td-block-uid=\"tdi_95\">\n<div class=\"tdb-block-inner td-fix-index\">\n<p><strong>Um motociclista de 25 anos foi preso na noite desta segunda-feira (11) por embriaguez\u00a0em Serra Azul, a aproximadamente 40 quil\u00f4metros de Ribeir\u00e3o Preto.<\/strong><\/p>\n<p>Segundo o <strong>boletim de ocorr\u00eancia (BO)<\/strong>, <mark style=\"background-color:#fcb900\" class=\"has-inline-color has-black-color\">uma equipe da PM (Pol\u00edcia Militar) afirmou que o motociclista trafegava em alta velocidade, n\u00e3o respeitou o sinal de parada e fugiu a partir da rua S\u00e3o Sim\u00e3o.<\/mark> Ao chegar \u00e0 <strong>rua Maria Aparecida Polastre Zerbertti<\/strong>, o <strong>condutor <\/strong>teria se <strong>desequilibrado <\/strong>e <strong>caiu <\/strong>da <strong>moto<\/strong>, quando foi <strong>abordado<\/strong>.<\/p>\n<p>Os agentes disseram que ele apresentava sinais de embriaguez e recusou a fazer o teste do baf\u00f4metro. No entanto, de acordo com a pol\u00edcia, um exame cl\u00ednico comprovou a embriaguez.<\/p>\n<p>O motociclista precisou passar por atendimento m\u00e9dico e, em seguida, foi encaminhado para a CPJ (Central de Pol\u00edcia Judici\u00e1ria) Permanente em Ribeir\u00e3o Preto. <\/p>\n<p>O delegado arbitrou fian\u00e7a de R$ 3 mil, mas o valor n\u00e3o foi pago e ele acabou preso em flagrante por embriaguez ao volante. <\/p>\n<p>O BO tamb\u00e9m foi registrado como entorpecente, j\u00e1 que a pol\u00edcia disse que uma por\u00e7\u00e3o de maconha foi encontrada com o motociclista.<\/p>\n<p>SAIBA MAIS<\/p>\n<p>Nova frente fria avan\u00e7a nesta semana; Veja previs\u00e3o no interior de SP<\/p>\n<h2 class=\"wp-block-heading\"><strong>FIQUE ON<\/strong><\/h2>\n<p>Fique ligado em tudo que acontece em Ribeir\u00e3o Preto e regi\u00e3o. Siga os perfis do\u00a0<strong>acidade on<\/strong>\u00a0no<a href=\"https:\/\/www.instagram.com\/acidadeonribeirao\" target=\"_blank\" rel=\"noreferrer noopener\">\u00a0Instagram<\/a>\u00a0e no\u00a0<a href=\"https:\/\/www.facebook.com\/acidadeonribeirao\/\" target=\"_blank\" rel=\"noreferrer noopener\">Facebook.<\/a><\/p>\n<p>Receba not\u00edcias do\u00a0<strong>acidade on\u00a0<\/strong>no WhatsApp.\u00a0<a href=\"https:\/\/chat.whatsapp.com\/I4nieTEMKlf50pJ28aMemC?mode=ac_t\" target=\"_blank\" rel=\"noreferrer noopener\">Para entrar no grupo, basta clicar aqui.<\/a><\/p>\n<p>Fa\u00e7a uma den\u00fancia ou sugira uma reportagem sobre Ribeir\u00e3o Preto e regi\u00e3o pelo WhatsApp: 16 99117 7802.<\/p>\n<p>VEJA TAMB\u00c9M<\/p>\n<p>Voc\u00ea conhece os principais benef\u00edcios do abacate para a sa\u00fade?<\/p>\n<p><!-- AI CONTENT END 1 -->\n<\/div>\n<\/div>\n<p><script async src=\"\/\/www.instagram.com\/embed.js\"><\/script><br \/>\n<br \/><br \/>\n<br \/><a href=\"https:\/\/www.acidadeon.com\/ribeiraopreto\/cotidiano\/motociclista-e-preso-por-embriaguez-apos-perseguicao-e-queda-de-moto\/\">Source link <\/a><\/p>\n<!-- CONTENT END 1 -->\n","protected":false},"excerpt":{"rendered":"<p>Um motociclista de 25 anos foi preso na noite desta segunda-feira (11) por embriaguez\u00a0em Serra Azul, a aproximadamente 40 quil\u00f4metros de Ribeir\u00e3o Preto. Segundo o&#8230;<\/p>\n","protected":false},"author":1,"featured_media":0,"comment_status":"open","ping_status":"open","sticky":false,"template":"","format":"standard","meta":{"advanced_seo_description":"","jetpack_seo_html_title":"","jetpack_seo_noindex":false,"jetpack_post_was_ever_published":false,"_jetpack_newsletter_access":"","_jetpack_dont_email_post_to_subs":false,"_jetpack_newsletter_tier_id":0,"_jetpack_memberships_contains_paywalled_content":false,"_jetpack_memberships_contains_paid_content":false,"footnotes":"","jetpack_publicize_message":"","jetpack_publicize_feature_enabled":true,"jetpack_social_post_already_shared":true,"jetpack_social_options":{"image_generator_settings":{"template":"highway","default_image_id":0,"font":"","enabled":false},"version":2}},"categories":[11],"tags":[],"class_list":["post-75591","post","type-post","status-publish","format-standard","hentry","category-noticias-de-ribeirao-preto-sp-e-regiao-ismael-colosi"],"jetpack_publicize_connections":[],"jetpack_featured_media_url":"","jetpack-related-posts":[{"id":57815,"url":"https:\/\/noticiasribeiraopreto.com.br\/index.php\/2024\/09\/11\/motociclista-e-preso-por-embriaguez-apos-cair-de-moto-em-fuga-da-policia\/","url_meta":{"origin":75591,"position":0},"title":"Motociclista \u00e9 preso por embriaguez ap\u00f3s cair de moto em fuga da pol\u00edcia","author":"noticiasribeiraopreto.com.br","date":"11 de September de 2024","format":false,"excerpt":"Um motociclista de 30 anos foi preso por embriaguez na madrugada desta quarta-feira (11), depois de tentar fugir da PM (Pol\u00edcia Militar), na zona Norte de Ribeir\u00e3o Preto. Segundo o boletim de ocorr\u00eancia (BO), os policiais solicitaram que o motociclista parasse, mas ele seguiu com a moto por aproximadamente dois\u2026","rel":"","context":"In &quot;Not\u00edcias de Ribeir\u00e3o Preto-SP e Regi\u00e3o&quot;","block_context":{"text":"Not\u00edcias de Ribeir\u00e3o Preto-SP e Regi\u00e3o","link":"https:\/\/noticiasribeiraopreto.com.br\/index.php\/category\/noticias-de-ribeirao-preto-sp-e-regiao-ismael-colosi\/"},"img":{"alt_text":"","src":"https:\/\/i0.wp.com\/noticiasribeiraopreto.com.br\/wp-content\/uploads\/2024\/09\/WhatsApp-Image-2023-12-23-at-12.01.31.jpeg?fit=480%2C245&ssl=1&resize=350%2C200","width":350,"height":200},"classes":[]},{"id":39462,"url":"https:\/\/noticiasribeiraopreto.com.br\/index.php\/2024\/02\/26\/motorista-e-preso-por-embriaguez-apos-atropelar-motociclista-em-rp\/","url_meta":{"origin":75591,"position":1},"title":"Motorista \u00e9 preso por embriaguez ap\u00f3s atropelar motociclista em RP","author":"noticiasribeiraopreto.com.br","date":"26 de February de 2024","format":false,"excerpt":"Entregador foi socorrido inconsciente ap\u00f3s acidente onde motorista fugiu do local e teria jogado garrafas de cerveja pela janela do carro 26 de fevereiro de 2024 | 12:25 0Por: Adalberto LuqueUm homem de 44 anos foi preso, na madrugada desta segunda-feira (26), ap\u00f3s atropelar um motociclista que fazia entregas. O\u2026","rel":"","context":"In &quot;Not\u00edcias de Ribeir\u00e3o Preto-SP e Regi\u00e3o&quot;","block_context":{"text":"Not\u00edcias de Ribeir\u00e3o Preto-SP e Regi\u00e3o","link":"https:\/\/noticiasribeiraopreto.com.br\/index.php\/category\/noticias-de-ribeirao-preto-sp-e-regiao-ismael-colosi\/"},"img":{"alt_text":"","src":"https:\/\/i0.wp.com\/noticiasribeiraopreto.com.br\/wp-content\/uploads\/2024\/02\/1708961597_hcemergencia.jpg?fit=800%2C500&ssl=1&resize=350%2C200","width":350,"height":200,"srcset":"https:\/\/i0.wp.com\/noticiasribeiraopreto.com.br\/wp-content\/uploads\/2024\/02\/1708961597_hcemergencia.jpg?fit=800%2C500&ssl=1&resize=350%2C200 1x, https:\/\/i0.wp.com\/noticiasribeiraopreto.com.br\/wp-content\/uploads\/2024\/02\/1708961597_hcemergencia.jpg?fit=800%2C500&ssl=1&resize=525%2C300 1.5x, https:\/\/i0.wp.com\/noticiasribeiraopreto.com.br\/wp-content\/uploads\/2024\/02\/1708961597_hcemergencia.jpg?fit=800%2C500&ssl=1&resize=700%2C400 2x"},"classes":[]},{"id":75744,"url":"https:\/\/noticiasribeiraopreto.com.br\/index.php\/2025\/08\/14\/identificada-a-motociclista-morta-em-colisao-que-envolveu-motorista-preso-por-embriaguez\/","url_meta":{"origin":75591,"position":2},"title":"Identificada a motociclista morta em colis\u00e3o que envolveu motorista preso por embriaguez","author":"noticiasribeiraopreto.com.br","date":"14 de August de 2025","format":false,"excerpt":"A Pol\u00edcia Civil indentificou a motociclista que morreu na noite desta quarta-feira (13), depois de ter a moto atingida por um carro, cair e ser atropelada por um \u00f4nibus no km 336 da rodovia Att\u00edlio Balbo (SP-322), em Sert\u00e3ozinho, na regi\u00e3o de Ribeir\u00e3o Preto. O motorista do carro foi preso\u2026","rel":"","context":"In &quot;Not\u00edcias de Ribeir\u00e3o Preto-SP e Regi\u00e3o&quot;","block_context":{"text":"Not\u00edcias de Ribeir\u00e3o Preto-SP e Regi\u00e3o","link":"https:\/\/noticiasribeiraopreto.com.br\/index.php\/category\/noticias-de-ribeirao-preto-sp-e-regiao-ismael-colosi\/"},"img":{"alt_text":"","src":"https:\/\/i0.wp.com\/noticiasribeiraopreto.com.br\/wp-content\/uploads\/2025\/08\/WhatsApp-Image-2025-08-14-at-11.56.01_2025-08-14_15-10-55.webp.webp?fit=1200%2C675&ssl=1&resize=350%2C200","width":350,"height":200,"srcset":"https:\/\/i0.wp.com\/noticiasribeiraopreto.com.br\/wp-content\/uploads\/2025\/08\/WhatsApp-Image-2025-08-14-at-11.56.01_2025-08-14_15-10-55.webp.webp?fit=1200%2C675&ssl=1&resize=350%2C200 1x, https:\/\/i0.wp.com\/noticiasribeiraopreto.com.br\/wp-content\/uploads\/2025\/08\/WhatsApp-Image-2025-08-14-at-11.56.01_2025-08-14_15-10-55.webp.webp?fit=1200%2C675&ssl=1&resize=525%2C300 1.5x, https:\/\/i0.wp.com\/noticiasribeiraopreto.com.br\/wp-content\/uploads\/2025\/08\/WhatsApp-Image-2025-08-14-at-11.56.01_2025-08-14_15-10-55.webp.webp?fit=1200%2C675&ssl=1&resize=700%2C400 2x, https:\/\/i0.wp.com\/noticiasribeiraopreto.com.br\/wp-content\/uploads\/2025\/08\/WhatsApp-Image-2025-08-14-at-11.56.01_2025-08-14_15-10-55.webp.webp?fit=1200%2C675&ssl=1&resize=1050%2C600 3x"},"classes":[]},{"id":78540,"url":"https:\/\/noticiasribeiraopreto.com.br\/index.php\/2025\/10\/13\/motociclista-invade-romaria-de-nossa-senhora-e-causa-panico-em-ribeirao-preto\/","url_meta":{"origin":75591,"position":3},"title":"Motociclista invade romaria de Nossa Senhora e causa p\u00e2nico em Ribeir\u00e3o Preto","author":"noticiasribeiraopreto.com.br","date":"13 de October de 2025","format":false,"excerpt":"Um motociclista de 29 anos foi preso neste domingo (12), depois de invadir com a moto um trecho por onde passava a romaria de Nossa Senhora Aparecida, em Ribeir\u00e3o Preto. Segundo o boletim de ocorr\u00eancia (BO), o motociclista estava com uma mulher na garupa, quando desrespeitou a interdi\u00e7\u00e3o na esquina\u2026","rel":"","context":"In &quot;Not\u00edcias de Ribeir\u00e3o Preto-SP e Regi\u00e3o&quot;","block_context":{"text":"Not\u00edcias de Ribeir\u00e3o Preto-SP e Regi\u00e3o","link":"https:\/\/noticiasribeiraopreto.com.br\/index.php\/category\/noticias-de-ribeirao-preto-sp-e-regiao-ismael-colosi\/"},"img":{"alt_text":"","src":"https:\/\/i0.wp.com\/noticiasribeiraopreto.com.br\/wp-content\/uploads\/2025\/10\/romaria_2025-10-13_15-37-09.webp.webp?fit=1200%2C908&ssl=1&resize=350%2C200","width":350,"height":200,"srcset":"https:\/\/i0.wp.com\/noticiasribeiraopreto.com.br\/wp-content\/uploads\/2025\/10\/romaria_2025-10-13_15-37-09.webp.webp?fit=1200%2C908&ssl=1&resize=350%2C200 1x, https:\/\/i0.wp.com\/noticiasribeiraopreto.com.br\/wp-content\/uploads\/2025\/10\/romaria_2025-10-13_15-37-09.webp.webp?fit=1200%2C908&ssl=1&resize=525%2C300 1.5x, https:\/\/i0.wp.com\/noticiasribeiraopreto.com.br\/wp-content\/uploads\/2025\/10\/romaria_2025-10-13_15-37-09.webp.webp?fit=1200%2C908&ssl=1&resize=700%2C400 2x, https:\/\/i0.wp.com\/noticiasribeiraopreto.com.br\/wp-content\/uploads\/2025\/10\/romaria_2025-10-13_15-37-09.webp.webp?fit=1200%2C908&ssl=1&resize=1050%2C600 3x"},"classes":[]},{"id":64000,"url":"https:\/\/noticiasribeiraopreto.com.br\/index.php\/2025\/02\/27\/motorista-com-sinais-de-embriaguez-e-preso-apos-bater-carro-em-moto-estacionada-em-ribeirao\/","url_meta":{"origin":75591,"position":4},"title":"Motorista com sinais de embriaguez \u00e9 preso ap\u00f3s bater carro em moto estacionada em Ribeir\u00e3o","author":"noticiasribeiraopreto.com.br","date":"27 de February de 2025","format":false,"excerpt":"Um motorista de 54 anos foi preso com sinais de embriaguez, na noite desta quarta-feira (26), depois de bater o carro em uma moto estacionada, na Vila Virg\u00ednia, zona Oeste de Ribeir\u00e3o Preto. Segundo o boletim de ocorr\u00eancia (BO), a colis\u00e3o ocorreu na rua Doutor Jo\u00e3o Gui\u00e3o e, quando a\u2026","rel":"","context":"In &quot;Not\u00edcias de Ribeir\u00e3o Preto-SP e Regi\u00e3o&quot;","block_context":{"text":"Not\u00edcias de Ribeir\u00e3o Preto-SP e Regi\u00e3o","link":"https:\/\/noticiasribeiraopreto.com.br\/index.php\/category\/noticias-de-ribeirao-preto-sp-e-regiao-ismael-colosi\/"},"img":{"alt_text":"","src":"https:\/\/noticiasribeiraopreto.com.br\/wp-content\/uploads\/2024\/02\/whatsapp_image_2022-08-14_at_12_10_03.jpe","width":350,"height":200,"srcset":"https:\/\/noticiasribeiraopreto.com.br\/wp-content\/uploads\/2024\/02\/whatsapp_image_2022-08-14_at_12_10_03.jpe 1x, https:\/\/noticiasribeiraopreto.com.br\/wp-content\/uploads\/2024\/02\/whatsapp_image_2022-08-14_at_12_10_03.jpe 1.5x, https:\/\/noticiasribeiraopreto.com.br\/wp-content\/uploads\/2024\/02\/whatsapp_image_2022-08-14_at_12_10_03.jpe 2x, https:\/\/noticiasribeiraopreto.com.br\/wp-content\/uploads\/2024\/02\/whatsapp_image_2022-08-14_at_12_10_03.jpe 3x"},"classes":[]},{"id":64141,"url":"https:\/\/noticiasribeiraopreto.com.br\/index.php\/2025\/03\/03\/motociclista-morre-apos-ser-arremessado-em-colisao-com-caminhonete\/","url_meta":{"origin":75591,"position":5},"title":"Motociclista morre ap\u00f3s ser arremessado em colis\u00e3o com caminhonete","author":"noticiasribeiraopreto.com.br","date":"3 de March de 2025","format":false,"excerpt":"Um motociclista de 23 anos morreu na tarde deste domingo (2) ap\u00f3s se envolver em um acidente com uma caminhonete em Franca. Durante a ocorr\u00eancia, o passageiro da caminhonete foi preso, j\u00e1 que era procurado por estar devendo a pens\u00e3o aliment\u00edcia. O acidente aconteceu no cruzamento das ruas Prudente de\u2026","rel":"","context":"In &quot;Not\u00edcias de Ribeir\u00e3o Preto-SP e Regi\u00e3o&quot;","block_context":{"text":"Not\u00edcias de Ribeir\u00e3o Preto-SP e Regi\u00e3o","link":"https:\/\/noticiasribeiraopreto.com.br\/index.php\/category\/noticias-de-ribeirao-preto-sp-e-regiao-ismael-colosi\/"},"img":{"alt_text":"","src":"https:\/\/i0.wp.com\/noticiasribeiraopreto.com.br\/wp-content\/uploads\/2025\/03\/acidente-franca_2025-03-02_21-20-51_jpg_2025-03-02_21-20-51.webp.webp?fit=1200%2C673&ssl=1&resize=350%2C200","width":350,"height":200,"srcset":"https:\/\/i0.wp.com\/noticiasribeiraopreto.com.br\/wp-content\/uploads\/2025\/03\/acidente-franca_2025-03-02_21-20-51_jpg_2025-03-02_21-20-51.webp.webp?fit=1200%2C673&ssl=1&resize=350%2C200 1x, https:\/\/i0.wp.com\/noticiasribeiraopreto.com.br\/wp-content\/uploads\/2025\/03\/acidente-franca_2025-03-02_21-20-51_jpg_2025-03-02_21-20-51.webp.webp?fit=1200%2C673&ssl=1&resize=525%2C300 1.5x, https:\/\/i0.wp.com\/noticiasribeiraopreto.com.br\/wp-content\/uploads\/2025\/03\/acidente-franca_2025-03-02_21-20-51_jpg_2025-03-02_21-20-51.webp.webp?fit=1200%2C673&ssl=1&resize=700%2C400 2x, https:\/\/i0.wp.com\/noticiasribeiraopreto.com.br\/wp-content\/uploads\/2025\/03\/acidente-franca_2025-03-02_21-20-51_jpg_2025-03-02_21-20-51.webp.webp?fit=1200%2C673&ssl=1&resize=1050%2C600 3x"},"classes":[]}],"jetpack_sharing_enabled":true,"jetpack_shortlink":"https:\/\/wp.me\/peQAOb-jFd","_links":{"self":[{"href":"https:\/\/noticiasribeiraopreto.com.br\/index.php\/wp-json\/wp\/v2\/posts\/75591","targetHints":{"allow":["GET"]}}],"collection":[{"href":"https:\/\/noticiasribeiraopreto.com.br\/index.php\/wp-json\/wp\/v2\/posts"}],"about":[{"href":"https:\/\/noticiasribeiraopreto.com.br\/index.php\/wp-json\/wp\/v2\/types\/post"}],"author":[{"embeddable":true,"href":"https:\/\/noticiasribeiraopreto.com.br\/index.php\/wp-json\/wp\/v2\/users\/1"}],"replies":[{"embeddable":true,"href":"https:\/\/noticiasribeiraopreto.com.br\/index.php\/wp-json\/wp\/v2\/comments?post=75591"}],"version-history":[{"count":0,"href":"https:\/\/noticiasribeiraopreto.com.br\/index.php\/wp-json\/wp\/v2\/posts\/75591\/revisions"}],"wp:attachment":[{"href":"https:\/\/noticiasribeiraopreto.com.br\/index.php\/wp-json\/wp\/v2\/media?parent=75591"}],"wp:term":[{"taxonomy":"category","embeddable":true,"href":"https:\/\/noticiasribeiraopreto.com.br\/index.php\/wp-json\/wp\/v2\/categories?post=75591"},{"taxonomy":"post_tag","embeddable":true,"href":"https:\/\/noticiasribeiraopreto.com.br\/index.php\/wp-json\/wp\/v2\/tags?post=75591"}],"curies":[{"name":"wp","href":"https:\/\/api.w.org\/{rel}","templated":true}]}}