{"id":75593,"date":"2025-08-12T11:38:38","date_gmt":"2025-08-12T14:38:38","guid":{"rendered":"https:\/\/noticiasribeiraopreto.com.br\/index.php\/2025\/08\/12\/video-mulher-fica-ferida-em-acidente-no-anel-viario-sul\/"},"modified":"2025-08-12T11:38:38","modified_gmt":"2025-08-12T14:38:38","slug":"video-mulher-fica-ferida-em-acidente-no-anel-viario-sul","status":"publish","type":"post","link":"https:\/\/noticiasribeiraopreto.com.br\/index.php\/2025\/08\/12\/video-mulher-fica-ferida-em-acidente-no-anel-viario-sul\/","title":{"rendered":"V\u00cdDEO &#8211; Mulher fica ferida em acidente no Anel Vi\u00e1rio Sul"},"content":{"rendered":"<div class='code-block code-block-1' style='margin: 8px 0 8px auto; text-align: right; display: block; clear: both;'>\n<p><a href=\"https:\/\/wa.link\/vpicfd\"><img data-recalc-dims=\"1\" class=\"wp-image-4922\" style=\"aspect-ratio: 2.0253164556962027; width: 561px; height: auto;\" src=\"https:\/\/i0.wp.com\/ismaelcolosi.com.br\/wp-content\/uploads\/2023\/11\/grupo-de-empregos-whatsapp-e-facebook-ismael-colosi-vagas.jpg?ssl=1\" alt=\"\" \/><\/a><\/p>\n<!-- \/wp:image -->\n<\/div>\n<p> <br \/>\n<\/p>\n<div id=\"\">\n<h2 class=\"penci-post-subtitle\">Tr\u00e2nsito ficou congestionado por mais de cinco quil\u00f4metros e lentid\u00e3o causou outro acidente, este sem v\u00edtimas<\/h2>\n<p>\n\t\t\t\t\t\t\t\t\t<span class=\"entry-meta-item penci-posted-on\"><i class=\"fa fa-clock-o\"\/><time class=\"entry-date published\" datetime=\"2025-08-12T11:37:54-03:00\">12 de agosto de 2025 11:37<\/time><time class=\"updated\" datetime=\"2025-08-12T11:38:14-03:00\">12 de agosto de 2025 11:38<\/time><\/span><span class=\"entry-meta-item penci-post-countview\"><span class=\"entry-meta-item penci-post-countview penci_post-meta_item\"><i class=\"fa fa-eye\"\/><span class=\"penci-post-countview-number penci-post-countview-p434780\">1<\/span><\/span><\/span>\t\t\t\t\t\t\t\t<\/p>\n<p><!-- .entry-meta --><br \/>\n\t\t\t\t\t\t\t\t<span class=\"penci-social-buttons penci-social-share-footer\"><span class=\"penci-social-share-text\">Compartilhar<\/span><a href=\"#\" class=\"penci-post-like penci_post-meta_item  single-like-button penci-social-item like\" data-post_id=\"434780\" title=\"Like\" data-like=\"Like\" data-unlike=\"Unlike\"><i class=\"fa fa-thumbs-o-up\"\/><span class=\"penci-share-number\">0<\/span><\/a><i class=\"fa fa-facebook\"\/><a class=\"penci-social-item twitter\" target=\"_blank\" rel=\"noopener\" title=\"\" href=\"https:\/\/twitter.com\/intent\/tweet?text=V\u00cdDEO%20-%20Mulher%20fica%20ferida%20em%20acidente%20no%20Anel%20Vi\u00e1rio%20Sul%20-%20https:\/\/www.tribunaribeirao.com.br\/video-mulher-fica-ferida-em-acidente-no-anel-viario-sul\/\"><i class=\"fa fa-twitter\"\/><\/a><i class=\"fa fa-linkedin\"\/><i class=\"fa fa-whatsapp\"\/><i class=\"fa fa-telegram\"\/><i class=\"fa fa-envelope\"\/><\/span>\t\t\t\t\t\t\t<\/div>\n<div>\n<p>Por: Alfredo Risk e Adalberto Luque<\/p>\n<p>Uma mulher ficou ferida, na manh\u00e3 desta ter\u00e7a-feira (12), ap\u00f3s cair de sua moto. O acidente ocorreu no Anel Vi\u00e1rio Sul, Rodovia Prefeito Ant\u00f4nio Duarte Nogueira (SP-322), altura do km 318 da pista sentido a Sert\u00e3ozinho.<\/p>\n<p>Segundo a Pol\u00edcia Militar Rodovi\u00e1ria (PMRv), o tr\u00e2nsito era intenso e um ve\u00edculo freou na faixa da esquerda. A mulher vinha atr\u00e1s com sua moto e, para n\u00e3o bater no carro \u00e0 frente, desviou para o lado da mureta no canteiro central.<\/p>\n<figure id=\"attachment_434783\" aria-describedby=\"caption-attachment-434783\" style=\"width: 1170px\" class=\"wp-caption alignnone\"><img data-recalc-dims=\"1\" loading=\"lazy\" decoding=\"async\" class=\"size-full wp-image-434783 lazyload\" src=\"https:\/\/i0.wp.com\/www.tribunaribeirao.com.br\/wp-content\/uploads\/2025\/08\/12-ago-2025-acidenteanelsul2-scaled.jpg?resize=1170%2C780&#038;ssl=1\" alt=\"\" width=\"1170\" height=\"780\" srcset=\"https:\/\/www.tribunaribeirao.com.br\/wp-content\/uploads\/2025\/08\/12-ago-2025-acidenteanelsul2-scaled.jpg 1170w, https:\/\/www.tribunaribeirao.com.br\/wp-content\/uploads\/2025\/08\/12-ago-2025-acidenteanelsul2-300x200.jpg 300w, https:\/\/www.tribunaribeirao.com.br\/wp-content\/uploads\/2025\/08\/12-ago-2025-acidenteanelsul2-1024x683.jpg 1024w, https:\/\/www.tribunaribeirao.com.br\/wp-content\/uploads\/2025\/08\/12-ago-2025-acidenteanelsul2-768x512.jpg 768w, https:\/\/www.tribunaribeirao.com.br\/wp-content\/uploads\/2025\/08\/12-ago-2025-acidenteanelsul2-1536x1024.jpg 1536w, https:\/\/www.tribunaribeirao.com.br\/wp-content\/uploads\/2025\/08\/12-ago-2025-acidenteanelsul2-480x320.jpg 480w, https:\/\/www.tribunaribeirao.com.br\/wp-content\/uploads\/2025\/08\/12-ago-2025-acidenteanelsul2-280x186.jpg 280w, https:\/\/www.tribunaribeirao.com.br\/wp-content\/uploads\/2025\/08\/12-ago-2025-acidenteanelsul2-960x640.jpg 960w, https:\/\/www.tribunaribeirao.com.br\/wp-content\/uploads\/2025\/08\/12-ago-2025-acidenteanelsul2-600x400.jpg 600w, https:\/\/www.tribunaribeirao.com.br\/wp-content\/uploads\/2025\/08\/12-ago-2025-acidenteanelsul2-585x390.jpg 585w\" data-sizes=\"(max-width: 1170px) 100vw, 1170px\" style=\"--smush-placeholder-width: 1170px; --smush-placeholder-aspect-ratio: 1170\/780;\"\/><figcaption id=\"caption-attachment-434783\" class=\"wp-caption-text\">Motociclista foi levada a hospital particular com suspeita de fratura na perna (Foto: Alfredo Risk)<\/figcaption><\/figure>\n<p>A moto bateu na mureta e a mulher caiu. Uma unidade de resgate da Entrevias, concession\u00e1ria que administra o trecho, socorreu a v\u00edtima. A condutora da moto foi levada para um hospital particular em Bonfim Paulista, com suspeita de fratura na perna.<\/p>\n<p><strong>Congestionamento e acidente<\/strong><\/p>\n<p>Para o socorro da motociclista, foi necess\u00e1rio interditar a faixa da esquerda e o tr\u00e2nsito fluiu apenas pela faixa da direita. Isso causou lentid\u00e3o e congestionamento por mais de cinco quil\u00f4metros.<\/p>\n<figure id=\"attachment_434784\" aria-describedby=\"caption-attachment-434784\" style=\"width: 1170px\" class=\"wp-caption alignnone\"><img data-recalc-dims=\"1\" loading=\"lazy\" decoding=\"async\" class=\"size-full wp-image-434784 lazyload\" src=\"https:\/\/i0.wp.com\/www.tribunaribeirao.com.br\/wp-content\/uploads\/2025\/08\/12-ago-2025-acidenteanelsul3-scaled.jpg?resize=1170%2C780&#038;ssl=1\" alt=\"\" width=\"1170\" height=\"780\" srcset=\"https:\/\/www.tribunaribeirao.com.br\/wp-content\/uploads\/2025\/08\/12-ago-2025-acidenteanelsul3-scaled.jpg 1170w, https:\/\/www.tribunaribeirao.com.br\/wp-content\/uploads\/2025\/08\/12-ago-2025-acidenteanelsul3-300x200.jpg 300w, https:\/\/www.tribunaribeirao.com.br\/wp-content\/uploads\/2025\/08\/12-ago-2025-acidenteanelsul3-1024x683.jpg 1024w, https:\/\/www.tribunaribeirao.com.br\/wp-content\/uploads\/2025\/08\/12-ago-2025-acidenteanelsul3-768x512.jpg 768w, https:\/\/www.tribunaribeirao.com.br\/wp-content\/uploads\/2025\/08\/12-ago-2025-acidenteanelsul3-1536x1024.jpg 1536w, https:\/\/www.tribunaribeirao.com.br\/wp-content\/uploads\/2025\/08\/12-ago-2025-acidenteanelsul3-480x320.jpg 480w, https:\/\/www.tribunaribeirao.com.br\/wp-content\/uploads\/2025\/08\/12-ago-2025-acidenteanelsul3-280x186.jpg 280w, https:\/\/www.tribunaribeirao.com.br\/wp-content\/uploads\/2025\/08\/12-ago-2025-acidenteanelsul3-960x640.jpg 960w, https:\/\/www.tribunaribeirao.com.br\/wp-content\/uploads\/2025\/08\/12-ago-2025-acidenteanelsul3-600x400.jpg 600w, https:\/\/www.tribunaribeirao.com.br\/wp-content\/uploads\/2025\/08\/12-ago-2025-acidenteanelsul3-585x390.jpg 585w\" data-sizes=\"(max-width: 1170px) 100vw, 1170px\" style=\"--smush-placeholder-width: 1170px; --smush-placeholder-aspect-ratio: 1170\/780;\"\/><figcaption id=\"caption-attachment-434784\" class=\"wp-caption-text\">Congestionamento alcan\u00e7ou mais de 5 km e causou outra colis\u00e3o (Foto: Aflredo Risk)<\/figcaption><\/figure>\n<p>Com o tr\u00e2nsito bem lento, uma outra colis\u00e3o foi registrada, cerca de dois quil\u00f4metros antes do local da queda da motociclista. Uma caminhonete seguia \u00e0 frente de um carro que n\u00e3o conseguiu frear.<\/p>\n<p>O motorista do carro bateu na traseira da caminhonete. Ningu\u00e9m se feriu na batida, apenas danos materiais. A Pol\u00edcia Civil vai apurar as circunst\u00e2ncias dos dois acidentes.<\/p>\n<p>\u00a0<\/p>\n<p>_____<\/p>\n<p>\u00a0<\/p>\n<p>Jornal Tribuna Ribeir\u00e3o<br \/>Um Jornal com a cara de Ribeir\u00e3o!<\/p>\n<p>Impresso | WEB | Redes sociais<br \/>Tribuna Ribeir\u00e3o \u2013 Fone: (16) 3632-2200 \u2013 Whatsapp: (16) 98161-8743<br \/>Av. Bar\u00e3o do Bananal, 880 \u2013 Jardim Anhanguera, Ribeir\u00e3o Preto<\/p>\n<p>@tribunaribeirao<br \/>@meiaderibeirao<br \/>@dinoderibeirao<br \/>#TribunaRibeir\u00e3o<br \/>#News<br \/>#Not\u00edcia<br \/>#Ribeir\u00e3oPreto #Not\u00edciasDeRibeir\u00e3oPreto<br \/>#ClassificadosTribunaRibeir\u00e3o<br \/>#Jornalismo<br \/>#ClassificadosRibeir\u00e3o<\/p>\n<\/div>\n<p><script async src=\"\/\/platform.twitter.com\/widgets.js\" charset=\"utf-8\"><\/script><br \/>\n<br \/><br \/>\n<br \/><a href=\"https:\/\/www.tribunaribeirao.com.br\/video-mulher-fica-ferida-em-acidente-no-anel-viario-sul\/\">Source link <\/a><\/p>\n<!-- CONTENT END 1 -->\n","protected":false},"excerpt":{"rendered":"<p>Tr\u00e2nsito ficou congestionado por mais de cinco quil\u00f4metros e lentid\u00e3o causou outro acidente, este sem v\u00edtimas 12 de agosto de 2025 11:3712 de agosto de&#8230;<\/p>\n","protected":false},"author":1,"featured_media":75594,"comment_status":"open","ping_status":"open","sticky":false,"template":"","format":"standard","meta":{"advanced_seo_description":"","jetpack_seo_html_title":"","jetpack_seo_noindex":false,"jetpack_post_was_ever_published":false,"_jetpack_newsletter_access":"","_jetpack_dont_email_post_to_subs":false,"_jetpack_newsletter_tier_id":0,"_jetpack_memberships_contains_paywalled_content":false,"_jetpack_memberships_contains_paid_content":false,"footnotes":"","jetpack_publicize_message":"","jetpack_publicize_feature_enabled":true,"jetpack_social_post_already_shared":true,"jetpack_social_options":{"image_generator_settings":{"template":"highway","default_image_id":0,"font":"","enabled":false},"version":2}},"categories":[11],"tags":[],"class_list":["post-75593","post","type-post","status-publish","format-standard","has-post-thumbnail","hentry","category-noticias-de-ribeirao-preto-sp-e-regiao-ismael-colosi"],"jetpack_publicize_connections":[],"jetpack_featured_media_url":"https:\/\/i0.wp.com\/noticiasribeiraopreto.com.br\/wp-content\/uploads\/2025\/08\/12-ago-2025-acidenteanelsul1.jpg?fit=822%2C461&ssl=1","jetpack-related-posts":[{"id":7142,"url":"https:\/\/noticiasribeiraopreto.com.br\/index.php\/2023\/11\/27\/tragedia-na-br-381-acidente-envolvendo-11-veiculos-deixa-pelo-menos-3-vitimas-fatais-e-numero-feridos-ainda-e-desconhecido\/","url_meta":{"origin":75593,"position":0},"title":"Trag\u00e9dia na BR-381: Acidente envolvendo 11 ve\u00edculos deixa pelo menos 3 v\u00edtimas fatais e n\u00famero feridos ainda \u00e9 desconhecido","author":"noticiasribeiraopreto.com.br","date":"27 de November de 2023","format":false,"excerpt":"Um acidente grave envolvendo 11 ve\u00edculos resultou em pelo menos tr\u00eas \u00f3bitos no final da manh\u00e3 desta segunda-feira (27) no quil\u00f4metro 517 da Rodovia Fern\u00e3o Dias, BR-381, pr\u00f3ximo a Igarap\u00e9, na regi\u00e3o metropolitana de Belo Horizonte.Segundo informa\u00e7\u00f5es da Arteris, a concession\u00e1ria respons\u00e1vel pelo trecho, a colis\u00e3o inclui oito autom\u00f3veis de\u2026","rel":"","context":"In &quot;Blog&quot;","block_context":{"text":"Blog","link":"https:\/\/noticiasribeiraopreto.com.br\/index.php\/category\/blog\/"},"img":{"alt_text":"","src":"https:\/\/i0.wp.com\/noticiasribeiraopreto.com.br\/wp-content\/uploads\/2023\/11\/postimg-6564d2d1357673855.jpg?fit=1200%2C628&ssl=1&resize=350%2C200","width":350,"height":200,"srcset":"https:\/\/i0.wp.com\/noticiasribeiraopreto.com.br\/wp-content\/uploads\/2023\/11\/postimg-6564d2d1357673855.jpg?fit=1200%2C628&ssl=1&resize=350%2C200 1x, https:\/\/i0.wp.com\/noticiasribeiraopreto.com.br\/wp-content\/uploads\/2023\/11\/postimg-6564d2d1357673855.jpg?fit=1200%2C628&ssl=1&resize=525%2C300 1.5x, https:\/\/i0.wp.com\/noticiasribeiraopreto.com.br\/wp-content\/uploads\/2023\/11\/postimg-6564d2d1357673855.jpg?fit=1200%2C628&ssl=1&resize=700%2C400 2x, https:\/\/i0.wp.com\/noticiasribeiraopreto.com.br\/wp-content\/uploads\/2023\/11\/postimg-6564d2d1357673855.jpg?fit=1200%2C628&ssl=1&resize=1050%2C600 3x"},"classes":[]},{"id":77899,"url":"https:\/\/noticiasribeiraopreto.com.br\/index.php\/2025\/09\/28\/transito-em-rp-numeros-menores-medo-igual\/","url_meta":{"origin":75593,"position":1},"title":"Tr\u00e2nsito em RP: n\u00fameros menores, medo igual","author":"noticiasribeiraopreto.com.br","date":"28 de September de 2025","format":false,"excerpt":"Por Adalberto Luque\u00a0 O n\u00famero de acidentes de tr\u00e2nsito em Ribeir\u00e3o Preto, nos oito primeiros meses de 2025, em compara\u00e7\u00e3o com o mesmo per\u00edodo do ano anterior, teve queda de 32,7%. O n\u00famero de mortos no tr\u00e2nsito, nas ruas ou rodovias que cruzam a cidade, tamb\u00e9m teve retra\u00e7\u00e3o de 13,9%.\u2026","rel":"","context":"In &quot;Not\u00edcias de Ribeir\u00e3o Preto-SP e Regi\u00e3o&quot;","block_context":{"text":"Not\u00edcias de Ribeir\u00e3o Preto-SP e Regi\u00e3o","link":"https:\/\/noticiasribeiraopreto.com.br\/index.php\/category\/noticias-de-ribeirao-preto-sp-e-regiao-ismael-colosi\/"},"img":{"alt_text":"","src":"https:\/\/i0.wp.com\/noticiasribeiraopreto.com.br\/wp-content\/uploads\/2025\/09\/FOTO-02-Acidente-Botanico-Foto-Alfredo-Risk-scaled.jpg?fit=1170%2C780&ssl=1&resize=350%2C200","width":350,"height":200,"srcset":"https:\/\/i0.wp.com\/noticiasribeiraopreto.com.br\/wp-content\/uploads\/2025\/09\/FOTO-02-Acidente-Botanico-Foto-Alfredo-Risk-scaled.jpg?fit=1170%2C780&ssl=1&resize=350%2C200 1x, https:\/\/i0.wp.com\/noticiasribeiraopreto.com.br\/wp-content\/uploads\/2025\/09\/FOTO-02-Acidente-Botanico-Foto-Alfredo-Risk-scaled.jpg?fit=1170%2C780&ssl=1&resize=525%2C300 1.5x, https:\/\/i0.wp.com\/noticiasribeiraopreto.com.br\/wp-content\/uploads\/2025\/09\/FOTO-02-Acidente-Botanico-Foto-Alfredo-Risk-scaled.jpg?fit=1170%2C780&ssl=1&resize=700%2C400 2x, https:\/\/i0.wp.com\/noticiasribeiraopreto.com.br\/wp-content\/uploads\/2025\/09\/FOTO-02-Acidente-Botanico-Foto-Alfredo-Risk-scaled.jpg?fit=1170%2C780&ssl=1&resize=1050%2C600 3x"},"classes":[]},{"id":60736,"url":"https:\/\/noticiasribeiraopreto.com.br\/index.php\/2024\/11\/24\/comissao-da-camara-dos-deputados-visita-oficina-da-voepass-em-ribeirao-preto\/","url_meta":{"origin":75593,"position":2},"title":"Comiss\u00e3o da C\u00e2mara dos Deputados visita oficina da Voepass em Ribeir\u00e3o Preto","author":"noticiasribeiraopreto.com.br","date":"24 de November de 2024","format":false,"excerpt":"A comiss\u00e3o externa da C\u00e2mara dos Deputados criada para acompanhar as investiga\u00e7\u00f5es sobre o acidente da Voepass visita a oficina da companhia na pr\u00f3xima quinta-feira (28), em Ribeir\u00e3o Preto. O acidente aconteceu no \u00faltimo dia 9 de agosto, e vitimou 62 pessoas, entre passageiros e tripulantes. A visita acontece a\u2026","rel":"","context":"In &quot;Not\u00edcias de Ribeir\u00e3o Preto-SP e Regi\u00e3o&quot;","block_context":{"text":"Not\u00edcias de Ribeir\u00e3o Preto-SP e Regi\u00e3o","link":"https:\/\/noticiasribeiraopreto.com.br\/index.php\/category\/noticias-de-ribeirao-preto-sp-e-regiao-ismael-colosi\/"},"img":{"alt_text":"","src":"https:\/\/i0.wp.com\/noticiasribeiraopreto.com.br\/wp-content\/uploads\/2024\/11\/Copia-de-Copia-de-TAMANHO-EXATO-PARA-FOTOS-NO-SISTEMA-NOVO-55.jpg?fit=1200%2C675&ssl=1&resize=350%2C200","width":350,"height":200,"srcset":"https:\/\/i0.wp.com\/noticiasribeiraopreto.com.br\/wp-content\/uploads\/2024\/11\/Copia-de-Copia-de-TAMANHO-EXATO-PARA-FOTOS-NO-SISTEMA-NOVO-55.jpg?fit=1200%2C675&ssl=1&resize=350%2C200 1x, https:\/\/i0.wp.com\/noticiasribeiraopreto.com.br\/wp-content\/uploads\/2024\/11\/Copia-de-Copia-de-TAMANHO-EXATO-PARA-FOTOS-NO-SISTEMA-NOVO-55.jpg?fit=1200%2C675&ssl=1&resize=525%2C300 1.5x, https:\/\/i0.wp.com\/noticiasribeiraopreto.com.br\/wp-content\/uploads\/2024\/11\/Copia-de-Copia-de-TAMANHO-EXATO-PARA-FOTOS-NO-SISTEMA-NOVO-55.jpg?fit=1200%2C675&ssl=1&resize=700%2C400 2x, https:\/\/i0.wp.com\/noticiasribeiraopreto.com.br\/wp-content\/uploads\/2024\/11\/Copia-de-Copia-de-TAMANHO-EXATO-PARA-FOTOS-NO-SISTEMA-NOVO-55.jpg?fit=1200%2C675&ssl=1&resize=1050%2C600 3x"},"classes":[]},{"id":13882,"url":"https:\/\/noticiasribeiraopreto.com.br\/index.php\/2023\/12\/11\/padre-nao-resiste-apos-grave-acidente-na-pr-323-ele-lutou-por-sua-vida-durante-4-meses\/","url_meta":{"origin":75593,"position":3},"title":"Padre n\u00e3o resiste ap\u00f3s grave acidente na PR-323; ele lutou por sua vida durante 4 meses","author":"noticiasribeiraopreto.com.br","date":"11 de December de 2023","format":false,"excerpt":"Nesta segunda-feira, dia 11 de dezembro, o padre Jos\u00e9 Sversutti, que atuava na Arquidiocese de Maring\u00e1, no Paran\u00e1, morreu ap\u00f3s ter ficado quatro meses internado na UTI (Unidade de Tratamento Intensivo) de uma unidade de sa\u00fade da localidade.No \u00faltimo dia 29 de agosto, o religioso foi v\u00edtima de um grave\u2026","rel":"","context":"In &quot;Blog&quot;","block_context":{"text":"Blog","link":"https:\/\/noticiasribeiraopreto.com.br\/index.php\/category\/blog\/"},"img":{"alt_text":"","src":"https:\/\/i0.wp.com\/noticiasribeiraopreto.com.br\/wp-content\/uploads\/2023\/12\/postimg-6577224f0e06c7529.jpg?fit=1200%2C628&ssl=1&resize=350%2C200","width":350,"height":200,"srcset":"https:\/\/i0.wp.com\/noticiasribeiraopreto.com.br\/wp-content\/uploads\/2023\/12\/postimg-6577224f0e06c7529.jpg?fit=1200%2C628&ssl=1&resize=350%2C200 1x, https:\/\/i0.wp.com\/noticiasribeiraopreto.com.br\/wp-content\/uploads\/2023\/12\/postimg-6577224f0e06c7529.jpg?fit=1200%2C628&ssl=1&resize=525%2C300 1.5x, https:\/\/i0.wp.com\/noticiasribeiraopreto.com.br\/wp-content\/uploads\/2023\/12\/postimg-6577224f0e06c7529.jpg?fit=1200%2C628&ssl=1&resize=700%2C400 2x, https:\/\/i0.wp.com\/noticiasribeiraopreto.com.br\/wp-content\/uploads\/2023\/12\/postimg-6577224f0e06c7529.jpg?fit=1200%2C628&ssl=1&resize=1050%2C600 3x"},"classes":[]},{"id":31886,"url":"https:\/\/noticiasribeiraopreto.com.br\/index.php\/2024\/01\/23\/acidentes-de-trabalho-rp-registrou-21-obitos-em-2023\/","url_meta":{"origin":75593,"position":4},"title":"Acidentes de trabalho: RP registrou 21 \u00f3bitos em 2023\u00a0","author":"noticiasribeiraopreto.com.br","date":"23 de January de 2024","format":false,"excerpt":"23 de janeiro de 2024 | 14:0023 de janeiro de 2024 | 9:16 0O Centro de Refer\u00eancia em Sa\u00fade do Trabalhador (Cerest), vinculado \u00e0 Secretaria Municipal da Sa\u00fade, divulgou o balan\u00e7o de atividades do ano passado. Os dados do Sistema de Notifica\u00e7\u00e3o de Agravo em Sa\u00fade do Trabalhador (Sinan) indicam\u2026","rel":"","context":"In &quot;Not\u00edcias de Ribeir\u00e3o Preto-SP e Regi\u00e3o&quot;","block_context":{"text":"Not\u00edcias de Ribeir\u00e3o Preto-SP e Regi\u00e3o","link":"https:\/\/noticiasribeiraopreto.com.br\/index.php\/category\/noticias-de-ribeirao-preto-sp-e-regiao-ismael-colosi\/"},"img":{"alt_text":"","src":"https:\/\/i0.wp.com\/noticiasribeiraopreto.com.br\/wp-content\/uploads\/2024\/01\/Cerest-Divulgacao-01-scaled.jpg?fit=967%2C645&ssl=1&resize=350%2C200","width":350,"height":200,"srcset":"https:\/\/i0.wp.com\/noticiasribeiraopreto.com.br\/wp-content\/uploads\/2024\/01\/Cerest-Divulgacao-01-scaled.jpg?fit=967%2C645&ssl=1&resize=350%2C200 1x, https:\/\/i0.wp.com\/noticiasribeiraopreto.com.br\/wp-content\/uploads\/2024\/01\/Cerest-Divulgacao-01-scaled.jpg?fit=967%2C645&ssl=1&resize=525%2C300 1.5x, https:\/\/i0.wp.com\/noticiasribeiraopreto.com.br\/wp-content\/uploads\/2024\/01\/Cerest-Divulgacao-01-scaled.jpg?fit=967%2C645&ssl=1&resize=700%2C400 2x"},"classes":[]},{"id":7158,"url":"https:\/\/noticiasribeiraopreto.com.br\/index.php\/2023\/11\/27\/br-381-acidente-com-10-veiculos-deixa-6-motos-em-mg-no-mesmo-local-da-tragedia-com-os-torcedores-do-corinthians\/","url_meta":{"origin":75593,"position":5},"title":"BR-381: Acidente com 10 ve\u00edculos deixa 6 motos em MG, no mesmo local da trag\u00e9dia com os torcedores do Corinthians","author":"noticiasribeiraopreto.com.br","date":"27 de November de 2023","format":false,"excerpt":"Subiu para seis\u00a0 o n\u00famero de pessoas que perderam a vida na tarde desta segunda-feira (27) na Rodovia Fern\u00e3o Dias, na Serra de Igarap\u00e9, 3m um dos trchos da BR-381 que conta Regi\u00e3o Metropolitana de Belo Horizonte.Este \u00e9 o mesmo trecho onde sete torcedores do Corinthians faleceram em agosto deste\u2026","rel":"","context":"In &quot;Blog&quot;","block_context":{"text":"Blog","link":"https:\/\/noticiasribeiraopreto.com.br\/index.php\/category\/blog\/"},"img":{"alt_text":"","src":"https:\/\/i0.wp.com\/noticiasribeiraopreto.com.br\/wp-content\/uploads\/2023\/11\/postimg-6564eee3809b28268.jpg?fit=1200%2C628&ssl=1&resize=350%2C200","width":350,"height":200,"srcset":"https:\/\/i0.wp.com\/noticiasribeiraopreto.com.br\/wp-content\/uploads\/2023\/11\/postimg-6564eee3809b28268.jpg?fit=1200%2C628&ssl=1&resize=350%2C200 1x, https:\/\/i0.wp.com\/noticiasribeiraopreto.com.br\/wp-content\/uploads\/2023\/11\/postimg-6564eee3809b28268.jpg?fit=1200%2C628&ssl=1&resize=525%2C300 1.5x, https:\/\/i0.wp.com\/noticiasribeiraopreto.com.br\/wp-content\/uploads\/2023\/11\/postimg-6564eee3809b28268.jpg?fit=1200%2C628&ssl=1&resize=700%2C400 2x, https:\/\/i0.wp.com\/noticiasribeiraopreto.com.br\/wp-content\/uploads\/2023\/11\/postimg-6564eee3809b28268.jpg?fit=1200%2C628&ssl=1&resize=1050%2C600 3x"},"classes":[]}],"jetpack_sharing_enabled":true,"jetpack_shortlink":"https:\/\/wp.me\/peQAOb-jFf","_links":{"self":[{"href":"https:\/\/noticiasribeiraopreto.com.br\/index.php\/wp-json\/wp\/v2\/posts\/75593","targetHints":{"allow":["GET"]}}],"collection":[{"href":"https:\/\/noticiasribeiraopreto.com.br\/index.php\/wp-json\/wp\/v2\/posts"}],"about":[{"href":"https:\/\/noticiasribeiraopreto.com.br\/index.php\/wp-json\/wp\/v2\/types\/post"}],"author":[{"embeddable":true,"href":"https:\/\/noticiasribeiraopreto.com.br\/index.php\/wp-json\/wp\/v2\/users\/1"}],"replies":[{"embeddable":true,"href":"https:\/\/noticiasribeiraopreto.com.br\/index.php\/wp-json\/wp\/v2\/comments?post=75593"}],"version-history":[{"count":0,"href":"https:\/\/noticiasribeiraopreto.com.br\/index.php\/wp-json\/wp\/v2\/posts\/75593\/revisions"}],"wp:featuredmedia":[{"embeddable":true,"href":"https:\/\/noticiasribeiraopreto.com.br\/index.php\/wp-json\/wp\/v2\/media\/75594"}],"wp:attachment":[{"href":"https:\/\/noticiasribeiraopreto.com.br\/index.php\/wp-json\/wp\/v2\/media?parent=75593"}],"wp:term":[{"taxonomy":"category","embeddable":true,"href":"https:\/\/noticiasribeiraopreto.com.br\/index.php\/wp-json\/wp\/v2\/categories?post=75593"},{"taxonomy":"post_tag","embeddable":true,"href":"https:\/\/noticiasribeiraopreto.com.br\/index.php\/wp-json\/wp\/v2\/tags?post=75593"}],"curies":[{"name":"wp","href":"https:\/\/api.w.org\/{rel}","templated":true}]}}