{"id":75597,"date":"2025-08-12T12:39:30","date_gmt":"2025-08-12T15:39:30","guid":{"rendered":"https:\/\/noticiasribeiraopreto.com.br\/index.php\/2025\/08\/12\/moradores-aprovam-expulsao-de-fazendeiro-acusado-de-ameacar-vizinhos-em-condominio\/"},"modified":"2025-08-12T12:39:30","modified_gmt":"2025-08-12T15:39:30","slug":"moradores-aprovam-expulsao-de-fazendeiro-acusado-de-ameacar-vizinhos-em-condominio","status":"publish","type":"post","link":"https:\/\/noticiasribeiraopreto.com.br\/index.php\/2025\/08\/12\/moradores-aprovam-expulsao-de-fazendeiro-acusado-de-ameacar-vizinhos-em-condominio\/","title":{"rendered":"Moradores aprovam expuls\u00e3o de fazendeiro acusado de amea\u00e7ar vizinhos em condom\u00ednio"},"content":{"rendered":"<div class='code-block code-block-1' style='margin: 8px 0 8px auto; text-align: right; display: block; clear: both;'>\n<p><a href=\"https:\/\/wa.link\/vpicfd\"><img data-recalc-dims=\"1\" class=\"wp-image-4922\" style=\"aspect-ratio: 2.0253164556962027; width: 561px; height: auto;\" src=\"https:\/\/i0.wp.com\/ismaelcolosi.com.br\/wp-content\/uploads\/2023\/11\/grupo-de-empregos-whatsapp-e-facebook-ismael-colosi-vagas.jpg?ssl=1\" alt=\"\" \/><\/a><\/p>\n<!-- \/wp:image -->\n<\/div>\n<p> <br \/>\n<\/p>\n<div data-td-block-uid=\"tdi_95\">\n<div class=\"tdb-block-inner td-fix-index\">\n<p><strong>Os moradores do pr\u00e9dio onde o fazendeiro Al\u00edpio Jo\u00e3o J\u00fanior mantinha resid\u00eancia at\u00e9 ser preso, na regi\u00e3o central de Ribeir\u00e3o Preto, aprovaram a expuls\u00e3o dele do condom\u00ednio, em assembleia realizada nesta segunda-feira (11).<\/strong><\/p>\n<p><strong>Al\u00edpio <\/strong>est\u00e1 <strong>preso preventivamente <\/strong>no <strong>Centro de Deten\u00e7\u00e3o Provis\u00f3ria (CDP)<\/strong> da cidade, <mark style=\"background-color:#fcb900\" class=\"has-inline-color has-black-color\">acusado de uma s\u00e9rie de crimes, incluindo\u00a0amea\u00e7as,\u00a0perturba\u00e7\u00e3o do sossego,\u00a0inj\u00faria racial,\u00a0persegui\u00e7\u00e3o\u00a0e\u00a0coa\u00e7\u00e3o contra vizinhos.<\/mark><\/p>\n<p>Segundo informa\u00e7\u00f5es apuradas pela EPTV, dos 48 propriet\u00e1rios de apartamentos no pr\u00e9dio, 36 votaram a favor da sa\u00edda dele e os outros n\u00e3o participaram, entre eles a m\u00e3e de Al\u00edpio, dona do im\u00f3vel onde o filho vivia.<\/p>\n<h2 class=\"wp-block-heading\"><strong>Na Justi\u00e7a<\/strong><\/h2>\n<p>No \u00faltimo dia 28 de julho, a\u00a0Justi\u00e7a negou o\u00a0pedido de liminar para expulsar o fazendeiro\u00a0Al\u00edpio Jo\u00e3o J\u00fanior do condom\u00ednio.<\/p>\n<p>Moradores haviam ingressado com a a\u00e7\u00e3o para tentar impedir o retorno dele ao pr\u00e9dio, caso conseguisse um habeas corpus.<\/p>\n<p>A\u00a0ju\u00edza Roberta Luchiari Villela destacou que a expuls\u00e3o de um cond\u00f4mino exigia uma assembleia com aprova\u00e7\u00e3o de ao menos tr\u00eas quartos dos moradores e o direito de defesa ao acusado.<\/p>\n<p>A Justi\u00e7a ainda dever\u00e1 decidir sobre a expuls\u00e3o.<\/p>\n<p>SAIBA MAIS<\/p>\n<p>Homem \u00e9 preso suspeito de integrar quadrilha que roubou casa de ex-prefeito<\/p>\n<h3 class=\"wp-block-heading\"><strong>FIQUE ON<\/strong><\/h3>\n<p>Fique ligado em tudo que acontece em Ribeir\u00e3o Preto e regi\u00e3o. Siga os perfis do\u00a0<strong>acidade on<\/strong>\u00a0no<a href=\"https:\/\/www.instagram.com\/acidadeonribeirao\" target=\"_blank\" rel=\"noreferrer noopener\">\u00a0Instagram<\/a>\u00a0e no\u00a0<a href=\"https:\/\/www.facebook.com\/acidadeonribeirao\/\" target=\"_blank\" rel=\"noreferrer noopener\">Facebook.<\/a><\/p>\n<p>Receba not\u00edcias do\u00a0<strong>acidade on\u00a0<\/strong>no WhatsApp.\u00a0<a href=\"https:\/\/chat.whatsapp.com\/I4nieTEMKlf50pJ28aMemC?mode=ac_t\" target=\"_blank\" rel=\"noreferrer noopener\">Para entrar no grupo, basta clicar aqui.<\/a><\/p>\n<p>Fa\u00e7a uma den\u00fancia ou sugira uma reportagem sobre Ribeir\u00e3o Preto e regi\u00e3o pelo WhatsApp: 16 99117 7802.<\/p>\n<p>VEJA TAMB\u00c9M<\/p>\n<p>Voc\u00ea conhece os principais benef\u00edcios do abacate para a sa\u00fade?<\/p>\n<p><!-- AI CONTENT END 1 -->\n<\/div>\n<\/div>\n<p><script async src=\"\/\/www.instagram.com\/embed.js\"><\/script><br \/>\n<br \/><br \/>\n<br \/><a href=\"https:\/\/www.acidadeon.com\/ribeiraopreto\/cotidiano\/moradores-aprovam-expulsao-de-fazendeiro-acusado-de-ameacar-vizinhos-em-condominio\/\">Source link <\/a><\/p>\n<!-- CONTENT END 1 -->\n","protected":false},"excerpt":{"rendered":"<p>Os moradores do pr\u00e9dio onde o fazendeiro Al\u00edpio Jo\u00e3o J\u00fanior mantinha resid\u00eancia at\u00e9 ser preso, na regi\u00e3o central de Ribeir\u00e3o Preto, aprovaram a expuls\u00e3o dele&#8230;<\/p>\n","protected":false},"author":1,"featured_media":74052,"comment_status":"open","ping_status":"open","sticky":false,"template":"","format":"standard","meta":{"advanced_seo_description":"","jetpack_seo_html_title":"","jetpack_seo_noindex":false,"jetpack_post_was_ever_published":false,"_jetpack_newsletter_access":"","_jetpack_dont_email_post_to_subs":false,"_jetpack_newsletter_tier_id":0,"_jetpack_memberships_contains_paywalled_content":false,"_jetpack_memberships_contains_paid_content":false,"footnotes":"","jetpack_publicize_message":"","jetpack_publicize_feature_enabled":true,"jetpack_social_post_already_shared":true,"jetpack_social_options":{"image_generator_settings":{"template":"highway","default_image_id":0,"font":"","enabled":false},"version":2}},"categories":[11],"tags":[],"class_list":["post-75597","post","type-post","status-publish","format-standard","has-post-thumbnail","hentry","category-noticias-de-ribeirao-preto-sp-e-regiao-ismael-colosi"],"jetpack_publicize_connections":[],"jetpack_featured_media_url":"https:\/\/i0.wp.com\/noticiasribeiraopreto.com.br\/wp-content\/uploads\/2025\/07\/ALIPIO_2025-07-15_10-05-18.webp.webp?fit=1200%2C829&ssl=1","jetpack-related-posts":[{"id":75957,"url":"https:\/\/noticiasribeiraopreto.com.br\/index.php\/2025\/08\/19\/justica-confirma-expulsao-de-fazendeiro-de-condominio-em-ribeirao-preto\/","url_meta":{"origin":75597,"position":0},"title":"Justi\u00e7a confirma expuls\u00e3o de fazendeiro de condom\u00ednio em Ribeir\u00e3o Preto","author":"noticiasribeiraopreto.com.br","date":"19 de August de 2025","format":false,"excerpt":"A ju\u00edza Roberta Luchiari Villela, da 8\u00aa Vara C\u00edvel de Ribeir\u00e3o Preto, determinou a expuls\u00e3o do fazendeiro Al\u00edpio Jo\u00e3o J\u00fanior do condom\u00ednio onde ele morava, no Centro. A decis\u00e3o segue a assembleia de condom\u00ednio, no qual os vizinhos de Al\u00edpio aprovaram a expuls\u00e3o dele do residencial. Al\u00edpio est\u00e1 preso preventivamente\u2026","rel":"","context":"In &quot;Not\u00edcias de Ribeir\u00e3o Preto-SP e Regi\u00e3o&quot;","block_context":{"text":"Not\u00edcias de Ribeir\u00e3o Preto-SP e Regi\u00e3o","link":"https:\/\/noticiasribeiraopreto.com.br\/index.php\/category\/noticias-de-ribeirao-preto-sp-e-regiao-ismael-colosi\/"},"img":{"alt_text":"","src":"https:\/\/i0.wp.com\/noticiasribeiraopreto.com.br\/wp-content\/uploads\/2025\/07\/ALIPIO_2025-07-15_10-05-18.webp.webp?fit=1200%2C829&ssl=1&resize=350%2C200","width":350,"height":200,"srcset":"https:\/\/i0.wp.com\/noticiasribeiraopreto.com.br\/wp-content\/uploads\/2025\/07\/ALIPIO_2025-07-15_10-05-18.webp.webp?fit=1200%2C829&ssl=1&resize=350%2C200 1x, https:\/\/i0.wp.com\/noticiasribeiraopreto.com.br\/wp-content\/uploads\/2025\/07\/ALIPIO_2025-07-15_10-05-18.webp.webp?fit=1200%2C829&ssl=1&resize=525%2C300 1.5x, https:\/\/i0.wp.com\/noticiasribeiraopreto.com.br\/wp-content\/uploads\/2025\/07\/ALIPIO_2025-07-15_10-05-18.webp.webp?fit=1200%2C829&ssl=1&resize=700%2C400 2x, https:\/\/i0.wp.com\/noticiasribeiraopreto.com.br\/wp-content\/uploads\/2025\/07\/ALIPIO_2025-07-15_10-05-18.webp.webp?fit=1200%2C829&ssl=1&resize=1050%2C600 3x"},"classes":[]},{"id":75608,"url":"https:\/\/noticiasribeiraopreto.com.br\/index.php\/2025\/08\/12\/moradores-aprovam-expulsao-de-fazendeiro-do-condominio-no-centro\/","url_meta":{"origin":75597,"position":1},"title":"Moradores aprovam expuls\u00e3o de fazendeiro do condom\u00ednio no Centro","author":"noticiasribeiraopreto.com.br","date":"12 de August de 2025","format":false,"excerpt":"Por: Adalberto Luque Moradores do condom\u00ednio onde mora o fazendeiro Al\u00edpio Jo\u00e3o J\u00fanior, de 58 anos, aprovaram, na noite desta segunda-feira (11), sua expuls\u00e3o. Os moradores do pr\u00e9dio, que fica na rua Garibaldi, Centro de Ribeir\u00e3o Preto, realizaram uma assembleia para decidir a quest\u00e3o. Dos 48 moradores do pr\u00e9dio, 41\u2026","rel":"","context":"In &quot;Not\u00edcias de Ribeir\u00e3o Preto-SP e Regi\u00e3o&quot;","block_context":{"text":"Not\u00edcias de Ribeir\u00e3o Preto-SP e Regi\u00e3o","link":"https:\/\/noticiasribeiraopreto.com.br\/index.php\/category\/noticias-de-ribeirao-preto-sp-e-regiao-ismael-colosi\/"},"img":{"alt_text":"","src":"https:\/\/i0.wp.com\/noticiasribeiraopreto.com.br\/wp-content\/uploads\/2025\/08\/12-ago-2025-predioalipio5-scaled.jpg?fit=1200%2C474&ssl=1&resize=350%2C200","width":350,"height":200,"srcset":"https:\/\/i0.wp.com\/noticiasribeiraopreto.com.br\/wp-content\/uploads\/2025\/08\/12-ago-2025-predioalipio5-scaled.jpg?fit=1200%2C474&ssl=1&resize=350%2C200 1x, https:\/\/i0.wp.com\/noticiasribeiraopreto.com.br\/wp-content\/uploads\/2025\/08\/12-ago-2025-predioalipio5-scaled.jpg?fit=1200%2C474&ssl=1&resize=525%2C300 1.5x, https:\/\/i0.wp.com\/noticiasribeiraopreto.com.br\/wp-content\/uploads\/2025\/08\/12-ago-2025-predioalipio5-scaled.jpg?fit=1200%2C474&ssl=1&resize=700%2C400 2x, https:\/\/i0.wp.com\/noticiasribeiraopreto.com.br\/wp-content\/uploads\/2025\/08\/12-ago-2025-predioalipio5-scaled.jpg?fit=1200%2C474&ssl=1&resize=1050%2C600 3x"},"classes":[]},{"id":75955,"url":"https:\/\/noticiasribeiraopreto.com.br\/index.php\/2025\/08\/19\/justica-expulsa-fazendeiro-de-condominio\/","url_meta":{"origin":75597,"position":2},"title":"Justi\u00e7a expulsa fazendeiro de condom\u00ednio","author":"noticiasribeiraopreto.com.br","date":"19 de August de 2025","format":false,"excerpt":"Decis\u00e3o contempla resultado de assembleia de moradores e impede que Al\u00edpio Jo\u00e3o J\u00fanior volte ao pr\u00e9dio 19 de agosto de 2025 12:091 Compartilhar0 Por: Adalberto Luque O Tribunal de Justi\u00e7a de S\u00e3o Paulo determinou a expuls\u00e3o do fazendeiro Al\u00edpio Jo\u00e3o J\u00fanior do condom\u00ednio onde morava, no Centro de Ribeir\u00e3o Preto.\u2026","rel":"","context":"In &quot;Not\u00edcias de Ribeir\u00e3o Preto-SP e Regi\u00e3o&quot;","block_context":{"text":"Not\u00edcias de Ribeir\u00e3o Preto-SP e Regi\u00e3o","link":"https:\/\/noticiasribeiraopreto.com.br\/index.php\/category\/noticias-de-ribeirao-preto-sp-e-regiao-ismael-colosi\/"},"img":{"alt_text":"","src":"https:\/\/i0.wp.com\/noticiasribeiraopreto.com.br\/wp-content\/uploads\/2025\/08\/16-jul-2025-alipiojoaojunior2.jpg?fit=984%2C616&ssl=1&resize=350%2C200","width":350,"height":200,"srcset":"https:\/\/i0.wp.com\/noticiasribeiraopreto.com.br\/wp-content\/uploads\/2025\/08\/16-jul-2025-alipiojoaojunior2.jpg?fit=984%2C616&ssl=1&resize=350%2C200 1x, https:\/\/i0.wp.com\/noticiasribeiraopreto.com.br\/wp-content\/uploads\/2025\/08\/16-jul-2025-alipiojoaojunior2.jpg?fit=984%2C616&ssl=1&resize=525%2C300 1.5x, https:\/\/i0.wp.com\/noticiasribeiraopreto.com.br\/wp-content\/uploads\/2025\/08\/16-jul-2025-alipiojoaojunior2.jpg?fit=984%2C616&ssl=1&resize=700%2C400 2x"},"classes":[]},{"id":74761,"url":"https:\/\/noticiasribeiraopreto.com.br\/index.php\/2025\/07\/28\/moradores-tentam-expulsar-fazendeiro-preso-por-ameacas-mas-justica-nega-pedido\/","url_meta":{"origin":75597,"position":3},"title":"Moradores tentam expulsar fazendeiro preso por amea\u00e7as, mas Justi\u00e7a nega pedido","author":"noticiasribeiraopreto.com.br","date":"28 de July de 2025","format":false,"excerpt":"A Justi\u00e7a de Ribeir\u00e3o Preto negou, nesta segunda-feira (28), o pedido de liminar para expulsar o fazendeiro Al\u00edpio Jo\u00e3o J\u00fanio do condom\u00ednio onde mora. Al\u00edpio est\u00e1 preso preventivamente no Centro de Deten\u00e7\u00e3o Provis\u00f3ria (CDP) da cidade, acusado de uma s\u00e9rie de crimes, incluindo amea\u00e7as, perturba\u00e7\u00e3o do sossego, inj\u00faria racial, persegui\u00e7\u00e3o\u2026","rel":"","context":"In &quot;Not\u00edcias de Ribeir\u00e3o Preto-SP e Regi\u00e3o&quot;","block_context":{"text":"Not\u00edcias de Ribeir\u00e3o Preto-SP e Regi\u00e3o","link":"https:\/\/noticiasribeiraopreto.com.br\/index.php\/category\/noticias-de-ribeirao-preto-sp-e-regiao-ismael-colosi\/"},"img":{"alt_text":"","src":"https:\/\/i0.wp.com\/noticiasribeiraopreto.com.br\/wp-content\/uploads\/2025\/07\/Copia-de-Copia-de-Copia-de-TAMANHO-EXATO-PARA-FOTOS-NO-SISTEMA-NOVO-2025-07-16T150138.301_2025-07-16_18-02-17.webp.webp?fit=1200%2C675&ssl=1&resize=350%2C200","width":350,"height":200,"srcset":"https:\/\/i0.wp.com\/noticiasribeiraopreto.com.br\/wp-content\/uploads\/2025\/07\/Copia-de-Copia-de-Copia-de-TAMANHO-EXATO-PARA-FOTOS-NO-SISTEMA-NOVO-2025-07-16T150138.301_2025-07-16_18-02-17.webp.webp?fit=1200%2C675&ssl=1&resize=350%2C200 1x, https:\/\/i0.wp.com\/noticiasribeiraopreto.com.br\/wp-content\/uploads\/2025\/07\/Copia-de-Copia-de-Copia-de-TAMANHO-EXATO-PARA-FOTOS-NO-SISTEMA-NOVO-2025-07-16T150138.301_2025-07-16_18-02-17.webp.webp?fit=1200%2C675&ssl=1&resize=525%2C300 1.5x, https:\/\/i0.wp.com\/noticiasribeiraopreto.com.br\/wp-content\/uploads\/2025\/07\/Copia-de-Copia-de-Copia-de-TAMANHO-EXATO-PARA-FOTOS-NO-SISTEMA-NOVO-2025-07-16T150138.301_2025-07-16_18-02-17.webp.webp?fit=1200%2C675&ssl=1&resize=700%2C400 2x, https:\/\/i0.wp.com\/noticiasribeiraopreto.com.br\/wp-content\/uploads\/2025\/07\/Copia-de-Copia-de-Copia-de-TAMANHO-EXATO-PARA-FOTOS-NO-SISTEMA-NOVO-2025-07-16T150138.301_2025-07-16_18-02-17.webp.webp?fit=1200%2C675&ssl=1&resize=1050%2C600 3x"},"classes":[]},{"id":74116,"url":"https:\/\/noticiasribeiraopreto.com.br\/index.php\/2025\/07\/16\/fazendeiro-e-preso-em-ribeirao-preto-apos-ameacas-contra-vizinhos-em-condominio\/","url_meta":{"origin":75597,"position":4},"title":"Fazendeiro \u00e9 preso em Ribeir\u00e3o Preto ap\u00f3s amea\u00e7as contra vizinhos em condom\u00ednio","author":"noticiasribeiraopreto.com.br","date":"16 de July de 2025","format":false,"excerpt":"O TJ-SP (Tribunal de Justi\u00e7a de S\u00e3o Paulo) determinou a pris\u00e3o do fazendeiro Al\u00edpio Jo\u00e3o J\u00fanior, de 58 anos, nesta quarta-feira (16). O fazendeiro \u00e9 acusado de realizar amea\u00e7as contra vizinhos em um condom\u00ednio no Centro de Ribeir\u00e3o Preto. Ele j\u00e1 se apresentou na delegacia e foi preso. Na decis\u00e3o,\u2026","rel":"","context":"In &quot;Not\u00edcias de Ribeir\u00e3o Preto-SP e Regi\u00e3o&quot;","block_context":{"text":"Not\u00edcias de Ribeir\u00e3o Preto-SP e Regi\u00e3o","link":"https:\/\/noticiasribeiraopreto.com.br\/index.php\/category\/noticias-de-ribeirao-preto-sp-e-regiao-ismael-colosi\/"},"img":{"alt_text":"","src":"https:\/\/i0.wp.com\/noticiasribeiraopreto.com.br\/wp-content\/uploads\/2025\/07\/Copia-de-Copia-de-Copia-de-TAMANHO-EXATO-PARA-FOTOS-NO-SISTEMA-NOVO-2025-07-11T152431.680_2025-07-11_18-24-38.webp.webp?fit=1200%2C675&ssl=1&resize=350%2C200","width":350,"height":200,"srcset":"https:\/\/i0.wp.com\/noticiasribeiraopreto.com.br\/wp-content\/uploads\/2025\/07\/Copia-de-Copia-de-Copia-de-TAMANHO-EXATO-PARA-FOTOS-NO-SISTEMA-NOVO-2025-07-11T152431.680_2025-07-11_18-24-38.webp.webp?fit=1200%2C675&ssl=1&resize=350%2C200 1x, https:\/\/i0.wp.com\/noticiasribeiraopreto.com.br\/wp-content\/uploads\/2025\/07\/Copia-de-Copia-de-Copia-de-TAMANHO-EXATO-PARA-FOTOS-NO-SISTEMA-NOVO-2025-07-11T152431.680_2025-07-11_18-24-38.webp.webp?fit=1200%2C675&ssl=1&resize=525%2C300 1.5x, https:\/\/i0.wp.com\/noticiasribeiraopreto.com.br\/wp-content\/uploads\/2025\/07\/Copia-de-Copia-de-Copia-de-TAMANHO-EXATO-PARA-FOTOS-NO-SISTEMA-NOVO-2025-07-11T152431.680_2025-07-11_18-24-38.webp.webp?fit=1200%2C675&ssl=1&resize=700%2C400 2x, https:\/\/i0.wp.com\/noticiasribeiraopreto.com.br\/wp-content\/uploads\/2025\/07\/Copia-de-Copia-de-Copia-de-TAMANHO-EXATO-PARA-FOTOS-NO-SISTEMA-NOVO-2025-07-11T152431.680_2025-07-11_18-24-38.webp.webp?fit=1200%2C675&ssl=1&resize=1050%2C600 3x"},"classes":[]},{"id":74523,"url":"https:\/\/noticiasribeiraopreto.com.br\/index.php\/2025\/07\/24\/condominos-entram-na-justica-para-expulsar-furioso-da-cancela\/","url_meta":{"origin":75597,"position":5},"title":"Cond\u00f4minos entram na Justi\u00e7a para expulsar \u201cfurioso da cancela\u201d","author":"noticiasribeiraopreto.com.br","date":"24 de July de 2025","format":false,"excerpt":"A\u00e7\u00e3o reuniu moradores do pr\u00e9dio onde mora Al\u00edpio Jo\u00e3o J\u00fanior, que alegam terem sido aterrorizados por vizinho 24 de julho de 2025 10:541 Compartilhar0 Por: Adalberto Luque Moradores de um condom\u00ednio em Ribeir\u00e3o Preto ingressaram na Justi\u00e7a com um pedido para impedir o retorno do fazendeiro Al\u00edpio Jo\u00e3o J\u00fanior, de\u2026","rel":"","context":"In &quot;Not\u00edcias de Ribeir\u00e3o Preto-SP e Regi\u00e3o&quot;","block_context":{"text":"Not\u00edcias de Ribeir\u00e3o Preto-SP e Regi\u00e3o","link":"https:\/\/noticiasribeiraopreto.com.br\/index.php\/category\/noticias-de-ribeirao-preto-sp-e-regiao-ismael-colosi\/"},"img":{"alt_text":"","src":"https:\/\/i0.wp.com\/noticiasribeiraopreto.com.br\/wp-content\/uploads\/2025\/07\/1753365364_16-jul-2025-alipiojoaojunior2.jpg?fit=984%2C616&ssl=1&resize=350%2C200","width":350,"height":200,"srcset":"https:\/\/i0.wp.com\/noticiasribeiraopreto.com.br\/wp-content\/uploads\/2025\/07\/1753365364_16-jul-2025-alipiojoaojunior2.jpg?fit=984%2C616&ssl=1&resize=350%2C200 1x, https:\/\/i0.wp.com\/noticiasribeiraopreto.com.br\/wp-content\/uploads\/2025\/07\/1753365364_16-jul-2025-alipiojoaojunior2.jpg?fit=984%2C616&ssl=1&resize=525%2C300 1.5x, https:\/\/i0.wp.com\/noticiasribeiraopreto.com.br\/wp-content\/uploads\/2025\/07\/1753365364_16-jul-2025-alipiojoaojunior2.jpg?fit=984%2C616&ssl=1&resize=700%2C400 2x"},"classes":[]}],"jetpack_sharing_enabled":true,"jetpack_shortlink":"https:\/\/wp.me\/peQAOb-jFj","_links":{"self":[{"href":"https:\/\/noticiasribeiraopreto.com.br\/index.php\/wp-json\/wp\/v2\/posts\/75597","targetHints":{"allow":["GET"]}}],"collection":[{"href":"https:\/\/noticiasribeiraopreto.com.br\/index.php\/wp-json\/wp\/v2\/posts"}],"about":[{"href":"https:\/\/noticiasribeiraopreto.com.br\/index.php\/wp-json\/wp\/v2\/types\/post"}],"author":[{"embeddable":true,"href":"https:\/\/noticiasribeiraopreto.com.br\/index.php\/wp-json\/wp\/v2\/users\/1"}],"replies":[{"embeddable":true,"href":"https:\/\/noticiasribeiraopreto.com.br\/index.php\/wp-json\/wp\/v2\/comments?post=75597"}],"version-history":[{"count":0,"href":"https:\/\/noticiasribeiraopreto.com.br\/index.php\/wp-json\/wp\/v2\/posts\/75597\/revisions"}],"wp:featuredmedia":[{"embeddable":true,"href":"https:\/\/noticiasribeiraopreto.com.br\/index.php\/wp-json\/wp\/v2\/media\/74052"}],"wp:attachment":[{"href":"https:\/\/noticiasribeiraopreto.com.br\/index.php\/wp-json\/wp\/v2\/media?parent=75597"}],"wp:term":[{"taxonomy":"category","embeddable":true,"href":"https:\/\/noticiasribeiraopreto.com.br\/index.php\/wp-json\/wp\/v2\/categories?post=75597"},{"taxonomy":"post_tag","embeddable":true,"href":"https:\/\/noticiasribeiraopreto.com.br\/index.php\/wp-json\/wp\/v2\/tags?post=75597"}],"curies":[{"name":"wp","href":"https:\/\/api.w.org\/{rel}","templated":true}]}}