{"id":75598,"date":"2025-08-12T12:47:46","date_gmt":"2025-08-12T15:47:46","guid":{"rendered":"https:\/\/noticiasribeiraopreto.com.br\/index.php\/2025\/08\/12\/estudante-de-ribeirao-preto-lanca-livro-sobre-prevencao-de-afogamentos-infantis\/"},"modified":"2025-08-12T12:47:46","modified_gmt":"2025-08-12T15:47:46","slug":"estudante-de-ribeirao-preto-lanca-livro-sobre-prevencao-de-afogamentos-infantis","status":"publish","type":"post","link":"https:\/\/noticiasribeiraopreto.com.br\/index.php\/2025\/08\/12\/estudante-de-ribeirao-preto-lanca-livro-sobre-prevencao-de-afogamentos-infantis\/","title":{"rendered":"Estudante de Ribeir\u00e3o Preto lan\u00e7a livro sobre preven\u00e7\u00e3o de afogamentos infantis"},"content":{"rendered":"<div class='code-block code-block-1' style='margin: 8px 0 8px auto; text-align: right; display: block; clear: both;'>\n<p><a href=\"https:\/\/wa.link\/vpicfd\"><img data-recalc-dims=\"1\" class=\"wp-image-4922\" style=\"aspect-ratio: 2.0253164556962027; width: 561px; height: auto;\" src=\"https:\/\/i0.wp.com\/ismaelcolosi.com.br\/wp-content\/uploads\/2023\/11\/grupo-de-empregos-whatsapp-e-facebook-ismael-colosi-vagas.jpg?ssl=1\" alt=\"\" \/><\/a><\/p>\n<!-- \/wp:image -->\n<\/div>\n<p> <br \/>\n<\/p>\n<div>\n<p>O estudante do <strong>6\u00ba ano do Col\u00e9gio Marista Champagnat<\/strong> <strong>Davi Assef<\/strong>, de apenas <strong>10 anos<\/strong>,<strong> <\/strong>lan\u00e7a neste<strong> s\u00e1bado (16)<\/strong>, a partir das <strong>15h<\/strong>, no <strong>Centro Cultural Palace<\/strong>, em Ribeir\u00e3o Preto, um livro sobre a preven\u00e7\u00e3o de afogamentos infantis: \u201c<strong>O Menino Que Transforma Crian\u00e7as em Tubar\u00f5es<\/strong>\u201d.<\/p>\n<p>O lan\u00e7amento do livro integra parte da programa\u00e7\u00e3o da <strong>24\u00aa edi\u00e7\u00e3o da FIL (Feira Internacional do Livro de Ribeir\u00e3o Preto)<\/strong>. O livro foi escrito em parceria com a m\u00e3e do estudante, <strong>Aline Ester<\/strong>, psicopedagoga e mestre em educa\u00e7\u00e3o. <\/p>\n<p>A obra apresenta <strong>Davi<\/strong>, o  protagonista, que embarca em uma jornada ao lado de seu melhor amigo, um tubar\u00e3o falante, onde ambos descobrem os riscos da \u00e1gua e assumem a miss\u00e3o de ensinar outras crian\u00e7as a se protegerem.<\/p>\n<figure class=\"wp-block-image size-large is-resized\"><img data-recalc-dims=\"1\" fetchpriority=\"high\" decoding=\"async\" width=\"1024\" height=\"768\" src=\"https:\/\/i0.wp.com\/cdn.media-acidadeon.com.br\/ribeiraopreto\/wp-content\/uploads\/sites\/3\/2025\/08\/Davi-mae-2_2025-08-12_13-18-23-1024x768.webp?resize=1024%2C768&#038;ssl=1\" alt=\"\" class=\"wp-image-125499\" style=\"width:693px;height:auto\" srcset=\"https:\/\/cdn.media-acidadeon.com.br\/ribeiraopreto\/wp-content\/uploads\/sites\/3\/2025\/08\/Davi-mae-2_2025-08-12_13-18-23-1024x768.webp 1024w, https:\/\/cdn.media-acidadeon.com.br\/ribeiraopreto\/wp-content\/uploads\/sites\/3\/2025\/08\/Davi-mae-2_2025-08-12_13-18-23-300x225.webp 300w, https:\/\/cdn.media-acidadeon.com.br\/ribeiraopreto\/wp-content\/uploads\/sites\/3\/2025\/08\/Davi-mae-2_2025-08-12_13-18-23-768x576.webp 768w, https:\/\/cdn.media-acidadeon.com.br\/ribeiraopreto\/wp-content\/uploads\/sites\/3\/2025\/08\/Davi-mae-2_2025-08-12_13-18-23-696x522.webp 696w, https:\/\/cdn.media-acidadeon.com.br\/ribeiraopreto\/wp-content\/uploads\/sites\/3\/2025\/08\/Davi-mae-2_2025-08-12_13-18-23-1068x801.webp 1068w, https:\/\/cdn.media-acidadeon.com.br\/ribeiraopreto\/wp-content\/uploads\/sites\/3\/2025\/08\/Davi-mae-2_2025-08-12_13-18-23.webp 1200w\" sizes=\"(max-width: 1024px) 100vw, 1024px\"\/><figcaption class=\"wp-element-caption\">Davi e Aline \u2013 Foto: Divulga\u00e7\u00e3o<\/figcaption><\/figure>\n<p>Al\u00e9m de defensor da seguran\u00e7a aqu\u00e1tica infantil,<strong> Davi<\/strong> tamb\u00e9m \u00e9 idealizador da <strong>TUBA GO<\/strong>, primeira plataforma mundial dedicada ao conte\u00fado gratuito sobre educa\u00e7\u00e3o aqu\u00e1tica para pais e filhos.<\/p>\n<h2 class=\"wp-block-heading\"><strong>Servi\u00e7o<\/strong><\/h2>\n<p><strong><em>Lan\u00e7amento \u201cO menino que transforma crian\u00e7as em tubar\u00f5es\u201d<\/em><\/strong><\/p>\n<p><strong>Quando: <\/strong>16 de agosto, s\u00e1bado <strong><br \/>Hor\u00e1rio: <\/strong>15h<strong><br \/>Local: <\/strong>Centro Cultural Palace | rua \u00c1lvares Cabral, 322 \u2013 Centro <strong><br \/>Entrada gratuita<\/strong><\/p>\n<p>SAIBA MAIS<br \/>Come\u00e7a Fenasucro &amp; Agrocana em Sert\u00e3ozinho; Veja como participar<\/p>\n<h3 class=\"wp-block-heading\"><strong>FIQUE ON\u00a0\u00a0\u00a0\u00a0\u00a0\u00a0\u00a0\u00a0\u00a0<\/strong><\/h3>\n<p>Quer ficar por dentro de tudo que acontece em Ribeir\u00e3o Preto e regi\u00e3o? Ent\u00e3o siga os perfis do\u202facidade on\u202fno\u202f<a href=\"https:\/\/www.instagram.com\/acidadeonribeirao\" target=\"_blank\" rel=\"noreferrer noopener\">Instagram<\/a>\u202fe no\u202f<a href=\"https:\/\/www.facebook.com\/acidadeonribeirao\/\" target=\"_blank\" rel=\"noreferrer noopener\">Facebook<\/a>.<\/p>\n<p>Al\u00e9m disso, voc\u00ea pode receber as principais not\u00edcias diretamente no WhatsApp. Para isso, basta\u00a0<a href=\"https:\/\/chat.whatsapp.com\/BjKQZ9oJwlz8VVT50NuePq\" target=\"_blank\" rel=\"noreferrer noopener\">entrar no grupo clicando aqui<\/a>.<\/p>\n<p>Por fim, se quiser fazer uma den\u00fancia ou sugerir uma reportagem sobre Ribeir\u00e3o Preto e regi\u00e3o, envie uma mensagem pelo WhatsApp: (16) 99117-7802.<\/p>\n<p>VEJA TAMB\u00c9M<br \/>Quando ser\u00e1 lan\u00e7ado o novo \u00e1lbum da Taylor Swift?<\/p>\n<p><!-- AI CONTENT END 1 -->\n<\/div>\n<p><script async src=\"\/\/www.instagram.com\/embed.js\"><\/script><br \/>\n<br \/><br \/>\n<br \/><a href=\"https:\/\/www.acidadeon.com\/ribeiraopreto\/lazer-e-cultura\/estudante-de-ribeirao-preto-lanca-livro-sobre-prevencao-de-afogamentos-infantis\/\">Source link <\/a><\/p>\n<!-- CONTENT END 1 -->\n","protected":false},"excerpt":{"rendered":"<p>O estudante do 6\u00ba ano do Col\u00e9gio Marista Champagnat Davi Assef, de apenas 10 anos, lan\u00e7a neste s\u00e1bado (16), a partir das 15h, no Centro&#8230;<\/p>\n","protected":false},"author":1,"featured_media":75599,"comment_status":"open","ping_status":"open","sticky":false,"template":"","format":"standard","meta":{"advanced_seo_description":"","jetpack_seo_html_title":"","jetpack_seo_noindex":false,"jetpack_post_was_ever_published":false,"_jetpack_newsletter_access":"","_jetpack_dont_email_post_to_subs":false,"_jetpack_newsletter_tier_id":0,"_jetpack_memberships_contains_paywalled_content":false,"_jetpack_memberships_contains_paid_content":false,"footnotes":"","jetpack_publicize_message":"","jetpack_publicize_feature_enabled":true,"jetpack_social_post_already_shared":true,"jetpack_social_options":{"image_generator_settings":{"template":"highway","default_image_id":0,"font":"","enabled":false},"version":2}},"categories":[11],"tags":[],"class_list":["post-75598","post","type-post","status-publish","format-standard","has-post-thumbnail","hentry","category-noticias-de-ribeirao-preto-sp-e-regiao-ismael-colosi"],"jetpack_publicize_connections":[],"jetpack_featured_media_url":"https:\/\/i0.wp.com\/noticiasribeiraopreto.com.br\/wp-content\/uploads\/2025\/08\/Davi-1_2025-08-12_13-19-09.webp.webp?fit=1200%2C900&ssl=1","jetpack-related-posts":[{"id":84548,"url":"https:\/\/noticiasribeiraopreto.com.br\/index.php\/2026\/04\/11\/finalista-do-premio-jabuti-lanca-seu-40o-livro-em-escola-de-ribeirao-preto\/","url_meta":{"origin":75598,"position":0},"title":"Finalista do Pr\u00eamio Jabuti lan\u00e7a seu 40\u00ba livro em escola de Ribeir\u00e3o Preto","author":"noticiasribeiraopreto.com.br","date":"11 de April de 2026","format":false,"excerpt":"Ler o resumo da not\u00edcia Andr\u00e9 Lu\u00eds Oliveira, finalista do Pr\u00eamio Jabuti 2024, lan\u00e7a seu 40\u00ba livro na pr\u00f3xima quarta-feira (15), \u00e0s 18h30, em col\u00e9gio particular de Ribeir\u00e3o Preto. O novo t\u00edtulo \"Descobrindo o Storytelling\" \u00e9 o primeiro livro do autor voltado para o p\u00fablico adulto. Pela primeira vez, o\u2026","rel":"","context":"In &quot;Not\u00edcias de Ribeir\u00e3o Preto-SP e Regi\u00e3o&quot;","block_context":{"text":"Not\u00edcias de Ribeir\u00e3o Preto-SP e Regi\u00e3o","link":"https:\/\/noticiasribeiraopreto.com.br\/index.php\/category\/noticias-de-ribeirao-preto-sp-e-regiao-ismael-colosi\/"},"img":{"alt_text":"","src":"https:\/\/i0.wp.com\/noticiasribeiraopreto.com.br\/wp-content\/uploads\/2026\/04\/escritor_2026-04-11_19-11-11.webp.webp?fit=1200%2C873&ssl=1&resize=350%2C200","width":350,"height":200,"srcset":"https:\/\/i0.wp.com\/noticiasribeiraopreto.com.br\/wp-content\/uploads\/2026\/04\/escritor_2026-04-11_19-11-11.webp.webp?fit=1200%2C873&ssl=1&resize=350%2C200 1x, https:\/\/i0.wp.com\/noticiasribeiraopreto.com.br\/wp-content\/uploads\/2026\/04\/escritor_2026-04-11_19-11-11.webp.webp?fit=1200%2C873&ssl=1&resize=525%2C300 1.5x, https:\/\/i0.wp.com\/noticiasribeiraopreto.com.br\/wp-content\/uploads\/2026\/04\/escritor_2026-04-11_19-11-11.webp.webp?fit=1200%2C873&ssl=1&resize=700%2C400 2x, https:\/\/i0.wp.com\/noticiasribeiraopreto.com.br\/wp-content\/uploads\/2026\/04\/escritor_2026-04-11_19-11-11.webp.webp?fit=1200%2C873&ssl=1&resize=1050%2C600 3x"},"classes":[]},{"id":62854,"url":"https:\/\/noticiasribeiraopreto.com.br\/index.php\/2025\/01\/26\/jornalista-lanca-livro-sobre-comunicacao-politica-em-ribeirao-preto-2\/","url_meta":{"origin":75598,"position":1},"title":"Jornalista lan\u00e7a livro sobre comunica\u00e7\u00e3o pol\u00edtica em\u00a0Ribeir\u00e3o\u00a0Preto","author":"noticiasribeiraopreto.com.br","date":"26 de January de 2025","format":false,"excerpt":"Na pr\u00f3xima ter\u00e7a-feira (28), acontece o lan\u00e7amento do livro \u2018Desafios da Comunica\u00e7\u00e3o Pol\u00edtica\u2018, da jornalista e especialista em comunica\u00e7\u00e3o pol\u00edtica e gest\u00e3o de crises, Rennata Bianco. O evento ter\u00e1 entrada gratuita e ser\u00e1 realizado na Livraria Travessa, j\u00e1 o livro pode ser adquirido pelo valor de R$ 79,90. A obra\u2026","rel":"","context":"In &quot;Not\u00edcias de Ribeir\u00e3o Preto-SP e Regi\u00e3o&quot;","block_context":{"text":"Not\u00edcias de Ribeir\u00e3o Preto-SP e Regi\u00e3o","link":"https:\/\/noticiasribeiraopreto.com.br\/index.php\/category\/noticias-de-ribeirao-preto-sp-e-regiao-ismael-colosi\/"},"img":{"alt_text":"","src":"https:\/\/i0.wp.com\/noticiasribeiraopreto.com.br\/wp-content\/uploads\/2025\/01\/Copia-de-Copia-de-Copia-de-TAMANHO-EXATO-PARA-FOTOS-NO-SISTEMA-NOVO-2025-01-26T112316.573_2025-01-26_14-23-54_png_2025-01-26_14-23-54.webp.webp?fit=1200%2C675&ssl=1&resize=350%2C200","width":350,"height":200,"srcset":"https:\/\/i0.wp.com\/noticiasribeiraopreto.com.br\/wp-content\/uploads\/2025\/01\/Copia-de-Copia-de-Copia-de-TAMANHO-EXATO-PARA-FOTOS-NO-SISTEMA-NOVO-2025-01-26T112316.573_2025-01-26_14-23-54_png_2025-01-26_14-23-54.webp.webp?fit=1200%2C675&ssl=1&resize=350%2C200 1x, https:\/\/i0.wp.com\/noticiasribeiraopreto.com.br\/wp-content\/uploads\/2025\/01\/Copia-de-Copia-de-Copia-de-TAMANHO-EXATO-PARA-FOTOS-NO-SISTEMA-NOVO-2025-01-26T112316.573_2025-01-26_14-23-54_png_2025-01-26_14-23-54.webp.webp?fit=1200%2C675&ssl=1&resize=525%2C300 1.5x, https:\/\/i0.wp.com\/noticiasribeiraopreto.com.br\/wp-content\/uploads\/2025\/01\/Copia-de-Copia-de-Copia-de-TAMANHO-EXATO-PARA-FOTOS-NO-SISTEMA-NOVO-2025-01-26T112316.573_2025-01-26_14-23-54_png_2025-01-26_14-23-54.webp.webp?fit=1200%2C675&ssl=1&resize=700%2C400 2x, https:\/\/i0.wp.com\/noticiasribeiraopreto.com.br\/wp-content\/uploads\/2025\/01\/Copia-de-Copia-de-Copia-de-TAMANHO-EXATO-PARA-FOTOS-NO-SISTEMA-NOVO-2025-01-26T112316.573_2025-01-26_14-23-54_png_2025-01-26_14-23-54.webp.webp?fit=1200%2C675&ssl=1&resize=1050%2C600 3x"},"classes":[]},{"id":75635,"url":"https:\/\/noticiasribeiraopreto.com.br\/index.php\/2025\/08\/12\/parada-lgbtqiapn-tera-esquema-especial-de-transito-em-ribeirao-preto\/","url_meta":{"origin":75598,"position":2},"title":"Parada LGBTQIAPN+ ter\u00e1 esquema especial de tr\u00e2nsito em Ribeir\u00e3o Preto","author":"noticiasribeiraopreto.com.br","date":"12 de August de 2025","format":false,"excerpt":"A 21\u00aa Parada LGBTQIAPN+ de Ribeir\u00e3o Preto acontece neste domingo, 17 de agosto, com concentra\u00e7\u00e3o a partir das 13h no cruzamento das avenidas Presidente Vargas e Jo\u00e3o Fi\u00fasa, na zona Sul da cidade. Os trios el\u00e9tricos seguem pela avenida Presidente Vargas at\u00e9 a avenida Ant\u00f4nio Diederichsen e encerram o percurso\u2026","rel":"","context":"In &quot;Not\u00edcias de Ribeir\u00e3o Preto-SP e Regi\u00e3o&quot;","block_context":{"text":"Not\u00edcias de Ribeir\u00e3o Preto-SP e Regi\u00e3o","link":"https:\/\/noticiasribeiraopreto.com.br\/index.php\/category\/noticias-de-ribeirao-preto-sp-e-regiao-ismael-colosi\/"},"img":{"alt_text":"","src":"https:\/\/i0.wp.com\/noticiasribeiraopreto.com.br\/wp-content\/uploads\/2025\/08\/transito-sca_2025-08-12_22-20-28.webp.webp?fit=1200%2C675&ssl=1&resize=350%2C200","width":350,"height":200,"srcset":"https:\/\/i0.wp.com\/noticiasribeiraopreto.com.br\/wp-content\/uploads\/2025\/08\/transito-sca_2025-08-12_22-20-28.webp.webp?fit=1200%2C675&ssl=1&resize=350%2C200 1x, https:\/\/i0.wp.com\/noticiasribeiraopreto.com.br\/wp-content\/uploads\/2025\/08\/transito-sca_2025-08-12_22-20-28.webp.webp?fit=1200%2C675&ssl=1&resize=525%2C300 1.5x, https:\/\/i0.wp.com\/noticiasribeiraopreto.com.br\/wp-content\/uploads\/2025\/08\/transito-sca_2025-08-12_22-20-28.webp.webp?fit=1200%2C675&ssl=1&resize=700%2C400 2x, https:\/\/i0.wp.com\/noticiasribeiraopreto.com.br\/wp-content\/uploads\/2025\/08\/transito-sca_2025-08-12_22-20-28.webp.webp?fit=1200%2C675&ssl=1&resize=1050%2C600 3x"},"classes":[]},{"id":62849,"url":"https:\/\/noticiasribeiraopreto.com.br\/index.php\/2025\/01\/26\/jornalista-lanca-livro-sobre-comunicacao-politica-em-ribeirao-preto\/","url_meta":{"origin":75598,"position":3},"title":"Jornalista lan\u00e7a livro sobre comunica\u00e7\u00e3o pol\u00edtica em\u00a0Ribeir\u00e3o\u00a0Preto","author":"noticiasribeiraopreto.com.br","date":"26 de January de 2025","format":false,"excerpt":"Na pr\u00f3xima ter\u00e7a-feira (28), acontece o lan\u00e7amento do livro \u2018Desafios da Comunica\u00e7\u00e3o Pol\u00edtica\u2018, da jornalista e especialista em comunica\u00e7\u00e3o pol\u00edtica e gest\u00e3o de crises, Rennata Bianco. O evento gratuito, que ser\u00e1 realizado na Livraria Travessa, celebra a trajet\u00f3ria da autora no campo da comunica\u00e7\u00e3o pol\u00edtica. A obra \u00e9 um relato\u2026","rel":"","context":"In &quot;Not\u00edcias de Ribeir\u00e3o Preto-SP e Regi\u00e3o&quot;","block_context":{"text":"Not\u00edcias de Ribeir\u00e3o Preto-SP e Regi\u00e3o","link":"https:\/\/noticiasribeiraopreto.com.br\/index.php\/category\/noticias-de-ribeirao-preto-sp-e-regiao-ismael-colosi\/"},"img":{"alt_text":"","src":"https:\/\/i0.wp.com\/noticiasribeiraopreto.com.br\/wp-content\/uploads\/2025\/01\/Copia-de-Copia-de-Copia-de-TAMANHO-EXATO-PARA-FOTOS-NO-SISTEMA-NOVO-2025-01-26T112316.573_2025-01-26_14-23-54_png_2025-01-26_14-23-54.webp.webp?fit=1200%2C675&ssl=1&resize=350%2C200","width":350,"height":200,"srcset":"https:\/\/i0.wp.com\/noticiasribeiraopreto.com.br\/wp-content\/uploads\/2025\/01\/Copia-de-Copia-de-Copia-de-TAMANHO-EXATO-PARA-FOTOS-NO-SISTEMA-NOVO-2025-01-26T112316.573_2025-01-26_14-23-54_png_2025-01-26_14-23-54.webp.webp?fit=1200%2C675&ssl=1&resize=350%2C200 1x, https:\/\/i0.wp.com\/noticiasribeiraopreto.com.br\/wp-content\/uploads\/2025\/01\/Copia-de-Copia-de-Copia-de-TAMANHO-EXATO-PARA-FOTOS-NO-SISTEMA-NOVO-2025-01-26T112316.573_2025-01-26_14-23-54_png_2025-01-26_14-23-54.webp.webp?fit=1200%2C675&ssl=1&resize=525%2C300 1.5x, https:\/\/i0.wp.com\/noticiasribeiraopreto.com.br\/wp-content\/uploads\/2025\/01\/Copia-de-Copia-de-Copia-de-TAMANHO-EXATO-PARA-FOTOS-NO-SISTEMA-NOVO-2025-01-26T112316.573_2025-01-26_14-23-54_png_2025-01-26_14-23-54.webp.webp?fit=1200%2C675&ssl=1&resize=700%2C400 2x, https:\/\/i0.wp.com\/noticiasribeiraopreto.com.br\/wp-content\/uploads\/2025\/01\/Copia-de-Copia-de-Copia-de-TAMANHO-EXATO-PARA-FOTOS-NO-SISTEMA-NOVO-2025-01-26T112316.573_2025-01-26_14-23-54_png_2025-01-26_14-23-54.webp.webp?fit=1200%2C675&ssl=1&resize=1050%2C600 3x"},"classes":[]},{"id":61727,"url":"https:\/\/noticiasribeiraopreto.com.br\/index.php\/2024\/12\/20\/nogueira-lanca-livro-sobre-os-oitos-anos-na-prefeitura-de-ribeirao-preto\/","url_meta":{"origin":75598,"position":4},"title":"Nogueira lan\u00e7a livro sobre os oitos anos na Prefeitura de Ribeir\u00e3o Preto","author":"noticiasribeiraopreto.com.br","date":"20 de December de 2024","format":false,"excerpt":"O prefeito de Ribeir\u00e3o Preto, Duarte Nogueira (PSDB), lan\u00e7a neste s\u00e1bado (21), o livro \u201cDesafios e Solu\u00e7\u00f5es II \u2013 Reconstruindo o Futuro\u201d, a partir das 10h, na Biblioteca Sinh\u00e1 Junqueira, no Centro. De acordo com a assessoria do prefeito, o evento marca o encerramento de oito anos de administra\u00e7\u00e3o \u00e0\u2026","rel":"","context":"In &quot;Not\u00edcias de Ribeir\u00e3o Preto-SP e Regi\u00e3o&quot;","block_context":{"text":"Not\u00edcias de Ribeir\u00e3o Preto-SP e Regi\u00e3o","link":"https:\/\/noticiasribeiraopreto.com.br\/index.php\/category\/noticias-de-ribeirao-preto-sp-e-regiao-ismael-colosi\/"},"img":{"alt_text":"","src":"https:\/\/i0.wp.com\/noticiasribeiraopreto.com.br\/wp-content\/uploads\/2024\/12\/duarte-nogueira.jpg?fit=1200%2C799&ssl=1&resize=350%2C200","width":350,"height":200,"srcset":"https:\/\/i0.wp.com\/noticiasribeiraopreto.com.br\/wp-content\/uploads\/2024\/12\/duarte-nogueira.jpg?fit=1200%2C799&ssl=1&resize=350%2C200 1x, https:\/\/i0.wp.com\/noticiasribeiraopreto.com.br\/wp-content\/uploads\/2024\/12\/duarte-nogueira.jpg?fit=1200%2C799&ssl=1&resize=525%2C300 1.5x, https:\/\/i0.wp.com\/noticiasribeiraopreto.com.br\/wp-content\/uploads\/2024\/12\/duarte-nogueira.jpg?fit=1200%2C799&ssl=1&resize=700%2C400 2x, https:\/\/i0.wp.com\/noticiasribeiraopreto.com.br\/wp-content\/uploads\/2024\/12\/duarte-nogueira.jpg?fit=1200%2C799&ssl=1&resize=1050%2C600 3x"},"classes":[]},{"id":75595,"url":"https:\/\/noticiasribeiraopreto.com.br\/index.php\/2025\/08\/12\/ribeirao-preto-recebe-espetaculo-de-danca-sobre-a-imigracao-japonesa\/","url_meta":{"origin":75598,"position":5},"title":"Ribeir\u00e3o Preto recebe espet\u00e1culo de dan\u00e7a sobre a imigra\u00e7\u00e3o japonesa","author":"noticiasribeiraopreto.com.br","date":"12 de August de 2025","format":false,"excerpt":"O Teatro Municipal de Ribeir\u00e3o Preto recebe neste domingo (17), \u00e0s 18h, o espet\u00e1culo de dan\u00e7a \u201cArigat\u00f4\u2026 Sayonara\u201d, que narra a historia da imigra\u00e7\u00e3o japonesa no Brasil. Al\u00e9m disso, tamb\u00e9m acontece uma oficina de dan\u00e7a contempor\u00e2nea gratuita ministrada pelo grupo. O espet\u00e1culo \u00e9 inspirado na linhagem familiar da diretora art\u00edstica\u2026","rel":"","context":"In &quot;Not\u00edcias de Ribeir\u00e3o Preto-SP e Regi\u00e3o&quot;","block_context":{"text":"Not\u00edcias de Ribeir\u00e3o Preto-SP e Regi\u00e3o","link":"https:\/\/noticiasribeiraopreto.com.br\/index.php\/category\/noticias-de-ribeirao-preto-sp-e-regiao-ismael-colosi\/"},"img":{"alt_text":"","src":"https:\/\/i0.wp.com\/noticiasribeiraopreto.com.br\/wp-content\/uploads\/2025\/08\/Arigato-Sayonara-de-Erika-Novachi-Foto-Juliana-Hilal-_2025-08-12_14-50-23.webp.webp?fit=1200%2C800&ssl=1&resize=350%2C200","width":350,"height":200,"srcset":"https:\/\/i0.wp.com\/noticiasribeiraopreto.com.br\/wp-content\/uploads\/2025\/08\/Arigato-Sayonara-de-Erika-Novachi-Foto-Juliana-Hilal-_2025-08-12_14-50-23.webp.webp?fit=1200%2C800&ssl=1&resize=350%2C200 1x, https:\/\/i0.wp.com\/noticiasribeiraopreto.com.br\/wp-content\/uploads\/2025\/08\/Arigato-Sayonara-de-Erika-Novachi-Foto-Juliana-Hilal-_2025-08-12_14-50-23.webp.webp?fit=1200%2C800&ssl=1&resize=525%2C300 1.5x, https:\/\/i0.wp.com\/noticiasribeiraopreto.com.br\/wp-content\/uploads\/2025\/08\/Arigato-Sayonara-de-Erika-Novachi-Foto-Juliana-Hilal-_2025-08-12_14-50-23.webp.webp?fit=1200%2C800&ssl=1&resize=700%2C400 2x, https:\/\/i0.wp.com\/noticiasribeiraopreto.com.br\/wp-content\/uploads\/2025\/08\/Arigato-Sayonara-de-Erika-Novachi-Foto-Juliana-Hilal-_2025-08-12_14-50-23.webp.webp?fit=1200%2C800&ssl=1&resize=1050%2C600 3x"},"classes":[]}],"jetpack_sharing_enabled":true,"jetpack_shortlink":"https:\/\/wp.me\/peQAOb-jFk","_links":{"self":[{"href":"https:\/\/noticiasribeiraopreto.com.br\/index.php\/wp-json\/wp\/v2\/posts\/75598","targetHints":{"allow":["GET"]}}],"collection":[{"href":"https:\/\/noticiasribeiraopreto.com.br\/index.php\/wp-json\/wp\/v2\/posts"}],"about":[{"href":"https:\/\/noticiasribeiraopreto.com.br\/index.php\/wp-json\/wp\/v2\/types\/post"}],"author":[{"embeddable":true,"href":"https:\/\/noticiasribeiraopreto.com.br\/index.php\/wp-json\/wp\/v2\/users\/1"}],"replies":[{"embeddable":true,"href":"https:\/\/noticiasribeiraopreto.com.br\/index.php\/wp-json\/wp\/v2\/comments?post=75598"}],"version-history":[{"count":0,"href":"https:\/\/noticiasribeiraopreto.com.br\/index.php\/wp-json\/wp\/v2\/posts\/75598\/revisions"}],"wp:featuredmedia":[{"embeddable":true,"href":"https:\/\/noticiasribeiraopreto.com.br\/index.php\/wp-json\/wp\/v2\/media\/75599"}],"wp:attachment":[{"href":"https:\/\/noticiasribeiraopreto.com.br\/index.php\/wp-json\/wp\/v2\/media?parent=75598"}],"wp:term":[{"taxonomy":"category","embeddable":true,"href":"https:\/\/noticiasribeiraopreto.com.br\/index.php\/wp-json\/wp\/v2\/categories?post=75598"},{"taxonomy":"post_tag","embeddable":true,"href":"https:\/\/noticiasribeiraopreto.com.br\/index.php\/wp-json\/wp\/v2\/tags?post=75598"}],"curies":[{"name":"wp","href":"https:\/\/api.w.org\/{rel}","templated":true}]}}