{"id":75601,"date":"2025-08-12T13:02:09","date_gmt":"2025-08-12T16:02:09","guid":{"rendered":"https:\/\/noticiasribeiraopreto.com.br\/index.php\/2025\/08\/12\/camara-de-ribeirao-aprova-projeto-que-muda-nome-de-trecho-da-presidente-vargas\/"},"modified":"2025-08-12T13:02:09","modified_gmt":"2025-08-12T16:02:09","slug":"camara-de-ribeirao-aprova-projeto-que-muda-nome-de-trecho-da-presidente-vargas","status":"publish","type":"post","link":"https:\/\/noticiasribeiraopreto.com.br\/index.php\/2025\/08\/12\/camara-de-ribeirao-aprova-projeto-que-muda-nome-de-trecho-da-presidente-vargas\/","title":{"rendered":"C\u00e2mara de Ribeir\u00e3o aprova projeto que muda nome de trecho da Presidente Vargas"},"content":{"rendered":"<div class='code-block code-block-1' style='margin: 8px 0 8px auto; text-align: right; display: block; clear: both;'>\n<p><a href=\"https:\/\/wa.link\/vpicfd\"><img data-recalc-dims=\"1\" class=\"wp-image-4922\" style=\"aspect-ratio: 2.0253164556962027; width: 561px; height: auto;\" src=\"https:\/\/i0.wp.com\/ismaelcolosi.com.br\/wp-content\/uploads\/2023\/11\/grupo-de-empregos-whatsapp-e-facebook-ismael-colosi-vagas.jpg?ssl=1\" alt=\"\" \/><\/a><\/p>\n<!-- \/wp:image -->\n<\/div>\n<p> <br \/>\n<\/p>\n<div data-td-block-uid=\"tdi_95\">\n<div class=\"tdb-block-inner td-fix-index\">\n<p>A <strong><a href=\"https:\/\/www.camararibeiraopreto.sp.gov.br\/atividade-legislativa\/sessoes\/pesquisas\" data-type=\"link\" data-id=\"https:\/\/www.camararibeiraopreto.sp.gov.br\/atividade-legislativa\/sessoes\/pesquisas\" target=\"_blank\" rel=\"noopener\">C\u00e2mara de Ribeir\u00e3o Preto <\/a><\/strong>aprovou na noite de segunda-feira (11) projeto de lei que muda o nome de trecho da <strong>avenida Presidente Vargas<\/strong>. A proposta tem o objetivo de homenagear o ex-presidente do Sindicato Rural de Ribeir\u00e3o Preto <strong>Fl\u00e1vio Prudente Corr\u00eaa<\/strong>, morto em janeiro deste ano.<\/p>\n<p>Segundo o projeto do vereador <strong>Maur\u00edcio Gasparini (Uni\u00e3o)<\/strong>, <mark style=\"background-color:#fcb900\" class=\"has-inline-color has-black-color\">o trecho da avenida que teria o nome alterado fica entre a rotat\u00f3ria Nair Guilhermina Pinheiro Nogueira \u2013 entre a Unip e o Ribeir\u00e3o Shopping \u2013 e a rodovia Ant\u00f4nio Duarte Nogueira (Anel Vi\u00e1rio Sul)<\/mark>, no limite com o distrito de Bonfim Paulista.<\/p>\n<p>A proposta recebeu 21 votos favor\u00e1veis \u2013 apenas o vereador Rangel Scandiuzzi (PSD) n\u00e3o votou, j\u00e1 que est\u00e1 afastado por quest\u00f5es de sa\u00fade.<\/p>\n<p>Para valer, o projeto de lei ainda precisa ser analisado pelo prefeito Ricardo Silva (PSD), que pode sancionar ou vetar a proposta.<\/p>\n<h2 class=\"wp-block-heading\"><strong>Justificativa<\/strong><\/h2>\n<p>Na justificativa do projeto, Gasparini alega que a proposta tem o objetivo de contribuir \u201cpara a organiza\u00e7\u00e3o e identifica\u00e7\u00e3o geogr\u00e1fica\u201d da cidade. \u201cEssa homenagem visa reconhecer a import\u00e2ncia do Sr. Fl\u00e1vio Prudente Corr\u00eaa, cuja trajet\u00f3ria e contribui\u00e7\u00f5es merecem ser lembradas e celebradas pela comunidade\u201d, afirma.<\/p>\n<p>Al\u00e9m disso, o projeto delimita o percurso da avenida Presidente Vargas no trecho que vai da avenida Nove de Julho at\u00e9 a rotat\u00f3ria Nair Guilhermina Pinheiro Nogueira, na conflu\u00eancia com a avenida Carlos Consoni.<\/p>\n<p>SAIBA MAIS<br \/>Nova frente fria avan\u00e7a nesta semana; Veja previs\u00e3o no interior de SP<\/p>\n<h2 class=\"wp-block-heading\"><strong>FIQUE ON<\/strong><\/h2>\n<p>Fique ligado em tudo que acontece em Ribeir\u00e3o Preto e regi\u00e3o. Siga os perfis do\u00a0<strong>acidade on<\/strong>\u00a0no<a href=\"https:\/\/www.instagram.com\/acidadeonribeirao\" target=\"_blank\" rel=\"noreferrer noopener\">\u00a0Instagram<\/a>\u00a0e no\u00a0<a href=\"https:\/\/www.facebook.com\/acidadeonribeirao\/\" target=\"_blank\" rel=\"noreferrer noopener\">Facebook<\/a>.<\/p>\n<p>Receba not\u00edcias do\u00a0<strong>acidade on<\/strong>\u00a0no WhatsApp.\u00a0<a href=\"https:\/\/chat.whatsapp.com\/I4nieTEMKlf50pJ28aMemC?mode=ac_t\" target=\"_blank\" rel=\"noreferrer noopener\">Para entrar no grupo, basta clicar aqui.<\/a><\/p>\n<p>Fa\u00e7a uma den\u00fancia ou sugira uma reportagem sobre Ribeir\u00e3o Preto e regi\u00e3o pelo WhatsApp: 16 99117 7802.<\/p>\n<p>VEJA TAMB\u00c9M<br \/>Quando come\u00e7am as inscri\u00e7\u00f5es para o concurso MP-SP?<\/p>\n<p><!-- AI CONTENT END 1 -->\n<\/div>\n<\/div>\n<p><script async src=\"\/\/www.instagram.com\/embed.js\"><\/script><br \/>\n<br \/><br \/>\n<br \/><a href=\"https:\/\/www.acidadeon.com\/ribeiraopreto\/politica\/camara-de-ribeirao-aprova-projeto-que-muda-nome-de-trecho-da-presidente-vargas\/\">Source link <\/a><\/p>\n<!-- CONTENT END 1 -->\n","protected":false},"excerpt":{"rendered":"<p>A C\u00e2mara de Ribeir\u00e3o Preto aprovou na noite de segunda-feira (11) projeto de lei que muda o nome de trecho da avenida Presidente Vargas. A&#8230;<\/p>\n","protected":false},"author":1,"featured_media":73900,"comment_status":"open","ping_status":"open","sticky":false,"template":"","format":"standard","meta":{"advanced_seo_description":"","jetpack_seo_html_title":"","jetpack_seo_noindex":false,"jetpack_post_was_ever_published":false,"_jetpack_newsletter_access":"","_jetpack_dont_email_post_to_subs":false,"_jetpack_newsletter_tier_id":0,"_jetpack_memberships_contains_paywalled_content":false,"_jetpack_memberships_contains_paid_content":false,"footnotes":"","jetpack_publicize_message":"","jetpack_publicize_feature_enabled":true,"jetpack_social_post_already_shared":true,"jetpack_social_options":{"image_generator_settings":{"template":"highway","default_image_id":0,"font":"","enabled":false},"version":2}},"categories":[11],"tags":[],"class_list":["post-75601","post","type-post","status-publish","format-standard","has-post-thumbnail","hentry","category-noticias-de-ribeirao-preto-sp-e-regiao-ismael-colosi"],"jetpack_publicize_connections":[],"jetpack_featured_media_url":"https:\/\/i0.wp.com\/noticiasribeiraopreto.com.br\/wp-content\/uploads\/2025\/07\/vargas_2025-07-11_17-55-51.webp.webp?fit=986%2C628&ssl=1","jetpack-related-posts":[{"id":73899,"url":"https:\/\/noticiasribeiraopreto.com.br\/index.php\/2025\/07\/11\/trecho-de-avenida-em-ribeirao-preto-pode-mudar-de-nome-entenda\/","url_meta":{"origin":75601,"position":0},"title":"Trecho de avenida em Ribeir\u00e3o Preto pode mudar de nome; Entenda","author":"noticiasribeiraopreto.com.br","date":"11 de July de 2025","format":false,"excerpt":"Deu entrada na C\u00e2mara Municipal de Ribeir\u00e3o Preto que pode mudar o nome de trecho da avenida Presidente Vargas, na zona Sul. A proposta tem o objetivo de homenagear o ex-presidente do Sindicato Rural de Ribeir\u00e3o Preto Fl\u00e1vio Prudente Corr\u00eaa, morto em janeiro deste ano. Segundo o projeto do vereador\u2026","rel":"","context":"In &quot;Not\u00edcias de Ribeir\u00e3o Preto-SP e Regi\u00e3o&quot;","block_context":{"text":"Not\u00edcias de Ribeir\u00e3o Preto-SP e Regi\u00e3o","link":"https:\/\/noticiasribeiraopreto.com.br\/index.php\/category\/noticias-de-ribeirao-preto-sp-e-regiao-ismael-colosi\/"},"img":{"alt_text":"","src":"https:\/\/i0.wp.com\/noticiasribeiraopreto.com.br\/wp-content\/uploads\/2025\/07\/vargas_2025-07-11_17-55-51.webp.webp?fit=986%2C628&ssl=1&resize=350%2C200","width":350,"height":200,"srcset":"https:\/\/i0.wp.com\/noticiasribeiraopreto.com.br\/wp-content\/uploads\/2025\/07\/vargas_2025-07-11_17-55-51.webp.webp?fit=986%2C628&ssl=1&resize=350%2C200 1x, https:\/\/i0.wp.com\/noticiasribeiraopreto.com.br\/wp-content\/uploads\/2025\/07\/vargas_2025-07-11_17-55-51.webp.webp?fit=986%2C628&ssl=1&resize=525%2C300 1.5x, https:\/\/i0.wp.com\/noticiasribeiraopreto.com.br\/wp-content\/uploads\/2025\/07\/vargas_2025-07-11_17-55-51.webp.webp?fit=986%2C628&ssl=1&resize=700%2C400 2x"},"classes":[]},{"id":76323,"url":"https:\/\/noticiasribeiraopreto.com.br\/index.php\/2025\/08\/26\/trecho-de-avenida-na-zona-sul-de-ribeirao-preto-ganha-novo-nome\/","url_meta":{"origin":75601,"position":1},"title":"Trecho de avenida na zona Sul de Ribeir\u00e3o Preto ganha novo nome","author":"noticiasribeiraopreto.com.br","date":"26 de August de 2025","format":false,"excerpt":"O prefeito de Ribeir\u00e3o Preto, Ricardo Silva (PSD), promulgou a lei que muda o nome de trecho da avenida Presidente Vargas, na zona Sul. A partir desta ter\u00e7a-feira (26), o trecho que vai do sistema de lazer Nair Guilhermina Pinheiro Nogueira at\u00e9 o Anel Vi\u00e1rio Sul, passa a se chamar\u2026","rel":"","context":"In &quot;Not\u00edcias de Ribeir\u00e3o Preto-SP e Regi\u00e3o&quot;","block_context":{"text":"Not\u00edcias de Ribeir\u00e3o Preto-SP e Regi\u00e3o","link":"https:\/\/noticiasribeiraopreto.com.br\/index.php\/category\/noticias-de-ribeirao-preto-sp-e-regiao-ismael-colosi\/"},"img":{"alt_text":"","src":"https:\/\/i0.wp.com\/noticiasribeiraopreto.com.br\/wp-content\/uploads\/2025\/07\/vargas_2025-07-11_17-55-51.webp.webp?fit=986%2C628&ssl=1&resize=350%2C200","width":350,"height":200,"srcset":"https:\/\/i0.wp.com\/noticiasribeiraopreto.com.br\/wp-content\/uploads\/2025\/07\/vargas_2025-07-11_17-55-51.webp.webp?fit=986%2C628&ssl=1&resize=350%2C200 1x, https:\/\/i0.wp.com\/noticiasribeiraopreto.com.br\/wp-content\/uploads\/2025\/07\/vargas_2025-07-11_17-55-51.webp.webp?fit=986%2C628&ssl=1&resize=525%2C300 1.5x, https:\/\/i0.wp.com\/noticiasribeiraopreto.com.br\/wp-content\/uploads\/2025\/07\/vargas_2025-07-11_17-55-51.webp.webp?fit=986%2C628&ssl=1&resize=700%2C400 2x"},"classes":[]},{"id":76337,"url":"https:\/\/noticiasribeiraopreto.com.br\/index.php\/2025\/08\/27\/prefeito-muda-nome-de-trecho-de-avenida\/","url_meta":{"origin":75601,"position":2},"title":"Prefeito muda nome de trecho de avenida","author":"noticiasribeiraopreto.com.br","date":"27 de August de 2025","format":false,"excerpt":"27 de agosto de 2025 08:235 Compartilhar0 O prefeito Ricardo Silva (PSD) sancionou, na tarde de segunda-feira, 25 de agosto, em cerim\u00f4nia no centro Administrativo Prefeito Jos\u00e9 de Magalh\u00e3es, sede da prefeitura de Ribeir\u00e3o Preto, a lei numero 15.115\/20254 que altera o nome de um trecho da avenida Presidente Vargas,\u2026","rel":"","context":"In &quot;Not\u00edcias de Ribeir\u00e3o Preto-SP e Regi\u00e3o&quot;","block_context":{"text":"Not\u00edcias de Ribeir\u00e3o Preto-SP e Regi\u00e3o","link":"https:\/\/noticiasribeiraopreto.com.br\/index.php\/category\/noticias-de-ribeirao-preto-sp-e-regiao-ismael-colosi\/"},"img":{"alt_text":"","src":"https:\/\/i0.wp.com\/noticiasribeiraopreto.com.br\/wp-content\/uploads\/2025\/08\/Vargas-Kiko-Magrini-scaled.jpg?fit=1200%2C568&ssl=1&resize=350%2C200","width":350,"height":200,"srcset":"https:\/\/i0.wp.com\/noticiasribeiraopreto.com.br\/wp-content\/uploads\/2025\/08\/Vargas-Kiko-Magrini-scaled.jpg?fit=1200%2C568&ssl=1&resize=350%2C200 1x, https:\/\/i0.wp.com\/noticiasribeiraopreto.com.br\/wp-content\/uploads\/2025\/08\/Vargas-Kiko-Magrini-scaled.jpg?fit=1200%2C568&ssl=1&resize=525%2C300 1.5x, https:\/\/i0.wp.com\/noticiasribeiraopreto.com.br\/wp-content\/uploads\/2025\/08\/Vargas-Kiko-Magrini-scaled.jpg?fit=1200%2C568&ssl=1&resize=700%2C400 2x, https:\/\/i0.wp.com\/noticiasribeiraopreto.com.br\/wp-content\/uploads\/2025\/08\/Vargas-Kiko-Magrini-scaled.jpg?fit=1200%2C568&ssl=1&resize=1050%2C600 3x"},"classes":[]},{"id":76077,"url":"https:\/\/noticiasribeiraopreto.com.br\/index.php\/2025\/08\/21\/conppac-pede-veto-a-mudanca-de-nome-de-parte-da-avenida-presidente-vargas\/","url_meta":{"origin":75601,"position":3},"title":"Conppac pede veto \u00e0 mudan\u00e7a de nome de parte da Avenida Presidente Vargas","author":"noticiasribeiraopreto.com.br","date":"21 de August de 2025","format":false,"excerpt":"21 de agosto de 2025 17:421 Compartilhar0 O presidente do Conselho de Preserva\u00e7\u00e3o do Patrim\u00f4nio Cultural de Ribeir\u00e3o Preto (Conppac), Lucas Gabriel Pereira, encaminhou oficio ao prefeito Ricardo Silva (PSD), solicitando que ele vete a mudan\u00e7a de nome de parte da Avenida Presidente Vargas, na zona Sul da cidade.A mudan\u00e7a\u2026","rel":"","context":"In &quot;Not\u00edcias de Ribeir\u00e3o Preto-SP e Regi\u00e3o&quot;","block_context":{"text":"Not\u00edcias de Ribeir\u00e3o Preto-SP e Regi\u00e3o","link":"https:\/\/noticiasribeiraopreto.com.br\/index.php\/category\/noticias-de-ribeirao-preto-sp-e-regiao-ismael-colosi\/"},"img":{"alt_text":"","src":"https:\/\/i0.wp.com\/noticiasribeiraopreto.com.br\/wp-content\/uploads\/2025\/08\/Presidente-vargas-jpg-scaled.jpeg?fit=1200%2C675&ssl=1&resize=350%2C200","width":350,"height":200,"srcset":"https:\/\/i0.wp.com\/noticiasribeiraopreto.com.br\/wp-content\/uploads\/2025\/08\/Presidente-vargas-jpg-scaled.jpeg?fit=1200%2C675&ssl=1&resize=350%2C200 1x, https:\/\/i0.wp.com\/noticiasribeiraopreto.com.br\/wp-content\/uploads\/2025\/08\/Presidente-vargas-jpg-scaled.jpeg?fit=1200%2C675&ssl=1&resize=525%2C300 1.5x, https:\/\/i0.wp.com\/noticiasribeiraopreto.com.br\/wp-content\/uploads\/2025\/08\/Presidente-vargas-jpg-scaled.jpeg?fit=1200%2C675&ssl=1&resize=700%2C400 2x, https:\/\/i0.wp.com\/noticiasribeiraopreto.com.br\/wp-content\/uploads\/2025\/08\/Presidente-vargas-jpg-scaled.jpeg?fit=1200%2C675&ssl=1&resize=1050%2C600 3x"},"classes":[]},{"id":71844,"url":"https:\/\/noticiasribeiraopreto.com.br\/index.php\/2025\/06\/10\/transito-e-alterado-no-centro-de-ribeirao-preto-veja-o-que-muda\/","url_meta":{"origin":75601,"position":4},"title":"Tr\u00e2nsito \u00e9 alterado no Centro de Ribeir\u00e3o Preto; veja o que muda","author":"noticiasribeiraopreto.com.br","date":"10 de June de 2025","format":false,"excerpt":"A partir desta ter\u00e7a-feira (10) o trecho da rua Vicente de Carvalho, entre a rua Quintino Bocai\u00fava e a avenida Nove de Julho, volta a ter sentido \u00fanico de dire\u00e7\u00e3o. A mudan\u00e7a restabelece o fluxo original da via, que havia sido temporariamente invertido devido a obras realizadas na regi\u00e3o central\u2026","rel":"","context":"In &quot;Not\u00edcias de Ribeir\u00e3o Preto-SP e Regi\u00e3o&quot;","block_context":{"text":"Not\u00edcias de Ribeir\u00e3o Preto-SP e Regi\u00e3o","link":"https:\/\/noticiasribeiraopreto.com.br\/index.php\/category\/noticias-de-ribeirao-preto-sp-e-regiao-ismael-colosi\/"},"img":{"alt_text":"","src":"https:\/\/i0.wp.com\/noticiasribeiraopreto.com.br\/wp-content\/uploads\/2025\/06\/Copia-de-Copia-de-Copia-de-TAMANHO-EXATO-PARA-FOTOS-NO-SISTEMA-NOVO-2025-06-10T172150.619_2025-06-10_20-24-33.webp.webp?fit=1200%2C675&ssl=1&resize=350%2C200","width":350,"height":200,"srcset":"https:\/\/i0.wp.com\/noticiasribeiraopreto.com.br\/wp-content\/uploads\/2025\/06\/Copia-de-Copia-de-Copia-de-TAMANHO-EXATO-PARA-FOTOS-NO-SISTEMA-NOVO-2025-06-10T172150.619_2025-06-10_20-24-33.webp.webp?fit=1200%2C675&ssl=1&resize=350%2C200 1x, https:\/\/i0.wp.com\/noticiasribeiraopreto.com.br\/wp-content\/uploads\/2025\/06\/Copia-de-Copia-de-Copia-de-TAMANHO-EXATO-PARA-FOTOS-NO-SISTEMA-NOVO-2025-06-10T172150.619_2025-06-10_20-24-33.webp.webp?fit=1200%2C675&ssl=1&resize=525%2C300 1.5x, https:\/\/i0.wp.com\/noticiasribeiraopreto.com.br\/wp-content\/uploads\/2025\/06\/Copia-de-Copia-de-Copia-de-TAMANHO-EXATO-PARA-FOTOS-NO-SISTEMA-NOVO-2025-06-10T172150.619_2025-06-10_20-24-33.webp.webp?fit=1200%2C675&ssl=1&resize=700%2C400 2x, https:\/\/i0.wp.com\/noticiasribeiraopreto.com.br\/wp-content\/uploads\/2025\/06\/Copia-de-Copia-de-Copia-de-TAMANHO-EXATO-PARA-FOTOS-NO-SISTEMA-NOVO-2025-06-10T172150.619_2025-06-10_20-24-33.webp.webp?fit=1200%2C675&ssl=1&resize=1050%2C600 3x"},"classes":[]},{"id":78289,"url":"https:\/\/noticiasribeiraopreto.com.br\/index.php\/2025\/10\/08\/cpi-dos-semaforos-ouve-secretario-de-obras-publicas\/","url_meta":{"origin":75601,"position":5},"title":"\u2028CPI dos Sem\u00e1foros ouve secret\u00e1rio \u2028de Obras P\u00fablicas","author":"noticiasribeiraopreto.com.br","date":"8 de October de 2025","format":false,"excerpt":"8 de outubro de 2025 08:208 de outubro de 2025 08:1212 Compartilhar0 A Comiss\u00e3o Parlamentar de Inqu\u00e9rito (CPI) dos Sem\u00e1foros, criada na C\u00e2mara para investigar poss\u00edveis irregularidades na implanta\u00e7\u00e3o da primeira fase dos sem\u00e1foros inteligentes \u2013 Sistema Inteligente de Transporte (SIT, \u201cIntelligent Transport System\u201d, em ingl\u00eas, o ITS) \u2013, vai\u2026","rel":"","context":"In &quot;Not\u00edcias de Ribeir\u00e3o Preto-SP e Regi\u00e3o&quot;","block_context":{"text":"Not\u00edcias de Ribeir\u00e3o Preto-SP e Regi\u00e3o","link":"https:\/\/noticiasribeiraopreto.com.br\/index.php\/category\/noticias-de-ribeirao-preto-sp-e-regiao-ismael-colosi\/"},"img":{"alt_text":"","src":"https:\/\/i0.wp.com\/noticiasribeiraopreto.com.br\/wp-content\/uploads\/2025\/10\/Transerp-Alfredo-Risk-scaled.jpg?fit=1170%2C780&ssl=1&resize=350%2C200","width":350,"height":200,"srcset":"https:\/\/i0.wp.com\/noticiasribeiraopreto.com.br\/wp-content\/uploads\/2025\/10\/Transerp-Alfredo-Risk-scaled.jpg?fit=1170%2C780&ssl=1&resize=350%2C200 1x, https:\/\/i0.wp.com\/noticiasribeiraopreto.com.br\/wp-content\/uploads\/2025\/10\/Transerp-Alfredo-Risk-scaled.jpg?fit=1170%2C780&ssl=1&resize=525%2C300 1.5x, https:\/\/i0.wp.com\/noticiasribeiraopreto.com.br\/wp-content\/uploads\/2025\/10\/Transerp-Alfredo-Risk-scaled.jpg?fit=1170%2C780&ssl=1&resize=700%2C400 2x, https:\/\/i0.wp.com\/noticiasribeiraopreto.com.br\/wp-content\/uploads\/2025\/10\/Transerp-Alfredo-Risk-scaled.jpg?fit=1170%2C780&ssl=1&resize=1050%2C600 3x"},"classes":[]}],"jetpack_sharing_enabled":true,"jetpack_shortlink":"https:\/\/wp.me\/peQAOb-jFn","_links":{"self":[{"href":"https:\/\/noticiasribeiraopreto.com.br\/index.php\/wp-json\/wp\/v2\/posts\/75601","targetHints":{"allow":["GET"]}}],"collection":[{"href":"https:\/\/noticiasribeiraopreto.com.br\/index.php\/wp-json\/wp\/v2\/posts"}],"about":[{"href":"https:\/\/noticiasribeiraopreto.com.br\/index.php\/wp-json\/wp\/v2\/types\/post"}],"author":[{"embeddable":true,"href":"https:\/\/noticiasribeiraopreto.com.br\/index.php\/wp-json\/wp\/v2\/users\/1"}],"replies":[{"embeddable":true,"href":"https:\/\/noticiasribeiraopreto.com.br\/index.php\/wp-json\/wp\/v2\/comments?post=75601"}],"version-history":[{"count":0,"href":"https:\/\/noticiasribeiraopreto.com.br\/index.php\/wp-json\/wp\/v2\/posts\/75601\/revisions"}],"wp:featuredmedia":[{"embeddable":true,"href":"https:\/\/noticiasribeiraopreto.com.br\/index.php\/wp-json\/wp\/v2\/media\/73900"}],"wp:attachment":[{"href":"https:\/\/noticiasribeiraopreto.com.br\/index.php\/wp-json\/wp\/v2\/media?parent=75601"}],"wp:term":[{"taxonomy":"category","embeddable":true,"href":"https:\/\/noticiasribeiraopreto.com.br\/index.php\/wp-json\/wp\/v2\/categories?post=75601"},{"taxonomy":"post_tag","embeddable":true,"href":"https:\/\/noticiasribeiraopreto.com.br\/index.php\/wp-json\/wp\/v2\/tags?post=75601"}],"curies":[{"name":"wp","href":"https:\/\/api.w.org\/{rel}","templated":true}]}}