{"id":75602,"date":"2025-08-12T13:11:52","date_gmt":"2025-08-12T16:11:52","guid":{"rendered":"https:\/\/noticiasribeiraopreto.com.br\/index.php\/2025\/08\/12\/homem-e-preso-suspeito-de-integrar-quadrilha-que-roubou-casa-de-ex-prefeito\/"},"modified":"2025-08-12T13:11:52","modified_gmt":"2025-08-12T16:11:52","slug":"homem-e-preso-suspeito-de-integrar-quadrilha-que-roubou-casa-de-ex-prefeito","status":"publish","type":"post","link":"https:\/\/noticiasribeiraopreto.com.br\/index.php\/2025\/08\/12\/homem-e-preso-suspeito-de-integrar-quadrilha-que-roubou-casa-de-ex-prefeito\/","title":{"rendered":"Homem \u00e9 preso suspeito de integrar quadrilha que roubou casa de ex-prefeito"},"content":{"rendered":"<div class='code-block code-block-1' style='margin: 8px 0 8px auto; text-align: right; display: block; clear: both;'>\n<p><a href=\"https:\/\/wa.link\/vpicfd\"><img data-recalc-dims=\"1\" class=\"wp-image-4922\" style=\"aspect-ratio: 2.0253164556962027; width: 561px; height: auto;\" src=\"https:\/\/i0.wp.com\/ismaelcolosi.com.br\/wp-content\/uploads\/2023\/11\/grupo-de-empregos-whatsapp-e-facebook-ismael-colosi-vagas.jpg?ssl=1\" alt=\"\" \/><\/a><\/p>\n<!-- \/wp:image -->\n<\/div>\n<p> <br \/>\n<\/p>\n<div data-td-block-uid=\"tdi_95\">\n<div class=\"tdb-block-inner td-fix-index\">\n<p><strong>A Pol\u00edcia Civil prendeu na manh\u00e3 desta ter\u00e7a-feira (12) um homem de 26 anos suspeito de integrar uma quadrilha que roubou a resid\u00eancia do <strong>ex-prefeito de Barretos\u00a0<strong>Uebe Rezeck<\/strong><\/strong>, na regi\u00e3o central da cidade, a 130 quil\u00f4metros de Ribeir\u00e3o Preto.<\/strong> <strong>Assista <\/strong>ao <strong>v\u00eddeo <\/strong>abaixo.<\/p>\n<p>O <strong>crime <\/strong>ocorreu em <strong>dezembro de 2024<\/strong> e <mark style=\"background-color:#fcb900\" class=\"has-inline-color has-black-color\">o suspeito foi encontrado em Embu das Artes, na Regi\u00e3o Metropolitana de S\u00e3o Paulo.<\/mark> O nome dele n\u00e3o foi divulgado.<\/p>\n<p>A pol\u00edcia disse que quatro criminosos armados invadiram a casa, considerada de alto padr\u00e3o, e mantiveram como ref\u00e9ns ex-prefeito, a esposa dele e duas empregadas dom\u00e9sticas. A mulher de Rezeck chegou a ser agredida na a\u00e7\u00e3o.<\/p>\n<figure class=\"wp-block-pullquote\">\n<blockquote>\n<p>Os assaltantes demonstraram conhecimento da rotina da casa, escalando o muro lateral do im\u00f3vel durante a madrugada e aguardando estrategicamente a chegada das funcion\u00e1rias para render as v\u00edtimas, <\/p>\n<p><cite><strong>disse a pol\u00edcia.<\/strong><\/cite><\/p><\/blockquote>\n<\/figure>\n<p>As v\u00edtimas permaneceram sob a mira de armas de fogo, incluindo uma submetralhadora, durante aproximadamente seis horas.<\/p>\n<p>Foram roubados valores em dinheiro nacional e estrangeiro, joias, bolsas femininas, aparelhos celulares e bebidas.<\/p>\n<p>Havia um mandado de pris\u00e3o tempor\u00e1ria expedido pela Justi\u00e7a contra o suspeito preso nesta ter\u00e7a.<\/p>\n<p>A pol\u00edcia disse que as investiga\u00e7\u00f5es prosseguem para identificar e localizar outros tr\u00eas suspeitos de integrar a quadrilha.<\/p>\n<blockquote class=\"instagram-media\" data-instgrm-permalink=\"https:\/\/www.instagram.com\/reel\/DNQT0qYsLM6\/?utm_source=ig_embed&amp;utm_campaign=loading\" data-instgrm-version=\"14\" style=\"background:#FFF;border:0;border-radius:3px;margin: 1px;max-width:540px;min-width:326px;padding:0;width:99.375%;width:-webkit-calc(100% - 2px);width:calc(100% - 2px)\"\/>\n<p>SAIBA MAIS<\/p>\n<p>Motociclista \u00e9 preso por embriaguez ap\u00f3s persegui\u00e7\u00e3o e queda de moto<\/p>\n<h2 class=\"wp-block-heading\"><strong>FIQUE ON<\/strong><\/h2>\n<p>Fique ligado em tudo que acontece em Ribeir\u00e3o Preto e regi\u00e3o. Siga os perfis do\u00a0<strong>acidade on<\/strong>\u00a0no<a href=\"https:\/\/www.instagram.com\/acidadeonribeirao\" target=\"_blank\" rel=\"noreferrer noopener\">\u00a0Instagram<\/a>\u00a0e no\u00a0<a href=\"https:\/\/www.facebook.com\/acidadeonribeirao\/\" target=\"_blank\" rel=\"noreferrer noopener\">Facebook.<\/a><\/p>\n<p>Receba not\u00edcias do\u00a0<strong>acidade on\u00a0<\/strong>no WhatsApp.\u00a0<a href=\"https:\/\/chat.whatsapp.com\/I4nieTEMKlf50pJ28aMemC?mode=ac_t\" target=\"_blank\" rel=\"noreferrer noopener\">Para entrar no grupo, basta clicar aqui.<\/a><\/p>\n<p>Fa\u00e7a uma den\u00fancia ou sugira uma reportagem sobre Ribeir\u00e3o Preto e regi\u00e3o pelo WhatsApp: 16 99117 7802.<\/p>\n<p>VEJA TAMB\u00c9M<\/p>\n<p>Voc\u00ea conhece os principais benef\u00edcios do abacate para a sa\u00fade?<\/p>\n<p><!-- AI CONTENT END 1 -->\n<\/div>\n<\/div>\n<p><script async src=\"\/\/www.instagram.com\/embed.js\"><\/script><br \/>\n<br \/><br \/>\n<br \/><a href=\"https:\/\/www.acidadeon.com\/ribeiraopreto\/cotidiano\/homem-e-preso-suspeito-de-integrar-quadrilha-que-roubou-casa-de-ex-prefeito\/\">Source link <\/a><\/p>\n<!-- CONTENT END 1 -->\n","protected":false},"excerpt":{"rendered":"<p>A Pol\u00edcia Civil prendeu na manh\u00e3 desta ter\u00e7a-feira (12) um homem de 26 anos suspeito de integrar uma quadrilha que roubou a resid\u00eancia do ex-prefeito&#8230;<\/p>\n","protected":false},"author":1,"featured_media":75603,"comment_status":"open","ping_status":"open","sticky":false,"template":"","format":"standard","meta":{"advanced_seo_description":"","jetpack_seo_html_title":"","jetpack_seo_noindex":false,"jetpack_post_was_ever_published":false,"_jetpack_newsletter_access":"","_jetpack_dont_email_post_to_subs":false,"_jetpack_newsletter_tier_id":0,"_jetpack_memberships_contains_paywalled_content":false,"_jetpack_memberships_contains_paid_content":false,"footnotes":"","jetpack_publicize_message":"","jetpack_publicize_feature_enabled":true,"jetpack_social_post_already_shared":true,"jetpack_social_options":{"image_generator_settings":{"template":"highway","default_image_id":0,"font":"","enabled":false},"version":2}},"categories":[11],"tags":[],"class_list":["post-75602","post","type-post","status-publish","format-standard","has-post-thumbnail","hentry","category-noticias-de-ribeirao-preto-sp-e-regiao-ismael-colosi"],"jetpack_publicize_connections":[],"jetpack_featured_media_url":"https:\/\/i0.wp.com\/noticiasribeiraopreto.com.br\/wp-content\/uploads\/2025\/08\/POLICIA-CIVIL_2025-08-12_13-12-19.webp.webp?fit=1200%2C713&ssl=1","jetpack-related-posts":[{"id":83004,"url":"https:\/\/noticiasribeiraopreto.com.br\/index.php\/2026\/03\/06\/policia-prende-suspeitos-de-integrar-quadrilha-de-falsificacao-de-agrotoxicos\/","url_meta":{"origin":75602,"position":0},"title":"Pol\u00edcia prende suspeitos de integrar quadrilha de falsifica\u00e7\u00e3o de agrot\u00f3xicos","author":"noticiasribeiraopreto.com.br","date":"6 de March de 2026","format":false,"excerpt":"A PM (Pol\u00edcia Militar) prendeu durante a opera\u00e7\u00e3o Cratos, deflagrada nesta quinta-feira (5), quatro suspeitos de integrar uma quadrilha de falsifica\u00e7\u00e3o de agrot\u00f3xicos, em Ribeir\u00e3o Preto. Segundo a corpora\u00e7\u00e3o, em uma casa na rua Valqu\u00edria Maria Martins Tanaka com rua F\u00e1tima Ozairn, no Parque das Gaivotas, foram localizados diversos recipientes\u2026","rel":"","context":"In &quot;Not\u00edcias de Ribeir\u00e3o Preto-SP e Regi\u00e3o&quot;","block_context":{"text":"Not\u00edcias de Ribeir\u00e3o Preto-SP e Regi\u00e3o","link":"https:\/\/noticiasribeiraopreto.com.br\/index.php\/category\/noticias-de-ribeirao-preto-sp-e-regiao-ismael-colosi\/"},"img":{"alt_text":"","src":"https:\/\/i0.wp.com\/noticiasribeiraopreto.com.br\/wp-content\/uploads\/2026\/03\/defensivos_2026-03-06_12-34-17.webp.webp?fit=1200%2C907&ssl=1&resize=350%2C200","width":350,"height":200,"srcset":"https:\/\/i0.wp.com\/noticiasribeiraopreto.com.br\/wp-content\/uploads\/2026\/03\/defensivos_2026-03-06_12-34-17.webp.webp?fit=1200%2C907&ssl=1&resize=350%2C200 1x, https:\/\/i0.wp.com\/noticiasribeiraopreto.com.br\/wp-content\/uploads\/2026\/03\/defensivos_2026-03-06_12-34-17.webp.webp?fit=1200%2C907&ssl=1&resize=525%2C300 1.5x, https:\/\/i0.wp.com\/noticiasribeiraopreto.com.br\/wp-content\/uploads\/2026\/03\/defensivos_2026-03-06_12-34-17.webp.webp?fit=1200%2C907&ssl=1&resize=700%2C400 2x, https:\/\/i0.wp.com\/noticiasribeiraopreto.com.br\/wp-content\/uploads\/2026\/03\/defensivos_2026-03-06_12-34-17.webp.webp?fit=1200%2C907&ssl=1&resize=1050%2C600 3x"},"classes":[]},{"id":83294,"url":"https:\/\/noticiasribeiraopreto.com.br\/index.php\/2026\/03\/15\/policia-investiga-quadrilha-disfarcada-de-policiais-civis-em-ribeirao-preto\/","url_meta":{"origin":75602,"position":1},"title":"Pol\u00edcia investiga quadrilha disfar\u00e7ada de policiais civis em Ribeir\u00e3o Preto","author":"noticiasribeiraopreto.com.br","date":"15 de March de 2026","format":false,"excerpt":"A Pol\u00edcia Civil de Ribeir\u00e3o Preto, com apoio do 11\u00ba Baep (Batalh\u00e3o de A\u00e7\u00f5es Especiais de Pol\u00edcia), prendeu nesta sexta-feira (13) um policial civil aposentado apontado por integrar uma quadrilha que se disfar\u00e7ou com uniformes de policiais civis e roubou duas v\u00edtimas em um im\u00f3vel alugado na Ribeir\u00e2nia, zona Leste\u2026","rel":"","context":"In &quot;Not\u00edcias de Ribeir\u00e3o Preto-SP e Regi\u00e3o&quot;","block_context":{"text":"Not\u00edcias de Ribeir\u00e3o Preto-SP e Regi\u00e3o","link":"https:\/\/noticiasribeiraopreto.com.br\/index.php\/category\/noticias-de-ribeirao-preto-sp-e-regiao-ismael-colosi\/"},"img":{"alt_text":"","src":"https:\/\/i0.wp.com\/noticiasribeiraopreto.com.br\/wp-content\/uploads\/2026\/03\/ribeirania-1_2026-03-14_16-26-51.webp.webp?fit=1200%2C918&ssl=1&resize=350%2C200","width":350,"height":200,"srcset":"https:\/\/i0.wp.com\/noticiasribeiraopreto.com.br\/wp-content\/uploads\/2026\/03\/ribeirania-1_2026-03-14_16-26-51.webp.webp?fit=1200%2C918&ssl=1&resize=350%2C200 1x, https:\/\/i0.wp.com\/noticiasribeiraopreto.com.br\/wp-content\/uploads\/2026\/03\/ribeirania-1_2026-03-14_16-26-51.webp.webp?fit=1200%2C918&ssl=1&resize=525%2C300 1.5x, https:\/\/i0.wp.com\/noticiasribeiraopreto.com.br\/wp-content\/uploads\/2026\/03\/ribeirania-1_2026-03-14_16-26-51.webp.webp?fit=1200%2C918&ssl=1&resize=700%2C400 2x, https:\/\/i0.wp.com\/noticiasribeiraopreto.com.br\/wp-content\/uploads\/2026\/03\/ribeirania-1_2026-03-14_16-26-51.webp.webp?fit=1200%2C918&ssl=1&resize=1050%2C600 3x"},"classes":[]},{"id":64071,"url":"https:\/\/noticiasribeiraopreto.com.br\/index.php\/2025\/02\/28\/suspeito-de-sequestro-em-interior-de-sp-ostentava-luxo-nas-redes-sociais\/","url_meta":{"origin":75602,"position":2},"title":"Suspeito de sequestro em interior de SP ostentava luxo nas redes sociais","author":"noticiasribeiraopreto.com.br","date":"28 de February de 2025","format":false,"excerpt":"Um dos l\u00edderes da quadrilha que sequestrou e roubou um idoso em Tai\u00fava, no interior de S\u00e3o Paulo, foi alvo de uma opera\u00e7\u00e3o da Pol\u00edcia Civil de Bebedouro, realizada nesta sexta-feira (28). Eric Ant\u00f4nio Pereira de Souza, que ostentava uma vida de luxo nas redes sociais, compartilhando imagens de festas,\u2026","rel":"","context":"In &quot;Not\u00edcias de Ribeir\u00e3o Preto-SP e Regi\u00e3o&quot;","block_context":{"text":"Not\u00edcias de Ribeir\u00e3o Preto-SP e Regi\u00e3o","link":"https:\/\/noticiasribeiraopreto.com.br\/index.php\/category\/noticias-de-ribeirao-preto-sp-e-regiao-ismael-colosi\/"},"img":{"alt_text":"","src":"https:\/\/i0.wp.com\/noticiasribeiraopreto.com.br\/wp-content\/uploads\/2025\/02\/Copia-de-Copia-de-Copia-de-TAMANHO-EXATO-PARA-FOTOS-NO-SISTEMA-NOVO-2025-02-28T154051.432_2025-02-28_18-42-07_png_2025-02-28_18-42-07.webp.webp?fit=1200%2C675&ssl=1&resize=350%2C200","width":350,"height":200,"srcset":"https:\/\/i0.wp.com\/noticiasribeiraopreto.com.br\/wp-content\/uploads\/2025\/02\/Copia-de-Copia-de-Copia-de-TAMANHO-EXATO-PARA-FOTOS-NO-SISTEMA-NOVO-2025-02-28T154051.432_2025-02-28_18-42-07_png_2025-02-28_18-42-07.webp.webp?fit=1200%2C675&ssl=1&resize=350%2C200 1x, https:\/\/i0.wp.com\/noticiasribeiraopreto.com.br\/wp-content\/uploads\/2025\/02\/Copia-de-Copia-de-Copia-de-TAMANHO-EXATO-PARA-FOTOS-NO-SISTEMA-NOVO-2025-02-28T154051.432_2025-02-28_18-42-07_png_2025-02-28_18-42-07.webp.webp?fit=1200%2C675&ssl=1&resize=525%2C300 1.5x, https:\/\/i0.wp.com\/noticiasribeiraopreto.com.br\/wp-content\/uploads\/2025\/02\/Copia-de-Copia-de-Copia-de-TAMANHO-EXATO-PARA-FOTOS-NO-SISTEMA-NOVO-2025-02-28T154051.432_2025-02-28_18-42-07_png_2025-02-28_18-42-07.webp.webp?fit=1200%2C675&ssl=1&resize=700%2C400 2x, https:\/\/i0.wp.com\/noticiasribeiraopreto.com.br\/wp-content\/uploads\/2025\/02\/Copia-de-Copia-de-Copia-de-TAMANHO-EXATO-PARA-FOTOS-NO-SISTEMA-NOVO-2025-02-28T154051.432_2025-02-28_18-42-07_png_2025-02-28_18-42-07.webp.webp?fit=1200%2C675&ssl=1&resize=1050%2C600 3x"},"classes":[]},{"id":77780,"url":"https:\/\/noticiasribeiraopreto.com.br\/index.php\/2025\/09\/25\/veja-estrutura-da-quadrilha-que-assaltou-predio-no-centro-de-ribeirao-preto\/","url_meta":{"origin":75602,"position":3},"title":"Veja estrutura da quadrilha que assaltou pr\u00e9dio no Centro de Ribeir\u00e3o Preto","author":"noticiasribeiraopreto.com.br","date":"25 de September de 2025","format":false,"excerpt":"A Pol\u00edcia Civil divulgou nesta quinta-feira (25) a estrutura da quadrilha que roubou moradores de um pr\u00e9dio residencial nesta quarta-feira (24), no Centro de Ribeir\u00e3o Preto. Seis suspeitos foram presos. Assista ao v\u00eddeo abaixo. Segundo a pol\u00edcia, um apartamento foi alugado com uso de documento falso no 9\u00ba andar do\u2026","rel":"","context":"In &quot;Not\u00edcias de Ribeir\u00e3o Preto-SP e Regi\u00e3o&quot;","block_context":{"text":"Not\u00edcias de Ribeir\u00e3o Preto-SP e Regi\u00e3o","link":"https:\/\/noticiasribeiraopreto.com.br\/index.php\/category\/noticias-de-ribeirao-preto-sp-e-regiao-ismael-colosi\/"},"img":{"alt_text":"","src":"https:\/\/i0.wp.com\/noticiasribeiraopreto.com.br\/wp-content\/uploads\/2025\/09\/WhatsApp-Image-2025-09-25-at-09.40.11_2025-09-25_13-43-32.webp.webp?fit=1200%2C900&ssl=1&resize=350%2C200","width":350,"height":200,"srcset":"https:\/\/i0.wp.com\/noticiasribeiraopreto.com.br\/wp-content\/uploads\/2025\/09\/WhatsApp-Image-2025-09-25-at-09.40.11_2025-09-25_13-43-32.webp.webp?fit=1200%2C900&ssl=1&resize=350%2C200 1x, https:\/\/i0.wp.com\/noticiasribeiraopreto.com.br\/wp-content\/uploads\/2025\/09\/WhatsApp-Image-2025-09-25-at-09.40.11_2025-09-25_13-43-32.webp.webp?fit=1200%2C900&ssl=1&resize=525%2C300 1.5x, https:\/\/i0.wp.com\/noticiasribeiraopreto.com.br\/wp-content\/uploads\/2025\/09\/WhatsApp-Image-2025-09-25-at-09.40.11_2025-09-25_13-43-32.webp.webp?fit=1200%2C900&ssl=1&resize=700%2C400 2x, https:\/\/i0.wp.com\/noticiasribeiraopreto.com.br\/wp-content\/uploads\/2025\/09\/WhatsApp-Image-2025-09-25-at-09.40.11_2025-09-25_13-43-32.webp.webp?fit=1200%2C900&ssl=1&resize=1050%2C600 3x"},"classes":[]},{"id":75597,"url":"https:\/\/noticiasribeiraopreto.com.br\/index.php\/2025\/08\/12\/moradores-aprovam-expulsao-de-fazendeiro-acusado-de-ameacar-vizinhos-em-condominio\/","url_meta":{"origin":75602,"position":4},"title":"Moradores aprovam expuls\u00e3o de fazendeiro acusado de amea\u00e7ar vizinhos em condom\u00ednio","author":"noticiasribeiraopreto.com.br","date":"12 de August de 2025","format":false,"excerpt":"Os moradores do pr\u00e9dio onde o fazendeiro Al\u00edpio Jo\u00e3o J\u00fanior mantinha resid\u00eancia at\u00e9 ser preso, na regi\u00e3o central de Ribeir\u00e3o Preto, aprovaram a expuls\u00e3o dele do condom\u00ednio, em assembleia realizada nesta segunda-feira (11). Al\u00edpio est\u00e1 preso preventivamente no Centro de Deten\u00e7\u00e3o Provis\u00f3ria (CDP) da cidade, acusado de uma s\u00e9rie de\u2026","rel":"","context":"In &quot;Not\u00edcias de Ribeir\u00e3o Preto-SP e Regi\u00e3o&quot;","block_context":{"text":"Not\u00edcias de Ribeir\u00e3o Preto-SP e Regi\u00e3o","link":"https:\/\/noticiasribeiraopreto.com.br\/index.php\/category\/noticias-de-ribeirao-preto-sp-e-regiao-ismael-colosi\/"},"img":{"alt_text":"","src":"https:\/\/i0.wp.com\/noticiasribeiraopreto.com.br\/wp-content\/uploads\/2025\/07\/ALIPIO_2025-07-15_10-05-18.webp.webp?fit=1200%2C829&ssl=1&resize=350%2C200","width":350,"height":200,"srcset":"https:\/\/i0.wp.com\/noticiasribeiraopreto.com.br\/wp-content\/uploads\/2025\/07\/ALIPIO_2025-07-15_10-05-18.webp.webp?fit=1200%2C829&ssl=1&resize=350%2C200 1x, https:\/\/i0.wp.com\/noticiasribeiraopreto.com.br\/wp-content\/uploads\/2025\/07\/ALIPIO_2025-07-15_10-05-18.webp.webp?fit=1200%2C829&ssl=1&resize=525%2C300 1.5x, https:\/\/i0.wp.com\/noticiasribeiraopreto.com.br\/wp-content\/uploads\/2025\/07\/ALIPIO_2025-07-15_10-05-18.webp.webp?fit=1200%2C829&ssl=1&resize=700%2C400 2x, https:\/\/i0.wp.com\/noticiasribeiraopreto.com.br\/wp-content\/uploads\/2025\/07\/ALIPIO_2025-07-15_10-05-18.webp.webp?fit=1200%2C829&ssl=1&resize=1050%2C600 3x"},"classes":[]},{"id":60701,"url":"https:\/\/noticiasribeiraopreto.com.br\/index.php\/2024\/11\/22\/policia-civil-de-ribeirao-prende-suspeito-de-integrar-pcc-e-matar-pm-em-minas\/","url_meta":{"origin":75602,"position":5},"title":"Pol\u00edcia Civil de Ribeir\u00e3o prende suspeito de integrar PCC e matar PM em Minas","author":"noticiasribeiraopreto.com.br","date":"22 de November de 2024","format":false,"excerpt":"A Pol\u00edcia Civil de Ribeir\u00e3o Preto prendeu, no in\u00edcio da manh\u00e3 desta sexta-feira (22), um homem, de 43 anos, suspeito de integrar a fac\u00e7\u00e3o PCC (Primeiro Comando da Capital) e cometer crimes no estado de Minas Gerais. Segundo a Deic (Divis\u00e3o Especializada de Investiga\u00e7\u00f5es Criminais), o homem tem passagens por\u2026","rel":"","context":"In &quot;Not\u00edcias de Ribeir\u00e3o Preto-SP e Regi\u00e3o&quot;","block_context":{"text":"Not\u00edcias de Ribeir\u00e3o Preto-SP e Regi\u00e3o","link":"https:\/\/noticiasribeiraopreto.com.br\/index.php\/category\/noticias-de-ribeirao-preto-sp-e-regiao-ismael-colosi\/"},"img":{"alt_text":"","src":"https:\/\/i0.wp.com\/noticiasribeiraopreto.com.br\/wp-content\/uploads\/2024\/11\/PRISAO_2024-11-22_17-07-43_jpg_2024-11-22_17-07-43.webp.webp?fit=1200%2C978&ssl=1&resize=350%2C200","width":350,"height":200,"srcset":"https:\/\/i0.wp.com\/noticiasribeiraopreto.com.br\/wp-content\/uploads\/2024\/11\/PRISAO_2024-11-22_17-07-43_jpg_2024-11-22_17-07-43.webp.webp?fit=1200%2C978&ssl=1&resize=350%2C200 1x, https:\/\/i0.wp.com\/noticiasribeiraopreto.com.br\/wp-content\/uploads\/2024\/11\/PRISAO_2024-11-22_17-07-43_jpg_2024-11-22_17-07-43.webp.webp?fit=1200%2C978&ssl=1&resize=525%2C300 1.5x, https:\/\/i0.wp.com\/noticiasribeiraopreto.com.br\/wp-content\/uploads\/2024\/11\/PRISAO_2024-11-22_17-07-43_jpg_2024-11-22_17-07-43.webp.webp?fit=1200%2C978&ssl=1&resize=700%2C400 2x, https:\/\/i0.wp.com\/noticiasribeiraopreto.com.br\/wp-content\/uploads\/2024\/11\/PRISAO_2024-11-22_17-07-43_jpg_2024-11-22_17-07-43.webp.webp?fit=1200%2C978&ssl=1&resize=1050%2C600 3x"},"classes":[]}],"jetpack_sharing_enabled":true,"jetpack_shortlink":"https:\/\/wp.me\/peQAOb-jFo","_links":{"self":[{"href":"https:\/\/noticiasribeiraopreto.com.br\/index.php\/wp-json\/wp\/v2\/posts\/75602","targetHints":{"allow":["GET"]}}],"collection":[{"href":"https:\/\/noticiasribeiraopreto.com.br\/index.php\/wp-json\/wp\/v2\/posts"}],"about":[{"href":"https:\/\/noticiasribeiraopreto.com.br\/index.php\/wp-json\/wp\/v2\/types\/post"}],"author":[{"embeddable":true,"href":"https:\/\/noticiasribeiraopreto.com.br\/index.php\/wp-json\/wp\/v2\/users\/1"}],"replies":[{"embeddable":true,"href":"https:\/\/noticiasribeiraopreto.com.br\/index.php\/wp-json\/wp\/v2\/comments?post=75602"}],"version-history":[{"count":0,"href":"https:\/\/noticiasribeiraopreto.com.br\/index.php\/wp-json\/wp\/v2\/posts\/75602\/revisions"}],"wp:featuredmedia":[{"embeddable":true,"href":"https:\/\/noticiasribeiraopreto.com.br\/index.php\/wp-json\/wp\/v2\/media\/75603"}],"wp:attachment":[{"href":"https:\/\/noticiasribeiraopreto.com.br\/index.php\/wp-json\/wp\/v2\/media?parent=75602"}],"wp:term":[{"taxonomy":"category","embeddable":true,"href":"https:\/\/noticiasribeiraopreto.com.br\/index.php\/wp-json\/wp\/v2\/categories?post=75602"},{"taxonomy":"post_tag","embeddable":true,"href":"https:\/\/noticiasribeiraopreto.com.br\/index.php\/wp-json\/wp\/v2\/tags?post=75602"}],"curies":[{"name":"wp","href":"https:\/\/api.w.org\/{rel}","templated":true}]}}