{"id":75606,"date":"2025-08-12T13:25:07","date_gmt":"2025-08-12T16:25:07","guid":{"rendered":"https:\/\/noticiasribeiraopreto.com.br\/index.php\/2025\/08\/12\/totvs-inaugura-novo-escritorio-em-ribeirao-preto\/"},"modified":"2025-08-12T13:25:07","modified_gmt":"2025-08-12T16:25:07","slug":"totvs-inaugura-novo-escritorio-em-ribeirao-preto","status":"publish","type":"post","link":"https:\/\/noticiasribeiraopreto.com.br\/index.php\/2025\/08\/12\/totvs-inaugura-novo-escritorio-em-ribeirao-preto\/","title":{"rendered":"TOTVS inaugura novo escrit\u00f3rio em Ribeir\u00e3o Preto"},"content":{"rendered":"<div class='code-block code-block-1' style='margin: 8px 0 8px auto; text-align: right; display: block; clear: both;'>\n<p><a href=\"https:\/\/wa.link\/vpicfd\"><img data-recalc-dims=\"1\" class=\"wp-image-4922\" style=\"aspect-ratio: 2.0253164556962027; width: 561px; height: auto;\" src=\"https:\/\/i0.wp.com\/ismaelcolosi.com.br\/wp-content\/uploads\/2023\/11\/grupo-de-empregos-whatsapp-e-facebook-ismael-colosi-vagas.jpg?ssl=1\" alt=\"\" \/><\/a><\/p>\n<!-- \/wp:image -->\n<\/div>\n<p> <br \/>\n<\/p>\n<div data-td-block-uid=\"tdi_96\">\n<div class=\"tdb-block-inner td-fix-index\">\n<p>A TOTVS, maior empresa de tecnologia do Brasil, anuncia a inaugura\u00e7\u00e3o de seu novo escrit\u00f3rio em Ribeir\u00e3o Preto (SP). Maior e mais moderno, o novo espa\u00e7o est\u00e1 localizado na Av. Presidente Vargas, uma das principais da cidade. O movimento faz parte da estrat\u00e9gia de fortalecimento da presen\u00e7a da TOTVS na regi\u00e3o, que \u00e9 uma das mais relevantes do estado de S\u00e3o Paulo em termos de desenvolvimento econ\u00f4mico e potencial de neg\u00f3cios, com forte presen\u00e7a nos setores agr\u00edcola, industrial, de servi\u00e7os e tecnologia.<\/p>\n<figure class=\"wp-block-image size-large\"><img data-recalc-dims=\"1\" fetchpriority=\"high\" decoding=\"async\" width=\"1024\" height=\"683\" src=\"https:\/\/i0.wp.com\/cdn.media-acidadeon.com.br\/ribeiraopreto\/wp-content\/uploads\/sites\/3\/2025\/08\/2-2025-08-12T102409.321_2025-08-12_13-28-50-1024x683.webp?resize=1024%2C683&#038;ssl=1\" alt=\"\" class=\"wp-image-125510\" srcset=\"https:\/\/cdn.media-acidadeon.com.br\/ribeiraopreto\/wp-content\/uploads\/sites\/3\/2025\/08\/2-2025-08-12T102409.321_2025-08-12_13-28-50-1024x683.webp 1024w, https:\/\/cdn.media-acidadeon.com.br\/ribeiraopreto\/wp-content\/uploads\/sites\/3\/2025\/08\/2-2025-08-12T102409.321_2025-08-12_13-28-50-300x200.webp 300w, https:\/\/cdn.media-acidadeon.com.br\/ribeiraopreto\/wp-content\/uploads\/sites\/3\/2025\/08\/2-2025-08-12T102409.321_2025-08-12_13-28-50-768x512.webp 768w, https:\/\/cdn.media-acidadeon.com.br\/ribeiraopreto\/wp-content\/uploads\/sites\/3\/2025\/08\/2-2025-08-12T102409.321_2025-08-12_13-28-50-696x464.webp 696w, https:\/\/cdn.media-acidadeon.com.br\/ribeiraopreto\/wp-content\/uploads\/sites\/3\/2025\/08\/2-2025-08-12T102409.321_2025-08-12_13-28-50-1068x712.webp 1068w, https:\/\/cdn.media-acidadeon.com.br\/ribeiraopreto\/wp-content\/uploads\/sites\/3\/2025\/08\/2-2025-08-12T102409.321_2025-08-12_13-28-50.webp 1200w\" sizes=\"(max-width: 1024px) 100vw, 1024px\"\/><figcaption class=\"wp-element-caption\">Cr\u00e9dito: Divulga\u00e7\u00e3o <\/figcaption><\/figure>\n<p><strong><em>\u201cCom esse novo escrit\u00f3rio, refor\u00e7amos nosso compromisso de estar cada vez mais pr\u00f3ximos de nossos clientes, potencializando seus resultados por meio da tecnologia. Apostamos no potencial do interior paulista para acelerar a transforma\u00e7\u00e3o digital em diversos setores da economia, e queremos ser parceiros estrat\u00e9gicos para isso, oferecendo solu\u00e7\u00f5es que impulsionam efici\u00eancia, inova\u00e7\u00e3o e crescimento sustent\u00e1vel\u201d, afirma Alexandre Apendino, vice-presidente de Atendimento e Relacionamento da TOTVS.<\/em><\/strong><\/p>\n<figure class=\"wp-block-image size-large\"><img data-recalc-dims=\"1\" loading=\"lazy\" decoding=\"async\" width=\"1024\" height=\"683\" src=\"https:\/\/i0.wp.com\/cdn.media-acidadeon.com.br\/ribeiraopreto\/wp-content\/uploads\/sites\/3\/2025\/08\/3-2025-08-12T102412.267_2025-08-12_13-29-29-1024x683.webp?resize=1024%2C683&#038;ssl=1\" alt=\"\" class=\"wp-image-125511\" srcset=\"https:\/\/cdn.media-acidadeon.com.br\/ribeiraopreto\/wp-content\/uploads\/sites\/3\/2025\/08\/3-2025-08-12T102412.267_2025-08-12_13-29-29-1024x683.webp 1024w, https:\/\/cdn.media-acidadeon.com.br\/ribeiraopreto\/wp-content\/uploads\/sites\/3\/2025\/08\/3-2025-08-12T102412.267_2025-08-12_13-29-29-300x200.webp 300w, https:\/\/cdn.media-acidadeon.com.br\/ribeiraopreto\/wp-content\/uploads\/sites\/3\/2025\/08\/3-2025-08-12T102412.267_2025-08-12_13-29-29-768x512.webp 768w, https:\/\/cdn.media-acidadeon.com.br\/ribeiraopreto\/wp-content\/uploads\/sites\/3\/2025\/08\/3-2025-08-12T102412.267_2025-08-12_13-29-29-696x464.webp 696w, https:\/\/cdn.media-acidadeon.com.br\/ribeiraopreto\/wp-content\/uploads\/sites\/3\/2025\/08\/3-2025-08-12T102412.267_2025-08-12_13-29-29-1068x712.webp 1068w, https:\/\/cdn.media-acidadeon.com.br\/ribeiraopreto\/wp-content\/uploads\/sites\/3\/2025\/08\/3-2025-08-12T102412.267_2025-08-12_13-29-29.webp 1200w\" sizes=\"auto, (max-width: 1024px) 100vw, 1024px\"\/><figcaption class=\"wp-element-caption\">Alexandre Apendino, vice-presidente de Atendimento e Relacionamento da TOTVS \u2013 Cr\u00e9dito: Divulga\u00e7\u00e3o<\/figcaption><\/figure>\n<figure class=\"wp-block-image size-large\"><img data-recalc-dims=\"1\" loading=\"lazy\" decoding=\"async\" width=\"1024\" height=\"683\" src=\"https:\/\/i0.wp.com\/cdn.media-acidadeon.com.br\/ribeiraopreto\/wp-content\/uploads\/sites\/3\/2025\/08\/4_2025-08-12_13-31-52-1024x683.webp?resize=1024%2C683&#038;ssl=1\" alt=\"\" class=\"wp-image-125513\" srcset=\"https:\/\/cdn.media-acidadeon.com.br\/ribeiraopreto\/wp-content\/uploads\/sites\/3\/2025\/08\/4_2025-08-12_13-31-52-1024x683.webp 1024w, https:\/\/cdn.media-acidadeon.com.br\/ribeiraopreto\/wp-content\/uploads\/sites\/3\/2025\/08\/4_2025-08-12_13-31-52-300x200.webp 300w, https:\/\/cdn.media-acidadeon.com.br\/ribeiraopreto\/wp-content\/uploads\/sites\/3\/2025\/08\/4_2025-08-12_13-31-52-768x512.webp 768w, https:\/\/cdn.media-acidadeon.com.br\/ribeiraopreto\/wp-content\/uploads\/sites\/3\/2025\/08\/4_2025-08-12_13-31-52-696x464.webp 696w, https:\/\/cdn.media-acidadeon.com.br\/ribeiraopreto\/wp-content\/uploads\/sites\/3\/2025\/08\/4_2025-08-12_13-31-52-1068x712.webp 1068w, https:\/\/cdn.media-acidadeon.com.br\/ribeiraopreto\/wp-content\/uploads\/sites\/3\/2025\/08\/4_2025-08-12_13-31-52.webp 1200w\" sizes=\"auto, (max-width: 1024px) 100vw, 1024px\"\/><figcaption class=\"wp-element-caption\">Cr\u00e9dito: Divulga\u00e7\u00e3o <\/figcaption><\/figure>\n<p>Com mais de 630 colaboradores na cidade, a nova sede da TOTVS em Ribeir\u00e3o Preto consolida opera\u00e7\u00f5es de vendas, servi\u00e7os e atendimento ao cliente, para atender empresas de todos os portes e segmentos de maneira cada vez mais pr\u00f3xima. A cidade tamb\u00e9m \u00e9 p\u00f3lo de um grande centro de pesquisa e desenvolvimento de tecnologias TOTVS voltadas para o setor supermercadista, do qual a empresa \u00e9 l\u00edder de mercado.<\/p>\n<p>Ocupando diversos andares do edif\u00edcio Trio, a estrutura do novo escrit\u00f3rio conta com centenas de esta\u00e7\u00f5es de trabalho, al\u00e9m de salas de reuni\u00e3o e um audit\u00f3rio pr\u00f3prio. O espa\u00e7o ainda possui \u00e1reas de conviv\u00eancia como sala de games, refeit\u00f3rio, macro kitchens e arquibancada m\u00f3vel para eventos e intera\u00e7\u00e3o.<\/p>\n<figure class=\"wp-block-image size-large\"><img data-recalc-dims=\"1\" loading=\"lazy\" decoding=\"async\" width=\"1024\" height=\"683\" src=\"https:\/\/i0.wp.com\/cdn.media-acidadeon.com.br\/ribeiraopreto\/wp-content\/uploads\/sites\/3\/2025\/08\/4-2025-08-12T102413.316_2025-08-12_13-29-52-1024x683.webp?resize=1024%2C683&#038;ssl=1\" alt=\"\" class=\"wp-image-125512\" srcset=\"https:\/\/cdn.media-acidadeon.com.br\/ribeiraopreto\/wp-content\/uploads\/sites\/3\/2025\/08\/4-2025-08-12T102413.316_2025-08-12_13-29-52-1024x683.webp 1024w, https:\/\/cdn.media-acidadeon.com.br\/ribeiraopreto\/wp-content\/uploads\/sites\/3\/2025\/08\/4-2025-08-12T102413.316_2025-08-12_13-29-52-300x200.webp 300w, https:\/\/cdn.media-acidadeon.com.br\/ribeiraopreto\/wp-content\/uploads\/sites\/3\/2025\/08\/4-2025-08-12T102413.316_2025-08-12_13-29-52-768x512.webp 768w, https:\/\/cdn.media-acidadeon.com.br\/ribeiraopreto\/wp-content\/uploads\/sites\/3\/2025\/08\/4-2025-08-12T102413.316_2025-08-12_13-29-52-696x464.webp 696w, https:\/\/cdn.media-acidadeon.com.br\/ribeiraopreto\/wp-content\/uploads\/sites\/3\/2025\/08\/4-2025-08-12T102413.316_2025-08-12_13-29-52-1068x712.webp 1068w, https:\/\/cdn.media-acidadeon.com.br\/ribeiraopreto\/wp-content\/uploads\/sites\/3\/2025\/08\/4-2025-08-12T102413.316_2025-08-12_13-29-52.webp 1200w\" sizes=\"auto, (max-width: 1024px) 100vw, 1024px\"\/><figcaption class=\"wp-element-caption\">Cr\u00e9dito: Divulga\u00e7\u00e3o<\/figcaption><\/figure>\n<p><strong><em>\u201cNosso objetivo \u00e9 contribuir de forma ativa para o fortalecimento das empresas locais. Por isso queremos que este novo escrit\u00f3rio seja um espa\u00e7o estrat\u00e9gico para iniciativas de inova\u00e7\u00e3o e relacionamento com o ecossistema regional\u201d, conclui o executivo.<\/em><\/strong><\/p>\n<p><!-- AI CONTENT END 1 -->\n<\/div>\n<\/div>\n<p><br \/>\n<br \/><a href=\"https:\/\/www.acidadeon.com\/ribeiraopreto\/conteudo-patrocinado\/totvs-ribeirao-preto\/totvs-inaugura-novo-escritorio-em-ribeirao-preto\/\">Source link <\/a><\/p>\n<!-- CONTENT END 1 -->\n","protected":false},"excerpt":{"rendered":"<p>A TOTVS, maior empresa de tecnologia do Brasil, anuncia a inaugura\u00e7\u00e3o de seu novo escrit\u00f3rio em Ribeir\u00e3o Preto (SP). Maior e mais moderno, o novo&#8230;<\/p>\n","protected":false},"author":1,"featured_media":75607,"comment_status":"open","ping_status":"open","sticky":false,"template":"","format":"standard","meta":{"advanced_seo_description":"","jetpack_seo_html_title":"","jetpack_seo_noindex":false,"jetpack_post_was_ever_published":false,"_jetpack_newsletter_access":"","_jetpack_dont_email_post_to_subs":false,"_jetpack_newsletter_tier_id":0,"_jetpack_memberships_contains_paywalled_content":false,"_jetpack_memberships_contains_paid_content":false,"footnotes":"","jetpack_publicize_message":"","jetpack_publicize_feature_enabled":true,"jetpack_social_post_already_shared":true,"jetpack_social_options":{"image_generator_settings":{"template":"highway","default_image_id":0,"font":"","enabled":false},"version":2}},"categories":[11],"tags":[],"class_list":["post-75606","post","type-post","status-publish","format-standard","has-post-thumbnail","hentry","category-noticias-de-ribeirao-preto-sp-e-regiao-ismael-colosi"],"jetpack_publicize_connections":[],"jetpack_featured_media_url":"https:\/\/i0.wp.com\/noticiasribeiraopreto.com.br\/wp-content\/uploads\/2025\/08\/1-2025-08-12T102407.246_2025-08-12_13-28-21.webp.webp?fit=1200%2C800&ssl=1","jetpack-related-posts":[{"id":76119,"url":"https:\/\/noticiasribeiraopreto.com.br\/index.php\/2025\/08\/22\/rsm-expande-presenca-com-novo-escritorio-em-ribeirao-preto\/","url_meta":{"origin":75606,"position":0},"title":"RSM expande presen\u00e7a com novo escrit\u00f3rio em Ribeir\u00e3o Preto","author":"noticiasribeiraopreto.com.br","date":"22 de August de 2025","format":false,"excerpt":"A RSM, \u2013 6\u00aa maior empresa de Auditoria, Consultoria, Tributos e Contabilidade do mundo, com atua\u00e7\u00e3o local e internacional \u2013 amplia sua presen\u00e7a no estado paulista com a abertura de um escrit\u00f3rio em Ribeir\u00e3o Preto\/SP, reconhecida como um polo regional, com grande influ\u00eancia no agroneg\u00f3cio, com\u00e9rcio e servi\u00e7os, al\u00e9m de\u2026","rel":"","context":"In &quot;Not\u00edcias de Ribeir\u00e3o Preto-SP e Regi\u00e3o&quot;","block_context":{"text":"Not\u00edcias de Ribeir\u00e3o Preto-SP e Regi\u00e3o","link":"https:\/\/noticiasribeiraopreto.com.br\/index.php\/category\/noticias-de-ribeirao-preto-sp-e-regiao-ismael-colosi\/"},"img":{"alt_text":"","src":"https:\/\/i0.wp.com\/noticiasribeiraopreto.com.br\/wp-content\/uploads\/2025\/08\/1-12_2025-08-22_13-25-29.webp.webp?fit=1200%2C800&ssl=1&resize=350%2C200","width":350,"height":200,"srcset":"https:\/\/i0.wp.com\/noticiasribeiraopreto.com.br\/wp-content\/uploads\/2025\/08\/1-12_2025-08-22_13-25-29.webp.webp?fit=1200%2C800&ssl=1&resize=350%2C200 1x, https:\/\/i0.wp.com\/noticiasribeiraopreto.com.br\/wp-content\/uploads\/2025\/08\/1-12_2025-08-22_13-25-29.webp.webp?fit=1200%2C800&ssl=1&resize=525%2C300 1.5x, https:\/\/i0.wp.com\/noticiasribeiraopreto.com.br\/wp-content\/uploads\/2025\/08\/1-12_2025-08-22_13-25-29.webp.webp?fit=1200%2C800&ssl=1&resize=700%2C400 2x, https:\/\/i0.wp.com\/noticiasribeiraopreto.com.br\/wp-content\/uploads\/2025\/08\/1-12_2025-08-22_13-25-29.webp.webp?fit=1200%2C800&ssl=1&resize=1050%2C600 3x"},"classes":[]},{"id":79058,"url":"https:\/\/noticiasribeiraopreto.com.br\/index.php\/2025\/10\/23\/assessoria-da-xp-anuncia-compra-de-escritorio-em-ribeirao-preto\/","url_meta":{"origin":75606,"position":1},"title":"Assessoria da XP anuncia compra de escrit\u00f3rio em Ribeir\u00e3o Preto","author":"noticiasribeiraopreto.com.br","date":"23 de October de 2025","format":false,"excerpt":"A Manchester Investimentos, escrit\u00f3rio do ecossistema XP, anunciou nesta quinta-feira (23) a compra da Ficus Capital, que conta com escrit\u00f3rio em Ribeir\u00e3o Preto. De acordo com o comunicado, a incorpora\u00e7\u00e3o traz para cust\u00f3dia da Manchester R$ 2,5 bilh\u00f5es, que j\u00e1 conta com R$ 20 bilh\u00f5es sob guarda. A integra\u00e7\u00e3o representa\u2026","rel":"","context":"In &quot;Not\u00edcias de Ribeir\u00e3o Preto-SP e Regi\u00e3o&quot;","block_context":{"text":"Not\u00edcias de Ribeir\u00e3o Preto-SP e Regi\u00e3o","link":"https:\/\/noticiasribeiraopreto.com.br\/index.php\/category\/noticias-de-ribeirao-preto-sp-e-regiao-ismael-colosi\/"},"img":{"alt_text":"","src":"https:\/\/i0.wp.com\/noticiasribeiraopreto.com.br\/wp-content\/uploads\/2025\/10\/negocios_2025-10-23_13-01-54.webp.webp?fit=1200%2C821&ssl=1&resize=350%2C200","width":350,"height":200,"srcset":"https:\/\/i0.wp.com\/noticiasribeiraopreto.com.br\/wp-content\/uploads\/2025\/10\/negocios_2025-10-23_13-01-54.webp.webp?fit=1200%2C821&ssl=1&resize=350%2C200 1x, https:\/\/i0.wp.com\/noticiasribeiraopreto.com.br\/wp-content\/uploads\/2025\/10\/negocios_2025-10-23_13-01-54.webp.webp?fit=1200%2C821&ssl=1&resize=525%2C300 1.5x, https:\/\/i0.wp.com\/noticiasribeiraopreto.com.br\/wp-content\/uploads\/2025\/10\/negocios_2025-10-23_13-01-54.webp.webp?fit=1200%2C821&ssl=1&resize=700%2C400 2x, https:\/\/i0.wp.com\/noticiasribeiraopreto.com.br\/wp-content\/uploads\/2025\/10\/negocios_2025-10-23_13-01-54.webp.webp?fit=1200%2C821&ssl=1&resize=1050%2C600 3x"},"classes":[]},{"id":36336,"url":"https:\/\/noticiasribeiraopreto.com.br\/index.php\/2024\/02\/09\/necta-gas-tem-novo-ceo-em-2024\/","url_meta":{"origin":75606,"position":2},"title":"Necta G\u00e1s tem novo CEO em 2024","author":"noticiasribeiraopreto.com.br","date":"9 de February de 2024","format":false,"excerpt":"9 de fevereiro de 2024 | 10:20 0A Necta G\u00e1s recebe com entusiasmo seu novo CEO para o ano de 2024: Jos\u00e9 Eduardo Moreira. Com uma s\u00f3lida forma\u00e7\u00e3o em Direito e enriquecido por um MBA em Gest\u00e3o de Projetos pela FIA e em Gest\u00e3o Empresarial pela FGV, Moreira traz consigo\u2026","rel":"","context":"In &quot;Not\u00edcias de Ribeir\u00e3o Preto-SP e Regi\u00e3o&quot;","block_context":{"text":"Not\u00edcias de Ribeir\u00e3o Preto-SP e Regi\u00e3o","link":"https:\/\/noticiasribeiraopreto.com.br\/index.php\/category\/noticias-de-ribeirao-preto-sp-e-regiao-ismael-colosi\/"},"img":{"alt_text":"","src":"https:\/\/i0.wp.com\/noticiasribeiraopreto.com.br\/wp-content\/uploads\/2024\/02\/Jose-Eduardo-Moreira-CEO-da-Necta-Gas-scaled.jpg?fit=979%2C645&ssl=1&resize=350%2C200","width":350,"height":200,"srcset":"https:\/\/i0.wp.com\/noticiasribeiraopreto.com.br\/wp-content\/uploads\/2024\/02\/Jose-Eduardo-Moreira-CEO-da-Necta-Gas-scaled.jpg?fit=979%2C645&ssl=1&resize=350%2C200 1x, https:\/\/i0.wp.com\/noticiasribeiraopreto.com.br\/wp-content\/uploads\/2024\/02\/Jose-Eduardo-Moreira-CEO-da-Necta-Gas-scaled.jpg?fit=979%2C645&ssl=1&resize=525%2C300 1.5x, https:\/\/i0.wp.com\/noticiasribeiraopreto.com.br\/wp-content\/uploads\/2024\/02\/Jose-Eduardo-Moreira-CEO-da-Necta-Gas-scaled.jpg?fit=979%2C645&ssl=1&resize=700%2C400 2x"},"classes":[]},{"id":63495,"url":"https:\/\/noticiasribeiraopreto.com.br\/index.php\/2025\/02\/14\/instalacao-de-649-novos-radares-em-sp-e-liberada-veja-os-locais\/","url_meta":{"origin":75606,"position":3},"title":"Instala\u00e7\u00e3o de 649 novos radares em SP \u00e9 liberada; Veja os locais","author":"noticiasribeiraopreto.com.br","date":"14 de February de 2025","format":false,"excerpt":"O DER-SP (Departamento de Estradas de Rodagem de S\u00e3o Paulo) assinou nesta sexta-feira (14) a ordem de servi\u00e7o para a instala\u00e7\u00e3o dos 649 novos radares fixos nas rodovias estaduais. A partir de agora, as empresas vencedoras da licita\u00e7\u00e3o ter\u00e3o at\u00e9 90 dias para finalizar a instala\u00e7\u00e3o dos equipamentos. Veja os\u2026","rel":"","context":"In &quot;Not\u00edcias de Ribeir\u00e3o Preto-SP e Regi\u00e3o&quot;","block_context":{"text":"Not\u00edcias de Ribeir\u00e3o Preto-SP e Regi\u00e3o","link":"https:\/\/noticiasribeiraopreto.com.br\/index.php\/category\/noticias-de-ribeirao-preto-sp-e-regiao-ismael-colosi\/"},"img":{"alt_text":"","src":"https:\/\/i0.wp.com\/noticiasribeiraopreto.com.br\/wp-content\/uploads\/2025\/02\/radar-de-transito.jpg?fit=1200%2C800&ssl=1&resize=350%2C200","width":350,"height":200,"srcset":"https:\/\/i0.wp.com\/noticiasribeiraopreto.com.br\/wp-content\/uploads\/2025\/02\/radar-de-transito.jpg?fit=1200%2C800&ssl=1&resize=350%2C200 1x, https:\/\/i0.wp.com\/noticiasribeiraopreto.com.br\/wp-content\/uploads\/2025\/02\/radar-de-transito.jpg?fit=1200%2C800&ssl=1&resize=525%2C300 1.5x, https:\/\/i0.wp.com\/noticiasribeiraopreto.com.br\/wp-content\/uploads\/2025\/02\/radar-de-transito.jpg?fit=1200%2C800&ssl=1&resize=700%2C400 2x, https:\/\/i0.wp.com\/noticiasribeiraopreto.com.br\/wp-content\/uploads\/2025\/02\/radar-de-transito.jpg?fit=1200%2C800&ssl=1&resize=1050%2C600 3x"},"classes":[]},{"id":75612,"url":"https:\/\/noticiasribeiraopreto.com.br\/index.php\/2025\/08\/12\/comeca-fenasucro-veja-como-participar\/","url_meta":{"origin":75606,"position":4},"title":"Come\u00e7a Fenasucro &#038; Agrocana em Sert\u00e3ozinho; Veja como participar","author":"noticiasribeiraopreto.com.br","date":"12 de August de 2025","format":false,"excerpt":"Come\u00e7a nesta ter\u00e7a-feira (12) e segue at\u00e9 15 de agosto a Fenasucro & Agrocana, em Sert\u00e3ozinho, na regi\u00e3o de Ribeir\u00e3o Preto. Para participar, o credenciamento \u00e9 gratuito e pode ser feito pelo site oficial do evento (clique aqui). Tamb\u00e9m pela internet, podem ser adquiridos os ingressos para a programa\u00e7\u00e3o de\u2026","rel":"","context":"In &quot;Not\u00edcias de Ribeir\u00e3o Preto-SP e Regi\u00e3o&quot;","block_context":{"text":"Not\u00edcias de Ribeir\u00e3o Preto-SP e Regi\u00e3o","link":"https:\/\/noticiasribeiraopreto.com.br\/index.php\/category\/noticias-de-ribeirao-preto-sp-e-regiao-ismael-colosi\/"},"img":{"alt_text":"","src":"https:\/\/i0.wp.com\/noticiasribeiraopreto.com.br\/wp-content\/uploads\/2025\/08\/fenasucro-2_2025-08-12_12-43-02.webp.webp?fit=1200%2C800&ssl=1&resize=350%2C200","width":350,"height":200,"srcset":"https:\/\/i0.wp.com\/noticiasribeiraopreto.com.br\/wp-content\/uploads\/2025\/08\/fenasucro-2_2025-08-12_12-43-02.webp.webp?fit=1200%2C800&ssl=1&resize=350%2C200 1x, https:\/\/i0.wp.com\/noticiasribeiraopreto.com.br\/wp-content\/uploads\/2025\/08\/fenasucro-2_2025-08-12_12-43-02.webp.webp?fit=1200%2C800&ssl=1&resize=525%2C300 1.5x, https:\/\/i0.wp.com\/noticiasribeiraopreto.com.br\/wp-content\/uploads\/2025\/08\/fenasucro-2_2025-08-12_12-43-02.webp.webp?fit=1200%2C800&ssl=1&resize=700%2C400 2x, https:\/\/i0.wp.com\/noticiasribeiraopreto.com.br\/wp-content\/uploads\/2025\/08\/fenasucro-2_2025-08-12_12-43-02.webp.webp?fit=1200%2C800&ssl=1&resize=1050%2C600 3x"},"classes":[]},{"id":61030,"url":"https:\/\/noticiasribeiraopreto.com.br\/index.php\/2024\/12\/02\/novo-parque-tematico-e-anunciado-no-interior-de-sp-veja-onde\/","url_meta":{"origin":75606,"position":5},"title":"Novo parque tem\u00e1tico \u00e9 anunciado no interior de SP; veja onde","author":"noticiasribeiraopreto.com.br","date":"2 de December de 2024","format":false,"excerpt":"O an\u00fancio oficial do parque tem\u00e1tico da Cacau Show ocorreu na manh\u00e3 desta segunda-feira (2), durante uma coletiva de imprensa, em S\u00e3o Paulo. O Cacau Park: A Fant\u00e1stica F\u00e1brica de Felicidade ser\u00e1 constru\u00eddo em Itu, no interior de S\u00e3o Paulo. Com previs\u00e3o de ocupar uma \u00e1rea de sete milh\u00f5es de\u2026","rel":"","context":"In &quot;Not\u00edcias de Ribeir\u00e3o Preto-SP e Regi\u00e3o&quot;","block_context":{"text":"Not\u00edcias de Ribeir\u00e3o Preto-SP e Regi\u00e3o","link":"https:\/\/noticiasribeiraopreto.com.br\/index.php\/category\/noticias-de-ribeirao-preto-sp-e-regiao-ismael-colosi\/"},"img":{"alt_text":"","src":"https:\/\/i0.wp.com\/noticiasribeiraopreto.com.br\/wp-content\/uploads\/2024\/12\/Copia-de-Copia-de-Copia-de-TAMANHO-EXATO-PARA-FOTOS-NO-SISTEMA-NOVO-2024-12-02T124637.232_2024-12-02_15-47-04_png_2024-12-02_15-47-05.webp.webp?fit=1200%2C675&ssl=1&resize=350%2C200","width":350,"height":200,"srcset":"https:\/\/i0.wp.com\/noticiasribeiraopreto.com.br\/wp-content\/uploads\/2024\/12\/Copia-de-Copia-de-Copia-de-TAMANHO-EXATO-PARA-FOTOS-NO-SISTEMA-NOVO-2024-12-02T124637.232_2024-12-02_15-47-04_png_2024-12-02_15-47-05.webp.webp?fit=1200%2C675&ssl=1&resize=350%2C200 1x, https:\/\/i0.wp.com\/noticiasribeiraopreto.com.br\/wp-content\/uploads\/2024\/12\/Copia-de-Copia-de-Copia-de-TAMANHO-EXATO-PARA-FOTOS-NO-SISTEMA-NOVO-2024-12-02T124637.232_2024-12-02_15-47-04_png_2024-12-02_15-47-05.webp.webp?fit=1200%2C675&ssl=1&resize=525%2C300 1.5x, https:\/\/i0.wp.com\/noticiasribeiraopreto.com.br\/wp-content\/uploads\/2024\/12\/Copia-de-Copia-de-Copia-de-TAMANHO-EXATO-PARA-FOTOS-NO-SISTEMA-NOVO-2024-12-02T124637.232_2024-12-02_15-47-04_png_2024-12-02_15-47-05.webp.webp?fit=1200%2C675&ssl=1&resize=700%2C400 2x, https:\/\/i0.wp.com\/noticiasribeiraopreto.com.br\/wp-content\/uploads\/2024\/12\/Copia-de-Copia-de-Copia-de-TAMANHO-EXATO-PARA-FOTOS-NO-SISTEMA-NOVO-2024-12-02T124637.232_2024-12-02_15-47-04_png_2024-12-02_15-47-05.webp.webp?fit=1200%2C675&ssl=1&resize=1050%2C600 3x"},"classes":[]}],"jetpack_sharing_enabled":true,"jetpack_shortlink":"https:\/\/wp.me\/peQAOb-jFs","_links":{"self":[{"href":"https:\/\/noticiasribeiraopreto.com.br\/index.php\/wp-json\/wp\/v2\/posts\/75606","targetHints":{"allow":["GET"]}}],"collection":[{"href":"https:\/\/noticiasribeiraopreto.com.br\/index.php\/wp-json\/wp\/v2\/posts"}],"about":[{"href":"https:\/\/noticiasribeiraopreto.com.br\/index.php\/wp-json\/wp\/v2\/types\/post"}],"author":[{"embeddable":true,"href":"https:\/\/noticiasribeiraopreto.com.br\/index.php\/wp-json\/wp\/v2\/users\/1"}],"replies":[{"embeddable":true,"href":"https:\/\/noticiasribeiraopreto.com.br\/index.php\/wp-json\/wp\/v2\/comments?post=75606"}],"version-history":[{"count":0,"href":"https:\/\/noticiasribeiraopreto.com.br\/index.php\/wp-json\/wp\/v2\/posts\/75606\/revisions"}],"wp:featuredmedia":[{"embeddable":true,"href":"https:\/\/noticiasribeiraopreto.com.br\/index.php\/wp-json\/wp\/v2\/media\/75607"}],"wp:attachment":[{"href":"https:\/\/noticiasribeiraopreto.com.br\/index.php\/wp-json\/wp\/v2\/media?parent=75606"}],"wp:term":[{"taxonomy":"category","embeddable":true,"href":"https:\/\/noticiasribeiraopreto.com.br\/index.php\/wp-json\/wp\/v2\/categories?post=75606"},{"taxonomy":"post_tag","embeddable":true,"href":"https:\/\/noticiasribeiraopreto.com.br\/index.php\/wp-json\/wp\/v2\/tags?post=75606"}],"curies":[{"name":"wp","href":"https:\/\/api.w.org\/{rel}","templated":true}]}}