{"id":75608,"date":"2025-08-12T13:34:33","date_gmt":"2025-08-12T16:34:33","guid":{"rendered":"https:\/\/noticiasribeiraopreto.com.br\/index.php\/2025\/08\/12\/moradores-aprovam-expulsao-de-fazendeiro-do-condominio-no-centro\/"},"modified":"2025-08-12T13:34:33","modified_gmt":"2025-08-12T16:34:33","slug":"moradores-aprovam-expulsao-de-fazendeiro-do-condominio-no-centro","status":"publish","type":"post","link":"https:\/\/noticiasribeiraopreto.com.br\/index.php\/2025\/08\/12\/moradores-aprovam-expulsao-de-fazendeiro-do-condominio-no-centro\/","title":{"rendered":"Moradores aprovam expuls\u00e3o de fazendeiro do condom\u00ednio no Centro"},"content":{"rendered":"<div class='code-block code-block-1' style='margin: 8px 0 8px auto; text-align: right; display: block; clear: both;'>\n<p><a href=\"https:\/\/wa.link\/vpicfd\"><img data-recalc-dims=\"1\" class=\"wp-image-4922\" style=\"aspect-ratio: 2.0253164556962027; width: 561px; height: auto;\" src=\"https:\/\/i0.wp.com\/ismaelcolosi.com.br\/wp-content\/uploads\/2023\/11\/grupo-de-empregos-whatsapp-e-facebook-ismael-colosi-vagas.jpg?ssl=1\" alt=\"\" \/><\/a><\/p>\n<!-- \/wp:image -->\n<\/div>\n<p> <br \/>\n<\/p>\n<div>\n<p>Por: Adalberto Luque<\/p>\n<p>Moradores do condom\u00ednio onde mora o fazendeiro Al\u00edpio Jo\u00e3o J\u00fanior, de 58 anos, aprovaram, na noite desta segunda-feira (11), sua expuls\u00e3o. Os moradores do pr\u00e9dio, que fica na rua Garibaldi, Centro de Ribeir\u00e3o Preto, realizaram uma assembleia para decidir a quest\u00e3o.<\/p>\n<p>Dos 48 moradores do pr\u00e9dio, 41 participaram da assembleia \u2013 cinco n\u00e3o puderam por estarem inadimplentes. Para expulsar Al\u00edpio, era preciso que 2\/3 dos cond\u00f4minos participassem. E, com 36 votos favor\u00e1veis, os moradores decidiram expulsar o morador, que j\u00e1 teria amea\u00e7ado outros moradores e, em junho, foi preso ao atirar com uma espingarda de press\u00e3o em um funcion\u00e1rio de um shopping center.<\/p>\n<p>Os moradores j\u00e1 haviam entrado com a\u00e7\u00e3o na Justi\u00e7a, no dia 23 de julho, onde pediam a expuls\u00e3o de Al\u00edpio. Contudo, a ju\u00edza Roberta Luchiari Villela indeferiu, esclarecendo que isso s\u00f3 pode ocorrer ap\u00f3s aprovado em assembleia.<\/p>\n<p>O advogado dos moradores, Hamilton Paulino Pereira J\u00fanior, disse que deve entrar com pedido de liminar ainda nesta ter\u00e7a-feira (12), pedindo a expuls\u00e3o de Al\u00edpio. Desta forma, a a\u00e7\u00e3o volta a ser apreciada no Tribunal de Justi\u00e7a de S\u00e3o Paulo (TJSP) e a Justi\u00e7a \u00e9 quem vai determinar pela expuls\u00e3o.<\/p>\n<p><strong>Defesa<\/strong><\/p>\n<p>O advogado J\u00falio Mossin, que \u00e9 o defensor de Al\u00edpio, considerou a assembleia in\u00f3cua. \u201cA defesa compreende que a medida \u00e9 in\u00f3cua, uma vez que o Al\u00edpio j\u00e1 deixou o pr\u00e9dio. Inclusive, sua fam\u00edlia, desde a sua pris\u00e3o, j\u00e1 vem desocupando o im\u00f3vel\u201d, disse o advogado.<\/p>\n<p>Mossin tamb\u00e9m confirmou que pediu a transfer\u00eancia do fazendeiro para uma cl\u00ednica psiqui\u00e1trica, mas isso ainda n\u00e3o evoluiu. \u201cEstamos aguardando per\u00edcia para efeito de transfer\u00eancia.\u201d<\/p>\n<p><strong>Relembre o caso<\/strong><\/p>\n<p>O \u201cfurioso da cancela\u201d \u00e9 investigado no Minist\u00e9rio P\u00fablico e na Pol\u00edcia Civil em casos que v\u00e3o desde perturba\u00e7\u00e3o do sossego at\u00e9 amea\u00e7as, inj\u00faria racial, persegui\u00e7\u00e3o e coa\u00e7\u00e3o a vizinhos. Ele responde por a\u00e7\u00f5es criminais e c\u00edveis, entre elas, pedidos de indeniza\u00e7\u00f5es por danos materiais e morais feitos pelos vizinhos, al\u00e9m de sua expuls\u00e3o.<\/p>\n<figure id=\"attachment_432682\" aria-describedby=\"caption-attachment-432682\" style=\"width: 800px\" class=\"wp-caption alignnone\"><img data-recalc-dims=\"1\" loading=\"lazy\" decoding=\"async\" class=\"size-full wp-image-432682 lazyload\" src=\"https:\/\/i0.wp.com\/www.tribunaribeirao.com.br\/wp-content\/uploads\/2025\/07\/25-jul-2025-alipiojoaojunior1.jpg?resize=800%2C440&#038;ssl=1\" alt=\"\" width=\"800\" height=\"440\" srcset=\"https:\/\/www.tribunaribeirao.com.br\/wp-content\/uploads\/2025\/07\/25-jul-2025-alipiojoaojunior1.jpg 800w, https:\/\/www.tribunaribeirao.com.br\/wp-content\/uploads\/2025\/07\/25-jul-2025-alipiojoaojunior1-300x165.jpg 300w, https:\/\/www.tribunaribeirao.com.br\/wp-content\/uploads\/2025\/07\/25-jul-2025-alipiojoaojunior1-768x422.jpg 768w, https:\/\/www.tribunaribeirao.com.br\/wp-content\/uploads\/2025\/07\/25-jul-2025-alipiojoaojunior1-727x400.jpg 727w, https:\/\/www.tribunaribeirao.com.br\/wp-content\/uploads\/2025\/07\/25-jul-2025-alipiojoaojunior1-585x322.jpg 585w\" data-sizes=\"(max-width: 800px) 100vw, 800px\" style=\"--smush-placeholder-width: 800px; --smush-placeholder-aspect-ratio: 800\/440;\"\/><figcaption id=\"caption-attachment-432682\" class=\"wp-caption-text\">Al\u00edp\u00edo teria disparado com espingarda de airsofit e atingido funcion\u00e1rio de shopping em junho (Foto: Reprodu\u00e7\u00e3o)<\/figcaption><\/figure>\n<p>Antes de as amea\u00e7as no pr\u00e9dio se tornarem p\u00fablicas, Al\u00edpio foi preso em junho ap\u00f3s atirar com arma de press\u00e3o contra um seguran\u00e7a em um shopping, irritado por n\u00e3o conseguir sair do estacionamento sem o cupom. A v\u00edtima foi socorrida, sem risco de morte.<\/p>\n<p>Desde ent\u00e3o, os moradores relataram explos\u00f5es de bombas juninas e amea\u00e7as. Diversos boletins de ocorr\u00eancia foram registrados denunciando a viol\u00eancia, inclusive um caso de tentativa de invas\u00e3o.<\/p>\n<p>O promotor Paulo Jos\u00e9 Freire Teot\u00f4nio considerou que ele representa risco \u00e0 conviv\u00eancia em sociedade. H\u00e1 ainda investiga\u00e7\u00f5es por maus-tratos a animais e c\u00e1rcere privado de uma ex-namorada. Segundo o advogado, os problemas com Al\u00edpio come\u00e7aram em 2018.<\/p>\n<p>\u00a0<\/p>\n<p>_____<\/p>\n<p>\u00a0<\/p>\n<p>Jornal Tribuna Ribeir\u00e3o<br \/>Um Jornal com a cara de Ribeir\u00e3o!<\/p>\n<p>Impresso | WEB | Redes sociais<br \/>Tribuna Ribeir\u00e3o \u2013 Fone: (16) 3632-2200 \u2013 Whatsapp: (16) 98161-8743<br \/>Av. Bar\u00e3o do Bananal, 880 \u2013 Jardim Anhanguera, Ribeir\u00e3o Preto<\/p>\n<p>@tribunaribeirao<br \/>@meiaderibeirao<br \/>@dinoderibeirao<br \/>#TribunaRibeir\u00e3o<br \/>#News<br \/>#Not\u00edcia<br \/>#Ribeir\u00e3oPreto #Not\u00edciasDeRibeir\u00e3oPreto<br \/>#ClassificadosTribunaRibeir\u00e3o<br \/>#Jornalismo<br \/>#ClassificadosRibeir\u00e3o<\/p>\n<\/div>\n<p><br \/>\n<br \/><a href=\"https:\/\/www.tribunaribeirao.com.br\/moradores-aprovam-expulsao-de-fazendeiro-do-condominio-no-centro\/\">Source link <\/a><\/p>\n<!-- CONTENT END 1 -->\n","protected":false},"excerpt":{"rendered":"<p>Por: Adalberto Luque Moradores do condom\u00ednio onde mora o fazendeiro Al\u00edpio Jo\u00e3o J\u00fanior, de 58 anos, aprovaram, na noite desta segunda-feira (11), sua expuls\u00e3o. Os&#8230;<\/p>\n","protected":false},"author":1,"featured_media":75609,"comment_status":"open","ping_status":"open","sticky":false,"template":"","format":"standard","meta":{"advanced_seo_description":"","jetpack_seo_html_title":"","jetpack_seo_noindex":false,"jetpack_post_was_ever_published":false,"_jetpack_newsletter_access":"","_jetpack_dont_email_post_to_subs":false,"_jetpack_newsletter_tier_id":0,"_jetpack_memberships_contains_paywalled_content":false,"_jetpack_memberships_contains_paid_content":false,"footnotes":"","jetpack_publicize_message":"","jetpack_publicize_feature_enabled":true,"jetpack_social_post_already_shared":true,"jetpack_social_options":{"image_generator_settings":{"template":"highway","default_image_id":0,"font":"","enabled":false},"version":2}},"categories":[11],"tags":[],"class_list":["post-75608","post","type-post","status-publish","format-standard","has-post-thumbnail","hentry","category-noticias-de-ribeirao-preto-sp-e-regiao-ismael-colosi"],"jetpack_publicize_connections":[],"jetpack_featured_media_url":"https:\/\/i0.wp.com\/noticiasribeiraopreto.com.br\/wp-content\/uploads\/2025\/08\/12-ago-2025-predioalipio5-scaled.jpg?fit=1200%2C474&ssl=1","jetpack-related-posts":[{"id":75597,"url":"https:\/\/noticiasribeiraopreto.com.br\/index.php\/2025\/08\/12\/moradores-aprovam-expulsao-de-fazendeiro-acusado-de-ameacar-vizinhos-em-condominio\/","url_meta":{"origin":75608,"position":0},"title":"Moradores aprovam expuls\u00e3o de fazendeiro acusado de amea\u00e7ar vizinhos em condom\u00ednio","author":"noticiasribeiraopreto.com.br","date":"12 de August de 2025","format":false,"excerpt":"Os moradores do pr\u00e9dio onde o fazendeiro Al\u00edpio Jo\u00e3o J\u00fanior mantinha resid\u00eancia at\u00e9 ser preso, na regi\u00e3o central de Ribeir\u00e3o Preto, aprovaram a expuls\u00e3o dele do condom\u00ednio, em assembleia realizada nesta segunda-feira (11). Al\u00edpio est\u00e1 preso preventivamente no Centro de Deten\u00e7\u00e3o Provis\u00f3ria (CDP) da cidade, acusado de uma s\u00e9rie de\u2026","rel":"","context":"In &quot;Not\u00edcias de Ribeir\u00e3o Preto-SP e Regi\u00e3o&quot;","block_context":{"text":"Not\u00edcias de Ribeir\u00e3o Preto-SP e Regi\u00e3o","link":"https:\/\/noticiasribeiraopreto.com.br\/index.php\/category\/noticias-de-ribeirao-preto-sp-e-regiao-ismael-colosi\/"},"img":{"alt_text":"","src":"https:\/\/i0.wp.com\/noticiasribeiraopreto.com.br\/wp-content\/uploads\/2025\/07\/ALIPIO_2025-07-15_10-05-18.webp.webp?fit=1200%2C829&ssl=1&resize=350%2C200","width":350,"height":200,"srcset":"https:\/\/i0.wp.com\/noticiasribeiraopreto.com.br\/wp-content\/uploads\/2025\/07\/ALIPIO_2025-07-15_10-05-18.webp.webp?fit=1200%2C829&ssl=1&resize=350%2C200 1x, https:\/\/i0.wp.com\/noticiasribeiraopreto.com.br\/wp-content\/uploads\/2025\/07\/ALIPIO_2025-07-15_10-05-18.webp.webp?fit=1200%2C829&ssl=1&resize=525%2C300 1.5x, https:\/\/i0.wp.com\/noticiasribeiraopreto.com.br\/wp-content\/uploads\/2025\/07\/ALIPIO_2025-07-15_10-05-18.webp.webp?fit=1200%2C829&ssl=1&resize=700%2C400 2x, https:\/\/i0.wp.com\/noticiasribeiraopreto.com.br\/wp-content\/uploads\/2025\/07\/ALIPIO_2025-07-15_10-05-18.webp.webp?fit=1200%2C829&ssl=1&resize=1050%2C600 3x"},"classes":[]},{"id":74761,"url":"https:\/\/noticiasribeiraopreto.com.br\/index.php\/2025\/07\/28\/moradores-tentam-expulsar-fazendeiro-preso-por-ameacas-mas-justica-nega-pedido\/","url_meta":{"origin":75608,"position":1},"title":"Moradores tentam expulsar fazendeiro preso por amea\u00e7as, mas Justi\u00e7a nega pedido","author":"noticiasribeiraopreto.com.br","date":"28 de July de 2025","format":false,"excerpt":"A Justi\u00e7a de Ribeir\u00e3o Preto negou, nesta segunda-feira (28), o pedido de liminar para expulsar o fazendeiro Al\u00edpio Jo\u00e3o J\u00fanio do condom\u00ednio onde mora. Al\u00edpio est\u00e1 preso preventivamente no Centro de Deten\u00e7\u00e3o Provis\u00f3ria (CDP) da cidade, acusado de uma s\u00e9rie de crimes, incluindo amea\u00e7as, perturba\u00e7\u00e3o do sossego, inj\u00faria racial, persegui\u00e7\u00e3o\u2026","rel":"","context":"In &quot;Not\u00edcias de Ribeir\u00e3o Preto-SP e Regi\u00e3o&quot;","block_context":{"text":"Not\u00edcias de Ribeir\u00e3o Preto-SP e Regi\u00e3o","link":"https:\/\/noticiasribeiraopreto.com.br\/index.php\/category\/noticias-de-ribeirao-preto-sp-e-regiao-ismael-colosi\/"},"img":{"alt_text":"","src":"https:\/\/i0.wp.com\/noticiasribeiraopreto.com.br\/wp-content\/uploads\/2025\/07\/Copia-de-Copia-de-Copia-de-TAMANHO-EXATO-PARA-FOTOS-NO-SISTEMA-NOVO-2025-07-16T150138.301_2025-07-16_18-02-17.webp.webp?fit=1200%2C675&ssl=1&resize=350%2C200","width":350,"height":200,"srcset":"https:\/\/i0.wp.com\/noticiasribeiraopreto.com.br\/wp-content\/uploads\/2025\/07\/Copia-de-Copia-de-Copia-de-TAMANHO-EXATO-PARA-FOTOS-NO-SISTEMA-NOVO-2025-07-16T150138.301_2025-07-16_18-02-17.webp.webp?fit=1200%2C675&ssl=1&resize=350%2C200 1x, https:\/\/i0.wp.com\/noticiasribeiraopreto.com.br\/wp-content\/uploads\/2025\/07\/Copia-de-Copia-de-Copia-de-TAMANHO-EXATO-PARA-FOTOS-NO-SISTEMA-NOVO-2025-07-16T150138.301_2025-07-16_18-02-17.webp.webp?fit=1200%2C675&ssl=1&resize=525%2C300 1.5x, https:\/\/i0.wp.com\/noticiasribeiraopreto.com.br\/wp-content\/uploads\/2025\/07\/Copia-de-Copia-de-Copia-de-TAMANHO-EXATO-PARA-FOTOS-NO-SISTEMA-NOVO-2025-07-16T150138.301_2025-07-16_18-02-17.webp.webp?fit=1200%2C675&ssl=1&resize=700%2C400 2x, https:\/\/i0.wp.com\/noticiasribeiraopreto.com.br\/wp-content\/uploads\/2025\/07\/Copia-de-Copia-de-Copia-de-TAMANHO-EXATO-PARA-FOTOS-NO-SISTEMA-NOVO-2025-07-16T150138.301_2025-07-16_18-02-17.webp.webp?fit=1200%2C675&ssl=1&resize=1050%2C600 3x"},"classes":[]},{"id":74523,"url":"https:\/\/noticiasribeiraopreto.com.br\/index.php\/2025\/07\/24\/condominos-entram-na-justica-para-expulsar-furioso-da-cancela\/","url_meta":{"origin":75608,"position":2},"title":"Cond\u00f4minos entram na Justi\u00e7a para expulsar \u201cfurioso da cancela\u201d","author":"noticiasribeiraopreto.com.br","date":"24 de July de 2025","format":false,"excerpt":"A\u00e7\u00e3o reuniu moradores do pr\u00e9dio onde mora Al\u00edpio Jo\u00e3o J\u00fanior, que alegam terem sido aterrorizados por vizinho 24 de julho de 2025 10:541 Compartilhar0 Por: Adalberto Luque Moradores de um condom\u00ednio em Ribeir\u00e3o Preto ingressaram na Justi\u00e7a com um pedido para impedir o retorno do fazendeiro Al\u00edpio Jo\u00e3o J\u00fanior, de\u2026","rel":"","context":"In &quot;Not\u00edcias de Ribeir\u00e3o Preto-SP e Regi\u00e3o&quot;","block_context":{"text":"Not\u00edcias de Ribeir\u00e3o Preto-SP e Regi\u00e3o","link":"https:\/\/noticiasribeiraopreto.com.br\/index.php\/category\/noticias-de-ribeirao-preto-sp-e-regiao-ismael-colosi\/"},"img":{"alt_text":"","src":"https:\/\/i0.wp.com\/noticiasribeiraopreto.com.br\/wp-content\/uploads\/2025\/07\/1753365364_16-jul-2025-alipiojoaojunior2.jpg?fit=984%2C616&ssl=1&resize=350%2C200","width":350,"height":200,"srcset":"https:\/\/i0.wp.com\/noticiasribeiraopreto.com.br\/wp-content\/uploads\/2025\/07\/1753365364_16-jul-2025-alipiojoaojunior2.jpg?fit=984%2C616&ssl=1&resize=350%2C200 1x, https:\/\/i0.wp.com\/noticiasribeiraopreto.com.br\/wp-content\/uploads\/2025\/07\/1753365364_16-jul-2025-alipiojoaojunior2.jpg?fit=984%2C616&ssl=1&resize=525%2C300 1.5x, https:\/\/i0.wp.com\/noticiasribeiraopreto.com.br\/wp-content\/uploads\/2025\/07\/1753365364_16-jul-2025-alipiojoaojunior2.jpg?fit=984%2C616&ssl=1&resize=700%2C400 2x"},"classes":[]},{"id":74798,"url":"https:\/\/noticiasribeiraopreto.com.br\/index.php\/2025\/07\/29\/justica-nega-expulsao-de-fazendeiro\/","url_meta":{"origin":75608,"position":3},"title":"Justi\u00e7a nega expuls\u00e3o de fazendeiro","author":"noticiasribeiraopreto.com.br","date":"29 de July de 2025","format":false,"excerpt":"Na decis\u00e3o, ju\u00edza destacou ser fundamental a realiza\u00e7\u00e3o de uma assembleia entre os cond\u00f4minos 29 de julho de 2025 13:132 Compartilhar0 Por: Adalberto Luque A ju\u00edza Roberta Luchiari Villela indeferiu o pedido dos moradores do condom\u00ednio Portinari, que ingressaram com a\u00e7\u00e3o pedindo a expuls\u00e3o do fazendeiro Al\u00edpio Jo\u00e3o J\u00fanior, de\u2026","rel":"","context":"In &quot;Not\u00edcias de Ribeir\u00e3o Preto-SP e Regi\u00e3o&quot;","block_context":{"text":"Not\u00edcias de Ribeir\u00e3o Preto-SP e Regi\u00e3o","link":"https:\/\/noticiasribeiraopreto.com.br\/index.php\/category\/noticias-de-ribeirao-preto-sp-e-regiao-ismael-colosi\/"},"img":{"alt_text":"","src":"https:\/\/i0.wp.com\/noticiasribeiraopreto.com.br\/wp-content\/uploads\/2025\/07\/1753805981_25-jul-2025-alipiojoaojunior2.jpg?fit=1192%2C1200&ssl=1&resize=350%2C200","width":350,"height":200,"srcset":"https:\/\/i0.wp.com\/noticiasribeiraopreto.com.br\/wp-content\/uploads\/2025\/07\/1753805981_25-jul-2025-alipiojoaojunior2.jpg?fit=1192%2C1200&ssl=1&resize=350%2C200 1x, https:\/\/i0.wp.com\/noticiasribeiraopreto.com.br\/wp-content\/uploads\/2025\/07\/1753805981_25-jul-2025-alipiojoaojunior2.jpg?fit=1192%2C1200&ssl=1&resize=525%2C300 1.5x, https:\/\/i0.wp.com\/noticiasribeiraopreto.com.br\/wp-content\/uploads\/2025\/07\/1753805981_25-jul-2025-alipiojoaojunior2.jpg?fit=1192%2C1200&ssl=1&resize=700%2C400 2x, https:\/\/i0.wp.com\/noticiasribeiraopreto.com.br\/wp-content\/uploads\/2025\/07\/1753805981_25-jul-2025-alipiojoaojunior2.jpg?fit=1192%2C1200&ssl=1&resize=1050%2C600 3x"},"classes":[]},{"id":75955,"url":"https:\/\/noticiasribeiraopreto.com.br\/index.php\/2025\/08\/19\/justica-expulsa-fazendeiro-de-condominio\/","url_meta":{"origin":75608,"position":4},"title":"Justi\u00e7a expulsa fazendeiro de condom\u00ednio","author":"noticiasribeiraopreto.com.br","date":"19 de August de 2025","format":false,"excerpt":"Decis\u00e3o contempla resultado de assembleia de moradores e impede que Al\u00edpio Jo\u00e3o J\u00fanior volte ao pr\u00e9dio 19 de agosto de 2025 12:091 Compartilhar0 Por: Adalberto Luque O Tribunal de Justi\u00e7a de S\u00e3o Paulo determinou a expuls\u00e3o do fazendeiro Al\u00edpio Jo\u00e3o J\u00fanior do condom\u00ednio onde morava, no Centro de Ribeir\u00e3o Preto.\u2026","rel":"","context":"In &quot;Not\u00edcias de Ribeir\u00e3o Preto-SP e Regi\u00e3o&quot;","block_context":{"text":"Not\u00edcias de Ribeir\u00e3o Preto-SP e Regi\u00e3o","link":"https:\/\/noticiasribeiraopreto.com.br\/index.php\/category\/noticias-de-ribeirao-preto-sp-e-regiao-ismael-colosi\/"},"img":{"alt_text":"","src":"https:\/\/i0.wp.com\/noticiasribeiraopreto.com.br\/wp-content\/uploads\/2025\/08\/16-jul-2025-alipiojoaojunior2.jpg?fit=984%2C616&ssl=1&resize=350%2C200","width":350,"height":200,"srcset":"https:\/\/i0.wp.com\/noticiasribeiraopreto.com.br\/wp-content\/uploads\/2025\/08\/16-jul-2025-alipiojoaojunior2.jpg?fit=984%2C616&ssl=1&resize=350%2C200 1x, https:\/\/i0.wp.com\/noticiasribeiraopreto.com.br\/wp-content\/uploads\/2025\/08\/16-jul-2025-alipiojoaojunior2.jpg?fit=984%2C616&ssl=1&resize=525%2C300 1.5x, https:\/\/i0.wp.com\/noticiasribeiraopreto.com.br\/wp-content\/uploads\/2025\/08\/16-jul-2025-alipiojoaojunior2.jpg?fit=984%2C616&ssl=1&resize=700%2C400 2x"},"classes":[]},{"id":74508,"url":"https:\/\/noticiasribeiraopreto.com.br\/index.php\/2025\/07\/23\/vizinhos-entram-com-acao-contra-fazendeiro-por-ameacas-e-pedem-indenizacao\/","url_meta":{"origin":75608,"position":5},"title":"Vizinhos entram com a\u00e7\u00e3o contra fazendeiro por amea\u00e7as e pedem indeniza\u00e7\u00e3o","author":"noticiasribeiraopreto.com.br","date":"23 de July de 2025","format":false,"excerpt":"Moradores de um condom\u00ednio no Centro de Ribeir\u00e3o Preto acionaram a Justi\u00e7a para pedir a expuls\u00e3o de Al\u00edpio Jo\u00e3o J\u00fanior. O grupo alega que o fazendeiro cometeu diversas amea\u00e7as e provocou transtornos desde 2018. Al\u00e9m da sa\u00edda definitiva do local, os vizinhos tamb\u00e9m cobram indeniza\u00e7\u00e3o por danos morais e materiais.\u2026","rel":"","context":"In &quot;Not\u00edcias de Ribeir\u00e3o Preto-SP e Regi\u00e3o&quot;","block_context":{"text":"Not\u00edcias de Ribeir\u00e3o Preto-SP e Regi\u00e3o","link":"https:\/\/noticiasribeiraopreto.com.br\/index.php\/category\/noticias-de-ribeirao-preto-sp-e-regiao-ismael-colosi\/"},"img":{"alt_text":"","src":"https:\/\/i0.wp.com\/noticiasribeiraopreto.com.br\/wp-content\/uploads\/2025\/07\/Copia-de-Copia-de-Copia-de-TAMANHO-EXATO-PARA-FOTOS-NO-SISTEMA-NOVO-2025-07-15T152539.277_2025-07-15_18-26-12.webp.webp?fit=1200%2C675&ssl=1&resize=350%2C200","width":350,"height":200,"srcset":"https:\/\/i0.wp.com\/noticiasribeiraopreto.com.br\/wp-content\/uploads\/2025\/07\/Copia-de-Copia-de-Copia-de-TAMANHO-EXATO-PARA-FOTOS-NO-SISTEMA-NOVO-2025-07-15T152539.277_2025-07-15_18-26-12.webp.webp?fit=1200%2C675&ssl=1&resize=350%2C200 1x, https:\/\/i0.wp.com\/noticiasribeiraopreto.com.br\/wp-content\/uploads\/2025\/07\/Copia-de-Copia-de-Copia-de-TAMANHO-EXATO-PARA-FOTOS-NO-SISTEMA-NOVO-2025-07-15T152539.277_2025-07-15_18-26-12.webp.webp?fit=1200%2C675&ssl=1&resize=525%2C300 1.5x, https:\/\/i0.wp.com\/noticiasribeiraopreto.com.br\/wp-content\/uploads\/2025\/07\/Copia-de-Copia-de-Copia-de-TAMANHO-EXATO-PARA-FOTOS-NO-SISTEMA-NOVO-2025-07-15T152539.277_2025-07-15_18-26-12.webp.webp?fit=1200%2C675&ssl=1&resize=700%2C400 2x, https:\/\/i0.wp.com\/noticiasribeiraopreto.com.br\/wp-content\/uploads\/2025\/07\/Copia-de-Copia-de-Copia-de-TAMANHO-EXATO-PARA-FOTOS-NO-SISTEMA-NOVO-2025-07-15T152539.277_2025-07-15_18-26-12.webp.webp?fit=1200%2C675&ssl=1&resize=1050%2C600 3x"},"classes":[]}],"jetpack_sharing_enabled":true,"jetpack_shortlink":"https:\/\/wp.me\/peQAOb-jFu","_links":{"self":[{"href":"https:\/\/noticiasribeiraopreto.com.br\/index.php\/wp-json\/wp\/v2\/posts\/75608","targetHints":{"allow":["GET"]}}],"collection":[{"href":"https:\/\/noticiasribeiraopreto.com.br\/index.php\/wp-json\/wp\/v2\/posts"}],"about":[{"href":"https:\/\/noticiasribeiraopreto.com.br\/index.php\/wp-json\/wp\/v2\/types\/post"}],"author":[{"embeddable":true,"href":"https:\/\/noticiasribeiraopreto.com.br\/index.php\/wp-json\/wp\/v2\/users\/1"}],"replies":[{"embeddable":true,"href":"https:\/\/noticiasribeiraopreto.com.br\/index.php\/wp-json\/wp\/v2\/comments?post=75608"}],"version-history":[{"count":0,"href":"https:\/\/noticiasribeiraopreto.com.br\/index.php\/wp-json\/wp\/v2\/posts\/75608\/revisions"}],"wp:featuredmedia":[{"embeddable":true,"href":"https:\/\/noticiasribeiraopreto.com.br\/index.php\/wp-json\/wp\/v2\/media\/75609"}],"wp:attachment":[{"href":"https:\/\/noticiasribeiraopreto.com.br\/index.php\/wp-json\/wp\/v2\/media?parent=75608"}],"wp:term":[{"taxonomy":"category","embeddable":true,"href":"https:\/\/noticiasribeiraopreto.com.br\/index.php\/wp-json\/wp\/v2\/categories?post=75608"},{"taxonomy":"post_tag","embeddable":true,"href":"https:\/\/noticiasribeiraopreto.com.br\/index.php\/wp-json\/wp\/v2\/tags?post=75608"}],"curies":[{"name":"wp","href":"https:\/\/api.w.org\/{rel}","templated":true}]}}