{"id":75612,"date":"2025-08-12T13:47:54","date_gmt":"2025-08-12T16:47:54","guid":{"rendered":"https:\/\/noticiasribeiraopreto.com.br\/index.php\/2025\/08\/12\/comeca-fenasucro-veja-como-participar\/"},"modified":"2025-08-12T13:47:54","modified_gmt":"2025-08-12T16:47:54","slug":"comeca-fenasucro-veja-como-participar","status":"publish","type":"post","link":"https:\/\/noticiasribeiraopreto.com.br\/index.php\/2025\/08\/12\/comeca-fenasucro-veja-como-participar\/","title":{"rendered":"Come\u00e7a Fenasucro &#038; Agrocana em Sert\u00e3ozinho; Veja como participar"},"content":{"rendered":"<div class='code-block code-block-1' style='margin: 8px 0 8px auto; text-align: right; display: block; clear: both;'>\n<p><a href=\"https:\/\/wa.link\/vpicfd\"><img data-recalc-dims=\"1\" class=\"wp-image-4922\" style=\"aspect-ratio: 2.0253164556962027; width: 561px; height: auto;\" src=\"https:\/\/i0.wp.com\/ismaelcolosi.com.br\/wp-content\/uploads\/2023\/11\/grupo-de-empregos-whatsapp-e-facebook-ismael-colosi-vagas.jpg?ssl=1\" alt=\"\" \/><\/a><\/p>\n<!-- \/wp:image -->\n<\/div>\n<p> <br \/>\n<\/p>\n<div>\n<p>Come\u00e7a nesta ter\u00e7a-feira (12) e segue at\u00e9 15 de agosto a <a href=\"https:\/\/www.fenasucro.com.br\/\" data-type=\"link\" data-id=\"https:\/\/www.fenasucro.com.br\/\" target=\"_blank\" rel=\"noopener\">Fenasucro &amp; Agrocana<\/a>, em <strong>Sert\u00e3ozinho<\/strong>, na regi\u00e3o de <strong>Ribeir\u00e3o Preto<\/strong>. Para participar, o credenciamento \u00e9 gratuito e pode ser feito pelo site oficial do evento (<a href=\"https:\/\/www.fenasucro.com.br\/pt-br\/credenciamento.html\" data-type=\"link\" data-id=\"https:\/\/www.fenasucro.com.br\/pt-br\/credenciamento.html\" target=\"_blank\" rel=\"noopener\">clique aqui<\/a>).<\/p>\n<p>Tamb\u00e9m pela internet, podem ser adquiridos os ingressos para a programa\u00e7\u00e3o de conte\u00fado da FenaBio, espa\u00e7o de confer\u00eancias da feira. <mark style=\"background-color:#fcb900\" class=\"has-inline-color has-black-color\">A Fenasucro &amp; Agrocana acontece no Centro de Eventos Zanini, que fica na Marginal Jo\u00e3o Ol\u00e9zio Marques, 3.563, na Ch\u00e1cara Recreio Planalto, em Sert\u00e3ozinho.<\/mark><\/p>\n<h2 class=\"wp-block-heading\"><strong>Transi\u00e7\u00e3o energ\u00e9tica<\/strong><\/h2>\n<p>A Fenasucro tem foco em temas como transi\u00e7\u00e3o energ\u00e9tica, mobilidade de baixo carbono e pol\u00edticas sustent\u00e1veis, al\u00e9m do lan\u00e7amento de tecnologias e inova\u00e7\u00f5es para toda a cadeia da bioenergia.<\/p>\n<p>O evento \u00e9 considerado a maior feira mundial de bioenergia e re\u00fane mais de 600 marcas expositoras e visitantes de mais de 60 pa\u00edses. A expectativa \u00e9 de superar os R$ 10,7 bilh\u00f5es movimentados na edi\u00e7\u00e3o passada.<\/p>\n<p>A abertura oficial tem in\u00edcio com a 12\u00aa Confer\u00eancia DATAGRO Ceise Br Fenasucro, \u00e0s 13h30. Na sequ\u00eancia, \u00e0s 15h, acontece o cerimonial de desenlace com a presen\u00e7a do vice-presidente da Rep\u00fablica, Geraldo Alckmin (PSB), al\u00e9m de autoridades e lideran\u00e7as do setor.<\/p>\n<p>Por volta das 10h10 desta ter\u00e7a-feira, a assessoria do governador Tarc\u00edsio de Freitas (REP) informou que ele desmarcou a presen\u00e7a no evento. Contudo, n\u00e3o revelou o motivo do cancelamento da agenda.<\/p>\n<h2 class=\"wp-block-heading\"><strong>Programa\u00e7\u00e3o<\/strong><\/h2>\n<p>At\u00e9 sexta-feira, a feira reunir\u00e1 mais de 600 marcas nacionais e internacionais e cerca de 3 mil produtos, apresentando tecnologias e inova\u00e7\u00f5es para toda a cadeia de bioenergia, incluindo biog\u00e1s, hidrog\u00eanio verde, SAF, captura de carbono, mecaniza\u00e7\u00e3o, automa\u00e7\u00e3o e gest\u00e3o de processos.<\/p>\n<p>Ser\u00e3o mais de 100 horas de conte\u00fado nos Audit\u00f3rios Fenasucro e Zanini e no novo espa\u00e7o FenaBio, que estreia com discuss\u00f5es voltadas para tem\u00e1ticas em energias renov\u00e1veis.<\/p>\n<p><a href=\"https:\/\/www.fenasucro.com.br\/pt-br.html#\/\" data-type=\"link\" data-id=\"https:\/\/www.fenasucro.com.br\/pt-br.html#\/\" target=\"_blank\" rel=\"noopener\">Clique aqui<\/a> e veja a programa\u00e7\u00e3o.<\/p>\n<p>SAIBA MAIS<br \/>Nova frente fria avan\u00e7a nesta semana; Veja previs\u00e3o no interior de SP<\/p>\n<h2 class=\"wp-block-heading\"><strong>FIQUE ON<\/strong><\/h2>\n<p>Fique ligado em tudo que acontece em Ribeir\u00e3o Preto e regi\u00e3o. Siga os perfis do <strong>acidade on<\/strong> no<a href=\"https:\/\/www.instagram.com\/acidadeonribeirao\" data-type=\"link\" data-id=\"https:\/\/www.instagram.com\/acidadeonribeirao\" target=\"_blank\" rel=\"noopener\"> Instagram<\/a> e no <a href=\"https:\/\/www.facebook.com\/acidadeonribeirao\/\" data-type=\"link\" data-id=\"https:\/\/www.facebook.com\/acidadeonribeirao\/\" target=\"_blank\" rel=\"noopener\">Facebook<\/a>.<\/p>\n<p>Receba not\u00edcias do <strong>acidade on<\/strong> no WhatsApp. <a href=\"https:\/\/chat.whatsapp.com\/I4nieTEMKlf50pJ28aMemC?mode=ac_t\" data-type=\"link\" data-id=\"https:\/\/chat.whatsapp.com\/I4nieTEMKlf50pJ28aMemC?mode=ac_t\" target=\"_blank\" rel=\"noopener\">Para entrar no grupo, basta clicar aqui.<\/a><\/p>\n<p>Fa\u00e7a uma den\u00fancia ou sugira uma reportagem sobre Ribeir\u00e3o Preto e regi\u00e3o pelo WhatsApp: 16 99117 7802.<\/p>\n<p>VEJA TAMB\u00c9M<br \/>Quando come\u00e7am as inscri\u00e7\u00f5es para o concurso MP-SP?<\/p>\n<p><!-- AI CONTENT END 1 -->\n<\/div>\n<p><script async src=\"\/\/www.instagram.com\/embed.js\"><\/script><br \/>\n<br \/><br \/>\n<br \/><a href=\"https:\/\/www.acidadeon.com\/ribeiraopreto\/economia\/comeca-fenasucro-agrocana-em-sertaozinho-veja-como-participar\/\">Source link <\/a><\/p>\n<!-- CONTENT END 1 -->\n","protected":false},"excerpt":{"rendered":"<p>Come\u00e7a nesta ter\u00e7a-feira (12) e segue at\u00e9 15 de agosto a Fenasucro &amp; Agrocana, em Sert\u00e3ozinho, na regi\u00e3o de Ribeir\u00e3o Preto. Para participar, o credenciamento&#8230;<\/p>\n","protected":false},"author":1,"featured_media":75613,"comment_status":"open","ping_status":"open","sticky":false,"template":"","format":"standard","meta":{"advanced_seo_description":"","jetpack_seo_html_title":"","jetpack_seo_noindex":false,"jetpack_post_was_ever_published":false,"_jetpack_newsletter_access":"","_jetpack_dont_email_post_to_subs":false,"_jetpack_newsletter_tier_id":0,"_jetpack_memberships_contains_paywalled_content":false,"_jetpack_memberships_contains_paid_content":false,"footnotes":"","jetpack_publicize_message":"","jetpack_publicize_feature_enabled":true,"jetpack_social_post_already_shared":true,"jetpack_social_options":{"image_generator_settings":{"template":"highway","default_image_id":0,"font":"","enabled":false},"version":2}},"categories":[11],"tags":[],"class_list":["post-75612","post","type-post","status-publish","format-standard","has-post-thumbnail","hentry","category-noticias-de-ribeirao-preto-sp-e-regiao-ismael-colosi"],"jetpack_publicize_connections":[],"jetpack_featured_media_url":"https:\/\/i0.wp.com\/noticiasribeiraopreto.com.br\/wp-content\/uploads\/2025\/08\/fenasucro-2_2025-08-12_12-43-02.webp.webp?fit=1200%2C800&ssl=1","jetpack-related-posts":[{"id":75671,"url":"https:\/\/noticiasribeiraopreto.com.br\/index.php\/2025\/08\/13\/mapeamento-sobre-industria-sucroenergetica-sera-lancado-na-fenasucro\/","url_meta":{"origin":75612,"position":0},"title":"Mapeamento sobre ind\u00fastria sucroenerg\u00e9tica ser\u00e1 lan\u00e7ado na Fenasucro","author":"noticiasribeiraopreto.com.br","date":"13 de August de 2025","format":false,"excerpt":"O CEISE Br lan\u00e7a nesta quinta-feira (14), durante a Fenasucro & Agrocana 2025, o Mapeamento da Cadeia Produtiva de Equipamentos para Fabrica\u00e7\u00e3o de Biocombust\u00edveis e Bioenergias. O estudo foi desenvolvido pela consultoria Markestrat com apoio da CPL Bioenergia, liderada pelo CEISE Br. O levantamento detalha a estrutura da cadeia de\u2026","rel":"","context":"In &quot;Not\u00edcias de Ribeir\u00e3o Preto-SP e Regi\u00e3o&quot;","block_context":{"text":"Not\u00edcias de Ribeir\u00e3o Preto-SP e Regi\u00e3o","link":"https:\/\/noticiasribeiraopreto.com.br\/index.php\/category\/noticias-de-ribeirao-preto-sp-e-regiao-ismael-colosi\/"},"img":{"alt_text":"","src":"https:\/\/i0.wp.com\/noticiasribeiraopreto.com.br\/wp-content\/uploads\/2025\/07\/fenasucro-sertaozinho_2025-07-23_14-52-05.webp.webp?fit=1200%2C799&ssl=1&resize=350%2C200","width":350,"height":200,"srcset":"https:\/\/i0.wp.com\/noticiasribeiraopreto.com.br\/wp-content\/uploads\/2025\/07\/fenasucro-sertaozinho_2025-07-23_14-52-05.webp.webp?fit=1200%2C799&ssl=1&resize=350%2C200 1x, https:\/\/i0.wp.com\/noticiasribeiraopreto.com.br\/wp-content\/uploads\/2025\/07\/fenasucro-sertaozinho_2025-07-23_14-52-05.webp.webp?fit=1200%2C799&ssl=1&resize=525%2C300 1.5x, https:\/\/i0.wp.com\/noticiasribeiraopreto.com.br\/wp-content\/uploads\/2025\/07\/fenasucro-sertaozinho_2025-07-23_14-52-05.webp.webp?fit=1200%2C799&ssl=1&resize=700%2C400 2x, https:\/\/i0.wp.com\/noticiasribeiraopreto.com.br\/wp-content\/uploads\/2025\/07\/fenasucro-sertaozinho_2025-07-23_14-52-05.webp.webp?fit=1200%2C799&ssl=1&resize=1050%2C600 3x"},"classes":[]},{"id":75626,"url":"https:\/\/noticiasribeiraopreto.com.br\/index.php\/2025\/08\/12\/ministro-confirma-pacote-contra-tarifaco-durante-visita-a-fenasucro-em-sertaozinho\/","url_meta":{"origin":75612,"position":1},"title":"Ministro confirma pacote contra tarifa\u00e7o durante visita \u00e0 Fenasucro, em Sert\u00e3ozinho","author":"noticiasribeiraopreto.com.br","date":"12 de August de 2025","format":false,"excerpt":"Durante participa\u00e7\u00e3o na Fenasucro & Agrocana, realizada nesta ter\u00e7a-feira (12), em Sert\u00e3ozinho, na regi\u00e3o de Ribeir\u00e3o Preto, o ministro do Empreendedorismo, da Microempresa e da Empresa de Pequeno Porte, M\u00e1rcio Fran\u00e7a (PSB), afirmou que o presidente Luiz In\u00e1cio Lula da Silva (PT) deve assinar ainda hoje um pacote de prote\u00e7\u00e3o\u2026","rel":"","context":"In &quot;Not\u00edcias de Ribeir\u00e3o Preto-SP e Regi\u00e3o&quot;","block_context":{"text":"Not\u00edcias de Ribeir\u00e3o Preto-SP e Regi\u00e3o","link":"https:\/\/noticiasribeiraopreto.com.br\/index.php\/category\/noticias-de-ribeirao-preto-sp-e-regiao-ismael-colosi\/"},"img":{"alt_text":"","src":"https:\/\/i0.wp.com\/noticiasribeiraopreto.com.br\/wp-content\/uploads\/2025\/08\/Imagem-do-WhatsApp-de-2025-08-12-as-15.41.41_5f5bdc16_2025-08-12_20-10-42.webp.webp?fit=1200%2C675&ssl=1&resize=350%2C200","width":350,"height":200,"srcset":"https:\/\/i0.wp.com\/noticiasribeiraopreto.com.br\/wp-content\/uploads\/2025\/08\/Imagem-do-WhatsApp-de-2025-08-12-as-15.41.41_5f5bdc16_2025-08-12_20-10-42.webp.webp?fit=1200%2C675&ssl=1&resize=350%2C200 1x, https:\/\/i0.wp.com\/noticiasribeiraopreto.com.br\/wp-content\/uploads\/2025\/08\/Imagem-do-WhatsApp-de-2025-08-12-as-15.41.41_5f5bdc16_2025-08-12_20-10-42.webp.webp?fit=1200%2C675&ssl=1&resize=525%2C300 1.5x, https:\/\/i0.wp.com\/noticiasribeiraopreto.com.br\/wp-content\/uploads\/2025\/08\/Imagem-do-WhatsApp-de-2025-08-12-as-15.41.41_5f5bdc16_2025-08-12_20-10-42.webp.webp?fit=1200%2C675&ssl=1&resize=700%2C400 2x, https:\/\/i0.wp.com\/noticiasribeiraopreto.com.br\/wp-content\/uploads\/2025\/08\/Imagem-do-WhatsApp-de-2025-08-12-as-15.41.41_5f5bdc16_2025-08-12_20-10-42.webp.webp?fit=1200%2C675&ssl=1&resize=1050%2C600 3x"},"classes":[]},{"id":56329,"url":"https:\/\/noticiasribeiraopreto.com.br\/index.php\/2024\/08\/12\/bioenergia-fenasucro-comeca-nesta-terca-feira-em-sertaozinho\/","url_meta":{"origin":75612,"position":2},"title":"Bioenergia: Fenasucro come\u00e7a nesta ter\u00e7a-feira em Sert\u00e3ozinho","author":"noticiasribeiraopreto.com.br","date":"12 de August de 2024","format":false,"excerpt":"Com discuss\u00f5es sobre transi\u00e7\u00e3o energ\u00e9tica, mobilidade de baixo carbono, pol\u00edticas sustent\u00e1veis e tend\u00eancias do setor bioenerg\u00e9tico, come\u00e7a nesta ter\u00e7a-feira (13), a 30\u00aa Fenasucro & Agrocana, em Sert\u00e3ozinho, na regi\u00e3o de Ribeir\u00e3o Preto. A Feira Mundial da Bioenergia acontece entre os dias 13 e 16 de agosto, no Centro de Eventos\u2026","rel":"","context":"In &quot;Not\u00edcias de Ribeir\u00e3o Preto-SP e Regi\u00e3o&quot;","block_context":{"text":"Not\u00edcias de Ribeir\u00e3o Preto-SP e Regi\u00e3o","link":"https:\/\/noticiasribeiraopreto.com.br\/index.php\/category\/noticias-de-ribeirao-preto-sp-e-regiao-ismael-colosi\/"},"img":{"alt_text":"","src":"https:\/\/i0.wp.com\/noticiasribeiraopreto.com.br\/wp-content\/uploads\/2024\/08\/WhatsApp-Image-2024-08-12-at-15.38.03_2024-08-12_20-50-35_jpeg_2024-08-12_20-50-35.webp.webp?fit=800%2C533&ssl=1&resize=350%2C200","width":350,"height":200,"srcset":"https:\/\/i0.wp.com\/noticiasribeiraopreto.com.br\/wp-content\/uploads\/2024\/08\/WhatsApp-Image-2024-08-12-at-15.38.03_2024-08-12_20-50-35_jpeg_2024-08-12_20-50-35.webp.webp?fit=800%2C533&ssl=1&resize=350%2C200 1x, https:\/\/i0.wp.com\/noticiasribeiraopreto.com.br\/wp-content\/uploads\/2024\/08\/WhatsApp-Image-2024-08-12-at-15.38.03_2024-08-12_20-50-35_jpeg_2024-08-12_20-50-35.webp.webp?fit=800%2C533&ssl=1&resize=525%2C300 1.5x, https:\/\/i0.wp.com\/noticiasribeiraopreto.com.br\/wp-content\/uploads\/2024\/08\/WhatsApp-Image-2024-08-12-at-15.38.03_2024-08-12_20-50-35_jpeg_2024-08-12_20-50-35.webp.webp?fit=800%2C533&ssl=1&resize=700%2C400 2x"},"classes":[]},{"id":74565,"url":"https:\/\/noticiasribeiraopreto.com.br\/index.php\/2025\/07\/24\/feira-deve-gerar-18-mil-empregos\/","url_meta":{"origin":75612,"position":3},"title":"Feira deve gerar 18 mil empregos","author":"noticiasribeiraopreto.com.br","date":"24 de July de 2025","format":false,"excerpt":"A 31\u00aa edi\u00e7\u00e3o da Fenasucro & Agrocana , maior feira mundial dedicada exclusivamente \u00e0 cadeia de bioenergia, ser\u00e1 realizada de 12 a 15 de agosto, em Sert\u00e3ozinho, na Regi\u00e3o Metropolitana de Ribeir\u00e3o Preto, com expectativa de superar os R$ 10,7 bilh\u00f5es em neg\u00f3cios gerados na edi\u00e7\u00e3o anterior. Com mais de\u2026","rel":"","context":"In &quot;Not\u00edcias de Ribeir\u00e3o Preto-SP e Regi\u00e3o&quot;","block_context":{"text":"Not\u00edcias de Ribeir\u00e3o Preto-SP e Regi\u00e3o","link":"https:\/\/noticiasribeiraopreto.com.br\/index.php\/category\/noticias-de-ribeirao-preto-sp-e-regiao-ismael-colosi\/"},"img":{"alt_text":"","src":"https:\/\/i0.wp.com\/noticiasribeiraopreto.com.br\/wp-content\/uploads\/2025\/07\/Fenasucro-Divulgacao.jpg?fit=1200%2C800&ssl=1&resize=350%2C200","width":350,"height":200,"srcset":"https:\/\/i0.wp.com\/noticiasribeiraopreto.com.br\/wp-content\/uploads\/2025\/07\/Fenasucro-Divulgacao.jpg?fit=1200%2C800&ssl=1&resize=350%2C200 1x, https:\/\/i0.wp.com\/noticiasribeiraopreto.com.br\/wp-content\/uploads\/2025\/07\/Fenasucro-Divulgacao.jpg?fit=1200%2C800&ssl=1&resize=525%2C300 1.5x, https:\/\/i0.wp.com\/noticiasribeiraopreto.com.br\/wp-content\/uploads\/2025\/07\/Fenasucro-Divulgacao.jpg?fit=1200%2C800&ssl=1&resize=700%2C400 2x, https:\/\/i0.wp.com\/noticiasribeiraopreto.com.br\/wp-content\/uploads\/2025\/07\/Fenasucro-Divulgacao.jpg?fit=1200%2C800&ssl=1&resize=1050%2C600 3x"},"classes":[]},{"id":75857,"url":"https:\/\/noticiasribeiraopreto.com.br\/index.php\/2025\/08\/16\/fenasucro-termina-com-expectativa-de-superar-r-107-bi-em-negocios\/","url_meta":{"origin":75612,"position":4},"title":"Fenasucro termina com expectativa de superar R$ 10,7 bi em neg\u00f3cios","author":"noticiasribeiraopreto.com.br","date":"16 de August de 2025","format":false,"excerpt":"A 31\u00aa edi\u00e7\u00e3o da Fenasucro & Agrocana chegou ao fim na \u00faltima sexta-feira (15) em Sert\u00e3ozinho, na regi\u00e3o de Ribeir\u00e3o Preto. De acordo com organiza\u00e7\u00e3o, a feira superou as expectativas de p\u00fablico e de gera\u00e7\u00e3o de neg\u00f3cios, projetados em mais de R$ 10,7 bilh\u00f5es. A Fenasucro foi realizada no Centro\u2026","rel":"","context":"In &quot;Not\u00edcias de Ribeir\u00e3o Preto-SP e Regi\u00e3o&quot;","block_context":{"text":"Not\u00edcias de Ribeir\u00e3o Preto-SP e Regi\u00e3o","link":"https:\/\/noticiasribeiraopreto.com.br\/index.php\/category\/noticias-de-ribeirao-preto-sp-e-regiao-ismael-colosi\/"},"img":{"alt_text":"","src":"https:\/\/i0.wp.com\/noticiasribeiraopreto.com.br\/wp-content\/uploads\/2025\/08\/fenasucro-1_2025-08-16_18-11-34.webp.webp?fit=1200%2C800&ssl=1&resize=350%2C200","width":350,"height":200,"srcset":"https:\/\/i0.wp.com\/noticiasribeiraopreto.com.br\/wp-content\/uploads\/2025\/08\/fenasucro-1_2025-08-16_18-11-34.webp.webp?fit=1200%2C800&ssl=1&resize=350%2C200 1x, https:\/\/i0.wp.com\/noticiasribeiraopreto.com.br\/wp-content\/uploads\/2025\/08\/fenasucro-1_2025-08-16_18-11-34.webp.webp?fit=1200%2C800&ssl=1&resize=525%2C300 1.5x, https:\/\/i0.wp.com\/noticiasribeiraopreto.com.br\/wp-content\/uploads\/2025\/08\/fenasucro-1_2025-08-16_18-11-34.webp.webp?fit=1200%2C800&ssl=1&resize=700%2C400 2x, https:\/\/i0.wp.com\/noticiasribeiraopreto.com.br\/wp-content\/uploads\/2025\/08\/fenasucro-1_2025-08-16_18-11-34.webp.webp?fit=1200%2C800&ssl=1&resize=1050%2C600 3x"},"classes":[]},{"id":75575,"url":"https:\/\/noticiasribeiraopreto.com.br\/index.php\/2025\/08\/11\/alckmin-e-tarcisio-sao-confirmados-na-abertura-da-fenasucro-agrocana\/","url_meta":{"origin":75612,"position":5},"title":"Alckmin e Tarc\u00edsio s\u00e3o confirmados na abertura da Fenasucro &#038; Agrocana","author":"noticiasribeiraopreto.com.br","date":"11 de August de 2025","format":false,"excerpt":"O vice-presidente da Rep\u00fablica, Geraldo Alckmin (PSB), e o governador de S\u00e3o Paulo, Tarc\u00edsio de Freitas (REP), foram confirmados na abertura da Fenasucro & Agrocana, que acontece nesta ter\u00e7a-feira (12), em Sert\u00e3ozinho, na regi\u00e3o de Ribeir\u00e3o Preto. A feira, que tem o foco em temas como transi\u00e7\u00e3o energ\u00e9tica, mobilidade de\u2026","rel":"","context":"In &quot;Not\u00edcias de Ribeir\u00e3o Preto-SP e Regi\u00e3o&quot;","block_context":{"text":"Not\u00edcias de Ribeir\u00e3o Preto-SP e Regi\u00e3o","link":"https:\/\/noticiasribeiraopreto.com.br\/index.php\/category\/noticias-de-ribeirao-preto-sp-e-regiao-ismael-colosi\/"},"img":{"alt_text":"","src":"https:\/\/i0.wp.com\/noticiasribeiraopreto.com.br\/wp-content\/uploads\/2025\/08\/alckmin-tarcisio_2025-08-11_19-11-57.webp.webp?fit=1200%2C674&ssl=1&resize=350%2C200","width":350,"height":200,"srcset":"https:\/\/i0.wp.com\/noticiasribeiraopreto.com.br\/wp-content\/uploads\/2025\/08\/alckmin-tarcisio_2025-08-11_19-11-57.webp.webp?fit=1200%2C674&ssl=1&resize=350%2C200 1x, https:\/\/i0.wp.com\/noticiasribeiraopreto.com.br\/wp-content\/uploads\/2025\/08\/alckmin-tarcisio_2025-08-11_19-11-57.webp.webp?fit=1200%2C674&ssl=1&resize=525%2C300 1.5x, https:\/\/i0.wp.com\/noticiasribeiraopreto.com.br\/wp-content\/uploads\/2025\/08\/alckmin-tarcisio_2025-08-11_19-11-57.webp.webp?fit=1200%2C674&ssl=1&resize=700%2C400 2x, https:\/\/i0.wp.com\/noticiasribeiraopreto.com.br\/wp-content\/uploads\/2025\/08\/alckmin-tarcisio_2025-08-11_19-11-57.webp.webp?fit=1200%2C674&ssl=1&resize=1050%2C600 3x"},"classes":[]}],"jetpack_sharing_enabled":true,"jetpack_shortlink":"https:\/\/wp.me\/peQAOb-jFy","_links":{"self":[{"href":"https:\/\/noticiasribeiraopreto.com.br\/index.php\/wp-json\/wp\/v2\/posts\/75612","targetHints":{"allow":["GET"]}}],"collection":[{"href":"https:\/\/noticiasribeiraopreto.com.br\/index.php\/wp-json\/wp\/v2\/posts"}],"about":[{"href":"https:\/\/noticiasribeiraopreto.com.br\/index.php\/wp-json\/wp\/v2\/types\/post"}],"author":[{"embeddable":true,"href":"https:\/\/noticiasribeiraopreto.com.br\/index.php\/wp-json\/wp\/v2\/users\/1"}],"replies":[{"embeddable":true,"href":"https:\/\/noticiasribeiraopreto.com.br\/index.php\/wp-json\/wp\/v2\/comments?post=75612"}],"version-history":[{"count":0,"href":"https:\/\/noticiasribeiraopreto.com.br\/index.php\/wp-json\/wp\/v2\/posts\/75612\/revisions"}],"wp:featuredmedia":[{"embeddable":true,"href":"https:\/\/noticiasribeiraopreto.com.br\/index.php\/wp-json\/wp\/v2\/media\/75613"}],"wp:attachment":[{"href":"https:\/\/noticiasribeiraopreto.com.br\/index.php\/wp-json\/wp\/v2\/media?parent=75612"}],"wp:term":[{"taxonomy":"category","embeddable":true,"href":"https:\/\/noticiasribeiraopreto.com.br\/index.php\/wp-json\/wp\/v2\/categories?post=75612"},{"taxonomy":"post_tag","embeddable":true,"href":"https:\/\/noticiasribeiraopreto.com.br\/index.php\/wp-json\/wp\/v2\/tags?post=75612"}],"curies":[{"name":"wp","href":"https:\/\/api.w.org\/{rel}","templated":true}]}}