{"id":75616,"date":"2025-08-12T15:37:07","date_gmt":"2025-08-12T18:37:07","guid":{"rendered":"https:\/\/noticiasribeiraopreto.com.br\/index.php\/2025\/08\/12\/ribeirao-preto-anuncia-refis-com-parcelamento-das-dividas-em-ate-120-meses\/"},"modified":"2025-08-12T15:37:07","modified_gmt":"2025-08-12T18:37:07","slug":"ribeirao-preto-anuncia-refis-com-parcelamento-das-dividas-em-ate-120-meses","status":"publish","type":"post","link":"https:\/\/noticiasribeiraopreto.com.br\/index.php\/2025\/08\/12\/ribeirao-preto-anuncia-refis-com-parcelamento-das-dividas-em-ate-120-meses\/","title":{"rendered":"Ribeir\u00e3o Preto anuncia Refis com parcelamento das d\u00edvidas em at\u00e9 120 meses"},"content":{"rendered":"<div class='code-block code-block-1' style='margin: 8px 0 8px auto; text-align: right; display: block; clear: both;'>\n<p><a href=\"https:\/\/wa.link\/vpicfd\"><img data-recalc-dims=\"1\" class=\"wp-image-4922\" style=\"aspect-ratio: 2.0253164556962027; width: 561px; height: auto;\" src=\"https:\/\/i0.wp.com\/ismaelcolosi.com.br\/wp-content\/uploads\/2023\/11\/grupo-de-empregos-whatsapp-e-facebook-ismael-colosi-vagas.jpg?ssl=1\" alt=\"\" \/><\/a><\/p>\n<!-- \/wp:image -->\n<\/div>\n<p> <br \/>\n<\/p>\n<div>\n<p>A <strong><a href=\"https:\/\/www.ribeiraopreto.sp.gov.br\/portal\/\" data-type=\"link\" data-id=\"https:\/\/www.ribeiraopreto.sp.gov.br\/portal\/\" target=\"_blank\" rel=\"noopener\">Prefeitura de Ribeir\u00e3o Preto<\/a><\/strong> anunciou nesta ter\u00e7a-feira (12) o <strong>Programa Refis Ribeir\u00e3o<\/strong>, para renegocia\u00e7\u00e3o de d\u00edvidas junto \u00e0 Administra\u00e7\u00e3o Municipal e a <strong>Saerp (Secretaria de \u00c1gua e Esgoto de Ribeir\u00e3o Preto)<\/strong>. O secret\u00e1rio da Fazenda Fernando Oliveira Soares<mark style=\"background-color:#fcb900\" class=\"has-inline-color has-black-color\"> estima aumentar a arrecada\u00e7\u00e3o da prefeitura em R$ 10 milh\u00f5es.<\/mark><\/p>\n<p>De acordo com a proposta, ser\u00e3o oferecidos 100% de desconto em juros e em multa para quem fizer o pagamento \u00e0 vista, descontos de at\u00e9 90% para o pagamento dos d\u00e9bitos, parcelamento em at\u00e9 120 parcelas e possibilidade da utiliza\u00e7\u00e3o do cart\u00e3o de cr\u00e9dito.<\/p>\n<p>\u201cN\u00f3s precisamos elevar ao m\u00e1ximo a nossa eleva\u00e7\u00e3o, sem o aumento de impostos\u201d, disse o prefeito <strong>Ricardo Silva (PSD).<\/strong> \u201cIsso \u00e9 importante, porque os juros da Selic aumentaram muito no Pa\u00eds e isso faz com que as d\u00edvidas se multipliquem muito r\u00e1pido ao longo do ano\u201d, completou o secret\u00e1rio da Fazenda.<\/p>\n<h2 class=\"wp-block-heading\"><strong>Prazo<\/strong><\/h2>\n<p>O projeto de lei deu entrada na <strong><a href=\"https:\/\/www.camararibeiraopreto.sp.gov.br\/atividade-legislativa\/sessoes\/pesquisas\" data-type=\"link\" data-id=\"https:\/\/www.camararibeiraopreto.sp.gov.br\/atividade-legislativa\/sessoes\/pesquisas\" target=\"_blank\" rel=\"noopener\">C\u00e2mara Municipal de Ribeir\u00e3o Preto<\/a><\/strong> nesta ter\u00e7a-feira e ainda precisa ser aprovado pelos vereadores. Por\u00e9m, a expectativa \u00e9 que o Programa Refis Ribeir\u00e3o esteja em vigor para ades\u00e3o no <mark style=\"background-color:#fcb900\" class=\"has-inline-color has-black-color\">per\u00edodo entre 1\u00ba de setembro e 23 de dezembro.<\/mark><\/p>\n<p>Contudo, Fernando Oliveira Soares salientou que, al\u00e9m da aprova\u00e7\u00e3o pelo Legislativo, o pagamento por cart\u00e3o de cr\u00e9dito tamb\u00e9m dependente da abertura de um chamamento p\u00fablico para que as empresas operadoras do servi\u00e7o realizem a ades\u00e3o ao programa do munic\u00edpio.<\/p>\n<h2 class=\"wp-block-heading\"><strong>Ades\u00e3o<\/strong><\/h2>\n<p>A ades\u00e3o ao Programa Refis Ribeir\u00e3o ser\u00e1 realizada pela internet (<em><a href=\"https:\/\/www.ribeiraopreto.sp.gov.br\/refisribeirao\" target=\"_blank\" rel=\"noopener\">clique aqui<\/a><\/em>), posto de atendimento da Prefeitura Municipal de Ribeir\u00e3o Preto no PoupaTempo, e pelo <em>call center<\/em> da Secretaria Municipal da Fazenda.<\/p>\n<h2 class=\"wp-block-heading\"><strong>Contrato de gaveta<\/strong><\/h2>\n<p>Al\u00e9m disso, foi apresentada uma proposta para regulariza\u00e7\u00e3o dos contratos de gaveta sobre compra e venda de im\u00f3veis em Ribeir\u00e3o Preto de 31 de dezembro de 2024. A proposta tamb\u00e9m prev\u00ea descontos de 100% das multas e parcelamento de at\u00e9 12 vezes do ITBI.<\/p>\n<p>SAIBA MAIS<br \/>Nova frente fria avan\u00e7a nesta semana; Veja previs\u00e3o no interior de SP<\/p>\n<h2 class=\"wp-block-heading\"><strong>FIQUE ON<\/strong><\/h2>\n<p>Fique ligado em tudo que acontece em Ribeir\u00e3o Preto e regi\u00e3o. Siga os perfis do\u00a0<strong>acidade on<\/strong>\u00a0no<a href=\"https:\/\/www.instagram.com\/acidadeonribeirao\" target=\"_blank\" rel=\"noreferrer noopener\">\u00a0Instagram<\/a>\u00a0e no\u00a0<a href=\"https:\/\/www.facebook.com\/acidadeonribeirao\/\" target=\"_blank\" rel=\"noreferrer noopener\">Facebook<\/a>.<\/p>\n<p>Receba not\u00edcias do\u00a0<strong>acidade on<\/strong>\u00a0no WhatsApp.\u00a0<a href=\"https:\/\/chat.whatsapp.com\/I4nieTEMKlf50pJ28aMemC?mode=ac_t\" target=\"_blank\" rel=\"noreferrer noopener\">Para entrar no grupo, basta clicar aqui.<\/a><\/p>\n<p>Fa\u00e7a uma den\u00fancia ou sugira uma reportagem sobre Ribeir\u00e3o Preto e regi\u00e3o pelo WhatsApp: 16 99117 7802.<\/p>\n<p>VEJA TAMB\u00c9M<br \/>Quando come\u00e7am as inscri\u00e7\u00f5es para o concurso MP-SP?<\/p>\n<p><!-- AI CONTENT END 1 -->\n<\/div>\n<p><script async src=\"\/\/www.instagram.com\/embed.js\"><\/script><br \/>\n<br \/><br \/>\n<br \/><a href=\"https:\/\/www.acidadeon.com\/ribeiraopreto\/politica\/ribeirao-preto-anuncia-refis-com-parcelamento-das-dividas-em-ate-120-parcelas\/\">Source link <\/a><\/p>\n<!-- CONTENT END 1 -->\n","protected":false},"excerpt":{"rendered":"<p>A Prefeitura de Ribeir\u00e3o Preto anunciou nesta ter\u00e7a-feira (12) o Programa Refis Ribeir\u00e3o, para renegocia\u00e7\u00e3o de d\u00edvidas junto \u00e0 Administra\u00e7\u00e3o Municipal e a Saerp (Secretaria&#8230;<\/p>\n","protected":false},"author":1,"featured_media":74962,"comment_status":"open","ping_status":"open","sticky":false,"template":"","format":"standard","meta":{"advanced_seo_description":"","jetpack_seo_html_title":"","jetpack_seo_noindex":false,"jetpack_post_was_ever_published":false,"_jetpack_newsletter_access":"","_jetpack_dont_email_post_to_subs":false,"_jetpack_newsletter_tier_id":0,"_jetpack_memberships_contains_paywalled_content":false,"_jetpack_memberships_contains_paid_content":false,"footnotes":"","jetpack_publicize_message":"","jetpack_publicize_feature_enabled":true,"jetpack_social_post_already_shared":true,"jetpack_social_options":{"image_generator_settings":{"template":"highway","default_image_id":0,"font":"","enabled":false},"version":2}},"categories":[11],"tags":[],"class_list":["post-75616","post","type-post","status-publish","format-standard","has-post-thumbnail","hentry","category-noticias-de-ribeirao-preto-sp-e-regiao-ismael-colosi"],"jetpack_publicize_connections":[],"jetpack_featured_media_url":"https:\/\/i0.wp.com\/noticiasribeiraopreto.com.br\/wp-content\/uploads\/2025\/07\/prefeito-ricardo-silva_2025-07-31_20-57-54.webp.webp?fit=1200%2C800&ssl=1","jetpack-related-posts":[{"id":75933,"url":"https:\/\/noticiasribeiraopreto.com.br\/index.php\/2025\/08\/18\/camara-de-ribeirao-aprova-programa-refis-para-renegociacao-de-dividas-municipais\/","url_meta":{"origin":75616,"position":0},"title":"C\u00e2mara de Ribeir\u00e3o aprova Programa Refis para renegocia\u00e7\u00e3o de d\u00edvidas municipais","author":"noticiasribeiraopreto.com.br","date":"18 de August de 2025","format":false,"excerpt":"A C\u00e2mara Municipal de Ribeir\u00e3o Preto aprovou, em primeira discuss\u00e3o nesta segunda-feira (18), o Programa Refis Ribeir\u00e3o, que prev\u00ea a renegocia\u00e7\u00e3o de d\u00edvidas com a Administra\u00e7\u00e3o Municipal e com a Saerp (Secretaria de \u00c1gua e Esgoto de Ribeir\u00e3o Preto). O projeto foi aprovado por 16 vereadores, com voto contr\u00e1rio apenas\u2026","rel":"","context":"In &quot;Not\u00edcias de Ribeir\u00e3o Preto-SP e Regi\u00e3o&quot;","block_context":{"text":"Not\u00edcias de Ribeir\u00e3o Preto-SP e Regi\u00e3o","link":"https:\/\/noticiasribeiraopreto.com.br\/index.php\/category\/noticias-de-ribeirao-preto-sp-e-regiao-ismael-colosi\/"},"img":{"alt_text":"","src":"https:\/\/i0.wp.com\/noticiasribeiraopreto.com.br\/wp-content\/uploads\/2025\/08\/DSC6100_0_2025-08-18_23-05-17.webp.webp?fit=1200%2C800&ssl=1&resize=350%2C200","width":350,"height":200,"srcset":"https:\/\/i0.wp.com\/noticiasribeiraopreto.com.br\/wp-content\/uploads\/2025\/08\/DSC6100_0_2025-08-18_23-05-17.webp.webp?fit=1200%2C800&ssl=1&resize=350%2C200 1x, https:\/\/i0.wp.com\/noticiasribeiraopreto.com.br\/wp-content\/uploads\/2025\/08\/DSC6100_0_2025-08-18_23-05-17.webp.webp?fit=1200%2C800&ssl=1&resize=525%2C300 1.5x, https:\/\/i0.wp.com\/noticiasribeiraopreto.com.br\/wp-content\/uploads\/2025\/08\/DSC6100_0_2025-08-18_23-05-17.webp.webp?fit=1200%2C800&ssl=1&resize=700%2C400 2x, https:\/\/i0.wp.com\/noticiasribeiraopreto.com.br\/wp-content\/uploads\/2025\/08\/DSC6100_0_2025-08-18_23-05-17.webp.webp?fit=1200%2C800&ssl=1&resize=1050%2C600 3x"},"classes":[]},{"id":75939,"url":"https:\/\/noticiasribeiraopreto.com.br\/index.php\/2025\/08\/19\/vereadores-aprovam-refis-ribeirao-tribuna-ribeirao\/","url_meta":{"origin":75616,"position":1},"title":"Vereadores aprovam Refis Ribeir\u00e3o\u00a0 &#8211; Tribuna Ribeir\u00e3o","author":"noticiasribeiraopreto.com.br","date":"19 de August de 2025","format":false,"excerpt":"Programa de renegocia\u00e7\u00e3o de d\u00edvidas conceder\u00e1 descontos de at\u00e9 100% nas multas e juros e parcelamento em at\u00e9 60 vezes; para valores acima de R$ 500 mil, ser\u00e3o 120 meses \u00a0 A C\u00e2mara de Vereadores aprovou, na sess\u00e3o desta segunda-feira, 18 de agosto, em primeira discuss\u00e3o, o projeto que cria\u2026","rel":"","context":"In &quot;Not\u00edcias de Ribeir\u00e3o Preto-SP e Regi\u00e3o&quot;","block_context":{"text":"Not\u00edcias de Ribeir\u00e3o Preto-SP e Regi\u00e3o","link":"https:\/\/noticiasribeiraopreto.com.br\/index.php\/category\/noticias-de-ribeirao-preto-sp-e-regiao-ismael-colosi\/"},"img":{"alt_text":"","src":"https:\/\/i0.wp.com\/noticiasribeiraopreto.com.br\/wp-content\/uploads\/2025\/08\/okRefisRP-Alfredo-Risk.jpg?fit=1000%2C667&ssl=1&resize=350%2C200","width":350,"height":200,"srcset":"https:\/\/i0.wp.com\/noticiasribeiraopreto.com.br\/wp-content\/uploads\/2025\/08\/okRefisRP-Alfredo-Risk.jpg?fit=1000%2C667&ssl=1&resize=350%2C200 1x, https:\/\/i0.wp.com\/noticiasribeiraopreto.com.br\/wp-content\/uploads\/2025\/08\/okRefisRP-Alfredo-Risk.jpg?fit=1000%2C667&ssl=1&resize=525%2C300 1.5x, https:\/\/i0.wp.com\/noticiasribeiraopreto.com.br\/wp-content\/uploads\/2025\/08\/okRefisRP-Alfredo-Risk.jpg?fit=1000%2C667&ssl=1&resize=700%2C400 2x"},"classes":[]},{"id":76570,"url":"https:\/\/noticiasribeiraopreto.com.br\/index.php\/2025\/09\/01\/refis-ribeirao-comeca-nesta-segunda-feira\/","url_meta":{"origin":75616,"position":2},"title":"Refis Ribeir\u00e3o come\u00e7a nesta segunda-feira","author":"noticiasribeiraopreto.com.br","date":"1 de September de 2025","format":false,"excerpt":"1 de setembro de 2025 09:462 Compartilhar0 O prazo para ades\u00e3o ao novo Programa de Recupera\u00e7\u00e3o Fiscal de Ribeir\u00e3o Preto (Refis Ribeir\u00e3o) come\u00e7ou nesta segunda-feira, 1\u00ba de setembro, e seguir\u00e1 at\u00e9 23 de dezembro. Mais de 114 mil contribuintes inadimplentes poder\u00e3o renegociar d\u00e9bitos com a prefeitura e com a Saerp\u2026","rel":"","context":"In &quot;Not\u00edcias de Ribeir\u00e3o Preto-SP e Regi\u00e3o&quot;","block_context":{"text":"Not\u00edcias de Ribeir\u00e3o Preto-SP e Regi\u00e3o","link":"https:\/\/noticiasribeiraopreto.com.br\/index.php\/category\/noticias-de-ribeirao-preto-sp-e-regiao-ismael-colosi\/"},"img":{"alt_text":"","src":"https:\/\/i0.wp.com\/noticiasribeiraopreto.com.br\/wp-content\/uploads\/2025\/09\/PoupaRP-Prefeitura-de-Ribeirao-Preto-1-scaled.jpg?fit=750%2C500&ssl=1&resize=350%2C200","width":350,"height":200,"srcset":"https:\/\/i0.wp.com\/noticiasribeiraopreto.com.br\/wp-content\/uploads\/2025\/09\/PoupaRP-Prefeitura-de-Ribeirao-Preto-1-scaled.jpg?fit=750%2C500&ssl=1&resize=350%2C200 1x, https:\/\/i0.wp.com\/noticiasribeiraopreto.com.br\/wp-content\/uploads\/2025\/09\/PoupaRP-Prefeitura-de-Ribeirao-Preto-1-scaled.jpg?fit=750%2C500&ssl=1&resize=525%2C300 1.5x, https:\/\/i0.wp.com\/noticiasribeiraopreto.com.br\/wp-content\/uploads\/2025\/09\/PoupaRP-Prefeitura-de-Ribeirao-Preto-1-scaled.jpg?fit=750%2C500&ssl=1&resize=700%2C400 2x"},"classes":[]},{"id":83226,"url":"https:\/\/noticiasribeiraopreto.com.br\/index.php\/2026\/03\/13\/refis-ribeirao-atinge-r-1262-mi\/","url_meta":{"origin":75616,"position":3},"title":"Refis Ribeir\u00e3o atinge R$ 126,2 \u2028mi","author":"noticiasribeiraopreto.com.br","date":"13 de March de 2026","format":false,"excerpt":"Refis Ribeir\u00e3o renegociou 88.584 d\u00edvidas no valor de aproximadamente R$ 126 milh\u00f5es, aponta balan\u00e7o divulgado pela Secretaria da FazendaO novo Programa de Recupera\u00e7\u00e3o Fiscal (Refis), batizado de Refis Ribeir\u00e3o, renegociou 88.584 d\u00edvidas no montante de R$ 126.274.801, entre 1\u00ba de setembro e 23 de dezembro do ano passado, segundo balan\u00e7o\u2026","rel":"","context":"In &quot;Not\u00edcias de Ribeir\u00e3o Preto-SP e Regi\u00e3o&quot;","block_context":{"text":"Not\u00edcias de Ribeir\u00e3o Preto-SP e Regi\u00e3o","link":"https:\/\/noticiasribeiraopreto.com.br\/index.php\/category\/noticias-de-ribeirao-preto-sp-e-regiao-ismael-colosi\/"},"img":{"alt_text":"","src":"https:\/\/i0.wp.com\/noticiasribeiraopreto.com.br\/wp-content\/uploads\/2026\/03\/RefisRP-Divulgacao-01-scaled.jpg?fit=1170%2C780&ssl=1&resize=350%2C200","width":350,"height":200,"srcset":"https:\/\/i0.wp.com\/noticiasribeiraopreto.com.br\/wp-content\/uploads\/2026\/03\/RefisRP-Divulgacao-01-scaled.jpg?fit=1170%2C780&ssl=1&resize=350%2C200 1x, https:\/\/i0.wp.com\/noticiasribeiraopreto.com.br\/wp-content\/uploads\/2026\/03\/RefisRP-Divulgacao-01-scaled.jpg?fit=1170%2C780&ssl=1&resize=525%2C300 1.5x, https:\/\/i0.wp.com\/noticiasribeiraopreto.com.br\/wp-content\/uploads\/2026\/03\/RefisRP-Divulgacao-01-scaled.jpg?fit=1170%2C780&ssl=1&resize=700%2C400 2x, https:\/\/i0.wp.com\/noticiasribeiraopreto.com.br\/wp-content\/uploads\/2026\/03\/RefisRP-Divulgacao-01-scaled.jpg?fit=1170%2C780&ssl=1&resize=1050%2C600 3x"},"classes":[]},{"id":37715,"url":"https:\/\/noticiasribeiraopreto.com.br\/index.php\/2024\/02\/17\/refis-injeta-r-431-milhoes-em-rp\/","url_meta":{"origin":75616,"position":4},"title":"\u2018Refis\u2019 injeta R$ 43,1 milh\u00f5es em RP\u00a0","author":"noticiasribeiraopreto.com.br","date":"17 de February de 2024","format":false,"excerpt":"A ades\u00e3o ao novo Programa de Regulariza\u00e7\u00e3o de D\u00e9bitos Tribut\u00e1rios, o popular \u201cRefis\u201d da prefeitura de Ribeir\u00e3o Preto, batizado de Retoma Ribeir\u00e3o 2, terminou em 21 de dezembro. Nesta sexta-feira, 16 de fevereiro, as secretarias Municipais da Fazenda e de \u00c1gua e Esgoto (Saerp) divulgaram o balan\u00e7o final, a pedido\u2026","rel":"","context":"In &quot;Not\u00edcias de Ribeir\u00e3o Preto-SP e Regi\u00e3o&quot;","block_context":{"text":"Not\u00edcias de Ribeir\u00e3o Preto-SP e Regi\u00e3o","link":"https:\/\/noticiasribeiraopreto.com.br\/index.php\/category\/noticias-de-ribeirao-preto-sp-e-regiao-ismael-colosi\/"},"img":{"alt_text":"","src":"https:\/\/i0.wp.com\/noticiasribeiraopreto.com.br\/wp-content\/uploads\/2024\/02\/RefisRP-Alfredo-Risk-Arquivo-scaled.jpg?fit=1000%2C640&ssl=1&resize=350%2C200","width":350,"height":200,"srcset":"https:\/\/i0.wp.com\/noticiasribeiraopreto.com.br\/wp-content\/uploads\/2024\/02\/RefisRP-Alfredo-Risk-Arquivo-scaled.jpg?fit=1000%2C640&ssl=1&resize=350%2C200 1x, https:\/\/i0.wp.com\/noticiasribeiraopreto.com.br\/wp-content\/uploads\/2024\/02\/RefisRP-Alfredo-Risk-Arquivo-scaled.jpg?fit=1000%2C640&ssl=1&resize=525%2C300 1.5x, https:\/\/i0.wp.com\/noticiasribeiraopreto.com.br\/wp-content\/uploads\/2024\/02\/RefisRP-Alfredo-Risk-Arquivo-scaled.jpg?fit=1000%2C640&ssl=1&resize=700%2C400 2x"},"classes":[]},{"id":76443,"url":"https:\/\/noticiasribeiraopreto.com.br\/index.php\/2025\/08\/29\/prefeito-sanciona-lei-do-refis\/","url_meta":{"origin":75616,"position":5},"title":"Prefeito sanciona lei do Refis","author":"noticiasribeiraopreto.com.br","date":"29 de August de 2025","format":false,"excerpt":"O prefeito Ricardo Silva (PSD) sancionou a lei complementar n\u00famero 3.276, que institui em Ribeir\u00e3o Preto novo Programa de Recupera\u00e7\u00e3o Fiscal (Refis) para devedores de tributos e taxas municipal, segundo consta no Di\u00e1rio Oficial do Munic\u00edpio (DOM) desta quinta-feira, 28 de agosto. A reda\u00e7\u00e3o final do projeto foi aprovada no\u2026","rel":"","context":"In &quot;Not\u00edcias de Ribeir\u00e3o Preto-SP e Regi\u00e3o&quot;","block_context":{"text":"Not\u00edcias de Ribeir\u00e3o Preto-SP e Regi\u00e3o","link":"https:\/\/noticiasribeiraopreto.com.br\/index.php\/category\/noticias-de-ribeirao-preto-sp-e-regiao-ismael-colosi\/"},"img":{"alt_text":"","src":"https:\/\/i0.wp.com\/noticiasribeiraopreto.com.br\/wp-content\/uploads\/2025\/08\/RefisRP-Alfredo-Risk-scaled.jpg?fit=1170%2C780&ssl=1&resize=350%2C200","width":350,"height":200,"srcset":"https:\/\/i0.wp.com\/noticiasribeiraopreto.com.br\/wp-content\/uploads\/2025\/08\/RefisRP-Alfredo-Risk-scaled.jpg?fit=1170%2C780&ssl=1&resize=350%2C200 1x, https:\/\/i0.wp.com\/noticiasribeiraopreto.com.br\/wp-content\/uploads\/2025\/08\/RefisRP-Alfredo-Risk-scaled.jpg?fit=1170%2C780&ssl=1&resize=525%2C300 1.5x, https:\/\/i0.wp.com\/noticiasribeiraopreto.com.br\/wp-content\/uploads\/2025\/08\/RefisRP-Alfredo-Risk-scaled.jpg?fit=1170%2C780&ssl=1&resize=700%2C400 2x, https:\/\/i0.wp.com\/noticiasribeiraopreto.com.br\/wp-content\/uploads\/2025\/08\/RefisRP-Alfredo-Risk-scaled.jpg?fit=1170%2C780&ssl=1&resize=1050%2C600 3x"},"classes":[]}],"jetpack_sharing_enabled":true,"jetpack_shortlink":"https:\/\/wp.me\/peQAOb-jFC","_links":{"self":[{"href":"https:\/\/noticiasribeiraopreto.com.br\/index.php\/wp-json\/wp\/v2\/posts\/75616","targetHints":{"allow":["GET"]}}],"collection":[{"href":"https:\/\/noticiasribeiraopreto.com.br\/index.php\/wp-json\/wp\/v2\/posts"}],"about":[{"href":"https:\/\/noticiasribeiraopreto.com.br\/index.php\/wp-json\/wp\/v2\/types\/post"}],"author":[{"embeddable":true,"href":"https:\/\/noticiasribeiraopreto.com.br\/index.php\/wp-json\/wp\/v2\/users\/1"}],"replies":[{"embeddable":true,"href":"https:\/\/noticiasribeiraopreto.com.br\/index.php\/wp-json\/wp\/v2\/comments?post=75616"}],"version-history":[{"count":0,"href":"https:\/\/noticiasribeiraopreto.com.br\/index.php\/wp-json\/wp\/v2\/posts\/75616\/revisions"}],"wp:featuredmedia":[{"embeddable":true,"href":"https:\/\/noticiasribeiraopreto.com.br\/index.php\/wp-json\/wp\/v2\/media\/74962"}],"wp:attachment":[{"href":"https:\/\/noticiasribeiraopreto.com.br\/index.php\/wp-json\/wp\/v2\/media?parent=75616"}],"wp:term":[{"taxonomy":"category","embeddable":true,"href":"https:\/\/noticiasribeiraopreto.com.br\/index.php\/wp-json\/wp\/v2\/categories?post=75616"},{"taxonomy":"post_tag","embeddable":true,"href":"https:\/\/noticiasribeiraopreto.com.br\/index.php\/wp-json\/wp\/v2\/tags?post=75616"}],"curies":[{"name":"wp","href":"https:\/\/api.w.org\/{rel}","templated":true}]}}