{"id":75619,"date":"2025-08-12T15:48:11","date_gmt":"2025-08-12T18:48:11","guid":{"rendered":"https:\/\/noticiasribeiraopreto.com.br\/index.php\/2025\/08\/12\/50-novos-radares-iniciam-operacao-em-rodovias-no-interior-de-sp-veja-os-locais\/"},"modified":"2025-08-12T15:48:11","modified_gmt":"2025-08-12T18:48:11","slug":"50-novos-radares-iniciam-operacao-em-rodovias-no-interior-de-sp-veja-os-locais","status":"publish","type":"post","link":"https:\/\/noticiasribeiraopreto.com.br\/index.php\/2025\/08\/12\/50-novos-radares-iniciam-operacao-em-rodovias-no-interior-de-sp-veja-os-locais\/","title":{"rendered":"50 novos radares iniciam opera\u00e7\u00e3o em rodovias no interior de SP; Veja os locais"},"content":{"rendered":"<div class='code-block code-block-1' style='margin: 8px 0 8px auto; text-align: right; display: block; clear: both;'>\n<p><a href=\"https:\/\/wa.link\/vpicfd\"><img data-recalc-dims=\"1\" class=\"wp-image-4922\" style=\"aspect-ratio: 2.0253164556962027; width: 561px; height: auto;\" src=\"https:\/\/i0.wp.com\/ismaelcolosi.com.br\/wp-content\/uploads\/2023\/11\/grupo-de-empregos-whatsapp-e-facebook-ismael-colosi-vagas.jpg?ssl=1\" alt=\"\" \/><\/a><\/p>\n<!-- \/wp:image -->\n<\/div>\n<p> <br \/>\n<\/p>\n<div data-td-block-uid=\"tdi_95\">\n<div class=\"tdb-block-inner td-fix-index\">\n<p>O<strong><a href=\"https:\/\/www.der.sp.gov.br\/WebSite\/Index.aspx\" data-type=\"link\" data-id=\"https:\/\/www.der.sp.gov.br\/WebSite\/Index.aspx\" target=\"_blank\" rel=\"noopener\"> DER-SP (Departamento de Estradas de Rodagem de S\u00e3o Paulo) <\/a><\/strong>iniciou nesta ter\u00e7a-feira (12) a opera\u00e7\u00e3o de<mark style=\"background-color:#fcb900\" class=\"has-inline-color has-black-color\"> 50 novos radares de fiscaliza\u00e7\u00e3o eletr\u00f4nica em rodovias do interior de S\u00e3o Paulo<\/mark> \u2013 veja os locais abaixo.<\/p>\n<p>O departamento informa que a medida refor\u00e7a a seguran\u00e7a vi\u00e1ria, amplia a preven\u00e7\u00e3o de acidentes e contribui para salvar vidas, com equipamentos instalados em trechos estrat\u00e9gicos e devidamente sinalizados com o limite de velocidade permitido.<\/p>\n<p>Com os novos dispositivos, motoristas que trafegam acima da velocidade m\u00e1xima permitida passam a ser autuados, em uma a\u00e7\u00e3o que busca reduzir o n\u00famero de acidentes nas estradas paulistas.<\/p>\n<h2 class=\"wp-block-heading\"><strong>Implanta\u00e7\u00e3o de 649 radares<\/strong><\/h2>\n<p>Os equipamentos fazem parte do contrato firmado a partir do Edital n\u00ba 145\/2023, que prev\u00ea a implanta\u00e7\u00e3o de 649 radares em pontos estrat\u00e9gicos dos mais de 12 mil quil\u00f4metros de rodovias estaduais sob administra\u00e7\u00e3o do DER-SP.<\/p>\n<p>A sele\u00e7\u00e3o de cada ponto resulta de mapeamento t\u00e9cnico que considera fatores como altos \u00edndices de acidentalidade, hist\u00f3rico de excesso de velocidade, caracter\u00edsticas geom\u00e9tricas da via, pontos cr\u00edticos e \u00e1reas com travessia de fauna.<\/p>\n<p>Os demais equipamentos previstos seguem em fase de implanta\u00e7\u00e3o, passando por testes e homologa\u00e7\u00e3o antes de entrarem em opera\u00e7\u00e3o.<\/p>\n<h2 class=\"wp-block-heading\"><strong>Confira a localiza\u00e7\u00e3o dos radares:<\/strong><\/h2>\n<ul class=\"wp-block-list\">\n<li>SP 008 \u2013 Km 96,86 \u2013 Bragan\u00e7a Paulista \u2013 CGR 01<\/li>\n<\/ul>\n<ul class=\"wp-block-list\">\n<li>SPA 009\/010 \u2013 Km 8,41 \u2013 Bragan\u00e7a Paulista \u2013 CGR 01<\/li>\n<\/ul>\n<ul class=\"wp-block-list\">\n<li>SP 079 \u2013 Km 38,75 \u2013 Salto \u2013 CGR 02<\/li>\n<\/ul>\n<ul class=\"wp-block-list\">\n<li>SP 079 \u2013 Km 52,55 \u2013 Itu \u2013 CGR 02<\/li>\n<\/ul>\n<ul class=\"wp-block-list\">\n<li>SP 079 \u2013 Km 53,15 \u2013 Itu \u2013 CGR 02<\/li>\n<\/ul>\n<ul class=\"wp-block-list\">\n<li>SP 079 \u2013 Km 56,80 \u2013 Itu \u2013 CGR 02<\/li>\n<\/ul>\n<ul class=\"wp-block-list\">\n<li>SP 079 \u2013 Km 58,00 \u2013 Itu \u2013 CGR 02<\/li>\n<\/ul>\n<ul class=\"wp-block-list\">\n<li>SP 079 \u2013 Km 59,20 \u2013 Itu \u2013 CGR 02<\/li>\n<\/ul>\n<ul class=\"wp-block-list\">\n<li>SP 079 \u2013 Km 59,75 \u2013 Itu \u2013 CGR 02<\/li>\n<\/ul>\n<ul class=\"wp-block-list\">\n<li>SP 097 \u2013 Km 1,10 \u2013 Sorocaba \u2013 CGR 02<\/li>\n<\/ul>\n<ul class=\"wp-block-list\">\n<li>SP 097 \u2013 Km 2,18 \u2013 Sorocaba \u2013 CGR 02<\/li>\n<\/ul>\n<ul class=\"wp-block-list\">\n<li>SP 097 \u2013 Km 9,22 \u2013 Sorocaba \u2013 CGR 02<\/li>\n<\/ul>\n<ul class=\"wp-block-list\">\n<li>SP 129 \u2013 Km 13,25 \u2013 Boituva \u2013 CGR 02<\/li>\n<\/ul>\n<ul class=\"wp-block-list\">\n<li>SP 139 \u2013 Km 98,75 \u2013 S\u00e3o Miguel Arcanjo \u2013 CGR 02<\/li>\n<\/ul>\n<ul class=\"wp-block-list\">\n<li>SP 139 \u2013 Km 107,10 \u2013 S\u00e3o Miguel Arcanjo \u2013 CGR 02<\/li>\n<\/ul>\n<ul class=\"wp-block-list\">\n<li>SP 191 \u2013 Km 160,00 \u2013 Botucatu \u2013 CGR 03<\/li>\n<\/ul>\n<ul class=\"wp-block-list\">\n<li>SP 261 \u2013 Km 114,00 \u2013 Len\u00e7ois Paulista \u2013 CGR 03<\/li>\n<\/ul>\n<ul class=\"wp-block-list\">\n<li>SP 261 \u2013 Km 144,40 \u2013 Pederneiras \u2013 CGR 03<\/li>\n<\/ul>\n<ul class=\"wp-block-list\">\n<li>SP 304 \u2013 Km 303,05 \u2013 Ja\u00fa \u2013 CGR 03<\/li>\n<\/ul>\n<ul class=\"wp-block-list\">\n<li>SP 304 \u2013 Km 313,10 \u2013 Ja\u00fa \u2013 CGR 03<\/li>\n<\/ul>\n<ul class=\"wp-block-list\">\n<li>SP 304 \u2013 Km 321,93 \u2013 Bariri \u2013 CGR 03<\/li>\n<\/ul>\n<ul class=\"wp-block-list\">\n<li>SP 304 \u2013 Km 330,70 \u2013 Bariri \u2013 CGR 03<\/li>\n<\/ul>\n<ul class=\"wp-block-list\">\n<li>SP 304 \u2013 Km 341,94 \u2013 Itaju \u2013 CGR 03<\/li>\n<\/ul>\n<ul class=\"wp-block-list\">\n<li>SP 304 \u2013 Km 351,92 \u2013 Itaju \u2013 CGR 03<\/li>\n<\/ul>\n<ul class=\"wp-block-list\">\n<li>SP 315 \u2013 Km 19,90 \u2013 Lucian\u00f3polis \u2013 CGR 03<\/li>\n<\/ul>\n<ul class=\"wp-block-list\">\n<li>SP 321 \u2013 Km 370,00 \u2013 Arealva \u2013 CGR 03<\/li>\n<\/ul>\n<ul class=\"wp-block-list\">\n<li>SP 321 \u2013 Km 374,4 \u2013 Arealva \u2013 CGR 03<\/li>\n<\/ul>\n<ul class=\"wp-block-list\">\n<li>SP 321 \u2013 Km 390,05 \u2013 Iacanga \u2013 CGR 03<\/li>\n<\/ul>\n<ul class=\"wp-block-list\">\n<li>SP 321 \u2013 Km 390,05 \u2013 Iacanga \u2013 CGR 03<\/li>\n<\/ul>\n<ul class=\"wp-block-list\">\n<li>SP 331 \u2013 Km 115,30 \u2013 Regin\u00f3polis \u2013 CGR 03<\/li>\n<\/ul>\n<ul class=\"wp-block-list\">\n<li>SPA 175\/387 \u2013 Km 3,77 \u2013 Lins \u2013 CGR 03<\/li>\n<\/ul>\n<ul class=\"wp-block-list\">\n<li>SPA 354\/294 \u2013 Km 3,00 \u2013 Bauru \u2013 CGR 03<\/li>\n<\/ul>\n<ul class=\"wp-block-list\">\n<li>SPA 372\/321 \u2013 Km 4,00 \u2013 Arealva \u2013 CGR 03<\/li>\n<\/ul>\n<ul class=\"wp-block-list\">\n<li>SP 215 \u2013 Km 171,50 \u2013 Ribeir\u00e3o Bonito \u2013 CGR 04<\/li>\n<\/ul>\n<ul class=\"wp-block-list\">\n<li>SP 304 \u2013 Km 417,33 \u2013 Novo Horizonte \u2013 CGR 09<\/li>\n<\/ul>\n<ul class=\"wp-block-list\">\n<li>SP 310 \u2013 Km 472 \u2013 Monte Apraz\u00edvel \u2013 CGR 09<\/li>\n<\/ul>\n<ul class=\"wp-block-list\">\n<li>SP 320 \u2013 Km 479,32 \u2013 Tanabi \u2013 CGR 09<\/li>\n<\/ul>\n<ul class=\"wp-block-list\">\n<li>SP 320 \u2013 Km 498,7 \u2013 Cosmorama \u2013 CGR 09<\/li>\n<\/ul>\n<ul class=\"wp-block-list\">\n<li>SP 321 \u2013 Km 473,8 \u2013 Itajobi \u2013 CGR 09<\/li>\n<\/ul>\n<ul class=\"wp-block-list\">\n<li>SP 379 \u2013 Km 10,46 \u2013 Ibir\u00e1 \u2013 CGR 09<\/li>\n<\/ul>\n<ul class=\"wp-block-list\">\n<li>SP 423 \u2013 Km 17,99 \u2013 Palestina \u2013 CGR 09<\/li>\n<\/ul>\n<ul class=\"wp-block-list\">\n<li>SP 479 \u2013 Km 24,58 \u2013 Am\u00e9rico de Campos \u2013 CGR 09<\/li>\n<\/ul>\n<ul class=\"wp-block-list\">\n<li>SP 304 \u2013 Km 480,04 \u2013 Jos\u00e9 Bonif\u00e1cio \u2013 CGR 11<\/li>\n<\/ul>\n<ul class=\"wp-block-list\">\n<li>SP 310 \u2013 Km 629,1 \u2013 Pereira Barreto \u2013 CGR 11<\/li>\n<\/ul>\n<ul class=\"wp-block-list\">\n<li>SP 425 \u2013 Km 239,65 \u2013 Jos\u00e9 Bonif\u00e1cio \u2013 CGR 11<\/li>\n<\/ul>\n<ul class=\"wp-block-list\">\n<li>SP 425 \u2013 Km 338,21 \u2013 Sant\u00f3polis do Aguape\u00ed \u2013 CGR 11<\/li>\n<\/ul>\n<ul class=\"wp-block-list\">\n<li>SP 463 \u2013 Km 46,27 \u2013 Ara\u00e7atuba \u2013 CGR 11<\/li>\n<\/ul>\n<ul class=\"wp-block-list\">\n<li>SP 563 \u2013 Km 161,48 \u2013 Nova Independ\u00eancia \u2013 CGR 11<\/li>\n<\/ul>\n<ul class=\"wp-block-list\">\n<li>SP 563 \u2013 Km 172,2 \u2013 Nova Independ\u00eancia \u2013 CGR 11<\/li>\n<\/ul>\n<ul class=\"wp-block-list\">\n<li>SP 595 \u2013 Km 21,77 \u2013 Itapura \u2013 CGR 11<\/li>\n<\/ul>\n<p>SAIBA MAIS<br \/>Nova frente fria avan\u00e7a nesta semana; Veja previs\u00e3o no interior de SP<\/p>\n<h2 class=\"wp-block-heading\"><strong>FIQUE ON<\/strong><\/h2>\n<p>Fique ligado em tudo que acontece em Ribeir\u00e3o Preto e regi\u00e3o. Siga os perfis do\u00a0<strong>acidade on<\/strong>\u00a0no<a href=\"https:\/\/www.instagram.com\/acidadeonribeirao\" target=\"_blank\" rel=\"noreferrer noopener\">\u00a0Instagram<\/a>\u00a0e no\u00a0<a href=\"https:\/\/www.facebook.com\/acidadeonribeirao\/\" target=\"_blank\" rel=\"noreferrer noopener\">Facebook<\/a>.<\/p>\n<p>Receba not\u00edcias do\u00a0<strong>acidade on<\/strong>\u00a0no WhatsApp.\u00a0<a href=\"https:\/\/chat.whatsapp.com\/I4nieTEMKlf50pJ28aMemC?mode=ac_t\" target=\"_blank\" rel=\"noreferrer noopener\">Para entrar no grupo, basta clicar aqui.<\/a><\/p>\n<p>Fa\u00e7a uma den\u00fancia ou sugira uma reportagem sobre Ribeir\u00e3o Preto e regi\u00e3o pelo WhatsApp: 16 99117 7802.<\/p>\n<p>VEJA TAMB\u00c9M<br \/>Quando come\u00e7am as inscri\u00e7\u00f5es para o concurso MP-SP?<\/p>\n<p><!-- AI CONTENT END 1 -->\n<\/div>\n<\/div>\n<p><script async src=\"\/\/www.instagram.com\/embed.js\"><\/script><br \/>\n<br \/><br \/>\n<br \/><a href=\"https:\/\/www.acidadeon.com\/ribeiraopreto\/cotidiano\/50-novos-radares-iniciam-operacao-em-rodovias-no-interior-de-sp-veja-os-locais\/\">Source link <\/a><\/p>\n<!-- CONTENT END 1 -->\n","protected":false},"excerpt":{"rendered":"<p>O DER-SP (Departamento de Estradas de Rodagem de S\u00e3o Paulo) iniciou nesta ter\u00e7a-feira (12) a opera\u00e7\u00e3o de 50 novos radares de fiscaliza\u00e7\u00e3o eletr\u00f4nica em rodovias&#8230;<\/p>\n","protected":false},"author":1,"featured_media":75620,"comment_status":"open","ping_status":"open","sticky":false,"template":"","format":"standard","meta":{"advanced_seo_description":"","jetpack_seo_html_title":"","jetpack_seo_noindex":false,"jetpack_post_was_ever_published":false,"_jetpack_newsletter_access":"","_jetpack_dont_email_post_to_subs":false,"_jetpack_newsletter_tier_id":0,"_jetpack_memberships_contains_paywalled_content":false,"_jetpack_memberships_contains_paid_content":false,"footnotes":"","jetpack_publicize_message":"","jetpack_publicize_feature_enabled":true,"jetpack_social_post_already_shared":true,"jetpack_social_options":{"image_generator_settings":{"template":"highway","default_image_id":0,"font":"","enabled":false},"version":2}},"categories":[11],"tags":[],"class_list":["post-75619","post","type-post","status-publish","format-standard","has-post-thumbnail","hentry","category-noticias-de-ribeirao-preto-sp-e-regiao-ismael-colosi"],"jetpack_publicize_connections":[],"jetpack_featured_media_url":"https:\/\/i0.wp.com\/noticiasribeiraopreto.com.br\/wp-content\/uploads\/2025\/08\/radar-sp.jpg?fit=1163%2C692&ssl=1","jetpack-related-posts":[{"id":63104,"url":"https:\/\/noticiasribeiraopreto.com.br\/index.php\/2025\/02\/03\/novos-radares-entram-em-operacao-em-tres-rodovias-do-interior-de-sp-veja-locais\/","url_meta":{"origin":75619,"position":0},"title":"Novos radares entram em opera\u00e7\u00e3o em tr\u00eas rodovias do interior de SP; Veja locais","author":"noticiasribeiraopreto.com.br","date":"3 de February de 2025","format":false,"excerpt":"Cinco novos radares entrar\u00e3o em opera\u00e7\u00e3o na quarta-feira (5), em tr\u00eas rodovias no interior de S\u00e3o Paulo \u2013 um deles entre Ribeir\u00e3o Preto e Bonfim Paulista (veja abaixo). De acordo com a Arteris ViaPaulista, o objetivo com a instala\u00e7\u00e3o dos radares \u00e9 aumentar a seguran\u00e7a vi\u00e1ria e reduzir os acidentes\u2026","rel":"","context":"In &quot;Not\u00edcias de Ribeir\u00e3o Preto-SP e Regi\u00e3o&quot;","block_context":{"text":"Not\u00edcias de Ribeir\u00e3o Preto-SP e Regi\u00e3o","link":"https:\/\/noticiasribeiraopreto.com.br\/index.php\/category\/noticias-de-ribeirao-preto-sp-e-regiao-ismael-colosi\/"},"img":{"alt_text":"","src":"https:\/\/i0.wp.com\/noticiasribeiraopreto.com.br\/wp-content\/uploads\/2025\/02\/radar-sp.jpg?fit=1163%2C692&ssl=1&resize=350%2C200","width":350,"height":200,"srcset":"https:\/\/i0.wp.com\/noticiasribeiraopreto.com.br\/wp-content\/uploads\/2025\/02\/radar-sp.jpg?fit=1163%2C692&ssl=1&resize=350%2C200 1x, https:\/\/i0.wp.com\/noticiasribeiraopreto.com.br\/wp-content\/uploads\/2025\/02\/radar-sp.jpg?fit=1163%2C692&ssl=1&resize=525%2C300 1.5x, https:\/\/i0.wp.com\/noticiasribeiraopreto.com.br\/wp-content\/uploads\/2025\/02\/radar-sp.jpg?fit=1163%2C692&ssl=1&resize=700%2C400 2x, https:\/\/i0.wp.com\/noticiasribeiraopreto.com.br\/wp-content\/uploads\/2025\/02\/radar-sp.jpg?fit=1163%2C692&ssl=1&resize=1050%2C600 3x"},"classes":[]},{"id":64169,"url":"https:\/\/noticiasribeiraopreto.com.br\/index.php\/2025\/03\/04\/radares-entram-em-operacao-em-quatro-rodovias-do-interior-de-sp-veja-locais\/","url_meta":{"origin":75619,"position":1},"title":"Radares entram em opera\u00e7\u00e3o em quatro rodovias do interior de SP; Veja locais","author":"noticiasribeiraopreto.com.br","date":"4 de March de 2025","format":false,"excerpt":"Come\u00e7aram a funcionar nesta ter\u00e7a-feira (4), cinco novos radares de velocidade em rodovias do interior de S\u00e3o Paulo, todas administravas pela Arteris ViaPaulista. A decis\u00e3o para autoriza\u00e7\u00e3o do in\u00edcio de opera\u00e7\u00e3o foi publicada no Di\u00e1rio Oficial do Estado de S\u00e3o Paulo no dia 25 de fevereiro. A concession\u00e1ria refor\u00e7a que\u2026","rel":"","context":"In &quot;Not\u00edcias de Ribeir\u00e3o Preto-SP e Regi\u00e3o&quot;","block_context":{"text":"Not\u00edcias de Ribeir\u00e3o Preto-SP e Regi\u00e3o","link":"https:\/\/noticiasribeiraopreto.com.br\/index.php\/category\/noticias-de-ribeirao-preto-sp-e-regiao-ismael-colosi\/"},"img":{"alt_text":"","src":"https:\/\/i0.wp.com\/noticiasribeiraopreto.com.br\/wp-content\/uploads\/2025\/03\/radar-sp.jpg?fit=1163%2C692&ssl=1&resize=350%2C200","width":350,"height":200,"srcset":"https:\/\/i0.wp.com\/noticiasribeiraopreto.com.br\/wp-content\/uploads\/2025\/03\/radar-sp.jpg?fit=1163%2C692&ssl=1&resize=350%2C200 1x, https:\/\/i0.wp.com\/noticiasribeiraopreto.com.br\/wp-content\/uploads\/2025\/03\/radar-sp.jpg?fit=1163%2C692&ssl=1&resize=525%2C300 1.5x, https:\/\/i0.wp.com\/noticiasribeiraopreto.com.br\/wp-content\/uploads\/2025\/03\/radar-sp.jpg?fit=1163%2C692&ssl=1&resize=700%2C400 2x, https:\/\/i0.wp.com\/noticiasribeiraopreto.com.br\/wp-content\/uploads\/2025\/03\/radar-sp.jpg?fit=1163%2C692&ssl=1&resize=1050%2C600 3x"},"classes":[]},{"id":77703,"url":"https:\/\/noticiasribeiraopreto.com.br\/index.php\/2025\/09\/24\/adares-entram-em-operacao-na-rodovia-anhanguera-em-trecho-de-ribeirao-preto-e-cravinhos\/","url_meta":{"origin":75619,"position":2},"title":"adares entram em opera\u00e7\u00e3o na Rodovia Anhanguera em trecho de Ribeir\u00e3o Preto e Cravinhos","author":"noticiasribeiraopreto.com.br","date":"24 de September de 2025","format":false,"excerpt":"24 de setembro de 2025 12:3824 de setembro de 2025 11:097 Compartilhar0 A partir da pr\u00f3xima segunda-feira (29), dois radares fixos entrar\u00e3o em opera\u00e7\u00e3o em dois trechos da Rodovia Anhanguera (SP-330), ambos no sentido Norte da via (interior). No per\u00edmetro de Ribeir\u00e3o Preto, o radar est\u00e1 instalado no km 302+240.\u2026","rel":"","context":"In &quot;Not\u00edcias de Ribeir\u00e3o Preto-SP e Regi\u00e3o&quot;","block_context":{"text":"Not\u00edcias de Ribeir\u00e3o Preto-SP e Regi\u00e3o","link":"https:\/\/noticiasribeiraopreto.com.br\/index.php\/category\/noticias-de-ribeirao-preto-sp-e-regiao-ismael-colosi\/"},"img":{"alt_text":"","src":"https:\/\/i0.wp.com\/noticiasribeiraopreto.com.br\/wp-content\/uploads\/2025\/09\/radar-arteris.jpg?fit=800%2C600&ssl=1&resize=350%2C200","width":350,"height":200,"srcset":"https:\/\/i0.wp.com\/noticiasribeiraopreto.com.br\/wp-content\/uploads\/2025\/09\/radar-arteris.jpg?fit=800%2C600&ssl=1&resize=350%2C200 1x, https:\/\/i0.wp.com\/noticiasribeiraopreto.com.br\/wp-content\/uploads\/2025\/09\/radar-arteris.jpg?fit=800%2C600&ssl=1&resize=525%2C300 1.5x, https:\/\/i0.wp.com\/noticiasribeiraopreto.com.br\/wp-content\/uploads\/2025\/09\/radar-arteris.jpg?fit=800%2C600&ssl=1&resize=700%2C400 2x"},"classes":[]},{"id":64053,"url":"https:\/\/noticiasribeiraopreto.com.br\/index.php\/2025\/02\/28\/novos-radares-de-velocidade-entram-em-operacao-no-interior-de-sp-veja-rodovias\/","url_meta":{"origin":75619,"position":3},"title":"Novos radares de velocidade entram em opera\u00e7\u00e3o no interior de SP; Veja rodovias","author":"noticiasribeiraopreto.com.br","date":"28 de February de 2025","format":false,"excerpt":"Cinco novos radares de velocidade devem entrar em opera\u00e7\u00e3o na pr\u00f3xima ter\u00e7a-feira (4), em rodovias no interior de S\u00e3o Paulo, nos munic\u00edpios de Guatapar\u00e1, S\u00e3o Sim\u00e3o, Brodowski, Itirapu\u00e3, na regi\u00e3o de Ribeir\u00e3o Preto, e em Ita\u00ed, na regi\u00e3o de Avar\u00e9. Os trechos s\u00e3o administrados pela concession\u00e1ria Arteris ViaPaulista. Confira a\u2026","rel":"","context":"In &quot;Not\u00edcias de Ribeir\u00e3o Preto-SP e Regi\u00e3o&quot;","block_context":{"text":"Not\u00edcias de Ribeir\u00e3o Preto-SP e Regi\u00e3o","link":"https:\/\/noticiasribeiraopreto.com.br\/index.php\/category\/noticias-de-ribeirao-preto-sp-e-regiao-ismael-colosi\/"},"img":{"alt_text":"","src":"https:\/\/i0.wp.com\/noticiasribeiraopreto.com.br\/wp-content\/uploads\/2025\/02\/RADAR_2025-02-28_11-59-47_jpg_2025-02-28_11-59-47.webp.webp?fit=1200%2C760&ssl=1&resize=350%2C200","width":350,"height":200,"srcset":"https:\/\/i0.wp.com\/noticiasribeiraopreto.com.br\/wp-content\/uploads\/2025\/02\/RADAR_2025-02-28_11-59-47_jpg_2025-02-28_11-59-47.webp.webp?fit=1200%2C760&ssl=1&resize=350%2C200 1x, https:\/\/i0.wp.com\/noticiasribeiraopreto.com.br\/wp-content\/uploads\/2025\/02\/RADAR_2025-02-28_11-59-47_jpg_2025-02-28_11-59-47.webp.webp?fit=1200%2C760&ssl=1&resize=525%2C300 1.5x, https:\/\/i0.wp.com\/noticiasribeiraopreto.com.br\/wp-content\/uploads\/2025\/02\/RADAR_2025-02-28_11-59-47_jpg_2025-02-28_11-59-47.webp.webp?fit=1200%2C760&ssl=1&resize=700%2C400 2x, https:\/\/i0.wp.com\/noticiasribeiraopreto.com.br\/wp-content\/uploads\/2025\/02\/RADAR_2025-02-28_11-59-47_jpg_2025-02-28_11-59-47.webp.webp?fit=1200%2C760&ssl=1&resize=1050%2C600 3x"},"classes":[]},{"id":76810,"url":"https:\/\/noticiasribeiraopreto.com.br\/index.php\/2025\/09\/05\/rodovias-na-regiao-de-ribeirao-preto-vao-receber-novos-radares-veja-os-locais\/","url_meta":{"origin":75619,"position":4},"title":"Rodovias na regi\u00e3o de Ribeir\u00e3o Preto v\u00e3o receber novos radares; Veja os locais","author":"noticiasribeiraopreto.com.br","date":"5 de September de 2025","format":false,"excerpt":"A partir do pr\u00f3ximo dia 10 de setembro, entram em opera\u00e7\u00e3o novos radares de velocidade nas pistas de cobran\u00e7a eletr\u00f4nica (AVI) dos ped\u00e1gios de Colina, Pirangi e Monte Alto, na regi\u00e3o de Ribeir\u00e3o Preto. A instala\u00e7\u00e3o desses radares atende \u00e0s exig\u00eancias do contrato de concess\u00e3o firmado entre a Ecovias Noroeste\u2026","rel":"","context":"In &quot;Not\u00edcias de Ribeir\u00e3o Preto-SP e Regi\u00e3o&quot;","block_context":{"text":"Not\u00edcias de Ribeir\u00e3o Preto-SP e Regi\u00e3o","link":"https:\/\/noticiasribeiraopreto.com.br\/index.php\/category\/noticias-de-ribeirao-preto-sp-e-regiao-ismael-colosi\/"},"img":{"alt_text":"","src":"https:\/\/i0.wp.com\/noticiasribeiraopreto.com.br\/wp-content\/uploads\/2025\/09\/radar-sp.jpg?fit=1163%2C692&ssl=1&resize=350%2C200","width":350,"height":200,"srcset":"https:\/\/i0.wp.com\/noticiasribeiraopreto.com.br\/wp-content\/uploads\/2025\/09\/radar-sp.jpg?fit=1163%2C692&ssl=1&resize=350%2C200 1x, https:\/\/i0.wp.com\/noticiasribeiraopreto.com.br\/wp-content\/uploads\/2025\/09\/radar-sp.jpg?fit=1163%2C692&ssl=1&resize=525%2C300 1.5x, https:\/\/i0.wp.com\/noticiasribeiraopreto.com.br\/wp-content\/uploads\/2025\/09\/radar-sp.jpg?fit=1163%2C692&ssl=1&resize=700%2C400 2x, https:\/\/i0.wp.com\/noticiasribeiraopreto.com.br\/wp-content\/uploads\/2025\/09\/radar-sp.jpg?fit=1163%2C692&ssl=1&resize=1050%2C600 3x"},"classes":[]},{"id":8061,"url":"https:\/\/noticiasribeiraopreto.com.br\/index.php\/2023\/11\/29\/rodovias-de-ribeirao-preto-e-regiao-terao-30-novos-radares-veja-os-locais\/","url_meta":{"origin":75619,"position":5},"title":"Rodovias de Ribeir\u00e3o Preto e regi\u00e3o ter\u00e3o 30 novos radares; Veja os locais","author":"noticiasribeiraopreto.com.br","date":"29 de November de 2023","format":false,"excerpt":"O DER (Departamento de Estradas de Rodagem), do Governo de S\u00e3o Paulo, abriu licita\u00e7\u00e3o para contrata\u00e7\u00e3o de 30 radares de velocidade em rodovias da regi\u00e3o de Ribeir\u00e3o Preto \u2013 ser\u00e3o 649 novos equipamentos em todo o Estado de S\u00e3o Paulo. Atualmente, a fiscaliza\u00e7\u00e3o nas rodovias estaduais \u00e9 feita apenas com\u2026","rel":"","context":"In &quot;Not\u00edcias de Ribeir\u00e3o Preto-SP e Regi\u00e3o&quot;","block_context":{"text":"Not\u00edcias de Ribeir\u00e3o Preto-SP e Regi\u00e3o","link":"https:\/\/noticiasribeiraopreto.com.br\/index.php\/category\/noticias-de-ribeirao-preto-sp-e-regiao-ismael-colosi\/"},"img":{"alt_text":"","src":"https:\/\/i0.wp.com\/noticiasribeiraopreto.com.br\/wp-content\/uploads\/2023\/11\/radar-de-transito.jpg?fit=1200%2C800&ssl=1&resize=350%2C200","width":350,"height":200,"srcset":"https:\/\/i0.wp.com\/noticiasribeiraopreto.com.br\/wp-content\/uploads\/2023\/11\/radar-de-transito.jpg?fit=1200%2C800&ssl=1&resize=350%2C200 1x, https:\/\/i0.wp.com\/noticiasribeiraopreto.com.br\/wp-content\/uploads\/2023\/11\/radar-de-transito.jpg?fit=1200%2C800&ssl=1&resize=525%2C300 1.5x, https:\/\/i0.wp.com\/noticiasribeiraopreto.com.br\/wp-content\/uploads\/2023\/11\/radar-de-transito.jpg?fit=1200%2C800&ssl=1&resize=700%2C400 2x, https:\/\/i0.wp.com\/noticiasribeiraopreto.com.br\/wp-content\/uploads\/2023\/11\/radar-de-transito.jpg?fit=1200%2C800&ssl=1&resize=1050%2C600 3x"},"classes":[]}],"jetpack_sharing_enabled":true,"jetpack_shortlink":"https:\/\/wp.me\/peQAOb-jFF","_links":{"self":[{"href":"https:\/\/noticiasribeiraopreto.com.br\/index.php\/wp-json\/wp\/v2\/posts\/75619","targetHints":{"allow":["GET"]}}],"collection":[{"href":"https:\/\/noticiasribeiraopreto.com.br\/index.php\/wp-json\/wp\/v2\/posts"}],"about":[{"href":"https:\/\/noticiasribeiraopreto.com.br\/index.php\/wp-json\/wp\/v2\/types\/post"}],"author":[{"embeddable":true,"href":"https:\/\/noticiasribeiraopreto.com.br\/index.php\/wp-json\/wp\/v2\/users\/1"}],"replies":[{"embeddable":true,"href":"https:\/\/noticiasribeiraopreto.com.br\/index.php\/wp-json\/wp\/v2\/comments?post=75619"}],"version-history":[{"count":0,"href":"https:\/\/noticiasribeiraopreto.com.br\/index.php\/wp-json\/wp\/v2\/posts\/75619\/revisions"}],"wp:featuredmedia":[{"embeddable":true,"href":"https:\/\/noticiasribeiraopreto.com.br\/index.php\/wp-json\/wp\/v2\/media\/75620"}],"wp:attachment":[{"href":"https:\/\/noticiasribeiraopreto.com.br\/index.php\/wp-json\/wp\/v2\/media?parent=75619"}],"wp:term":[{"taxonomy":"category","embeddable":true,"href":"https:\/\/noticiasribeiraopreto.com.br\/index.php\/wp-json\/wp\/v2\/categories?post=75619"},{"taxonomy":"post_tag","embeddable":true,"href":"https:\/\/noticiasribeiraopreto.com.br\/index.php\/wp-json\/wp\/v2\/tags?post=75619"}],"curies":[{"name":"wp","href":"https:\/\/api.w.org\/{rel}","templated":true}]}}