{"id":75621,"date":"2025-08-12T15:58:42","date_gmt":"2025-08-12T18:58:42","guid":{"rendered":"https:\/\/noticiasribeiraopreto.com.br\/index.php\/2025\/08\/12\/alckmin-tambem-cancela-participacao-em-abertura-de-feira-na-regiao-de-ribeirao\/"},"modified":"2025-08-12T15:58:42","modified_gmt":"2025-08-12T18:58:42","slug":"alckmin-tambem-cancela-participacao-em-abertura-de-feira-na-regiao-de-ribeirao","status":"publish","type":"post","link":"https:\/\/noticiasribeiraopreto.com.br\/index.php\/2025\/08\/12\/alckmin-tambem-cancela-participacao-em-abertura-de-feira-na-regiao-de-ribeirao\/","title":{"rendered":"Alckmin tamb\u00e9m cancela participa\u00e7\u00e3o em abertura de feira na regi\u00e3o de Ribeir\u00e3o"},"content":{"rendered":"<div class='code-block code-block-1' style='margin: 8px 0 8px auto; text-align: right; display: block; clear: both;'>\n<p><a href=\"https:\/\/wa.link\/vpicfd\"><img data-recalc-dims=\"1\" class=\"wp-image-4922\" style=\"aspect-ratio: 2.0253164556962027; width: 561px; height: auto;\" src=\"https:\/\/i0.wp.com\/ismaelcolosi.com.br\/wp-content\/uploads\/2023\/11\/grupo-de-empregos-whatsapp-e-facebook-ismael-colosi-vagas.jpg?ssl=1\" alt=\"\" \/><\/a><\/p>\n<!-- \/wp:image -->\n<\/div>\n<p> <br \/>\n<\/p>\n<div>\n<p>Ap\u00f3s o governador<strong> Tarc\u00edsio de Freitas (REP)<\/strong>, o vice-presidente <strong>Geraldo Alckmin (PSB)<\/strong>, tamb\u00e9m cancelou a presen\u00e7a na abertura da <strong>Fenasucro &amp; Agrocana<\/strong>, que acontece nesta ter\u00e7a-feira (12), em <strong>Sert\u00e3ozinho<\/strong>, na regi\u00e3o de <strong>Ribeir\u00e3o Preto<\/strong>.<\/p>\n<p>A informa\u00e7\u00e3o foi confirmada pela assessoria da feira no in\u00edcio da tarde. Ainda n\u00e3o h\u00e1 informa\u00e7\u00f5es sobre o motivo do cancelamento da presen\u00e7a na abertura da feira, que consta na agenda oficial da vice-presid\u00eancia.<\/p>\n<p>O ex-governador M\u00e1rcio Fran\u00e7a (PSB), ministro do Empreendedorismo, da Microempresa e da Empresa de Pequeno Porte, est\u00e1 presente na feira.<\/p>\n<h2 class=\"wp-block-heading\"><strong>Abertura confirmada<\/strong><\/h2>\n<p>Mesmo assim, a abertura oficial da Fenasucro &amp; Agrocana segue confirmada para \u00e0s 15h. O evento recebe autoridades do setor da bioenergia, al\u00e9m da participa\u00e7\u00e3o do secret\u00e1rio da Agricultura, <strong>Guilherme Piai<\/strong>.<\/p>\n<p>Antes, \u00e0s 13h30, <mark style=\"background-color:#fcb900\" class=\"has-inline-color has-black-color\">acontece a 12\u00aa Confer\u00eancia Datagro Ceise Br Fenasucro, \u00e0s 13h30, com o tema \u201cCombust\u00edvel do Futuro \u2013 Brasil L\u00edder Mundial da Transi\u00e7\u00e3o Energ\u00e9tica\u201d.<\/mark><\/p>\n<p>Na ocasi\u00e3o, o presidente da Datagro, Pl\u00ednio Nastari, recebe o deputado federal Arnaldo Jardim (CID), presidente da Comiss\u00e3o Especial da Transi\u00e7\u00e3o Energ\u00e9tica e Produ\u00e7\u00e3o de Hidrog\u00eanio Verde e relator do Combust\u00edvel do Futuro para o debate.<\/p>\n<p>A feira, que tem o foco em temas como transi\u00e7\u00e3o energ\u00e9tica, mobilidade de baixo carbono e pol\u00edticas sustent\u00e1veis, re\u00fane mais de 600 marcas expositoras e visitantes de mais de 60 pa\u00edses e tem a expectativa de superar os R$ 10,7 bilh\u00f5es movimentados na edi\u00e7\u00e3o passada.<\/p>\n<p><a href=\"https:\/\/www.fenasucro.com.br\/pt-br.html#\/\" data-type=\"link\" data-id=\"https:\/\/www.fenasucro.com.br\/pt-br.html#\/\" target=\"_blank\" rel=\"noopener\">Clique aqui <\/a>e veja a programa\u00e7\u00e3o completa.<\/p>\n<p>SAIBA MAIS<br \/>Nova frente fria avan\u00e7a nesta semana; Veja previs\u00e3o no interior de SP<\/p>\n<h2 class=\"wp-block-heading\"><strong>FIQUE ON<\/strong><\/h2>\n<p>Fique ligado em tudo que acontece em Ribeir\u00e3o Preto e regi\u00e3o. Siga os perfis do\u00a0<strong>acidade on<\/strong>\u00a0no<a href=\"https:\/\/www.instagram.com\/acidadeonribeirao\" target=\"_blank\" rel=\"noreferrer noopener\">\u00a0Instagram<\/a>\u00a0e no\u00a0<a href=\"https:\/\/www.facebook.com\/acidadeonribeirao\/\" target=\"_blank\" rel=\"noreferrer noopener\">Facebook<\/a>.<\/p>\n<p>Receba not\u00edcias do\u00a0<strong>acidade on<\/strong>\u00a0no WhatsApp.\u00a0<a href=\"https:\/\/chat.whatsapp.com\/I4nieTEMKlf50pJ28aMemC?mode=ac_t\" target=\"_blank\" rel=\"noreferrer noopener\">Para entrar no grupo, basta clicar aqui.<\/a><\/p>\n<p>Fa\u00e7a uma den\u00fancia ou sugira uma reportagem sobre Ribeir\u00e3o Preto e regi\u00e3o pelo WhatsApp: 16 99117 7802.<\/p>\n<p>VEJA TAMB\u00c9M<br \/>Quando come\u00e7am as inscri\u00e7\u00f5es para o concurso MP-SP?<\/p>\n<p><!-- AI CONTENT END 1 -->\n<\/div>\n<p><script async src=\"\/\/www.instagram.com\/embed.js\"><\/script><br \/>\n<br \/><br \/>\n<br \/><a href=\"https:\/\/www.acidadeon.com\/ribeiraopreto\/politica\/nevio-archibald\/alckmin-tambem-cancela-participacao-em-abertura-de-feira-na-regiao-de-ribeirao\/\">Source link <\/a><\/p>\n<!-- CONTENT END 1 -->\n","protected":false},"excerpt":{"rendered":"<p>Ap\u00f3s o governador Tarc\u00edsio de Freitas (REP), o vice-presidente Geraldo Alckmin (PSB), tamb\u00e9m cancelou a presen\u00e7a na abertura da Fenasucro &amp; Agrocana, que acontece nesta&#8230;<\/p>\n","protected":false},"author":1,"featured_media":75622,"comment_status":"open","ping_status":"open","sticky":false,"template":"","format":"standard","meta":{"advanced_seo_description":"","jetpack_seo_html_title":"","jetpack_seo_noindex":false,"jetpack_post_was_ever_published":false,"_jetpack_newsletter_access":"","_jetpack_dont_email_post_to_subs":false,"_jetpack_newsletter_tier_id":0,"_jetpack_memberships_contains_paywalled_content":false,"_jetpack_memberships_contains_paid_content":false,"footnotes":"","jetpack_publicize_message":"","jetpack_publicize_feature_enabled":true,"jetpack_social_post_already_shared":true,"jetpack_social_options":{"image_generator_settings":{"template":"highway","default_image_id":0,"font":"","enabled":false},"version":2}},"categories":[11],"tags":[],"class_list":["post-75621","post","type-post","status-publish","format-standard","has-post-thumbnail","hentry","category-noticias-de-ribeirao-preto-sp-e-regiao-ismael-colosi"],"jetpack_publicize_connections":[],"jetpack_featured_media_url":"https:\/\/i0.wp.com\/noticiasribeiraopreto.com.br\/wp-content\/uploads\/2025\/08\/alckmin_2025-08-12_16-03-31.webp.webp?fit=1170%2C700&ssl=1","jetpack-related-posts":[{"id":75600,"url":"https:\/\/noticiasribeiraopreto.com.br\/index.php\/2025\/08\/12\/tarcisio-cancela-participacao-em-agenda-na-regiao-de-ribeirao-preto\/","url_meta":{"origin":75621,"position":0},"title":"Tarc\u00edsio cancela participa\u00e7\u00e3o em agenda na regi\u00e3o de Ribeir\u00e3o Preto","author":"noticiasribeiraopreto.com.br","date":"12 de August de 2025","format":false,"excerpt":"O governador de S\u00e3o Paulo, Tarc\u00edsio de Freitas (REP), cancelou a agenda p\u00fablica que realizaria em Sert\u00e3ozinho, na regi\u00e3o de Ribeir\u00e3o Preto. Tarc\u00edsio participaria da cerim\u00f4nia de abertura da Fenasucro & Agrocana, junto com o vice-presidente Geraldo Alckmin (PSB), que segue confirmado. A assessoria do governador n\u00e3o informou o motivo\u2026","rel":"","context":"In &quot;Not\u00edcias de Ribeir\u00e3o Preto-SP e Regi\u00e3o&quot;","block_context":{"text":"Not\u00edcias de Ribeir\u00e3o Preto-SP e Regi\u00e3o","link":"https:\/\/noticiasribeiraopreto.com.br\/index.php\/category\/noticias-de-ribeirao-preto-sp-e-regiao-ismael-colosi\/"},"img":{"alt_text":"","src":"https:\/\/i0.wp.com\/noticiasribeiraopreto.com.br\/wp-content\/uploads\/2025\/08\/54485224546_582bddc753_o_2025-04-29_21-59-46.webp.webp?fit=1200%2C1047&ssl=1&resize=350%2C200","width":350,"height":200,"srcset":"https:\/\/i0.wp.com\/noticiasribeiraopreto.com.br\/wp-content\/uploads\/2025\/08\/54485224546_582bddc753_o_2025-04-29_21-59-46.webp.webp?fit=1200%2C1047&ssl=1&resize=350%2C200 1x, https:\/\/i0.wp.com\/noticiasribeiraopreto.com.br\/wp-content\/uploads\/2025\/08\/54485224546_582bddc753_o_2025-04-29_21-59-46.webp.webp?fit=1200%2C1047&ssl=1&resize=525%2C300 1.5x, https:\/\/i0.wp.com\/noticiasribeiraopreto.com.br\/wp-content\/uploads\/2025\/08\/54485224546_582bddc753_o_2025-04-29_21-59-46.webp.webp?fit=1200%2C1047&ssl=1&resize=700%2C400 2x, https:\/\/i0.wp.com\/noticiasribeiraopreto.com.br\/wp-content\/uploads\/2025\/08\/54485224546_582bddc753_o_2025-04-29_21-59-46.webp.webp?fit=1200%2C1047&ssl=1&resize=1050%2C600 3x"},"classes":[]},{"id":75575,"url":"https:\/\/noticiasribeiraopreto.com.br\/index.php\/2025\/08\/11\/alckmin-e-tarcisio-sao-confirmados-na-abertura-da-fenasucro-agrocana\/","url_meta":{"origin":75621,"position":1},"title":"Alckmin e Tarc\u00edsio s\u00e3o confirmados na abertura da Fenasucro &#038; Agrocana","author":"noticiasribeiraopreto.com.br","date":"11 de August de 2025","format":false,"excerpt":"O vice-presidente da Rep\u00fablica, Geraldo Alckmin (PSB), e o governador de S\u00e3o Paulo, Tarc\u00edsio de Freitas (REP), foram confirmados na abertura da Fenasucro & Agrocana, que acontece nesta ter\u00e7a-feira (12), em Sert\u00e3ozinho, na regi\u00e3o de Ribeir\u00e3o Preto. A feira, que tem o foco em temas como transi\u00e7\u00e3o energ\u00e9tica, mobilidade de\u2026","rel":"","context":"In &quot;Not\u00edcias de Ribeir\u00e3o Preto-SP e Regi\u00e3o&quot;","block_context":{"text":"Not\u00edcias de Ribeir\u00e3o Preto-SP e Regi\u00e3o","link":"https:\/\/noticiasribeiraopreto.com.br\/index.php\/category\/noticias-de-ribeirao-preto-sp-e-regiao-ismael-colosi\/"},"img":{"alt_text":"","src":"https:\/\/i0.wp.com\/noticiasribeiraopreto.com.br\/wp-content\/uploads\/2025\/08\/alckmin-tarcisio_2025-08-11_19-11-57.webp.webp?fit=1200%2C674&ssl=1&resize=350%2C200","width":350,"height":200,"srcset":"https:\/\/i0.wp.com\/noticiasribeiraopreto.com.br\/wp-content\/uploads\/2025\/08\/alckmin-tarcisio_2025-08-11_19-11-57.webp.webp?fit=1200%2C674&ssl=1&resize=350%2C200 1x, https:\/\/i0.wp.com\/noticiasribeiraopreto.com.br\/wp-content\/uploads\/2025\/08\/alckmin-tarcisio_2025-08-11_19-11-57.webp.webp?fit=1200%2C674&ssl=1&resize=525%2C300 1.5x, https:\/\/i0.wp.com\/noticiasribeiraopreto.com.br\/wp-content\/uploads\/2025\/08\/alckmin-tarcisio_2025-08-11_19-11-57.webp.webp?fit=1200%2C674&ssl=1&resize=700%2C400 2x, https:\/\/i0.wp.com\/noticiasribeiraopreto.com.br\/wp-content\/uploads\/2025\/08\/alckmin-tarcisio_2025-08-11_19-11-57.webp.webp?fit=1200%2C674&ssl=1&resize=1050%2C600 3x"},"classes":[]},{"id":75612,"url":"https:\/\/noticiasribeiraopreto.com.br\/index.php\/2025\/08\/12\/comeca-fenasucro-veja-como-participar\/","url_meta":{"origin":75621,"position":2},"title":"Come\u00e7a Fenasucro &#038; Agrocana em Sert\u00e3ozinho; Veja como participar","author":"noticiasribeiraopreto.com.br","date":"12 de August de 2025","format":false,"excerpt":"Come\u00e7a nesta ter\u00e7a-feira (12) e segue at\u00e9 15 de agosto a Fenasucro & Agrocana, em Sert\u00e3ozinho, na regi\u00e3o de Ribeir\u00e3o Preto. Para participar, o credenciamento \u00e9 gratuito e pode ser feito pelo site oficial do evento (clique aqui). Tamb\u00e9m pela internet, podem ser adquiridos os ingressos para a programa\u00e7\u00e3o de\u2026","rel":"","context":"In &quot;Not\u00edcias de Ribeir\u00e3o Preto-SP e Regi\u00e3o&quot;","block_context":{"text":"Not\u00edcias de Ribeir\u00e3o Preto-SP e Regi\u00e3o","link":"https:\/\/noticiasribeiraopreto.com.br\/index.php\/category\/noticias-de-ribeirao-preto-sp-e-regiao-ismael-colosi\/"},"img":{"alt_text":"","src":"https:\/\/i0.wp.com\/noticiasribeiraopreto.com.br\/wp-content\/uploads\/2025\/08\/fenasucro-2_2025-08-12_12-43-02.webp.webp?fit=1200%2C800&ssl=1&resize=350%2C200","width":350,"height":200,"srcset":"https:\/\/i0.wp.com\/noticiasribeiraopreto.com.br\/wp-content\/uploads\/2025\/08\/fenasucro-2_2025-08-12_12-43-02.webp.webp?fit=1200%2C800&ssl=1&resize=350%2C200 1x, https:\/\/i0.wp.com\/noticiasribeiraopreto.com.br\/wp-content\/uploads\/2025\/08\/fenasucro-2_2025-08-12_12-43-02.webp.webp?fit=1200%2C800&ssl=1&resize=525%2C300 1.5x, https:\/\/i0.wp.com\/noticiasribeiraopreto.com.br\/wp-content\/uploads\/2025\/08\/fenasucro-2_2025-08-12_12-43-02.webp.webp?fit=1200%2C800&ssl=1&resize=700%2C400 2x, https:\/\/i0.wp.com\/noticiasribeiraopreto.com.br\/wp-content\/uploads\/2025\/08\/fenasucro-2_2025-08-12_12-43-02.webp.webp?fit=1200%2C800&ssl=1&resize=1050%2C600 3x"},"classes":[]},{"id":68577,"url":"https:\/\/noticiasribeiraopreto.com.br\/index.php\/2025\/04\/26\/vice-presidente-alckmin-e-confirmado-na-abertura-da-agrishow-em-ribeirao-preto\/","url_meta":{"origin":75621,"position":3},"title":"Vice-presidente Alckmin \u00e9 confirmado na abertura da Agrishow em Ribeir\u00e3o Preto","author":"noticiasribeiraopreto.com.br","date":"26 de April de 2025","format":false,"excerpt":"O vice-presidente da Rep\u00fablica, Geraldo Alckmin (PSB), foi confirmado na abertura da Agrishow, que ser\u00e1 realizada neste domingo (27) em Ribeir\u00e3o Preto. O evento come\u00e7a \u00e0s 10h e ser\u00e1 fechado para autoridades, convidados e imprensa. Al\u00e9m de vice-presidente, o ex-governador de S\u00e3o Paulo tamb\u00e9m \u00e9 ministro do Desenvolvimento, Ind\u00fastria, Com\u00e9rcio\u2026","rel":"","context":"In &quot;Not\u00edcias de Ribeir\u00e3o Preto-SP e Regi\u00e3o&quot;","block_context":{"text":"Not\u00edcias de Ribeir\u00e3o Preto-SP e Regi\u00e3o","link":"https:\/\/noticiasribeiraopreto.com.br\/index.php\/category\/noticias-de-ribeirao-preto-sp-e-regiao-ismael-colosi\/"},"img":{"alt_text":"","src":"https:\/\/i0.wp.com\/noticiasribeiraopreto.com.br\/wp-content\/uploads\/2025\/04\/GERALDO-ALCKIMIN.jpg?fit=1170%2C700&ssl=1&resize=350%2C200","width":350,"height":200,"srcset":"https:\/\/i0.wp.com\/noticiasribeiraopreto.com.br\/wp-content\/uploads\/2025\/04\/GERALDO-ALCKIMIN.jpg?fit=1170%2C700&ssl=1&resize=350%2C200 1x, https:\/\/i0.wp.com\/noticiasribeiraopreto.com.br\/wp-content\/uploads\/2025\/04\/GERALDO-ALCKIMIN.jpg?fit=1170%2C700&ssl=1&resize=525%2C300 1.5x, https:\/\/i0.wp.com\/noticiasribeiraopreto.com.br\/wp-content\/uploads\/2025\/04\/GERALDO-ALCKIMIN.jpg?fit=1170%2C700&ssl=1&resize=700%2C400 2x, https:\/\/i0.wp.com\/noticiasribeiraopreto.com.br\/wp-content\/uploads\/2025\/04\/GERALDO-ALCKIMIN.jpg?fit=1170%2C700&ssl=1&resize=1050%2C600 3x"},"classes":[]},{"id":56329,"url":"https:\/\/noticiasribeiraopreto.com.br\/index.php\/2024\/08\/12\/bioenergia-fenasucro-comeca-nesta-terca-feira-em-sertaozinho\/","url_meta":{"origin":75621,"position":4},"title":"Bioenergia: Fenasucro come\u00e7a nesta ter\u00e7a-feira em Sert\u00e3ozinho","author":"noticiasribeiraopreto.com.br","date":"12 de August de 2024","format":false,"excerpt":"Com discuss\u00f5es sobre transi\u00e7\u00e3o energ\u00e9tica, mobilidade de baixo carbono, pol\u00edticas sustent\u00e1veis e tend\u00eancias do setor bioenerg\u00e9tico, come\u00e7a nesta ter\u00e7a-feira (13), a 30\u00aa Fenasucro & Agrocana, em Sert\u00e3ozinho, na regi\u00e3o de Ribeir\u00e3o Preto. A Feira Mundial da Bioenergia acontece entre os dias 13 e 16 de agosto, no Centro de Eventos\u2026","rel":"","context":"In &quot;Not\u00edcias de Ribeir\u00e3o Preto-SP e Regi\u00e3o&quot;","block_context":{"text":"Not\u00edcias de Ribeir\u00e3o Preto-SP e Regi\u00e3o","link":"https:\/\/noticiasribeiraopreto.com.br\/index.php\/category\/noticias-de-ribeirao-preto-sp-e-regiao-ismael-colosi\/"},"img":{"alt_text":"","src":"https:\/\/i0.wp.com\/noticiasribeiraopreto.com.br\/wp-content\/uploads\/2024\/08\/WhatsApp-Image-2024-08-12-at-15.38.03_2024-08-12_20-50-35_jpeg_2024-08-12_20-50-35.webp.webp?fit=800%2C533&ssl=1&resize=350%2C200","width":350,"height":200,"srcset":"https:\/\/i0.wp.com\/noticiasribeiraopreto.com.br\/wp-content\/uploads\/2024\/08\/WhatsApp-Image-2024-08-12-at-15.38.03_2024-08-12_20-50-35_jpeg_2024-08-12_20-50-35.webp.webp?fit=800%2C533&ssl=1&resize=350%2C200 1x, https:\/\/i0.wp.com\/noticiasribeiraopreto.com.br\/wp-content\/uploads\/2024\/08\/WhatsApp-Image-2024-08-12-at-15.38.03_2024-08-12_20-50-35_jpeg_2024-08-12_20-50-35.webp.webp?fit=800%2C533&ssl=1&resize=525%2C300 1.5x, https:\/\/i0.wp.com\/noticiasribeiraopreto.com.br\/wp-content\/uploads\/2024\/08\/WhatsApp-Image-2024-08-12-at-15.38.03_2024-08-12_20-50-35_jpeg_2024-08-12_20-50-35.webp.webp?fit=800%2C533&ssl=1&resize=700%2C400 2x"},"classes":[]},{"id":47712,"url":"https:\/\/noticiasribeiraopreto.com.br\/index.php\/2024\/04\/27\/agrishow-tem-abertura-oficial-neste-domingo-feira-deve-receber-195-mil-visitantes\/","url_meta":{"origin":75621,"position":5},"title":"Agrishow tem abertura oficial neste domingo; Feira deve receber 195 mil visitantes","author":"noticiasribeiraopreto.com.br","date":"27 de April de 2024","format":false,"excerpt":"A Agrishow ter\u00e1 a abertura oficial do evento na manh\u00e3 deste domingo (28) somente para autoridades, expositores, imprensa e lideran\u00e7as do setor. Para os visitantes, a abertura da feira ser\u00e1 nesta segunda-feira (29), das 8h \u00e0s 18h. O evento segue at\u00e9 o dia 3 de maio, no quil\u00f4metro 321 da\u2026","rel":"","context":"In &quot;Not\u00edcias de Ribeir\u00e3o Preto-SP e Regi\u00e3o&quot;","block_context":{"text":"Not\u00edcias de Ribeir\u00e3o Preto-SP e Regi\u00e3o","link":"https:\/\/noticiasribeiraopreto.com.br\/index.php\/category\/noticias-de-ribeirao-preto-sp-e-regiao-ismael-colosi\/"},"img":{"alt_text":"","src":"https:\/\/i0.wp.com\/noticiasribeiraopreto.com.br\/wp-content\/uploads\/2024\/04\/1714246897_acidadeon_logos_Prancheta-1-copia-12_edited.jpg?fit=1199%2C1200&ssl=1&resize=350%2C200","width":350,"height":200,"srcset":"https:\/\/i0.wp.com\/noticiasribeiraopreto.com.br\/wp-content\/uploads\/2024\/04\/1714246897_acidadeon_logos_Prancheta-1-copia-12_edited.jpg?fit=1199%2C1200&ssl=1&resize=350%2C200 1x, https:\/\/i0.wp.com\/noticiasribeiraopreto.com.br\/wp-content\/uploads\/2024\/04\/1714246897_acidadeon_logos_Prancheta-1-copia-12_edited.jpg?fit=1199%2C1200&ssl=1&resize=525%2C300 1.5x, https:\/\/i0.wp.com\/noticiasribeiraopreto.com.br\/wp-content\/uploads\/2024\/04\/1714246897_acidadeon_logos_Prancheta-1-copia-12_edited.jpg?fit=1199%2C1200&ssl=1&resize=700%2C400 2x, https:\/\/i0.wp.com\/noticiasribeiraopreto.com.br\/wp-content\/uploads\/2024\/04\/1714246897_acidadeon_logos_Prancheta-1-copia-12_edited.jpg?fit=1199%2C1200&ssl=1&resize=1050%2C600 3x"},"classes":[]}],"jetpack_sharing_enabled":true,"jetpack_shortlink":"https:\/\/wp.me\/peQAOb-jFH","_links":{"self":[{"href":"https:\/\/noticiasribeiraopreto.com.br\/index.php\/wp-json\/wp\/v2\/posts\/75621","targetHints":{"allow":["GET"]}}],"collection":[{"href":"https:\/\/noticiasribeiraopreto.com.br\/index.php\/wp-json\/wp\/v2\/posts"}],"about":[{"href":"https:\/\/noticiasribeiraopreto.com.br\/index.php\/wp-json\/wp\/v2\/types\/post"}],"author":[{"embeddable":true,"href":"https:\/\/noticiasribeiraopreto.com.br\/index.php\/wp-json\/wp\/v2\/users\/1"}],"replies":[{"embeddable":true,"href":"https:\/\/noticiasribeiraopreto.com.br\/index.php\/wp-json\/wp\/v2\/comments?post=75621"}],"version-history":[{"count":0,"href":"https:\/\/noticiasribeiraopreto.com.br\/index.php\/wp-json\/wp\/v2\/posts\/75621\/revisions"}],"wp:featuredmedia":[{"embeddable":true,"href":"https:\/\/noticiasribeiraopreto.com.br\/index.php\/wp-json\/wp\/v2\/media\/75622"}],"wp:attachment":[{"href":"https:\/\/noticiasribeiraopreto.com.br\/index.php\/wp-json\/wp\/v2\/media?parent=75621"}],"wp:term":[{"taxonomy":"category","embeddable":true,"href":"https:\/\/noticiasribeiraopreto.com.br\/index.php\/wp-json\/wp\/v2\/categories?post=75621"},{"taxonomy":"post_tag","embeddable":true,"href":"https:\/\/noticiasribeiraopreto.com.br\/index.php\/wp-json\/wp\/v2\/tags?post=75621"}],"curies":[{"name":"wp","href":"https:\/\/api.w.org\/{rel}","templated":true}]}}