{"id":75624,"date":"2025-08-12T18:38:28","date_gmt":"2025-08-12T21:38:28","guid":{"rendered":"https:\/\/noticiasribeiraopreto.com.br\/index.php\/2025\/08\/12\/multinacional-abre-inscricoes-para-programa-de-trainee-com-vagas-em-ribeirao-preto\/"},"modified":"2025-08-12T18:38:28","modified_gmt":"2025-08-12T21:38:28","slug":"multinacional-abre-inscricoes-para-programa-de-trainee-com-vagas-em-ribeirao-preto","status":"publish","type":"post","link":"https:\/\/noticiasribeiraopreto.com.br\/index.php\/2025\/08\/12\/multinacional-abre-inscricoes-para-programa-de-trainee-com-vagas-em-ribeirao-preto\/","title":{"rendered":"Multinacional abre inscri\u00e7\u00f5es para programa de trainee com vagas em Ribeir\u00e3o Preto"},"content":{"rendered":"<div class='code-block code-block-1' style='margin: 8px 0 8px auto; text-align: right; display: block; clear: both;'>\n<p><a href=\"https:\/\/wa.link\/vpicfd\"><img data-recalc-dims=\"1\" class=\"wp-image-4922\" style=\"aspect-ratio: 2.0253164556962027; width: 561px; height: auto;\" src=\"https:\/\/i0.wp.com\/ismaelcolosi.com.br\/wp-content\/uploads\/2023\/11\/grupo-de-empregos-whatsapp-e-facebook-ismael-colosi-vagas.jpg?ssl=1\" alt=\"\" \/><\/a><\/p>\n<!-- \/wp:image -->\n<\/div>\n<p> <br \/>\n<\/p>\n<div>\n<p>A <strong>Nestl\u00e9<\/strong>, considerada a empresa de alimentos e bebidas do mundo, <strong>abriu inscri\u00e7\u00f5es para o Programa de Trainee 2026<\/strong>, que incluem vagas em <strong>Ribeir\u00e3o Preto<\/strong>. <strong>Os interessados podem se candidatar at\u00e9 28 de agosto.<\/strong><\/p>\n<p>H\u00e1 oportunidades em \u00e1reas como <strong>Marketing<\/strong>, <strong>Vendas<\/strong>, <strong>Finan\u00e7as<\/strong>, <strong>Engenharia<\/strong>, <strong>Supply Chain<\/strong>, <strong>Recursos Humanos<\/strong>, <strong>Tecnologia <\/strong>e <strong>Qualidade<\/strong>.<\/p>\n<p>Com o tema <strong>\u201cCrescendo juntos, em todas as fases\u201d<\/strong>, o programa disponibiliza postos em diferentes unidades do pa\u00eds e a<strong>ceita candidatos formados entre dezembro de 2021 e dezembro de 2025<\/strong>, em qualquer curso de gradua\u00e7\u00e3o reconhecido pelo MEC. <mark style=\"background-color:#fcb900\" class=\"has-inline-color\">\u00c9 preciso ter disponibilidade para viagens e mudan\u00e7as.<\/mark><\/p>\n<h3 class=\"wp-block-heading\"><strong>Processo seletivo<\/strong><\/h3>\n<p>O <strong>processo seletivo conta com desafios online focados em soft skills<\/strong>, <strong>testes virtuais<\/strong>, <strong>pain\u00e9is com lideran\u00e7as<\/strong> e <strong>entrevistas finais<\/strong>. Durante as inscri\u00e7\u00f5es, a Nestl\u00e9 oferece masterclasses gratuitas sobre temas como Pensamento Cr\u00edtico e Storytelling com Dados, no YouTube da Eureca, parceira respons\u00e1vel pela sele\u00e7\u00e3o.<\/p>\n<p>As inscri\u00e7\u00f5es devem ser feitas pelo site da empresa \u2013 <a href=\"https:\/\/www.nestlecomvoce.com.br\/programadetrainee\" data-type=\"link\" data-id=\"https:\/\/www.nestlecomvoce.com.br\/programadetrainee\" target=\"_blank\" rel=\"noopener\">clique aqui<\/a>.<\/p>\n<p>Os trainees ter\u00e3o acesso ao <strong>Trainee Hub<\/strong>, plataforma educacional com apoio financeiro para gradua\u00e7\u00e3o, p\u00f3s-gradua\u00e7\u00e3o, MBAs, cursos de idiomas e cursos livres durante os dois anos do programa.<\/p>\n<p>Entre os benef\u00edcios est\u00e3o <strong>assist\u00eancia m\u00e9dica<\/strong>, <strong>odontol\u00f3gica <\/strong>e <strong>farmac\u00eautica<\/strong>, <strong>previd\u00eancia privada<\/strong>, <strong>seguro de vida<\/strong>, <strong>PLR<\/strong>, <strong>descontos em produtos<\/strong>, <strong>licen\u00e7as parentais<\/strong>, <strong>vale-refei\u00e7\u00e3o<\/strong> e acesso ao <strong>Programa de Bem-Estar.<\/strong><\/p>\n<hr class=\"wp-block-separator has-alpha-channel-opacity\"\/>\n<p>SAIBA MAIS<br \/>Estudante de Ribeir\u00e3o Preto lan\u00e7a livro sobre preven\u00e7\u00e3o de afogamentos infantis<\/p>\n<h3 class=\"wp-block-heading\"><strong>FIQUE ON\u00a0\u00a0\u00a0\u00a0\u00a0\u00a0\u00a0\u00a0\u00a0<\/strong><\/h3>\n<p>Quer ficar por dentro de tudo que acontece em Ribeir\u00e3o Preto e regi\u00e3o? Ent\u00e3o siga os perfis do\u202facidade on\u202fno\u202f<a href=\"https:\/\/www.instagram.com\/acidadeonribeirao\" target=\"_blank\" rel=\"noreferrer noopener\">Instagram<\/a>\u202fe no\u202f<a href=\"https:\/\/www.facebook.com\/acidadeonribeirao\/\" target=\"_blank\" rel=\"noreferrer noopener\">Facebook<\/a>.<\/p>\n<p>Al\u00e9m disso, voc\u00ea pode receber as principais not\u00edcias diretamente no WhatsApp. Para isso, basta\u00a0<a href=\"https:\/\/chat.whatsapp.com\/BjKQZ9oJwlz8VVT50NuePq\" target=\"_blank\" rel=\"noreferrer noopener\">entrar no grupo clicando aqui<\/a>.<\/p>\n<p>Por fim, se quiser fazer uma den\u00fancia ou sugerir uma reportagem sobre Ribeir\u00e3o Preto e regi\u00e3o, envie uma mensagem pelo WhatsApp: (16) 99117-7802.<\/p>\n<p>VEJA TAMB\u00c9M<br \/>Quando ser\u00e1 lan\u00e7ado o novo \u00e1lbum da Taylor Swift?<\/p>\n<p><!-- AI CONTENT END 1 -->\n<\/div>\n<p><script async src=\"\/\/www.instagram.com\/embed.js\"><\/script><br \/>\n<br \/><br \/>\n<br \/><a href=\"https:\/\/www.acidadeon.com\/ribeiraopreto\/cotidiano\/multinacional-abre-inscricoes-para-programa-de-trainee-com-vagas-em-ribeirao-preto\/\">Source link <\/a><\/p>\n<!-- CONTENT END 1 -->\n","protected":false},"excerpt":{"rendered":"<p>A Nestl\u00e9, considerada a empresa de alimentos e bebidas do mundo, abriu inscri\u00e7\u00f5es para o Programa de Trainee 2026, que incluem vagas em Ribeir\u00e3o Preto&#8230;.<\/p>\n","protected":false},"author":1,"featured_media":75625,"comment_status":"open","ping_status":"open","sticky":false,"template":"","format":"standard","meta":{"advanced_seo_description":"","jetpack_seo_html_title":"","jetpack_seo_noindex":false,"jetpack_post_was_ever_published":false,"_jetpack_newsletter_access":"","_jetpack_dont_email_post_to_subs":false,"_jetpack_newsletter_tier_id":0,"_jetpack_memberships_contains_paywalled_content":false,"_jetpack_memberships_contains_paid_content":false,"footnotes":"","jetpack_publicize_message":"","jetpack_publicize_feature_enabled":true,"jetpack_social_post_already_shared":true,"jetpack_social_options":{"image_generator_settings":{"template":"highway","default_image_id":0,"font":"","enabled":false},"version":2}},"categories":[11],"tags":[],"class_list":["post-75624","post","type-post","status-publish","format-standard","has-post-thumbnail","hentry","category-noticias-de-ribeirao-preto-sp-e-regiao-ismael-colosi"],"jetpack_publicize_connections":[],"jetpack_featured_media_url":"https:\/\/i0.wp.com\/noticiasribeiraopreto.com.br\/wp-content\/uploads\/2025\/08\/Copia-de-Copia-de-Copia-de-TAMANHO-EXATO-PARA-FOTOS-NO-SISTEMA-NOVO-2025-08-12T181912.786_2025-08-12_21-19-26.webp.webp?fit=1200%2C675&ssl=1","jetpack-related-posts":[{"id":58187,"url":"https:\/\/noticiasribeiraopreto.com.br\/index.php\/2024\/09\/20\/multinacional-oferece-vagas-de-estagio-e-trainee-na-regiao-de-ribeirao-preto\/","url_meta":{"origin":75624,"position":0},"title":"Multinacional oferece vagas de est\u00e1gio e trainee na regi\u00e3o de Ribeir\u00e3o Preto","author":"noticiasribeiraopreto.com.br","date":"20 de September de 2024","format":false,"excerpt":"A Sylvamo, empresa multinacional produtora de papel com unidade em Luiz Ant\u00f4nio, na regi\u00e3o de Ribeir\u00e3o Preto, est\u00e1 com inscri\u00e7\u00f5es abertas para o seu programa de est\u00e1gio e trainee 2025. No total, s\u00e3o oferecidas 35 vagas. Em Luiz Ant\u00f4nio, h\u00e1 vagas de est\u00e1gio nos cursos de engenharia mec\u00e2nica, engenharia qu\u00edmica\u2026","rel":"","context":"In &quot;Not\u00edcias de Ribeir\u00e3o Preto-SP e Regi\u00e3o&quot;","block_context":{"text":"Not\u00edcias de Ribeir\u00e3o Preto-SP e Regi\u00e3o","link":"https:\/\/noticiasribeiraopreto.com.br\/index.php\/category\/noticias-de-ribeirao-preto-sp-e-regiao-ismael-colosi\/"},"img":{"alt_text":"","src":"https:\/\/i0.wp.com\/noticiasribeiraopreto.com.br\/wp-content\/uploads\/2024\/09\/Copia-de-Copia-de-TAMANHO-EXATO-PARA-FOTOS-NO-SISTEMA-NOVO-16_2024-07-23_19-27-06_jpg_2024-07-23_19-27-07.webp.webp?fit=1200%2C675&ssl=1&resize=350%2C200","width":350,"height":200,"srcset":"https:\/\/i0.wp.com\/noticiasribeiraopreto.com.br\/wp-content\/uploads\/2024\/09\/Copia-de-Copia-de-TAMANHO-EXATO-PARA-FOTOS-NO-SISTEMA-NOVO-16_2024-07-23_19-27-06_jpg_2024-07-23_19-27-07.webp.webp?fit=1200%2C675&ssl=1&resize=350%2C200 1x, https:\/\/i0.wp.com\/noticiasribeiraopreto.com.br\/wp-content\/uploads\/2024\/09\/Copia-de-Copia-de-TAMANHO-EXATO-PARA-FOTOS-NO-SISTEMA-NOVO-16_2024-07-23_19-27-06_jpg_2024-07-23_19-27-07.webp.webp?fit=1200%2C675&ssl=1&resize=525%2C300 1.5x, https:\/\/i0.wp.com\/noticiasribeiraopreto.com.br\/wp-content\/uploads\/2024\/09\/Copia-de-Copia-de-TAMANHO-EXATO-PARA-FOTOS-NO-SISTEMA-NOVO-16_2024-07-23_19-27-06_jpg_2024-07-23_19-27-07.webp.webp?fit=1200%2C675&ssl=1&resize=700%2C400 2x, https:\/\/i0.wp.com\/noticiasribeiraopreto.com.br\/wp-content\/uploads\/2024\/09\/Copia-de-Copia-de-TAMANHO-EXATO-PARA-FOTOS-NO-SISTEMA-NOVO-16_2024-07-23_19-27-06_jpg_2024-07-23_19-27-07.webp.webp?fit=1200%2C675&ssl=1&resize=1050%2C600 3x"},"classes":[]},{"id":58191,"url":"https:\/\/noticiasribeiraopreto.com.br\/index.php\/2024\/09\/20\/multinacional-oferece-vagas-de-estagio-e-trainee-na-regiao-de-ribeirao-preto-2\/","url_meta":{"origin":75624,"position":1},"title":"Multinacional oferece vagas de est\u00e1gio e trainee na regi\u00e3o de Ribeir\u00e3o Preto","author":"noticiasribeiraopreto.com.br","date":"20 de September de 2024","format":false,"excerpt":"A Sylvamo, empresa multinacional produtora de papel com unidade em Luiz Ant\u00f4nio, na regi\u00e3o de Ribeir\u00e3o Preto, est\u00e1 com inscri\u00e7\u00f5es abertas para o seu programa de est\u00e1gio e trainee 2025. No total, s\u00e3o oferecidas 35 vagas. Em Luiz Ant\u00f4nio, h\u00e1 vagas de est\u00e1gio nos cursos de engenharia mec\u00e2nica, engenharia qu\u00edmica\u2026","rel":"","context":"In &quot;Not\u00edcias de Ribeir\u00e3o Preto-SP e Regi\u00e3o&quot;","block_context":{"text":"Not\u00edcias de Ribeir\u00e3o Preto-SP e Regi\u00e3o","link":"https:\/\/noticiasribeiraopreto.com.br\/index.php\/category\/noticias-de-ribeirao-preto-sp-e-regiao-ismael-colosi\/"},"img":{"alt_text":"","src":"https:\/\/i0.wp.com\/noticiasribeiraopreto.com.br\/wp-content\/uploads\/2024\/09\/Copia-de-Copia-de-TAMANHO-EXATO-PARA-FOTOS-NO-SISTEMA-NOVO-16_2024-07-23_19-27-06_jpg_2024-07-23_19-27-07.webp.webp?fit=1200%2C675&ssl=1&resize=350%2C200","width":350,"height":200,"srcset":"https:\/\/i0.wp.com\/noticiasribeiraopreto.com.br\/wp-content\/uploads\/2024\/09\/Copia-de-Copia-de-TAMANHO-EXATO-PARA-FOTOS-NO-SISTEMA-NOVO-16_2024-07-23_19-27-06_jpg_2024-07-23_19-27-07.webp.webp?fit=1200%2C675&ssl=1&resize=350%2C200 1x, https:\/\/i0.wp.com\/noticiasribeiraopreto.com.br\/wp-content\/uploads\/2024\/09\/Copia-de-Copia-de-TAMANHO-EXATO-PARA-FOTOS-NO-SISTEMA-NOVO-16_2024-07-23_19-27-06_jpg_2024-07-23_19-27-07.webp.webp?fit=1200%2C675&ssl=1&resize=525%2C300 1.5x, https:\/\/i0.wp.com\/noticiasribeiraopreto.com.br\/wp-content\/uploads\/2024\/09\/Copia-de-Copia-de-TAMANHO-EXATO-PARA-FOTOS-NO-SISTEMA-NOVO-16_2024-07-23_19-27-06_jpg_2024-07-23_19-27-07.webp.webp?fit=1200%2C675&ssl=1&resize=700%2C400 2x, https:\/\/i0.wp.com\/noticiasribeiraopreto.com.br\/wp-content\/uploads\/2024\/09\/Copia-de-Copia-de-TAMANHO-EXATO-PARA-FOTOS-NO-SISTEMA-NOVO-16_2024-07-23_19-27-06_jpg_2024-07-23_19-27-07.webp.webp?fit=1200%2C675&ssl=1&resize=1050%2C600 3x"},"classes":[]},{"id":58180,"url":"https:\/\/noticiasribeiraopreto.com.br\/index.php\/2024\/09\/20\/multinacional-oferece-vagas-em-programa-de-trainee-veja-como-participar\/","url_meta":{"origin":75624,"position":2},"title":"Multinacional oferece vagas em programa de trainee; Veja como participar","author":"noticiasribeiraopreto.com.br","date":"20 de September de 2024","format":false,"excerpt":"A Multinacional Nestl\u00e9 est\u00e1 com vagas abertas para o seu programa de trainee 2025, inclusive em Ribeir\u00e3o Preto. Podem participar pessoas com forma\u00e7\u00e3o entre dezembro de 2020 e dezembro de 2024, em qualquer curso de gradua\u00e7\u00e3o reconhecido pelo MEC (Minist\u00e9rio da Educa\u00e7\u00e3o) \u2013 bacharelado, licenciatura ou tecn\u00f3logo. As inscri\u00e7\u00f5es devem\u2026","rel":"","context":"In &quot;Not\u00edcias de Ribeir\u00e3o Preto-SP e Regi\u00e3o&quot;","block_context":{"text":"Not\u00edcias de Ribeir\u00e3o Preto-SP e Regi\u00e3o","link":"https:\/\/noticiasribeiraopreto.com.br\/index.php\/category\/noticias-de-ribeirao-preto-sp-e-regiao-ismael-colosi\/"},"img":{"alt_text":"","src":"https:\/\/i0.wp.com\/noticiasribeiraopreto.com.br\/wp-content\/uploads\/2024\/08\/Copia-de-Copia-de-TAMANHO-EXATO-PARA-FOTOS-NO-SISTEMA-NOVO-6_2024-06-11_13-40-15_jpg_2024-06-11_13-40-15.webp.webp?fit=1200%2C675&ssl=1&resize=350%2C200","width":350,"height":200,"srcset":"https:\/\/i0.wp.com\/noticiasribeiraopreto.com.br\/wp-content\/uploads\/2024\/08\/Copia-de-Copia-de-TAMANHO-EXATO-PARA-FOTOS-NO-SISTEMA-NOVO-6_2024-06-11_13-40-15_jpg_2024-06-11_13-40-15.webp.webp?fit=1200%2C675&ssl=1&resize=350%2C200 1x, https:\/\/i0.wp.com\/noticiasribeiraopreto.com.br\/wp-content\/uploads\/2024\/08\/Copia-de-Copia-de-TAMANHO-EXATO-PARA-FOTOS-NO-SISTEMA-NOVO-6_2024-06-11_13-40-15_jpg_2024-06-11_13-40-15.webp.webp?fit=1200%2C675&ssl=1&resize=525%2C300 1.5x, https:\/\/i0.wp.com\/noticiasribeiraopreto.com.br\/wp-content\/uploads\/2024\/08\/Copia-de-Copia-de-TAMANHO-EXATO-PARA-FOTOS-NO-SISTEMA-NOVO-6_2024-06-11_13-40-15_jpg_2024-06-11_13-40-15.webp.webp?fit=1200%2C675&ssl=1&resize=700%2C400 2x, https:\/\/i0.wp.com\/noticiasribeiraopreto.com.br\/wp-content\/uploads\/2024\/08\/Copia-de-Copia-de-TAMANHO-EXATO-PARA-FOTOS-NO-SISTEMA-NOVO-6_2024-06-11_13-40-15_jpg_2024-06-11_13-40-15.webp.webp?fit=1200%2C675&ssl=1&resize=1050%2C600 3x"},"classes":[]},{"id":18313,"url":"https:\/\/noticiasribeiraopreto.com.br\/index.php\/2023\/12\/20\/mondelez-honda-minerva-foods-e-outras-empresas-oferecem-mais-de-6-mil-vagas-de-emprego-2\/","url_meta":{"origin":75624,"position":3},"title":"Mondelez, Honda, Minerva Foods e outras empresas oferecem mais de 6 mil vagas de emprego","author":"noticiasribeiraopreto.com.br","date":"20 de December de 2023","format":false,"excerpt":"Na \u00faltima ter\u00e7a-feira (19), diversas empresas renomadas divulgaram a abertura de processos seletivos, com vagas em todo o Brasil. O JC Concursos fez um compilado das principais sele\u00e7\u00f5es publicadas, com destaque para Mondelez, PPG, Honda, Akad Seguros, Minerva Foods, Portal de Empregos e Youse.\u00a0 Confira as oportunidades abaixo e n\u00e3o\u2026","rel":"","context":"In &quot;Vagas de Emprego em Ribeir\u00e3o Preto-SP&quot;","block_context":{"text":"Vagas de Emprego em Ribeir\u00e3o Preto-SP","link":"https:\/\/noticiasribeiraopreto.com.br\/index.php\/category\/empregos-classificados-vagas-trabalho\/vagas-de-empregos-em-ribeirao-preto-regiao-brasil\/"},"img":{"alt_text":"","src":"https:\/\/i0.wp.com\/noticiasribeiraopreto.com.br\/wp-content\/uploads\/2023\/12\/movile_vagas_de_emprego_divulgacao.jpg?fit=1200%2C675&ssl=1&resize=350%2C200","width":350,"height":200,"srcset":"https:\/\/i0.wp.com\/noticiasribeiraopreto.com.br\/wp-content\/uploads\/2023\/12\/movile_vagas_de_emprego_divulgacao.jpg?fit=1200%2C675&ssl=1&resize=350%2C200 1x, https:\/\/i0.wp.com\/noticiasribeiraopreto.com.br\/wp-content\/uploads\/2023\/12\/movile_vagas_de_emprego_divulgacao.jpg?fit=1200%2C675&ssl=1&resize=525%2C300 1.5x, https:\/\/i0.wp.com\/noticiasribeiraopreto.com.br\/wp-content\/uploads\/2023\/12\/movile_vagas_de_emprego_divulgacao.jpg?fit=1200%2C675&ssl=1&resize=700%2C400 2x, https:\/\/i0.wp.com\/noticiasribeiraopreto.com.br\/wp-content\/uploads\/2023\/12\/movile_vagas_de_emprego_divulgacao.jpg?fit=1200%2C675&ssl=1&resize=1050%2C600 3x"},"classes":[]},{"id":12860,"url":"https:\/\/noticiasribeiraopreto.com.br\/index.php\/2023\/12\/08\/processo-seletivo-na-adm-abre-10-vagas-de-trainee-para-recem-formados-em-engenharias\/","url_meta":{"origin":75624,"position":4},"title":"Processo seletivo na ADM abre 10 vagas de trainee para rec\u00e9m-formados em Engenharias","author":"noticiasribeiraopreto.com.br","date":"8 de December de 2023","format":false,"excerpt":"O Trilhando o futuro \u2013 Programa de Trainee ADM (Archer Daniels Midland) do Brasil 2024 \u00e9 uma oportunidade para rec\u00e9m-formados em Engenharias, preferencialmente El\u00e9trica, Qu\u00edmica e Mec\u00e2nica, que tenham conclu\u00eddo a gradua\u00e7\u00e3o entre 2021 e dezembro de 2023, desenvolverem suas compet\u00eancias e habilidades em um ambiente desafiador e din\u00e2mico. S\u00e3o\u2026","rel":"","context":"In &quot;Vagas de Emprego em Ribeir\u00e3o Preto-SP&quot;","block_context":{"text":"Vagas de Emprego em Ribeir\u00e3o Preto-SP","link":"https:\/\/noticiasribeiraopreto.com.br\/index.php\/category\/empregos-classificados-vagas-trabalho\/vagas-de-empregos-em-ribeirao-preto-regiao-brasil\/"},"img":{"alt_text":"","src":"https:\/\/i0.wp.com\/noticiasribeiraopreto.com.br\/wp-content\/uploads\/2023\/12\/adm.jpg?fit=1200%2C675&ssl=1&resize=350%2C200","width":350,"height":200,"srcset":"https:\/\/i0.wp.com\/noticiasribeiraopreto.com.br\/wp-content\/uploads\/2023\/12\/adm.jpg?fit=1200%2C675&ssl=1&resize=350%2C200 1x, https:\/\/i0.wp.com\/noticiasribeiraopreto.com.br\/wp-content\/uploads\/2023\/12\/adm.jpg?fit=1200%2C675&ssl=1&resize=525%2C300 1.5x, https:\/\/i0.wp.com\/noticiasribeiraopreto.com.br\/wp-content\/uploads\/2023\/12\/adm.jpg?fit=1200%2C675&ssl=1&resize=700%2C400 2x, https:\/\/i0.wp.com\/noticiasribeiraopreto.com.br\/wp-content\/uploads\/2023\/12\/adm.jpg?fit=1200%2C675&ssl=1&resize=1050%2C600 3x"},"classes":[]},{"id":13737,"url":"https:\/\/noticiasribeiraopreto.com.br\/index.php\/2023\/12\/11\/inscricoes-abertas-no-programa-de-trainee-bp-bunge-bioenergia-2024\/","url_meta":{"origin":75624,"position":5},"title":"Inscri\u00e7\u00f5es abertas no Programa de Trainee BP Bunge Bioenergia 2024","author":"noticiasribeiraopreto.com.br","date":"11 de December de 2023","format":false,"excerpt":"Foto: Canva A BP Bunge Bioenergia, refer\u00eancia no setor de bioenergia e l\u00edder na transi\u00e7\u00e3o energ\u00e9tica, anuncia a abertura das inscri\u00e7\u00f5es para o seu Programa de Trainee, com prazo estendido at\u00e9 22 de janeiro de 2024. Reconhecida por seu papel crucial na alimenta\u00e7\u00e3o global atrav\u00e9s da produ\u00e7\u00e3o de a\u00e7\u00facar brasileiro,\u2026","rel":"","context":"In &quot;Vagas de Emprego em Ribeir\u00e3o Preto-SP&quot;","block_context":{"text":"Vagas de Emprego em Ribeir\u00e3o Preto-SP","link":"https:\/\/noticiasribeiraopreto.com.br\/index.php\/category\/empregos-classificados-vagas-trabalho\/vagas-de-empregos-em-ribeirao-preto-regiao-brasil\/"},"img":{"alt_text":"","src":"https:\/\/i0.wp.com\/noticiasribeiraopreto.com.br\/wp-content\/uploads\/2023\/12\/inscricoes-abertas-no-programa-de-trainee-bp-bunge-bioenergia-2024-830x450.png?fit=830%2C450&ssl=1&resize=350%2C200","width":350,"height":200,"srcset":"https:\/\/i0.wp.com\/noticiasribeiraopreto.com.br\/wp-content\/uploads\/2023\/12\/inscricoes-abertas-no-programa-de-trainee-bp-bunge-bioenergia-2024-830x450.png?fit=830%2C450&ssl=1&resize=350%2C200 1x, https:\/\/i0.wp.com\/noticiasribeiraopreto.com.br\/wp-content\/uploads\/2023\/12\/inscricoes-abertas-no-programa-de-trainee-bp-bunge-bioenergia-2024-830x450.png?fit=830%2C450&ssl=1&resize=525%2C300 1.5x, https:\/\/i0.wp.com\/noticiasribeiraopreto.com.br\/wp-content\/uploads\/2023\/12\/inscricoes-abertas-no-programa-de-trainee-bp-bunge-bioenergia-2024-830x450.png?fit=830%2C450&ssl=1&resize=700%2C400 2x"},"classes":[]}],"jetpack_sharing_enabled":true,"jetpack_shortlink":"https:\/\/wp.me\/peQAOb-jFK","_links":{"self":[{"href":"https:\/\/noticiasribeiraopreto.com.br\/index.php\/wp-json\/wp\/v2\/posts\/75624","targetHints":{"allow":["GET"]}}],"collection":[{"href":"https:\/\/noticiasribeiraopreto.com.br\/index.php\/wp-json\/wp\/v2\/posts"}],"about":[{"href":"https:\/\/noticiasribeiraopreto.com.br\/index.php\/wp-json\/wp\/v2\/types\/post"}],"author":[{"embeddable":true,"href":"https:\/\/noticiasribeiraopreto.com.br\/index.php\/wp-json\/wp\/v2\/users\/1"}],"replies":[{"embeddable":true,"href":"https:\/\/noticiasribeiraopreto.com.br\/index.php\/wp-json\/wp\/v2\/comments?post=75624"}],"version-history":[{"count":0,"href":"https:\/\/noticiasribeiraopreto.com.br\/index.php\/wp-json\/wp\/v2\/posts\/75624\/revisions"}],"wp:featuredmedia":[{"embeddable":true,"href":"https:\/\/noticiasribeiraopreto.com.br\/index.php\/wp-json\/wp\/v2\/media\/75625"}],"wp:attachment":[{"href":"https:\/\/noticiasribeiraopreto.com.br\/index.php\/wp-json\/wp\/v2\/media?parent=75624"}],"wp:term":[{"taxonomy":"category","embeddable":true,"href":"https:\/\/noticiasribeiraopreto.com.br\/index.php\/wp-json\/wp\/v2\/categories?post=75624"},{"taxonomy":"post_tag","embeddable":true,"href":"https:\/\/noticiasribeiraopreto.com.br\/index.php\/wp-json\/wp\/v2\/tags?post=75624"}],"curies":[{"name":"wp","href":"https:\/\/api.w.org\/{rel}","templated":true}]}}