{"id":75626,"date":"2025-08-12T18:45:43","date_gmt":"2025-08-12T21:45:43","guid":{"rendered":"https:\/\/noticiasribeiraopreto.com.br\/index.php\/2025\/08\/12\/ministro-confirma-pacote-contra-tarifaco-durante-visita-a-fenasucro-em-sertaozinho\/"},"modified":"2025-08-12T18:45:43","modified_gmt":"2025-08-12T21:45:43","slug":"ministro-confirma-pacote-contra-tarifaco-durante-visita-a-fenasucro-em-sertaozinho","status":"publish","type":"post","link":"https:\/\/noticiasribeiraopreto.com.br\/index.php\/2025\/08\/12\/ministro-confirma-pacote-contra-tarifaco-durante-visita-a-fenasucro-em-sertaozinho\/","title":{"rendered":"Ministro confirma pacote contra tarifa\u00e7o durante visita \u00e0 Fenasucro, em Sert\u00e3ozinho"},"content":{"rendered":"<div class='code-block code-block-1' style='margin: 8px 0 8px auto; text-align: right; display: block; clear: both;'>\n<p><a href=\"https:\/\/wa.link\/vpicfd\"><img data-recalc-dims=\"1\" class=\"wp-image-4922\" style=\"aspect-ratio: 2.0253164556962027; width: 561px; height: auto;\" src=\"https:\/\/i0.wp.com\/ismaelcolosi.com.br\/wp-content\/uploads\/2023\/11\/grupo-de-empregos-whatsapp-e-facebook-ismael-colosi-vagas.jpg?ssl=1\" alt=\"\" \/><\/a><\/p>\n<!-- \/wp:image -->\n<\/div>\n<p> <br \/>\n<\/p>\n<div>\n<p>Durante participa\u00e7\u00e3o na <strong>Fenasucro &amp; Agrocana<\/strong>, realizada nesta ter\u00e7a-feira (12), em Sert\u00e3ozinho, na regi\u00e3o de Ribeir\u00e3o Preto, o <strong>ministro do Empreendedorismo<\/strong>, da <strong>Microempresa e da Empresa de Pequeno Porte<\/strong>, <strong>M\u00e1rcio Fran\u00e7a<\/strong> (PSB), afirmou que o presidente Luiz In\u00e1cio Lula da Silva (PT)<strong> deve assinar ainda hoje um pacote de prote\u00e7\u00e3o contra o tarifa\u00e7o.<\/strong><\/p>\n<p>A medida visa apoiar pequenos produtores e empreendedores afetados pelos recentes aumentos tarif\u00e1rios, especialmente no setor de alimentos.<\/p>\n<p>De acordo com o ministro, o pacote incluir\u00e1 <strong>financiamento facilitado<\/strong>, <strong>subs\u00eddios governamentais<\/strong> e a <strong>compra p\u00fablica direta de produtos<\/strong>, com prioridade para itens como frutas, pescados e mel, provenientes principalmente das regi\u00f5es Norte e Nordeste.<\/p>\n<p>Segundo o ministro, a proposta segue o modelo adotado em situa\u00e7\u00f5es de emerg\u00eancia, como no Rio Grande do Sul:<\/p>\n<figure class=\"wp-block-pullquote\">\n<blockquote>\n<p>\u201cSubs\u00eddio, financiamento, que nem a gente fez no Rio Grande do Sul, e, por fim, compra p\u00fablica, compra p\u00fablica direta, para voc\u00ea colocar na merenda escolar, enfim, nos pres\u00eddios, em alguns lugares, para as pessoas n\u00e3o perderem.<\/p>\n<p><cite>afirma M\u00e1rcio Fran\u00e7a<\/cite><\/p><\/blockquote>\n<\/figure>\n<p>O pacote emergencial dever\u00e1 garantir <strong>cerca de 60 dias de al\u00edvio<\/strong> para os pequenos produtores mais vulner\u00e1veis aos impactos do tarifa\u00e7o, enquanto o governo federal busca uma solu\u00e7\u00e3o mais duradoura no cen\u00e1rio internacional.<\/p>\n<h3 class=\"wp-block-heading\"><strong>Fenasucro &amp; Agrocana<\/strong><\/h3>\n<p>Come\u00e7ou nesta ter\u00e7a-feira (12) e segue at\u00e9 15 de agosto a\u00a0<a href=\"https:\/\/www.fenasucro.com.br\/\" target=\"_blank\" rel=\"noreferrer noopener\">Fenasucro &amp; Agrocana<\/a>, em\u00a0<strong>Sert\u00e3ozinho<\/strong>, na regi\u00e3o de\u00a0<strong>Ribeir\u00e3o Preto<\/strong>. Para participar, o credenciamento \u00e9 gratuito e pode ser feito pelo site oficial do evento (<a href=\"https:\/\/www.fenasucro.com.br\/pt-br\/credenciamento.html\" target=\"_blank\" rel=\"noreferrer noopener\">clique aqui<\/a>).<\/p>\n<p>Tamb\u00e9m pela internet, podem ser adquiridos os ingressos para a programa\u00e7\u00e3o de conte\u00fado da FenaBio, espa\u00e7o de confer\u00eancias da feira.\u00a0A <strong>Fenasucro &amp; Agrocana <\/strong>acontece no Centro de Eventos Zanini, que fica na Marginal Jo\u00e3o Ol\u00e9zio Marques, 3.563, na Ch\u00e1cara Recreio Planalto, em Sert\u00e3ozinho.<\/p>\n<hr class=\"wp-block-separator has-alpha-channel-opacity\"\/>\n<p>SAIBA MAIS<br \/>Estudante de Ribeir\u00e3o Preto lan\u00e7a livro sobre preven\u00e7\u00e3o de afogamentos infantis<\/p>\n<h3 class=\"wp-block-heading\"><strong>FIQUE ON\u00a0\u00a0\u00a0\u00a0\u00a0\u00a0\u00a0\u00a0\u00a0<\/strong><\/h3>\n<p>Quer ficar por dentro de tudo que acontece em Ribeir\u00e3o Preto e regi\u00e3o? Ent\u00e3o siga os perfis do\u202facidade on\u202fno\u202f<a href=\"https:\/\/www.instagram.com\/acidadeonribeirao\" target=\"_blank\" rel=\"noreferrer noopener\">Instagram<\/a>\u202fe no\u202f<a href=\"https:\/\/www.facebook.com\/acidadeonribeirao\/\" target=\"_blank\" rel=\"noreferrer noopener\">Facebook<\/a>.<\/p>\n<p>Al\u00e9m disso, voc\u00ea pode receber as principais not\u00edcias diretamente no WhatsApp. Para isso, basta\u00a0<a href=\"https:\/\/chat.whatsapp.com\/BjKQZ9oJwlz8VVT50NuePq\" target=\"_blank\" rel=\"noreferrer noopener\">entrar no grupo clicando aqui<\/a>.<\/p>\n<p>Por fim, se quiser fazer uma den\u00fancia ou sugerir uma reportagem sobre Ribeir\u00e3o Preto e regi\u00e3o, envie uma mensagem pelo WhatsApp: (16) 99117-7802.<\/p>\n<p>VEJA TAMB\u00c9M<br \/>Quando ser\u00e1 lan\u00e7ado o novo \u00e1lbum da Taylor Swift?<\/p>\n<p><!-- AI CONTENT END 1 -->\n<\/div>\n<p><script async src=\"\/\/www.instagram.com\/embed.js\"><\/script><br \/>\n<br \/><br \/>\n<br \/><a href=\"https:\/\/www.acidadeon.com\/ribeiraopreto\/economia\/ministro-confirma-pacote-contra-tarifaco-durante-visita-a-fenasucro-em-sertaozinho\/\">Source link <\/a><\/p>\n<!-- CONTENT END 1 -->\n","protected":false},"excerpt":{"rendered":"<p>Durante participa\u00e7\u00e3o na Fenasucro &amp; Agrocana, realizada nesta ter\u00e7a-feira (12), em Sert\u00e3ozinho, na regi\u00e3o de Ribeir\u00e3o Preto, o ministro do Empreendedorismo, da Microempresa e da&#8230;<\/p>\n","protected":false},"author":1,"featured_media":75627,"comment_status":"open","ping_status":"open","sticky":false,"template":"","format":"standard","meta":{"advanced_seo_description":"","jetpack_seo_html_title":"","jetpack_seo_noindex":false,"jetpack_post_was_ever_published":false,"_jetpack_newsletter_access":"","_jetpack_dont_email_post_to_subs":false,"_jetpack_newsletter_tier_id":0,"_jetpack_memberships_contains_paywalled_content":false,"_jetpack_memberships_contains_paid_content":false,"footnotes":"","jetpack_publicize_message":"","jetpack_publicize_feature_enabled":true,"jetpack_social_post_already_shared":true,"jetpack_social_options":{"image_generator_settings":{"template":"highway","default_image_id":0,"font":"","enabled":false},"version":2}},"categories":[11],"tags":[],"class_list":["post-75626","post","type-post","status-publish","format-standard","has-post-thumbnail","hentry","category-noticias-de-ribeirao-preto-sp-e-regiao-ismael-colosi"],"jetpack_publicize_connections":[],"jetpack_featured_media_url":"https:\/\/i0.wp.com\/noticiasribeiraopreto.com.br\/wp-content\/uploads\/2025\/08\/Imagem-do-WhatsApp-de-2025-08-12-as-15.41.41_5f5bdc16_2025-08-12_20-10-42.webp.webp?fit=1200%2C675&ssl=1","jetpack-related-posts":[{"id":75790,"url":"https:\/\/noticiasribeiraopreto.com.br\/index.php\/2025\/08\/15\/veja-o-que-ex-ministro-da-fazenda-disse-sobre-o-potencial-do-brasil-durante-a-fenasucro\/","url_meta":{"origin":75626,"position":0},"title":"Veja o que ex-ministro da Fazenda disse sobre o potencial do Brasil durante a Fenasucro","author":"noticiasribeiraopreto.com.br","date":"15 de August de 2025","format":false,"excerpt":"O ex-ministro da Fazenda e ex-presidente do BNDES Joaquim Levy participou de um painel para discutir \u201cA nova geopol\u00edtica e as perspectivas para as bioenergias\u201d, durante a Fenasucro & Agrocana, em Sert\u00e3ozinho, na regi\u00e3o de Ribeir\u00e3o Preto, na \u00faltima quinta-feira (14). Em sua fala, o ex-ministro afirmou que o pa\u00eds\u2026","rel":"","context":"In &quot;Not\u00edcias de Ribeir\u00e3o Preto-SP e Regi\u00e3o&quot;","block_context":{"text":"Not\u00edcias de Ribeir\u00e3o Preto-SP e Regi\u00e3o","link":"https:\/\/noticiasribeiraopreto.com.br\/index.php\/category\/noticias-de-ribeirao-preto-sp-e-regiao-ismael-colosi\/"},"img":{"alt_text":"","src":"https:\/\/i0.wp.com\/noticiasribeiraopreto.com.br\/wp-content\/uploads\/2025\/08\/joaquim-levy_2025-08-15_12-49-24.webp.webp?fit=1020%2C509&ssl=1&resize=350%2C200","width":350,"height":200,"srcset":"https:\/\/i0.wp.com\/noticiasribeiraopreto.com.br\/wp-content\/uploads\/2025\/08\/joaquim-levy_2025-08-15_12-49-24.webp.webp?fit=1020%2C509&ssl=1&resize=350%2C200 1x, https:\/\/i0.wp.com\/noticiasribeiraopreto.com.br\/wp-content\/uploads\/2025\/08\/joaquim-levy_2025-08-15_12-49-24.webp.webp?fit=1020%2C509&ssl=1&resize=525%2C300 1.5x, https:\/\/i0.wp.com\/noticiasribeiraopreto.com.br\/wp-content\/uploads\/2025\/08\/joaquim-levy_2025-08-15_12-49-24.webp.webp?fit=1020%2C509&ssl=1&resize=700%2C400 2x"},"classes":[]},{"id":75621,"url":"https:\/\/noticiasribeiraopreto.com.br\/index.php\/2025\/08\/12\/alckmin-tambem-cancela-participacao-em-abertura-de-feira-na-regiao-de-ribeirao\/","url_meta":{"origin":75626,"position":1},"title":"Alckmin tamb\u00e9m cancela participa\u00e7\u00e3o em abertura de feira na regi\u00e3o de Ribeir\u00e3o","author":"noticiasribeiraopreto.com.br","date":"12 de August de 2025","format":false,"excerpt":"Ap\u00f3s o governador Tarc\u00edsio de Freitas (REP), o vice-presidente Geraldo Alckmin (PSB), tamb\u00e9m cancelou a presen\u00e7a na abertura da Fenasucro & Agrocana, que acontece nesta ter\u00e7a-feira (12), em Sert\u00e3ozinho, na regi\u00e3o de Ribeir\u00e3o Preto. A informa\u00e7\u00e3o foi confirmada pela assessoria da feira no in\u00edcio da tarde. Ainda n\u00e3o h\u00e1 informa\u00e7\u00f5es\u2026","rel":"","context":"In &quot;Not\u00edcias de Ribeir\u00e3o Preto-SP e Regi\u00e3o&quot;","block_context":{"text":"Not\u00edcias de Ribeir\u00e3o Preto-SP e Regi\u00e3o","link":"https:\/\/noticiasribeiraopreto.com.br\/index.php\/category\/noticias-de-ribeirao-preto-sp-e-regiao-ismael-colosi\/"},"img":{"alt_text":"","src":"https:\/\/i0.wp.com\/noticiasribeiraopreto.com.br\/wp-content\/uploads\/2025\/08\/alckmin_2025-08-12_16-03-31.webp.webp?fit=1170%2C700&ssl=1&resize=350%2C200","width":350,"height":200,"srcset":"https:\/\/i0.wp.com\/noticiasribeiraopreto.com.br\/wp-content\/uploads\/2025\/08\/alckmin_2025-08-12_16-03-31.webp.webp?fit=1170%2C700&ssl=1&resize=350%2C200 1x, https:\/\/i0.wp.com\/noticiasribeiraopreto.com.br\/wp-content\/uploads\/2025\/08\/alckmin_2025-08-12_16-03-31.webp.webp?fit=1170%2C700&ssl=1&resize=525%2C300 1.5x, https:\/\/i0.wp.com\/noticiasribeiraopreto.com.br\/wp-content\/uploads\/2025\/08\/alckmin_2025-08-12_16-03-31.webp.webp?fit=1170%2C700&ssl=1&resize=700%2C400 2x, https:\/\/i0.wp.com\/noticiasribeiraopreto.com.br\/wp-content\/uploads\/2025\/08\/alckmin_2025-08-12_16-03-31.webp.webp?fit=1170%2C700&ssl=1&resize=1050%2C600 3x"},"classes":[]},{"id":75282,"url":"https:\/\/noticiasribeiraopreto.com.br\/index.php\/2025\/08\/06\/haddad-entrega-hoje-a-lula-plano-contra-efeitos-do-tarifaco-dos-eua\/","url_meta":{"origin":75626,"position":2},"title":"Haddad entrega hoje a Lula plano contra efeitos do tarifa\u00e7o dos EUA","author":"noticiasribeiraopreto.com.br","date":"6 de August de 2025","format":false,"excerpt":"O texto da medida provis\u00f3ria (MP) com as a\u00e7\u00f5es planejadas pelo governo federal, em resposta ao tarifa\u00e7o imposto pelo presidente dos Estados Unidos (EUA), Donald Trump, contra os produtos com origem no Brasil, ser\u00e1 enviado ao Pal\u00e1cio do Planalto pelo Minist\u00e9rio da Fazenda ainda nesta quarta-feira (6). \u201cSer\u00e1 um plano\u2026","rel":"","context":"In &quot;Not\u00edcias de Ribeir\u00e3o Preto-SP e Regi\u00e3o&quot;","block_context":{"text":"Not\u00edcias de Ribeir\u00e3o Preto-SP e Regi\u00e3o","link":"https:\/\/noticiasribeiraopreto.com.br\/index.php\/category\/noticias-de-ribeirao-preto-sp-e-regiao-ismael-colosi\/"},"img":{"alt_text":"","src":"https:\/\/i0.wp.com\/noticiasribeiraopreto.com.br\/wp-content\/uploads\/2025\/08\/Haddad1.jpeg?fit=1170%2C700&ssl=1&resize=350%2C200","width":350,"height":200,"srcset":"https:\/\/i0.wp.com\/noticiasribeiraopreto.com.br\/wp-content\/uploads\/2025\/08\/Haddad1.jpeg?fit=1170%2C700&ssl=1&resize=350%2C200 1x, https:\/\/i0.wp.com\/noticiasribeiraopreto.com.br\/wp-content\/uploads\/2025\/08\/Haddad1.jpeg?fit=1170%2C700&ssl=1&resize=525%2C300 1.5x, https:\/\/i0.wp.com\/noticiasribeiraopreto.com.br\/wp-content\/uploads\/2025\/08\/Haddad1.jpeg?fit=1170%2C700&ssl=1&resize=700%2C400 2x, https:\/\/i0.wp.com\/noticiasribeiraopreto.com.br\/wp-content\/uploads\/2025\/08\/Haddad1.jpeg?fit=1170%2C700&ssl=1&resize=1050%2C600 3x"},"classes":[]},{"id":75671,"url":"https:\/\/noticiasribeiraopreto.com.br\/index.php\/2025\/08\/13\/mapeamento-sobre-industria-sucroenergetica-sera-lancado-na-fenasucro\/","url_meta":{"origin":75626,"position":3},"title":"Mapeamento sobre ind\u00fastria sucroenerg\u00e9tica ser\u00e1 lan\u00e7ado na Fenasucro","author":"noticiasribeiraopreto.com.br","date":"13 de August de 2025","format":false,"excerpt":"O CEISE Br lan\u00e7a nesta quinta-feira (14), durante a Fenasucro & Agrocana 2025, o Mapeamento da Cadeia Produtiva de Equipamentos para Fabrica\u00e7\u00e3o de Biocombust\u00edveis e Bioenergias. O estudo foi desenvolvido pela consultoria Markestrat com apoio da CPL Bioenergia, liderada pelo CEISE Br. O levantamento detalha a estrutura da cadeia de\u2026","rel":"","context":"In &quot;Not\u00edcias de Ribeir\u00e3o Preto-SP e Regi\u00e3o&quot;","block_context":{"text":"Not\u00edcias de Ribeir\u00e3o Preto-SP e Regi\u00e3o","link":"https:\/\/noticiasribeiraopreto.com.br\/index.php\/category\/noticias-de-ribeirao-preto-sp-e-regiao-ismael-colosi\/"},"img":{"alt_text":"","src":"https:\/\/i0.wp.com\/noticiasribeiraopreto.com.br\/wp-content\/uploads\/2025\/07\/fenasucro-sertaozinho_2025-07-23_14-52-05.webp.webp?fit=1200%2C799&ssl=1&resize=350%2C200","width":350,"height":200,"srcset":"https:\/\/i0.wp.com\/noticiasribeiraopreto.com.br\/wp-content\/uploads\/2025\/07\/fenasucro-sertaozinho_2025-07-23_14-52-05.webp.webp?fit=1200%2C799&ssl=1&resize=350%2C200 1x, https:\/\/i0.wp.com\/noticiasribeiraopreto.com.br\/wp-content\/uploads\/2025\/07\/fenasucro-sertaozinho_2025-07-23_14-52-05.webp.webp?fit=1200%2C799&ssl=1&resize=525%2C300 1.5x, https:\/\/i0.wp.com\/noticiasribeiraopreto.com.br\/wp-content\/uploads\/2025\/07\/fenasucro-sertaozinho_2025-07-23_14-52-05.webp.webp?fit=1200%2C799&ssl=1&resize=700%2C400 2x, https:\/\/i0.wp.com\/noticiasribeiraopreto.com.br\/wp-content\/uploads\/2025\/07\/fenasucro-sertaozinho_2025-07-23_14-52-05.webp.webp?fit=1200%2C799&ssl=1&resize=1050%2C600 3x"},"classes":[]},{"id":74467,"url":"https:\/\/noticiasribeiraopreto.com.br\/index.php\/2025\/07\/23\/fenasucro-projeta-impacto-de-18-mil-empregos-na-regiao-de-ribeirao-preto\/","url_meta":{"origin":75626,"position":4},"title":"Fenasucro projeta impacto de 18 mil empregos na regi\u00e3o de Ribeir\u00e3o Preto","author":"noticiasribeiraopreto.com.br","date":"23 de July de 2025","format":false,"excerpt":"A 31\u00aa edi\u00e7\u00e3o da Fenasucro & Agrocana, que acontece entre os dias 12 e 15 de agosto, em Sert\u00e3ozinho, projeta impacto de at\u00e9 18 mil empregos na regi\u00e3o de Ribeir\u00e3o Preto. A expectativa \u00e9 que em 2025 a feira supere os R$ 10,7 bilh\u00f5es em neg\u00f3cios. Entre os postos de\u2026","rel":"","context":"In &quot;Not\u00edcias de Ribeir\u00e3o Preto-SP e Regi\u00e3o&quot;","block_context":{"text":"Not\u00edcias de Ribeir\u00e3o Preto-SP e Regi\u00e3o","link":"https:\/\/noticiasribeiraopreto.com.br\/index.php\/category\/noticias-de-ribeirao-preto-sp-e-regiao-ismael-colosi\/"},"img":{"alt_text":"","src":"https:\/\/i0.wp.com\/noticiasribeiraopreto.com.br\/wp-content\/uploads\/2025\/07\/fenasucro-sertaozinho_2025-07-23_14-52-05.webp.webp?fit=1200%2C799&ssl=1&resize=350%2C200","width":350,"height":200,"srcset":"https:\/\/i0.wp.com\/noticiasribeiraopreto.com.br\/wp-content\/uploads\/2025\/07\/fenasucro-sertaozinho_2025-07-23_14-52-05.webp.webp?fit=1200%2C799&ssl=1&resize=350%2C200 1x, https:\/\/i0.wp.com\/noticiasribeiraopreto.com.br\/wp-content\/uploads\/2025\/07\/fenasucro-sertaozinho_2025-07-23_14-52-05.webp.webp?fit=1200%2C799&ssl=1&resize=525%2C300 1.5x, https:\/\/i0.wp.com\/noticiasribeiraopreto.com.br\/wp-content\/uploads\/2025\/07\/fenasucro-sertaozinho_2025-07-23_14-52-05.webp.webp?fit=1200%2C799&ssl=1&resize=700%2C400 2x, https:\/\/i0.wp.com\/noticiasribeiraopreto.com.br\/wp-content\/uploads\/2025\/07\/fenasucro-sertaozinho_2025-07-23_14-52-05.webp.webp?fit=1200%2C799&ssl=1&resize=1050%2C600 3x"},"classes":[]},{"id":78244,"url":"https:\/\/noticiasribeiraopreto.com.br\/index.php\/2025\/10\/07\/em-tom-amistoso-lula-pede-fim-de-tarifaco-a-produtos-brasileiros\/","url_meta":{"origin":75626,"position":5},"title":"Em tom amistoso, Lula pede fim de tarifa\u00e7o a produtos brasileiros","author":"noticiasribeiraopreto.com.br","date":"7 de October de 2025","format":false,"excerpt":"6 de outubro de 2025 14:456 de outubro de 2025 14:2670 Compartilhar1 \u00a0 Os dois presidentes conversaram nesta segunda por 30 minutos em tom bastante amistoso O presidente Luiz In\u00e1cio Lula da Silva e o presidente dos Estados Unidos, Donald Trump,\u00a0 tiveram nesta segunda-feira (6) uma conversa de 30 minutos\u2026","rel":"","context":"In &quot;Not\u00edcias de Ribeir\u00e3o Preto-SP e Regi\u00e3o&quot;","block_context":{"text":"Not\u00edcias de Ribeir\u00e3o Preto-SP e Regi\u00e3o","link":"https:\/\/noticiasribeiraopreto.com.br\/index.php\/category\/noticias-de-ribeirao-preto-sp-e-regiao-ismael-colosi\/"},"img":{"alt_text":"","src":"https:\/\/i0.wp.com\/noticiasribeiraopreto.com.br\/wp-content\/uploads\/2025\/10\/trumpo-e-lula.webp.webp?fit=1170%2C700&ssl=1&resize=350%2C200","width":350,"height":200,"srcset":"https:\/\/i0.wp.com\/noticiasribeiraopreto.com.br\/wp-content\/uploads\/2025\/10\/trumpo-e-lula.webp.webp?fit=1170%2C700&ssl=1&resize=350%2C200 1x, https:\/\/i0.wp.com\/noticiasribeiraopreto.com.br\/wp-content\/uploads\/2025\/10\/trumpo-e-lula.webp.webp?fit=1170%2C700&ssl=1&resize=525%2C300 1.5x, https:\/\/i0.wp.com\/noticiasribeiraopreto.com.br\/wp-content\/uploads\/2025\/10\/trumpo-e-lula.webp.webp?fit=1170%2C700&ssl=1&resize=700%2C400 2x, https:\/\/i0.wp.com\/noticiasribeiraopreto.com.br\/wp-content\/uploads\/2025\/10\/trumpo-e-lula.webp.webp?fit=1170%2C700&ssl=1&resize=1050%2C600 3x"},"classes":[]}],"jetpack_sharing_enabled":true,"jetpack_shortlink":"https:\/\/wp.me\/peQAOb-jFM","_links":{"self":[{"href":"https:\/\/noticiasribeiraopreto.com.br\/index.php\/wp-json\/wp\/v2\/posts\/75626","targetHints":{"allow":["GET"]}}],"collection":[{"href":"https:\/\/noticiasribeiraopreto.com.br\/index.php\/wp-json\/wp\/v2\/posts"}],"about":[{"href":"https:\/\/noticiasribeiraopreto.com.br\/index.php\/wp-json\/wp\/v2\/types\/post"}],"author":[{"embeddable":true,"href":"https:\/\/noticiasribeiraopreto.com.br\/index.php\/wp-json\/wp\/v2\/users\/1"}],"replies":[{"embeddable":true,"href":"https:\/\/noticiasribeiraopreto.com.br\/index.php\/wp-json\/wp\/v2\/comments?post=75626"}],"version-history":[{"count":0,"href":"https:\/\/noticiasribeiraopreto.com.br\/index.php\/wp-json\/wp\/v2\/posts\/75626\/revisions"}],"wp:featuredmedia":[{"embeddable":true,"href":"https:\/\/noticiasribeiraopreto.com.br\/index.php\/wp-json\/wp\/v2\/media\/75627"}],"wp:attachment":[{"href":"https:\/\/noticiasribeiraopreto.com.br\/index.php\/wp-json\/wp\/v2\/media?parent=75626"}],"wp:term":[{"taxonomy":"category","embeddable":true,"href":"https:\/\/noticiasribeiraopreto.com.br\/index.php\/wp-json\/wp\/v2\/categories?post=75626"},{"taxonomy":"post_tag","embeddable":true,"href":"https:\/\/noticiasribeiraopreto.com.br\/index.php\/wp-json\/wp\/v2\/tags?post=75626"}],"curies":[{"name":"wp","href":"https:\/\/api.w.org\/{rel}","templated":true}]}}