{"id":75628,"date":"2025-08-12T18:54:07","date_gmt":"2025-08-12T21:54:07","guid":{"rendered":"https:\/\/noticiasribeiraopreto.com.br\/index.php\/2025\/08\/12\/veja-as-cidades-em-que-a-azul-encerrou-as-operacoes-53-rotas-foram-cortadas\/"},"modified":"2025-08-12T18:54:07","modified_gmt":"2025-08-12T21:54:07","slug":"veja-as-cidades-em-que-a-azul-encerrou-as-operacoes-53-rotas-foram-cortadas","status":"publish","type":"post","link":"https:\/\/noticiasribeiraopreto.com.br\/index.php\/2025\/08\/12\/veja-as-cidades-em-que-a-azul-encerrou-as-operacoes-53-rotas-foram-cortadas\/","title":{"rendered":"Veja as cidades em que a Azul encerrou as opera\u00e7\u00f5es; 53 rotas foram cortadas"},"content":{"rendered":"<div class='code-block code-block-1' style='margin: 8px 0 8px auto; text-align: right; display: block; clear: both;'>\n<p><a href=\"https:\/\/wa.link\/vpicfd\"><img data-recalc-dims=\"1\" class=\"wp-image-4922\" style=\"aspect-ratio: 2.0253164556962027; width: 561px; height: auto;\" src=\"https:\/\/i0.wp.com\/ismaelcolosi.com.br\/wp-content\/uploads\/2023\/11\/grupo-de-empregos-whatsapp-e-facebook-ismael-colosi-vagas.jpg?ssl=1\" alt=\"\" \/><\/a><\/p>\n<!-- \/wp:image -->\n<\/div>\n<p> <br \/>\n<\/p>\n<div>\n<p>A Azul Linhas A\u00e9reas informou quais s\u00e3o as 14 cidades brasileiras em que encerrou as atividades \u2013 veja abaixo. Com isso, foram cortadas 53 rotas consideradas de menor rentabilidade.<\/p>\n<p>As mudan\u00e7as fazem parte de uma reestrutura\u00e7\u00e3o da companhia a\u00e9rea, que est\u00e1 em processo de recupera\u00e7\u00e3o judicial nos Estados Unidos, sob o chamado Chapter 11.<\/p>\n<p>As cidades afetadas foram anunciadas em fevereiro, e a suspens\u00e3o das atividades ocorreu em mar\u00e7o. J\u00e1 as altera\u00e7\u00f5es nas rotas v\u00eam sendo implementadas de forma gradual desde julho.<\/p>\n<p>As mudan\u00e7as foram apresentadas a investidores no in\u00edcio de agosto.<\/p>\n<p>O foco da Azul passar\u00e1 a ser os hubs \u2013 aeroportos que funcionam como pontos centrais para as opera\u00e7\u00f5es.<\/p>\n<h2 class=\"wp-block-heading\"><strong>Veja abaixo as cidades onde a Azul encerrou as opera\u00e7\u00f5es:<\/strong><\/h2>\n<h3 class=\"wp-block-heading\"><strong>Cear\u00e1:<\/strong><\/h3>\n<h3 class=\"wp-block-heading\"><strong>Goi\u00e1s:<\/strong><\/h3>\n<h3 class=\"wp-block-heading\"><strong>Maranh\u00e3o:<\/strong><\/h3>\n<h3 class=\"wp-block-heading\"><strong>Mato Grosso do Sul:<\/strong><\/h3>\n<h3 class=\"wp-block-heading\"><strong>Paran\u00e1:<\/strong><\/h3>\n<h3 class=\"wp-block-heading\"><strong>Piau\u00ed:<\/strong><\/h3>\n<h3 class=\"wp-block-heading\"><strong>Rio de Janeiro:<\/strong><\/h3>\n<h3 class=\"wp-block-heading\"><strong>Rio Grande do Norte:<\/strong><\/h3>\n<h3 class=\"wp-block-heading\"><strong>Santa Catarina:<\/strong><\/h3>\n<h2 class=\"wp-block-heading\"><strong>Motivo das mudan\u00e7as<\/strong><\/h2>\n<p>A Azul informou por meio de nota enviada ao Estad\u00e3o que o corte de 53 rotas \u00e9 \u201cum processo normal de adequa\u00e7\u00e3o da malha, inclusive para novos voos que ser\u00e3o implantados na alta temporada\u201d.<\/p>\n<p>\u201cA Azul informa que, como empresa competitiva, a companhia reavalia constantemente as opera\u00e7\u00f5es em suas bases, como parte de um processo normal de ajuste de oferta e demanda\u201d, diz a empresa.<\/p>\n<p>\u201cOs ajustes levam em considera\u00e7\u00e3o, ainda, uma s\u00e9rie de fatores que v\u00e3o desde o aumento nos custos operacionais da avia\u00e7\u00e3o, impactados pela crise global na cadeia de suprimentos e a alta do d\u00f3lar, at\u00e9 quest\u00f5es de disponibilidade de frota, bem como o seu atual processo de reestrutura\u00e7\u00e3o\u201d, afirma.<\/p>\n<p>A companhia acrescentou ainda que os clientes impactados pelas mudan\u00e7as receberam a assist\u00eancia necess\u00e1ria, conforme prev\u00ea a resolu\u00e7\u00e3o 400 da Anac (Ag\u00eancia Nacional de Avia\u00e7\u00e3o Civil).<\/p>\n<p><em>*Com informa\u00e7\u00f5es <strong>Estad\u00e3o Conte\u00fado.<\/strong><\/em><\/p>\n<p>SAIBA MAIS<br \/>Nova frente fria avan\u00e7a nesta semana; Veja previs\u00e3o no interior de SP<\/p>\n<h2 class=\"wp-block-heading\"><strong>FIQUE ON<\/strong><\/h2>\n<p>Fique ligado em tudo que acontece em Ribeir\u00e3o Preto e regi\u00e3o. Siga os perfis do\u00a0<strong>acidade on<\/strong>\u00a0no<a href=\"https:\/\/www.instagram.com\/acidadeonribeirao\" target=\"_blank\" rel=\"noreferrer noopener\">\u00a0Instagram<\/a>\u00a0e no\u00a0<a href=\"https:\/\/www.facebook.com\/acidadeonribeirao\/\" target=\"_blank\" rel=\"noreferrer noopener\">Facebook<\/a>.<\/p>\n<p>Receba not\u00edcias do\u00a0<strong>acidade on<\/strong>\u00a0no WhatsApp.\u00a0<a href=\"https:\/\/chat.whatsapp.com\/I4nieTEMKlf50pJ28aMemC?mode=ac_t\" target=\"_blank\" rel=\"noreferrer noopener\">Para entrar no grupo, basta clicar aqui.<\/a><\/p>\n<p>Fa\u00e7a uma den\u00fancia ou sugira uma reportagem sobre Ribeir\u00e3o Preto e regi\u00e3o pelo WhatsApp: 16 99117 7802.<\/p>\n<p>VEJA TAMB\u00c9M<br \/>Quando come\u00e7am as inscri\u00e7\u00f5es para o concurso MP-SP?<\/p>\n<p><!-- AI CONTENT END 1 -->\n<\/div>\n<p><script async src=\"\/\/www.instagram.com\/embed.js\"><\/script><br \/>\n<br \/><br \/>\n<br \/><a href=\"https:\/\/www.acidadeon.com\/ribeiraopreto\/economia\/veja-as-cidades-em-que-a-azul-encerrou-as-operacoes-53-rotas-foram-cortadas\/\">Source link <\/a><\/p>\n<!-- CONTENT END 1 -->\n","protected":false},"excerpt":{"rendered":"<p>A Azul Linhas A\u00e9reas informou quais s\u00e3o as 14 cidades brasileiras em que encerrou as atividades \u2013 veja abaixo. Com isso, foram cortadas 53 rotas&#8230;<\/p>\n","protected":false},"author":1,"featured_media":75629,"comment_status":"open","ping_status":"open","sticky":false,"template":"","format":"standard","meta":{"advanced_seo_description":"","jetpack_seo_html_title":"","jetpack_seo_noindex":false,"jetpack_post_was_ever_published":false,"_jetpack_newsletter_access":"","_jetpack_dont_email_post_to_subs":false,"_jetpack_newsletter_tier_id":0,"_jetpack_memberships_contains_paywalled_content":false,"_jetpack_memberships_contains_paid_content":false,"footnotes":"","jetpack_publicize_message":"","jetpack_publicize_feature_enabled":true,"jetpack_social_post_already_shared":true,"jetpack_social_options":{"image_generator_settings":{"template":"highway","default_image_id":0,"font":"","enabled":false},"version":2}},"categories":[11],"tags":[],"class_list":["post-75628","post","type-post","status-publish","format-standard","has-post-thumbnail","hentry","category-noticias-de-ribeirao-preto-sp-e-regiao-ismael-colosi"],"jetpack_publicize_connections":[],"jetpack_featured_media_url":"https:\/\/i0.wp.com\/noticiasribeiraopreto.com.br\/wp-content\/uploads\/2025\/08\/aviao_2025-02-28_20-12-22_jpg_2025-02-28_20-12-22.webp.webp?fit=1200%2C800&ssl=1","jetpack-related-posts":[{"id":63797,"url":"https:\/\/noticiasribeiraopreto.com.br\/index.php\/2025\/02\/22\/azul-suspende-operacoes-em-dez-cidades-brasileiras-a-partir-de-marco-veja-quais\/","url_meta":{"origin":75628,"position":0},"title":"Azul suspende opera\u00e7\u00f5es em dez cidades brasileiras a partir de mar\u00e7o; Veja quais","author":"noticiasribeiraopreto.com.br","date":"22 de February de 2025","format":false,"excerpt":"A Azul Linhas A\u00e9reas informou que vai suspender suas opera\u00e7\u00f5es em dez cidades brasileiras a partir de mar\u00e7o. No \u00faltimo dia 13 de fevereiro, a companhia j\u00e1 havia deixado de operar em quatro localidades do Cear\u00e1 \u2013 veja a rela\u00e7\u00e3o abaixo. De acordo com a empresa, a mudan\u00e7a acontece devido\u2026","rel":"","context":"In &quot;Not\u00edcias de Ribeir\u00e3o Preto-SP e Regi\u00e3o&quot;","block_context":{"text":"Not\u00edcias de Ribeir\u00e3o Preto-SP e Regi\u00e3o","link":"https:\/\/noticiasribeiraopreto.com.br\/index.php\/category\/noticias-de-ribeirao-preto-sp-e-regiao-ismael-colosi\/"},"img":{"alt_text":"","src":"https:\/\/i0.wp.com\/noticiasribeiraopreto.com.br\/wp-content\/uploads\/2025\/02\/WhatsApp-Image-2023-09-15-at-13.19.06-e1740177430491.jpeg?fit=1096%2C616&ssl=1&resize=350%2C200","width":350,"height":200,"srcset":"https:\/\/i0.wp.com\/noticiasribeiraopreto.com.br\/wp-content\/uploads\/2025\/02\/WhatsApp-Image-2023-09-15-at-13.19.06-e1740177430491.jpeg?fit=1096%2C616&ssl=1&resize=350%2C200 1x, https:\/\/i0.wp.com\/noticiasribeiraopreto.com.br\/wp-content\/uploads\/2025\/02\/WhatsApp-Image-2023-09-15-at-13.19.06-e1740177430491.jpeg?fit=1096%2C616&ssl=1&resize=525%2C300 1.5x, https:\/\/i0.wp.com\/noticiasribeiraopreto.com.br\/wp-content\/uploads\/2025\/02\/WhatsApp-Image-2023-09-15-at-13.19.06-e1740177430491.jpeg?fit=1096%2C616&ssl=1&resize=700%2C400 2x, https:\/\/i0.wp.com\/noticiasribeiraopreto.com.br\/wp-content\/uploads\/2025\/02\/WhatsApp-Image-2023-09-15-at-13.19.06-e1740177430491.jpeg?fit=1096%2C616&ssl=1&resize=1050%2C600 3x"},"classes":[]},{"id":65346,"url":"https:\/\/noticiasribeiraopreto.com.br\/index.php\/2025\/03\/19\/latam-assume-operacoes-regulares-em-ribeirao-preto-e-fernando-de-noronha-apos-suspensao-da-voepass\/","url_meta":{"origin":75628,"position":1},"title":"LATAM Assume Opera\u00e7\u00f5es Regulares em Ribeir\u00e3o Preto e Fernando de Noronha Ap\u00f3s Suspens\u00e3o da VoePass","author":"noticiasribeiraopreto.com.br","date":"19 de March de 2025","format":false,"excerpt":"A LATAM Airlines anunciou, nesta ter\u00e7a-feira (18), que passar\u00e1 a operar voos regulares entre Ribeir\u00e3o Preto (SP) e Fernando de Noronha (PE), ap\u00f3s a suspens\u00e3o das atividades da VoePass Linhas A\u00e9reas. A medida foi tomada pela LATAM em resposta \u00e0 decis\u00e3o da VoePass de interromper temporariamente suas opera\u00e7\u00f5es, gerando uma\u2026","rel":"","context":"In &quot;Not\u00edcias de Ribeir\u00e3o Preto-SP e Regi\u00e3o&quot;","block_context":{"text":"Not\u00edcias de Ribeir\u00e3o Preto-SP e Regi\u00e3o","link":"https:\/\/noticiasribeiraopreto.com.br\/index.php\/category\/noticias-de-ribeirao-preto-sp-e-regiao-ismael-colosi\/"},"img":{"alt_text":"","src":"https:\/\/i0.wp.com\/noticiasribeiraopreto.com.br\/wp-content\/uploads\/2025\/03\/avioes-aeroporto_mcamgo_abr_290720221818-11.webp.webp?fit=1170%2C700&ssl=1&resize=350%2C200","width":350,"height":200,"srcset":"https:\/\/i0.wp.com\/noticiasribeiraopreto.com.br\/wp-content\/uploads\/2025\/03\/avioes-aeroporto_mcamgo_abr_290720221818-11.webp.webp?fit=1170%2C700&ssl=1&resize=350%2C200 1x, https:\/\/i0.wp.com\/noticiasribeiraopreto.com.br\/wp-content\/uploads\/2025\/03\/avioes-aeroporto_mcamgo_abr_290720221818-11.webp.webp?fit=1170%2C700&ssl=1&resize=525%2C300 1.5x, https:\/\/i0.wp.com\/noticiasribeiraopreto.com.br\/wp-content\/uploads\/2025\/03\/avioes-aeroporto_mcamgo_abr_290720221818-11.webp.webp?fit=1170%2C700&ssl=1&resize=700%2C400 2x, https:\/\/i0.wp.com\/noticiasribeiraopreto.com.br\/wp-content\/uploads\/2025\/03\/avioes-aeroporto_mcamgo_abr_290720221818-11.webp.webp?fit=1170%2C700&ssl=1&resize=1050%2C600 3x"},"classes":[]},{"id":59756,"url":"https:\/\/noticiasribeiraopreto.com.br\/index.php\/2024\/10\/29\/utm_sourcerssutm_mediumrssutm_campaignvoepass-encerra-operacoes-em-quatro-destinos-e-reestrutura-rota-no-rio-de-janeiro\/","url_meta":{"origin":75628,"position":2},"title":"Voepass Encerra Opera\u00e7\u00f5es em Quatro Destinos e Reestrutura Rota no Rio de Janeiro","author":"noticiasribeiraopreto.com.br","date":"29 de October de 2024","format":false,"excerpt":"A companhia a\u00e9rea Voepass anunciou o encerramento das opera\u00e7\u00f5es em quatro destinos no interior do Brasil e uma reestrutura\u00e7\u00e3o em sua rota para o Rio de Janeiro. A medida faz parte de um plano de reformula\u00e7\u00e3o da empresa, que busca melhorar a efici\u00eancia operacional e enfrentar os desafios econ\u00f4micos que\u2026","rel":"","context":"In &quot;Not\u00edcias de Ribeir\u00e3o Preto-SP e Regi\u00e3o&quot;","block_context":{"text":"Not\u00edcias de Ribeir\u00e3o Preto-SP e Regi\u00e3o","link":"https:\/\/noticiasribeiraopreto.com.br\/index.php\/category\/noticias-de-ribeirao-preto-sp-e-regiao-ismael-colosi\/"},"img":{"alt_text":"","src":"https:\/\/i0.wp.com\/noticiasribeiraopreto.com.br\/wp-content\/uploads\/2024\/10\/0g0a9243.webp.webp?fit=1024%2C768&ssl=1&resize=350%2C200","width":350,"height":200,"srcset":"https:\/\/i0.wp.com\/noticiasribeiraopreto.com.br\/wp-content\/uploads\/2024\/10\/0g0a9243.webp.webp?fit=1024%2C768&ssl=1&resize=350%2C200 1x, https:\/\/i0.wp.com\/noticiasribeiraopreto.com.br\/wp-content\/uploads\/2024\/10\/0g0a9243.webp.webp?fit=1024%2C768&ssl=1&resize=525%2C300 1.5x, https:\/\/i0.wp.com\/noticiasribeiraopreto.com.br\/wp-content\/uploads\/2024\/10\/0g0a9243.webp.webp?fit=1024%2C768&ssl=1&resize=700%2C400 2x"},"classes":[]},{"id":59802,"url":"https:\/\/noticiasribeiraopreto.com.br\/index.php\/2024\/10\/30\/voepass-encerra-operacoes-em-quatro-destinos-e-reestrutura-rota-no-rio-de-janeiro\/","url_meta":{"origin":75628,"position":3},"title":"Voepass Encerra Opera\u00e7\u00f5es em Quatro Destinos e Reestrutura Rota no Rio de Janeiro","author":"noticiasribeiraopreto.com.br","date":"30 de October de 2024","format":false,"excerpt":"A companhia a\u00e9rea Voepass anunciou o encerramento das opera\u00e7\u00f5es em quatro destinos no interior do Brasil e uma reestrutura\u00e7\u00e3o em sua rota para o Rio de Janeiro. A medida faz parte de um plano de reformula\u00e7\u00e3o da empresa, que busca melhorar a efici\u00eancia operacional e enfrentar os desafios econ\u00f4micos que\u2026","rel":"","context":"In &quot;Not\u00edcias de Ribeir\u00e3o Preto-SP e Regi\u00e3o&quot;","block_context":{"text":"Not\u00edcias de Ribeir\u00e3o Preto-SP e Regi\u00e3o","link":"https:\/\/noticiasribeiraopreto.com.br\/index.php\/category\/noticias-de-ribeirao-preto-sp-e-regiao-ismael-colosi\/"},"img":{"alt_text":"","src":"https:\/\/i0.wp.com\/noticiasribeiraopreto.com.br\/wp-content\/uploads\/2024\/10\/0g0a9243.webp.webp?fit=1024%2C768&ssl=1&resize=350%2C200","width":350,"height":200,"srcset":"https:\/\/i0.wp.com\/noticiasribeiraopreto.com.br\/wp-content\/uploads\/2024\/10\/0g0a9243.webp.webp?fit=1024%2C768&ssl=1&resize=350%2C200 1x, https:\/\/i0.wp.com\/noticiasribeiraopreto.com.br\/wp-content\/uploads\/2024\/10\/0g0a9243.webp.webp?fit=1024%2C768&ssl=1&resize=525%2C300 1.5x, https:\/\/i0.wp.com\/noticiasribeiraopreto.com.br\/wp-content\/uploads\/2024\/10\/0g0a9243.webp.webp?fit=1024%2C768&ssl=1&resize=700%2C400 2x"},"classes":[]},{"id":45711,"url":"https:\/\/noticiasribeiraopreto.com.br\/index.php\/2024\/04\/05\/azul-disponibiliza-voos-para-show-de-madonna\/","url_meta":{"origin":75628,"position":4},"title":"Azul disponibiliza voos para show de Madonna\u00a0","author":"noticiasribeiraopreto.com.br","date":"5 de April de 2024","format":false,"excerpt":"5 de abril de 2024 | 17:005 de abril de 2024 | 12:41 0 A Azul Linhas A\u00e9reas, l\u00edder no Brasil em voos e cidades atendidas, anuncia uma ampla oferta de voos extras para o aguardado show da Madonna no Rio de Janeiro, partindo do Aeroporto Estadual Doutor Leite Lopes,\u2026","rel":"","context":"In &quot;Not\u00edcias de Ribeir\u00e3o Preto-SP e Regi\u00e3o&quot;","block_context":{"text":"Not\u00edcias de Ribeir\u00e3o Preto-SP e Regi\u00e3o","link":"https:\/\/noticiasribeiraopreto.com.br\/index.php\/category\/noticias-de-ribeirao-preto-sp-e-regiao-ismael-colosi\/"},"img":{"alt_text":"","src":"","width":0,"height":0},"classes":[]},{"id":61351,"url":"https:\/\/noticiasribeiraopreto.com.br\/index.php\/2024\/12\/10\/aeroportos-do-interior-de-sp-comecam-a-operar-voos-comerciais-veja-quando\/","url_meta":{"origin":75628,"position":5},"title":"Aeroportos do interior de SP come\u00e7am a operar voos comerciais; Veja quando","author":"noticiasribeiraopreto.com.br","date":"10 de December de 2024","format":false,"excerpt":"O aeroporto de Franca, cidade a 90 quil\u00f4metros de Ribeir\u00e3o Preto, vai retomar os voos comerciais na pr\u00f3xima segunda-feira (16). Em novembro deste ano, a FAB (For\u00e7a A\u00e9rea Brasileira) esteve no local para realizar testes t\u00e9cnicos. A Azul Linhas A\u00e9reas ser\u00e1 a empresa respons\u00e1vel pela opera\u00e7\u00e3o dos voos regulares que\u2026","rel":"","context":"In &quot;Not\u00edcias de Ribeir\u00e3o Preto-SP e Regi\u00e3o&quot;","block_context":{"text":"Not\u00edcias de Ribeir\u00e3o Preto-SP e Regi\u00e3o","link":"https:\/\/noticiasribeiraopreto.com.br\/index.php\/category\/noticias-de-ribeirao-preto-sp-e-regiao-ismael-colosi\/"},"img":{"alt_text":"","src":"https:\/\/i0.wp.com\/noticiasribeiraopreto.com.br\/wp-content\/uploads\/2024\/12\/aeroportofranca-1_2024-12-10_15-26-18_jpeg_2024-12-10_15-26-18.webp.webp?fit=1200%2C900&ssl=1&resize=350%2C200","width":350,"height":200,"srcset":"https:\/\/i0.wp.com\/noticiasribeiraopreto.com.br\/wp-content\/uploads\/2024\/12\/aeroportofranca-1_2024-12-10_15-26-18_jpeg_2024-12-10_15-26-18.webp.webp?fit=1200%2C900&ssl=1&resize=350%2C200 1x, https:\/\/i0.wp.com\/noticiasribeiraopreto.com.br\/wp-content\/uploads\/2024\/12\/aeroportofranca-1_2024-12-10_15-26-18_jpeg_2024-12-10_15-26-18.webp.webp?fit=1200%2C900&ssl=1&resize=525%2C300 1.5x, https:\/\/i0.wp.com\/noticiasribeiraopreto.com.br\/wp-content\/uploads\/2024\/12\/aeroportofranca-1_2024-12-10_15-26-18_jpeg_2024-12-10_15-26-18.webp.webp?fit=1200%2C900&ssl=1&resize=700%2C400 2x, https:\/\/i0.wp.com\/noticiasribeiraopreto.com.br\/wp-content\/uploads\/2024\/12\/aeroportofranca-1_2024-12-10_15-26-18_jpeg_2024-12-10_15-26-18.webp.webp?fit=1200%2C900&ssl=1&resize=1050%2C600 3x"},"classes":[]}],"jetpack_sharing_enabled":true,"jetpack_shortlink":"https:\/\/wp.me\/peQAOb-jFO","_links":{"self":[{"href":"https:\/\/noticiasribeiraopreto.com.br\/index.php\/wp-json\/wp\/v2\/posts\/75628","targetHints":{"allow":["GET"]}}],"collection":[{"href":"https:\/\/noticiasribeiraopreto.com.br\/index.php\/wp-json\/wp\/v2\/posts"}],"about":[{"href":"https:\/\/noticiasribeiraopreto.com.br\/index.php\/wp-json\/wp\/v2\/types\/post"}],"author":[{"embeddable":true,"href":"https:\/\/noticiasribeiraopreto.com.br\/index.php\/wp-json\/wp\/v2\/users\/1"}],"replies":[{"embeddable":true,"href":"https:\/\/noticiasribeiraopreto.com.br\/index.php\/wp-json\/wp\/v2\/comments?post=75628"}],"version-history":[{"count":0,"href":"https:\/\/noticiasribeiraopreto.com.br\/index.php\/wp-json\/wp\/v2\/posts\/75628\/revisions"}],"wp:featuredmedia":[{"embeddable":true,"href":"https:\/\/noticiasribeiraopreto.com.br\/index.php\/wp-json\/wp\/v2\/media\/75629"}],"wp:attachment":[{"href":"https:\/\/noticiasribeiraopreto.com.br\/index.php\/wp-json\/wp\/v2\/media?parent=75628"}],"wp:term":[{"taxonomy":"category","embeddable":true,"href":"https:\/\/noticiasribeiraopreto.com.br\/index.php\/wp-json\/wp\/v2\/categories?post=75628"},{"taxonomy":"post_tag","embeddable":true,"href":"https:\/\/noticiasribeiraopreto.com.br\/index.php\/wp-json\/wp\/v2\/tags?post=75628"}],"curies":[{"name":"wp","href":"https:\/\/api.w.org\/{rel}","templated":true}]}}