{"id":75630,"date":"2025-08-12T19:02:20","date_gmt":"2025-08-12T22:02:20","guid":{"rendered":"https:\/\/noticiasribeiraopreto.com.br\/index.php\/2025\/08\/12\/clayton-e-romario-trazem-novo-projeto-a-ribeirao-preto-junto-com-belo\/"},"modified":"2025-08-12T19:02:20","modified_gmt":"2025-08-12T22:02:20","slug":"clayton-e-romario-trazem-novo-projeto-a-ribeirao-preto-junto-com-belo","status":"publish","type":"post","link":"https:\/\/noticiasribeiraopreto.com.br\/index.php\/2025\/08\/12\/clayton-e-romario-trazem-novo-projeto-a-ribeirao-preto-junto-com-belo\/","title":{"rendered":"Clayton e Rom\u00e1rio trazem novo projeto a Ribeir\u00e3o Preto junto com Belo"},"content":{"rendered":"<div class='code-block code-block-1' style='margin: 8px 0 8px auto; text-align: right; display: block; clear: both;'>\n<p><a href=\"https:\/\/wa.link\/vpicfd\"><img data-recalc-dims=\"1\" class=\"wp-image-4922\" style=\"aspect-ratio: 2.0253164556962027; width: 561px; height: auto;\" src=\"https:\/\/i0.wp.com\/ismaelcolosi.com.br\/wp-content\/uploads\/2023\/11\/grupo-de-empregos-whatsapp-e-facebook-ismael-colosi-vagas.jpg?ssl=1\" alt=\"\" \/><\/a><\/p>\n<!-- \/wp:image -->\n<\/div>\n<p> <br \/>\n<\/p>\n<div data-td-block-uid=\"tdi_95\">\n<div class=\"tdb-block-inner td-fix-index\">\n<p>A dupla <strong>Clayton e Rom\u00e1rio<\/strong> apresenta o projeto <strong>\u201cCom Vida\u201d<\/strong> em <strong>Ribeir\u00e3o Preto<\/strong>, no dia <strong>18 de outubro<\/strong>, na <strong>i9 Academy<\/strong>. O evento contar\u00e1 tamb\u00e9m com a participa\u00e7\u00e3o especial do cantor <strong>Belo<\/strong>.<\/p>\n<p>O show vai reunir grandes sucessos do sertanejo e do pagode em uma noite com mais de tr\u00eas horas de m\u00fasica ao vivo. Os ingressos j\u00e1 est\u00e3o \u00e0 venda <strong>exclusivamente <\/strong>pelo site \u2013 <a href=\"http:\/\/q2ingressos.com.br\" data-type=\"link\" data-id=\"q2ingressos.com.br\" target=\"_blank\" rel=\"noopener\">clique aqui<\/a>.<\/p>\n<p>O p\u00fablico poder\u00e1 escolher entre quatro setores: <strong>Backstage A\u00ed Eu Chorei<\/strong>, <strong>\u00c1rea VIP Reinventar<\/strong>, <strong>Lounges para grupos<\/strong> e <strong>Bistr\u00f4s para 6 pessoas<\/strong>. Os valores variam conforme o setor escolhido.<\/p>\n<h3 class=\"wp-block-heading\"><strong>Confira os pre\u00e7os:<\/strong><\/h3>\n<p><strong>\u00c1rea VIP Reinventar<\/strong>:<br \/>a partir de <strong>R$ 90,00<\/strong> (+ R$ 10,80 de taxa)<\/p>\n<p><strong>Backstage A\u00ed Eu Chorei<\/strong>:<br \/>a partir de <strong>R$ 180,00<\/strong> (+ R$ 21,60 de taxa)<\/p>\n<p><strong>Bistr\u00f4 (para 6 pessoas)<\/strong>:<br \/>convite individual a partir de <strong>R$ 333,34<\/strong> (+ R$ 50,00 de taxa)<\/p>\n<p><strong>Lounge (para 12 pessoas)<\/strong>:<br \/>convite individual a partir de <strong>R$ 416,67<\/strong> (+ R$ 50,00 de taxa)<\/p>\n<hr class=\"wp-block-separator has-alpha-channel-opacity\"\/>\n<p>SAIBA MAIS<br \/>Estudante de Ribeir\u00e3o Preto lan\u00e7a livro sobre preven\u00e7\u00e3o de afogamentos infantis<\/p>\n<h3 class=\"wp-block-heading\"><strong>FIQUE ON\u00a0\u00a0\u00a0\u00a0\u00a0\u00a0\u00a0\u00a0\u00a0<\/strong><\/h3>\n<p>Quer ficar por dentro de tudo que acontece em Ribeir\u00e3o Preto e regi\u00e3o? Ent\u00e3o siga os perfis do\u202facidade on\u202fno\u202f<a href=\"https:\/\/www.instagram.com\/acidadeonribeirao\" target=\"_blank\" rel=\"noreferrer noopener\">Instagram<\/a>\u202fe no\u202f<a href=\"https:\/\/www.facebook.com\/acidadeonribeirao\/\" target=\"_blank\" rel=\"noreferrer noopener\">Facebook<\/a>.<\/p>\n<p>Al\u00e9m disso, voc\u00ea pode receber as principais not\u00edcias diretamente no WhatsApp. Para isso, basta\u00a0<a href=\"https:\/\/chat.whatsapp.com\/BjKQZ9oJwlz8VVT50NuePq\" target=\"_blank\" rel=\"noreferrer noopener\">entrar no grupo clicando aqui<\/a>.<\/p>\n<p>Por fim, se quiser fazer uma den\u00fancia ou sugerir uma reportagem sobre Ribeir\u00e3o Preto e regi\u00e3o, envie uma mensagem pelo WhatsApp: (16) 99117-7802.<\/p>\n<p>VEJA TAMB\u00c9M<br \/>Quando ser\u00e1 lan\u00e7ado o novo \u00e1lbum da Taylor Swift?<\/p>\n<p><!-- AI CONTENT END 1 -->\n<\/div>\n<\/div>\n<p><script async src=\"\/\/www.instagram.com\/embed.js\"><\/script><br \/>\n<br \/><br \/>\n<br \/><a href=\"https:\/\/www.acidadeon.com\/ribeiraopreto\/lazer-e-cultura\/clayton-e-romario-trazem-novo-projeto-a-ribeirao-preto-junto-com-belo\/\">Source link <\/a><\/p>\n<!-- CONTENT END 1 -->\n","protected":false},"excerpt":{"rendered":"<p>A dupla Clayton e Rom\u00e1rio apresenta o projeto \u201cCom Vida\u201d em Ribeir\u00e3o Preto, no dia 18 de outubro, na i9 Academy. O evento contar\u00e1 tamb\u00e9m&#8230;<\/p>\n","protected":false},"author":1,"featured_media":75631,"comment_status":"open","ping_status":"open","sticky":false,"template":"","format":"standard","meta":{"advanced_seo_description":"","jetpack_seo_html_title":"","jetpack_seo_noindex":false,"jetpack_post_was_ever_published":false,"_jetpack_newsletter_access":"","_jetpack_dont_email_post_to_subs":false,"_jetpack_newsletter_tier_id":0,"_jetpack_memberships_contains_paywalled_content":false,"_jetpack_memberships_contains_paid_content":false,"footnotes":"","jetpack_publicize_message":"","jetpack_publicize_feature_enabled":true,"jetpack_social_post_already_shared":true,"jetpack_social_options":{"image_generator_settings":{"template":"highway","default_image_id":0,"font":"","enabled":false},"version":2}},"categories":[11],"tags":[],"class_list":["post-75630","post","type-post","status-publish","format-standard","has-post-thumbnail","hentry","category-noticias-de-ribeirao-preto-sp-e-regiao-ismael-colosi"],"jetpack_publicize_connections":[],"jetpack_featured_media_url":"https:\/\/i0.wp.com\/noticiasribeiraopreto.com.br\/wp-content\/uploads\/2025\/08\/Copia-de-Copia-de-Copia-de-TAMANHO-EXATO-PARA-FOTOS-NO-SISTEMA-NOVO-2025-08-12T154103.663_2025-08-12_18-41-14.webp.webp?fit=1200%2C675&ssl=1","jetpack-related-posts":[{"id":68805,"url":"https:\/\/noticiasribeiraopreto.com.br\/index.php\/2025\/04\/29\/da-origem-humilde-ao-sucesso-internacional-clayton-e-romario-integram-lineup-do-rrm-2025\/","url_meta":{"origin":75630,"position":0},"title":"Da origem humilde ao sucesso internacional: Clayton e Rom\u00e1rio integram lineup do RRM 2025","author":"noticiasribeiraopreto.com.br","date":"29 de April de 2025","format":false,"excerpt":"Nascidos e criados em Goi\u00e2nia, os irm\u00e3os Clayton e Rom\u00e1rio ostentam 8 milh\u00f5es de ouvintes mensais apenas no Spotify e ultrapassam 1 bilh\u00e3o de views gerais no YouTube. N\u00e3o poderiam ficar de fora do lineup do Ribeir\u00e3o Rodeo Music, que come\u00e7ou no \u00faltimo s\u00e1bado (26) e segue nos dias 30\u2026","rel":"","context":"In &quot;Not\u00edcias de Ribeir\u00e3o Preto-SP e Regi\u00e3o&quot;","block_context":{"text":"Not\u00edcias de Ribeir\u00e3o Preto-SP e Regi\u00e3o","link":"https:\/\/noticiasribeiraopreto.com.br\/index.php\/category\/noticias-de-ribeirao-preto-sp-e-regiao-ismael-colosi\/"},"img":{"alt_text":"","src":"https:\/\/i0.wp.com\/noticiasribeiraopreto.com.br\/wp-content\/uploads\/2025\/04\/clayton-e-romario_2025-04-29_12-43-56.webp.webp?fit=1200%2C800&ssl=1&resize=350%2C200","width":350,"height":200,"srcset":"https:\/\/i0.wp.com\/noticiasribeiraopreto.com.br\/wp-content\/uploads\/2025\/04\/clayton-e-romario_2025-04-29_12-43-56.webp.webp?fit=1200%2C800&ssl=1&resize=350%2C200 1x, https:\/\/i0.wp.com\/noticiasribeiraopreto.com.br\/wp-content\/uploads\/2025\/04\/clayton-e-romario_2025-04-29_12-43-56.webp.webp?fit=1200%2C800&ssl=1&resize=525%2C300 1.5x, https:\/\/i0.wp.com\/noticiasribeiraopreto.com.br\/wp-content\/uploads\/2025\/04\/clayton-e-romario_2025-04-29_12-43-56.webp.webp?fit=1200%2C800&ssl=1&resize=700%2C400 2x, https:\/\/i0.wp.com\/noticiasribeiraopreto.com.br\/wp-content\/uploads\/2025\/04\/clayton-e-romario_2025-04-29_12-43-56.webp.webp?fit=1200%2C800&ssl=1&resize=1050%2C600 3x"},"classes":[]},{"id":80274,"url":"https:\/\/noticiasribeiraopreto.com.br\/index.php\/2025\/11\/18\/clayton-e-romario-fazem-show-gratuito-em-ribeirao-preto-saiba-quando\/","url_meta":{"origin":75630,"position":1},"title":"Clayton e Rom\u00e1rio fazem show gratuito em Ribeir\u00e3o Preto; Saiba quando","author":"noticiasribeiraopreto.com.br","date":"18 de November de 2025","format":false,"excerpt":"A dupla Clayton e Rom\u00e1rio far\u00e1 uma apresenta\u00e7\u00e3o gratuita em Ribeir\u00e3o Preto no dia 19 de dezembro. A informa\u00e7\u00e3o foi divulgada na noite desta ter\u00e7a-feira (18) pelo prefeito Ricardo Silva (PSD). O show est\u00e1 marcado para as 18h, no Parque Maur\u00edlio Biagi, e contar\u00e1 com abertura da dupla Jo\u00e3o Pedro\u2026","rel":"","context":"In &quot;Not\u00edcias de Ribeir\u00e3o Preto-SP e Regi\u00e3o&quot;","block_context":{"text":"Not\u00edcias de Ribeir\u00e3o Preto-SP e Regi\u00e3o","link":"https:\/\/noticiasribeiraopreto.com.br\/index.php\/category\/noticias-de-ribeirao-preto-sp-e-regiao-ismael-colosi\/"},"img":{"alt_text":"","src":"https:\/\/i0.wp.com\/noticiasribeiraopreto.com.br\/wp-content\/uploads\/2025\/04\/clayton-e-romario_2025-04-29_12-43-56.webp.webp?fit=1200%2C800&ssl=1&resize=350%2C200","width":350,"height":200,"srcset":"https:\/\/i0.wp.com\/noticiasribeiraopreto.com.br\/wp-content\/uploads\/2025\/04\/clayton-e-romario_2025-04-29_12-43-56.webp.webp?fit=1200%2C800&ssl=1&resize=350%2C200 1x, https:\/\/i0.wp.com\/noticiasribeiraopreto.com.br\/wp-content\/uploads\/2025\/04\/clayton-e-romario_2025-04-29_12-43-56.webp.webp?fit=1200%2C800&ssl=1&resize=525%2C300 1.5x, https:\/\/i0.wp.com\/noticiasribeiraopreto.com.br\/wp-content\/uploads\/2025\/04\/clayton-e-romario_2025-04-29_12-43-56.webp.webp?fit=1200%2C800&ssl=1&resize=700%2C400 2x, https:\/\/i0.wp.com\/noticiasribeiraopreto.com.br\/wp-content\/uploads\/2025\/04\/clayton-e-romario_2025-04-29_12-43-56.webp.webp?fit=1200%2C800&ssl=1&resize=1050%2C600 3x"},"classes":[]},{"id":80879,"url":"https:\/\/noticiasribeiraopreto.com.br\/index.php\/2025\/12\/17\/saiba-como-trocar-ingressos-pela-internet-para-o-show-de-clayton-romario-em-ribeirao-preto\/","url_meta":{"origin":75630,"position":2},"title":"Saiba como trocar ingressos pela internet para o show de Clayton &#038; Rom\u00e1rio em Ribeir\u00e3o Preto","author":"noticiasribeiraopreto.com.br","date":"17 de December de 2025","format":false,"excerpt":"A Prefeitura de Ribeir\u00e3o Preto disponibilizou a troca de ingressos pela internet para o show solid\u00e1rio Agita Ribeir\u00e3o \u2013 M\u00fasica que Alimenta, que acontece nesta sexta-feira (19), no Est\u00e1dio Palma Travassos. A abertura dos port\u00f5es ser\u00e1 \u00e0s 16h. Trocar o ingresso online A troca digital deve ser feita pelo site\u2026","rel":"","context":"In &quot;Not\u00edcias de Ribeir\u00e3o Preto-SP e Regi\u00e3o&quot;","block_context":{"text":"Not\u00edcias de Ribeir\u00e3o Preto-SP e Regi\u00e3o","link":"https:\/\/noticiasribeiraopreto.com.br\/index.php\/category\/noticias-de-ribeirao-preto-sp-e-regiao-ismael-colosi\/"},"img":{"alt_text":"","src":"https:\/\/i0.wp.com\/noticiasribeiraopreto.com.br\/wp-content\/uploads\/2025\/12\/574772452_18537405193010966_7832994508803048415_n_2025-12-11_14-28-25.webp.webp?fit=1200%2C800&ssl=1&resize=350%2C200","width":350,"height":200,"srcset":"https:\/\/i0.wp.com\/noticiasribeiraopreto.com.br\/wp-content\/uploads\/2025\/12\/574772452_18537405193010966_7832994508803048415_n_2025-12-11_14-28-25.webp.webp?fit=1200%2C800&ssl=1&resize=350%2C200 1x, https:\/\/i0.wp.com\/noticiasribeiraopreto.com.br\/wp-content\/uploads\/2025\/12\/574772452_18537405193010966_7832994508803048415_n_2025-12-11_14-28-25.webp.webp?fit=1200%2C800&ssl=1&resize=525%2C300 1.5x, https:\/\/i0.wp.com\/noticiasribeiraopreto.com.br\/wp-content\/uploads\/2025\/12\/574772452_18537405193010966_7832994508803048415_n_2025-12-11_14-28-25.webp.webp?fit=1200%2C800&ssl=1&resize=700%2C400 2x, https:\/\/i0.wp.com\/noticiasribeiraopreto.com.br\/wp-content\/uploads\/2025\/12\/574772452_18537405193010966_7832994508803048415_n_2025-12-11_14-28-25.webp.webp?fit=1200%2C800&ssl=1&resize=1050%2C600 3x"},"classes":[]},{"id":51656,"url":"https:\/\/noticiasribeiraopreto.com.br\/index.php\/2024\/05\/28\/gusttavo-lima-se-apresenta-na-regiao-de-ribeirao-preto-ingressos-estao-disponiveis\/","url_meta":{"origin":75630,"position":3},"title":"Gusttavo Lima se apresenta na regi\u00e3o de Ribeir\u00e3o Preto; Ingressos est\u00e3o dispon\u00edveis","author":"noticiasribeiraopreto.com.br","date":"28 de May de 2024","format":false,"excerpt":"Os ingressos para o show do cantor Gusttavo Lima em Pontal, cidade a aproximadamente 38 quil\u00f4metros de Ribeir\u00e3o Preto, ainda est\u00e3o dispon\u00edveis. A apresenta\u00e7\u00e3o acontece no dia 06 de junho, a partir das 21h, durante o Pontal Rodeo Music. O evento segue at\u00e9 o dia 8 de junho e ter\u00e1\u2026","rel":"","context":"In &quot;Not\u00edcias de Ribeir\u00e3o Preto-SP e Regi\u00e3o&quot;","block_context":{"text":"Not\u00edcias de Ribeir\u00e3o Preto-SP e Regi\u00e3o","link":"https:\/\/noticiasribeiraopreto.com.br\/index.php\/category\/noticias-de-ribeirao-preto-sp-e-regiao-ismael-colosi\/"},"img":{"alt_text":"","src":"https:\/\/i0.wp.com\/noticiasribeiraopreto.com.br\/wp-content\/uploads\/2024\/04\/AnyConv.com__GL_III-e1714330490605.webp.webp?fit=900%2C692&ssl=1&resize=350%2C200","width":350,"height":200,"srcset":"https:\/\/i0.wp.com\/noticiasribeiraopreto.com.br\/wp-content\/uploads\/2024\/04\/AnyConv.com__GL_III-e1714330490605.webp.webp?fit=900%2C692&ssl=1&resize=350%2C200 1x, https:\/\/i0.wp.com\/noticiasribeiraopreto.com.br\/wp-content\/uploads\/2024\/04\/AnyConv.com__GL_III-e1714330490605.webp.webp?fit=900%2C692&ssl=1&resize=525%2C300 1.5x, https:\/\/i0.wp.com\/noticiasribeiraopreto.com.br\/wp-content\/uploads\/2024\/04\/AnyConv.com__GL_III-e1714330490605.webp.webp?fit=900%2C692&ssl=1&resize=700%2C400 2x"},"classes":[]},{"id":80956,"url":"https:\/\/noticiasribeiraopreto.com.br\/index.php\/2025\/12\/19\/saiba-tudo-sobre-show-de-clayton-e-romario-e-joao-pedro-e-cristiano-em-ribeirao-preto\/","url_meta":{"origin":75630,"position":4},"title":"Saiba tudo sobre show de Clayton e Rom\u00e1rio e Jo\u00e3o Pedro e Cristiano em Ribeir\u00e3o Preto","author":"noticiasribeiraopreto.com.br","date":"19 de December de 2025","format":false,"excerpt":"Ribeir\u00e3o Preto recebe nesta sexta-feira (19) o show solid\u00e1rio das duplas Clayton e Rom\u00e1rio e Jo\u00e3o Pedro e Cristiano, no est\u00e1dio Palma Travassos. A apresenta\u00e7\u00e3o integra a programa\u00e7\u00e3o do Agita Ribeir\u00e3o \u2013 M\u00fasica que Alimenta, evento que une m\u00fasica, solidariedade e a\u00e7\u00f5es sociais na cidade. O p\u00fablico tamb\u00e9m contar\u00e1 com\u2026","rel":"","context":"In &quot;Not\u00edcias de Ribeir\u00e3o Preto-SP e Regi\u00e3o&quot;","block_context":{"text":"Not\u00edcias de Ribeir\u00e3o Preto-SP e Regi\u00e3o","link":"https:\/\/noticiasribeiraopreto.com.br\/index.php\/category\/noticias-de-ribeirao-preto-sp-e-regiao-ismael-colosi\/"},"img":{"alt_text":"","src":"https:\/\/i0.wp.com\/noticiasribeiraopreto.com.br\/wp-content\/uploads\/2025\/12\/domingo_2025-12-18_18-01-18.webp.webp?fit=1200%2C675&ssl=1&resize=350%2C200","width":350,"height":200,"srcset":"https:\/\/i0.wp.com\/noticiasribeiraopreto.com.br\/wp-content\/uploads\/2025\/12\/domingo_2025-12-18_18-01-18.webp.webp?fit=1200%2C675&ssl=1&resize=350%2C200 1x, https:\/\/i0.wp.com\/noticiasribeiraopreto.com.br\/wp-content\/uploads\/2025\/12\/domingo_2025-12-18_18-01-18.webp.webp?fit=1200%2C675&ssl=1&resize=525%2C300 1.5x, https:\/\/i0.wp.com\/noticiasribeiraopreto.com.br\/wp-content\/uploads\/2025\/12\/domingo_2025-12-18_18-01-18.webp.webp?fit=1200%2C675&ssl=1&resize=700%2C400 2x, https:\/\/i0.wp.com\/noticiasribeiraopreto.com.br\/wp-content\/uploads\/2025\/12\/domingo_2025-12-18_18-01-18.webp.webp?fit=1200%2C675&ssl=1&resize=1050%2C600 3x"},"classes":[]},{"id":80848,"url":"https:\/\/noticiasribeiraopreto.com.br\/index.php\/2025\/12\/16\/show-de-clayton-e-romario-com-entrada-solidaria-acontece-nesta-semana-veja-como-retirar-o-ingresso\/","url_meta":{"origin":75630,"position":5},"title":"Show de Clayton e Rom\u00e1rio com entrada solid\u00e1ria acontece nesta semana; Veja como retirar o ingresso","author":"noticiasribeiraopreto.com.br","date":"16 de December de 2025","format":false,"excerpt":"O show da dupla Clayton e Rom\u00e1rio com entrada solid\u00e1ria acontece nesta semana no est\u00e1dio Palma Travassos, em Ribeir\u00e3o Preto. A apresenta\u00e7\u00e3o faz parte da programa\u00e7\u00e3o do Agita Ribeir\u00e3o \u2013 M\u00fasica que Alimenta, que ainda conta com o show de Jo\u00e3o Pedro e Cristiano e a discotecagem o DJ Freddy.\u2026","rel":"","context":"In &quot;Not\u00edcias de Ribeir\u00e3o Preto-SP e Regi\u00e3o&quot;","block_context":{"text":"Not\u00edcias de Ribeir\u00e3o Preto-SP e Regi\u00e3o","link":"https:\/\/noticiasribeiraopreto.com.br\/index.php\/category\/noticias-de-ribeirao-preto-sp-e-regiao-ismael-colosi\/"},"img":{"alt_text":"","src":"https:\/\/i0.wp.com\/noticiasribeiraopreto.com.br\/wp-content\/uploads\/2025\/12\/clayton-e-romario_2025-04-29_12-43-56.webp.webp?fit=1200%2C800&ssl=1&resize=350%2C200","width":350,"height":200,"srcset":"https:\/\/i0.wp.com\/noticiasribeiraopreto.com.br\/wp-content\/uploads\/2025\/12\/clayton-e-romario_2025-04-29_12-43-56.webp.webp?fit=1200%2C800&ssl=1&resize=350%2C200 1x, https:\/\/i0.wp.com\/noticiasribeiraopreto.com.br\/wp-content\/uploads\/2025\/12\/clayton-e-romario_2025-04-29_12-43-56.webp.webp?fit=1200%2C800&ssl=1&resize=525%2C300 1.5x, https:\/\/i0.wp.com\/noticiasribeiraopreto.com.br\/wp-content\/uploads\/2025\/12\/clayton-e-romario_2025-04-29_12-43-56.webp.webp?fit=1200%2C800&ssl=1&resize=700%2C400 2x, https:\/\/i0.wp.com\/noticiasribeiraopreto.com.br\/wp-content\/uploads\/2025\/12\/clayton-e-romario_2025-04-29_12-43-56.webp.webp?fit=1200%2C800&ssl=1&resize=1050%2C600 3x"},"classes":[]}],"jetpack_sharing_enabled":true,"jetpack_shortlink":"https:\/\/wp.me\/peQAOb-jFQ","_links":{"self":[{"href":"https:\/\/noticiasribeiraopreto.com.br\/index.php\/wp-json\/wp\/v2\/posts\/75630","targetHints":{"allow":["GET"]}}],"collection":[{"href":"https:\/\/noticiasribeiraopreto.com.br\/index.php\/wp-json\/wp\/v2\/posts"}],"about":[{"href":"https:\/\/noticiasribeiraopreto.com.br\/index.php\/wp-json\/wp\/v2\/types\/post"}],"author":[{"embeddable":true,"href":"https:\/\/noticiasribeiraopreto.com.br\/index.php\/wp-json\/wp\/v2\/users\/1"}],"replies":[{"embeddable":true,"href":"https:\/\/noticiasribeiraopreto.com.br\/index.php\/wp-json\/wp\/v2\/comments?post=75630"}],"version-history":[{"count":0,"href":"https:\/\/noticiasribeiraopreto.com.br\/index.php\/wp-json\/wp\/v2\/posts\/75630\/revisions"}],"wp:featuredmedia":[{"embeddable":true,"href":"https:\/\/noticiasribeiraopreto.com.br\/index.php\/wp-json\/wp\/v2\/media\/75631"}],"wp:attachment":[{"href":"https:\/\/noticiasribeiraopreto.com.br\/index.php\/wp-json\/wp\/v2\/media?parent=75630"}],"wp:term":[{"taxonomy":"category","embeddable":true,"href":"https:\/\/noticiasribeiraopreto.com.br\/index.php\/wp-json\/wp\/v2\/categories?post=75630"},{"taxonomy":"post_tag","embeddable":true,"href":"https:\/\/noticiasribeiraopreto.com.br\/index.php\/wp-json\/wp\/v2\/tags?post=75630"}],"curies":[{"name":"wp","href":"https:\/\/api.w.org\/{rel}","templated":true}]}}