{"id":75633,"date":"2025-08-12T21:43:14","date_gmt":"2025-08-13T00:43:14","guid":{"rendered":"https:\/\/noticiasribeiraopreto.com.br\/index.php\/2025\/08\/12\/sabia-que-o-rio-mais-poluido-do-brasil-e-atracao-turistica-no-interior-de-sp\/"},"modified":"2025-08-12T21:43:14","modified_gmt":"2025-08-13T00:43:14","slug":"sabia-que-o-rio-mais-poluido-do-brasil-e-atracao-turistica-no-interior-de-sp","status":"publish","type":"post","link":"https:\/\/noticiasribeiraopreto.com.br\/index.php\/2025\/08\/12\/sabia-que-o-rio-mais-poluido-do-brasil-e-atracao-turistica-no-interior-de-sp\/","title":{"rendered":"Sabia que o rio mais polu\u00eddo do Brasil \u00e9 atra\u00e7\u00e3o tur\u00edstica no interior de SP?"},"content":{"rendered":"<div class='code-block code-block-1' style='margin: 8px 0 8px auto; text-align: right; display: block; clear: both;'>\n<p><a href=\"https:\/\/wa.link\/vpicfd\"><img data-recalc-dims=\"1\" class=\"wp-image-4922\" style=\"aspect-ratio: 2.0253164556962027; width: 561px; height: auto;\" src=\"https:\/\/i0.wp.com\/ismaelcolosi.com.br\/wp-content\/uploads\/2023\/11\/grupo-de-empregos-whatsapp-e-facebook-ismael-colosi-vagas.jpg?ssl=1\" alt=\"\" \/><\/a><\/p>\n<!-- \/wp:image -->\n<\/div>\n<p> <br \/>\n<\/p>\n<div data-td-block-uid=\"tdi_95\">\n<div class=\"tdb-block-inner td-fix-index\">\n<p><strong>Barra Bonita, <\/strong>localizada a cerca de<strong> 160 km de Ribeir\u00e3o Preto,<\/strong> utiliza o<strong> Rio Tiet\u00ea <\/strong>como base para o desenvolvimento do turismo fluvial<strong> no interior paulista.<\/strong> No trecho que atravessa a cidade, o rio oferece cerca de 40 km naveg\u00e1veis, onde barcos realizam passeios regulares, passando por eclusas e praias fluviais.<\/p>\n<p><strong>O percurso proporciona op\u00e7\u00f5es de lazer para visitantes que desejam vivenciar o contato direto com o rio e o ambiente natural da regi\u00e3o.<\/strong> A infraestrutura local recebe turistas interessados em conhecer o Tiet\u00ea em um cen\u00e1rio distinto daquele das \u00e1reas metropolitanas, onde o rio \u00e9 mais associado \u00e0 polui\u00e7\u00e3o.<\/p>\n<div class=\"wp-block-image\">\n<figure class=\"aligncenter size-large is-resized\"><img data-recalc-dims=\"1\" fetchpriority=\"high\" decoding=\"async\" width=\"1024\" height=\"683\" src=\"https:\/\/i0.wp.com\/cdn.media-acidadeon.com.br\/ribeiraopreto\/wp-content\/uploads\/sites\/3\/2025\/08\/image_2025-08-13_00-17-15-1024x683.webp?resize=1024%2C683&#038;ssl=1\" alt=\"\" class=\"wp-image-125583\" style=\"width:693px;height:auto\" srcset=\"https:\/\/cdn.media-acidadeon.com.br\/ribeiraopreto\/wp-content\/uploads\/sites\/3\/2025\/08\/image_2025-08-13_00-17-15-1024x683.webp 1024w, https:\/\/cdn.media-acidadeon.com.br\/ribeiraopreto\/wp-content\/uploads\/sites\/3\/2025\/08\/image_2025-08-13_00-17-15-300x200.webp 300w, https:\/\/cdn.media-acidadeon.com.br\/ribeiraopreto\/wp-content\/uploads\/sites\/3\/2025\/08\/image_2025-08-13_00-17-15-768x512.webp 768w, https:\/\/cdn.media-acidadeon.com.br\/ribeiraopreto\/wp-content\/uploads\/sites\/3\/2025\/08\/image_2025-08-13_00-17-15-696x464.webp 696w, https:\/\/cdn.media-acidadeon.com.br\/ribeiraopreto\/wp-content\/uploads\/sites\/3\/2025\/08\/image_2025-08-13_00-17-15-1068x712.webp 1068w, https:\/\/cdn.media-acidadeon.com.br\/ribeiraopreto\/wp-content\/uploads\/sites\/3\/2025\/08\/image_2025-08-13_00-17-15.webp 1200w\" sizes=\"(max-width: 1024px) 100vw, 1024px\"\/><figcaption class=\"wp-element-caption\">Reprodu\u00e7\u00e3o\/Alesp<\/figcaption><\/figure>\n<\/div>\n<p><strong>Vale destacar que Barra Bonita pioneiramente explorou o potencial tur\u00edstico de uma eclusa<\/strong>, sendo a <strong>primeira cidade do Brasil e da Am\u00e9rica do Sul a faz\u00ea-lo<\/strong>, conquistando assim posi\u00e7\u00e3o de destaque no turismo fluvial nacional.<\/p>\n<h3 class=\"wp-block-heading\"><strong>Outra cidade<\/strong><\/h3>\n<p><strong>Al\u00e9m de Barra Bonita, outras localidades do interior de S\u00e3o Paulo investem no potencial tur\u00edstico do Rio Tiet\u00ea.<\/strong> Em Sales\u00f3polis, ponto de nascente do rio, visitantes t\u00eam acesso a trilhas ecol\u00f3gicas e atividades ao ar livre, ressaltando a relev\u00e2ncia ambiental desse importante curso d\u2019\u00e1gua.<\/p>\n<hr class=\"wp-block-separator has-alpha-channel-opacity\"\/>\n<p>SAIBA MAIS<br \/>Estudante de Ribeir\u00e3o Preto lan\u00e7a livro sobre preven\u00e7\u00e3o de afogamentos infantis<\/p>\n<h3 class=\"wp-block-heading\"><strong>FIQUE ON\u00a0\u00a0\u00a0\u00a0\u00a0\u00a0\u00a0\u00a0\u00a0<\/strong><\/h3>\n<p>Quer ficar por dentro de tudo que acontece em Ribeir\u00e3o Preto e regi\u00e3o? Ent\u00e3o siga os perfis do\u202facidade on\u202fno\u202f<a href=\"https:\/\/www.instagram.com\/acidadeonribeirao\" target=\"_blank\" rel=\"noreferrer noopener\">Instagram<\/a>\u202fe no\u202f<a href=\"https:\/\/www.facebook.com\/acidadeonribeirao\/\" target=\"_blank\" rel=\"noreferrer noopener\">Facebook<\/a>.<\/p>\n<p>Al\u00e9m disso, voc\u00ea pode receber as principais not\u00edcias diretamente no WhatsApp. Para isso, basta\u00a0<a href=\"https:\/\/chat.whatsapp.com\/BjKQZ9oJwlz8VVT50NuePq\" target=\"_blank\" rel=\"noreferrer noopener\">entrar no grupo clicando aqui<\/a>.<\/p>\n<p>Por fim, se quiser fazer uma den\u00fancia ou sugerir uma reportagem sobre Ribeir\u00e3o Preto e regi\u00e3o, envie uma mensagem pelo WhatsApp: (16) 99117-7802.<\/p>\n<p>VEJA TAMB\u00c9M<br \/>Quando ser\u00e1 lan\u00e7ado o novo \u00e1lbum da Taylor Swift?<\/p>\n<p><!-- AI CONTENT END 1 -->\n<\/div>\n<\/div>\n<p><script async src=\"\/\/www.instagram.com\/embed.js\"><\/script><br \/>\n<br \/><br \/>\n<br \/><a href=\"https:\/\/www.acidadeon.com\/ribeiraopreto\/cotidiano\/sabiaque-o-rio-mais-poluido-do-brasil-e-atracao-turistica-no-interior-de-sp\/\">Source link <\/a><\/p>\n<!-- CONTENT END 1 -->\n","protected":false},"excerpt":{"rendered":"<p>Barra Bonita, localizada a cerca de 160 km de Ribeir\u00e3o Preto, utiliza o Rio Tiet\u00ea como base para o desenvolvimento do turismo fluvial no interior&#8230;<\/p>\n","protected":false},"author":1,"featured_media":75634,"comment_status":"open","ping_status":"open","sticky":false,"template":"","format":"standard","meta":{"advanced_seo_description":"","jetpack_seo_html_title":"","jetpack_seo_noindex":false,"jetpack_post_was_ever_published":false,"_jetpack_newsletter_access":"","_jetpack_dont_email_post_to_subs":false,"_jetpack_newsletter_tier_id":0,"_jetpack_memberships_contains_paywalled_content":false,"_jetpack_memberships_contains_paid_content":false,"footnotes":"","jetpack_publicize_message":"","jetpack_publicize_feature_enabled":true,"jetpack_social_post_already_shared":true,"jetpack_social_options":{"image_generator_settings":{"template":"highway","default_image_id":0,"font":"","enabled":false},"version":2}},"categories":[11],"tags":[],"class_list":["post-75633","post","type-post","status-publish","format-standard","has-post-thumbnail","hentry","category-noticias-de-ribeirao-preto-sp-e-regiao-ismael-colosi"],"jetpack_publicize_connections":[],"jetpack_featured_media_url":"https:\/\/i0.wp.com\/noticiasribeiraopreto.com.br\/wp-content\/uploads\/2025\/08\/fmw6wneFGw_2025-08-13_00-11-53.webp.webp?fit=729%2C409&ssl=1","jetpack-related-posts":[{"id":64470,"url":"https:\/\/noticiasribeiraopreto.com.br\/index.php\/2025\/03\/08\/corpo-de-pescador-que-caiu-em-rio-apos-barco-virar-e-encontrado-no-interior-de-sp\/","url_meta":{"origin":75633,"position":0},"title":"Corpo de pescador que caiu em rio ap\u00f3s barco virar \u00e9 encontrado no interior de SP","author":"noticiasribeiraopreto.com.br","date":"8 de March de 2025","format":false,"excerpt":"O corpo de um pescador que caiu no rio Mogi-Gua\u00e7u, ap\u00f3s um barco virar na \u00faltima ter\u00e7a-feira (4), em Rinc\u00e3o (SP), na regi\u00e3o de S\u00e3o Carlos, foi localizado a 15 quil\u00f4metros do local, na noite desta sexta-feira (7). Renan Fiochi Lima era morador de S\u00e3o Carlos e pescava com um\u2026","rel":"","context":"In &quot;Not\u00edcias de Ribeir\u00e3o Preto-SP e Regi\u00e3o&quot;","block_context":{"text":"Not\u00edcias de Ribeir\u00e3o Preto-SP e Regi\u00e3o","link":"https:\/\/noticiasribeiraopreto.com.br\/index.php\/category\/noticias-de-ribeirao-preto-sp-e-regiao-ismael-colosi\/"},"img":{"alt_text":"","src":"https:\/\/i0.wp.com\/noticiasribeiraopreto.com.br\/wp-content\/uploads\/2025\/03\/PESCADOR_2025-03-08_17-58-47_jpg_2025-03-08_17-58-48.webp.webp?fit=1200%2C727&ssl=1&resize=350%2C200","width":350,"height":200,"srcset":"https:\/\/i0.wp.com\/noticiasribeiraopreto.com.br\/wp-content\/uploads\/2025\/03\/PESCADOR_2025-03-08_17-58-47_jpg_2025-03-08_17-58-48.webp.webp?fit=1200%2C727&ssl=1&resize=350%2C200 1x, https:\/\/i0.wp.com\/noticiasribeiraopreto.com.br\/wp-content\/uploads\/2025\/03\/PESCADOR_2025-03-08_17-58-47_jpg_2025-03-08_17-58-48.webp.webp?fit=1200%2C727&ssl=1&resize=525%2C300 1.5x, https:\/\/i0.wp.com\/noticiasribeiraopreto.com.br\/wp-content\/uploads\/2025\/03\/PESCADOR_2025-03-08_17-58-47_jpg_2025-03-08_17-58-48.webp.webp?fit=1200%2C727&ssl=1&resize=700%2C400 2x, https:\/\/i0.wp.com\/noticiasribeiraopreto.com.br\/wp-content\/uploads\/2025\/03\/PESCADOR_2025-03-08_17-58-47_jpg_2025-03-08_17-58-48.webp.webp?fit=1200%2C727&ssl=1&resize=1050%2C600 3x"},"classes":[]},{"id":82486,"url":"https:\/\/noticiasribeiraopreto.com.br\/index.php\/2026\/02\/16\/bombeiros-procuram-por-jovem-desaparecido-em-rio-no-interior-de-sp\/","url_meta":{"origin":75633,"position":1},"title":"Bombeiros procuram por jovem desaparecido em rio no interior de SP","author":"noticiasribeiraopreto.com.br","date":"16 de February de 2026","format":false,"excerpt":"O Corpo de Bombeiros de Franca realizou, na tarde deste domingo (15), buscas por um jovem desaparecido no Rio Grande, em Miguel\u00f3polis, cidade na regi\u00e3o. Conforme apura\u00e7\u00e3o da EPTV, o rapaz est\u00e1 desaparecido desde a \u00faltima quarta-feira (11). Roupas e pertences do jovem foram encontrados \u00e0s margens do rio, o\u2026","rel":"","context":"In &quot;Not\u00edcias de Ribeir\u00e3o Preto-SP e Regi\u00e3o&quot;","block_context":{"text":"Not\u00edcias de Ribeir\u00e3o Preto-SP e Regi\u00e3o","link":"https:\/\/noticiasribeiraopreto.com.br\/index.php\/category\/noticias-de-ribeirao-preto-sp-e-regiao-ismael-colosi\/"},"img":{"alt_text":"","src":"https:\/\/i0.wp.com\/noticiasribeiraopreto.com.br\/wp-content\/uploads\/2026\/02\/palace-5_2026-02-15_20-56-46.webp.webp?fit=1200%2C675&ssl=1&resize=350%2C200","width":350,"height":200,"srcset":"https:\/\/i0.wp.com\/noticiasribeiraopreto.com.br\/wp-content\/uploads\/2026\/02\/palace-5_2026-02-15_20-56-46.webp.webp?fit=1200%2C675&ssl=1&resize=350%2C200 1x, https:\/\/i0.wp.com\/noticiasribeiraopreto.com.br\/wp-content\/uploads\/2026\/02\/palace-5_2026-02-15_20-56-46.webp.webp?fit=1200%2C675&ssl=1&resize=525%2C300 1.5x, https:\/\/i0.wp.com\/noticiasribeiraopreto.com.br\/wp-content\/uploads\/2026\/02\/palace-5_2026-02-15_20-56-46.webp.webp?fit=1200%2C675&ssl=1&resize=700%2C400 2x, https:\/\/i0.wp.com\/noticiasribeiraopreto.com.br\/wp-content\/uploads\/2026\/02\/palace-5_2026-02-15_20-56-46.webp.webp?fit=1200%2C675&ssl=1&resize=1050%2C600 3x"},"classes":[]},{"id":68251,"url":"https:\/\/noticiasribeiraopreto.com.br\/index.php\/2025\/04\/23\/chuva-transforma-rua-em-rio-e-veiculos-sao-arrastados-pela-enxurrada-veja-video\/","url_meta":{"origin":75633,"position":2},"title":"Chuva transforma rua em \u2018rio\u2019 e ve\u00edculos s\u00e3o arrastados pela enxurrada; veja v\u00eddeo","author":"noticiasribeiraopreto.com.br","date":"23 de April de 2025","format":false,"excerpt":"Uma forte chuva de apenas 30 minutos foi suficiente para provocar estragos em Igarapava, no interior de S\u00e3o Paulo, na tarde desta ter\u00e7a-feira (23). O grande volume de \u00e1gua transformou ruas em \u2018rios\u2019, arrastou carros e motos, danificou asfalto e causou transtornos a moradores e comerciantes. Foto: Defesa Civil Foto:\u2026","rel":"","context":"In &quot;Not\u00edcias de Ribeir\u00e3o Preto-SP e Regi\u00e3o&quot;","block_context":{"text":"Not\u00edcias de Ribeir\u00e3o Preto-SP e Regi\u00e3o","link":"https:\/\/noticiasribeiraopreto.com.br\/index.php\/category\/noticias-de-ribeirao-preto-sp-e-regiao-ismael-colosi\/"},"img":{"alt_text":"","src":"https:\/\/i0.wp.com\/noticiasribeiraopreto.com.br\/wp-content\/uploads\/2025\/04\/Copia-de-Copia-de-Copia-de-TAMANHO-EXATO-PARA-FOTOS-NO-SISTEMA-NOVO-6_2025-04-23_20-04-18.webp.webp?fit=1200%2C675&ssl=1&resize=350%2C200","width":350,"height":200,"srcset":"https:\/\/i0.wp.com\/noticiasribeiraopreto.com.br\/wp-content\/uploads\/2025\/04\/Copia-de-Copia-de-Copia-de-TAMANHO-EXATO-PARA-FOTOS-NO-SISTEMA-NOVO-6_2025-04-23_20-04-18.webp.webp?fit=1200%2C675&ssl=1&resize=350%2C200 1x, https:\/\/i0.wp.com\/noticiasribeiraopreto.com.br\/wp-content\/uploads\/2025\/04\/Copia-de-Copia-de-Copia-de-TAMANHO-EXATO-PARA-FOTOS-NO-SISTEMA-NOVO-6_2025-04-23_20-04-18.webp.webp?fit=1200%2C675&ssl=1&resize=525%2C300 1.5x, https:\/\/i0.wp.com\/noticiasribeiraopreto.com.br\/wp-content\/uploads\/2025\/04\/Copia-de-Copia-de-Copia-de-TAMANHO-EXATO-PARA-FOTOS-NO-SISTEMA-NOVO-6_2025-04-23_20-04-18.webp.webp?fit=1200%2C675&ssl=1&resize=700%2C400 2x, https:\/\/i0.wp.com\/noticiasribeiraopreto.com.br\/wp-content\/uploads\/2025\/04\/Copia-de-Copia-de-Copia-de-TAMANHO-EXATO-PARA-FOTOS-NO-SISTEMA-NOVO-6_2025-04-23_20-04-18.webp.webp?fit=1200%2C675&ssl=1&resize=1050%2C600 3x"},"classes":[]},{"id":37476,"url":"https:\/\/noticiasribeiraopreto.com.br\/index.php\/2024\/02\/16\/rio-negro-denuncia-abandono-de-estrada-com-nome-da-dupla-no-interior-de-sp\/","url_meta":{"origin":75633,"position":3},"title":"Rio Negro denuncia abandono de estrada com nome da dupla no interior de SP","author":"noticiasribeiraopreto.com.br","date":"16 de February de 2024","format":false,"excerpt":"O sertanejo Rio Negro, da dupla Rio Negro e Solim\u00f5es, denuncia a falta de manuten\u00e7\u00e3o da rodovia que recebe o nome dos cantores, a (SP-336), que liga Franca a Batatais, na regi\u00e3o de Ribeir\u00e3o Preto. Segundo Rio Negro, que tem propriedade na regi\u00e3o e passa pela estrada com frequ\u00eancia, faz\u2026","rel":"","context":"In &quot;Not\u00edcias de Ribeir\u00e3o Preto-SP e Regi\u00e3o&quot;","block_context":{"text":"Not\u00edcias de Ribeir\u00e3o Preto-SP e Regi\u00e3o","link":"https:\/\/noticiasribeiraopreto.com.br\/index.php\/category\/noticias-de-ribeirao-preto-sp-e-regiao-ismael-colosi\/"},"img":{"alt_text":"","src":"https:\/\/i0.wp.com\/noticiasribeiraopreto.com.br\/wp-content\/uploads\/2024\/02\/WhatsApp-Image-2024-02-16-at-12.24.14.jpeg?fit=1200%2C545&ssl=1&resize=350%2C200","width":350,"height":200,"srcset":"https:\/\/i0.wp.com\/noticiasribeiraopreto.com.br\/wp-content\/uploads\/2024\/02\/WhatsApp-Image-2024-02-16-at-12.24.14.jpeg?fit=1200%2C545&ssl=1&resize=350%2C200 1x, https:\/\/i0.wp.com\/noticiasribeiraopreto.com.br\/wp-content\/uploads\/2024\/02\/WhatsApp-Image-2024-02-16-at-12.24.14.jpeg?fit=1200%2C545&ssl=1&resize=525%2C300 1.5x, https:\/\/i0.wp.com\/noticiasribeiraopreto.com.br\/wp-content\/uploads\/2024\/02\/WhatsApp-Image-2024-02-16-at-12.24.14.jpeg?fit=1200%2C545&ssl=1&resize=700%2C400 2x, https:\/\/i0.wp.com\/noticiasribeiraopreto.com.br\/wp-content\/uploads\/2024\/02\/WhatsApp-Image-2024-02-16-at-12.24.14.jpeg?fit=1200%2C545&ssl=1&resize=1050%2C600 3x"},"classes":[]},{"id":84232,"url":"https:\/\/noticiasribeiraopreto.com.br\/index.php\/2026\/04\/05\/corpo-de-adolescente-de-14-anos-e-localizado-apos-desaparecer-em-rio\/","url_meta":{"origin":75633,"position":4},"title":"Corpo de adolescente de 14 anos \u00e9 localizado ap\u00f3s desaparecer em rio","author":"noticiasribeiraopreto.com.br","date":"5 de April de 2026","format":false,"excerpt":"Ler o resumo da not\u00edcia Corpo de adolescente de 14 anos \u00e9 localizado ap\u00f3s desaparecer em rio O corpo da adolescente Isabelly Silva Pimentel, de 14 anos, foi encontrado na manh\u00e3 deste domingo (5) pelo Corpo de Bombeiros, em Guar\u00e1, no interior de S\u00e3o Paulo. A informa\u00e7\u00e3o foi confirmada pela\u2026","rel":"","context":"In &quot;Not\u00edcias de Ribeir\u00e3o Preto-SP e Regi\u00e3o&quot;","block_context":{"text":"Not\u00edcias de Ribeir\u00e3o Preto-SP e Regi\u00e3o","link":"https:\/\/noticiasribeiraopreto.com.br\/index.php\/category\/noticias-de-ribeirao-preto-sp-e-regiao-ismael-colosi\/"},"img":{"alt_text":"","src":"https:\/\/i0.wp.com\/noticiasribeiraopreto.com.br\/wp-content\/uploads\/2026\/04\/image_2026-04-05_14-55-51.webp.webp?fit=984%2C616&ssl=1&resize=350%2C200","width":350,"height":200,"srcset":"https:\/\/i0.wp.com\/noticiasribeiraopreto.com.br\/wp-content\/uploads\/2026\/04\/image_2026-04-05_14-55-51.webp.webp?fit=984%2C616&ssl=1&resize=350%2C200 1x, https:\/\/i0.wp.com\/noticiasribeiraopreto.com.br\/wp-content\/uploads\/2026\/04\/image_2026-04-05_14-55-51.webp.webp?fit=984%2C616&ssl=1&resize=525%2C300 1.5x, https:\/\/i0.wp.com\/noticiasribeiraopreto.com.br\/wp-content\/uploads\/2026\/04\/image_2026-04-05_14-55-51.webp.webp?fit=984%2C616&ssl=1&resize=700%2C400 2x"},"classes":[]},{"id":83096,"url":"https:\/\/noticiasribeiraopreto.com.br\/index.php\/2026\/03\/09\/adolescente-de-14-anos-morre-afogado-apos-pular-de-ponte-interditada-no-rio-grande\/","url_meta":{"origin":75633,"position":5},"title":"Adolescente de 14 anos morre afogado ap\u00f3s pular de ponte interditada no Rio Grande","author":"noticiasribeiraopreto.com.br","date":"9 de March de 2026","format":false,"excerpt":"Um adolescente de 14 anos morreu afogado na tarde deste s\u00e1bado (7) ap\u00f3s pular de uma ponte sobre o Rio Grande, em um trecho entre Igarapava, no interior de S\u00e3o Paulo, e Delta, em Minas Gerais. O local permanece interditado por causa de problemas estruturais, segundo informa\u00e7\u00f5es da Defesa Civil\u2026","rel":"","context":"In &quot;Not\u00edcias de Ribeir\u00e3o Preto-SP e Regi\u00e3o&quot;","block_context":{"text":"Not\u00edcias de Ribeir\u00e3o Preto-SP e Regi\u00e3o","link":"https:\/\/noticiasribeiraopreto.com.br\/index.php\/category\/noticias-de-ribeirao-preto-sp-e-regiao-ismael-colosi\/"},"img":{"alt_text":"","src":"https:\/\/i0.wp.com\/noticiasribeiraopreto.com.br\/wp-content\/uploads\/2026\/03\/palace-56_2026-03-08_19-14-59.webp.webp?fit=1200%2C675&ssl=1&resize=350%2C200","width":350,"height":200,"srcset":"https:\/\/i0.wp.com\/noticiasribeiraopreto.com.br\/wp-content\/uploads\/2026\/03\/palace-56_2026-03-08_19-14-59.webp.webp?fit=1200%2C675&ssl=1&resize=350%2C200 1x, https:\/\/i0.wp.com\/noticiasribeiraopreto.com.br\/wp-content\/uploads\/2026\/03\/palace-56_2026-03-08_19-14-59.webp.webp?fit=1200%2C675&ssl=1&resize=525%2C300 1.5x, https:\/\/i0.wp.com\/noticiasribeiraopreto.com.br\/wp-content\/uploads\/2026\/03\/palace-56_2026-03-08_19-14-59.webp.webp?fit=1200%2C675&ssl=1&resize=700%2C400 2x, https:\/\/i0.wp.com\/noticiasribeiraopreto.com.br\/wp-content\/uploads\/2026\/03\/palace-56_2026-03-08_19-14-59.webp.webp?fit=1200%2C675&ssl=1&resize=1050%2C600 3x"},"classes":[]}],"jetpack_sharing_enabled":true,"jetpack_shortlink":"https:\/\/wp.me\/peQAOb-jFT","_links":{"self":[{"href":"https:\/\/noticiasribeiraopreto.com.br\/index.php\/wp-json\/wp\/v2\/posts\/75633","targetHints":{"allow":["GET"]}}],"collection":[{"href":"https:\/\/noticiasribeiraopreto.com.br\/index.php\/wp-json\/wp\/v2\/posts"}],"about":[{"href":"https:\/\/noticiasribeiraopreto.com.br\/index.php\/wp-json\/wp\/v2\/types\/post"}],"author":[{"embeddable":true,"href":"https:\/\/noticiasribeiraopreto.com.br\/index.php\/wp-json\/wp\/v2\/users\/1"}],"replies":[{"embeddable":true,"href":"https:\/\/noticiasribeiraopreto.com.br\/index.php\/wp-json\/wp\/v2\/comments?post=75633"}],"version-history":[{"count":0,"href":"https:\/\/noticiasribeiraopreto.com.br\/index.php\/wp-json\/wp\/v2\/posts\/75633\/revisions"}],"wp:featuredmedia":[{"embeddable":true,"href":"https:\/\/noticiasribeiraopreto.com.br\/index.php\/wp-json\/wp\/v2\/media\/75634"}],"wp:attachment":[{"href":"https:\/\/noticiasribeiraopreto.com.br\/index.php\/wp-json\/wp\/v2\/media?parent=75633"}],"wp:term":[{"taxonomy":"category","embeddable":true,"href":"https:\/\/noticiasribeiraopreto.com.br\/index.php\/wp-json\/wp\/v2\/categories?post=75633"},{"taxonomy":"post_tag","embeddable":true,"href":"https:\/\/noticiasribeiraopreto.com.br\/index.php\/wp-json\/wp\/v2\/tags?post=75633"}],"curies":[{"name":"wp","href":"https:\/\/api.w.org\/{rel}","templated":true}]}}