{"id":75635,"date":"2025-08-12T21:50:47","date_gmt":"2025-08-13T00:50:47","guid":{"rendered":"https:\/\/noticiasribeiraopreto.com.br\/index.php\/2025\/08\/12\/parada-lgbtqiapn-tera-esquema-especial-de-transito-em-ribeirao-preto\/"},"modified":"2025-08-12T21:50:47","modified_gmt":"2025-08-13T00:50:47","slug":"parada-lgbtqiapn-tera-esquema-especial-de-transito-em-ribeirao-preto","status":"publish","type":"post","link":"https:\/\/noticiasribeiraopreto.com.br\/index.php\/2025\/08\/12\/parada-lgbtqiapn-tera-esquema-especial-de-transito-em-ribeirao-preto\/","title":{"rendered":"Parada LGBTQIAPN+ ter\u00e1 esquema especial de tr\u00e2nsito em Ribeir\u00e3o Preto"},"content":{"rendered":"<div class='code-block code-block-1' style='margin: 8px 0 8px auto; text-align: right; display: block; clear: both;'>\n<p><a href=\"https:\/\/wa.link\/vpicfd\"><img data-recalc-dims=\"1\" class=\"wp-image-4922\" style=\"aspect-ratio: 2.0253164556962027; width: 561px; height: auto;\" src=\"https:\/\/i0.wp.com\/ismaelcolosi.com.br\/wp-content\/uploads\/2023\/11\/grupo-de-empregos-whatsapp-e-facebook-ismael-colosi-vagas.jpg?ssl=1\" alt=\"\" \/><\/a><\/p>\n<!-- \/wp:image -->\n<\/div>\n<p> <br \/>\n<\/p>\n<div data-td-block-uid=\"tdi_95\">\n<div class=\"tdb-block-inner td-fix-index\">\n<p>A <strong>21\u00aa Parada LGBTQIAPN+ de Ribeir\u00e3o Preto<\/strong> acontece neste domingo, 17 de agosto, <strong>com concentra\u00e7\u00e3o a partir das 13h no cruzamento das avenidas Presidente Vargas e Jo\u00e3o Fi\u00fasa<\/strong>, na zona Sul da cidade.<\/p>\n<p>Os trios el\u00e9tricos seguem pela <strong>avenida Presidente Vargas at\u00e9 a avenida Ant\u00f4nio Diederichsen<\/strong> e encerram o percurso na<strong> Pra\u00e7a Jo\u00e3o Marchesi<\/strong>, no Jardim S\u00e3o Luiz, onde acontecem shows e apresenta\u00e7\u00f5es art\u00edsticas.<\/p>\n<h3 class=\"wp-block-heading\"><strong>Mudan\u00e7as no tr\u00e2nsito<\/strong><\/h3>\n<p>O trajeto contar\u00e1 com sinaliza\u00e7\u00e3o da <strong>RP Mobi e agentes de tr\u00e2nsito estar\u00e3o presentes para orientar os motoristas<\/strong>. A Prefeitura vai relizar bloqueios parciais nas avenidas Presidente Vargas, Jo\u00e3o Fi\u00fasa e Ant\u00f4nio Diederichsen durante o evento.<\/p>\n<p>Na Pra\u00e7a Jo\u00e3o Marchesi, <strong>o acesso ser\u00e1 controlado com revista na entrada<\/strong>, e a entrada de garrafas ou objetos perfurantes ser\u00e1 proibida. Banheiros qu\u00edmicos estar\u00e3o dispon\u00edveis para o conforto do p\u00fablico.<\/p>\n<p>O evento contar\u00e1 com o apoio da Pol\u00edcia Militar, da Guarda Civil Metropolitana e das equipes de limpeza, que atuar\u00e3o durante toda a programa\u00e7\u00e3o, que segue at\u00e9 as 22h.<\/p>\n<hr class=\"wp-block-separator has-alpha-channel-opacity\"\/>\n<p>SAIBA MAIS<br \/>Estudante de Ribeir\u00e3o Preto lan\u00e7a livro sobre preven\u00e7\u00e3o de afogamentos infantis<\/p>\n<h3 class=\"wp-block-heading\"><strong>FIQUE ON\u00a0\u00a0\u00a0\u00a0\u00a0\u00a0\u00a0\u00a0\u00a0<\/strong><\/h3>\n<p>Quer ficar por dentro de tudo que acontece em Ribeir\u00e3o Preto e regi\u00e3o? Ent\u00e3o siga os perfis do\u202facidade on\u202fno\u202f<a href=\"https:\/\/www.instagram.com\/acidadeonribeirao\" target=\"_blank\" rel=\"noreferrer noopener\">Instagram<\/a>\u202fe no\u202f<a href=\"https:\/\/www.facebook.com\/acidadeonribeirao\/\" target=\"_blank\" rel=\"noreferrer noopener\">Facebook<\/a>.<\/p>\n<p>Al\u00e9m disso, voc\u00ea pode receber as principais not\u00edcias diretamente no WhatsApp. Para isso, basta\u00a0<a href=\"https:\/\/chat.whatsapp.com\/BjKQZ9oJwlz8VVT50NuePq\" target=\"_blank\" rel=\"noreferrer noopener\">entrar no grupo clicando aqui<\/a>.<\/p>\n<p>Por fim, se quiser fazer uma den\u00fancia ou sugerir uma reportagem sobre Ribeir\u00e3o Preto e regi\u00e3o, envie uma mensagem pelo WhatsApp: (16) 99117-7802.<\/p>\n<p>VEJA TAMB\u00c9M<br \/>Quando ser\u00e1 lan\u00e7ado o novo \u00e1lbum da Taylor Swift?<\/p>\n<p><!-- AI CONTENT END 1 -->\n<\/div>\n<\/div>\n<p><script async src=\"\/\/www.instagram.com\/embed.js\"><\/script><br \/>\n<br \/><br \/>\n<br \/><a href=\"https:\/\/www.acidadeon.com\/ribeiraopreto\/lazer-e-cultura\/parada-lgbtqiapn-tera-esquema-especial-de-transito-em-ribeirao-preto\/\">Source link <\/a><\/p>\n<!-- CONTENT END 1 -->\n","protected":false},"excerpt":{"rendered":"<p>A 21\u00aa Parada LGBTQIAPN+ de Ribeir\u00e3o Preto acontece neste domingo, 17 de agosto, com concentra\u00e7\u00e3o a partir das 13h no cruzamento das avenidas Presidente Vargas&#8230;<\/p>\n","protected":false},"author":1,"featured_media":75636,"comment_status":"open","ping_status":"open","sticky":false,"template":"","format":"standard","meta":{"advanced_seo_description":"","jetpack_seo_html_title":"","jetpack_seo_noindex":false,"jetpack_post_was_ever_published":false,"_jetpack_newsletter_access":"","_jetpack_dont_email_post_to_subs":false,"_jetpack_newsletter_tier_id":0,"_jetpack_memberships_contains_paywalled_content":false,"_jetpack_memberships_contains_paid_content":false,"footnotes":"","jetpack_publicize_message":"","jetpack_publicize_feature_enabled":true,"jetpack_social_post_already_shared":true,"jetpack_social_options":{"image_generator_settings":{"template":"highway","default_image_id":0,"font":"","enabled":false},"version":2}},"categories":[11],"tags":[],"class_list":["post-75635","post","type-post","status-publish","format-standard","has-post-thumbnail","hentry","category-noticias-de-ribeirao-preto-sp-e-regiao-ismael-colosi"],"jetpack_publicize_connections":[],"jetpack_featured_media_url":"https:\/\/i0.wp.com\/noticiasribeiraopreto.com.br\/wp-content\/uploads\/2025\/08\/transito-sca_2025-08-12_22-20-28.webp.webp?fit=1200%2C675&ssl=1","jetpack-related-posts":[{"id":75839,"url":"https:\/\/noticiasribeiraopreto.com.br\/index.php\/2025\/08\/16\/eventos-forcam-bloqueios-em-rp\/","url_meta":{"origin":75635,"position":0},"title":"Eventos for\u00e7am bloqueios em RP\u00a0","author":"noticiasribeiraopreto.com.br","date":"16 de August de 2025","format":false,"excerpt":"16 de agosto de 2025 12:0016 de agosto de 2025 11:136 Compartilhar0 Motoristas devem ficar atentos aos bloqueios e utilizar as rotas alternativas indicadas para evitar transtornos \u00a0\u00a0A RP Mobi \u2013 Empresa de Mobilidade Urbana de Ribeir\u00e3o Preto S.A, a antiga Transerp, respons\u00e1vel pelo tr\u00e2nsito e transporte \u2013 informa que\u2026","rel":"","context":"In &quot;Not\u00edcias de Ribeir\u00e3o Preto-SP e Regi\u00e3o&quot;","block_context":{"text":"Not\u00edcias de Ribeir\u00e3o Preto-SP e Regi\u00e3o","link":"https:\/\/noticiasribeiraopreto.com.br\/index.php\/category\/noticias-de-ribeirao-preto-sp-e-regiao-ismael-colosi\/"},"img":{"alt_text":"","src":"https:\/\/i0.wp.com\/noticiasribeiraopreto.com.br\/wp-content\/uploads\/2025\/08\/Bloqueio-scaled.jpeg?fit=1170%2C780&ssl=1&resize=350%2C200","width":350,"height":200,"srcset":"https:\/\/i0.wp.com\/noticiasribeiraopreto.com.br\/wp-content\/uploads\/2025\/08\/Bloqueio-scaled.jpeg?fit=1170%2C780&ssl=1&resize=350%2C200 1x, https:\/\/i0.wp.com\/noticiasribeiraopreto.com.br\/wp-content\/uploads\/2025\/08\/Bloqueio-scaled.jpeg?fit=1170%2C780&ssl=1&resize=525%2C300 1.5x, https:\/\/i0.wp.com\/noticiasribeiraopreto.com.br\/wp-content\/uploads\/2025\/08\/Bloqueio-scaled.jpeg?fit=1170%2C780&ssl=1&resize=700%2C400 2x, https:\/\/i0.wp.com\/noticiasribeiraopreto.com.br\/wp-content\/uploads\/2025\/08\/Bloqueio-scaled.jpeg?fit=1170%2C780&ssl=1&resize=1050%2C600 3x"},"classes":[]},{"id":75855,"url":"https:\/\/noticiasribeiraopreto.com.br\/index.php\/2025\/08\/16\/parada-do-orgulho-lgbtqiapn-de-ribeirao-preto-acontece-neste-domingo\/","url_meta":{"origin":75635,"position":1},"title":"Parada do Orgulho LGBTQIAPN+ de Ribeir\u00e3o Preto acontece neste domingo","author":"noticiasribeiraopreto.com.br","date":"16 de August de 2025","format":false,"excerpt":"A 21\u00aa edi\u00e7\u00e3o da Parada do Orgulho LGBTQIAPN+\u00a0de\u00a0Ribeir\u00e3o Preto acontece neste domingo (17), com concentra\u00e7\u00e3o a partir das\u00a013h,\u00a0no cruzamento das\u00a0avenidas Presidente Vargas\u00a0e\u00a0Jo\u00e3o Fi\u00fasa, na\u00a0zona Sul\u00a0de Ribeir\u00e3o Preto. O evento reunir\u00e1 mais diversas atra\u00e7\u00f5es musicais e 350 caravanas de v\u00e1rias regi\u00f5es do Pa\u00eds. Com o tema\u00a0\u201cOrgulho n\u00e3o envelhece, fica marcado na\u2026","rel":"","context":"In &quot;Not\u00edcias de Ribeir\u00e3o Preto-SP e Regi\u00e3o&quot;","block_context":{"text":"Not\u00edcias de Ribeir\u00e3o Preto-SP e Regi\u00e3o","link":"https:\/\/noticiasribeiraopreto.com.br\/index.php\/category\/noticias-de-ribeirao-preto-sp-e-regiao-ismael-colosi\/"},"img":{"alt_text":"","src":"https:\/\/i0.wp.com\/noticiasribeiraopreto.com.br\/wp-content\/uploads\/2025\/08\/parada-orgulho_2025-08-16_18-51-28.webp.webp?fit=1200%2C675&ssl=1&resize=350%2C200","width":350,"height":200,"srcset":"https:\/\/i0.wp.com\/noticiasribeiraopreto.com.br\/wp-content\/uploads\/2025\/08\/parada-orgulho_2025-08-16_18-51-28.webp.webp?fit=1200%2C675&ssl=1&resize=350%2C200 1x, https:\/\/i0.wp.com\/noticiasribeiraopreto.com.br\/wp-content\/uploads\/2025\/08\/parada-orgulho_2025-08-16_18-51-28.webp.webp?fit=1200%2C675&ssl=1&resize=525%2C300 1.5x, https:\/\/i0.wp.com\/noticiasribeiraopreto.com.br\/wp-content\/uploads\/2025\/08\/parada-orgulho_2025-08-16_18-51-28.webp.webp?fit=1200%2C675&ssl=1&resize=700%2C400 2x, https:\/\/i0.wp.com\/noticiasribeiraopreto.com.br\/wp-content\/uploads\/2025\/08\/parada-orgulho_2025-08-16_18-51-28.webp.webp?fit=1200%2C675&ssl=1&resize=1050%2C600 3x"},"classes":[]},{"id":75815,"url":"https:\/\/noticiasribeiraopreto.com.br\/index.php\/2025\/08\/15\/rp-mobi-alerta-para-bloqueios-e-rotas-alternativas-durante-eventos-em-ribeirao\/","url_meta":{"origin":75635,"position":2},"title":"RP Mobi alerta para bloqueios e rotas alternativas durante eventos em Ribeir\u00e3o","author":"noticiasribeiraopreto.com.br","date":"15 de August de 2025","format":false,"excerpt":"O tr\u00e2nsito de Ribeir\u00e3o Preto sofrer\u00e1 altera\u00e7\u00f5es neste final de semana devido \u00e0 realiza\u00e7\u00e3o de tr\u00eas eventos no munic\u00edpio. Por esse motivo, a RP Mobi, empresa de mobilidade urbana da cidade, alerta os condutores a ficarem atentos aos bloqueios e a utilizarem rotas alternativas para evitar transtornos (veja abaixo). Bloqueios\u2026","rel":"","context":"In &quot;Not\u00edcias de Ribeir\u00e3o Preto-SP e Regi\u00e3o&quot;","block_context":{"text":"Not\u00edcias de Ribeir\u00e3o Preto-SP e Regi\u00e3o","link":"https:\/\/noticiasribeiraopreto.com.br\/index.php\/category\/noticias-de-ribeirao-preto-sp-e-regiao-ismael-colosi\/"},"img":{"alt_text":"","src":"https:\/\/i0.wp.com\/noticiasribeiraopreto.com.br\/wp-content\/uploads\/2025\/08\/a.ok_.interdicoestransito_2025-08-15_19-33-18.webp.webp?fit=1200%2C800&ssl=1&resize=350%2C200","width":350,"height":200,"srcset":"https:\/\/i0.wp.com\/noticiasribeiraopreto.com.br\/wp-content\/uploads\/2025\/08\/a.ok_.interdicoestransito_2025-08-15_19-33-18.webp.webp?fit=1200%2C800&ssl=1&resize=350%2C200 1x, https:\/\/i0.wp.com\/noticiasribeiraopreto.com.br\/wp-content\/uploads\/2025\/08\/a.ok_.interdicoestransito_2025-08-15_19-33-18.webp.webp?fit=1200%2C800&ssl=1&resize=525%2C300 1.5x, https:\/\/i0.wp.com\/noticiasribeiraopreto.com.br\/wp-content\/uploads\/2025\/08\/a.ok_.interdicoestransito_2025-08-15_19-33-18.webp.webp?fit=1200%2C800&ssl=1&resize=700%2C400 2x, https:\/\/i0.wp.com\/noticiasribeiraopreto.com.br\/wp-content\/uploads\/2025\/08\/a.ok_.interdicoestransito_2025-08-15_19-33-18.webp.webp?fit=1200%2C800&ssl=1&resize=1050%2C600 3x"},"classes":[]},{"id":52622,"url":"https:\/\/noticiasribeiraopreto.com.br\/index.php\/2024\/06\/10\/ribeirao-celebra-20-anos-de-parada-lgbtqiap-com-shows-e-apresentacoes-veja-programacao\/","url_meta":{"origin":75635,"position":3},"title":"Ribeir\u00e3o celebra 20 anos de Parada LGBTQIAP+ com shows e apresenta\u00e7\u00f5es; Veja programa\u00e7\u00e3o","author":"noticiasribeiraopreto.com.br","date":"10 de June de 2024","format":false,"excerpt":"A 20\u00aa edi\u00e7\u00e3o da Parada LGBTQIAP+ de Ribeir\u00e3o Preto acontece neste domingo (16), com concentra\u00e7\u00e3o a partir das 13h, no cruzamento das avenidas Presidente Vargas e Jo\u00e3o Fi\u00fasa, na zona Sul do munic\u00edpio. Dois trios el\u00e9tricos far\u00e3o um trajeto de 40 minutos pelas avenidas Ant\u00f4nio Diederichsen e 9 de Julho,\u2026","rel":"","context":"In &quot;Not\u00edcias de Ribeir\u00e3o Preto-SP e Regi\u00e3o&quot;","block_context":{"text":"Not\u00edcias de Ribeir\u00e3o Preto-SP e Regi\u00e3o","link":"https:\/\/noticiasribeiraopreto.com.br\/index.php\/category\/noticias-de-ribeirao-preto-sp-e-regiao-ismael-colosi\/"},"img":{"alt_text":"","src":"https:\/\/i0.wp.com\/noticiasribeiraopreto.com.br\/wp-content\/uploads\/2024\/06\/WhatsApp-Image-2024-06-10-at-17.39.34_2024-06-10_20-52-57_jpeg_2024-06-10_20-52-57.webp.webp?fit=1200%2C800&ssl=1&resize=350%2C200","width":350,"height":200,"srcset":"https:\/\/i0.wp.com\/noticiasribeiraopreto.com.br\/wp-content\/uploads\/2024\/06\/WhatsApp-Image-2024-06-10-at-17.39.34_2024-06-10_20-52-57_jpeg_2024-06-10_20-52-57.webp.webp?fit=1200%2C800&ssl=1&resize=350%2C200 1x, https:\/\/i0.wp.com\/noticiasribeiraopreto.com.br\/wp-content\/uploads\/2024\/06\/WhatsApp-Image-2024-06-10-at-17.39.34_2024-06-10_20-52-57_jpeg_2024-06-10_20-52-57.webp.webp?fit=1200%2C800&ssl=1&resize=525%2C300 1.5x, https:\/\/i0.wp.com\/noticiasribeiraopreto.com.br\/wp-content\/uploads\/2024\/06\/WhatsApp-Image-2024-06-10-at-17.39.34_2024-06-10_20-52-57_jpeg_2024-06-10_20-52-57.webp.webp?fit=1200%2C800&ssl=1&resize=700%2C400 2x, https:\/\/i0.wp.com\/noticiasribeiraopreto.com.br\/wp-content\/uploads\/2024\/06\/WhatsApp-Image-2024-06-10-at-17.39.34_2024-06-10_20-52-57_jpeg_2024-06-10_20-52-57.webp.webp?fit=1200%2C800&ssl=1&resize=1050%2C600 3x"},"classes":[]},{"id":75485,"url":"https:\/\/noticiasribeiraopreto.com.br\/index.php\/2025\/08\/09\/21a-parada-lgbt-de-ribeirao-preto-homenageia-pessoas-com-60-anos-ou-mais\/","url_meta":{"origin":75635,"position":4},"title":"21\u00aa Parada LGBT+ de Ribeir\u00e3o Preto homenageia pessoas com 60 anos ou mais","author":"noticiasribeiraopreto.com.br","date":"9 de August de 2025","format":false,"excerpt":"A ONG Arco-\u00cdris realiza nesta segunda-feira (11) o lan\u00e7amento oficial da 21\u00aa edi\u00e7\u00e3o da Parada do Orgulho LGBTQIAPN+ de Ribeir\u00e3o Preto. O evento ser\u00e1 realizado \u00e0s 10h, no Hotel Ibis, anexo ao Ribeir\u00e3oShopping, e contar\u00e1 com a presen\u00e7a de autoridades, patrocinadores, apoiadores e representantes da imprensa. Com o tema \u201cOrgulho\u2026","rel":"","context":"In &quot;Not\u00edcias de Ribeir\u00e3o Preto-SP e Regi\u00e3o&quot;","block_context":{"text":"Not\u00edcias de Ribeir\u00e3o Preto-SP e Regi\u00e3o","link":"https:\/\/noticiasribeiraopreto.com.br\/index.php\/category\/noticias-de-ribeirao-preto-sp-e-regiao-ismael-colosi\/"},"img":{"alt_text":"","src":"","width":0,"height":0},"classes":[]},{"id":78460,"url":"https:\/\/noticiasribeiraopreto.com.br\/index.php\/2025\/10\/10\/transito-de-ribeirao-preto-tera-interdicoes-para-eventos-no-fim-de-semana-confira\/","url_meta":{"origin":75635,"position":5},"title":"Tr\u00e2nsito de Ribeir\u00e3o Preto ter\u00e1 interdi\u00e7\u00f5es para eventos no fim de semana; Confira","author":"noticiasribeiraopreto.com.br","date":"10 de October de 2025","format":false,"excerpt":"O tr\u00e2nsito de Ribeir\u00e3o Preto ter\u00e1 tr\u00eas interdi\u00e7\u00f5es neste fim de semana por conta de eventos na cidade. Segundo a RP Mobi, empresa respons\u00e1vel pela mobilidade urbana, os condutores devem ficar atentos aos bloqueios e utilizar as rotas alternativas indicadas para evitar transtornos. S\u00e1bado, 11 de outubro Festival Repique Local:\u2026","rel":"","context":"In &quot;Not\u00edcias de Ribeir\u00e3o Preto-SP e Regi\u00e3o&quot;","block_context":{"text":"Not\u00edcias de Ribeir\u00e3o Preto-SP e Regi\u00e3o","link":"https:\/\/noticiasribeiraopreto.com.br\/index.php\/category\/noticias-de-ribeirao-preto-sp-e-regiao-ismael-colosi\/"},"img":{"alt_text":"","src":"https:\/\/i0.wp.com\/noticiasribeiraopreto.com.br\/wp-content\/uploads\/2025\/10\/rp-mobi_2025-10-10_19-36-20.webp.webp?fit=1200%2C800&ssl=1&resize=350%2C200","width":350,"height":200,"srcset":"https:\/\/i0.wp.com\/noticiasribeiraopreto.com.br\/wp-content\/uploads\/2025\/10\/rp-mobi_2025-10-10_19-36-20.webp.webp?fit=1200%2C800&ssl=1&resize=350%2C200 1x, https:\/\/i0.wp.com\/noticiasribeiraopreto.com.br\/wp-content\/uploads\/2025\/10\/rp-mobi_2025-10-10_19-36-20.webp.webp?fit=1200%2C800&ssl=1&resize=525%2C300 1.5x, https:\/\/i0.wp.com\/noticiasribeiraopreto.com.br\/wp-content\/uploads\/2025\/10\/rp-mobi_2025-10-10_19-36-20.webp.webp?fit=1200%2C800&ssl=1&resize=700%2C400 2x, https:\/\/i0.wp.com\/noticiasribeiraopreto.com.br\/wp-content\/uploads\/2025\/10\/rp-mobi_2025-10-10_19-36-20.webp.webp?fit=1200%2C800&ssl=1&resize=1050%2C600 3x"},"classes":[]}],"jetpack_sharing_enabled":true,"jetpack_shortlink":"https:\/\/wp.me\/peQAOb-jFV","_links":{"self":[{"href":"https:\/\/noticiasribeiraopreto.com.br\/index.php\/wp-json\/wp\/v2\/posts\/75635","targetHints":{"allow":["GET"]}}],"collection":[{"href":"https:\/\/noticiasribeiraopreto.com.br\/index.php\/wp-json\/wp\/v2\/posts"}],"about":[{"href":"https:\/\/noticiasribeiraopreto.com.br\/index.php\/wp-json\/wp\/v2\/types\/post"}],"author":[{"embeddable":true,"href":"https:\/\/noticiasribeiraopreto.com.br\/index.php\/wp-json\/wp\/v2\/users\/1"}],"replies":[{"embeddable":true,"href":"https:\/\/noticiasribeiraopreto.com.br\/index.php\/wp-json\/wp\/v2\/comments?post=75635"}],"version-history":[{"count":0,"href":"https:\/\/noticiasribeiraopreto.com.br\/index.php\/wp-json\/wp\/v2\/posts\/75635\/revisions"}],"wp:featuredmedia":[{"embeddable":true,"href":"https:\/\/noticiasribeiraopreto.com.br\/index.php\/wp-json\/wp\/v2\/media\/75636"}],"wp:attachment":[{"href":"https:\/\/noticiasribeiraopreto.com.br\/index.php\/wp-json\/wp\/v2\/media?parent=75635"}],"wp:term":[{"taxonomy":"category","embeddable":true,"href":"https:\/\/noticiasribeiraopreto.com.br\/index.php\/wp-json\/wp\/v2\/categories?post=75635"},{"taxonomy":"post_tag","embeddable":true,"href":"https:\/\/noticiasribeiraopreto.com.br\/index.php\/wp-json\/wp\/v2\/tags?post=75635"}],"curies":[{"name":"wp","href":"https:\/\/api.w.org\/{rel}","templated":true}]}}