{"id":75637,"date":"2025-08-13T07:13:11","date_gmt":"2025-08-13T10:13:11","guid":{"rendered":"https:\/\/noticiasribeiraopreto.com.br\/index.php\/2025\/08\/13\/prefeitura-recolhe-200-t-de-residuos-da-lagoa-do-saibro\/"},"modified":"2025-08-13T07:13:11","modified_gmt":"2025-08-13T10:13:11","slug":"prefeitura-recolhe-200-t-de-residuos-da-lagoa-do-saibro","status":"publish","type":"post","link":"https:\/\/noticiasribeiraopreto.com.br\/index.php\/2025\/08\/13\/prefeitura-recolhe-200-t-de-residuos-da-lagoa-do-saibro\/","title":{"rendered":"Prefeitura recolhe 200 t de res\u00edduos da Lagoa do Saibro"},"content":{"rendered":"<div class='code-block code-block-1' style='margin: 8px 0 8px auto; text-align: right; display: block; clear: both;'>\n<p><a href=\"https:\/\/wa.link\/vpicfd\"><img data-recalc-dims=\"1\" class=\"wp-image-4922\" style=\"aspect-ratio: 2.0253164556962027; width: 561px; height: auto;\" src=\"https:\/\/i0.wp.com\/ismaelcolosi.com.br\/wp-content\/uploads\/2023\/11\/grupo-de-empregos-whatsapp-e-facebook-ismael-colosi-vagas.jpg?ssl=1\" alt=\"\" \/><\/a><\/p>\n<!-- \/wp:image -->\n<\/div>\n<p> <br \/>\n<\/p>\n<div id=\"\">\n<p>\n\t\t\t\t\t\t\t\t\t<span class=\"entry-meta-item penci-posted-on\"><i class=\"fa fa-clock-o\"\/><time class=\"entry-date published\" datetime=\"2025-08-13T07:10:54-03:00\">13 de agosto de 2025 07:10<\/time><time class=\"updated\" datetime=\"2025-08-13T06:37:29-03:00\">13 de agosto de 2025 06:37<\/time><\/span><span class=\"entry-meta-item penci-post-countview\"><span class=\"entry-meta-item penci-post-countview penci_post-meta_item\"><i class=\"fa fa-eye\"\/><span class=\"penci-post-countview-number penci-post-countview-p434885\">8<\/span><\/span><\/span>\t\t\t\t\t\t\t\t<\/p>\n<p><!-- .entry-meta --><br \/>\n\t\t\t\t\t\t\t\t<span class=\"penci-social-buttons penci-social-share-footer\"><span class=\"penci-social-share-text\">Compartilhar<\/span><a href=\"#\" class=\"penci-post-like penci_post-meta_item  single-like-button penci-social-item like\" data-post_id=\"434885\" title=\"Like\" data-like=\"Like\" data-unlike=\"Unlike\"><i class=\"fa fa-thumbs-o-up\"\/><span class=\"penci-share-number\">0<\/span><\/a><i class=\"fa fa-facebook\"\/><a class=\"penci-social-item twitter\" target=\"_blank\" rel=\"noopener\" title=\"\" href=\"https:\/\/twitter.com\/intent\/tweet?text=Prefeitura%20recolhe%20%20200%20t%20de%20res\u00edduos%20da%20Lagoa%20do%20Saibro%20-%20https:\/\/www.tribunaribeirao.com.br\/prefeitura-recolhe-200-t-de-residuos-da-lagoa-do-saibro\/\"><i class=\"fa fa-twitter\"\/><\/a><i class=\"fa fa-linkedin\"\/><i class=\"fa fa-whatsapp\"\/><i class=\"fa fa-telegram\"\/><i class=\"fa fa-envelope\"\/><\/span>\t\t\t\t\t\t\t<\/div>\n<div>\n<p><span class=\"TextRun SCXW115422824 BCX2\" lang=\"PT-BR\" xml:lang=\"PT-BR\" data-contrast=\"auto\"><span class=\"NormalTextRun SCXW115422824 BCX2\">A Secretaria <\/span><span class=\"NormalTextRun SCXW115422824 BCX2\">Municipal <\/span><span class=\"NormalTextRun SCXW115422824 BCX2\">de <\/span><span class=\"NormalTextRun SCXW115422824 BCX2\">Infraestrutura<\/span><span class=\"NormalTextRun SCXW115422824 BCX2\"> recolheu<\/span><span class=\"NormalTextRun SCXW115422824 BCX2\">,<\/span><span class=\"NormalTextRun SCXW115422824 BCX2\"> nesta ter\u00e7a-feira, 12<\/span><span class=\"NormalTextRun SCXW115422824 BCX2\"> de agosto<\/span><span class=\"NormalTextRun SCXW115422824 BCX2\">, cerca de 200 toneladas de res\u00edduos durante dois mutir\u00f5es de limpeza realizados na Lagoa do Saibro, na <\/span><span class=\"NormalTextRun SCXW115422824 BCX2\">Zona <\/span><span class=\"NormalTextRun SCXW115422824 BCX2\">Leste<\/span><span class=\"NormalTextRun SCXW115422824 BCX2\"> de Ribeir\u00e3o Preto<\/span><span class=\"NormalTextRun SCXW115422824 BCX2\">, e no Jardim J\u00f3quei Clube, na regi\u00e3o Norte<\/span><span class=\"NormalTextRun SCXW115422824 BCX2\"> da cidade<\/span><span class=\"NormalTextRun SCXW115422824 BCX2\">.<\/span><\/span><span class=\"LineBreakBlob BlobObject DragDrop SCXW115422824 BCX2\"><span class=\"SCXW115422824 BCX2\">\u00a0<\/span><br class=\"SCXW115422824 BCX2\"\/><\/span><span class=\"LineBreakBlob BlobObject DragDrop SCXW115422824 BCX2\"><span class=\"SCXW115422824 BCX2\">\u00a0<\/span><br class=\"SCXW115422824 BCX2\"\/><\/span><span class=\"TextRun SCXW115422824 BCX2\" lang=\"PT-BR\" xml:lang=\"PT-BR\" data-contrast=\"auto\"><span class=\"NormalTextRun SCXW115422824 BCX2\">Os mutir\u00f5es integram as a\u00e7\u00f5es planejadas pela atual gest\u00e3o para intensificar a zeladoria urbana, combater o descarte irregular e garantir uma cidade mais limpa e segura.<\/span><span class=\"NormalTextRun SCXW115422824 BCX2\"> A <\/span><span class=\"NormalTextRun SCXW115422824 BCX2\">Lagoa do Saibro <\/span><span class=\"NormalTextRun SCXW115422824 BCX2\">\u00e9 <\/span><span class=\"NormalTextRun SCXW115422824 BCX2\">\u00e1rea de recarga do <\/span><span class=\"NormalTextRun SCXW115422824 BCX2\">Aqu\u00edfero<\/span><span class=\"NormalTextRun SCXW115422824 BCX2\"> Guarani<\/span><\/span><span class=\"TextRun SCXW115422824 BCX2\" lang=\"PT-BR\" xml:lang=\"PT-BR\" data-contrast=\"none\"><span class=\"NormalTextRun SCXW115422824 BCX2\">. <\/span><\/span><span class=\"TextRun SCXW115422824 BCX2\" lang=\"PT-BR\" xml:lang=\"PT-BR\" data-contrast=\"auto\"><span class=\"NormalTextRun SCXW115422824 BCX2\">O manancial \u00e9 o maior <\/span><\/span><span class=\"TextRun SCXW115422824 BCX2\" lang=\"PT-BR\" xml:lang=\"PT-BR\" data-contrast=\"none\"><span class=\"NormalTextRun SCXW115422824 BCX2\">reservat\u00f3rio subterr\u00e2neo de \u00e1gua doce do mundo.<\/span> <\/span><span class=\"LineBreakBlob BlobObject DragDrop SCXW115422824 BCX2\"><span class=\"SCXW115422824 BCX2\">\u00a0<\/span><br class=\"SCXW115422824 BCX2\"\/><\/span><span class=\"LineBreakBlob BlobObject DragDrop SCXW115422824 BCX2\"><span class=\"SCXW115422824 BCX2\">\u00a0<\/span><br class=\"SCXW115422824 BCX2\"\/><\/span><span class=\"TextRun SCXW115422824 BCX2\" lang=\"PT-BR\" xml:lang=\"PT-BR\" data-contrast=\"auto\"><span class=\"NormalTextRun SCXW115422824 BCX2\">\u201cEsse volume expressivo, retirado em apenas dois pontos da cidade, mostra o desafio que a administra\u00e7\u00e3o municipal enfrenta. Diante do cen\u00e1rio encontrado em janeiro, estruturamos um projeto para refor\u00e7ar as a\u00e7\u00f5es de limpeza em todo o munic\u00edpio. Como <\/span><span class=\"NormalTextRun SCXW115422824 BCX2\">resultado, em sete meses, j\u00e1 recolhemos<\/span><span class=\"NormalTextRun SCXW115422824 BCX2\"> mais de 150 mil toneladas de res\u00edduos\u201d, destac<\/span><span class=\"NormalTextRun SCXW115422824 BCX2\">a <\/span><span class=\"NormalTextRun SCXW115422824 BCX2\">a secret\u00e1ria de <\/span><span class=\"NormalTextRun SCXW115422824 BCX2\">Infraestrutura<\/span><span class=\"NormalTextRun SCXW115422824 BCX2\">, Juliana <\/span><span class=\"NormalTextRun SCXW115422824 BCX2\">Ogawa<\/span><span class=\"NormalTextRun SCXW115422824 BCX2\">.<\/span><\/span><span class=\"LineBreakBlob BlobObject DragDrop SCXW115422824 BCX2\"><span class=\"SCXW115422824 BCX2\">\u00a0<\/span><br class=\"SCXW115422824 BCX2\"\/><\/span><span class=\"LineBreakBlob BlobObject DragDrop SCXW115422824 BCX2\"><span class=\"SCXW115422824 BCX2\">\u00a0<\/span><br class=\"SCXW115422824 BCX2\"\/><\/span><span class=\"TextRun SCXW115422824 BCX2\" lang=\"PT-BR\" xml:lang=\"PT-BR\" data-contrast=\"auto\"><span class=\"NormalTextRun SCXW115422824 BCX2\">Al\u00e9m dos mutir\u00f5es, a <\/span><span class=\"NormalTextRun SCXW115422824 BCX2\">s<\/span><span class=\"NormalTextRun SCXW115422824 BCX2\">ecretaria mant\u00e9m a coleta porta a porta de res\u00edduos s\u00f3lidos dom\u00e9sticos, a coleta seletiva de recicl\u00e1veis e oito <\/span><span class=\"NormalTextRun SCXW115422824 BCX2\">ecopontos<\/span><span class=\"NormalTextRun SCXW115422824 BCX2\"> distribu\u00eddos por todas as regi\u00f5es da cidade. Esses locais recebem materiais como recicl\u00e1veis secos, res\u00edduos da constru\u00e7\u00e3o civil, res\u00edduos verdes, volumosos e eletr\u00f4nicos.<\/span><\/span><span class=\"LineBreakBlob BlobObject DragDrop SCXW115422824 BCX2\"><span class=\"SCXW115422824 BCX2\">\u00a0<\/span><br class=\"SCXW115422824 BCX2\"\/><\/span><span class=\"LineBreakBlob BlobObject DragDrop SCXW115422824 BCX2\"><span class=\"SCXW115422824 BCX2\">\u00a0<\/span><br class=\"SCXW115422824 BCX2\"\/><\/span><span class=\"TextRun SCXW115422824 BCX2\" lang=\"PT-BR\" xml:lang=\"PT-BR\" data-contrast=\"auto\"><span class=\"NormalTextRun SCXW115422824 BCX2\">Os <\/span><span class=\"NormalTextRun SCXW115422824 BCX2\">ecopontos<\/span><span class=\"NormalTextRun SCXW115422824 BCX2\"> funcionam diariamente, inclusive aos feriados, das <\/span><span class=\"NormalTextRun SCXW115422824 BCX2\">sete <\/span><span class=\"NormalTextRun SCXW115422824 BCX2\">\u00e0s 19<\/span> <span class=\"NormalTextRun SCXW115422824 BCX2\">h<\/span><span class=\"NormalTextRun SCXW115422824 BCX2\">oras<\/span><span class=\"NormalTextRun SCXW115422824 BCX2\">. Para encontrar o mais pr\u00f3ximo, acesse: <\/span><\/span><a class=\"Hyperlink SCXW115422824 BCX2\" href=\"http:\/\/www.ribeiraopreto.sp.gov.br\/recicla\/ecopontos\" target=\"_blank\" rel=\"noreferrer noopener\"><span class=\"TextRun Underlined SCXW115422824 BCX2\" lang=\"PT-BR\" xml:lang=\"PT-BR\" data-contrast=\"none\"><span class=\"NormalTextRun SCXW115422824 BCX2\" data-ccp-charstyle=\"Hyperlink\">www.ribeiraopreto.sp.gov.br\/recicla\/ecopontos<\/span><\/span><\/a><span class=\"TextRun SCXW115422824 BCX2\" lang=\"PT-BR\" xml:lang=\"PT-BR\" data-contrast=\"auto\"><span class=\"NormalTextRun SCXW115422824 BCX2\">.<\/span><span class=\"NormalTextRun SCXW115422824 BCX2\">\u00a0 <\/span><span class=\"NormalTextRun SCXW115422824 BCX2\">O descarte irregular de lixo \u00e9 crime ambiental, pass\u00edvel de multa, e deve ser denunciado pelo telefone 156. A <\/span><span class=\"NormalTextRun SCXW115422824 BCX2\">p<\/span><span class=\"NormalTextRun SCXW115422824 BCX2\">refeitura seguir\u00e1 com o cronograma de zeladoria para atender todas as regi\u00f5es do munic\u00edpio.<\/span><\/span><span class=\"LineBreakBlob BlobObject DragDrop SCXW115422824 BCX2\"><span class=\"SCXW115422824 BCX2\">\u00a0<\/span><br class=\"SCXW115422824 BCX2\"\/><\/span><span class=\"LineBreakBlob BlobObject DragDrop SCXW115422824 BCX2\"><span class=\"SCXW115422824 BCX2\">\u00a0<\/span><br class=\"SCXW115422824 BCX2\"\/><\/span><span class=\"TextRun SCXW115422824 BCX2\" lang=\"PT-BR\" xml:lang=\"PT-BR\" data-contrast=\"none\"><span class=\"NormalTextRun SCXW115422824 BCX2\">O <\/span><span class=\"NormalTextRun SCXW115422824 BCX2\">Aqu\u00edfero<\/span><span class=\"NormalTextRun SCXW115422824 BCX2\"> Guarani <\/span><span class=\"NormalTextRun SCXW115422824 BCX2\">Tem cerca de <\/span><span class=\"NormalTextRun SCXW115422824 BCX2\">1,2 milh\u00e3o<\/span><span class=\"NormalTextRun SCXW115422824 BCX2\"> de quil\u00f4metros quadrados de extens\u00e3o e se estende por oito estados do Brasil, Argentina, Uruguai e Paraguai.\u00a0<\/span> <span class=\"NormalTextRun SCXW115422824 BCX2\">Em Ribeir\u00e3o Preto, cidade que mais usa o <\/span><span class=\"NormalTextRun SpellingErrorV2Themed SCXW115422824 BCX2\">aq\u00fc\u00edfero<\/span><span class=\"NormalTextRun SCXW115422824 BCX2\"> \u2013 todo o abastecimento da popula\u00e7\u00e3o de <\/span><span class=\"NormalTextRun SCXW115422824 BCX2\">728.400 <\/span><span class=\"NormalTextRun SCXW115422824 BCX2\">habitantes \u00e9 feito via 120 po\u00e7os artesianos da Secretaria de \u00c1gua e Esgoto (<\/span><span class=\"NormalTextRun SpellingErrorV2Themed SCXW115422824 BCX2\">Saerp<\/span><span class=\"NormalTextRun SCXW115422824 BCX2\">) \u2013, o n\u00edvel caiu 120 metros em 71 anos.<\/span><\/span><span class=\"LineBreakBlob BlobObject DragDrop SCXW115422824 BCX2\"><span class=\"SCXW115422824 BCX2\">\u00a0<\/span><br class=\"SCXW115422824 BCX2\"\/><\/span><span class=\"LineBreakBlob BlobObject DragDrop SCXW115422824 BCX2\"><span class=\"SCXW115422824 BCX2\">\u00a0<\/span><br class=\"SCXW115422824 BCX2\"\/><\/span><span class=\"TextRun SCXW115422824 BCX2\" lang=\"PT-BR\" xml:lang=\"PT-BR\" data-contrast=\"none\"><span class=\"NormalTextRun SCXW115422824 BCX2\">Os e<\/span><\/span><span class=\"TextRun SCXW115422824 BCX2\" lang=\"PT-BR\" xml:lang=\"PT-BR\" data-contrast=\"auto\"><span class=\"NormalTextRun SCXW115422824 BCX2\">studos s\u00e3o do ge\u00f3logo J\u00falio <\/span><span class=\"NormalTextRun SCXW115422824 BCX2\">Perroni<\/span><span class=\"NormalTextRun SCXW115422824 BCX2\">, da Universidade de S\u00e3o Paulo.\u00a0 A mesma pesquisa concluiu que atualmente a queda chega a dois metros a cada ano, o dobro do registrado em 2012. Segundo o pesquisador, os resultados colocam o <\/span><span class=\"NormalTextRun SCXW115422824 BCX2\">Aqu\u00edfero<\/span><span class=\"NormalTextRun SCXW115422824 BCX2\"> Guarani entre aqueles n\u00e3o considerados renov\u00e1veis. <\/span><\/span><span class=\"LineBreakBlob BlobObject DragDrop SCXW115422824 BCX2\"><span class=\"SCXW115422824 BCX2\">\u00a0<\/span><br class=\"SCXW115422824 BCX2\"\/><\/span><span class=\"LineBreakBlob BlobObject DragDrop SCXW115422824 BCX2\"><span class=\"SCXW115422824 BCX2\">\u00a0<\/span><br class=\"SCXW115422824 BCX2\"\/><\/span><span class=\"TextRun SCXW115422824 BCX2\" lang=\"PT-BR\" xml:lang=\"PT-BR\" data-contrast=\"auto\"><span class=\"NormalTextRun SCXW115422824 BCX2\">\u201cO consenso mundial para voc\u00ea considerar o <\/span><span class=\"NormalTextRun SCXW115422824 BCX2\">aqu\u00edfero<\/span><span class=\"NormalTextRun SCXW115422824 BCX2\"> como renov\u00e1vel \u00e9 quando o tempo de renova\u00e7\u00e3o da \u00e1gua \u00e9 inferior a 500 anos. Em Ribeir\u00e3o Preto, o per\u00edodo estimado de seis mil anos coloca o <\/span><span class=\"NormalTextRun SCXW115422824 BCX2\">Aqu\u00edfero<\/span><span class=\"NormalTextRun SCXW115422824 BCX2\"> Guarani na categoria de n\u00e3o renov\u00e1vel\u201d, diz.<\/span><\/span><span class=\"LineBreakBlob BlobObject DragDrop SCXW115422824 BCX2\"><span class=\"SCXW115422824 BCX2\">\u00a0<\/span><br class=\"SCXW115422824 BCX2\"\/><\/span><span class=\"LineBreakBlob BlobObject DragDrop SCXW115422824 BCX2\"><span class=\"SCXW115422824 BCX2\">\u00a0<\/span><br class=\"SCXW115422824 BCX2\"\/><\/span><span class=\"TextRun SCXW115422824 BCX2\" lang=\"PT-BR\" xml:lang=\"PT-BR\" data-contrast=\"auto\"><span class=\"NormalTextRun SCXW115422824 BCX2\">A <\/span><span class=\"NormalTextRun SpellingErrorV2Themed SCXW115422824 BCX2\">Saerp<\/span> <span class=\"NormalTextRun SCXW115422824 BCX2\">concluiu <\/span><span class=\"NormalTextRun SCXW115422824 BCX2\">o estudo \u201cSistema <\/span><span class=\"NormalTextRun SCXW115422824 BCX2\">Aqu\u00edfero<\/span><span class=\"NormalTextRun SCXW115422824 BCX2\"> Guarani: Capacidade m\u00e1xima, <\/span><span class=\"NormalTextRun SCXW115422824 BCX2\">resili\u00eancia<\/span><span class=\"NormalTextRun SCXW115422824 BCX2\"> e sustentabilidade para o abastecimento p\u00fablico e privado de Ribeir\u00e3o Preto\u201d<\/span><span class=\"NormalTextRun SCXW115422824 BCX2\">, que p<\/span><span class=\"NormalTextRun SCXW115422824 BCX2\">retende estimar a capacidade m\u00e1xima de extra\u00e7\u00e3o de \u00e1gua do <\/span><span class=\"NormalTextRun SCXW115422824 BCX2\">manancial na cidade<\/span><span class=\"NormalTextRun SCXW115422824 BCX2\">, de forma sustent\u00e1vel e analisar as extra\u00e7\u00f5es dos po\u00e7os p\u00fablicos e suas interfer\u00eancias hidr\u00e1ulicas, <\/span><span class=\"NormalTextRun SCXW115422824 BCX2\">identificar<\/span><span class=\"NormalTextRun SCXW115422824 BCX2\"> a necessidade de realoca\u00e7\u00e3o de po\u00e7os e seus custos.<\/span><\/span><span class=\"LineBreakBlob BlobObject DragDrop SCXW115422824 BCX2\"><span class=\"SCXW115422824 BCX2\">\u00a0<\/span><br class=\"SCXW115422824 BCX2\"\/><\/span><span class=\"LineBreakBlob BlobObject DragDrop SCXW115422824 BCX2\"><span class=\"SCXW115422824 BCX2\">\u00a0<\/span><br class=\"SCXW115422824 BCX2\"\/><\/span><span class=\"TextRun SCXW115422824 BCX2\" lang=\"PT-BR\" xml:lang=\"PT-BR\" data-contrast=\"auto\"><span class=\"NormalTextRun SCXW115422824 BCX2\">Tamb\u00e9m tem o objetivo de avaliar estrat\u00e9gias de recarga gerenciada para o aumento da oferta e perenidade das \u00e1guas subterr\u00e2neas, al\u00e9m de garantir a continuidade do abastecimento e tamb\u00e9m assegurar que as pr\u00e1ticas de explora\u00e7\u00e3o sejam realizadas de maneira respons\u00e1vel e consciente.<\/span><\/span><span class=\"LineBreakBlob BlobObject DragDrop SCXW115422824 BCX2\"><span class=\"SCXW115422824 BCX2\">\u00a0<\/span><br class=\"SCXW115422824 BCX2\"\/><\/span><span class=\"LineBreakBlob BlobObject DragDrop SCXW115422824 BCX2\"><span class=\"SCXW115422824 BCX2\">\u00a0<\/span><br class=\"SCXW115422824 BCX2\"\/><\/span><span class=\"TextRun SCXW115422824 BCX2\" lang=\"PT-BR\" xml:lang=\"PT-BR\" data-contrast=\"auto\"><span class=\"NormalTextRun SCXW115422824 BCX2\">Segundo o estudo, a \u00e1gua consumida na cidade tem aproximadamente tr\u00eas mil anos. De acordo com o professor Ricardo Hirata, um dos maiores especialistas em \u00e1guas subterr\u00e2neas do pa\u00eds, com 42 anos de vida profissional realizando pesquisas em mais de 30 pa\u00edses, isso demonstra a qualidade do produto e ao mesmo tempo a preocupa\u00e7\u00e3o com o tempo de recarga do <\/span><span class=\"NormalTextRun SpellingErrorV2Themed SCXW115422824 BCX2\">aq\u00fc\u00edfero<\/span><span class=\"NormalTextRun SCXW115422824 BCX2\">.<\/span><\/span><span class=\"LineBreakBlob BlobObject DragDrop SCXW115422824 BCX2\"><span class=\"SCXW115422824 BCX2\">\u00a0<\/span><br class=\"SCXW115422824 BCX2\"\/><\/span><span class=\"LineBreakBlob BlobObject DragDrop SCXW115422824 BCX2\"><span class=\"SCXW115422824 BCX2\">\u00a0<\/span><br class=\"SCXW115422824 BCX2\"\/><\/span><\/p>\n<\/div>\n<p><script async src=\"\/\/platform.twitter.com\/widgets.js\" charset=\"utf-8\"><\/script><br \/>\n<br \/><br \/>\n<br \/><a href=\"https:\/\/www.tribunaribeirao.com.br\/prefeitura-recolhe-200-t-de-residuos-da-lagoa-do-saibro\/\">Source link <\/a><\/p>\n<!-- CONTENT END 1 -->\n","protected":false},"excerpt":{"rendered":"<p>13 de agosto de 2025 07:1013 de agosto de 2025 06:378 Compartilhar0 A Secretaria Municipal de Infraestrutura recolheu, nesta ter\u00e7a-feira, 12 de agosto, cerca de&#8230;<\/p>\n","protected":false},"author":1,"featured_media":75638,"comment_status":"open","ping_status":"open","sticky":false,"template":"","format":"standard","meta":{"advanced_seo_description":"","jetpack_seo_html_title":"","jetpack_seo_noindex":false,"jetpack_post_was_ever_published":false,"_jetpack_newsletter_access":"","_jetpack_dont_email_post_to_subs":false,"_jetpack_newsletter_tier_id":0,"_jetpack_memberships_contains_paywalled_content":false,"_jetpack_memberships_contains_paid_content":false,"footnotes":"","jetpack_publicize_message":"","jetpack_publicize_feature_enabled":true,"jetpack_social_post_already_shared":true,"jetpack_social_options":{"image_generator_settings":{"template":"highway","default_image_id":0,"font":"","enabled":false},"version":2}},"categories":[11],"tags":[],"class_list":["post-75637","post","type-post","status-publish","format-standard","has-post-thumbnail","hentry","category-noticias-de-ribeirao-preto-sp-e-regiao-ismael-colosi"],"jetpack_publicize_connections":[],"jetpack_featured_media_url":"https:\/\/i0.wp.com\/noticiasribeiraopreto.com.br\/wp-content\/uploads\/2025\/08\/1-Calor-Sai-Max-Gallao-Mesquita-scaled.jpg?fit=750%2C500&ssl=1","jetpack-related-posts":[{"id":55868,"url":"https:\/\/noticiasribeiraopreto.com.br\/index.php\/2024\/08\/07\/brasileiros-comemoram-governo-anuncia-pagamento-de-confirmado-pelo-governo-em-todo-o-pais-veja-como-receber\/","url_meta":{"origin":75637,"position":0},"title":"Brasileiros Comemoram! Governo Anuncia Pagamento de Confirmado pelo Governo em Todo o Pa\u00eds; Veja como receber","author":"noticiasribeiraopreto.com.br","date":"7 de August de 2024","format":false,"excerpt":"O dep\u00f3sito de R$ 102 ser\u00e1 feito novamente para mais de 5,81 milh\u00f5es de fam\u00edlias. O pagamento j\u00e1 foi confirmado e a data foi anunciada pelo Governo Federal. Esse valor contribui para a compra de necessidades na casa dos brasileiros. Est\u00e1 confirmado que o pagamento de R$ 102 em todo\u2026","rel":"","context":"In &quot;Dinheiro e Investimento&quot;","block_context":{"text":"Dinheiro e Investimento","link":"https:\/\/noticiasribeiraopreto.com.br\/index.php\/category\/dinheiro-e-investimento-como-fazer-como-ganhar\/"},"img":{"alt_text":"","src":"https:\/\/i0.wp.com\/noticiasribeiraopreto.com.br\/wp-content\/uploads\/2024\/08\/pagamento-de-r-102.webp.webp?fit=1200%2C630&ssl=1&resize=350%2C200","width":350,"height":200,"srcset":"https:\/\/i0.wp.com\/noticiasribeiraopreto.com.br\/wp-content\/uploads\/2024\/08\/pagamento-de-r-102.webp.webp?fit=1200%2C630&ssl=1&resize=350%2C200 1x, https:\/\/i0.wp.com\/noticiasribeiraopreto.com.br\/wp-content\/uploads\/2024\/08\/pagamento-de-r-102.webp.webp?fit=1200%2C630&ssl=1&resize=525%2C300 1.5x, https:\/\/i0.wp.com\/noticiasribeiraopreto.com.br\/wp-content\/uploads\/2024\/08\/pagamento-de-r-102.webp.webp?fit=1200%2C630&ssl=1&resize=700%2C400 2x, https:\/\/i0.wp.com\/noticiasribeiraopreto.com.br\/wp-content\/uploads\/2024\/08\/pagamento-de-r-102.webp.webp?fit=1200%2C630&ssl=1&resize=1050%2C600 3x"},"classes":[]},{"id":56613,"url":"https:\/\/noticiasribeiraopreto.com.br\/index.php\/2024\/08\/15\/ribeirao-preto-recebe-festival-nacional-de-teatro-veja-a-programacao\/","url_meta":{"origin":75637,"position":1},"title":"Ribeir\u00e3o Preto recebe Festival Nacional de Teatro; Veja a programa\u00e7\u00e3o","author":"noticiasribeiraopreto.com.br","date":"15 de August de 2024","format":false,"excerpt":"A 8\u00aa edi\u00e7\u00e3o do Festival Nacional de Teatro chega a Ribeir\u00e3o Preto nesta sexta-feira (16) e segue at\u00e9 o dia 1\u00ba de setembro. S\u00e3o 35 espet\u00e1culos, nove oficinas e tr\u00eas performances, no Teatro Municipal, parques, pra\u00e7as e outros teatros da cidade. Toda a programa\u00e7\u00e3o \u00e9 gratuita. A novidade deste ano\u2026","rel":"","context":"In &quot;Not\u00edcias de Ribeir\u00e3o Preto-SP e Regi\u00e3o&quot;","block_context":{"text":"Not\u00edcias de Ribeir\u00e3o Preto-SP e Regi\u00e3o","link":"https:\/\/noticiasribeiraopreto.com.br\/index.php\/category\/noticias-de-ribeirao-preto-sp-e-regiao-ismael-colosi\/"},"img":{"alt_text":"","src":"https:\/\/i0.wp.com\/noticiasribeiraopreto.com.br\/wp-content\/uploads\/2024\/08\/Copia-de-Copia-de-Copia-de-TAMANHO-EXATO-PARA-FOTOS-NO-SISTEMA-NOVO-2_2024-08-15_12-44-51_jpg_2024-08-15_12-44-51.webp.webp?fit=1200%2C675&ssl=1&resize=350%2C200","width":350,"height":200,"srcset":"https:\/\/i0.wp.com\/noticiasribeiraopreto.com.br\/wp-content\/uploads\/2024\/08\/Copia-de-Copia-de-Copia-de-TAMANHO-EXATO-PARA-FOTOS-NO-SISTEMA-NOVO-2_2024-08-15_12-44-51_jpg_2024-08-15_12-44-51.webp.webp?fit=1200%2C675&ssl=1&resize=350%2C200 1x, https:\/\/i0.wp.com\/noticiasribeiraopreto.com.br\/wp-content\/uploads\/2024\/08\/Copia-de-Copia-de-Copia-de-TAMANHO-EXATO-PARA-FOTOS-NO-SISTEMA-NOVO-2_2024-08-15_12-44-51_jpg_2024-08-15_12-44-51.webp.webp?fit=1200%2C675&ssl=1&resize=525%2C300 1.5x, https:\/\/i0.wp.com\/noticiasribeiraopreto.com.br\/wp-content\/uploads\/2024\/08\/Copia-de-Copia-de-Copia-de-TAMANHO-EXATO-PARA-FOTOS-NO-SISTEMA-NOVO-2_2024-08-15_12-44-51_jpg_2024-08-15_12-44-51.webp.webp?fit=1200%2C675&ssl=1&resize=700%2C400 2x, https:\/\/i0.wp.com\/noticiasribeiraopreto.com.br\/wp-content\/uploads\/2024\/08\/Copia-de-Copia-de-Copia-de-TAMANHO-EXATO-PARA-FOTOS-NO-SISTEMA-NOVO-2_2024-08-15_12-44-51_jpg_2024-08-15_12-44-51.webp.webp?fit=1200%2C675&ssl=1&resize=1050%2C600 3x"},"classes":[]},{"id":55616,"url":"https:\/\/noticiasribeiraopreto.com.br\/index.php\/2024\/08\/03\/atencao-beneficiarios-bolsa-familia-divulga-calendario-do-mes-de-agosto-para-os-nis-1-2-3-4-5-6-7-8-9-e-0-confira-as-datas-de-pagamento-2\/","url_meta":{"origin":75637,"position":2},"title":"Aten\u00e7\u00e3o benefici\u00e1rios! Bolsa fam\u00edlia divulga calend\u00e1rio do m\u00eas de Agosto para os NIS 1, 2, 3, 4, 5, 6, 7, 8, 9 e 0; Confira as datas de pagamento","author":"noticiasribeiraopreto.com.br","date":"3 de August de 2024","format":false,"excerpt":"O Bolsa Fam\u00edlia, programa de transfer\u00eancia de renda do governo federal brasileiro, continua sendo uma ferramenta importante para milh\u00f5es de fam\u00edlias em situa\u00e7\u00e3o de vulnerabilidade econ\u00f4mica. Para fornecer assist\u00eancia financeira mensal, o programa prev\u00ea pagamentos de acordo com um calend\u00e1rio espec\u00edfico, que inclui benef\u00edcios adicionais em determinadas ocasi\u00f5es. Para receber\u2026","rel":"","context":"In &quot;Dinheiro e Investimento&quot;","block_context":{"text":"Dinheiro e Investimento","link":"https:\/\/noticiasribeiraopreto.com.br\/index.php\/category\/dinheiro-e-investimento-como-fazer-como-ganhar\/"},"img":{"alt_text":"","src":"https:\/\/i0.wp.com\/noticiasribeiraopreto.com.br\/wp-content\/uploads\/2024\/07\/reuniao-semanal-equipe-borcelle.webp.webp?fit=1200%2C630&ssl=1&resize=350%2C200","width":350,"height":200,"srcset":"https:\/\/i0.wp.com\/noticiasribeiraopreto.com.br\/wp-content\/uploads\/2024\/07\/reuniao-semanal-equipe-borcelle.webp.webp?fit=1200%2C630&ssl=1&resize=350%2C200 1x, https:\/\/i0.wp.com\/noticiasribeiraopreto.com.br\/wp-content\/uploads\/2024\/07\/reuniao-semanal-equipe-borcelle.webp.webp?fit=1200%2C630&ssl=1&resize=525%2C300 1.5x, https:\/\/i0.wp.com\/noticiasribeiraopreto.com.br\/wp-content\/uploads\/2024\/07\/reuniao-semanal-equipe-borcelle.webp.webp?fit=1200%2C630&ssl=1&resize=700%2C400 2x, https:\/\/i0.wp.com\/noticiasribeiraopreto.com.br\/wp-content\/uploads\/2024\/07\/reuniao-semanal-equipe-borcelle.webp.webp?fit=1200%2C630&ssl=1&resize=1050%2C600 3x"},"classes":[]},{"id":55276,"url":"https:\/\/noticiasribeiraopreto.com.br\/index.php\/2024\/07\/31\/atencao-beneficiarios-bolsa-familia-divulga-calendario-do-mes-de-agosto-para-os-nis-1-2-3-4-5-6-7-8-9-e-0-confira-as-datas-de-pagamento\/","url_meta":{"origin":75637,"position":3},"title":"Aten\u00e7\u00e3o benefici\u00e1rios! Bolsa fam\u00edlia divulga calend\u00e1rio do m\u00eas de Agosto para os NIS 1, 2, 3, 4, 5, 6, 7, 8, 9 e 0; Confira as datas de pagamento","author":"noticiasribeiraopreto.com.br","date":"31 de July de 2024","format":false,"excerpt":"O Bolsa Fam\u00edlia, programa de transfer\u00eancia de renda do governo federal brasileiro, continua sendo uma ferramenta importante para milh\u00f5es de fam\u00edlias em situa\u00e7\u00e3o de vulnerabilidade econ\u00f4mica. Para fornecer assist\u00eancia financeira mensal, o programa prev\u00ea pagamentos de acordo com um calend\u00e1rio espec\u00edfico, que inclui benef\u00edcios adicionais em determinadas ocasi\u00f5es. Para receber\u2026","rel":"","context":"In &quot;Dinheiro e Investimento&quot;","block_context":{"text":"Dinheiro e Investimento","link":"https:\/\/noticiasribeiraopreto.com.br\/index.php\/category\/dinheiro-e-investimento-como-fazer-como-ganhar\/"},"img":{"alt_text":"","src":"https:\/\/i0.wp.com\/noticiasribeiraopreto.com.br\/wp-content\/uploads\/2024\/07\/reuniao-semanal-equipe-borcelle.webp.webp?fit=1200%2C630&ssl=1&resize=350%2C200","width":350,"height":200,"srcset":"https:\/\/i0.wp.com\/noticiasribeiraopreto.com.br\/wp-content\/uploads\/2024\/07\/reuniao-semanal-equipe-borcelle.webp.webp?fit=1200%2C630&ssl=1&resize=350%2C200 1x, https:\/\/i0.wp.com\/noticiasribeiraopreto.com.br\/wp-content\/uploads\/2024\/07\/reuniao-semanal-equipe-borcelle.webp.webp?fit=1200%2C630&ssl=1&resize=525%2C300 1.5x, https:\/\/i0.wp.com\/noticiasribeiraopreto.com.br\/wp-content\/uploads\/2024\/07\/reuniao-semanal-equipe-borcelle.webp.webp?fit=1200%2C630&ssl=1&resize=700%2C400 2x, https:\/\/i0.wp.com\/noticiasribeiraopreto.com.br\/wp-content\/uploads\/2024\/07\/reuniao-semanal-equipe-borcelle.webp.webp?fit=1200%2C630&ssl=1&resize=1050%2C600 3x"},"classes":[]},{"id":75034,"url":"https:\/\/noticiasribeiraopreto.com.br\/index.php\/2025\/08\/01\/casa-de-portinari-tem-programacao-especial-no-mes-de-aniversario-de-brodowski-confira\/","url_meta":{"origin":75637,"position":4},"title":"Casa de Portinari tem programa\u00e7\u00e3o especial no m\u00eas de anivers\u00e1rio de Brodowski; confira","author":"noticiasribeiraopreto.com.br","date":"1 de August de 2025","format":false,"excerpt":"O Museu Casa de Portinari, em Brodowski, regi\u00e3o de Ribeir\u00e3o Preto, conta com uma agenda especial em agosto, m\u00eas que celebra os 112 anos da cidade. A programa\u00e7\u00e3o re\u00fane atividades culturais que valorizam a hist\u00f3ria e a mem\u00f3ria local, tendo como ponto alto a 50\u00aa Semana de Portinari, que acontece\u2026","rel":"","context":"In &quot;Not\u00edcias de Ribeir\u00e3o Preto-SP e Regi\u00e3o&quot;","block_context":{"text":"Not\u00edcias de Ribeir\u00e3o Preto-SP e Regi\u00e3o","link":"https:\/\/noticiasribeiraopreto.com.br\/index.php\/category\/noticias-de-ribeirao-preto-sp-e-regiao-ismael-colosi\/"},"img":{"alt_text":"","src":"https:\/\/i0.wp.com\/noticiasribeiraopreto.com.br\/wp-content\/uploads\/2025\/08\/f39de422-408e-4e01-885d-e6f6ebd33ced_2025-08-01_15-24-13.webp.webp?fit=1200%2C800&ssl=1&resize=350%2C200","width":350,"height":200,"srcset":"https:\/\/i0.wp.com\/noticiasribeiraopreto.com.br\/wp-content\/uploads\/2025\/08\/f39de422-408e-4e01-885d-e6f6ebd33ced_2025-08-01_15-24-13.webp.webp?fit=1200%2C800&ssl=1&resize=350%2C200 1x, https:\/\/i0.wp.com\/noticiasribeiraopreto.com.br\/wp-content\/uploads\/2025\/08\/f39de422-408e-4e01-885d-e6f6ebd33ced_2025-08-01_15-24-13.webp.webp?fit=1200%2C800&ssl=1&resize=525%2C300 1.5x, https:\/\/i0.wp.com\/noticiasribeiraopreto.com.br\/wp-content\/uploads\/2025\/08\/f39de422-408e-4e01-885d-e6f6ebd33ced_2025-08-01_15-24-13.webp.webp?fit=1200%2C800&ssl=1&resize=700%2C400 2x, https:\/\/i0.wp.com\/noticiasribeiraopreto.com.br\/wp-content\/uploads\/2025\/08\/f39de422-408e-4e01-885d-e6f6ebd33ced_2025-08-01_15-24-13.webp.webp?fit=1200%2C800&ssl=1&resize=1050%2C600 3x"},"classes":[]},{"id":76028,"url":"https:\/\/noticiasribeiraopreto.com.br\/index.php\/2025\/08\/20\/instabilidade-tira-do-ar-consulta-de-dados-sobre-qualidade-do-ar-em-ribeirao-entenda\/","url_meta":{"origin":75637,"position":5},"title":"Instabilidade tira do ar consulta de dados sobre qualidade do ar em Ribeir\u00e3o; Entenda","author":"noticiasribeiraopreto.com.br","date":"20 de August de 2025","format":false,"excerpt":"Com a chegada do veranico, per\u00edodo em que as temperaturas ficam acima da m\u00e9dia mesmo no inverno, a qualidade do ar em Ribeir\u00e3o Preto pode ser prejudicada. Nesta semana, por\u00e9m, quem tentou acompanhar os \u00edndices de monitoramento encontrou dificuldades, j\u00e1 que a aba do site da Cetesb (Companhia Ambiental do\u2026","rel":"","context":"In &quot;Not\u00edcias de Ribeir\u00e3o Preto-SP e Regi\u00e3o&quot;","block_context":{"text":"Not\u00edcias de Ribeir\u00e3o Preto-SP e Regi\u00e3o","link":"https:\/\/noticiasribeiraopreto.com.br\/index.php\/category\/noticias-de-ribeirao-preto-sp-e-regiao-ismael-colosi\/"},"img":{"alt_text":"","src":"https:\/\/i0.wp.com\/noticiasribeiraopreto.com.br\/wp-content\/uploads\/2025\/08\/Copia-de-Copia-de-Copia-de-TAMANHO-EXATO-PARA-FOTOS-NO-SISTEMA-NOVO-2025-08-20T190609.455_2025-08-20_22-06-17.webp.webp?fit=1200%2C675&ssl=1&resize=350%2C200","width":350,"height":200,"srcset":"https:\/\/i0.wp.com\/noticiasribeiraopreto.com.br\/wp-content\/uploads\/2025\/08\/Copia-de-Copia-de-Copia-de-TAMANHO-EXATO-PARA-FOTOS-NO-SISTEMA-NOVO-2025-08-20T190609.455_2025-08-20_22-06-17.webp.webp?fit=1200%2C675&ssl=1&resize=350%2C200 1x, https:\/\/i0.wp.com\/noticiasribeiraopreto.com.br\/wp-content\/uploads\/2025\/08\/Copia-de-Copia-de-Copia-de-TAMANHO-EXATO-PARA-FOTOS-NO-SISTEMA-NOVO-2025-08-20T190609.455_2025-08-20_22-06-17.webp.webp?fit=1200%2C675&ssl=1&resize=525%2C300 1.5x, https:\/\/i0.wp.com\/noticiasribeiraopreto.com.br\/wp-content\/uploads\/2025\/08\/Copia-de-Copia-de-Copia-de-TAMANHO-EXATO-PARA-FOTOS-NO-SISTEMA-NOVO-2025-08-20T190609.455_2025-08-20_22-06-17.webp.webp?fit=1200%2C675&ssl=1&resize=700%2C400 2x, https:\/\/i0.wp.com\/noticiasribeiraopreto.com.br\/wp-content\/uploads\/2025\/08\/Copia-de-Copia-de-Copia-de-TAMANHO-EXATO-PARA-FOTOS-NO-SISTEMA-NOVO-2025-08-20T190609.455_2025-08-20_22-06-17.webp.webp?fit=1200%2C675&ssl=1&resize=1050%2C600 3x"},"classes":[]}],"jetpack_sharing_enabled":true,"jetpack_shortlink":"https:\/\/wp.me\/peQAOb-jFX","_links":{"self":[{"href":"https:\/\/noticiasribeiraopreto.com.br\/index.php\/wp-json\/wp\/v2\/posts\/75637","targetHints":{"allow":["GET"]}}],"collection":[{"href":"https:\/\/noticiasribeiraopreto.com.br\/index.php\/wp-json\/wp\/v2\/posts"}],"about":[{"href":"https:\/\/noticiasribeiraopreto.com.br\/index.php\/wp-json\/wp\/v2\/types\/post"}],"author":[{"embeddable":true,"href":"https:\/\/noticiasribeiraopreto.com.br\/index.php\/wp-json\/wp\/v2\/users\/1"}],"replies":[{"embeddable":true,"href":"https:\/\/noticiasribeiraopreto.com.br\/index.php\/wp-json\/wp\/v2\/comments?post=75637"}],"version-history":[{"count":0,"href":"https:\/\/noticiasribeiraopreto.com.br\/index.php\/wp-json\/wp\/v2\/posts\/75637\/revisions"}],"wp:featuredmedia":[{"embeddable":true,"href":"https:\/\/noticiasribeiraopreto.com.br\/index.php\/wp-json\/wp\/v2\/media\/75638"}],"wp:attachment":[{"href":"https:\/\/noticiasribeiraopreto.com.br\/index.php\/wp-json\/wp\/v2\/media?parent=75637"}],"wp:term":[{"taxonomy":"category","embeddable":true,"href":"https:\/\/noticiasribeiraopreto.com.br\/index.php\/wp-json\/wp\/v2\/categories?post=75637"},{"taxonomy":"post_tag","embeddable":true,"href":"https:\/\/noticiasribeiraopreto.com.br\/index.php\/wp-json\/wp\/v2\/tags?post=75637"}],"curies":[{"name":"wp","href":"https:\/\/api.w.org\/{rel}","templated":true}]}}