{"id":75639,"date":"2025-08-13T08:20:27","date_gmt":"2025-08-13T11:20:27","guid":{"rendered":"https:\/\/noticiasribeiraopreto.com.br\/index.php\/2025\/08\/13\/reforma-administrativa-prefeitura-de-rp-corta-98-cargos\/"},"modified":"2025-08-13T08:20:27","modified_gmt":"2025-08-13T11:20:27","slug":"reforma-administrativa-prefeitura-de-rp-corta-98-cargos","status":"publish","type":"post","link":"https:\/\/noticiasribeiraopreto.com.br\/index.php\/2025\/08\/13\/reforma-administrativa-prefeitura-de-rp-corta-98-cargos\/","title":{"rendered":"Reforma administrativa: Prefeitura de RP corta 98 cargos"},"content":{"rendered":"<div class='code-block code-block-1' style='margin: 8px 0 8px auto; text-align: right; display: block; clear: both;'>\n<p><a href=\"https:\/\/wa.link\/vpicfd\"><img data-recalc-dims=\"1\" class=\"wp-image-4922\" style=\"aspect-ratio: 2.0253164556962027; width: 561px; height: auto;\" src=\"https:\/\/i0.wp.com\/ismaelcolosi.com.br\/wp-content\/uploads\/2023\/11\/grupo-de-empregos-whatsapp-e-facebook-ismael-colosi-vagas.jpg?ssl=1\" alt=\"\" \/><\/a><\/p>\n<!-- \/wp:image -->\n<\/div>\n<p> <br \/>\n<\/p>\n<div id=\"\">\n<p>\n\t\t\t\t\t\t\t\t\t<span class=\"entry-meta-item penci-posted-on\"><i class=\"fa fa-clock-o\"\/><time class=\"entry-date published\" datetime=\"2025-08-13T08:10:29-03:00\">13 de agosto de 2025 08:10<\/time><time class=\"updated\" datetime=\"2025-08-13T08:17:59-03:00\">13 de agosto de 2025 08:17<\/time><\/span><span class=\"entry-meta-item penci-post-countview\"><span class=\"entry-meta-item penci-post-countview penci_post-meta_item\"><i class=\"fa fa-eye\"\/><span class=\"penci-post-countview-number penci-post-countview-p434873\">16<\/span><\/span><\/span>\t\t\t\t\t\t\t\t<\/p>\n<p><!-- .entry-meta --><br \/>\n\t\t\t\t\t\t\t\t<span class=\"penci-social-buttons penci-social-share-footer\"><span class=\"penci-social-share-text\">Compartilhar<\/span><a href=\"#\" class=\"penci-post-like penci_post-meta_item  single-like-button penci-social-item like\" data-post_id=\"434873\" title=\"Like\" data-like=\"Like\" data-unlike=\"Unlike\"><i class=\"fa fa-thumbs-o-up\"\/><span class=\"penci-share-number\">0<\/span><\/a><i class=\"fa fa-facebook\"\/><a class=\"penci-social-item twitter\" target=\"_blank\" rel=\"noopener\" title=\"\" href=\"https:\/\/twitter.com\/intent\/tweet?text=Reforma%20administrativa:%20Prefeitura%20de%20RP%20corta%2098%20cargos%20-%20https:\/\/www.tribunaribeirao.com.br\/prefeitura-de-rp-corta-98-cargos\/\"><i class=\"fa fa-twitter\"\/><\/a><i class=\"fa fa-linkedin\"\/><i class=\"fa fa-whatsapp\"\/><i class=\"fa fa-telegram\"\/><i class=\"fa fa-envelope\"\/><\/span>\t\t\t\t\t\t\t<\/div>\n<div>\n<p><em><span class=\"TextRun SCXW10527214 BCX2\" lang=\"PT-BR\" xml:lang=\"PT-BR\" data-contrast=\"auto\"><span class=\"NormalTextRun SCXW10527214 BCX2\">Proposta desenvolvida pela <\/span><span class=\"NormalTextRun SCXW10527214 BCX2\">F<\/span><span class=\"NormalTextRun SCXW10527214 BCX2\">ipe<\/span> <span class=\"NormalTextRun SCXW10527214 BCX2\">atende determina\u00e7\u00f5es do Tribunal de Justi\u00e7a, amplia atribui\u00e7\u00f5es de pastas estrat\u00e9gicas e reduz o total de atividades administrativas<\/span><\/span><\/em><span class=\"LineBreakBlob BlobObject DragDrop SCXW10527214 BCX2\"><em><span class=\"SCXW10527214 BCX2\">\u00a0<\/span><\/em><br class=\"SCXW10527214 BCX2\"\/><\/span><span class=\"LineBreakBlob BlobObject DragDrop SCXW10527214 BCX2\"><span class=\"SCXW10527214 BCX2\">\u00a0<\/span><br class=\"SCXW10527214 BCX2\"\/><\/span><span class=\"TextRun SCXW10527214 BCX2\" lang=\"PT-BR\" xml:lang=\"PT-BR\" data-contrast=\"auto\"><span class=\"NormalTextRun SCXW10527214 BCX2\">A <\/span><span class=\"NormalTextRun SCXW10527214 BCX2\">p<\/span><span class=\"NormalTextRun SCXW10527214 BCX2\">refeitura de Ribeir\u00e3o Preto concluiu o processo de reestrutura\u00e7\u00e3o administrativa da gest\u00e3o municipal, implementando um novo desenho organizacional que promove a redu\u00e7\u00e3o de 98 cargos comissionados, otimizando a utiliza\u00e7\u00e3o de fun\u00e7\u00f5es de confian\u00e7a e atividades gratificadas. A medida atende integralmente \u00e0s determina\u00e7\u00f5es do Tribunal de Justi\u00e7a de S\u00e3o Paulo (TJSP), estabelecidas em recentes decis\u00f5es judiciais.<\/span><\/span><span class=\"LineBreakBlob BlobObject DragDrop SCXW10527214 BCX2\"><span class=\"SCXW10527214 BCX2\">\u00a0<\/span><br class=\"SCXW10527214 BCX2\"\/><\/span><span class=\"LineBreakBlob BlobObject DragDrop SCXW10527214 BCX2\"><span class=\"SCXW10527214 BCX2\">\u00a0<\/span><br class=\"SCXW10527214 BCX2\"\/><\/span><span class=\"TextRun SCXW10527214 BCX2\" lang=\"PT-BR\" xml:lang=\"PT-BR\" data-contrast=\"auto\"><span class=\"NormalTextRun SCXW10527214 BCX2\">A nova lei <\/span><span class=\"NormalTextRun SpellingErrorV2Themed SCXW10527214 BCX2\">reestruturante<\/span><span class=\"NormalTextRun SCXW10527214 BCX2\"> \u00e9 resposta direta \u00e0 <\/span><span class=\"NormalTextRun SCXW10527214 BCX2\">a<\/span><span class=\"NormalTextRun SCXW10527214 BCX2\">\u00e7\u00e3o <\/span><span class=\"NormalTextRun SCXW10527214 BCX2\">d<\/span><span class=\"NormalTextRun SCXW10527214 BCX2\">ireta de <\/span><span class=\"NormalTextRun SCXW10527214 BCX2\">i<\/span><span class=\"NormalTextRun SCXW10527214 BCX2\">nconstitucionalidade (ADI) julgada pelo \u00d3rg\u00e3o Especial do TJSP, que declarou inconstitucionais 269 cargos comissionados, 86 fun\u00e7\u00f5es de confian\u00e7a e 93 atividades gratificadas, por entender que exerciam atribui\u00e7\u00f5es t\u00e9cnicas, burocr\u00e1ticas ou rotineiras <\/span><span class=\"NormalTextRun SCXW10527214 BCX2\">\u2013<\/span><span class=\"NormalTextRun SCXW10527214 BCX2\"> incompat\u00edveis com o provimento em comiss\u00e3o previsto no artigo 37, inciso V, da Constitui\u00e7\u00e3o Federal, e no artigo 115, inciso II, da Constitui\u00e7\u00e3o do Estado de S\u00e3o Paulo.<\/span><\/span><span class=\"LineBreakBlob BlobObject DragDrop SCXW10527214 BCX2\"><span class=\"SCXW10527214 BCX2\">\u00a0<\/span><br class=\"SCXW10527214 BCX2\"\/><\/span><span class=\"LineBreakBlob BlobObject DragDrop SCXW10527214 BCX2\"><span class=\"SCXW10527214 BCX2\">\u00a0<\/span><br class=\"SCXW10527214 BCX2\"\/><\/span><span class=\"TextRun SCXW10527214 BCX2\" lang=\"PT-BR\" xml:lang=\"PT-BR\" data-contrast=\"auto\"><span class=\"NormalTextRun SCXW10527214 BCX2\">A decis\u00e3o tamb\u00e9m refor\u00e7ou precedentes de <\/span><span class=\"NormalTextRun SpellingErrorV2Themed SCXW10527214 BCX2\">ADIs<\/span><span class=\"NormalTextRun SCXW10527214 BCX2\"> anteriores que j\u00e1 orientavam a restri\u00e7\u00e3o dos cargos comissionados \u00e0s fun\u00e7\u00f5es de natureza pol\u00edtica, estrat\u00e9gica e de assessoramento direto, exigindo ajustes estruturais para alinhamento jur\u00eddico.<\/span><\/span><span class=\"LineBreakBlob BlobObject DragDrop SCXW10527214 BCX2\"><span class=\"SCXW10527214 BCX2\">\u00a0<\/span><br class=\"SCXW10527214 BCX2\"\/><\/span><span class=\"LineBreakBlob BlobObject DragDrop SCXW10527214 BCX2\"><span class=\"SCXW10527214 BCX2\">\u00a0<\/span><br class=\"SCXW10527214 BCX2\"\/><\/span><span class=\"TextRun SCXW10527214 BCX2\" lang=\"PT-BR\" xml:lang=\"PT-BR\" data-contrast=\"auto\"><span class=\"NormalTextRun SCXW10527214 BCX2\">Proposta t\u00e9cnica e fundamentada \u2013 <\/span><\/span><span class=\"TextRun SCXW10527214 BCX2\" lang=\"PT-BR\" xml:lang=\"PT-BR\" data-contrast=\"auto\"><span class=\"NormalTextRun SCXW10527214 BCX2\">O novo modelo administrativo foi elaborado pela Funda\u00e7\u00e3o Instituto de Pesquisas Econ\u00f4micas (<\/span><span class=\"NormalTextRun SCXW10527214 BCX2\">F<\/span><span class=\"NormalTextRun SCXW10527214 BCX2\">ipe<\/span><span class=\"NormalTextRun SCXW10527214 BCX2\">), contratada para diagnosticar a estrutura organizacional e propor solu\u00e7\u00f5es voltadas \u00e0 efici\u00eancia, \u00e0 economicidade e \u00e0 seguran\u00e7a jur\u00eddica. <\/span><\/span><span class=\"LineBreakBlob BlobObject DragDrop SCXW10527214 BCX2\"><span class=\"SCXW10527214 BCX2\">\u00a0<\/span><br class=\"SCXW10527214 BCX2\"\/><\/span><span class=\"LineBreakBlob BlobObject DragDrop SCXW10527214 BCX2\"><span class=\"SCXW10527214 BCX2\">\u00a0<\/span><br class=\"SCXW10527214 BCX2\"\/><\/span><span class=\"TextRun SCXW10527214 BCX2\" lang=\"PT-BR\" xml:lang=\"PT-BR\" data-contrast=\"auto\"><span class=\"NormalTextRun SCXW10527214 BCX2\">O estudo envolveu an\u00e1lise comparativa com outras administra\u00e7\u00f5es, mapeamento detalhado de atribui\u00e7\u00f5es e hierarquias, al\u00e9m da revis\u00e3o da compatibilidade das fun\u00e7\u00f5es com o ordenamento jur\u00eddico vigente.<\/span><\/span><span class=\"LineBreakBlob BlobObject DragDrop SCXW10527214 BCX2\"><span class=\"SCXW10527214 BCX2\">\u00a0<\/span><br class=\"SCXW10527214 BCX2\"\/><\/span><span class=\"LineBreakBlob BlobObject DragDrop SCXW10527214 BCX2\"><span class=\"SCXW10527214 BCX2\">\u00a0<\/span><br class=\"SCXW10527214 BCX2\"\/><\/span><span class=\"TextRun SCXW10527214 BCX2\" lang=\"PT-BR\" xml:lang=\"PT-BR\" data-contrast=\"auto\"><span class=\"NormalTextRun SCXW10527214 BCX2\">O resultado \u00e9 uma estrutura modernizada, que fortalece a coordena\u00e7\u00e3o entre \u00e1reas estrat\u00e9gicas e amplia a interlocu\u00e7\u00e3o com pol\u00edticas p\u00fablicas estaduais e federais, atendendo n\u00e3o apenas \u00e0s determina\u00e7\u00f5es judiciais, mas tamb\u00e9m a crit\u00e9rios t\u00e9cnicos de racionaliza\u00e7\u00e3o e melhoria de resultados.<\/span><\/span><span class=\"LineBreakBlob BlobObject DragDrop SCXW10527214 BCX2\"><span class=\"SCXW10527214 BCX2\">\u00a0<\/span><br class=\"SCXW10527214 BCX2\"\/><\/span><span class=\"LineBreakBlob BlobObject DragDrop SCXW10527214 BCX2\"><span class=\"SCXW10527214 BCX2\">\u00a0<\/span><br class=\"SCXW10527214 BCX2\"\/><\/span><span class=\"TextRun SCXW10527214 BCX2\" lang=\"PT-BR\" xml:lang=\"PT-BR\" data-contrast=\"auto\"><span class=\"NormalTextRun SCXW10527214 BCX2\">Atualmente, a administra\u00e7\u00e3o municipal conta com 882 cargos <\/span><span class=\"NormalTextRun SCXW10527214 BCX2\">\u2013<\/span><span class=\"NormalTextRun SCXW10527214 BCX2\"> entre comissionados, fun\u00e7\u00f5es de confian\u00e7a e atividades gratificadas. Com a nova estrutura, o total ser\u00e1 reduzido para 784, mesmo com a cria\u00e7\u00e3o de tr\u00eas novas secretarias. Trata-se de uma configura\u00e7\u00e3o mais enxuta, funcional e alinhada \u00e0s necessidades da cidade.<\/span><\/span><span class=\"LineBreakBlob BlobObject DragDrop SCXW10527214 BCX2\"><span class=\"SCXW10527214 BCX2\">\u00a0<\/span><br class=\"SCXW10527214 BCX2\"\/><\/span><span class=\"LineBreakBlob BlobObject DragDrop SCXW10527214 BCX2\"><span class=\"SCXW10527214 BCX2\">\u00a0<\/span><br class=\"SCXW10527214 BCX2\"\/><\/span><span class=\"TextRun SCXW10527214 BCX2\" lang=\"PT-BR\" xml:lang=\"PT-BR\" data-contrast=\"auto\"><span class=\"NormalTextRun SCXW10527214 BCX2\">A reestrutura\u00e7\u00e3o administrativa da <\/span><span class=\"NormalTextRun SCXW10527214 BCX2\">p<\/span><span class=\"NormalTextRun SCXW10527214 BCX2\">refeitura de Ribeir\u00e3o Preto promove altera\u00e7\u00f5es estrat\u00e9gicas e de grande alcance no desenho das pastas municipais, tanto com a cria\u00e7\u00e3o de novas estruturas quanto com a amplia\u00e7\u00e3o de atribui\u00e7\u00f5es de secretarias j\u00e1 existentes, alinhando a gest\u00e3o a um modelo mais moderno, integrado e direcionado \u00e0s demandas atuais e futuras da cidade.<\/span><\/span><span class=\"LineBreakBlob BlobObject DragDrop SCXW10527214 BCX2\"><span class=\"SCXW10527214 BCX2\">\u00a0<\/span><br class=\"SCXW10527214 BCX2\"\/><\/span><span class=\"LineBreakBlob BlobObject DragDrop SCXW10527214 BCX2\"><span class=\"SCXW10527214 BCX2\">\u00a0<\/span><br class=\"SCXW10527214 BCX2\"\/><\/span><span class=\"TextRun SCXW10527214 BCX2\" lang=\"PT-BR\" xml:lang=\"PT-BR\" data-contrast=\"auto\"><span class=\"NormalTextRun SCXW10527214 BCX2\">No campo da inova\u00e7\u00e3o institucional, foram criadas tr\u00eas secretarias com fun\u00e7\u00f5es de alto impacto. <\/span><span class=\"NormalTextRun SCXW10527214 BCX2\">A Secretaria da Cidadania e Pessoa com Defici\u00eancia nasce<\/span><span class=\"NormalTextRun SCXW10527214 BCX2\"> com a miss\u00e3o de articular e executar pol\u00edticas p\u00fablicas voltadas \u00e0 inclus\u00e3o social, \u00e0 acessibilidade e \u00e0 garantia de direitos, reunindo em uma mesma estrutura a capacidade de planejar, coordenar e monitorar a\u00e7\u00f5es que assegurem igualdade de oportunidades e participa\u00e7\u00e3o ativa de todos os cidad\u00e3os, com aten\u00e7\u00e3o especial \u00e0s pessoas em situa\u00e7\u00e3o de vulnerabilidade. <\/span><\/span><span class=\"LineBreakBlob BlobObject DragDrop SCXW10527214 BCX2\"><span class=\"SCXW10527214 BCX2\">\u00a0<\/span><br class=\"SCXW10527214 BCX2\"\/><\/span><span class=\"LineBreakBlob BlobObject DragDrop SCXW10527214 BCX2\"><span class=\"SCXW10527214 BCX2\">\u00a0<\/span><br class=\"SCXW10527214 BCX2\"\/><\/span><span class=\"TextRun SCXW10527214 BCX2\" lang=\"PT-BR\" xml:lang=\"PT-BR\" data-contrast=\"auto\"><span class=\"NormalTextRun SCXW10527214 BCX2\">A Secretaria de Tecnologia e Governo Digital assume o <\/span><span class=\"NormalTextRun SCXW10527214 BCX2\">protagonismo<\/span><span class=\"NormalTextRun SCXW10527214 BCX2\"> na condu\u00e7\u00e3o da transforma\u00e7\u00e3o digital da administra\u00e7\u00e3o municipal, incorporando a inova\u00e7\u00e3o tecnol\u00f3gica como eixo central para desburocratizar processos, ampliar a efici\u00eancia dos servi\u00e7os e facilitar a intera\u00e7\u00e3o da popula\u00e7\u00e3o com o poder p\u00fablico, por meio de solu\u00e7\u00f5es digitais acess\u00edveis, \u00e1geis e transparentes. <\/span><\/span><span class=\"LineBreakBlob BlobObject DragDrop SCXW10527214 BCX2\"><span class=\"SCXW10527214 BCX2\">\u00a0<\/span><br class=\"SCXW10527214 BCX2\"\/><\/span><span class=\"LineBreakBlob BlobObject DragDrop SCXW10527214 BCX2\"><span class=\"SCXW10527214 BCX2\">\u00a0<\/span><br class=\"SCXW10527214 BCX2\"\/><\/span><span class=\"TextRun SCXW10527214 BCX2\" lang=\"PT-BR\" xml:lang=\"PT-BR\" data-contrast=\"auto\"><span class=\"NormalTextRun SCXW10527214 BCX2\">J\u00e1 a Secretaria de Comunica\u00e7\u00e3o tem como objetivo integrar, unificar e potencializar a comunica\u00e7\u00e3o institucional, garantindo clareza, objetividade e transpar\u00eancia na transmiss\u00e3o das informa\u00e7\u00f5es, fortalecendo o di\u00e1logo com a sociedade e promovendo maior proximidade entre a gest\u00e3o e a popula\u00e7\u00e3o.<\/span><\/span><span class=\"LineBreakBlob BlobObject DragDrop SCXW10527214 BCX2\"><span class=\"SCXW10527214 BCX2\">\u00a0<\/span><br class=\"SCXW10527214 BCX2\"\/><\/span><span class=\"LineBreakBlob BlobObject DragDrop SCXW10527214 BCX2\"><span class=\"SCXW10527214 BCX2\">\u00a0<\/span><br class=\"SCXW10527214 BCX2\"\/><\/span><span class=\"TextRun SCXW10527214 BCX2\" lang=\"PT-BR\" xml:lang=\"PT-BR\" data-contrast=\"auto\"><span class=\"NormalTextRun SCXW10527214 BCX2\">Paralelamente, tr\u00eas secretarias j\u00e1 existentes passam por uma reconfigura\u00e7\u00e3o para ampliar seu escopo de atua\u00e7\u00e3o. A atual Secretaria de Meio Ambiente passa a se chamar Secretaria de Meio Ambiente, Agricultura e Sustentabilidade, incorporando pol\u00edticas p\u00fablicas voltadas ao agroneg\u00f3cio <\/span><span class=\"NormalTextRun SCXW10527214 BCX2\">\u2013<\/span><span class=\"NormalTextRun SCXW10527214 BCX2\"> setor que desempenha papel crucial no desenvolvimento econ\u00f4mico de Ribeir\u00e3o Preto e da regi\u00e3o. <\/span><\/span><span class=\"LineBreakBlob BlobObject DragDrop SCXW10527214 BCX2\"><span class=\"SCXW10527214 BCX2\">\u00a0<\/span><br class=\"SCXW10527214 BCX2\"\/><\/span><span class=\"LineBreakBlob BlobObject DragDrop SCXW10527214 BCX2\"><span class=\"SCXW10527214 BCX2\">\u00a0<\/span><br class=\"SCXW10527214 BCX2\"\/><\/span><span class=\"TextRun SCXW10527214 BCX2\" lang=\"PT-BR\" xml:lang=\"PT-BR\" data-contrast=\"auto\"><span class=\"NormalTextRun SCXW10527214 BCX2\">A mudan\u00e7a permite uma maior capacidade de articula\u00e7\u00e3o com programas estaduais e federais voltados ao setor, al\u00e9m de integrar as agendas de preserva\u00e7\u00e3o ambiental e sustentabilidade \u00e0s demandas de produ\u00e7\u00e3o agr\u00edcola, garantindo equil\u00edbrio entre crescimento econ\u00f4mico e responsabilidade socioambiental. <\/span><\/span><span class=\"LineBreakBlob BlobObject DragDrop SCXW10527214 BCX2\"><span class=\"SCXW10527214 BCX2\">\u00a0<\/span><br class=\"SCXW10527214 BCX2\"\/><\/span><span class=\"LineBreakBlob BlobObject DragDrop SCXW10527214 BCX2\"><span class=\"SCXW10527214 BCX2\">\u00a0<\/span><br class=\"SCXW10527214 BCX2\"\/><\/span><span class=\"TextRun SCXW10527214 BCX2\" lang=\"PT-BR\" xml:lang=\"PT-BR\" data-contrast=\"auto\"><span class=\"NormalTextRun SCXW10527214 BCX2\">A Secretaria de Desenvolvimento Urbano \u00e9 transformada em Secretaria de Desenvolvimento Urbano e Habita\u00e7\u00e3o, unindo o planejamento urbano \u00e0 pol\u00edtica habitacional, o que possibilita maior efici\u00eancia na regulariza\u00e7\u00e3o fundi\u00e1ria, viabiliza\u00e7\u00e3o de novos projetos habitacionais e integra\u00e7\u00e3o das diretrizes de ocupa\u00e7\u00e3o do solo com as necessidades habitacionais da popula\u00e7\u00e3o. <\/span><\/span><span class=\"LineBreakBlob BlobObject DragDrop SCXW10527214 BCX2\"><span class=\"SCXW10527214 BCX2\">\u00a0<\/span><br class=\"SCXW10527214 BCX2\"\/><\/span><span class=\"LineBreakBlob BlobObject DragDrop SCXW10527214 BCX2\"><span class=\"SCXW10527214 BCX2\">\u00a0<\/span><br class=\"SCXW10527214 BCX2\"\/><\/span><span class=\"TextRun SCXW10527214 BCX2\" lang=\"PT-BR\" xml:lang=\"PT-BR\" data-contrast=\"auto\"><span class=\"NormalTextRun SCXW10527214 BCX2\">Por fim, a Secretaria de <\/span><span class=\"NormalTextRun SCXW10527214 BCX2\">Infraestrutura<\/span><span class=\"NormalTextRun SCXW10527214 BCX2\"> \u00e9 reorganizada como Secretaria de <\/span><span class=\"NormalTextRun SCXW10527214 BCX2\">Infraestrutura<\/span><span class=\"NormalTextRun SCXW10527214 BCX2\"> e Zeladoria, assumindo papel ampliado na conserva\u00e7\u00e3o, manuten\u00e7\u00e3o e cuidados di\u00e1rios com a cidade, com o fortalecimento das equipes e da capacidade operacional para responder de forma mais \u00e1gil e eficaz \u00e0s demandas da popula\u00e7\u00e3o, desde a manuten\u00e7\u00e3o vi\u00e1ria at\u00e9 a limpeza urbana e a preserva\u00e7\u00e3o de espa\u00e7os p\u00fablicos.<\/span><\/span><span class=\"LineBreakBlob BlobObject DragDrop SCXW10527214 BCX2\"><span class=\"SCXW10527214 BCX2\">\u00a0<\/span><br class=\"SCXW10527214 BCX2\"\/><\/span><span class=\"LineBreakBlob BlobObject DragDrop SCXW10527214 BCX2\"><span class=\"SCXW10527214 BCX2\">\u00a0<\/span><br class=\"SCXW10527214 BCX2\"\/><\/span><span class=\"TextRun SCXW10527214 BCX2\" lang=\"PT-BR\" xml:lang=\"PT-BR\" data-contrast=\"auto\"><span class=\"NormalTextRun SCXW10527214 BCX2\">Essa reconfigura\u00e7\u00e3o das secretarias representa mais do que uma adequa\u00e7\u00e3o administrativa: trata-se de um reposicionamento estrat\u00e9gico da gest\u00e3o, que passa a atuar de forma mais integrada, t\u00e9cnica e alinhada aos desafios de um munic\u00edpio em expans\u00e3o, garantindo que \u00e1reas sens\u00edveis e priorit\u00e1rias recebam aten\u00e7\u00e3o qualificada, recursos adequados e estrutura organizacional compat\u00edvel com a complexidade das demandas atuais.<\/span><\/span><span class=\"LineBreakBlob BlobObject DragDrop SCXW10527214 BCX2\"><span class=\"SCXW10527214 BCX2\">\u00a0<\/span><br class=\"SCXW10527214 BCX2\"\/><\/span><span class=\"LineBreakBlob BlobObject DragDrop SCXW10527214 BCX2\"><span class=\"SCXW10527214 BCX2\">\u00a0<\/span><br class=\"SCXW10527214 BCX2\"\/><\/span><span class=\"TextRun SCXW10527214 BCX2\" lang=\"PT-BR\" xml:lang=\"PT-BR\" data-contrast=\"auto\"><span class=\"NormalTextRun SCXW10527214 BCX2\">O prefeito Ricardo Silva <\/span><span class=\"NormalTextRun SCXW10527214 BCX2\">(PSD) <\/span><span class=\"NormalTextRun SCXW10527214 BCX2\">destac<\/span><span class=\"NormalTextRun SCXW10527214 BCX2\">a<\/span><span class=\"NormalTextRun SCXW10527214 BCX2\"> que a reestrutura\u00e7\u00e3o representa um avan\u00e7o estrutural. \u201cMais do que atender a uma determina\u00e7\u00e3o legal, esta reestrutura\u00e7\u00e3o entrega uma administra\u00e7\u00e3o mais racional, moderna e preparada para os desafios de uma cidade que cresce e se transforma. Reduzimos cargos, <\/span><span class=\"NormalTextRun SCXW10527214 BCX2\">otimizamos<\/span><span class=\"NormalTextRun SCXW10527214 BCX2\"> fun\u00e7\u00f5es e fortalecemos \u00e1reas estrat\u00e9gicas para garantir servi\u00e7os de qualidade \u00e0 popula\u00e7\u00e3o\u201d, afirm<\/span><span class=\"NormalTextRun SCXW10527214 BCX2\">a<\/span><span class=\"NormalTextRun SCXW10527214 BCX2\">.<\/span><\/span><span class=\"LineBreakBlob BlobObject DragDrop SCXW10527214 BCX2\"><span class=\"SCXW10527214 BCX2\">\u00a0<\/span><br class=\"SCXW10527214 BCX2\"\/><\/span><span class=\"LineBreakBlob BlobObject DragDrop SCXW10527214 BCX2\"><span class=\"SCXW10527214 BCX2\">\u00a0<\/span><br class=\"SCXW10527214 BCX2\"\/><\/span><span class=\"TextRun SCXW10527214 BCX2\" lang=\"PT-BR\" xml:lang=\"PT-BR\" data-contrast=\"auto\"><span class=\"NormalTextRun SCXW10527214 BCX2\">O projeto de lei complementar ser\u00e1 encaminhado nesta quarta-feira, 13 de agosto, para tramita\u00e7\u00e3o na C\u00e2mara Municipal. Com sua aprova\u00e7\u00e3o, Ribeir\u00e3o Preto passar\u00e1 a contar com uma estrutura administrativa juridicamente s\u00f3lida, financeiramente sustent\u00e1vel e tecnicamente adequada para os pr\u00f3ximos anos, reafirmando o compromisso da gest\u00e3o com efici\u00eancia, legalidade e result<\/span><\/span><span class=\"TextRun SCXW10527214 BCX2\" lang=\"PT-BR\" xml:lang=\"PT-BR\" data-contrast=\"auto\"><span class=\"NormalTextRun SCXW10527214 BCX2\">a<\/span><\/span><span class=\"TextRun SCXW10527214 BCX2\" lang=\"PT-BR\" xml:lang=\"PT-BR\" data-contrast=\"auto\"><span class=\"NormalTextRun SCXW10527214 BCX2\">dos.<\/span><\/span><\/p>\n<\/div>\n<p><script async src=\"\/\/platform.twitter.com\/widgets.js\" charset=\"utf-8\"><\/script><br \/>\n<br \/><br \/>\n<br \/><a href=\"https:\/\/www.tribunaribeirao.com.br\/prefeitura-de-rp-corta-98-cargos\/\">Source link <\/a><\/p>\n<!-- CONTENT END 1 -->\n","protected":false},"excerpt":{"rendered":"<p>13 de agosto de 2025 08:1013 de agosto de 2025 08:1716 Compartilhar0 Proposta desenvolvida pela Fipe atende determina\u00e7\u00f5es do Tribunal de Justi\u00e7a, amplia atribui\u00e7\u00f5es de&#8230;<\/p>\n","protected":false},"author":1,"featured_media":75640,"comment_status":"open","ping_status":"open","sticky":false,"template":"","format":"standard","meta":{"advanced_seo_description":"","jetpack_seo_html_title":"","jetpack_seo_noindex":false,"jetpack_post_was_ever_published":false,"_jetpack_newsletter_access":"","_jetpack_dont_email_post_to_subs":false,"_jetpack_newsletter_tier_id":0,"_jetpack_memberships_contains_paywalled_content":false,"_jetpack_memberships_contains_paid_content":false,"footnotes":"","jetpack_publicize_message":"","jetpack_publicize_feature_enabled":true,"jetpack_social_post_already_shared":true,"jetpack_social_options":{"image_generator_settings":{"template":"highway","default_image_id":0,"font":"","enabled":false},"version":2}},"categories":[11],"tags":[],"class_list":["post-75639","post","type-post","status-publish","format-standard","has-post-thumbnail","hentry","category-noticias-de-ribeirao-preto-sp-e-regiao-ismael-colosi"],"jetpack_publicize_connections":[],"jetpack_featured_media_url":"https:\/\/i0.wp.com\/noticiasribeiraopreto.com.br\/wp-content\/uploads\/2025\/08\/ICMS-Max-Gallao-Mesquita-2-scaled.jpg?fit=786%2C500&ssl=1","jetpack-related-posts":[{"id":75976,"url":"https:\/\/noticiasribeiraopreto.com.br\/index.php\/2025\/08\/19\/festa-do-peao-de-barretos-confira-programacao-completa-de-shows-e-rodeio\/","url_meta":{"origin":75639,"position":0},"title":"Festa do Pe\u00e3o de Barretos: Confira programa\u00e7\u00e3o completa de shows e rodeio","author":"noticiasribeiraopreto.com.br","date":"19 de August de 2025","format":false,"excerpt":"Come\u00e7ou a contagem regressiva para a edi\u00e7\u00e3o de 2025 da 70\u00aa Festa do Pe\u00e3o de Barretos. O maior evento de rodeio da Am\u00e9rica Latina acontece entre os dias 21 e 31 de agosto, no Parque do Pe\u00e3o, em Barretos. A festa re\u00fane competi\u00e7\u00f5es esportivas, v\u00e1rios shows, gastronomia t\u00edpica com op\u00e7\u00f5es\u2026","rel":"","context":"In &quot;Not\u00edcias de Ribeir\u00e3o Preto-SP e Regi\u00e3o&quot;","block_context":{"text":"Not\u00edcias de Ribeir\u00e3o Preto-SP e Regi\u00e3o","link":"https:\/\/noticiasribeiraopreto.com.br\/index.php\/category\/noticias-de-ribeirao-preto-sp-e-regiao-ismael-colosi\/"},"img":{"alt_text":"","src":"https:\/\/i0.wp.com\/noticiasribeiraopreto.com.br\/wp-content\/uploads\/2025\/07\/Imagem-do-WhatsApp-de-2025-07-01-as-16.18.28_57460c98_2025-07-01_19-43-10.webp.webp?fit=1200%2C800&ssl=1&resize=350%2C200","width":350,"height":200,"srcset":"https:\/\/i0.wp.com\/noticiasribeiraopreto.com.br\/wp-content\/uploads\/2025\/07\/Imagem-do-WhatsApp-de-2025-07-01-as-16.18.28_57460c98_2025-07-01_19-43-10.webp.webp?fit=1200%2C800&ssl=1&resize=350%2C200 1x, https:\/\/i0.wp.com\/noticiasribeiraopreto.com.br\/wp-content\/uploads\/2025\/07\/Imagem-do-WhatsApp-de-2025-07-01-as-16.18.28_57460c98_2025-07-01_19-43-10.webp.webp?fit=1200%2C800&ssl=1&resize=525%2C300 1.5x, https:\/\/i0.wp.com\/noticiasribeiraopreto.com.br\/wp-content\/uploads\/2025\/07\/Imagem-do-WhatsApp-de-2025-07-01-as-16.18.28_57460c98_2025-07-01_19-43-10.webp.webp?fit=1200%2C800&ssl=1&resize=700%2C400 2x, https:\/\/i0.wp.com\/noticiasribeiraopreto.com.br\/wp-content\/uploads\/2025\/07\/Imagem-do-WhatsApp-de-2025-07-01-as-16.18.28_57460c98_2025-07-01_19-43-10.webp.webp?fit=1200%2C800&ssl=1&resize=1050%2C600 3x"},"classes":[]},{"id":55868,"url":"https:\/\/noticiasribeiraopreto.com.br\/index.php\/2024\/08\/07\/brasileiros-comemoram-governo-anuncia-pagamento-de-confirmado-pelo-governo-em-todo-o-pais-veja-como-receber\/","url_meta":{"origin":75639,"position":1},"title":"Brasileiros Comemoram! Governo Anuncia Pagamento de Confirmado pelo Governo em Todo o Pa\u00eds; Veja como receber","author":"noticiasribeiraopreto.com.br","date":"7 de August de 2024","format":false,"excerpt":"O dep\u00f3sito de R$ 102 ser\u00e1 feito novamente para mais de 5,81 milh\u00f5es de fam\u00edlias. O pagamento j\u00e1 foi confirmado e a data foi anunciada pelo Governo Federal. Esse valor contribui para a compra de necessidades na casa dos brasileiros. Est\u00e1 confirmado que o pagamento de R$ 102 em todo\u2026","rel":"","context":"In &quot;Dinheiro e Investimento&quot;","block_context":{"text":"Dinheiro e Investimento","link":"https:\/\/noticiasribeiraopreto.com.br\/index.php\/category\/dinheiro-e-investimento-como-fazer-como-ganhar\/"},"img":{"alt_text":"","src":"https:\/\/i0.wp.com\/noticiasribeiraopreto.com.br\/wp-content\/uploads\/2024\/08\/pagamento-de-r-102.webp.webp?fit=1200%2C630&ssl=1&resize=350%2C200","width":350,"height":200,"srcset":"https:\/\/i0.wp.com\/noticiasribeiraopreto.com.br\/wp-content\/uploads\/2024\/08\/pagamento-de-r-102.webp.webp?fit=1200%2C630&ssl=1&resize=350%2C200 1x, https:\/\/i0.wp.com\/noticiasribeiraopreto.com.br\/wp-content\/uploads\/2024\/08\/pagamento-de-r-102.webp.webp?fit=1200%2C630&ssl=1&resize=525%2C300 1.5x, https:\/\/i0.wp.com\/noticiasribeiraopreto.com.br\/wp-content\/uploads\/2024\/08\/pagamento-de-r-102.webp.webp?fit=1200%2C630&ssl=1&resize=700%2C400 2x, https:\/\/i0.wp.com\/noticiasribeiraopreto.com.br\/wp-content\/uploads\/2024\/08\/pagamento-de-r-102.webp.webp?fit=1200%2C630&ssl=1&resize=1050%2C600 3x"},"classes":[]},{"id":55616,"url":"https:\/\/noticiasribeiraopreto.com.br\/index.php\/2024\/08\/03\/atencao-beneficiarios-bolsa-familia-divulga-calendario-do-mes-de-agosto-para-os-nis-1-2-3-4-5-6-7-8-9-e-0-confira-as-datas-de-pagamento-2\/","url_meta":{"origin":75639,"position":2},"title":"Aten\u00e7\u00e3o benefici\u00e1rios! Bolsa fam\u00edlia divulga calend\u00e1rio do m\u00eas de Agosto para os NIS 1, 2, 3, 4, 5, 6, 7, 8, 9 e 0; Confira as datas de pagamento","author":"noticiasribeiraopreto.com.br","date":"3 de August de 2024","format":false,"excerpt":"O Bolsa Fam\u00edlia, programa de transfer\u00eancia de renda do governo federal brasileiro, continua sendo uma ferramenta importante para milh\u00f5es de fam\u00edlias em situa\u00e7\u00e3o de vulnerabilidade econ\u00f4mica. Para fornecer assist\u00eancia financeira mensal, o programa prev\u00ea pagamentos de acordo com um calend\u00e1rio espec\u00edfico, que inclui benef\u00edcios adicionais em determinadas ocasi\u00f5es. Para receber\u2026","rel":"","context":"In &quot;Dinheiro e Investimento&quot;","block_context":{"text":"Dinheiro e Investimento","link":"https:\/\/noticiasribeiraopreto.com.br\/index.php\/category\/dinheiro-e-investimento-como-fazer-como-ganhar\/"},"img":{"alt_text":"","src":"https:\/\/i0.wp.com\/noticiasribeiraopreto.com.br\/wp-content\/uploads\/2024\/07\/reuniao-semanal-equipe-borcelle.webp.webp?fit=1200%2C630&ssl=1&resize=350%2C200","width":350,"height":200,"srcset":"https:\/\/i0.wp.com\/noticiasribeiraopreto.com.br\/wp-content\/uploads\/2024\/07\/reuniao-semanal-equipe-borcelle.webp.webp?fit=1200%2C630&ssl=1&resize=350%2C200 1x, https:\/\/i0.wp.com\/noticiasribeiraopreto.com.br\/wp-content\/uploads\/2024\/07\/reuniao-semanal-equipe-borcelle.webp.webp?fit=1200%2C630&ssl=1&resize=525%2C300 1.5x, https:\/\/i0.wp.com\/noticiasribeiraopreto.com.br\/wp-content\/uploads\/2024\/07\/reuniao-semanal-equipe-borcelle.webp.webp?fit=1200%2C630&ssl=1&resize=700%2C400 2x, https:\/\/i0.wp.com\/noticiasribeiraopreto.com.br\/wp-content\/uploads\/2024\/07\/reuniao-semanal-equipe-borcelle.webp.webp?fit=1200%2C630&ssl=1&resize=1050%2C600 3x"},"classes":[]},{"id":76028,"url":"https:\/\/noticiasribeiraopreto.com.br\/index.php\/2025\/08\/20\/instabilidade-tira-do-ar-consulta-de-dados-sobre-qualidade-do-ar-em-ribeirao-entenda\/","url_meta":{"origin":75639,"position":3},"title":"Instabilidade tira do ar consulta de dados sobre qualidade do ar em Ribeir\u00e3o; Entenda","author":"noticiasribeiraopreto.com.br","date":"20 de August de 2025","format":false,"excerpt":"Com a chegada do veranico, per\u00edodo em que as temperaturas ficam acima da m\u00e9dia mesmo no inverno, a qualidade do ar em Ribeir\u00e3o Preto pode ser prejudicada. Nesta semana, por\u00e9m, quem tentou acompanhar os \u00edndices de monitoramento encontrou dificuldades, j\u00e1 que a aba do site da Cetesb (Companhia Ambiental do\u2026","rel":"","context":"In &quot;Not\u00edcias de Ribeir\u00e3o Preto-SP e Regi\u00e3o&quot;","block_context":{"text":"Not\u00edcias de Ribeir\u00e3o Preto-SP e Regi\u00e3o","link":"https:\/\/noticiasribeiraopreto.com.br\/index.php\/category\/noticias-de-ribeirao-preto-sp-e-regiao-ismael-colosi\/"},"img":{"alt_text":"","src":"https:\/\/i0.wp.com\/noticiasribeiraopreto.com.br\/wp-content\/uploads\/2025\/08\/Copia-de-Copia-de-Copia-de-TAMANHO-EXATO-PARA-FOTOS-NO-SISTEMA-NOVO-2025-08-20T190609.455_2025-08-20_22-06-17.webp.webp?fit=1200%2C675&ssl=1&resize=350%2C200","width":350,"height":200,"srcset":"https:\/\/i0.wp.com\/noticiasribeiraopreto.com.br\/wp-content\/uploads\/2025\/08\/Copia-de-Copia-de-Copia-de-TAMANHO-EXATO-PARA-FOTOS-NO-SISTEMA-NOVO-2025-08-20T190609.455_2025-08-20_22-06-17.webp.webp?fit=1200%2C675&ssl=1&resize=350%2C200 1x, https:\/\/i0.wp.com\/noticiasribeiraopreto.com.br\/wp-content\/uploads\/2025\/08\/Copia-de-Copia-de-Copia-de-TAMANHO-EXATO-PARA-FOTOS-NO-SISTEMA-NOVO-2025-08-20T190609.455_2025-08-20_22-06-17.webp.webp?fit=1200%2C675&ssl=1&resize=525%2C300 1.5x, https:\/\/i0.wp.com\/noticiasribeiraopreto.com.br\/wp-content\/uploads\/2025\/08\/Copia-de-Copia-de-Copia-de-TAMANHO-EXATO-PARA-FOTOS-NO-SISTEMA-NOVO-2025-08-20T190609.455_2025-08-20_22-06-17.webp.webp?fit=1200%2C675&ssl=1&resize=700%2C400 2x, https:\/\/i0.wp.com\/noticiasribeiraopreto.com.br\/wp-content\/uploads\/2025\/08\/Copia-de-Copia-de-Copia-de-TAMANHO-EXATO-PARA-FOTOS-NO-SISTEMA-NOVO-2025-08-20T190609.455_2025-08-20_22-06-17.webp.webp?fit=1200%2C675&ssl=1&resize=1050%2C600 3x"},"classes":[]},{"id":56613,"url":"https:\/\/noticiasribeiraopreto.com.br\/index.php\/2024\/08\/15\/ribeirao-preto-recebe-festival-nacional-de-teatro-veja-a-programacao\/","url_meta":{"origin":75639,"position":4},"title":"Ribeir\u00e3o Preto recebe Festival Nacional de Teatro; Veja a programa\u00e7\u00e3o","author":"noticiasribeiraopreto.com.br","date":"15 de August de 2024","format":false,"excerpt":"A 8\u00aa edi\u00e7\u00e3o do Festival Nacional de Teatro chega a Ribeir\u00e3o Preto nesta sexta-feira (16) e segue at\u00e9 o dia 1\u00ba de setembro. S\u00e3o 35 espet\u00e1culos, nove oficinas e tr\u00eas performances, no Teatro Municipal, parques, pra\u00e7as e outros teatros da cidade. Toda a programa\u00e7\u00e3o \u00e9 gratuita. A novidade deste ano\u2026","rel":"","context":"In &quot;Not\u00edcias de Ribeir\u00e3o Preto-SP e Regi\u00e3o&quot;","block_context":{"text":"Not\u00edcias de Ribeir\u00e3o Preto-SP e Regi\u00e3o","link":"https:\/\/noticiasribeiraopreto.com.br\/index.php\/category\/noticias-de-ribeirao-preto-sp-e-regiao-ismael-colosi\/"},"img":{"alt_text":"","src":"https:\/\/i0.wp.com\/noticiasribeiraopreto.com.br\/wp-content\/uploads\/2024\/08\/Copia-de-Copia-de-Copia-de-TAMANHO-EXATO-PARA-FOTOS-NO-SISTEMA-NOVO-2_2024-08-15_12-44-51_jpg_2024-08-15_12-44-51.webp.webp?fit=1200%2C675&ssl=1&resize=350%2C200","width":350,"height":200,"srcset":"https:\/\/i0.wp.com\/noticiasribeiraopreto.com.br\/wp-content\/uploads\/2024\/08\/Copia-de-Copia-de-Copia-de-TAMANHO-EXATO-PARA-FOTOS-NO-SISTEMA-NOVO-2_2024-08-15_12-44-51_jpg_2024-08-15_12-44-51.webp.webp?fit=1200%2C675&ssl=1&resize=350%2C200 1x, https:\/\/i0.wp.com\/noticiasribeiraopreto.com.br\/wp-content\/uploads\/2024\/08\/Copia-de-Copia-de-Copia-de-TAMANHO-EXATO-PARA-FOTOS-NO-SISTEMA-NOVO-2_2024-08-15_12-44-51_jpg_2024-08-15_12-44-51.webp.webp?fit=1200%2C675&ssl=1&resize=525%2C300 1.5x, https:\/\/i0.wp.com\/noticiasribeiraopreto.com.br\/wp-content\/uploads\/2024\/08\/Copia-de-Copia-de-Copia-de-TAMANHO-EXATO-PARA-FOTOS-NO-SISTEMA-NOVO-2_2024-08-15_12-44-51_jpg_2024-08-15_12-44-51.webp.webp?fit=1200%2C675&ssl=1&resize=700%2C400 2x, https:\/\/i0.wp.com\/noticiasribeiraopreto.com.br\/wp-content\/uploads\/2024\/08\/Copia-de-Copia-de-Copia-de-TAMANHO-EXATO-PARA-FOTOS-NO-SISTEMA-NOVO-2_2024-08-15_12-44-51_jpg_2024-08-15_12-44-51.webp.webp?fit=1200%2C675&ssl=1&resize=1050%2C600 3x"},"classes":[]},{"id":55967,"url":"https:\/\/noticiasribeiraopreto.com.br\/index.php\/2024\/08\/08\/13o-salario-do-bolsa-familia-comeca-a-ser-pago-este-mes-confira-as-datas-de-pagamento\/","url_meta":{"origin":75639,"position":5},"title":"13\u00ba Sal\u00e1rio do Bolsa Fam\u00edlia come\u00e7a a ser pago ESTE m\u00eas: Confira as Datas de Pagamento","author":"noticiasribeiraopreto.com.br","date":"8 de August de 2024","format":false,"excerpt":"O programa Bolsa Fam\u00edlia, que contribui para o combate \u00e0 desigualdade social no Brasil desde 2003, traz not\u00edcias positivas neste m\u00eas de Agosto de 2024. Para fornecer al\u00edvio financeiro adicional, o Governo Federal introduzir\u00e1 um 909.893\u00ba sal\u00e1rio que beneficiar\u00e1 diretamente 13 fam\u00edlias. Esse b\u00f4nus extra vem em momento oportuno, pois\u2026","rel":"","context":"In &quot;Dinheiro e Investimento&quot;","block_context":{"text":"Dinheiro e Investimento","link":"https:\/\/noticiasribeiraopreto.com.br\/index.php\/category\/dinheiro-e-investimento-como-fazer-como-ganhar\/"},"img":{"alt_text":"","src":"https:\/\/i0.wp.com\/noticiasribeiraopreto.com.br\/wp-content\/uploads\/2024\/08\/emprestimo.webp.webp?fit=1200%2C630&ssl=1&resize=350%2C200","width":350,"height":200,"srcset":"https:\/\/i0.wp.com\/noticiasribeiraopreto.com.br\/wp-content\/uploads\/2024\/08\/emprestimo.webp.webp?fit=1200%2C630&ssl=1&resize=350%2C200 1x, https:\/\/i0.wp.com\/noticiasribeiraopreto.com.br\/wp-content\/uploads\/2024\/08\/emprestimo.webp.webp?fit=1200%2C630&ssl=1&resize=525%2C300 1.5x, https:\/\/i0.wp.com\/noticiasribeiraopreto.com.br\/wp-content\/uploads\/2024\/08\/emprestimo.webp.webp?fit=1200%2C630&ssl=1&resize=700%2C400 2x, https:\/\/i0.wp.com\/noticiasribeiraopreto.com.br\/wp-content\/uploads\/2024\/08\/emprestimo.webp.webp?fit=1200%2C630&ssl=1&resize=1050%2C600 3x"},"classes":[]}],"jetpack_sharing_enabled":true,"jetpack_shortlink":"https:\/\/wp.me\/peQAOb-jFZ","_links":{"self":[{"href":"https:\/\/noticiasribeiraopreto.com.br\/index.php\/wp-json\/wp\/v2\/posts\/75639","targetHints":{"allow":["GET"]}}],"collection":[{"href":"https:\/\/noticiasribeiraopreto.com.br\/index.php\/wp-json\/wp\/v2\/posts"}],"about":[{"href":"https:\/\/noticiasribeiraopreto.com.br\/index.php\/wp-json\/wp\/v2\/types\/post"}],"author":[{"embeddable":true,"href":"https:\/\/noticiasribeiraopreto.com.br\/index.php\/wp-json\/wp\/v2\/users\/1"}],"replies":[{"embeddable":true,"href":"https:\/\/noticiasribeiraopreto.com.br\/index.php\/wp-json\/wp\/v2\/comments?post=75639"}],"version-history":[{"count":0,"href":"https:\/\/noticiasribeiraopreto.com.br\/index.php\/wp-json\/wp\/v2\/posts\/75639\/revisions"}],"wp:featuredmedia":[{"embeddable":true,"href":"https:\/\/noticiasribeiraopreto.com.br\/index.php\/wp-json\/wp\/v2\/media\/75640"}],"wp:attachment":[{"href":"https:\/\/noticiasribeiraopreto.com.br\/index.php\/wp-json\/wp\/v2\/media?parent=75639"}],"wp:term":[{"taxonomy":"category","embeddable":true,"href":"https:\/\/noticiasribeiraopreto.com.br\/index.php\/wp-json\/wp\/v2\/categories?post=75639"},{"taxonomy":"post_tag","embeddable":true,"href":"https:\/\/noticiasribeiraopreto.com.br\/index.php\/wp-json\/wp\/v2\/tags?post=75639"}],"curies":[{"name":"wp","href":"https:\/\/api.w.org\/{rel}","templated":true}]}}