{"id":75641,"date":"2025-08-13T09:58:14","date_gmt":"2025-08-13T12:58:14","guid":{"rendered":"https:\/\/noticiasribeiraopreto.com.br\/index.php\/2025\/08\/13\/detran-sp-multa-9-motoristas-durante-blitz-na-regiao-de-ribeirao-preto\/"},"modified":"2025-08-13T09:58:14","modified_gmt":"2025-08-13T12:58:14","slug":"detran-sp-multa-9-motoristas-durante-blitz-na-regiao-de-ribeirao-preto","status":"publish","type":"post","link":"https:\/\/noticiasribeiraopreto.com.br\/index.php\/2025\/08\/13\/detran-sp-multa-9-motoristas-durante-blitz-na-regiao-de-ribeirao-preto\/","title":{"rendered":"Detran-SP multa 9 motoristas durante blitz na regi\u00e3o de Ribeir\u00e3o Preto"},"content":{"rendered":"<div class='code-block code-block-1' style='margin: 8px 0 8px auto; text-align: right; display: block; clear: both;'>\n<p><a href=\"https:\/\/wa.link\/vpicfd\"><img data-recalc-dims=\"1\" class=\"wp-image-4922\" style=\"aspect-ratio: 2.0253164556962027; width: 561px; height: auto;\" src=\"https:\/\/i0.wp.com\/ismaelcolosi.com.br\/wp-content\/uploads\/2023\/11\/grupo-de-empregos-whatsapp-e-facebook-ismael-colosi-vagas.jpg?ssl=1\" alt=\"\" \/><\/a><\/p>\n<!-- \/wp:image -->\n<\/div>\n<p> <br \/>\n<\/p>\n<div data-td-block-uid=\"tdi_95\">\n<div class=\"tdb-block-inner td-fix-index\">\n<p><strong>Uma opera\u00e7\u00e3o do Detran-SP realizada no \u00faltimo s\u00e1bado (9) contra embriaguez ao volante autuou nove motoristas em Sert\u00e3ozinho, na regi\u00e3o de <strong>Ribeir\u00e3o Preto<\/strong>.<\/strong> A a\u00e7\u00e3o foi realizada com apoio da PM (Pol\u00edcia Militar).<\/p>\n<p>O \u00f3rg\u00e3o informou que as autua\u00e7\u00f5es ocorreram na liga\u00e7\u00e3o da avenida Ant\u00f4nio Paschoal com a rua Jo\u00e3o Nilson Mossin. Ao todo, foram fiscalizados 683 ve\u00edculos.<\/p>\n<p>Segundo o Detran-SP, os motoristas recusaram o teste do baf\u00f4metro. <\/p>\n<p>Tanto dirigir sob efeito de \u00e1lcool, com teste do baf\u00f4metro de at\u00e9 0,33 mg de \u00e1lcool por litro de ar expelido, quanto recusar o teste do etil\u00f4metro s\u00e3o consideradas infra\u00e7\u00f5es grav\u00edssimas pelo C\u00f3digo de Tr\u00e2nsito Brasileiro (CTB).\u00a0<\/p>\n<p>Em ambos os casos, o valor da multa \u00e9 de R$ 2.934,70 e o condutor responde a processo de suspens\u00e3o da carteira de habilita\u00e7\u00e3o.<\/p>\n<p>J\u00e1 os casos de embriaguez ao volante, quando os motoristas apresentam \u00edndice a partir de 0,34 miligramas de \u00e1lcool por litro de ar expelido no teste do baf\u00f4metro, s\u00e3o considerados crimes de tr\u00e2nsito.<\/p>\n<p><!-- AI CONTENT END 1 -->\n<\/div>\n<\/div>\n<p><br \/>\n<br \/><a href=\"https:\/\/www.acidadeon.com\/ribeiraopreto\/cotidiano\/detran-sp-multa-9-motoristas-durante-blitz-na-regiao-de-ribeirao-preto\/\">Source link <\/a><\/p>\n<!-- CONTENT END 1 -->\n","protected":false},"excerpt":{"rendered":"<p>Uma opera\u00e7\u00e3o do Detran-SP realizada no \u00faltimo s\u00e1bado (9) contra embriaguez ao volante autuou nove motoristas em Sert\u00e3ozinho, na regi\u00e3o de Ribeir\u00e3o Preto. A a\u00e7\u00e3o&#8230;<\/p>\n","protected":false},"author":1,"featured_media":0,"comment_status":"open","ping_status":"open","sticky":false,"template":"","format":"standard","meta":{"advanced_seo_description":"","jetpack_seo_html_title":"","jetpack_seo_noindex":false,"jetpack_post_was_ever_published":false,"_jetpack_newsletter_access":"","_jetpack_dont_email_post_to_subs":false,"_jetpack_newsletter_tier_id":0,"_jetpack_memberships_contains_paywalled_content":false,"_jetpack_memberships_contains_paid_content":false,"footnotes":"","jetpack_publicize_message":"","jetpack_publicize_feature_enabled":true,"jetpack_social_post_already_shared":true,"jetpack_social_options":{"image_generator_settings":{"template":"highway","default_image_id":0,"font":"","enabled":false},"version":2}},"categories":[11],"tags":[],"class_list":["post-75641","post","type-post","status-publish","format-standard","hentry","category-noticias-de-ribeirao-preto-sp-e-regiao-ismael-colosi"],"jetpack_publicize_connections":[],"jetpack_featured_media_url":"","jetpack-related-posts":[{"id":71885,"url":"https:\/\/noticiasribeiraopreto.com.br\/index.php\/2025\/06\/11\/detran-multa-47-motoristas-em-operacao-de-combate-a-embriaguez-em-ribeirao-preto-e-sertaozinho\/","url_meta":{"origin":75641,"position":0},"title":"Detran multa 47 motoristas em opera\u00e7\u00e3o de combate \u00e0 embriaguez em Ribeir\u00e3o Preto e Sert\u00e3ozinho","author":"noticiasribeiraopreto.com.br","date":"11 de June de 2025","format":false,"excerpt":"Uma opera\u00e7\u00e3o do Detran-SP realizada no \u00faltimo final de semana contra embriaguez ao volante autuou 47 motoristas em Ribeir\u00e3o Preto e Sert\u00e3ozinho. O \u00f3rg\u00e3o informou que em Ribeir\u00e3o foram 32 autua\u00e7\u00f5es, das quais seis na avenida Adelmo Perdizza e outras 26 na avenida Castelo Branco. J\u00e1 em Sert\u00e3ozinho, 15 motoristas\u2026","rel":"","context":"In &quot;Not\u00edcias de Ribeir\u00e3o Preto-SP e Regi\u00e3o&quot;","block_context":{"text":"Not\u00edcias de Ribeir\u00e3o Preto-SP e Regi\u00e3o","link":"https:\/\/noticiasribeiraopreto.com.br\/index.php\/category\/noticias-de-ribeirao-preto-sp-e-regiao-ismael-colosi\/"},"img":{"alt_text":"","src":"https:\/\/i0.wp.com\/noticiasribeiraopreto.com.br\/wp-content\/uploads\/2025\/06\/castelo_branco_2.jpg?fit=1200%2C751&ssl=1&resize=350%2C200","width":350,"height":200,"srcset":"https:\/\/i0.wp.com\/noticiasribeiraopreto.com.br\/wp-content\/uploads\/2025\/06\/castelo_branco_2.jpg?fit=1200%2C751&ssl=1&resize=350%2C200 1x, https:\/\/i0.wp.com\/noticiasribeiraopreto.com.br\/wp-content\/uploads\/2025\/06\/castelo_branco_2.jpg?fit=1200%2C751&ssl=1&resize=525%2C300 1.5x, https:\/\/i0.wp.com\/noticiasribeiraopreto.com.br\/wp-content\/uploads\/2025\/06\/castelo_branco_2.jpg?fit=1200%2C751&ssl=1&resize=700%2C400 2x, https:\/\/i0.wp.com\/noticiasribeiraopreto.com.br\/wp-content\/uploads\/2025\/06\/castelo_branco_2.jpg?fit=1200%2C751&ssl=1&resize=1050%2C600 3x"},"classes":[]},{"id":64757,"url":"https:\/\/noticiasribeiraopreto.com.br\/index.php\/2025\/03\/12\/detran-multa-22-motoristas-apos-recusa-do-teste-do-bafometro-na-regiao-de-ribeirao\/","url_meta":{"origin":75641,"position":1},"title":"Detran multa 22 motoristas ap\u00f3s recusa do teste do baf\u00f4metro na regi\u00e3o de Ribeir\u00e3o","author":"noticiasribeiraopreto.com.br","date":"12 de March de 2025","format":false,"excerpt":"O Detran-SP autuou 22 motoristas por recusarem a fazer o teste do baf\u00f4metro no \u00faltimo s\u00e1bado (8), durante a Opera\u00e7\u00e3o Dire\u00e7\u00e3o Segura Integrada (ODSI), realizada em Barretos, cidade a aproximadamente 130 quil\u00f4metros de Ribeir\u00e3o Preto. Foram abordados 606 ve\u00edculos na avenida Professor Roberto Frade Monte, com apoio das pol\u00edcias Militar,\u2026","rel":"","context":"In &quot;Not\u00edcias de Ribeir\u00e3o Preto-SP e Regi\u00e3o&quot;","block_context":{"text":"Not\u00edcias de Ribeir\u00e3o Preto-SP e Regi\u00e3o","link":"https:\/\/noticiasribeiraopreto.com.br\/index.php\/category\/noticias-de-ribeirao-preto-sp-e-regiao-ismael-colosi\/"},"img":{"alt_text":"","src":"https:\/\/i0.wp.com\/noticiasribeiraopreto.com.br\/wp-content\/uploads\/2025\/03\/teste-do-bafometro.jpg?fit=1200%2C845&ssl=1&resize=350%2C200","width":350,"height":200,"srcset":"https:\/\/i0.wp.com\/noticiasribeiraopreto.com.br\/wp-content\/uploads\/2025\/03\/teste-do-bafometro.jpg?fit=1200%2C845&ssl=1&resize=350%2C200 1x, https:\/\/i0.wp.com\/noticiasribeiraopreto.com.br\/wp-content\/uploads\/2025\/03\/teste-do-bafometro.jpg?fit=1200%2C845&ssl=1&resize=525%2C300 1.5x, https:\/\/i0.wp.com\/noticiasribeiraopreto.com.br\/wp-content\/uploads\/2025\/03\/teste-do-bafometro.jpg?fit=1200%2C845&ssl=1&resize=700%2C400 2x, https:\/\/i0.wp.com\/noticiasribeiraopreto.com.br\/wp-content\/uploads\/2025\/03\/teste-do-bafometro.jpg?fit=1200%2C845&ssl=1&resize=1050%2C600 3x"},"classes":[]},{"id":70641,"url":"https:\/\/noticiasribeiraopreto.com.br\/index.php\/2025\/05\/28\/detran-sp-multa-53-motoristas-durante-operacao-em-ribeirao-preto-e-sertaozinho\/","url_meta":{"origin":75641,"position":2},"title":"Detran-SP multa 53 motoristas durante opera\u00e7\u00e3o em Ribeir\u00e3o Preto e Sert\u00e3ozinho","author":"noticiasribeiraopreto.com.br","date":"28 de May de 2025","format":false,"excerpt":"Uma opera\u00e7\u00e3o do Detran-SP realizada no \u00faltimo fim de semana contra embriaguez ao volante autuou 53 motoristas em Ribeir\u00e3o Preto e Sert\u00e3ozinho. O Detran-SP informou que em Ribeir\u00e3o foram 15 autua\u00e7\u00f5es, na avenida Luiz Galv\u00e3o C\u00e9sar. J\u00e1 em Sert\u00e3ozinho, 38 motoristas foram multados na rodovia Att\u00edlio Balbo (SP-322), pr\u00f3ximo ao\u2026","rel":"","context":"In &quot;Not\u00edcias de Ribeir\u00e3o Preto-SP e Regi\u00e3o&quot;","block_context":{"text":"Not\u00edcias de Ribeir\u00e3o Preto-SP e Regi\u00e3o","link":"https:\/\/noticiasribeiraopreto.com.br\/index.php\/category\/noticias-de-ribeirao-preto-sp-e-regiao-ismael-colosi\/"},"img":{"alt_text":"","src":"https:\/\/i0.wp.com\/noticiasribeiraopreto.com.br\/wp-content\/uploads\/2025\/05\/teste-do-bafometro.jpg?fit=1200%2C845&ssl=1&resize=350%2C200","width":350,"height":200,"srcset":"https:\/\/i0.wp.com\/noticiasribeiraopreto.com.br\/wp-content\/uploads\/2025\/05\/teste-do-bafometro.jpg?fit=1200%2C845&ssl=1&resize=350%2C200 1x, https:\/\/i0.wp.com\/noticiasribeiraopreto.com.br\/wp-content\/uploads\/2025\/05\/teste-do-bafometro.jpg?fit=1200%2C845&ssl=1&resize=525%2C300 1.5x, https:\/\/i0.wp.com\/noticiasribeiraopreto.com.br\/wp-content\/uploads\/2025\/05\/teste-do-bafometro.jpg?fit=1200%2C845&ssl=1&resize=700%2C400 2x, https:\/\/i0.wp.com\/noticiasribeiraopreto.com.br\/wp-content\/uploads\/2025\/05\/teste-do-bafometro.jpg?fit=1200%2C845&ssl=1&resize=1050%2C600 3x"},"classes":[]},{"id":73468,"url":"https:\/\/noticiasribeiraopreto.com.br\/index.php\/2025\/07\/03\/detran-multa-39-motoristas-em-operacao-contra-embriaguez-em-ribeirao-preto-e-sertaozinho\/","url_meta":{"origin":75641,"position":3},"title":"Detran multa 39 motoristas em opera\u00e7\u00e3o contra embriaguez em Ribeir\u00e3o Preto e Sert\u00e3ozinho","author":"noticiasribeiraopreto.com.br","date":"3 de July de 2025","format":false,"excerpt":"O Detran-SP autuou 39 motoristas durante opera\u00e7\u00e3o contra embriaguez ao volante no \u00faltimo final de semana, em Ribeir\u00e3o Preto e Sert\u00e3ozinho. Segundo balan\u00e7o divulgado nesta quarta-feira (2), os motoristas autuados recusaram o teste do baf\u00f4metro \u2013 foram 21 em Ribeir\u00e3o e 18 em Sert\u00e3ozinho. Ao todo, 1.423 ve\u00edculos foram abordados,\u2026","rel":"","context":"In &quot;Not\u00edcias de Ribeir\u00e3o Preto-SP e Regi\u00e3o&quot;","block_context":{"text":"Not\u00edcias de Ribeir\u00e3o Preto-SP e Regi\u00e3o","link":"https:\/\/noticiasribeiraopreto.com.br\/index.php\/category\/noticias-de-ribeirao-preto-sp-e-regiao-ismael-colosi\/"},"img":{"alt_text":"","src":"https:\/\/i0.wp.com\/noticiasribeiraopreto.com.br\/wp-content\/uploads\/2025\/07\/policia_rodoviaria_1024x576_19022020160908.jpg?fit=1024%2C576&ssl=1&resize=350%2C200","width":350,"height":200,"srcset":"https:\/\/i0.wp.com\/noticiasribeiraopreto.com.br\/wp-content\/uploads\/2025\/07\/policia_rodoviaria_1024x576_19022020160908.jpg?fit=1024%2C576&ssl=1&resize=350%2C200 1x, https:\/\/i0.wp.com\/noticiasribeiraopreto.com.br\/wp-content\/uploads\/2025\/07\/policia_rodoviaria_1024x576_19022020160908.jpg?fit=1024%2C576&ssl=1&resize=525%2C300 1.5x, https:\/\/i0.wp.com\/noticiasribeiraopreto.com.br\/wp-content\/uploads\/2025\/07\/policia_rodoviaria_1024x576_19022020160908.jpg?fit=1024%2C576&ssl=1&resize=700%2C400 2x"},"classes":[]},{"id":58465,"url":"https:\/\/noticiasribeiraopreto.com.br\/index.php\/2024\/09\/27\/blitz-da-lei-seca-autua-48-motoristas-em-ribeirao-preto-e-regiao\/","url_meta":{"origin":75641,"position":4},"title":"Blitz da Lei Seca autua 48 motoristas em Ribeir\u00e3o Preto e regi\u00e3o","author":"noticiasribeiraopreto.com.br","date":"27 de September de 2024","format":false,"excerpt":"A blitz da Lei Seca autuou 48 motoristas na regi\u00e3o de Ribeir\u00e3o Preto durante a Semana Nacional de Tr\u00e2nsito, que aconteceu entre os dias 18 a 25 de setembro. Conforme o Detran-SP, 42 condutores se recusaram a realizar o teste do baf\u00f4metro e seis foram flagrados dirigindo sob a influ\u00eancia\u2026","rel":"","context":"In &quot;Not\u00edcias de Ribeir\u00e3o Preto-SP e Regi\u00e3o&quot;","block_context":{"text":"Not\u00edcias de Ribeir\u00e3o Preto-SP e Regi\u00e3o","link":"https:\/\/noticiasribeiraopreto.com.br\/index.php\/category\/noticias-de-ribeirao-preto-sp-e-regiao-ismael-colosi\/"},"img":{"alt_text":"","src":"https:\/\/i0.wp.com\/noticiasribeiraopreto.com.br\/wp-content\/uploads\/2024\/09\/3cf89c7b-4c5f-45d7-90e0-ea9535eb180f_2024-09-27_21-17-46_jpeg_2024-09-27_21-17-46.webp.webp?fit=1200%2C900&ssl=1&resize=350%2C200","width":350,"height":200,"srcset":"https:\/\/i0.wp.com\/noticiasribeiraopreto.com.br\/wp-content\/uploads\/2024\/09\/3cf89c7b-4c5f-45d7-90e0-ea9535eb180f_2024-09-27_21-17-46_jpeg_2024-09-27_21-17-46.webp.webp?fit=1200%2C900&ssl=1&resize=350%2C200 1x, https:\/\/i0.wp.com\/noticiasribeiraopreto.com.br\/wp-content\/uploads\/2024\/09\/3cf89c7b-4c5f-45d7-90e0-ea9535eb180f_2024-09-27_21-17-46_jpeg_2024-09-27_21-17-46.webp.webp?fit=1200%2C900&ssl=1&resize=525%2C300 1.5x, https:\/\/i0.wp.com\/noticiasribeiraopreto.com.br\/wp-content\/uploads\/2024\/09\/3cf89c7b-4c5f-45d7-90e0-ea9535eb180f_2024-09-27_21-17-46_jpeg_2024-09-27_21-17-46.webp.webp?fit=1200%2C900&ssl=1&resize=700%2C400 2x, https:\/\/i0.wp.com\/noticiasribeiraopreto.com.br\/wp-content\/uploads\/2024\/09\/3cf89c7b-4c5f-45d7-90e0-ea9535eb180f_2024-09-27_21-17-46_jpeg_2024-09-27_21-17-46.webp.webp?fit=1200%2C900&ssl=1&resize=1050%2C600 3x"},"classes":[]},{"id":81173,"url":"https:\/\/noticiasribeiraopreto.com.br\/index.php\/2025\/12\/26\/operacao-da-lei-seca-multa-18-motoristas-na-regiao-de-ribeirao-preto\/","url_meta":{"origin":75641,"position":5},"title":"Opera\u00e7\u00e3o da Lei Seca multa 18 motoristas na regi\u00e3o de Ribeir\u00e3o Preto","author":"noticiasribeiraopreto.com.br","date":"26 de December de 2025","format":false,"excerpt":"A blitz da Lei Seca realizada pelo Detran-SP multou 18 motoristas em Sert\u00e3ozinho, cidade na regi\u00e3o de Ribeir\u00e3o Preto, na \u00faltima semana. De acordo com as informa\u00e7\u00f5es, 17\u00a0condutores se recusaram\u00a0a realizar o teste do baf\u00f4metro\u00a0e um foi flagrado dirigindo sob efeito de \u00e1lcool em dois pontos da cidade. No total,\u2026","rel":"","context":"In &quot;Not\u00edcias de Ribeir\u00e3o Preto-SP e Regi\u00e3o&quot;","block_context":{"text":"Not\u00edcias de Ribeir\u00e3o Preto-SP e Regi\u00e3o","link":"https:\/\/noticiasribeiraopreto.com.br\/index.php\/category\/noticias-de-ribeirao-preto-sp-e-regiao-ismael-colosi\/"},"img":{"alt_text":"","src":"https:\/\/i0.wp.com\/noticiasribeiraopreto.com.br\/wp-content\/uploads\/2025\/12\/domingo-39_2025-12-25_14-33-04.webp.webp?fit=1200%2C675&ssl=1&resize=350%2C200","width":350,"height":200,"srcset":"https:\/\/i0.wp.com\/noticiasribeiraopreto.com.br\/wp-content\/uploads\/2025\/12\/domingo-39_2025-12-25_14-33-04.webp.webp?fit=1200%2C675&ssl=1&resize=350%2C200 1x, https:\/\/i0.wp.com\/noticiasribeiraopreto.com.br\/wp-content\/uploads\/2025\/12\/domingo-39_2025-12-25_14-33-04.webp.webp?fit=1200%2C675&ssl=1&resize=525%2C300 1.5x, https:\/\/i0.wp.com\/noticiasribeiraopreto.com.br\/wp-content\/uploads\/2025\/12\/domingo-39_2025-12-25_14-33-04.webp.webp?fit=1200%2C675&ssl=1&resize=700%2C400 2x, https:\/\/i0.wp.com\/noticiasribeiraopreto.com.br\/wp-content\/uploads\/2025\/12\/domingo-39_2025-12-25_14-33-04.webp.webp?fit=1200%2C675&ssl=1&resize=1050%2C600 3x"},"classes":[]}],"jetpack_sharing_enabled":true,"jetpack_shortlink":"https:\/\/wp.me\/peQAOb-jG1","_links":{"self":[{"href":"https:\/\/noticiasribeiraopreto.com.br\/index.php\/wp-json\/wp\/v2\/posts\/75641","targetHints":{"allow":["GET"]}}],"collection":[{"href":"https:\/\/noticiasribeiraopreto.com.br\/index.php\/wp-json\/wp\/v2\/posts"}],"about":[{"href":"https:\/\/noticiasribeiraopreto.com.br\/index.php\/wp-json\/wp\/v2\/types\/post"}],"author":[{"embeddable":true,"href":"https:\/\/noticiasribeiraopreto.com.br\/index.php\/wp-json\/wp\/v2\/users\/1"}],"replies":[{"embeddable":true,"href":"https:\/\/noticiasribeiraopreto.com.br\/index.php\/wp-json\/wp\/v2\/comments?post=75641"}],"version-history":[{"count":0,"href":"https:\/\/noticiasribeiraopreto.com.br\/index.php\/wp-json\/wp\/v2\/posts\/75641\/revisions"}],"wp:attachment":[{"href":"https:\/\/noticiasribeiraopreto.com.br\/index.php\/wp-json\/wp\/v2\/media?parent=75641"}],"wp:term":[{"taxonomy":"category","embeddable":true,"href":"https:\/\/noticiasribeiraopreto.com.br\/index.php\/wp-json\/wp\/v2\/categories?post=75641"},{"taxonomy":"post_tag","embeddable":true,"href":"https:\/\/noticiasribeiraopreto.com.br\/index.php\/wp-json\/wp\/v2\/tags?post=75641"}],"curies":[{"name":"wp","href":"https:\/\/api.w.org\/{rel}","templated":true}]}}