{"id":75642,"date":"2025-08-13T10:05:31","date_gmt":"2025-08-13T13:05:31","guid":{"rendered":"https:\/\/noticiasribeiraopreto.com.br\/index.php\/2025\/08\/13\/policia-civil-cumpre-7-mandados-de-prisao-contra-o-trafico-em-ribeirao-preto\/"},"modified":"2025-08-13T10:05:31","modified_gmt":"2025-08-13T13:05:31","slug":"policia-civil-cumpre-7-mandados-de-prisao-contra-o-trafico-em-ribeirao-preto","status":"publish","type":"post","link":"https:\/\/noticiasribeiraopreto.com.br\/index.php\/2025\/08\/13\/policia-civil-cumpre-7-mandados-de-prisao-contra-o-trafico-em-ribeirao-preto\/","title":{"rendered":"Pol\u00edcia Civil cumpre 7 mandados de pris\u00e3o contra o tr\u00e1fico em Ribeir\u00e3o Preto"},"content":{"rendered":"<div class='code-block code-block-1' style='margin: 8px 0 8px auto; text-align: right; display: block; clear: both;'>\n<p><a href=\"https:\/\/wa.link\/vpicfd\"><img data-recalc-dims=\"1\" class=\"wp-image-4922\" style=\"aspect-ratio: 2.0253164556962027; width: 561px; height: auto;\" src=\"https:\/\/i0.wp.com\/ismaelcolosi.com.br\/wp-content\/uploads\/2023\/11\/grupo-de-empregos-whatsapp-e-facebook-ismael-colosi-vagas.jpg?ssl=1\" alt=\"\" \/><\/a><\/p>\n<!-- \/wp:image -->\n<\/div>\n<p> <br \/>\n<\/p>\n<div data-td-block-uid=\"tdi_95\">\n<div class=\"tdb-block-inner td-fix-index\">\n<p><strong>A Pol\u00edcia Civil deflagrou nesta quarta-feira (13) uma opera\u00e7\u00e3o contra o tr\u00e1fico de drogas e lavagem de dinheiro em Ribeir\u00e3o Preto.<\/strong><\/p>\n<p><mark style=\"background-color:#fcb900\" class=\"has-inline-color has-black-color\">A a\u00e7\u00e3o da 2\u00aa Delegacia de Investiga\u00e7\u00f5es Sobre Entorpecentes, chamada Ribeir\u00e3o contra o Tr\u00e1fico, cumpre 17 mandados de busca e apreens\u00e3o e sete pris\u00f5es tempor\u00e1rias.<\/mark> At\u00e9 por volta das 7h30, um homem havia sido preso.<\/p>\n<p>Agentes encontraram na rua General C\u00e2mara, na zona Norte, uma distribuidora apontada por fornecer microtubos para acondicionar coca\u00edna.<\/p>\n<p>A investiga\u00e7\u00e3o teve in\u00edcio em 2024 com a pris\u00e3o de quatro pessoas por associa\u00e7\u00e3o ao tr\u00e1fico de drogas.<\/p>\n<h2 class=\"wp-block-heading\"><strong>R$ 4 milh\u00f5es em bar<\/strong><\/h2>\n<p>A Pol\u00edcia Civil informou que em um pequeno bar do bairro Ipiranga, tamb\u00e9m na zona Norte de Ribeir\u00e3o Preto, foi apurada uma movimenta\u00e7\u00e3o de mais de R$ 4 milh\u00f5es em um per\u00edodo de seis meses.<\/p>\n<p>O grupo teria movimentado aproximadamente quatro toneladas de maconha e coca\u00edna na regi\u00e3o de Ribeir\u00e3o em 2024, de acordo com a pol\u00edcia.<\/p>\n<figure class=\"wp-block-pullquote\">\n<blockquote>\n<p>Os investigados s\u00e3o pessoas que operavam as contas banc\u00e1rias usadas para pagamento e recebimento de dinheiro il\u00edcito, al\u00e9m de indiv\u00edduos que transacionavam drogas com a associa\u00e7\u00e3o criminosa de forma est\u00e1vel e em grandes quantidades, <\/p>\n<p><cite>disse a Pol\u00edcia Civil.<\/cite><\/p><\/blockquote>\n<\/figure>\n<p>A opera\u00e7\u00e3o conta com 70 policiais civis do Deinter-3 (Departamento de Pol\u00edcia Judici\u00e1ria de S\u00e3o Paulo Interior) e 20 viaturas.<\/p>\n<figure class=\"wp-block-gallery has-nested-images columns-default is-cropped wp-block-gallery-1 is-layout-flex wp-block-gallery-is-layout-flex\">\n<figure class=\"wp-block-image size-large\"><img data-recalc-dims=\"1\" fetchpriority=\"high\" decoding=\"async\" width=\"1024\" height=\"768\" data-id=\"125613\" src=\"https:\/\/i0.wp.com\/cdn.media-acidadeon.com.br\/ribeiraopreto\/wp-content\/uploads\/sites\/3\/2025\/08\/WhatsApp-Image-2025-08-13-at-07.20.03_2025-08-13_11-12-59-1024x768.webp?resize=1024%2C768&#038;ssl=1\" alt=\"\" class=\"wp-image-125613\" srcset=\"https:\/\/cdn.media-acidadeon.com.br\/ribeiraopreto\/wp-content\/uploads\/sites\/3\/2025\/08\/WhatsApp-Image-2025-08-13-at-07.20.03_2025-08-13_11-12-59-1024x768.webp 1024w, https:\/\/cdn.media-acidadeon.com.br\/ribeiraopreto\/wp-content\/uploads\/sites\/3\/2025\/08\/WhatsApp-Image-2025-08-13-at-07.20.03_2025-08-13_11-12-59-300x225.webp 300w, https:\/\/cdn.media-acidadeon.com.br\/ribeiraopreto\/wp-content\/uploads\/sites\/3\/2025\/08\/WhatsApp-Image-2025-08-13-at-07.20.03_2025-08-13_11-12-59-768x576.webp 768w, https:\/\/cdn.media-acidadeon.com.br\/ribeiraopreto\/wp-content\/uploads\/sites\/3\/2025\/08\/WhatsApp-Image-2025-08-13-at-07.20.03_2025-08-13_11-12-59-696x522.webp 696w, https:\/\/cdn.media-acidadeon.com.br\/ribeiraopreto\/wp-content\/uploads\/sites\/3\/2025\/08\/WhatsApp-Image-2025-08-13-at-07.20.03_2025-08-13_11-12-59-1068x801.webp 1068w, https:\/\/cdn.media-acidadeon.com.br\/ribeiraopreto\/wp-content\/uploads\/sites\/3\/2025\/08\/WhatsApp-Image-2025-08-13-at-07.20.03_2025-08-13_11-12-59.webp 1200w\" sizes=\"(max-width: 1024px) 100vw, 1024px\"\/><\/figure>\n<figure class=\"wp-block-image size-large\"><img data-recalc-dims=\"1\" loading=\"lazy\" decoding=\"async\" width=\"1024\" height=\"768\" data-id=\"125611\" src=\"https:\/\/i0.wp.com\/cdn.media-acidadeon.com.br\/ribeiraopreto\/wp-content\/uploads\/sites\/3\/2025\/08\/WhatsApp-Image-2025-08-13-at-07.20.00_2025-08-13_11-12-59-1024x768.webp?resize=1024%2C768&#038;ssl=1\" alt=\"\" class=\"wp-image-125611\" srcset=\"https:\/\/cdn.media-acidadeon.com.br\/ribeiraopreto\/wp-content\/uploads\/sites\/3\/2025\/08\/WhatsApp-Image-2025-08-13-at-07.20.00_2025-08-13_11-12-59-1024x768.webp 1024w, https:\/\/cdn.media-acidadeon.com.br\/ribeiraopreto\/wp-content\/uploads\/sites\/3\/2025\/08\/WhatsApp-Image-2025-08-13-at-07.20.00_2025-08-13_11-12-59-300x225.webp 300w, https:\/\/cdn.media-acidadeon.com.br\/ribeiraopreto\/wp-content\/uploads\/sites\/3\/2025\/08\/WhatsApp-Image-2025-08-13-at-07.20.00_2025-08-13_11-12-59-768x576.webp 768w, https:\/\/cdn.media-acidadeon.com.br\/ribeiraopreto\/wp-content\/uploads\/sites\/3\/2025\/08\/WhatsApp-Image-2025-08-13-at-07.20.00_2025-08-13_11-12-59-696x522.webp 696w, https:\/\/cdn.media-acidadeon.com.br\/ribeiraopreto\/wp-content\/uploads\/sites\/3\/2025\/08\/WhatsApp-Image-2025-08-13-at-07.20.00_2025-08-13_11-12-59-1068x801.webp 1068w, https:\/\/cdn.media-acidadeon.com.br\/ribeiraopreto\/wp-content\/uploads\/sites\/3\/2025\/08\/WhatsApp-Image-2025-08-13-at-07.20.00_2025-08-13_11-12-59.webp 1200w\" sizes=\"auto, (max-width: 1024px) 100vw, 1024px\"\/><\/figure>\n<figure class=\"wp-block-image size-large\"><img data-recalc-dims=\"1\" loading=\"lazy\" decoding=\"async\" width=\"1024\" height=\"768\" data-id=\"125612\" src=\"https:\/\/i0.wp.com\/cdn.media-acidadeon.com.br\/ribeiraopreto\/wp-content\/uploads\/sites\/3\/2025\/08\/WhatsApp-Image-2025-08-13-at-07.20.05_2025-08-13_11-12-59-1024x768.webp?resize=1024%2C768&#038;ssl=1\" alt=\"\" class=\"wp-image-125612\" srcset=\"https:\/\/cdn.media-acidadeon.com.br\/ribeiraopreto\/wp-content\/uploads\/sites\/3\/2025\/08\/WhatsApp-Image-2025-08-13-at-07.20.05_2025-08-13_11-12-59-1024x768.webp 1024w, https:\/\/cdn.media-acidadeon.com.br\/ribeiraopreto\/wp-content\/uploads\/sites\/3\/2025\/08\/WhatsApp-Image-2025-08-13-at-07.20.05_2025-08-13_11-12-59-300x225.webp 300w, https:\/\/cdn.media-acidadeon.com.br\/ribeiraopreto\/wp-content\/uploads\/sites\/3\/2025\/08\/WhatsApp-Image-2025-08-13-at-07.20.05_2025-08-13_11-12-59-768x576.webp 768w, https:\/\/cdn.media-acidadeon.com.br\/ribeiraopreto\/wp-content\/uploads\/sites\/3\/2025\/08\/WhatsApp-Image-2025-08-13-at-07.20.05_2025-08-13_11-12-59-696x522.webp 696w, https:\/\/cdn.media-acidadeon.com.br\/ribeiraopreto\/wp-content\/uploads\/sites\/3\/2025\/08\/WhatsApp-Image-2025-08-13-at-07.20.05_2025-08-13_11-12-59-1068x801.webp 1068w, https:\/\/cdn.media-acidadeon.com.br\/ribeiraopreto\/wp-content\/uploads\/sites\/3\/2025\/08\/WhatsApp-Image-2025-08-13-at-07.20.05_2025-08-13_11-12-59.webp 1200w\" sizes=\"auto, (max-width: 1024px) 100vw, 1024px\"\/><\/figure>\n<\/figure>\n<p>SAIBA MAIS<\/p>\n<p>Ar seco chega com for\u00e7a e deixa estado de SP em risco para baixa umidade<\/p>\n<h2 class=\"wp-block-heading\"><strong>FIQUE ON\u00a0\u00a0\u00a0\u00a0\u00a0\u00a0\u00a0\u00a0\u00a0<\/strong><\/h2>\n<p>Quer ficar por dentro de tudo que acontece em Ribeir\u00e3o Preto e regi\u00e3o? Ent\u00e3o siga os perfis do\u202facidade on\u202fno\u202f<a href=\"https:\/\/www.instagram.com\/acidadeonribeirao\" target=\"_blank\" rel=\"noreferrer noopener\">Instagram<\/a>\u202fe no\u202f<a href=\"https:\/\/www.facebook.com\/acidadeonribeirao\/\" target=\"_blank\" rel=\"noreferrer noopener\">Facebook<\/a>.<\/p>\n<p>Al\u00e9m disso, voc\u00ea pode receber as principais not\u00edcias diretamente no WhatsApp. Para isso, basta\u00a0<a href=\"https:\/\/chat.whatsapp.com\/BjKQZ9oJwlz8VVT50NuePq\" target=\"_blank\" rel=\"noreferrer noopener\">entrar no grupo clicando aqui<\/a>.<\/p>\n<p>Por fim, se quiser fazer uma den\u00fancia ou sugerir uma reportagem sobre Ribeir\u00e3o Preto e regi\u00e3o, envie uma mensagem pelo WhatsApp: (16) 99117-7802.<\/p>\n<p>VEJA TAMB\u00c9M<\/p>\n<p>Quando ser\u00e1 lan\u00e7ado o novo \u00e1lbum da Taylor Swift?<\/p>\n<p><!-- AI CONTENT END 1 -->\n<\/div>\n<\/div>\n<p><script async src=\"\/\/www.instagram.com\/embed.js\"><\/script><br \/>\n<br \/><br \/>\n<br \/><a href=\"https:\/\/www.acidadeon.com\/ribeiraopreto\/cotidiano\/policia-civil-cumpre-7-mandados-de-prisao-contra-o-trafico-em-ribeirao-preto\/\">Source link <\/a><\/p>\n<!-- CONTENT END 1 -->\n","protected":false},"excerpt":{"rendered":"<p>A Pol\u00edcia Civil deflagrou nesta quarta-feira (13) uma opera\u00e7\u00e3o contra o tr\u00e1fico de drogas e lavagem de dinheiro em Ribeir\u00e3o Preto. A a\u00e7\u00e3o da 2\u00aa&#8230;<\/p>\n","protected":false},"author":1,"featured_media":75643,"comment_status":"open","ping_status":"open","sticky":false,"template":"","format":"standard","meta":{"advanced_seo_description":"","jetpack_seo_html_title":"","jetpack_seo_noindex":false,"jetpack_post_was_ever_published":false,"_jetpack_newsletter_access":"","_jetpack_dont_email_post_to_subs":false,"_jetpack_newsletter_tier_id":0,"_jetpack_memberships_contains_paywalled_content":false,"_jetpack_memberships_contains_paid_content":false,"footnotes":"","jetpack_publicize_message":"","jetpack_publicize_feature_enabled":true,"jetpack_social_post_already_shared":true,"jetpack_social_options":{"image_generator_settings":{"template":"highway","default_image_id":0,"font":"","enabled":false},"version":2}},"categories":[11],"tags":[],"class_list":["post-75642","post","type-post","status-publish","format-standard","has-post-thumbnail","hentry","category-noticias-de-ribeirao-preto-sp-e-regiao-ismael-colosi"],"jetpack_publicize_connections":[],"jetpack_featured_media_url":"https:\/\/i0.wp.com\/noticiasribeiraopreto.com.br\/wp-content\/uploads\/2025\/08\/WhatsApp-Image-2025-08-13-at-07.20.05-1_2025-08-13_10-56-26.webp.webp?fit=1200%2C900&ssl=1","jetpack-related-posts":[{"id":75659,"url":"https:\/\/noticiasribeiraopreto.com.br\/index.php\/2025\/08\/13\/bar-de-ribeirao-preto-movimentou-r-4-milhoes-do-trafico-diz-policia\/","url_meta":{"origin":75642,"position":0},"title":"Bar de Ribeir\u00e3o Preto movimentou R$ 4 milh\u00f5es do tr\u00e1fico, diz pol\u00edcia","author":"noticiasribeiraopreto.com.br","date":"13 de August de 2025","format":false,"excerpt":"O dono de um bar foi preso durante a opera\u00e7\u00e3o Ribeir\u00e3o contra o Tr\u00e1fico, deflagada pela Pol\u00edcia Civil na manh\u00e3 desta quarta-feira (13), em Ribeir\u00e3o Preto. O estabelecimento, localizado na equina das ruas Itagua\u00e7u e General C\u00e2mara, no bairro Ipiranga, zona Norte, \u00e9 apontado pela pol\u00edcia por movimentar R$ 4\u2026","rel":"","context":"In &quot;Not\u00edcias de Ribeir\u00e3o Preto-SP e Regi\u00e3o&quot;","block_context":{"text":"Not\u00edcias de Ribeir\u00e3o Preto-SP e Regi\u00e3o","link":"https:\/\/noticiasribeiraopreto.com.br\/index.php\/category\/noticias-de-ribeirao-preto-sp-e-regiao-ismael-colosi\/"},"img":{"alt_text":"","src":"https:\/\/i0.wp.com\/noticiasribeiraopreto.com.br\/wp-content\/uploads\/2025\/08\/WhatsApp-Image-2025-08-13-at-10.26.11_2025-08-13_13-27-30.webp.webp?fit=1200%2C900&ssl=1&resize=350%2C200","width":350,"height":200,"srcset":"https:\/\/i0.wp.com\/noticiasribeiraopreto.com.br\/wp-content\/uploads\/2025\/08\/WhatsApp-Image-2025-08-13-at-10.26.11_2025-08-13_13-27-30.webp.webp?fit=1200%2C900&ssl=1&resize=350%2C200 1x, https:\/\/i0.wp.com\/noticiasribeiraopreto.com.br\/wp-content\/uploads\/2025\/08\/WhatsApp-Image-2025-08-13-at-10.26.11_2025-08-13_13-27-30.webp.webp?fit=1200%2C900&ssl=1&resize=525%2C300 1.5x, https:\/\/i0.wp.com\/noticiasribeiraopreto.com.br\/wp-content\/uploads\/2025\/08\/WhatsApp-Image-2025-08-13-at-10.26.11_2025-08-13_13-27-30.webp.webp?fit=1200%2C900&ssl=1&resize=700%2C400 2x, https:\/\/i0.wp.com\/noticiasribeiraopreto.com.br\/wp-content\/uploads\/2025\/08\/WhatsApp-Image-2025-08-13-at-10.26.11_2025-08-13_13-27-30.webp.webp?fit=1200%2C900&ssl=1&resize=1050%2C600 3x"},"classes":[]},{"id":75697,"url":"https:\/\/noticiasribeiraopreto.com.br\/index.php\/2025\/08\/13\/o-que-se-sabe-sobre-bar-que-faturou-r-4-milhoes-com-trafico-de-drogas-em-ribeirao\/","url_meta":{"origin":75642,"position":1},"title":"O que se sabe sobre bar que faturou R$ 4 milh\u00f5es com tr\u00e1fico de drogas em Ribeir\u00e3o","author":"noticiasribeiraopreto.com.br","date":"13 de August de 2025","format":false,"excerpt":"Um bar em Ribeir\u00e3o Preto movimentou ao menos R$ 4 milh\u00f5es em apenas seis meses com tr\u00e1fico de drogas e lavagem de dinheiro, segundo a Pol\u00edcia Civil. O caso foi revelado nesta quarta-feira (13), durante uma opera\u00e7\u00e3o que cumpriu mandados de pris\u00e3o e busca na cidade. Como funcionava o esquema?\u2026","rel":"","context":"In &quot;Not\u00edcias de Ribeir\u00e3o Preto-SP e Regi\u00e3o&quot;","block_context":{"text":"Not\u00edcias de Ribeir\u00e3o Preto-SP e Regi\u00e3o","link":"https:\/\/noticiasribeiraopreto.com.br\/index.php\/category\/noticias-de-ribeirao-preto-sp-e-regiao-ismael-colosi\/"},"img":{"alt_text":"","src":"https:\/\/i0.wp.com\/noticiasribeiraopreto.com.br\/wp-content\/uploads\/2025\/08\/Copia-de-Copia-de-Copia-de-TAMANHO-EXATO-PARA-FOTOS-NO-SISTEMA-NOVO-2025-08-13T190259.828_2025-08-13_22-03-13.webp.webp?fit=1200%2C675&ssl=1&resize=350%2C200","width":350,"height":200,"srcset":"https:\/\/i0.wp.com\/noticiasribeiraopreto.com.br\/wp-content\/uploads\/2025\/08\/Copia-de-Copia-de-Copia-de-TAMANHO-EXATO-PARA-FOTOS-NO-SISTEMA-NOVO-2025-08-13T190259.828_2025-08-13_22-03-13.webp.webp?fit=1200%2C675&ssl=1&resize=350%2C200 1x, https:\/\/i0.wp.com\/noticiasribeiraopreto.com.br\/wp-content\/uploads\/2025\/08\/Copia-de-Copia-de-Copia-de-TAMANHO-EXATO-PARA-FOTOS-NO-SISTEMA-NOVO-2025-08-13T190259.828_2025-08-13_22-03-13.webp.webp?fit=1200%2C675&ssl=1&resize=525%2C300 1.5x, https:\/\/i0.wp.com\/noticiasribeiraopreto.com.br\/wp-content\/uploads\/2025\/08\/Copia-de-Copia-de-Copia-de-TAMANHO-EXATO-PARA-FOTOS-NO-SISTEMA-NOVO-2025-08-13T190259.828_2025-08-13_22-03-13.webp.webp?fit=1200%2C675&ssl=1&resize=700%2C400 2x, https:\/\/i0.wp.com\/noticiasribeiraopreto.com.br\/wp-content\/uploads\/2025\/08\/Copia-de-Copia-de-Copia-de-TAMANHO-EXATO-PARA-FOTOS-NO-SISTEMA-NOVO-2025-08-13T190259.828_2025-08-13_22-03-13.webp.webp?fit=1200%2C675&ssl=1&resize=1050%2C600 3x"},"classes":[]},{"id":46179,"url":"https:\/\/noticiasribeiraopreto.com.br\/index.php\/2024\/04\/10\/policia-mira-alvos-em-ribeirao-e-na-europa-em-operacao-contra-o-trafico-de-drogas\/","url_meta":{"origin":75642,"position":2},"title":"Pol\u00edcia mira alvos em Ribeir\u00e3o e na Europa em opera\u00e7\u00e3o contra o tr\u00e1fico de drogas","author":"noticiasribeiraopreto.com.br","date":"10 de April de 2024","format":false,"excerpt":"A Pol\u00edcia Civil do Rio Grande do Sul deflagrou nesta quarta-feira (10) a opera\u00e7\u00e3o Squadrone contra o tr\u00e1fico de drogas, que tem alvos em Ribeir\u00e3o Preto e, tamb\u00e9m, em Portugal. Al\u00e9m do Rio Grande do Sul e S\u00e3o Paulo, a a\u00e7\u00e3o \u00e9 realizada nos estados de Santa Catarina e Paran\u00e1.\u2026","rel":"","context":"In &quot;Not\u00edcias de Ribeir\u00e3o Preto-SP e Regi\u00e3o&quot;","block_context":{"text":"Not\u00edcias de Ribeir\u00e3o Preto-SP e Regi\u00e3o","link":"https:\/\/noticiasribeiraopreto.com.br\/index.php\/category\/noticias-de-ribeirao-preto-sp-e-regiao-ismael-colosi\/"},"img":{"alt_text":"","src":"https:\/\/i0.wp.com\/noticiasribeiraopreto.com.br\/wp-content\/uploads\/2024\/04\/OPERACAO.jpg?fit=1200%2C777&ssl=1&resize=350%2C200","width":350,"height":200,"srcset":"https:\/\/i0.wp.com\/noticiasribeiraopreto.com.br\/wp-content\/uploads\/2024\/04\/OPERACAO.jpg?fit=1200%2C777&ssl=1&resize=350%2C200 1x, https:\/\/i0.wp.com\/noticiasribeiraopreto.com.br\/wp-content\/uploads\/2024\/04\/OPERACAO.jpg?fit=1200%2C777&ssl=1&resize=525%2C300 1.5x, https:\/\/i0.wp.com\/noticiasribeiraopreto.com.br\/wp-content\/uploads\/2024\/04\/OPERACAO.jpg?fit=1200%2C777&ssl=1&resize=700%2C400 2x, https:\/\/i0.wp.com\/noticiasribeiraopreto.com.br\/wp-content\/uploads\/2024\/04\/OPERACAO.jpg?fit=1200%2C777&ssl=1&resize=1050%2C600 3x"},"classes":[]},{"id":34440,"url":"https:\/\/noticiasribeiraopreto.com.br\/index.php\/2024\/02\/02\/rp-tem-nove-presos-em-operacao-nacional-contra-trafico\/","url_meta":{"origin":75642,"position":3},"title":"RP tem nove presos em opera\u00e7\u00e3o nacional contra tr\u00e1fico","author":"noticiasribeiraopreto.com.br","date":"2 de February de 2024","format":false,"excerpt":"Por: Adalberto Luque e Alfredo RiskPol\u00edcias Civil e Militar deflagraram, no final da madrugada desta quinta-feira (01), uma megaopera\u00e7\u00e3o contra organiza\u00e7\u00e3o criminosa. O grupo \u00e9 investigado por tr\u00e1fico de drogas e lavagem de dinheiro. A opera\u00e7\u00e3o \u201cHades\u201d foi realizada em diversos estados brasileiros.Para a a\u00e7\u00e3o foram mobilizadas equipes da Divis\u00e3o\u2026","rel":"","context":"In &quot;Not\u00edcias de Ribeir\u00e3o Preto-SP e Regi\u00e3o&quot;","block_context":{"text":"Not\u00edcias de Ribeir\u00e3o Preto-SP e Regi\u00e3o","link":"https:\/\/noticiasribeiraopreto.com.br\/index.php\/category\/noticias-de-ribeirao-preto-sp-e-regiao-ismael-colosi\/"},"img":{"alt_text":"","src":"https:\/\/i0.wp.com\/noticiasribeiraopreto.com.br\/wp-content\/uploads\/2024\/02\/00-01-fev-2024-crime-org-alagoas-05-foto-Alfredo-Risk-scaled.jpg?fit=967%2C645&ssl=1&resize=350%2C200","width":350,"height":200,"srcset":"https:\/\/i0.wp.com\/noticiasribeiraopreto.com.br\/wp-content\/uploads\/2024\/02\/00-01-fev-2024-crime-org-alagoas-05-foto-Alfredo-Risk-scaled.jpg?fit=967%2C645&ssl=1&resize=350%2C200 1x, https:\/\/i0.wp.com\/noticiasribeiraopreto.com.br\/wp-content\/uploads\/2024\/02\/00-01-fev-2024-crime-org-alagoas-05-foto-Alfredo-Risk-scaled.jpg?fit=967%2C645&ssl=1&resize=525%2C300 1.5x, https:\/\/i0.wp.com\/noticiasribeiraopreto.com.br\/wp-content\/uploads\/2024\/02\/00-01-fev-2024-crime-org-alagoas-05-foto-Alfredo-Risk-scaled.jpg?fit=967%2C645&ssl=1&resize=700%2C400 2x"},"classes":[]},{"id":73481,"url":"https:\/\/noticiasribeiraopreto.com.br\/index.php\/2025\/07\/03\/operacao-contra-o-trafico-e-lavagem-de-dinheiro-deixa-um-morto-em-ribeirao-preto\/","url_meta":{"origin":75642,"position":4},"title":"Opera\u00e7\u00e3o contra o tr\u00e1fico e lavagem de dinheiro deixa um morto em Ribeir\u00e3o Preto","author":"noticiasribeiraopreto.com.br","date":"3 de July de 2025","format":false,"excerpt":"Uma opera\u00e7\u00e3o do Gaeco (Grupo de Atua\u00e7\u00e3o Especial de Combate ao Crime Organizado) contra o tr\u00e1fico de drogas\u00a0e lavagem de dinheiro, com apoio da PM (Pol\u00edcia Militar), deixou um morto na manh\u00e3 desta quinta-feira (3), em Ribeir\u00e3o Preto. Segundo o Gaeco, durante a opera\u00e7\u00e3o, batizada Cash Out, foram cumpridos seis\u2026","rel":"","context":"In &quot;Not\u00edcias de Ribeir\u00e3o Preto-SP e Regi\u00e3o&quot;","block_context":{"text":"Not\u00edcias de Ribeir\u00e3o Preto-SP e Regi\u00e3o","link":"https:\/\/noticiasribeiraopreto.com.br\/index.php\/category\/noticias-de-ribeirao-preto-sp-e-regiao-ismael-colosi\/"},"img":{"alt_text":"","src":"https:\/\/i0.wp.com\/noticiasribeiraopreto.com.br\/wp-content\/uploads\/2025\/07\/WhatsApp-Image-2025-07-03-at-09.48.27_2025-07-03_12-49-49.webp.webp?fit=1200%2C675&ssl=1&resize=350%2C200","width":350,"height":200,"srcset":"https:\/\/i0.wp.com\/noticiasribeiraopreto.com.br\/wp-content\/uploads\/2025\/07\/WhatsApp-Image-2025-07-03-at-09.48.27_2025-07-03_12-49-49.webp.webp?fit=1200%2C675&ssl=1&resize=350%2C200 1x, https:\/\/i0.wp.com\/noticiasribeiraopreto.com.br\/wp-content\/uploads\/2025\/07\/WhatsApp-Image-2025-07-03-at-09.48.27_2025-07-03_12-49-49.webp.webp?fit=1200%2C675&ssl=1&resize=525%2C300 1.5x, https:\/\/i0.wp.com\/noticiasribeiraopreto.com.br\/wp-content\/uploads\/2025\/07\/WhatsApp-Image-2025-07-03-at-09.48.27_2025-07-03_12-49-49.webp.webp?fit=1200%2C675&ssl=1&resize=700%2C400 2x, https:\/\/i0.wp.com\/noticiasribeiraopreto.com.br\/wp-content\/uploads\/2025\/07\/WhatsApp-Image-2025-07-03-at-09.48.27_2025-07-03_12-49-49.webp.webp?fit=1200%2C675&ssl=1&resize=1050%2C600 3x"},"classes":[]},{"id":73159,"url":"https:\/\/noticiasribeiraopreto.com.br\/index.php\/2025\/06\/26\/pf-mira-alvos-em-ribeirao-preto-em-operacao-contra-trafico-e-roubo-a-bancos\/","url_meta":{"origin":75642,"position":5},"title":"PF mira alvos em Ribeir\u00e3o Preto em opera\u00e7\u00e3o contra tr\u00e1fico e roubo a bancos","author":"noticiasribeiraopreto.com.br","date":"26 de June de 2025","format":false,"excerpt":"Uma opera\u00e7\u00e3o da Pol\u00edcia Federal (PF) contra o tr\u00e1fico de drogas e roubo a bancos cumpre quatro mandados de busca e apreens\u00e3o em Ribeir\u00e3o Preto nesta quinta-feira (26), al\u00e9m de outras cidades no interior de S\u00e3o Paulo, como Mogi Gua\u00e7u e S\u00e3o Jo\u00e3o da Boa Vista, e no Sul de\u2026","rel":"","context":"In &quot;Not\u00edcias de Ribeir\u00e3o Preto-SP e Regi\u00e3o&quot;","block_context":{"text":"Not\u00edcias de Ribeir\u00e3o Preto-SP e Regi\u00e3o","link":"https:\/\/noticiasribeiraopreto.com.br\/index.php\/category\/noticias-de-ribeirao-preto-sp-e-regiao-ismael-colosi\/"},"img":{"alt_text":"","src":"https:\/\/i0.wp.com\/noticiasribeiraopreto.com.br\/wp-content\/uploads\/2025\/06\/WhatsApp-Image-2025-06-26-at-08.03.33_2025-06-26_11-04-21.webp.webp?fit=1200%2C876&ssl=1&resize=350%2C200","width":350,"height":200,"srcset":"https:\/\/i0.wp.com\/noticiasribeiraopreto.com.br\/wp-content\/uploads\/2025\/06\/WhatsApp-Image-2025-06-26-at-08.03.33_2025-06-26_11-04-21.webp.webp?fit=1200%2C876&ssl=1&resize=350%2C200 1x, https:\/\/i0.wp.com\/noticiasribeiraopreto.com.br\/wp-content\/uploads\/2025\/06\/WhatsApp-Image-2025-06-26-at-08.03.33_2025-06-26_11-04-21.webp.webp?fit=1200%2C876&ssl=1&resize=525%2C300 1.5x, https:\/\/i0.wp.com\/noticiasribeiraopreto.com.br\/wp-content\/uploads\/2025\/06\/WhatsApp-Image-2025-06-26-at-08.03.33_2025-06-26_11-04-21.webp.webp?fit=1200%2C876&ssl=1&resize=700%2C400 2x, https:\/\/i0.wp.com\/noticiasribeiraopreto.com.br\/wp-content\/uploads\/2025\/06\/WhatsApp-Image-2025-06-26-at-08.03.33_2025-06-26_11-04-21.webp.webp?fit=1200%2C876&ssl=1&resize=1050%2C600 3x"},"classes":[]}],"jetpack_sharing_enabled":true,"jetpack_shortlink":"https:\/\/wp.me\/peQAOb-jG2","_links":{"self":[{"href":"https:\/\/noticiasribeiraopreto.com.br\/index.php\/wp-json\/wp\/v2\/posts\/75642","targetHints":{"allow":["GET"]}}],"collection":[{"href":"https:\/\/noticiasribeiraopreto.com.br\/index.php\/wp-json\/wp\/v2\/posts"}],"about":[{"href":"https:\/\/noticiasribeiraopreto.com.br\/index.php\/wp-json\/wp\/v2\/types\/post"}],"author":[{"embeddable":true,"href":"https:\/\/noticiasribeiraopreto.com.br\/index.php\/wp-json\/wp\/v2\/users\/1"}],"replies":[{"embeddable":true,"href":"https:\/\/noticiasribeiraopreto.com.br\/index.php\/wp-json\/wp\/v2\/comments?post=75642"}],"version-history":[{"count":0,"href":"https:\/\/noticiasribeiraopreto.com.br\/index.php\/wp-json\/wp\/v2\/posts\/75642\/revisions"}],"wp:featuredmedia":[{"embeddable":true,"href":"https:\/\/noticiasribeiraopreto.com.br\/index.php\/wp-json\/wp\/v2\/media\/75643"}],"wp:attachment":[{"href":"https:\/\/noticiasribeiraopreto.com.br\/index.php\/wp-json\/wp\/v2\/media?parent=75642"}],"wp:term":[{"taxonomy":"category","embeddable":true,"href":"https:\/\/noticiasribeiraopreto.com.br\/index.php\/wp-json\/wp\/v2\/categories?post=75642"},{"taxonomy":"post_tag","embeddable":true,"href":"https:\/\/noticiasribeiraopreto.com.br\/index.php\/wp-json\/wp\/v2\/tags?post=75642"}],"curies":[{"name":"wp","href":"https:\/\/api.w.org\/{rel}","templated":true}]}}