{"id":75644,"date":"2025-08-13T10:13:09","date_gmt":"2025-08-13T13:13:09","guid":{"rendered":"https:\/\/noticiasribeiraopreto.com.br\/index.php\/2025\/08\/13\/ar-seco-chega-com-forca-e-deixa-estado-de-sp-em-risco-para-baixa-umidade\/"},"modified":"2025-08-13T10:13:09","modified_gmt":"2025-08-13T13:13:09","slug":"ar-seco-chega-com-forca-e-deixa-estado-de-sp-em-risco-para-baixa-umidade","status":"publish","type":"post","link":"https:\/\/noticiasribeiraopreto.com.br\/index.php\/2025\/08\/13\/ar-seco-chega-com-forca-e-deixa-estado-de-sp-em-risco-para-baixa-umidade\/","title":{"rendered":"Ar seco chega com for\u00e7a e deixa estado de SP em risco para baixa umidade"},"content":{"rendered":"<div class='code-block code-block-1' style='margin: 8px 0 8px auto; text-align: right; display: block; clear: both;'>\n<p><a href=\"https:\/\/wa.link\/vpicfd\"><img data-recalc-dims=\"1\" class=\"wp-image-4922\" style=\"aspect-ratio: 2.0253164556962027; width: 561px; height: auto;\" src=\"https:\/\/i0.wp.com\/ismaelcolosi.com.br\/wp-content\/uploads\/2023\/11\/grupo-de-empregos-whatsapp-e-facebook-ismael-colosi-vagas.jpg?ssl=1\" alt=\"\" \/><\/a><\/p>\n<!-- \/wp:image -->\n<\/div>\n<p> <br \/>\n<\/p>\n<div data-td-block-uid=\"tdi_95\">\n<div class=\"tdb-block-inner td-fix-index\">\n<p><strong>Uma massa de ar seco atua sobre o interior do pa\u00eds e mant\u00e9m o tempo firme e as temperaturas mais elevadas nos pr\u00f3ximos dias.<\/strong><\/p>\n<p>Segundo a <a href=\"https:\/\/www.climatempo.com.br\/\" data-type=\"link\" data-id=\"https:\/\/www.climatempo.com.br\/\" target=\"_blank\" rel=\"noopener\">Climatempo<\/a>, <mark style=\"background-color:#fcb900\" class=\"has-inline-color has-black-color\">o padr\u00e3o de ar muito seco se estende a grande parte do estado de S\u00e3o Paulo nesta quarta-feira (13).<\/mark> <strong>Veja <\/strong>o <strong>mapa <\/strong>abaixo.<\/p>\n<p>A maior parte do estado paulista, incluindo Ribeir\u00e3o Preto e cidades da regi\u00e3o, tem previs\u00e3o de umidade entre 20% e 12%.<\/p>\n<p>De acordo com a OMS (Organiza\u00e7\u00e3o Mundial da Sa\u00fade), valores de umidade do ar entre 20% e 12% representam estado de alerta. Com o ar seco, \u00e9 preciso ficar atento \u00e0 sa\u00fade e ao risco de queimadas.<\/p>\n<figure class=\"wp-block-pullquote\">\n<blockquote>\n<p>Esse padr\u00e3o de tempo seco deve persistir at\u00e9 pelo menos o final desta semana, mantendo os \u00edndices de umidade do ar em patamares cr\u00edticos em grande parte do interior do pa\u00eds. A aus\u00eancia de chuva, combinada com o sol forte e o aquecimento progressivo, tende a agravar os impactos \u00e0 sa\u00fade, aumentar o risco de inc\u00eandios florestais e gerar dificuldades para a agricultura e abastecimento de \u00e1gua em algumas localidades, <\/p>\n<p><cite><strong>explica o meteorologista Vitor Takao Suganuma.<\/strong><\/cite><\/p><\/blockquote>\n<\/figure>\n<figure class=\"wp-block-image\"><img data-recalc-dims=\"1\" fetchpriority=\"high\" decoding=\"async\" width=\"1200\" height=\"675\" src=\"https:\/\/i0.wp.com\/cdn.media-acidadeon.com.br\/ribeiraopreto\/wp-content\/uploads\/sites\/3\/2025\/08\/WhatsApp-Image-2025-08-13-at-06.07.46_2025-08-13_10-15-36.webp?resize=1200%2C675&#038;ssl=1\" alt=\"mapa baixa umidade\" class=\"wp-image-125601\" srcset=\"https:\/\/cdn.media-acidadeon.com.br\/ribeiraopreto\/wp-content\/uploads\/sites\/3\/2025\/08\/WhatsApp-Image-2025-08-13-at-06.07.46_2025-08-13_10-15-36.webp 1200w, https:\/\/cdn.media-acidadeon.com.br\/ribeiraopreto\/wp-content\/uploads\/sites\/3\/2025\/08\/WhatsApp-Image-2025-08-13-at-06.07.46_2025-08-13_10-15-36-300x169.webp 300w, https:\/\/cdn.media-acidadeon.com.br\/ribeiraopreto\/wp-content\/uploads\/sites\/3\/2025\/08\/WhatsApp-Image-2025-08-13-at-06.07.46_2025-08-13_10-15-36-1024x576.webp 1024w, https:\/\/cdn.media-acidadeon.com.br\/ribeiraopreto\/wp-content\/uploads\/sites\/3\/2025\/08\/WhatsApp-Image-2025-08-13-at-06.07.46_2025-08-13_10-15-36-768x432.webp 768w, https:\/\/cdn.media-acidadeon.com.br\/ribeiraopreto\/wp-content\/uploads\/sites\/3\/2025\/08\/WhatsApp-Image-2025-08-13-at-06.07.46_2025-08-13_10-15-36-696x392.webp 696w, https:\/\/cdn.media-acidadeon.com.br\/ribeiraopreto\/wp-content\/uploads\/sites\/3\/2025\/08\/WhatsApp-Image-2025-08-13-at-06.07.46_2025-08-13_10-15-36-1068x601.webp 1068w\" sizes=\"(max-width: 1200px) 100vw, 1200px\"\/><figcaption class=\"wp-element-caption\">Reprodu\u00e7\u00e3o<\/figcaption><\/figure>\n<p>SAIBA MAIS<\/p>\n<p>Sabia que o rio mais polu\u00eddo do Brasil \u00e9 atra\u00e7\u00e3o tur\u00edstica no interior de SP?<\/p>\n<h2 class=\"wp-block-heading\"><strong>FIQUE ON\u00a0\u00a0\u00a0\u00a0\u00a0\u00a0\u00a0\u00a0\u00a0<\/strong><\/h2>\n<p>Quer ficar por dentro de tudo que acontece em Ribeir\u00e3o Preto e regi\u00e3o? Ent\u00e3o siga os perfis do\u202facidade on\u202fno\u202f<a href=\"https:\/\/www.instagram.com\/acidadeonribeirao\" target=\"_blank\" rel=\"noreferrer noopener\">Instagram<\/a>\u202fe no\u202f<a href=\"https:\/\/www.facebook.com\/acidadeonribeirao\/\" target=\"_blank\" rel=\"noreferrer noopener\">Facebook<\/a>.<\/p>\n<p>Al\u00e9m disso, voc\u00ea pode receber as principais not\u00edcias diretamente no WhatsApp. Para isso, basta\u00a0<a href=\"https:\/\/chat.whatsapp.com\/BjKQZ9oJwlz8VVT50NuePq\" target=\"_blank\" rel=\"noreferrer noopener\">entrar no grupo clicando aqui<\/a>.<\/p>\n<p>Por fim, se quiser fazer uma den\u00fancia ou sugerir uma reportagem sobre Ribeir\u00e3o Preto e regi\u00e3o, envie uma mensagem pelo WhatsApp: (16) 99117-7802.<\/p>\n<p>VEJA TAMB\u00c9M<\/p>\n<p>Quando ser\u00e1 lan\u00e7ado o novo \u00e1lbum da Taylor Swift?<\/p>\n<p><!-- AI CONTENT END 1 -->\n<\/div>\n<\/div>\n<p><script async src=\"\/\/www.instagram.com\/embed.js\"><\/script><br \/>\n<br \/><br \/>\n<br \/><a href=\"https:\/\/www.acidadeon.com\/ribeiraopreto\/cotidiano\/ar-seco-chega-com-forca-e-deixa-estado-de-sp-em-risco-para-baixa-umidade\/\">Source link <\/a><\/p>\n<!-- CONTENT END 1 -->\n","protected":false},"excerpt":{"rendered":"<p>Uma massa de ar seco atua sobre o interior do pa\u00eds e mant\u00e9m o tempo firme e as temperaturas mais elevadas nos pr\u00f3ximos dias. Segundo&#8230;<\/p>\n","protected":false},"author":1,"featured_media":75645,"comment_status":"open","ping_status":"open","sticky":false,"template":"","format":"standard","meta":{"advanced_seo_description":"","jetpack_seo_html_title":"","jetpack_seo_noindex":false,"jetpack_post_was_ever_published":false,"_jetpack_newsletter_access":"","_jetpack_dont_email_post_to_subs":false,"_jetpack_newsletter_tier_id":0,"_jetpack_memberships_contains_paywalled_content":false,"_jetpack_memberships_contains_paid_content":false,"footnotes":"","jetpack_publicize_message":"","jetpack_publicize_feature_enabled":true,"jetpack_social_post_already_shared":true,"jetpack_social_options":{"image_generator_settings":{"template":"highway","default_image_id":0,"font":"","enabled":false},"version":2}},"categories":[11],"tags":[],"class_list":["post-75644","post","type-post","status-publish","format-standard","has-post-thumbnail","hentry","category-noticias-de-ribeirao-preto-sp-e-regiao-ismael-colosi"],"jetpack_publicize_connections":[],"jetpack_featured_media_url":"https:\/\/i0.wp.com\/noticiasribeiraopreto.com.br\/wp-content\/uploads\/2025\/08\/WhatsApp-Image-2025-08-13-at-06.37.43_2025-08-13_09-59-13.webp.webp?fit=1200%2C540&ssl=1","jetpack-related-posts":[{"id":73705,"url":"https:\/\/noticiasribeiraopreto.com.br\/index.php\/2025\/07\/08\/ar-seco-vem-com-forca-e-deixa-interior-de-sp-em-risco-para-baixa-umidade\/","url_meta":{"origin":75644,"position":0},"title":"Ar seco vem com for\u00e7a e deixa interior de SP em risco para baixa umidade","author":"noticiasribeiraopreto.com.br","date":"8 de July de 2025","format":false,"excerpt":"O ar seco ganha for\u00e7a ao longo desta ter\u00e7a-feia (8) e coloca parte do interior de S\u00e3o Paulo em alerta para a baixa umidade do ar. Segundo a Climatempo, munic\u00edpios que est\u00e3o em uma faixa que abrange as regi\u00f5es oeste, norte at\u00e9 o leste do estado paulista podem registrar \u00edndices\u2026","rel":"","context":"In &quot;Not\u00edcias de Ribeir\u00e3o Preto-SP e Regi\u00e3o&quot;","block_context":{"text":"Not\u00edcias de Ribeir\u00e3o Preto-SP e Regi\u00e3o","link":"https:\/\/noticiasribeiraopreto.com.br\/index.php\/category\/noticias-de-ribeirao-preto-sp-e-regiao-ismael-colosi\/"},"img":{"alt_text":"","src":"https:\/\/i0.wp.com\/noticiasribeiraopreto.com.br\/wp-content\/uploads\/2025\/07\/WhatsApp-Image-2025-07-08-at-06.47.20_2025-07-08_09-50-40.webp.webp?fit=1200%2C540&ssl=1&resize=350%2C200","width":350,"height":200,"srcset":"https:\/\/i0.wp.com\/noticiasribeiraopreto.com.br\/wp-content\/uploads\/2025\/07\/WhatsApp-Image-2025-07-08-at-06.47.20_2025-07-08_09-50-40.webp.webp?fit=1200%2C540&ssl=1&resize=350%2C200 1x, https:\/\/i0.wp.com\/noticiasribeiraopreto.com.br\/wp-content\/uploads\/2025\/07\/WhatsApp-Image-2025-07-08-at-06.47.20_2025-07-08_09-50-40.webp.webp?fit=1200%2C540&ssl=1&resize=525%2C300 1.5x, https:\/\/i0.wp.com\/noticiasribeiraopreto.com.br\/wp-content\/uploads\/2025\/07\/WhatsApp-Image-2025-07-08-at-06.47.20_2025-07-08_09-50-40.webp.webp?fit=1200%2C540&ssl=1&resize=700%2C400 2x, https:\/\/i0.wp.com\/noticiasribeiraopreto.com.br\/wp-content\/uploads\/2025\/07\/WhatsApp-Image-2025-07-08-at-06.47.20_2025-07-08_09-50-40.webp.webp?fit=1200%2C540&ssl=1&resize=1050%2C600 3x"},"classes":[]},{"id":76164,"url":"https:\/\/noticiasribeiraopreto.com.br\/index.php\/2025\/08\/23\/ar-seco-em-ribeirao-medico-alerta-para-risco-a-saude-e-da-dicas-de-prevencao\/","url_meta":{"origin":75644,"position":1},"title":"Ar seco em Ribeir\u00e3o: m\u00e9dico alerta para risco \u00e0 sa\u00fade e d\u00e1 dicas de preven\u00e7\u00e3o","author":"noticiasribeiraopreto.com.br","date":"23 de August de 2025","format":false,"excerpt":"Moradores de Ribeir\u00e3o Preto devem redobrar os cuidados neste fim de semana, j\u00e1 que, segundo a Defesa Civil, a umidade do ar pode ficar abaixo de 12%, caracterizando estado de emerg\u00eancia. Neste s\u00e1bado (23), um sistema pr\u00e9-frontal deve provocar sensa\u00e7\u00e3o de calor e abafamento. Apesar do alerta para queda de\u2026","rel":"","context":"In &quot;Not\u00edcias de Ribeir\u00e3o Preto-SP e Regi\u00e3o&quot;","block_context":{"text":"Not\u00edcias de Ribeir\u00e3o Preto-SP e Regi\u00e3o","link":"https:\/\/noticiasribeiraopreto.com.br\/index.php\/category\/noticias-de-ribeirao-preto-sp-e-regiao-ismael-colosi\/"},"img":{"alt_text":"","src":"https:\/\/i0.wp.com\/noticiasribeiraopreto.com.br\/wp-content\/uploads\/2025\/08\/onda-de-calor-2.jpg?fit=1200%2C800&ssl=1&resize=350%2C200","width":350,"height":200,"srcset":"https:\/\/i0.wp.com\/noticiasribeiraopreto.com.br\/wp-content\/uploads\/2025\/08\/onda-de-calor-2.jpg?fit=1200%2C800&ssl=1&resize=350%2C200 1x, https:\/\/i0.wp.com\/noticiasribeiraopreto.com.br\/wp-content\/uploads\/2025\/08\/onda-de-calor-2.jpg?fit=1200%2C800&ssl=1&resize=525%2C300 1.5x, https:\/\/i0.wp.com\/noticiasribeiraopreto.com.br\/wp-content\/uploads\/2025\/08\/onda-de-calor-2.jpg?fit=1200%2C800&ssl=1&resize=700%2C400 2x, https:\/\/i0.wp.com\/noticiasribeiraopreto.com.br\/wp-content\/uploads\/2025\/08\/onda-de-calor-2.jpg?fit=1200%2C800&ssl=1&resize=1050%2C600 3x"},"classes":[]},{"id":73807,"url":"https:\/\/noticiasribeiraopreto.com.br\/index.php\/2025\/07\/10\/alerta-de-ar-muito-seco-nos-proximos-dias-confira-a-previsao-no-interior-de-sp\/","url_meta":{"origin":75644,"position":2},"title":"Alerta de ar muito seco nos pr\u00f3ximos dias; Confira a previs\u00e3o no interior de SP","author":"noticiasribeiraopreto.com.br","date":"10 de July de 2025","format":false,"excerpt":"A segunda onda de frio que atingiu parte do pa\u00eds tamb\u00e9m ajudou a reduzir os n\u00edveis de umidade no ar, conforme aponta a Climatempo. E n\u00e3o h\u00e1 previs\u00e3o de mudan\u00e7a nesse padr\u00e3o nos pr\u00f3ximos dias. A quinta-feira (10) deve ser mais um dia com ar seco, com n\u00edveis de umidade\u2026","rel":"","context":"In &quot;Not\u00edcias de Ribeir\u00e3o Preto-SP e Regi\u00e3o&quot;","block_context":{"text":"Not\u00edcias de Ribeir\u00e3o Preto-SP e Regi\u00e3o","link":"https:\/\/noticiasribeiraopreto.com.br\/index.php\/category\/noticias-de-ribeirao-preto-sp-e-regiao-ismael-colosi\/"},"img":{"alt_text":"","src":"https:\/\/i0.wp.com\/noticiasribeiraopreto.com.br\/wp-content\/uploads\/2025\/07\/WhatsApp-Image-2025-07-10-at-06.39.27_2025-07-10_09-51-14.webp.webp?fit=1200%2C540&ssl=1&resize=350%2C200","width":350,"height":200,"srcset":"https:\/\/i0.wp.com\/noticiasribeiraopreto.com.br\/wp-content\/uploads\/2025\/07\/WhatsApp-Image-2025-07-10-at-06.39.27_2025-07-10_09-51-14.webp.webp?fit=1200%2C540&ssl=1&resize=350%2C200 1x, https:\/\/i0.wp.com\/noticiasribeiraopreto.com.br\/wp-content\/uploads\/2025\/07\/WhatsApp-Image-2025-07-10-at-06.39.27_2025-07-10_09-51-14.webp.webp?fit=1200%2C540&ssl=1&resize=525%2C300 1.5x, https:\/\/i0.wp.com\/noticiasribeiraopreto.com.br\/wp-content\/uploads\/2025\/07\/WhatsApp-Image-2025-07-10-at-06.39.27_2025-07-10_09-51-14.webp.webp?fit=1200%2C540&ssl=1&resize=700%2C400 2x, https:\/\/i0.wp.com\/noticiasribeiraopreto.com.br\/wp-content\/uploads\/2025\/07\/WhatsApp-Image-2025-07-10-at-06.39.27_2025-07-10_09-51-14.webp.webp?fit=1200%2C540&ssl=1&resize=1050%2C600 3x"},"classes":[]},{"id":57641,"url":"https:\/\/noticiasribeiraopreto.com.br\/index.php\/2024\/09\/06\/inmet-emite-alerta-laranja-de-baixa-umidade-para-16-estados\/","url_meta":{"origin":75644,"position":3},"title":"Inmet Emite Alerta Laranja de Baixa Umidade para 16 Estados","author":"noticiasribeiraopreto.com.br","date":"6 de September de 2024","format":false,"excerpt":"O Instituto Nacional de Meteorologia (Inmet) emitiu um alerta laranja de perigo devido \u00e0 baixa umidade relativa do ar para 16 estados e o Distrito Federal. Este alerta indica condi\u00e7\u00f5es clim\u00e1ticas que podem representar riscos significativos \u00e0 sa\u00fade e ao meio ambiente, com a umidade do ar variando entre 12%\u2026","rel":"","context":"In &quot;Not\u00edcias de Ribeir\u00e3o Preto-SP e Regi\u00e3o&quot;","block_context":{"text":"Not\u00edcias de Ribeir\u00e3o Preto-SP e Regi\u00e3o","link":"https:\/\/noticiasribeiraopreto.com.br\/index.php\/category\/noticias-de-ribeirao-preto-sp-e-regiao-ismael-colosi\/"},"img":{"alt_text":"","src":"","width":0,"height":0},"classes":[]},{"id":74106,"url":"https:\/\/noticiasribeiraopreto.com.br\/index.php\/2025\/07\/16\/alerta-vermelho-atinge-o-estado-de-sp-veja-a-previsao-do-tempo\/","url_meta":{"origin":75644,"position":4},"title":"Alerta vermelho atinge o estado de SP; Veja a previs\u00e3o do tempo","author":"noticiasribeiraopreto.com.br","date":"16 de July de 2025","format":false,"excerpt":"Grande parte do estado de S\u00e3o Paulo segue com risco para baixa umidade do ar nesta quarta-feira (16). Segundo a Climatempo, que divide os avisos por cores em rela\u00e7\u00e3o ao risco, a parte noroeste do estado paulista est\u00e1 em alerta vermelho, que indica umidade relativa do ar com \u00edndices entre\u2026","rel":"","context":"In &quot;Not\u00edcias de Ribeir\u00e3o Preto-SP e Regi\u00e3o&quot;","block_context":{"text":"Not\u00edcias de Ribeir\u00e3o Preto-SP e Regi\u00e3o","link":"https:\/\/noticiasribeiraopreto.com.br\/index.php\/category\/noticias-de-ribeirao-preto-sp-e-regiao-ismael-colosi\/"},"img":{"alt_text":"","src":"https:\/\/i0.wp.com\/noticiasribeiraopreto.com.br\/wp-content\/uploads\/2025\/07\/WhatsApp-Image-2025-07-16-at-06.16.22_2025-07-16_09-50-08.webp.webp?fit=1200%2C675&ssl=1&resize=350%2C200","width":350,"height":200,"srcset":"https:\/\/i0.wp.com\/noticiasribeiraopreto.com.br\/wp-content\/uploads\/2025\/07\/WhatsApp-Image-2025-07-16-at-06.16.22_2025-07-16_09-50-08.webp.webp?fit=1200%2C675&ssl=1&resize=350%2C200 1x, https:\/\/i0.wp.com\/noticiasribeiraopreto.com.br\/wp-content\/uploads\/2025\/07\/WhatsApp-Image-2025-07-16-at-06.16.22_2025-07-16_09-50-08.webp.webp?fit=1200%2C675&ssl=1&resize=525%2C300 1.5x, https:\/\/i0.wp.com\/noticiasribeiraopreto.com.br\/wp-content\/uploads\/2025\/07\/WhatsApp-Image-2025-07-16-at-06.16.22_2025-07-16_09-50-08.webp.webp?fit=1200%2C675&ssl=1&resize=700%2C400 2x, https:\/\/i0.wp.com\/noticiasribeiraopreto.com.br\/wp-content\/uploads\/2025\/07\/WhatsApp-Image-2025-07-16-at-06.16.22_2025-07-16_09-50-08.webp.webp?fit=1200%2C675&ssl=1&resize=1050%2C600 3x"},"classes":[]},{"id":69348,"url":"https:\/\/noticiasribeiraopreto.com.br\/index.php\/2025\/05\/05\/periodo-de-tempo-seco-comeca-e-queda-na-umidade-preocupa-interior-de-sp\/","url_meta":{"origin":75644,"position":5},"title":"Per\u00edodo de tempo seco\u00a0come\u00e7a e queda na umidade preocupa interior de SP","author":"noticiasribeiraopreto.com.br","date":"5 de May de 2025","format":false,"excerpt":"As condi\u00e7\u00f5es de tempo firme est\u00e3o mantidas nos pr\u00f3ximos dias na regi\u00e3o de Ribeir\u00e3o Preto, segundo a Climatempo. A meteorologia explica que um padr\u00e3o de bloqueio atmosf\u00e9rico come\u00e7a a se estabelecer sobre o pa\u00eds e impede a forma\u00e7\u00e3o de instabilidades e a ocorr\u00eancia de chuva no Sudeste. O amanhecer tem\u2026","rel":"","context":"In &quot;Not\u00edcias de Ribeir\u00e3o Preto-SP e Regi\u00e3o&quot;","block_context":{"text":"Not\u00edcias de Ribeir\u00e3o Preto-SP e Regi\u00e3o","link":"https:\/\/noticiasribeiraopreto.com.br\/index.php\/category\/noticias-de-ribeirao-preto-sp-e-regiao-ismael-colosi\/"},"img":{"alt_text":"","src":"https:\/\/i0.wp.com\/noticiasribeiraopreto.com.br\/wp-content\/uploads\/2025\/05\/WhatsApp-Image-2025-05-05-at-06.32.17_2025-05-05_10-22-24.webp.webp?fit=1200%2C900&ssl=1&resize=350%2C200","width":350,"height":200,"srcset":"https:\/\/i0.wp.com\/noticiasribeiraopreto.com.br\/wp-content\/uploads\/2025\/05\/WhatsApp-Image-2025-05-05-at-06.32.17_2025-05-05_10-22-24.webp.webp?fit=1200%2C900&ssl=1&resize=350%2C200 1x, https:\/\/i0.wp.com\/noticiasribeiraopreto.com.br\/wp-content\/uploads\/2025\/05\/WhatsApp-Image-2025-05-05-at-06.32.17_2025-05-05_10-22-24.webp.webp?fit=1200%2C900&ssl=1&resize=525%2C300 1.5x, https:\/\/i0.wp.com\/noticiasribeiraopreto.com.br\/wp-content\/uploads\/2025\/05\/WhatsApp-Image-2025-05-05-at-06.32.17_2025-05-05_10-22-24.webp.webp?fit=1200%2C900&ssl=1&resize=700%2C400 2x, https:\/\/i0.wp.com\/noticiasribeiraopreto.com.br\/wp-content\/uploads\/2025\/05\/WhatsApp-Image-2025-05-05-at-06.32.17_2025-05-05_10-22-24.webp.webp?fit=1200%2C900&ssl=1&resize=1050%2C600 3x"},"classes":[]}],"jetpack_sharing_enabled":true,"jetpack_shortlink":"https:\/\/wp.me\/peQAOb-jG4","_links":{"self":[{"href":"https:\/\/noticiasribeiraopreto.com.br\/index.php\/wp-json\/wp\/v2\/posts\/75644","targetHints":{"allow":["GET"]}}],"collection":[{"href":"https:\/\/noticiasribeiraopreto.com.br\/index.php\/wp-json\/wp\/v2\/posts"}],"about":[{"href":"https:\/\/noticiasribeiraopreto.com.br\/index.php\/wp-json\/wp\/v2\/types\/post"}],"author":[{"embeddable":true,"href":"https:\/\/noticiasribeiraopreto.com.br\/index.php\/wp-json\/wp\/v2\/users\/1"}],"replies":[{"embeddable":true,"href":"https:\/\/noticiasribeiraopreto.com.br\/index.php\/wp-json\/wp\/v2\/comments?post=75644"}],"version-history":[{"count":0,"href":"https:\/\/noticiasribeiraopreto.com.br\/index.php\/wp-json\/wp\/v2\/posts\/75644\/revisions"}],"wp:featuredmedia":[{"embeddable":true,"href":"https:\/\/noticiasribeiraopreto.com.br\/index.php\/wp-json\/wp\/v2\/media\/75645"}],"wp:attachment":[{"href":"https:\/\/noticiasribeiraopreto.com.br\/index.php\/wp-json\/wp\/v2\/media?parent=75644"}],"wp:term":[{"taxonomy":"category","embeddable":true,"href":"https:\/\/noticiasribeiraopreto.com.br\/index.php\/wp-json\/wp\/v2\/categories?post=75644"},{"taxonomy":"post_tag","embeddable":true,"href":"https:\/\/noticiasribeiraopreto.com.br\/index.php\/wp-json\/wp\/v2\/tags?post=75644"}],"curies":[{"name":"wp","href":"https:\/\/api.w.org\/{rel}","templated":true}]}}