{"id":75646,"date":"2025-08-13T10:57:47","date_gmt":"2025-08-13T13:57:47","guid":{"rendered":"https:\/\/noticiasribeiraopreto.com.br\/index.php\/2025\/08\/13\/seis-sao-presos-por-movimentar-milhoes-do-trafico-em-rp\/"},"modified":"2025-08-13T10:57:47","modified_gmt":"2025-08-13T13:57:47","slug":"seis-sao-presos-por-movimentar-milhoes-do-trafico-em-rp","status":"publish","type":"post","link":"https:\/\/noticiasribeiraopreto.com.br\/index.php\/2025\/08\/13\/seis-sao-presos-por-movimentar-milhoes-do-trafico-em-rp\/","title":{"rendered":"Seis s\u00e3o presos por movimentar milh\u00f5es do tr\u00e1fico em RP"},"content":{"rendered":"<div class='code-block code-block-1' style='margin: 8px 0 8px auto; text-align: right; display: block; clear: both;'>\n<p><a href=\"https:\/\/wa.link\/vpicfd\"><img data-recalc-dims=\"1\" class=\"wp-image-4922\" style=\"aspect-ratio: 2.0253164556962027; width: 561px; height: auto;\" src=\"https:\/\/i0.wp.com\/ismaelcolosi.com.br\/wp-content\/uploads\/2023\/11\/grupo-de-empregos-whatsapp-e-facebook-ismael-colosi-vagas.jpg?ssl=1\" alt=\"\" \/><\/a><\/p>\n<!-- \/wp:image -->\n<\/div>\n<p> <br \/>\n<\/p>\n<div id=\"\">\n<h2 class=\"penci-post-subtitle\">Somente um bar no Ipiranga movimentou R$ 4 milh\u00f5es em seis meses; opera\u00e7\u00e3o \u00e9 decorrente de pris\u00e3o de chefes do tr\u00e1fico em 2024<\/h2>\n<p>\n\t\t\t\t\t\t\t\t\t<span class=\"entry-meta-item penci-posted-on\"><i class=\"fa fa-clock-o\"\/><time class=\"entry-date published updated\" datetime=\"2025-08-13T10:49:30-03:00\">13 de agosto de 2025 10:49<\/time><\/span><span class=\"entry-meta-item penci-post-countview\"><span class=\"entry-meta-item penci-post-countview penci_post-meta_item\"><i class=\"fa fa-eye\"\/><span class=\"penci-post-countview-number penci-post-countview-p434908\">6<\/span><\/span><\/span>\t\t\t\t\t\t\t\t<\/p>\n<p><!-- .entry-meta --><br \/>\n\t\t\t\t\t\t\t\t<span class=\"penci-social-buttons penci-social-share-footer\"><span class=\"penci-social-share-text\">Compartilhar<\/span><a href=\"#\" class=\"penci-post-like penci_post-meta_item  single-like-button penci-social-item like\" data-post_id=\"434908\" title=\"Like\" data-like=\"Like\" data-unlike=\"Unlike\"><i class=\"fa fa-thumbs-o-up\"\/><span class=\"penci-share-number\">0<\/span><\/a><i class=\"fa fa-facebook\"\/><a class=\"penci-social-item twitter\" target=\"_blank\" rel=\"noopener\" title=\"\" href=\"https:\/\/twitter.com\/intent\/tweet?text=Seis%20s\u00e3o%20presos%20por%20movimentar%20milh\u00f5es%20do%20tr\u00e1fico%20em%20RP%20-%20https:\/\/www.tribunaribeirao.com.br\/seis-sao-presos-por-movimentar-milhoes-do-trafico-em-rp\/\"><i class=\"fa fa-twitter\"\/><\/a><i class=\"fa fa-linkedin\"\/><i class=\"fa fa-whatsapp\"\/><i class=\"fa fa-telegram\"\/><i class=\"fa fa-envelope\"\/><\/span>\t\t\t\t\t\t\t<\/div>\n<div>\n<p>Por: Alfredo Risk e Adalberto Luque<\/p>\n<p>Seis pessoas foram presas, na manh\u00e3 desta quarta-feira (13), no \u00e2mbito da Opera\u00e7\u00e3o Ribeir\u00e3o. Elas s\u00e3o investigadas por integrar uma grande organiza\u00e7\u00e3o criminosa que trafica drogas e movimenta milh\u00f5es.<\/p>\n<p>As investiga\u00e7\u00f5es tiveram in\u00edcio ap\u00f3s a pris\u00e3o de quatro pessoas por tr\u00e1fico de drogas, associa\u00e7\u00e3o para o tr\u00e1fico e posse ilegal de arma de fogo. A pris\u00e3o ocorreu em junho de 2024. Os quatro foram presos e condenados, mas as investiga\u00e7\u00f5es prosseguiram.<\/p>\n<p>A Delegacia de Investiga\u00e7\u00f5es Sobre Entorpecentes da Divis\u00e3o Especializada de Investiga\u00e7\u00f5es Criminais (DISE\/DEIC) monitorou as a\u00e7\u00f5es de outras pessoas ligadas aos condenados e, nesta quarta-feira, realizaram a opera\u00e7\u00e3o.<\/p>\n<p>Segundo o delegado Di\u00f3genes Santiago, a investiga\u00e7\u00e3o apontou que as pessoas estavam envolvidas com o grupo preso e operavam um esquema para lavagem de dinheiro, movimenta\u00e7\u00f5es banc\u00e1rias, manipula\u00e7\u00e3o de capitais, compra e recebimento proveniente do tr\u00e1fico de drogas, sempre em grandes valores.<\/p>\n<figure id=\"attachment_434911\" aria-describedby=\"caption-attachment-434911\" style=\"width: 1170px\" class=\"wp-caption alignnone\"><img data-recalc-dims=\"1\" loading=\"lazy\" decoding=\"async\" class=\"size-full wp-image-434911 lazyload\" src=\"https:\/\/i0.wp.com\/www.tribunaribeirao.com.br\/wp-content\/uploads\/2025\/08\/13-agi-2025-operacaoribeirao3-scaled.jpg?resize=1170%2C780&#038;ssl=1\" alt=\"\" width=\"1170\" height=\"780\" srcset=\"https:\/\/www.tribunaribeirao.com.br\/wp-content\/uploads\/2025\/08\/13-agi-2025-operacaoribeirao3-scaled.jpg 1170w, https:\/\/www.tribunaribeirao.com.br\/wp-content\/uploads\/2025\/08\/13-agi-2025-operacaoribeirao3-300x200.jpg 300w, https:\/\/www.tribunaribeirao.com.br\/wp-content\/uploads\/2025\/08\/13-agi-2025-operacaoribeirao3-1024x683.jpg 1024w, https:\/\/www.tribunaribeirao.com.br\/wp-content\/uploads\/2025\/08\/13-agi-2025-operacaoribeirao3-768x512.jpg 768w, https:\/\/www.tribunaribeirao.com.br\/wp-content\/uploads\/2025\/08\/13-agi-2025-operacaoribeirao3-1536x1024.jpg 1536w, https:\/\/www.tribunaribeirao.com.br\/wp-content\/uploads\/2025\/08\/13-agi-2025-operacaoribeirao3-480x320.jpg 480w, https:\/\/www.tribunaribeirao.com.br\/wp-content\/uploads\/2025\/08\/13-agi-2025-operacaoribeirao3-280x186.jpg 280w, https:\/\/www.tribunaribeirao.com.br\/wp-content\/uploads\/2025\/08\/13-agi-2025-operacaoribeirao3-960x640.jpg 960w, https:\/\/www.tribunaribeirao.com.br\/wp-content\/uploads\/2025\/08\/13-agi-2025-operacaoribeirao3-600x400.jpg 600w, https:\/\/www.tribunaribeirao.com.br\/wp-content\/uploads\/2025\/08\/13-agi-2025-operacaoribeirao3-585x390.jpg 585w\" data-sizes=\"(max-width: 1170px) 100vw, 1170px\" style=\"--smush-placeholder-width: 1170px; --smush-placeholder-aspect-ratio: 1170\/780;\"\/><figcaption id=\"caption-attachment-434911\" class=\"wp-caption-text\">Segundo o delegado Santiago, um bar no Ipiranga movimentou em apenas seis meses mais de R$ 4 milh\u00f5es para o tr\u00e1fico (Foto: Alfredo Risk)<\/figcaption><\/figure>\n<p>\u201cNum bar do Ipiranga [zona Norte] detectamos movimenta\u00e7\u00e3o bastante at\u00edpica de entrada e sa\u00edda de dinheiro ligado ao tr\u00e1fico de drogas. E apenas num espa\u00e7o de seis meses movimentou mais de 4 milh\u00f5es de reais. Hoje, cumprindo mandado de busca com o propriet\u00e1rio do bar, foram apreendidos mais de 38 mil reais em esp\u00e9cie, bem como apreendidas algumas m\u00e1quinas de ca\u00e7a-n\u00edqueis no interior daquele bar\u201d, revelou Santiago.<\/p>\n<p>Os investigados, al\u00e9m de operar contas banc\u00e1rias usadas para pagamento e recebimento de dinheiro il\u00edcito, tamb\u00e9m negociavam drogas com a associa\u00e7\u00e3o criminosa de forma constante e em grandes quantidades. O delegado tamb\u00e9m informou que, durante as investiga\u00e7\u00f5es, constatou-se que o grupo movimentou aproximadamente 4 toneladas de maconha e coca\u00edna em 2024.<\/p>\n<p>\u201cTamb\u00e9m foi preso, de forma tempor\u00e1ria, o respons\u00e1vel por um estabelecimento comercial que fazia o com\u00e9rcio legalizado de microtubos (produtos farmac\u00eauticos). Por\u00e9m, as investiga\u00e7\u00f5es demonstraram que ele tinha ci\u00eancia de que estaria fornecendo esses microtubos para traficantes da cidade de Ribeir\u00e3o Preto e regi\u00e3o), observou o delegado.<\/p>\n<figure id=\"attachment_434910\" aria-describedby=\"caption-attachment-434910\" style=\"width: 1008px\" class=\"wp-caption alignnone\"><img data-recalc-dims=\"1\" loading=\"lazy\" decoding=\"async\" class=\"size-full wp-image-434910 lazyload\" src=\"https:\/\/i0.wp.com\/www.tribunaribeirao.com.br\/wp-content\/uploads\/2025\/08\/13-agi-2025-operacaoribeirao2-scaled.jpg?resize=1008%2C780&#038;ssl=1\" alt=\"\" width=\"1008\" height=\"780\" srcset=\"https:\/\/www.tribunaribeirao.com.br\/wp-content\/uploads\/2025\/08\/13-agi-2025-operacaoribeirao2-scaled.jpg 1008w, https:\/\/www.tribunaribeirao.com.br\/wp-content\/uploads\/2025\/08\/13-agi-2025-operacaoribeirao2-300x232.jpg 300w, https:\/\/www.tribunaribeirao.com.br\/wp-content\/uploads\/2025\/08\/13-agi-2025-operacaoribeirao2-1024x792.jpg 1024w, https:\/\/www.tribunaribeirao.com.br\/wp-content\/uploads\/2025\/08\/13-agi-2025-operacaoribeirao2-768x594.jpg 768w, https:\/\/www.tribunaribeirao.com.br\/wp-content\/uploads\/2025\/08\/13-agi-2025-operacaoribeirao2-1536x1189.jpg 1536w, https:\/\/www.tribunaribeirao.com.br\/wp-content\/uploads\/2025\/08\/13-agi-2025-operacaoribeirao2-960x743.jpg 960w, https:\/\/www.tribunaribeirao.com.br\/wp-content\/uploads\/2025\/08\/13-agi-2025-operacaoribeirao2-517x400.jpg 517w, https:\/\/www.tribunaribeirao.com.br\/wp-content\/uploads\/2025\/08\/13-agi-2025-operacaoribeirao2-585x453.jpg 585w\" data-sizes=\"(max-width: 1008px) 100vw, 1008px\" style=\"--smush-placeholder-width: 1008px; --smush-placeholder-aspect-ratio: 1008\/780;\"\/><figcaption id=\"caption-attachment-434910\" class=\"wp-caption-text\">Al\u00e9m do dinheiro, policiais apreenderam 2,5 milh\u00f5es de microtubos que comerciante legalizado cederia para o grupo fracionar por\u00e7\u00f5es de coca\u00edna, de acordo com as investiga\u00e7\u00f5es (Foto: Pol\u00edcia Civil\/Divulga\u00e7\u00e3o)<\/figcaption><\/figure>\n<p>A opera\u00e7\u00e3o, que reuniu 70 policiais civis e 20 viaturas, teve por objetivo cumprir 7 mandados de pris\u00f5es tempor\u00e1rias e 17 de busca e apreens\u00e3o. De acordo com o delegado, seis pessoas foram presas temporariamente e levadas at\u00e9 a sede da DISE\/DEIC para prestar depoimento. Depois seguir\u00e3o para uma unidade prisional, ficando \u00e0 disposi\u00e7\u00e3o da Justi\u00e7a.<\/p>\n<p>Foram presos tr\u00eas homens e tr\u00eas mulheres. Al\u00e9m de 14 m\u00e1quinas ca\u00e7a-n\u00edqueis, foram apreendidos tamb\u00e9m 2,3 milh\u00f5es de microtubos vazios e R$ 38.200 em c\u00e9dulas, escondidas na casa do dono do bar ligado ao grupo.<\/p>\n<p>Para Santiago, n\u00e3o resta d\u00favida de que os presos da Opera\u00e7\u00e3o Ribeir\u00e3o est\u00e3o diretamente ligados aos presos em 2024, do fornecedor de microtubos, do que empresta a conta banc\u00e1ria para movimenta\u00e7\u00e3o, das pessoas que fazem os recebimentos e movimentam tais contas e daqueles que negociavam a compra e venda dos entorpecentes. As investiga\u00e7\u00f5es prosseguem.<\/p>\n<p>\u00a0<\/p>\n<p>_____<\/p>\n<p>\u00a0<\/p>\n<p>Jornal Tribuna Ribeir\u00e3o<br \/>Um Jornal com a cara de Ribeir\u00e3o!<\/p>\n<p>Impresso | WEB | Redes sociais<br \/>Tribuna Ribeir\u00e3o \u2013 Fone: (16) 3632-2200 \u2013 Whatsapp: (16) 98161-8743<br \/>Av. Bar\u00e3o do Bananal, 880 \u2013 Jardim Anhanguera, Ribeir\u00e3o Preto<\/p>\n<p>@tribunaribeirao<br \/>@meiaderibeirao<br \/>@dinoderibeirao<br \/>#TribunaRibeir\u00e3o<br \/>#News<br \/>#Not\u00edcia<br \/>#Ribeir\u00e3oPreto #Not\u00edciasDeRibeir\u00e3oPreto<br \/>#ClassificadosTribunaRibeir\u00e3o<br \/>#Jornalismo<br \/>#ClassificadosRibeir\u00e3o<\/p>\n<\/div>\n<p><script async src=\"\/\/platform.twitter.com\/widgets.js\" charset=\"utf-8\"><\/script><br \/>\n<br \/><br \/>\n<br \/><a href=\"https:\/\/www.tribunaribeirao.com.br\/seis-sao-presos-por-movimentar-milhoes-do-trafico-em-rp\/\">Source link <\/a><\/p>\n<!-- CONTENT END 1 -->\n","protected":false},"excerpt":{"rendered":"<p>Somente um bar no Ipiranga movimentou R$ 4 milh\u00f5es em seis meses; opera\u00e7\u00e3o \u00e9 decorrente de pris\u00e3o de chefes do tr\u00e1fico em 2024 13 de&#8230;<\/p>\n","protected":false},"author":1,"featured_media":75647,"comment_status":"open","ping_status":"open","sticky":false,"template":"","format":"standard","meta":{"advanced_seo_description":"","jetpack_seo_html_title":"","jetpack_seo_noindex":false,"jetpack_post_was_ever_published":false,"_jetpack_newsletter_access":"","_jetpack_dont_email_post_to_subs":false,"_jetpack_newsletter_tier_id":0,"_jetpack_memberships_contains_paywalled_content":false,"_jetpack_memberships_contains_paid_content":false,"footnotes":"","jetpack_publicize_message":"","jetpack_publicize_feature_enabled":true,"jetpack_social_post_already_shared":true,"jetpack_social_options":{"image_generator_settings":{"template":"highway","default_image_id":0,"font":"","enabled":false},"version":2}},"categories":[11],"tags":[],"class_list":["post-75646","post","type-post","status-publish","format-standard","has-post-thumbnail","hentry","category-noticias-de-ribeirao-preto-sp-e-regiao-ismael-colosi"],"jetpack_publicize_connections":[],"jetpack_featured_media_url":"https:\/\/i0.wp.com\/noticiasribeiraopreto.com.br\/wp-content\/uploads\/2025\/08\/13-agi-2025-operacaoribeirao1.jpg?fit=822%2C617&ssl=1","jetpack-related-posts":[{"id":75703,"url":"https:\/\/noticiasribeiraopreto.com.br\/index.php\/2025\/08\/14\/quadrilha-faturava-milhoes-em-bar-de-ribeirao\/","url_meta":{"origin":75646,"position":0},"title":"Quadrilha faturava milh\u00f5es em bar de Ribeir\u00e3o","author":"noticiasribeiraopreto.com.br","date":"14 de August de 2025","format":false,"excerpt":"14 de agosto de 2025 07:4014 de agosto de 2025 06:200 Compartilhar0 Alfredo Risk e \u00a0Adalberto Luque\u00a0\u00a0Seis pessoas foram presas, na manh\u00e3 desta quarta-feira, 13 de agosto, no \u00e2mbito da Opera\u00e7\u00e3o Ribeir\u00e3o contra o Tr\u00e1fico. S\u00e3o investigadas por integrar uma grande organiza\u00e7\u00e3o criminosa movimenta milh\u00f5es de reais com o com\u00e9rcio\u2026","rel":"","context":"In &quot;Not\u00edcias de Ribeir\u00e3o Preto-SP e Regi\u00e3o&quot;","block_context":{"text":"Not\u00edcias de Ribeir\u00e3o Preto-SP e Regi\u00e3o","link":"https:\/\/noticiasribeiraopreto.com.br\/index.php\/category\/noticias-de-ribeirao-preto-sp-e-regiao-ismael-colosi\/"},"img":{"alt_text":"","src":"","width":0,"height":0},"classes":[]},{"id":75697,"url":"https:\/\/noticiasribeiraopreto.com.br\/index.php\/2025\/08\/13\/o-que-se-sabe-sobre-bar-que-faturou-r-4-milhoes-com-trafico-de-drogas-em-ribeirao\/","url_meta":{"origin":75646,"position":1},"title":"O que se sabe sobre bar que faturou R$ 4 milh\u00f5es com tr\u00e1fico de drogas em Ribeir\u00e3o","author":"noticiasribeiraopreto.com.br","date":"13 de August de 2025","format":false,"excerpt":"Um bar em Ribeir\u00e3o Preto movimentou ao menos R$ 4 milh\u00f5es em apenas seis meses com tr\u00e1fico de drogas e lavagem de dinheiro, segundo a Pol\u00edcia Civil. O caso foi revelado nesta quarta-feira (13), durante uma opera\u00e7\u00e3o que cumpriu mandados de pris\u00e3o e busca na cidade. Como funcionava o esquema?\u2026","rel":"","context":"In &quot;Not\u00edcias de Ribeir\u00e3o Preto-SP e Regi\u00e3o&quot;","block_context":{"text":"Not\u00edcias de Ribeir\u00e3o Preto-SP e Regi\u00e3o","link":"https:\/\/noticiasribeiraopreto.com.br\/index.php\/category\/noticias-de-ribeirao-preto-sp-e-regiao-ismael-colosi\/"},"img":{"alt_text":"","src":"https:\/\/i0.wp.com\/noticiasribeiraopreto.com.br\/wp-content\/uploads\/2025\/08\/Copia-de-Copia-de-Copia-de-TAMANHO-EXATO-PARA-FOTOS-NO-SISTEMA-NOVO-2025-08-13T190259.828_2025-08-13_22-03-13.webp.webp?fit=1200%2C675&ssl=1&resize=350%2C200","width":350,"height":200,"srcset":"https:\/\/i0.wp.com\/noticiasribeiraopreto.com.br\/wp-content\/uploads\/2025\/08\/Copia-de-Copia-de-Copia-de-TAMANHO-EXATO-PARA-FOTOS-NO-SISTEMA-NOVO-2025-08-13T190259.828_2025-08-13_22-03-13.webp.webp?fit=1200%2C675&ssl=1&resize=350%2C200 1x, https:\/\/i0.wp.com\/noticiasribeiraopreto.com.br\/wp-content\/uploads\/2025\/08\/Copia-de-Copia-de-Copia-de-TAMANHO-EXATO-PARA-FOTOS-NO-SISTEMA-NOVO-2025-08-13T190259.828_2025-08-13_22-03-13.webp.webp?fit=1200%2C675&ssl=1&resize=525%2C300 1.5x, https:\/\/i0.wp.com\/noticiasribeiraopreto.com.br\/wp-content\/uploads\/2025\/08\/Copia-de-Copia-de-Copia-de-TAMANHO-EXATO-PARA-FOTOS-NO-SISTEMA-NOVO-2025-08-13T190259.828_2025-08-13_22-03-13.webp.webp?fit=1200%2C675&ssl=1&resize=700%2C400 2x, https:\/\/i0.wp.com\/noticiasribeiraopreto.com.br\/wp-content\/uploads\/2025\/08\/Copia-de-Copia-de-Copia-de-TAMANHO-EXATO-PARA-FOTOS-NO-SISTEMA-NOVO-2025-08-13T190259.828_2025-08-13_22-03-13.webp.webp?fit=1200%2C675&ssl=1&resize=1050%2C600 3x"},"classes":[]},{"id":73481,"url":"https:\/\/noticiasribeiraopreto.com.br\/index.php\/2025\/07\/03\/operacao-contra-o-trafico-e-lavagem-de-dinheiro-deixa-um-morto-em-ribeirao-preto\/","url_meta":{"origin":75646,"position":2},"title":"Opera\u00e7\u00e3o contra o tr\u00e1fico e lavagem de dinheiro deixa um morto em Ribeir\u00e3o Preto","author":"noticiasribeiraopreto.com.br","date":"3 de July de 2025","format":false,"excerpt":"Uma opera\u00e7\u00e3o do Gaeco (Grupo de Atua\u00e7\u00e3o Especial de Combate ao Crime Organizado) contra o tr\u00e1fico de drogas\u00a0e lavagem de dinheiro, com apoio da PM (Pol\u00edcia Militar), deixou um morto na manh\u00e3 desta quinta-feira (3), em Ribeir\u00e3o Preto. Segundo o Gaeco, durante a opera\u00e7\u00e3o, batizada Cash Out, foram cumpridos seis\u2026","rel":"","context":"In &quot;Not\u00edcias de Ribeir\u00e3o Preto-SP e Regi\u00e3o&quot;","block_context":{"text":"Not\u00edcias de Ribeir\u00e3o Preto-SP e Regi\u00e3o","link":"https:\/\/noticiasribeiraopreto.com.br\/index.php\/category\/noticias-de-ribeirao-preto-sp-e-regiao-ismael-colosi\/"},"img":{"alt_text":"","src":"https:\/\/i0.wp.com\/noticiasribeiraopreto.com.br\/wp-content\/uploads\/2025\/07\/WhatsApp-Image-2025-07-03-at-09.48.27_2025-07-03_12-49-49.webp.webp?fit=1200%2C675&ssl=1&resize=350%2C200","width":350,"height":200,"srcset":"https:\/\/i0.wp.com\/noticiasribeiraopreto.com.br\/wp-content\/uploads\/2025\/07\/WhatsApp-Image-2025-07-03-at-09.48.27_2025-07-03_12-49-49.webp.webp?fit=1200%2C675&ssl=1&resize=350%2C200 1x, https:\/\/i0.wp.com\/noticiasribeiraopreto.com.br\/wp-content\/uploads\/2025\/07\/WhatsApp-Image-2025-07-03-at-09.48.27_2025-07-03_12-49-49.webp.webp?fit=1200%2C675&ssl=1&resize=525%2C300 1.5x, https:\/\/i0.wp.com\/noticiasribeiraopreto.com.br\/wp-content\/uploads\/2025\/07\/WhatsApp-Image-2025-07-03-at-09.48.27_2025-07-03_12-49-49.webp.webp?fit=1200%2C675&ssl=1&resize=700%2C400 2x, https:\/\/i0.wp.com\/noticiasribeiraopreto.com.br\/wp-content\/uploads\/2025\/07\/WhatsApp-Image-2025-07-03-at-09.48.27_2025-07-03_12-49-49.webp.webp?fit=1200%2C675&ssl=1&resize=1050%2C600 3x"},"classes":[]},{"id":75659,"url":"https:\/\/noticiasribeiraopreto.com.br\/index.php\/2025\/08\/13\/bar-de-ribeirao-preto-movimentou-r-4-milhoes-do-trafico-diz-policia\/","url_meta":{"origin":75646,"position":3},"title":"Bar de Ribeir\u00e3o Preto movimentou R$ 4 milh\u00f5es do tr\u00e1fico, diz pol\u00edcia","author":"noticiasribeiraopreto.com.br","date":"13 de August de 2025","format":false,"excerpt":"O dono de um bar foi preso durante a opera\u00e7\u00e3o Ribeir\u00e3o contra o Tr\u00e1fico, deflagada pela Pol\u00edcia Civil na manh\u00e3 desta quarta-feira (13), em Ribeir\u00e3o Preto. O estabelecimento, localizado na equina das ruas Itagua\u00e7u e General C\u00e2mara, no bairro Ipiranga, zona Norte, \u00e9 apontado pela pol\u00edcia por movimentar R$ 4\u2026","rel":"","context":"In &quot;Not\u00edcias de Ribeir\u00e3o Preto-SP e Regi\u00e3o&quot;","block_context":{"text":"Not\u00edcias de Ribeir\u00e3o Preto-SP e Regi\u00e3o","link":"https:\/\/noticiasribeiraopreto.com.br\/index.php\/category\/noticias-de-ribeirao-preto-sp-e-regiao-ismael-colosi\/"},"img":{"alt_text":"","src":"https:\/\/i0.wp.com\/noticiasribeiraopreto.com.br\/wp-content\/uploads\/2025\/08\/WhatsApp-Image-2025-08-13-at-10.26.11_2025-08-13_13-27-30.webp.webp?fit=1200%2C900&ssl=1&resize=350%2C200","width":350,"height":200,"srcset":"https:\/\/i0.wp.com\/noticiasribeiraopreto.com.br\/wp-content\/uploads\/2025\/08\/WhatsApp-Image-2025-08-13-at-10.26.11_2025-08-13_13-27-30.webp.webp?fit=1200%2C900&ssl=1&resize=350%2C200 1x, https:\/\/i0.wp.com\/noticiasribeiraopreto.com.br\/wp-content\/uploads\/2025\/08\/WhatsApp-Image-2025-08-13-at-10.26.11_2025-08-13_13-27-30.webp.webp?fit=1200%2C900&ssl=1&resize=525%2C300 1.5x, https:\/\/i0.wp.com\/noticiasribeiraopreto.com.br\/wp-content\/uploads\/2025\/08\/WhatsApp-Image-2025-08-13-at-10.26.11_2025-08-13_13-27-30.webp.webp?fit=1200%2C900&ssl=1&resize=700%2C400 2x, https:\/\/i0.wp.com\/noticiasribeiraopreto.com.br\/wp-content\/uploads\/2025\/08\/WhatsApp-Image-2025-08-13-at-10.26.11_2025-08-13_13-27-30.webp.webp?fit=1200%2C900&ssl=1&resize=1050%2C600 3x"},"classes":[]},{"id":75642,"url":"https:\/\/noticiasribeiraopreto.com.br\/index.php\/2025\/08\/13\/policia-civil-cumpre-7-mandados-de-prisao-contra-o-trafico-em-ribeirao-preto\/","url_meta":{"origin":75646,"position":4},"title":"Pol\u00edcia Civil cumpre 7 mandados de pris\u00e3o contra o tr\u00e1fico em Ribeir\u00e3o Preto","author":"noticiasribeiraopreto.com.br","date":"13 de August de 2025","format":false,"excerpt":"A Pol\u00edcia Civil deflagrou nesta quarta-feira (13) uma opera\u00e7\u00e3o contra o tr\u00e1fico de drogas e lavagem de dinheiro em Ribeir\u00e3o Preto. A a\u00e7\u00e3o da 2\u00aa Delegacia de Investiga\u00e7\u00f5es Sobre Entorpecentes, chamada Ribeir\u00e3o contra o Tr\u00e1fico, cumpre 17 mandados de busca e apreens\u00e3o e sete pris\u00f5es tempor\u00e1rias. At\u00e9 por volta das\u2026","rel":"","context":"In &quot;Not\u00edcias de Ribeir\u00e3o Preto-SP e Regi\u00e3o&quot;","block_context":{"text":"Not\u00edcias de Ribeir\u00e3o Preto-SP e Regi\u00e3o","link":"https:\/\/noticiasribeiraopreto.com.br\/index.php\/category\/noticias-de-ribeirao-preto-sp-e-regiao-ismael-colosi\/"},"img":{"alt_text":"","src":"https:\/\/i0.wp.com\/noticiasribeiraopreto.com.br\/wp-content\/uploads\/2025\/08\/WhatsApp-Image-2025-08-13-at-07.20.05-1_2025-08-13_10-56-26.webp.webp?fit=1200%2C900&ssl=1&resize=350%2C200","width":350,"height":200,"srcset":"https:\/\/i0.wp.com\/noticiasribeiraopreto.com.br\/wp-content\/uploads\/2025\/08\/WhatsApp-Image-2025-08-13-at-07.20.05-1_2025-08-13_10-56-26.webp.webp?fit=1200%2C900&ssl=1&resize=350%2C200 1x, https:\/\/i0.wp.com\/noticiasribeiraopreto.com.br\/wp-content\/uploads\/2025\/08\/WhatsApp-Image-2025-08-13-at-07.20.05-1_2025-08-13_10-56-26.webp.webp?fit=1200%2C900&ssl=1&resize=525%2C300 1.5x, https:\/\/i0.wp.com\/noticiasribeiraopreto.com.br\/wp-content\/uploads\/2025\/08\/WhatsApp-Image-2025-08-13-at-07.20.05-1_2025-08-13_10-56-26.webp.webp?fit=1200%2C900&ssl=1&resize=700%2C400 2x, https:\/\/i0.wp.com\/noticiasribeiraopreto.com.br\/wp-content\/uploads\/2025\/08\/WhatsApp-Image-2025-08-13-at-07.20.05-1_2025-08-13_10-56-26.webp.webp?fit=1200%2C900&ssl=1&resize=1050%2C600 3x"},"classes":[]},{"id":61359,"url":"https:\/\/noticiasribeiraopreto.com.br\/index.php\/2024\/12\/10\/homem-apontado-como-lider-de-esquema-de-trafico-e-lavagem-de-dinheiro-e-preso-na-zona-sul-de-ribeirao\/","url_meta":{"origin":75646,"position":5},"title":"Homem apontado como l\u00edder de esquema de tr\u00e1fico e lavagem de dinheiro \u00e9 preso na zona Sul de Ribeir\u00e3o","author":"noticiasribeiraopreto.com.br","date":"10 de December de 2024","format":false,"excerpt":"A PF (Pol\u00edcia Federal) e o\u00a0Gaeco (Grupo de Atua\u00e7\u00e3o Especial de Combate ao Crime Organizado) prenderam nesta ter\u00e7a-feira (10), durante a opera\u00e7\u00e3o Chibarrada, um homem apontado como l\u00edder de um grupo criminoso com atua\u00e7\u00e3o no tr\u00e1fico de drogas e lavagem de dinheiro. A pris\u00e3o ocorreu na zona Sul de Ribeir\u00e3o\u2026","rel":"","context":"In &quot;Not\u00edcias de Ribeir\u00e3o Preto-SP e Regi\u00e3o&quot;","block_context":{"text":"Not\u00edcias de Ribeir\u00e3o Preto-SP e Regi\u00e3o","link":"https:\/\/noticiasribeiraopreto.com.br\/index.php\/category\/noticias-de-ribeirao-preto-sp-e-regiao-ismael-colosi\/"},"img":{"alt_text":"","src":"https:\/\/i0.wp.com\/noticiasribeiraopreto.com.br\/wp-content\/uploads\/2024\/12\/DINHEIRO_2024-12-10_17-49-34_jpg_2024-12-10_17-49-34.webp.webp?fit=1200%2C853&ssl=1&resize=350%2C200","width":350,"height":200,"srcset":"https:\/\/i0.wp.com\/noticiasribeiraopreto.com.br\/wp-content\/uploads\/2024\/12\/DINHEIRO_2024-12-10_17-49-34_jpg_2024-12-10_17-49-34.webp.webp?fit=1200%2C853&ssl=1&resize=350%2C200 1x, https:\/\/i0.wp.com\/noticiasribeiraopreto.com.br\/wp-content\/uploads\/2024\/12\/DINHEIRO_2024-12-10_17-49-34_jpg_2024-12-10_17-49-34.webp.webp?fit=1200%2C853&ssl=1&resize=525%2C300 1.5x, https:\/\/i0.wp.com\/noticiasribeiraopreto.com.br\/wp-content\/uploads\/2024\/12\/DINHEIRO_2024-12-10_17-49-34_jpg_2024-12-10_17-49-34.webp.webp?fit=1200%2C853&ssl=1&resize=700%2C400 2x, https:\/\/i0.wp.com\/noticiasribeiraopreto.com.br\/wp-content\/uploads\/2024\/12\/DINHEIRO_2024-12-10_17-49-34_jpg_2024-12-10_17-49-34.webp.webp?fit=1200%2C853&ssl=1&resize=1050%2C600 3x"},"classes":[]}],"jetpack_sharing_enabled":true,"jetpack_shortlink":"https:\/\/wp.me\/peQAOb-jG6","_links":{"self":[{"href":"https:\/\/noticiasribeiraopreto.com.br\/index.php\/wp-json\/wp\/v2\/posts\/75646","targetHints":{"allow":["GET"]}}],"collection":[{"href":"https:\/\/noticiasribeiraopreto.com.br\/index.php\/wp-json\/wp\/v2\/posts"}],"about":[{"href":"https:\/\/noticiasribeiraopreto.com.br\/index.php\/wp-json\/wp\/v2\/types\/post"}],"author":[{"embeddable":true,"href":"https:\/\/noticiasribeiraopreto.com.br\/index.php\/wp-json\/wp\/v2\/users\/1"}],"replies":[{"embeddable":true,"href":"https:\/\/noticiasribeiraopreto.com.br\/index.php\/wp-json\/wp\/v2\/comments?post=75646"}],"version-history":[{"count":0,"href":"https:\/\/noticiasribeiraopreto.com.br\/index.php\/wp-json\/wp\/v2\/posts\/75646\/revisions"}],"wp:featuredmedia":[{"embeddable":true,"href":"https:\/\/noticiasribeiraopreto.com.br\/index.php\/wp-json\/wp\/v2\/media\/75647"}],"wp:attachment":[{"href":"https:\/\/noticiasribeiraopreto.com.br\/index.php\/wp-json\/wp\/v2\/media?parent=75646"}],"wp:term":[{"taxonomy":"category","embeddable":true,"href":"https:\/\/noticiasribeiraopreto.com.br\/index.php\/wp-json\/wp\/v2\/categories?post=75646"},{"taxonomy":"post_tag","embeddable":true,"href":"https:\/\/noticiasribeiraopreto.com.br\/index.php\/wp-json\/wp\/v2\/tags?post=75646"}],"curies":[{"name":"wp","href":"https:\/\/api.w.org\/{rel}","templated":true}]}}