{"id":75650,"date":"2025-08-13T12:57:05","date_gmt":"2025-08-13T15:57:05","guid":{"rendered":"https:\/\/noticiasribeiraopreto.com.br\/index.php\/2025\/08\/13\/pessoa-em-situacao-de-rua-e-absolvida-apos-erro-de-identificacao-em-ribeirao\/"},"modified":"2025-08-13T12:57:05","modified_gmt":"2025-08-13T15:57:05","slug":"pessoa-em-situacao-de-rua-e-absolvida-apos-erro-de-identificacao-em-ribeirao","status":"publish","type":"post","link":"https:\/\/noticiasribeiraopreto.com.br\/index.php\/2025\/08\/13\/pessoa-em-situacao-de-rua-e-absolvida-apos-erro-de-identificacao-em-ribeirao\/","title":{"rendered":"Pessoa em situa\u00e7\u00e3o de rua \u00e9 absolvida ap\u00f3s erro de identifica\u00e7\u00e3o em Ribeir\u00e3o"},"content":{"rendered":"<div class='code-block code-block-1' style='margin: 8px 0 8px auto; text-align: right; display: block; clear: both;'>\n<p><a href=\"https:\/\/wa.link\/vpicfd\"><img data-recalc-dims=\"1\" class=\"wp-image-4922\" style=\"aspect-ratio: 2.0253164556962027; width: 561px; height: auto;\" src=\"https:\/\/i0.wp.com\/ismaelcolosi.com.br\/wp-content\/uploads\/2023\/11\/grupo-de-empregos-whatsapp-e-facebook-ismael-colosi-vagas.jpg?ssl=1\" alt=\"\" \/><\/a><\/p>\n<!-- \/wp:image -->\n<\/div>\n<p> <br \/>\n<\/p>\n<div>\n<p>Uma pessoa em situa\u00e7\u00e3o de rua, de Franca, foi <strong>absolvida<\/strong> pela Justi\u00e7a ap\u00f3s imagens de uma audi\u00eancia de cust\u00f3dia <strong>mostrarem<\/strong> que ela n\u00e3o era a pessoa acusada de furtar uma motocicleta em <strong>Ribeir\u00e3o Preto<\/strong>.<\/p>\n<p>Segundo a <a href=\"https:\/\/www.defensoria.sp.def.br\/\" target=\"_blank\" data-type=\"link\" data-id=\"https:\/\/www.defensoria.sp.def.br\/\" rel=\"noreferrer noopener\"><strong>Defensoria P\u00fablica de S\u00e3o Paulo<\/strong><\/a>, uma pessoa foi presa em flagrante pelo crime e, usando o nome e os dados de outra, foi liberada em <strong>audi\u00eancia de cust\u00f3dia<\/strong> para responder ao processo em liberdade.<\/p>\n<p>O acusado n\u00e3o compareceu \u00e0s outras etapas do processo, e, portanto, o juiz decretou sua <strong>pris\u00e3o preventiva<\/strong>.<\/p>\n<p><mark style=\"background-color:#fcb900\" class=\"has-inline-color\">Ao cumprir o mandado judicial, a pol\u00edcia prendeu, em <strong>Franca<\/strong>, a pessoa que teve seus dados usados indevidamente e que vivia em situa\u00e7\u00e3o de rua<\/mark>. Segundo a Defensoria, a pris\u00e3o preventiva foi depois revogada.<\/p>\n<h2 class=\"wp-block-heading\"><strong>Erro de identifica\u00e7\u00e3o<\/strong><\/h2>\n<p>Ainda segundo as informa\u00e7\u00f5es, durante a <strong>audi\u00eancia de instru\u00e7\u00e3o e julgamento<\/strong> realizada de forma virtual, o r\u00e9u foi intimado, mas n\u00e3o p\u00f4de participar por falta de recursos t\u00e9cnicos. Sendo assim, o defensor p\u00fablico <strong>Danilo Kazuo Machado Miyazaki<\/strong>, solicitou a realiza\u00e7\u00e3o da audi\u00eancia presencial.<\/p>\n<p>Durante a nova audi\u00eancia, <strong>o r\u00e9u negou a pr\u00e1tica do crime<\/strong>, dizendo nunca ter sido preso em flagrante e nem participado da audi\u00eancia de cust\u00f3dia que aconteceu em<strong> Ribeir\u00e3o Preto<\/strong>.<\/p>\n<p>Ainda durante a sess\u00e3o, <mark style=\"background-color:#fcb900\" class=\"has-inline-color\">o defensor apontou a diferen\u00e7a entre as imagens da pessoa que participou da audi\u00eancia de cust\u00f3dia e do r\u00e9u presente.<\/mark><\/p>\n<p>O juiz analisou as imagens dos v\u00eddeos e concluiu que, \u201cde fato, n\u00e3o se trata da pessoa interrogada em ju\u00edzo, havendo ent\u00e3o a suspeita de que outro indiv\u00edduo utilizou os dados do r\u00e9u quando de sua pris\u00e3o, se passando pelo mesmo\u201d.<\/p>\n<p><strong>O r\u00e9u foi absolvido por falta de provas de que tenha cometido o crime.<\/strong><\/p>\n<hr class=\"wp-block-separator has-alpha-channel-opacity\"\/>\n<p>SAIBA MAIS<\/p>\n<p>Inscri\u00e7\u00f5es para concurso de escrevente do TJ-SP est\u00e3o abertas<\/p>\n<h2 class=\"wp-block-heading\"><strong>FIQUE ON<\/strong><\/h2>\n<p>Quer ficar por dentro de tudo que acontece em Ribeir\u00e3o Preto e regi\u00e3o? Ent\u00e3o siga os perfis do\u202facidade on\u202fno\u202f<a href=\"https:\/\/www.instagram.com\/acidadeonribeirao\" target=\"_blank\" rel=\"noreferrer noopener\">Instagram<\/a>\u202fe no\u202f<a href=\"https:\/\/www.facebook.com\/acidadeonribeirao\/\" target=\"_blank\" rel=\"noreferrer noopener\">Facebook<\/a>.<\/p>\n<p>Al\u00e9m disso, voc\u00ea pode receber as principais not\u00edcias diretamente no WhatsApp. Para isso, basta\u00a0<a href=\"https:\/\/chat.whatsapp.com\/BjKQZ9oJwlz8VVT50NuePq\" target=\"_blank\" rel=\"noreferrer noopener\">entrar no grupo clicando aqui<\/a>.<\/p>\n<p>Por fim, se quiser fazer uma den\u00fancia ou sugerir uma reportagem sobre Ribeir\u00e3o Preto e regi\u00e3o, envie uma mensagem pelo WhatsApp: (16) 99117-7802.<\/p>\n<p>VEJA TAMB\u00c9M<\/p>\n<p>\u2018Corra que a pol\u00edcia vem a\u00ed!\u2019: onde ver a trilogia original?<\/p>\n<p><!-- AI CONTENT END 1 -->\n<\/div>\n<p><script async src=\"\/\/www.instagram.com\/embed.js\"><\/script><br \/>\n<br \/><br \/>\n<br \/><a href=\"https:\/\/www.acidadeon.com\/ribeiraopreto\/cotidiano\/pessoa-em-situacao-de-rua-e-absolvida-apos-erro-de-identificacao-em-ribeirao\/\">Source link <\/a><\/p>\n<!-- CONTENT END 1 -->\n","protected":false},"excerpt":{"rendered":"<p>Uma pessoa em situa\u00e7\u00e3o de rua, de Franca, foi absolvida pela Justi\u00e7a ap\u00f3s imagens de uma audi\u00eancia de cust\u00f3dia mostrarem que ela n\u00e3o era a&#8230;<\/p>\n","protected":false},"author":1,"featured_media":0,"comment_status":"open","ping_status":"open","sticky":false,"template":"","format":"standard","meta":{"advanced_seo_description":"","jetpack_seo_html_title":"","jetpack_seo_noindex":false,"jetpack_post_was_ever_published":false,"_jetpack_newsletter_access":"","_jetpack_dont_email_post_to_subs":false,"_jetpack_newsletter_tier_id":0,"_jetpack_memberships_contains_paywalled_content":false,"_jetpack_memberships_contains_paid_content":false,"footnotes":"","jetpack_publicize_message":"","jetpack_publicize_feature_enabled":true,"jetpack_social_post_already_shared":true,"jetpack_social_options":{"image_generator_settings":{"template":"highway","default_image_id":0,"font":"","enabled":false},"version":2}},"categories":[11],"tags":[],"class_list":["post-75650","post","type-post","status-publish","format-standard","hentry","category-noticias-de-ribeirao-preto-sp-e-regiao-ismael-colosi"],"jetpack_publicize_connections":[],"jetpack_featured_media_url":"","jetpack-related-posts":[{"id":75676,"url":"https:\/\/noticiasribeiraopreto.com.br\/index.php\/2025\/08\/13\/pessoa-em-situacao-de-rua-e-absolvida-apos-erro-de-identificacao-em-ribeirao-2\/","url_meta":{"origin":75650,"position":0},"title":"Pessoa em situa\u00e7\u00e3o de rua \u00e9 absolvida ap\u00f3s erro de identifica\u00e7\u00e3o em Ribeir\u00e3o","author":"noticiasribeiraopreto.com.br","date":"13 de August de 2025","format":false,"excerpt":"Uma pessoa em situa\u00e7\u00e3o de rua foi absolvida pela Justi\u00e7a ap\u00f3s imagens de uma audi\u00eancia de cust\u00f3dia mostrarem que ela n\u00e3o era a pessoa acusada de furtar uma motocicleta em Ribeir\u00e3o Preto. Segundo a Defensoria P\u00fablica de S\u00e3o Paulo, uma pessoa foi presa em flagrante pelo crime e, usando o\u2026","rel":"","context":"In &quot;Not\u00edcias de Ribeir\u00e3o Preto-SP e Regi\u00e3o&quot;","block_context":{"text":"Not\u00edcias de Ribeir\u00e3o Preto-SP e Regi\u00e3o","link":"https:\/\/noticiasribeiraopreto.com.br\/index.php\/category\/noticias-de-ribeirao-preto-sp-e-regiao-ismael-colosi\/"},"img":{"alt_text":"","src":"https:\/\/i0.wp.com\/noticiasribeiraopreto.com.br\/wp-content\/uploads\/2025\/08\/Copia-de-Copia-de-Copia-de-TAMANHO-EXATO-PARA-FOTOS-NO-SISTEMA-NOVO-2025-08-13T131635.513_2025-08-13_16-16-43.webp.webp?fit=1200%2C675&ssl=1&resize=350%2C200","width":350,"height":200,"srcset":"https:\/\/i0.wp.com\/noticiasribeiraopreto.com.br\/wp-content\/uploads\/2025\/08\/Copia-de-Copia-de-Copia-de-TAMANHO-EXATO-PARA-FOTOS-NO-SISTEMA-NOVO-2025-08-13T131635.513_2025-08-13_16-16-43.webp.webp?fit=1200%2C675&ssl=1&resize=350%2C200 1x, https:\/\/i0.wp.com\/noticiasribeiraopreto.com.br\/wp-content\/uploads\/2025\/08\/Copia-de-Copia-de-Copia-de-TAMANHO-EXATO-PARA-FOTOS-NO-SISTEMA-NOVO-2025-08-13T131635.513_2025-08-13_16-16-43.webp.webp?fit=1200%2C675&ssl=1&resize=525%2C300 1.5x, https:\/\/i0.wp.com\/noticiasribeiraopreto.com.br\/wp-content\/uploads\/2025\/08\/Copia-de-Copia-de-Copia-de-TAMANHO-EXATO-PARA-FOTOS-NO-SISTEMA-NOVO-2025-08-13T131635.513_2025-08-13_16-16-43.webp.webp?fit=1200%2C675&ssl=1&resize=700%2C400 2x, https:\/\/i0.wp.com\/noticiasribeiraopreto.com.br\/wp-content\/uploads\/2025\/08\/Copia-de-Copia-de-Copia-de-TAMANHO-EXATO-PARA-FOTOS-NO-SISTEMA-NOVO-2025-08-13T131635.513_2025-08-13_16-16-43.webp.webp?fit=1200%2C675&ssl=1&resize=1050%2C600 3x"},"classes":[]},{"id":75887,"url":"https:\/\/noticiasribeiraopreto.com.br\/index.php\/2025\/08\/17\/mulher-absolvida-por-morte-do-marido-sera-julgada-novamente-em-ribeirao\/","url_meta":{"origin":75650,"position":1},"title":"Mulher absolvida por morte do marido ser\u00e1 julgada novamente em Ribeir\u00e3o","author":"noticiasribeiraopreto.com.br","date":"17 de August de 2025","format":false,"excerpt":"O TJ-SP (Tribunal de Justi\u00e7a de S\u00e3o Paulo) decidiu que Ana Cl\u00e1udia Batista ser\u00e1 julgada novamente, tr\u00eas anos depois de ter sido absolvida por envolvimento na morte do marido, Leandro Henrique Batista. O crime aconteceu em fevereiro de 2018, em Ribeir\u00e3o Preto. Na \u00e9poca, a mulher era acusada de planejar\u2026","rel":"","context":"In &quot;Not\u00edcias de Ribeir\u00e3o Preto-SP e Regi\u00e3o&quot;","block_context":{"text":"Not\u00edcias de Ribeir\u00e3o Preto-SP e Regi\u00e3o","link":"https:\/\/noticiasribeiraopreto.com.br\/index.php\/category\/noticias-de-ribeirao-preto-sp-e-regiao-ismael-colosi\/"},"img":{"alt_text":"","src":"https:\/\/i0.wp.com\/noticiasribeiraopreto.com.br\/wp-content\/uploads\/2025\/08\/Copia-de-Copia-de-Copia-de-TAMANHO-EXATO-PARA-FOTOS-NO-SISTEMA-NOVO-2025-08-17T144804.331_2025-08-17_17-48-14.webp.webp?fit=1200%2C675&ssl=1&resize=350%2C200","width":350,"height":200,"srcset":"https:\/\/i0.wp.com\/noticiasribeiraopreto.com.br\/wp-content\/uploads\/2025\/08\/Copia-de-Copia-de-Copia-de-TAMANHO-EXATO-PARA-FOTOS-NO-SISTEMA-NOVO-2025-08-17T144804.331_2025-08-17_17-48-14.webp.webp?fit=1200%2C675&ssl=1&resize=350%2C200 1x, https:\/\/i0.wp.com\/noticiasribeiraopreto.com.br\/wp-content\/uploads\/2025\/08\/Copia-de-Copia-de-Copia-de-TAMANHO-EXATO-PARA-FOTOS-NO-SISTEMA-NOVO-2025-08-17T144804.331_2025-08-17_17-48-14.webp.webp?fit=1200%2C675&ssl=1&resize=525%2C300 1.5x, https:\/\/i0.wp.com\/noticiasribeiraopreto.com.br\/wp-content\/uploads\/2025\/08\/Copia-de-Copia-de-Copia-de-TAMANHO-EXATO-PARA-FOTOS-NO-SISTEMA-NOVO-2025-08-17T144804.331_2025-08-17_17-48-14.webp.webp?fit=1200%2C675&ssl=1&resize=700%2C400 2x, https:\/\/i0.wp.com\/noticiasribeiraopreto.com.br\/wp-content\/uploads\/2025\/08\/Copia-de-Copia-de-Copia-de-TAMANHO-EXATO-PARA-FOTOS-NO-SISTEMA-NOVO-2025-08-17T144804.331_2025-08-17_17-48-14.webp.webp?fit=1200%2C675&ssl=1&resize=1050%2C600 3x"},"classes":[]},{"id":81771,"url":"https:\/\/noticiasribeiraopreto.com.br\/index.php\/2026\/01\/16\/ribeirao-fara-censo-com-moradores-de-rua\/","url_meta":{"origin":75650,"position":2},"title":"Ribeir\u00e3o far\u00e1 censo com \u2028moradores de rua","author":"noticiasribeiraopreto.com.br","date":"16 de January de 2026","format":false,"excerpt":"\r \r \r 16 de janeiro de 2026 08:45 \r Compartilhar0 Atualmente, estima-se que cerca de duas mil pessoas vivem nesta condi\u00e7\u00e3o no munic\u00edpio A Secretaria Municipal de Assist\u00eancia Social (Semas) de Ribeir\u00e3o Preto pretende realizar, ainda neste ano, censo para detectar oficialmente o n\u00famero de moradores de rua na\u2026","rel":"","context":"In &quot;Not\u00edcias de Ribeir\u00e3o Preto-SP e Regi\u00e3o&quot;","block_context":{"text":"Not\u00edcias de Ribeir\u00e3o Preto-SP e Regi\u00e3o","link":"https:\/\/noticiasribeiraopreto.com.br\/index.php\/category\/noticias-de-ribeirao-preto-sp-e-regiao-ismael-colosi\/"},"img":{"alt_text":"","src":"https:\/\/i0.wp.com\/noticiasribeiraopreto.com.br\/wp-content\/uploads\/2026\/01\/Andarilho-Alfredo-Risk-Arquivo-scaled.jpg?fit=1170%2C780&ssl=1&resize=350%2C200","width":350,"height":200,"srcset":"https:\/\/i0.wp.com\/noticiasribeiraopreto.com.br\/wp-content\/uploads\/2026\/01\/Andarilho-Alfredo-Risk-Arquivo-scaled.jpg?fit=1170%2C780&ssl=1&resize=350%2C200 1x, https:\/\/i0.wp.com\/noticiasribeiraopreto.com.br\/wp-content\/uploads\/2026\/01\/Andarilho-Alfredo-Risk-Arquivo-scaled.jpg?fit=1170%2C780&ssl=1&resize=525%2C300 1.5x, https:\/\/i0.wp.com\/noticiasribeiraopreto.com.br\/wp-content\/uploads\/2026\/01\/Andarilho-Alfredo-Risk-Arquivo-scaled.jpg?fit=1170%2C780&ssl=1&resize=700%2C400 2x, https:\/\/i0.wp.com\/noticiasribeiraopreto.com.br\/wp-content\/uploads\/2026\/01\/Andarilho-Alfredo-Risk-Arquivo-scaled.jpg?fit=1170%2C780&ssl=1&resize=1050%2C600 3x"},"classes":[]},{"id":40829,"url":"https:\/\/noticiasribeiraopreto.com.br\/index.php\/2024\/03\/05\/mulher-e-socorrida-em-estado-grave-apos-ser-atropelada-no-centro-de-ribeirao\/","url_meta":{"origin":75650,"position":3},"title":"Mulher \u00e9 socorrida em estado grave ap\u00f3s ser atropelada no Centro de Ribeir\u00e3o","author":"noticiasribeiraopreto.com.br","date":"5 de March de 2024","format":false,"excerpt":"Uma mulher foi atropelada no cruzamento da avenida Jer\u00f4nimo Gon\u00e7alves com a rua S\u00e3o Sebasti\u00e3o, no Centro de Ribeir\u00e3o Preto, na madrugada desta segunda-feira (4) \u2013 veja o v\u00eddeo abaixo. Imagens de uma c\u00e2mera de seguran\u00e7a flagraram o momento em que a v\u00edtima tentava atravessar a avenida Jer\u00f4nimo Gon\u00e7alves, na\u2026","rel":"","context":"In &quot;Not\u00edcias de Ribeir\u00e3o Preto-SP e Regi\u00e3o&quot;","block_context":{"text":"Not\u00edcias de Ribeir\u00e3o Preto-SP e Regi\u00e3o","link":"https:\/\/noticiasribeiraopreto.com.br\/index.php\/category\/noticias-de-ribeirao-preto-sp-e-regiao-ismael-colosi\/"},"img":{"alt_text":"","src":"https:\/\/i0.wp.com\/noticiasribeiraopreto.com.br\/wp-content\/uploads\/2024\/03\/AnyConv.com__WhatsApp-Image-2024-03-05-at-16.57.40.webp.webp?fit=750%2C419&ssl=1&resize=350%2C200","width":350,"height":200,"srcset":"https:\/\/i0.wp.com\/noticiasribeiraopreto.com.br\/wp-content\/uploads\/2024\/03\/AnyConv.com__WhatsApp-Image-2024-03-05-at-16.57.40.webp.webp?fit=750%2C419&ssl=1&resize=350%2C200 1x, https:\/\/i0.wp.com\/noticiasribeiraopreto.com.br\/wp-content\/uploads\/2024\/03\/AnyConv.com__WhatsApp-Image-2024-03-05-at-16.57.40.webp.webp?fit=750%2C419&ssl=1&resize=525%2C300 1.5x, https:\/\/i0.wp.com\/noticiasribeiraopreto.com.br\/wp-content\/uploads\/2024\/03\/AnyConv.com__WhatsApp-Image-2024-03-05-at-16.57.40.webp.webp?fit=750%2C419&ssl=1&resize=700%2C400 2x"},"classes":[]},{"id":56208,"url":"https:\/\/noticiasribeiraopreto.com.br\/index.php\/2024\/08\/11\/morador-da-regiao-de-ribeirao-preto-morre-apos-ser-baleado-acidentalmente-pelo-sogro\/","url_meta":{"origin":75650,"position":4},"title":"Morador da regi\u00e3o de Ribeir\u00e3o Preto morre ap\u00f3s ser baleado acidentalmente pelo sogro","author":"noticiasribeiraopreto.com.br","date":"11 de August de 2024","format":false,"excerpt":"Um morador de Franca, cidade na regi\u00e3o de Ribeir\u00e3o Preto, morreu ap\u00f3s ser baleado pelo sogro enquanto os dois ca\u00e7avam javalis, na madrugada de s\u00e1bado (10), em Delfin\u00f3polis-MG. De acordo com a Pol\u00edcia Civil, os dois estavam acompanhados de outras duas pessoas e o disparo teria acontecido quando o grupo\u2026","rel":"","context":"In &quot;Not\u00edcias de Ribeir\u00e3o Preto-SP e Regi\u00e3o&quot;","block_context":{"text":"Not\u00edcias de Ribeir\u00e3o Preto-SP e Regi\u00e3o","link":"https:\/\/noticiasribeiraopreto.com.br\/index.php\/category\/noticias-de-ribeirao-preto-sp-e-regiao-ismael-colosi\/"},"img":{"alt_text":"","src":"https:\/\/i0.wp.com\/noticiasribeiraopreto.com.br\/wp-content\/uploads\/2024\/08\/Copia-de-Copia-de-TAMANHO-EXATO-PARA-FOTOS-NO-SISTEMA-NOVO_2024-08-11_16-09-56_png_2024-08-11_16-09-56.webp.webp?fit=1200%2C675&ssl=1&resize=350%2C200","width":350,"height":200,"srcset":"https:\/\/i0.wp.com\/noticiasribeiraopreto.com.br\/wp-content\/uploads\/2024\/08\/Copia-de-Copia-de-TAMANHO-EXATO-PARA-FOTOS-NO-SISTEMA-NOVO_2024-08-11_16-09-56_png_2024-08-11_16-09-56.webp.webp?fit=1200%2C675&ssl=1&resize=350%2C200 1x, https:\/\/i0.wp.com\/noticiasribeiraopreto.com.br\/wp-content\/uploads\/2024\/08\/Copia-de-Copia-de-TAMANHO-EXATO-PARA-FOTOS-NO-SISTEMA-NOVO_2024-08-11_16-09-56_png_2024-08-11_16-09-56.webp.webp?fit=1200%2C675&ssl=1&resize=525%2C300 1.5x, https:\/\/i0.wp.com\/noticiasribeiraopreto.com.br\/wp-content\/uploads\/2024\/08\/Copia-de-Copia-de-TAMANHO-EXATO-PARA-FOTOS-NO-SISTEMA-NOVO_2024-08-11_16-09-56_png_2024-08-11_16-09-56.webp.webp?fit=1200%2C675&ssl=1&resize=700%2C400 2x, https:\/\/i0.wp.com\/noticiasribeiraopreto.com.br\/wp-content\/uploads\/2024\/08\/Copia-de-Copia-de-TAMANHO-EXATO-PARA-FOTOS-NO-SISTEMA-NOVO_2024-08-11_16-09-56_png_2024-08-11_16-09-56.webp.webp?fit=1200%2C675&ssl=1&resize=1050%2C600 3x"},"classes":[]},{"id":25256,"url":"https:\/\/noticiasribeiraopreto.com.br\/index.php\/2024\/01\/06\/veja-a-lista-de-cidades-com-mais-pessoas-em-situacao-de-rua-no-brasil-ribeirao-tem-mais-de-500-1\/","url_meta":{"origin":75650,"position":5},"title":"Veja a lista de cidades com mais pessoas em situa\u00e7\u00e3o de rua no Brasil; Ribeir\u00e3o tem mais de 500","author":"noticiasribeiraopreto.com.br","date":"6 de January de 2024","format":false,"excerpt":"Um levantamento realizado pelo Observat\u00f3rio Nacional dos Direitos Humanos mostrou que, entre 2018 e julho de 2023, o n\u00famero de pessoas em situa\u00e7\u00e3o de rua (PSR) cadastradas no Cadastro \u00danico quase dobrou. Em 2018, o registro aponta que existiam 116 mil pessoas nessa situa\u00e7\u00e3o. J\u00e1 em 2023, s\u00e3o mais de\u2026","rel":"","context":"In &quot;Not\u00edcias de Ribeir\u00e3o Preto-SP e Regi\u00e3o&quot;","block_context":{"text":"Not\u00edcias de Ribeir\u00e3o Preto-SP e Regi\u00e3o","link":"https:\/\/noticiasribeiraopreto.com.br\/index.php\/category\/noticias-de-ribeirao-preto-sp-e-regiao-ismael-colosi\/"},"img":{"alt_text":"","src":"https:\/\/i0.wp.com\/noticiasribeiraopreto.com.br\/wp-content\/uploads\/2024\/01\/morador_de_1200x675_14042022205812.jpg?fit=1200%2C675&ssl=1&resize=350%2C200","width":350,"height":200,"srcset":"https:\/\/i0.wp.com\/noticiasribeiraopreto.com.br\/wp-content\/uploads\/2024\/01\/morador_de_1200x675_14042022205812.jpg?fit=1200%2C675&ssl=1&resize=350%2C200 1x, https:\/\/i0.wp.com\/noticiasribeiraopreto.com.br\/wp-content\/uploads\/2024\/01\/morador_de_1200x675_14042022205812.jpg?fit=1200%2C675&ssl=1&resize=525%2C300 1.5x, https:\/\/i0.wp.com\/noticiasribeiraopreto.com.br\/wp-content\/uploads\/2024\/01\/morador_de_1200x675_14042022205812.jpg?fit=1200%2C675&ssl=1&resize=700%2C400 2x, https:\/\/i0.wp.com\/noticiasribeiraopreto.com.br\/wp-content\/uploads\/2024\/01\/morador_de_1200x675_14042022205812.jpg?fit=1200%2C675&ssl=1&resize=1050%2C600 3x"},"classes":[]}],"jetpack_sharing_enabled":true,"jetpack_shortlink":"https:\/\/wp.me\/peQAOb-jGa","_links":{"self":[{"href":"https:\/\/noticiasribeiraopreto.com.br\/index.php\/wp-json\/wp\/v2\/posts\/75650","targetHints":{"allow":["GET"]}}],"collection":[{"href":"https:\/\/noticiasribeiraopreto.com.br\/index.php\/wp-json\/wp\/v2\/posts"}],"about":[{"href":"https:\/\/noticiasribeiraopreto.com.br\/index.php\/wp-json\/wp\/v2\/types\/post"}],"author":[{"embeddable":true,"href":"https:\/\/noticiasribeiraopreto.com.br\/index.php\/wp-json\/wp\/v2\/users\/1"}],"replies":[{"embeddable":true,"href":"https:\/\/noticiasribeiraopreto.com.br\/index.php\/wp-json\/wp\/v2\/comments?post=75650"}],"version-history":[{"count":0,"href":"https:\/\/noticiasribeiraopreto.com.br\/index.php\/wp-json\/wp\/v2\/posts\/75650\/revisions"}],"wp:attachment":[{"href":"https:\/\/noticiasribeiraopreto.com.br\/index.php\/wp-json\/wp\/v2\/media?parent=75650"}],"wp:term":[{"taxonomy":"category","embeddable":true,"href":"https:\/\/noticiasribeiraopreto.com.br\/index.php\/wp-json\/wp\/v2\/categories?post=75650"},{"taxonomy":"post_tag","embeddable":true,"href":"https:\/\/noticiasribeiraopreto.com.br\/index.php\/wp-json\/wp\/v2\/tags?post=75650"}],"curies":[{"name":"wp","href":"https:\/\/api.w.org\/{rel}","templated":true}]}}