{"id":75651,"date":"2025-08-13T13:04:47","date_gmt":"2025-08-13T16:04:47","guid":{"rendered":"https:\/\/noticiasribeiraopreto.com.br\/index.php\/2025\/08\/13\/inscricoes-para-concurso-de-escrevente-do-tj-sp-estao-abertas\/"},"modified":"2025-08-13T13:04:47","modified_gmt":"2025-08-13T16:04:47","slug":"inscricoes-para-concurso-de-escrevente-do-tj-sp-estao-abertas","status":"publish","type":"post","link":"https:\/\/noticiasribeiraopreto.com.br\/index.php\/2025\/08\/13\/inscricoes-para-concurso-de-escrevente-do-tj-sp-estao-abertas\/","title":{"rendered":"Inscri\u00e7\u00f5es para concurso de escrevente do TJ-SP est\u00e3o abertas"},"content":{"rendered":"<div class='code-block code-block-1' style='margin: 8px 0 8px auto; text-align: right; display: block; clear: both;'>\n<p><a href=\"https:\/\/wa.link\/vpicfd\"><img data-recalc-dims=\"1\" class=\"wp-image-4922\" style=\"aspect-ratio: 2.0253164556962027; width: 561px; height: auto;\" src=\"https:\/\/i0.wp.com\/ismaelcolosi.com.br\/wp-content\/uploads\/2023\/11\/grupo-de-empregos-whatsapp-e-facebook-ismael-colosi-vagas.jpg?ssl=1\" alt=\"\" \/><\/a><\/p>\n<!-- \/wp:image -->\n<\/div>\n<p> <br \/>\n<\/p>\n<div data-td-block-uid=\"tdi_95\">\n<div class=\"tdb-block-inner td-fix-index\">\n<p>J\u00e1 est\u00e3o abertas as inscri\u00e7\u00f5es do<strong> concurso p\u00fablico<\/strong> para o cargo de <strong>escrevente t\u00e9cnico judici\u00e1rio <\/strong>do<strong> <a href=\"https:\/\/www.tjsp.jus.br\/\" data-type=\"link\" data-id=\"https:\/\/www.tjsp.jus.br\/\" target=\"_blank\" rel=\"noopener\">TJ-SP (Tribunal de Justi\u00e7a de S\u00e3o Paulo)<\/a><\/strong>. As oportunidades s\u00e3o para o cadastro de reserva e os sal\u00e1rios para o cargo s\u00e3o de R$ 6.345,94.<\/p>\n<p>As inscri\u00e7\u00f5es devem ser realizadas no site da <strong>Funda\u00e7\u00e3o Vunesp<\/strong> <a href=\"https:\/\/www.vunesp.com.br\/TJSP2503\" data-type=\"link\" data-id=\"https:\/\/www.vunesp.com.br\/TJSP2503\" target=\"_blank\" rel=\"noopener\">(clique aqui)<\/a> <mark style=\"background-color:#fcb900\" class=\"has-inline-color has-black-color\">at\u00e9 o dia 22 de setembro de 2025<\/mark>. A taxa de inscri\u00e7\u00e3o custa R$ 81.<\/p>\n<h2 class=\"wp-block-heading\"><strong>Quem pode participar?<\/strong><\/h2>\n<ul class=\"wp-block-list\">\n<li>ser brasileiro nato, naturalizado ou gozar das prerrogativas na Constitui\u00e7\u00e3o Federal;<\/li>\n<\/ul>\n<ul class=\"wp-block-list\">\n<li>ter 18 anos de idade completos at\u00e9 a data da posse;<\/li>\n<\/ul>\n<ul class=\"wp-block-list\">\n<li>estar em dia com as obriga\u00e7\u00f5es eleitorais;<\/li>\n<\/ul>\n<ul class=\"wp-block-list\">\n<li>estar em dia com as obriga\u00e7\u00f5es do Servi\u00e7o Militar;<\/li>\n<\/ul>\n<ul class=\"wp-block-list\">\n<li>n\u00e3o ter sido condenado por crime contra o patrim\u00f4nio, a Administra\u00e7\u00e3o, a f\u00e9 p\u00fablica e os costumes;<\/li>\n<\/ul>\n<ul class=\"wp-block-list\">\n<li>n\u00e3o ter sido condenado por ato de improbidade;<\/li>\n<\/ul>\n<ul class=\"wp-block-list\">\n<li>ter conclu\u00eddo, at\u00e9 a data da posse, o Ensino M\u00e9dio;<\/li>\n<\/ul>\n<ul class=\"wp-block-list\">\n<li>gozar de boa sa\u00fade f\u00edsica e mental para o exerc\u00edcio das atribui\u00e7\u00f5es do cargo, comprovada em inspe\u00e7\u00e3o realizada por \u00f3rg\u00e3o m\u00e9dico oficial do Estado.<\/li>\n<\/ul>\n<h2 class=\"wp-block-heading\"><strong>Local da prova<\/strong><\/h2>\n<p>As provas ser\u00e3o realizadas na <strong>capital paulista <\/strong>e as vagas ser\u00e3o preenchidas nas comarcas de S\u00e3o Bernardo do Campo, Santo Andr\u00e9, Osasco, Guarulhos, Mogi das Cruzes e Itapecerica da Serra.<\/p>\n<p>SAIBA MAIS<br \/>Ar seco chega com for\u00e7a e deixa estado de SP em risco para baixa umidade<\/p>\n<h2 class=\"wp-block-heading\"><strong>FIQUE ON<\/strong><\/h2>\n<p>Fique ligado em tudo que acontece em Ribeir\u00e3o Preto e regi\u00e3o. Siga os perfis do\u00a0<strong>acidade on<\/strong>\u00a0no<a href=\"https:\/\/www.instagram.com\/acidadeonribeirao\" target=\"_blank\" rel=\"noreferrer noopener\">\u00a0Instagram<\/a>\u00a0e no\u00a0<a href=\"https:\/\/www.facebook.com\/acidadeonribeirao\/\" target=\"_blank\" rel=\"noreferrer noopener\">Facebook<\/a>.<\/p>\n<p>Receba not\u00edcias do<strong>\u00a0acidade on<\/strong>\u00a0no WhatsApp.\u00a0<a href=\"https:\/\/chat.whatsapp.com\/I4nieTEMKlf50pJ28aMemC?mode=ac_t\" target=\"_blank\" rel=\"noreferrer noopener\">Para entrar no grupo, basta clicar aqui.<\/a><\/p>\n<p>Fa\u00e7a uma den\u00fancia ou sugira uma reportagem sobre Ribeir\u00e3o Preto e regi\u00e3o pelo WhatsApp: 16 99117 7802.<\/p>\n<p>VEJA TAMB\u00c9M<br \/>Quais vagas tempor\u00e1rias est\u00e3o dispon\u00edveis no IBGE?<\/p>\n<p><!-- AI CONTENT END 1 -->\n<\/div>\n<\/div>\n<p><script async src=\"\/\/www.instagram.com\/embed.js\"><\/script><br \/>\n<br \/><br \/>\n<br \/><a href=\"https:\/\/www.acidadeon.com\/ribeiraopreto\/economia\/inscricoes-para-concurso-de-escrevente-do-tj-sp-estao-abertas\/\">Source link <\/a><\/p>\n<!-- CONTENT END 1 -->\n","protected":false},"excerpt":{"rendered":"<p>J\u00e1 est\u00e3o abertas as inscri\u00e7\u00f5es do concurso p\u00fablico para o cargo de escrevente t\u00e9cnico judici\u00e1rio do TJ-SP (Tribunal de Justi\u00e7a de S\u00e3o Paulo). As oportunidades&#8230;<\/p>\n","protected":false},"author":1,"featured_media":75652,"comment_status":"open","ping_status":"open","sticky":false,"template":"","format":"standard","meta":{"advanced_seo_description":"","jetpack_seo_html_title":"","jetpack_seo_noindex":false,"jetpack_post_was_ever_published":false,"_jetpack_newsletter_access":"","_jetpack_dont_email_post_to_subs":false,"_jetpack_newsletter_tier_id":0,"_jetpack_memberships_contains_paywalled_content":false,"_jetpack_memberships_contains_paid_content":false,"footnotes":"","jetpack_publicize_message":"","jetpack_publicize_feature_enabled":true,"jetpack_social_post_already_shared":true,"jetpack_social_options":{"image_generator_settings":{"template":"highway","default_image_id":0,"font":"","enabled":false},"version":2}},"categories":[11],"tags":[],"class_list":["post-75651","post","type-post","status-publish","format-standard","has-post-thumbnail","hentry","category-noticias-de-ribeirao-preto-sp-e-regiao-ismael-colosi"],"jetpack_publicize_connections":[],"jetpack_featured_media_url":"https:\/\/i0.wp.com\/noticiasribeiraopreto.com.br\/wp-content\/uploads\/2025\/08\/concurso-publico-6_2024-08-26_18-49-03_jpg_2024-08-26_18-49-03.webp.webp?fit=1500%2C1000&ssl=1","jetpack-related-posts":[{"id":75139,"url":"https:\/\/noticiasribeiraopreto.com.br\/index.php\/2025\/08\/04\/tj-sp-abre-concurso-publico-com-salarios-de-r-63-mil-veja-como-participar\/","url_meta":{"origin":75651,"position":0},"title":"TJ-SP abre concurso p\u00fablico com sal\u00e1rios de R$ 6,3 mil; Veja como participar","author":"noticiasribeiraopreto.com.br","date":"4 de August de 2025","format":false,"excerpt":"O TJ-SP (Tribunal de Justi\u00e7a de S\u00e3o Paulo) publicou edital de concurso p\u00fablico para o cargo de escrevente t\u00e9cnico judici\u00e1rio. As oportunidades s\u00e3o para o cadastro de reserva e os sal\u00e1rios para o cargo s\u00e3o de R$ 6.345,94. As inscri\u00e7\u00f5es devem ser realizadas no site da Funda\u00e7\u00e3o Vunesp (clique aqui)\u2026","rel":"","context":"In &quot;Not\u00edcias de Ribeir\u00e3o Preto-SP e Regi\u00e3o&quot;","block_context":{"text":"Not\u00edcias de Ribeir\u00e3o Preto-SP e Regi\u00e3o","link":"https:\/\/noticiasribeiraopreto.com.br\/index.php\/category\/noticias-de-ribeirao-preto-sp-e-regiao-ismael-colosi\/"},"img":{"alt_text":"","src":"https:\/\/i0.wp.com\/noticiasribeiraopreto.com.br\/wp-content\/uploads\/2025\/08\/concurso-publico.jpg?fit=1200%2C800&ssl=1&resize=350%2C200","width":350,"height":200,"srcset":"https:\/\/i0.wp.com\/noticiasribeiraopreto.com.br\/wp-content\/uploads\/2025\/08\/concurso-publico.jpg?fit=1200%2C800&ssl=1&resize=350%2C200 1x, https:\/\/i0.wp.com\/noticiasribeiraopreto.com.br\/wp-content\/uploads\/2025\/08\/concurso-publico.jpg?fit=1200%2C800&ssl=1&resize=525%2C300 1.5x, https:\/\/i0.wp.com\/noticiasribeiraopreto.com.br\/wp-content\/uploads\/2025\/08\/concurso-publico.jpg?fit=1200%2C800&ssl=1&resize=700%2C400 2x, https:\/\/i0.wp.com\/noticiasribeiraopreto.com.br\/wp-content\/uploads\/2025\/08\/concurso-publico.jpg?fit=1200%2C800&ssl=1&resize=1050%2C600 3x"},"classes":[]},{"id":52044,"url":"https:\/\/noticiasribeiraopreto.com.br\/index.php\/2024\/06\/03\/tj-sp-abre-inscricoes-para-concurso-publico-com-272-vagas-no-interior-de-sao-paulo\/","url_meta":{"origin":75651,"position":1},"title":"TJ-SP abre inscri\u00e7\u00f5es para concurso p\u00fablico com 272 vagas no interior de S\u00e3o Paulo","author":"noticiasribeiraopreto.com.br","date":"3 de June de 2024","format":false,"excerpt":"O TJ-SP (Tribunal de Justi\u00e7a de S\u00e3o Paulo) abriu nesta segunda-feira (3) as inscri\u00e7\u00f5es para o concurso p\u00fablico com 572 vagas para escrevente t\u00e9cnico judici\u00e1rio, em todo estado de S\u00e3o Paulo, sendo 300 para capital e 272 oportunidades para o interior de S\u00e3o Paulo. Os interessados devem se inscrever, exclusivamente,\u2026","rel":"","context":"In &quot;Not\u00edcias de Ribeir\u00e3o Preto-SP e Regi\u00e3o&quot;","block_context":{"text":"Not\u00edcias de Ribeir\u00e3o Preto-SP e Regi\u00e3o","link":"https:\/\/noticiasribeiraopreto.com.br\/index.php\/category\/noticias-de-ribeirao-preto-sp-e-regiao-ismael-colosi\/"},"img":{"alt_text":"","src":"https:\/\/i0.wp.com\/noticiasribeiraopreto.com.br\/wp-content\/uploads\/2024\/05\/concurso_publico_1-1024x683-1_2024-05-09_19-38-33_jpeg_2024-05-09_19-38-33.webp.webp?fit=1024%2C683&ssl=1&resize=350%2C200","width":350,"height":200,"srcset":"https:\/\/i0.wp.com\/noticiasribeiraopreto.com.br\/wp-content\/uploads\/2024\/05\/concurso_publico_1-1024x683-1_2024-05-09_19-38-33_jpeg_2024-05-09_19-38-33.webp.webp?fit=1024%2C683&ssl=1&resize=350%2C200 1x, https:\/\/i0.wp.com\/noticiasribeiraopreto.com.br\/wp-content\/uploads\/2024\/05\/concurso_publico_1-1024x683-1_2024-05-09_19-38-33_jpeg_2024-05-09_19-38-33.webp.webp?fit=1024%2C683&ssl=1&resize=525%2C300 1.5x, https:\/\/i0.wp.com\/noticiasribeiraopreto.com.br\/wp-content\/uploads\/2024\/05\/concurso_publico_1-1024x683-1_2024-05-09_19-38-33_jpeg_2024-05-09_19-38-33.webp.webp?fit=1024%2C683&ssl=1&resize=700%2C400 2x"},"classes":[]},{"id":51170,"url":"https:\/\/noticiasribeiraopreto.com.br\/index.php\/2024\/05\/23\/tribunal-de-justica-de-sp-anuncia-concurso-publico-com-572-vagas-e-salario-de-r-6-mil\/","url_meta":{"origin":75651,"position":2},"title":"Tribunal de Justi\u00e7a de SP anuncia concurso p\u00fablico com 572 vagas e sal\u00e1rio de R$ 6 mil","author":"noticiasribeiraopreto.com.br","date":"23 de May de 2024","format":false,"excerpt":"O Tribunal de Justi\u00e7a de S\u00e3o Paulo (TJ-SP) publicou o edital de um concurso com 572 vagas de escrevente t\u00e9cnico judici\u00e1rio para a Capital e outras nove Regi\u00f5es Administrativas Judici\u00e1rias (RAJs) no estado, incluindo Ribeir\u00e3o Preto. O sal\u00e1rio inicial do cargo \u00e9 de R$ 6.043,54, mais aux\u00edlios para alimenta\u00e7\u00e3o, sa\u00fade\u2026","rel":"","context":"In &quot;Not\u00edcias de Ribeir\u00e3o Preto-SP e Regi\u00e3o&quot;","block_context":{"text":"Not\u00edcias de Ribeir\u00e3o Preto-SP e Regi\u00e3o","link":"https:\/\/noticiasribeiraopreto.com.br\/index.php\/category\/noticias-de-ribeirao-preto-sp-e-regiao-ismael-colosi\/"},"img":{"alt_text":"","src":"https:\/\/i0.wp.com\/noticiasribeiraopreto.com.br\/wp-content\/uploads\/2024\/04\/AnyConv.com__concurso-publico-4.webp.webp?fit=1200%2C800&ssl=1&resize=350%2C200","width":350,"height":200,"srcset":"https:\/\/i0.wp.com\/noticiasribeiraopreto.com.br\/wp-content\/uploads\/2024\/04\/AnyConv.com__concurso-publico-4.webp.webp?fit=1200%2C800&ssl=1&resize=350%2C200 1x, https:\/\/i0.wp.com\/noticiasribeiraopreto.com.br\/wp-content\/uploads\/2024\/04\/AnyConv.com__concurso-publico-4.webp.webp?fit=1200%2C800&ssl=1&resize=525%2C300 1.5x, https:\/\/i0.wp.com\/noticiasribeiraopreto.com.br\/wp-content\/uploads\/2024\/04\/AnyConv.com__concurso-publico-4.webp.webp?fit=1200%2C800&ssl=1&resize=700%2C400 2x, https:\/\/i0.wp.com\/noticiasribeiraopreto.com.br\/wp-content\/uploads\/2024\/04\/AnyConv.com__concurso-publico-4.webp.webp?fit=1200%2C800&ssl=1&resize=1050%2C600 3x"},"classes":[]},{"id":45782,"url":"https:\/\/noticiasribeiraopreto.com.br\/index.php\/2024\/04\/07\/veja-quatro-concursos-publicos-com-as-inscricoes-abertas-no-interior-de-sp\/","url_meta":{"origin":75651,"position":3},"title":"Veja quatro concursos p\u00fablicos com as inscri\u00e7\u00f5es abertas no interior de SP","author":"noticiasribeiraopreto.com.br","date":"7 de April de 2024","format":false,"excerpt":"Para quem est\u00e1 em busca de uma oportunidade de emprego no servi\u00e7o p\u00fablico, o acidade on Ribeir\u00e3o separou quatro concursos p\u00fablicos com as inscri\u00e7\u00f5es abertas no interior de S\u00e3o Paulo. S\u00e3o mais de 400 vagas e sal\u00e1rios de at\u00e9 R$ 8 mil. Prefeitura de Ribeir\u00e3o Preto A Prefeitura de Ribeir\u00e3o\u2026","rel":"","context":"In &quot;Not\u00edcias de Ribeir\u00e3o Preto-SP e Regi\u00e3o&quot;","block_context":{"text":"Not\u00edcias de Ribeir\u00e3o Preto-SP e Regi\u00e3o","link":"https:\/\/noticiasribeiraopreto.com.br\/index.php\/category\/noticias-de-ribeirao-preto-sp-e-regiao-ismael-colosi\/"},"img":{"alt_text":"","src":"https:\/\/i0.wp.com\/noticiasribeiraopreto.com.br\/wp-content\/uploads\/2024\/04\/prova-concurso-publico-2.jpg?fit=1200%2C801&ssl=1&resize=350%2C200","width":350,"height":200,"srcset":"https:\/\/i0.wp.com\/noticiasribeiraopreto.com.br\/wp-content\/uploads\/2024\/04\/prova-concurso-publico-2.jpg?fit=1200%2C801&ssl=1&resize=350%2C200 1x, https:\/\/i0.wp.com\/noticiasribeiraopreto.com.br\/wp-content\/uploads\/2024\/04\/prova-concurso-publico-2.jpg?fit=1200%2C801&ssl=1&resize=525%2C300 1.5x, https:\/\/i0.wp.com\/noticiasribeiraopreto.com.br\/wp-content\/uploads\/2024\/04\/prova-concurso-publico-2.jpg?fit=1200%2C801&ssl=1&resize=700%2C400 2x, https:\/\/i0.wp.com\/noticiasribeiraopreto.com.br\/wp-content\/uploads\/2024\/04\/prova-concurso-publico-2.jpg?fit=1200%2C801&ssl=1&resize=1050%2C600 3x"},"classes":[]},{"id":23719,"url":"https:\/\/noticiasribeiraopreto.com.br\/index.php\/2024\/01\/02\/estao-abertas-inscricoes-para-concurso-publico-em-rp\/","url_meta":{"origin":75651,"position":4},"title":"Est\u00e3o abertas inscri\u00e7\u00f5es para concurso p\u00fablico em RP","author":"noticiasribeiraopreto.com.br","date":"2 de January de 2024","format":false,"excerpt":"Destaque Empregos e Est\u00e1gios 2 de janeiro de 2024 | 17:282 de janeiro de 2024 | 17:29 0A prefeitura de Ribeir\u00e3o Preto, por meio da Secretaria Municipal da Administra\u00e7\u00e3o, publicou, no Di\u00e1rio Oficial do Munic\u00edpio de sexta-feira, 22 de dezembro, o Edital n\u00ba06\/2023 para a realiza\u00e7\u00e3o de um novo concurso\u2026","rel":"","context":"In &quot;Not\u00edcias de Ribeir\u00e3o Preto-SP e Regi\u00e3o&quot;","block_context":{"text":"Not\u00edcias de Ribeir\u00e3o Preto-SP e Regi\u00e3o","link":"https:\/\/noticiasribeiraopreto.com.br\/index.php\/category\/noticias-de-ribeirao-preto-sp-e-regiao-ismael-colosi\/"},"img":{"alt_text":"","src":"https:\/\/i0.wp.com\/noticiasribeiraopreto.com.br\/wp-content\/uploads\/2024\/01\/concurso1-scaled.jpeg?fit=968%2C645&ssl=1&resize=350%2C200","width":350,"height":200,"srcset":"https:\/\/i0.wp.com\/noticiasribeiraopreto.com.br\/wp-content\/uploads\/2024\/01\/concurso1-scaled.jpeg?fit=968%2C645&ssl=1&resize=350%2C200 1x, https:\/\/i0.wp.com\/noticiasribeiraopreto.com.br\/wp-content\/uploads\/2024\/01\/concurso1-scaled.jpeg?fit=968%2C645&ssl=1&resize=525%2C300 1.5x, https:\/\/i0.wp.com\/noticiasribeiraopreto.com.br\/wp-content\/uploads\/2024\/01\/concurso1-scaled.jpeg?fit=968%2C645&ssl=1&resize=700%2C400 2x"},"classes":[]},{"id":62208,"url":"https:\/\/noticiasribeiraopreto.com.br\/index.php\/2025\/01\/07\/veja-quatro-concursos-publicos-com-mais-de-500-vagas-no-estado-de-sp\/","url_meta":{"origin":75651,"position":5},"title":"Veja quatro concursos p\u00fablicos com mais de 500 vagas no estado de SP","author":"noticiasribeiraopreto.com.br","date":"7 de January de 2025","format":false,"excerpt":"2025 come\u00e7ou com diversas oportunidades em concursos p\u00fablicos no estado de S\u00e3o Paulo. O acidade on Ribeir\u00e3o separou quatro concursos com mais de 500 vagas de n\u00edvel fundamental, m\u00e9dio, t\u00e9cnico e superior. TJ-SP \u2013 274 vagas O TJ-SP (Tribunal de Justi\u00e7a de S\u00e3o Paulo) tem dois concursos p\u00fablicos abertos com\u2026","rel":"","context":"In &quot;Not\u00edcias de Ribeir\u00e3o Preto-SP e Regi\u00e3o&quot;","block_context":{"text":"Not\u00edcias de Ribeir\u00e3o Preto-SP e Regi\u00e3o","link":"https:\/\/noticiasribeiraopreto.com.br\/index.php\/category\/noticias-de-ribeirao-preto-sp-e-regiao-ismael-colosi\/"},"img":{"alt_text":"","src":"https:\/\/i0.wp.com\/noticiasribeiraopreto.com.br\/wp-content\/uploads\/2025\/01\/concurso_2025-01-07_18-14-44_jpg_2025-01-07_18-14-45.webp.webp?fit=1200%2C800&ssl=1&resize=350%2C200","width":350,"height":200,"srcset":"https:\/\/i0.wp.com\/noticiasribeiraopreto.com.br\/wp-content\/uploads\/2025\/01\/concurso_2025-01-07_18-14-44_jpg_2025-01-07_18-14-45.webp.webp?fit=1200%2C800&ssl=1&resize=350%2C200 1x, https:\/\/i0.wp.com\/noticiasribeiraopreto.com.br\/wp-content\/uploads\/2025\/01\/concurso_2025-01-07_18-14-44_jpg_2025-01-07_18-14-45.webp.webp?fit=1200%2C800&ssl=1&resize=525%2C300 1.5x, https:\/\/i0.wp.com\/noticiasribeiraopreto.com.br\/wp-content\/uploads\/2025\/01\/concurso_2025-01-07_18-14-44_jpg_2025-01-07_18-14-45.webp.webp?fit=1200%2C800&ssl=1&resize=700%2C400 2x, https:\/\/i0.wp.com\/noticiasribeiraopreto.com.br\/wp-content\/uploads\/2025\/01\/concurso_2025-01-07_18-14-44_jpg_2025-01-07_18-14-45.webp.webp?fit=1200%2C800&ssl=1&resize=1050%2C600 3x"},"classes":[]}],"jetpack_sharing_enabled":true,"jetpack_shortlink":"https:\/\/wp.me\/peQAOb-jGb","_links":{"self":[{"href":"https:\/\/noticiasribeiraopreto.com.br\/index.php\/wp-json\/wp\/v2\/posts\/75651","targetHints":{"allow":["GET"]}}],"collection":[{"href":"https:\/\/noticiasribeiraopreto.com.br\/index.php\/wp-json\/wp\/v2\/posts"}],"about":[{"href":"https:\/\/noticiasribeiraopreto.com.br\/index.php\/wp-json\/wp\/v2\/types\/post"}],"author":[{"embeddable":true,"href":"https:\/\/noticiasribeiraopreto.com.br\/index.php\/wp-json\/wp\/v2\/users\/1"}],"replies":[{"embeddable":true,"href":"https:\/\/noticiasribeiraopreto.com.br\/index.php\/wp-json\/wp\/v2\/comments?post=75651"}],"version-history":[{"count":0,"href":"https:\/\/noticiasribeiraopreto.com.br\/index.php\/wp-json\/wp\/v2\/posts\/75651\/revisions"}],"wp:featuredmedia":[{"embeddable":true,"href":"https:\/\/noticiasribeiraopreto.com.br\/index.php\/wp-json\/wp\/v2\/media\/75652"}],"wp:attachment":[{"href":"https:\/\/noticiasribeiraopreto.com.br\/index.php\/wp-json\/wp\/v2\/media?parent=75651"}],"wp:term":[{"taxonomy":"category","embeddable":true,"href":"https:\/\/noticiasribeiraopreto.com.br\/index.php\/wp-json\/wp\/v2\/categories?post=75651"},{"taxonomy":"post_tag","embeddable":true,"href":"https:\/\/noticiasribeiraopreto.com.br\/index.php\/wp-json\/wp\/v2\/tags?post=75651"}],"curies":[{"name":"wp","href":"https:\/\/api.w.org\/{rel}","templated":true}]}}