{"id":75655,"date":"2025-08-13T13:18:01","date_gmt":"2025-08-13T16:18:01","guid":{"rendered":"https:\/\/noticiasribeiraopreto.com.br\/index.php\/2025\/08\/13\/ribeirao-preto-recebe-espetaculo-de-danca-gratuito-saiba-como-garantir-seu-ingresso\/"},"modified":"2025-08-13T13:18:01","modified_gmt":"2025-08-13T16:18:01","slug":"ribeirao-preto-recebe-espetaculo-de-danca-gratuito-saiba-como-garantir-seu-ingresso","status":"publish","type":"post","link":"https:\/\/noticiasribeiraopreto.com.br\/index.php\/2025\/08\/13\/ribeirao-preto-recebe-espetaculo-de-danca-gratuito-saiba-como-garantir-seu-ingresso\/","title":{"rendered":"Ribeir\u00e3o Preto recebe espet\u00e1culo de dan\u00e7a gratuito; saiba como garantir seu ingresso"},"content":{"rendered":"<div class='code-block code-block-1' style='margin: 8px 0 8px auto; text-align: right; display: block; clear: both;'>\n<p><a href=\"https:\/\/wa.link\/vpicfd\"><img data-recalc-dims=\"1\" class=\"wp-image-4922\" style=\"aspect-ratio: 2.0253164556962027; width: 561px; height: auto;\" src=\"https:\/\/i0.wp.com\/ismaelcolosi.com.br\/wp-content\/uploads\/2023\/11\/grupo-de-empregos-whatsapp-e-facebook-ismael-colosi-vagas.jpg?ssl=1\" alt=\"\" \/><\/a><\/p>\n<!-- \/wp:image -->\n<\/div>\n<p> <br \/>\n<\/p>\n<div>\n<p>A <strong>Companhia Cisne Negro<\/strong>, uma das principais companhias de dan\u00e7a do Pa\u00eds, apresenta neste fim de semana, no <strong>Centro Cultural Sesi Ribeir\u00e3o Preto<\/strong>, um espet\u00e1culo gratuito de dan\u00e7a contempor\u00e2nea inspirado na m\u00fasica \u201c<strong>Que tal o imposs\u00edvel?<\/strong>\u201d, de <strong>Itamar Assump\u00e7\u00e3o<\/strong>. A companhia ainda oferece uma <strong>oficina de dan\u00e7a<\/strong> <strong>gratuita<\/strong>.<\/p>\n<p>As exibi\u00e7\u00f5es, de <strong>classifica\u00e7\u00e3o livre<\/strong>, acontecem na <strong>sexta (15) <\/strong>e <strong>s\u00e1bado (16)<\/strong>, \u00e0s <strong>20h<\/strong>, e no <strong>domingo (17)<\/strong>, \u00e0s <strong>19h<\/strong>. Para participar, basta reservar ingresso gratuito no site\u00a0<a href=\"https:\/\/click.cse360.com.br\/Click\/AddCampaignEmailClick\/bec38bab-a424-4888-d8a9-08ddd91936c7\/https%253a%252f%252fwww.sesisp.org.br%252fevento%252f7693b07a-c42a-4ff8-8134-b404d51f91bd%252fque-tal-o-impossivel\/58ff2775-1ad7-46e9-92d6-4522abcb9284\/jornalismo.ribeirao@acidadeon.com\/True\" target=\"_blank\" rel=\"noreferrer noopener\"><strong>Meu Sesi<\/strong><\/a>.<\/p>\n<p>A apresenta\u00e7\u00e3o convida o p\u00fablico a despertar emo\u00e7\u00f5es profundas e foca na pergunta \u201cQue tal se n\u00f3s dois viv\u00eassemos, do jeito que n\u00f3s quis\u00e9ssemos?\u201d, levantada na can\u00e7\u00e3o do cantor brasileiro.<\/p>\n<h2 class=\"wp-block-heading\"><strong>Oficina de dan\u00e7a<\/strong><\/h2>\n<p>No <strong>s\u00e1bado (16)<\/strong>, a companhia <strong>Cisne Negro<\/strong> tamb\u00e9m vai oferecer uma <strong>oficina gratuita de dan\u00e7as de bal\u00e9 africano<\/strong>, com express\u00f5es corporais tradicionais das aldeias e dos bal\u00e9s nacionais da <strong>Rep\u00fablica da Guin\u00e9<\/strong>.<\/p>\n<p>A atividade \u00e9 recomendada para <strong>maiores de 16 anos<\/strong> e as vagas s\u00e3o limitadas, sendo necess\u00e1rio reservar antecipadamente no\u00a0<a href=\"https:\/\/click.cse360.com.br\/Click\/AddCampaignEmailClick\/bec38bab-a424-4888-d8a9-08ddd91936c7\/https%253a%252f%252fwww.sesisp.org.br%252fevento%252fc56319b7-d8ee-4cca-b0fb-e8b63e33e064%252fdancas-de-bale-africano\/58ff2775-1ad7-46e9-92d6-4522abcb9284\/jornalismo.ribeirao@acidadeon.com\/True\" target=\"_blank\" rel=\"noreferrer noopener\"><strong>Meu Sesi<\/strong><\/a>.\u00a0<\/p>\n<p>SAIBA MAIS<br \/>Bar de Ribeir\u00e3o Preto movimentou R$ 4 milh\u00f5es do tr\u00e1fico, diz pol\u00edcia<\/p>\n<h3 class=\"wp-block-heading\"><strong>FIQUE ON\u00a0\u00a0\u00a0\u00a0\u00a0\u00a0\u00a0\u00a0\u00a0<\/strong><\/h3>\n<p>Quer ficar por dentro de tudo que acontece em Ribeir\u00e3o Preto e regi\u00e3o? Ent\u00e3o siga os perfis do\u202facidade on\u202fno\u202f<a href=\"https:\/\/www.instagram.com\/acidadeonribeirao\" target=\"_blank\" rel=\"noreferrer noopener\">Instagram<\/a>\u202fe no\u202f<a href=\"https:\/\/www.facebook.com\/acidadeonribeirao\/\" target=\"_blank\" rel=\"noreferrer noopener\">Facebook<\/a>.<\/p>\n<p>Al\u00e9m disso, voc\u00ea pode receber as principais not\u00edcias diretamente no WhatsApp. Para isso, basta\u00a0<a href=\"https:\/\/chat.whatsapp.com\/BjKQZ9oJwlz8VVT50NuePq\" target=\"_blank\" rel=\"noreferrer noopener\">entrar no grupo clicando aqui<\/a>.<\/p>\n<p>Por fim, se quiser fazer uma den\u00fancia ou sugerir uma reportagem sobre Ribeir\u00e3o Preto e regi\u00e3o, envie uma mensagem pelo WhatsApp: (16) 99117-7802.<\/p>\n<p>VEJA TAMB\u00c9M<br \/>O que dizem as den\u00fancias dos vizinhos de Hytalo Santos?<\/p>\n<p><!-- AI CONTENT END 1 -->\n<\/div>\n<p><script async src=\"\/\/www.instagram.com\/embed.js\"><\/script><br \/>\n<br \/><br \/>\n<br \/><a href=\"https:\/\/www.acidadeon.com\/ribeiraopreto\/lazer-e-cultura\/ribeirao-preto-recebe-espetaculo-de-danca-gratuito-saiba-como-garantir-seu-ingresso\/\">Source link <\/a><\/p>\n<!-- CONTENT END 1 -->\n","protected":false},"excerpt":{"rendered":"<p>A Companhia Cisne Negro, uma das principais companhias de dan\u00e7a do Pa\u00eds, apresenta neste fim de semana, no Centro Cultural Sesi Ribeir\u00e3o Preto, um espet\u00e1culo&#8230;<\/p>\n","protected":false},"author":1,"featured_media":75656,"comment_status":"open","ping_status":"open","sticky":false,"template":"","format":"standard","meta":{"advanced_seo_description":"","jetpack_seo_html_title":"","jetpack_seo_noindex":false,"jetpack_post_was_ever_published":false,"_jetpack_newsletter_access":"","_jetpack_dont_email_post_to_subs":false,"_jetpack_newsletter_tier_id":0,"_jetpack_memberships_contains_paywalled_content":false,"_jetpack_memberships_contains_paid_content":false,"footnotes":"","jetpack_publicize_message":"","jetpack_publicize_feature_enabled":true,"jetpack_social_post_already_shared":true,"jetpack_social_options":{"image_generator_settings":{"template":"highway","default_image_id":0,"font":"","enabled":false},"version":2}},"categories":[11],"tags":[],"class_list":["post-75655","post","type-post","status-publish","format-standard","has-post-thumbnail","hentry","category-noticias-de-ribeirao-preto-sp-e-regiao-ismael-colosi"],"jetpack_publicize_connections":[],"jetpack_featured_media_url":"https:\/\/i0.wp.com\/noticiasribeiraopreto.com.br\/wp-content\/uploads\/2025\/08\/WhatsApp-Image-2025-08-13-at-10.56.18_2025-08-13_14-15-01.webp.webp?fit=1200%2C799&ssl=1","jetpack-related-posts":[{"id":60316,"url":"https:\/\/noticiasribeiraopreto.com.br\/index.php\/2024\/11\/11\/sesi-ribeirao-preto-recebe-espetaculo-de-danca-com-entrada-gratuita\/","url_meta":{"origin":75655,"position":0},"title":"Sesi Ribeir\u00e3o Preto recebe espet\u00e1culo de dan\u00e7a com entrada gratuita","author":"noticiasribeiraopreto.com.br","date":"11 de November de 2024","format":false,"excerpt":"O Centro Cultural Sesi Ribeir\u00e3o Preto recebe, entre os dias 15 e 17 de novembro, o espet\u00e1culo Ou 9 ou 80, que utiliza o passinho e o funk para narrar as hist\u00f3rias de dois crimes que marcaram o Rio de Janeiro e S\u00e3o Paulo. A entrada \u00e9 gratuita e aberta\u2026","rel":"","context":"In &quot;Not\u00edcias de Ribeir\u00e3o Preto-SP e Regi\u00e3o&quot;","block_context":{"text":"Not\u00edcias de Ribeir\u00e3o Preto-SP e Regi\u00e3o","link":"https:\/\/noticiasribeiraopreto.com.br\/index.php\/category\/noticias-de-ribeirao-preto-sp-e-regiao-ismael-colosi\/"},"img":{"alt_text":"","src":"https:\/\/i0.wp.com\/noticiasribeiraopreto.com.br\/wp-content\/uploads\/2024\/11\/c80697f7-971e-42ca-affe-a6d1553c27c6_2024-11-11_13-41-57_png_2024-11-11_13-41-57.webp.webp?fit=1066%2C600&ssl=1&resize=350%2C200","width":350,"height":200,"srcset":"https:\/\/i0.wp.com\/noticiasribeiraopreto.com.br\/wp-content\/uploads\/2024\/11\/c80697f7-971e-42ca-affe-a6d1553c27c6_2024-11-11_13-41-57_png_2024-11-11_13-41-57.webp.webp?fit=1066%2C600&ssl=1&resize=350%2C200 1x, https:\/\/i0.wp.com\/noticiasribeiraopreto.com.br\/wp-content\/uploads\/2024\/11\/c80697f7-971e-42ca-affe-a6d1553c27c6_2024-11-11_13-41-57_png_2024-11-11_13-41-57.webp.webp?fit=1066%2C600&ssl=1&resize=525%2C300 1.5x, https:\/\/i0.wp.com\/noticiasribeiraopreto.com.br\/wp-content\/uploads\/2024\/11\/c80697f7-971e-42ca-affe-a6d1553c27c6_2024-11-11_13-41-57_png_2024-11-11_13-41-57.webp.webp?fit=1066%2C600&ssl=1&resize=700%2C400 2x, https:\/\/i0.wp.com\/noticiasribeiraopreto.com.br\/wp-content\/uploads\/2024\/11\/c80697f7-971e-42ca-affe-a6d1553c27c6_2024-11-11_13-41-57_png_2024-11-11_13-41-57.webp.webp?fit=1066%2C600&ssl=1&resize=1050%2C600 3x"},"classes":[]},{"id":72378,"url":"https:\/\/noticiasribeiraopreto.com.br\/index.php\/2025\/06\/16\/companhia-de-danca-debora-colker-chega-a-ribeirao-preto-veja-quando\/","url_meta":{"origin":75655,"position":1},"title":"Companhia de dan\u00e7a Debora Colker chega a Ribeir\u00e3o Preto; veja quando","author":"noticiasribeiraopreto.com.br","date":"16 de June de 2025","format":false,"excerpt":"A companhia de dan\u00e7a Debora Colker traz para o palco do Theatro Pedro II, em Ribeir\u00e3o Preto, a apresenta\u00e7\u00e3o de \u201cSagra\u00e7\u00e3o\u201d, um espet\u00e1culo de dan\u00e7a sobre a origem do mundo a partir de vis\u00f5es ancestrais. Sess\u00f5es acontecem dias 21 e 22 de junho, \u00e0s 20h e 19h, respectivamente. Estreado em\u2026","rel":"","context":"In &quot;Not\u00edcias de Ribeir\u00e3o Preto-SP e Regi\u00e3o&quot;","block_context":{"text":"Not\u00edcias de Ribeir\u00e3o Preto-SP e Regi\u00e3o","link":"https:\/\/noticiasribeiraopreto.com.br\/index.php\/category\/noticias-de-ribeirao-preto-sp-e-regiao-ismael-colosi\/"},"img":{"alt_text":"","src":"https:\/\/i0.wp.com\/noticiasribeiraopreto.com.br\/wp-content\/uploads\/2025\/06\/Fts_Sagracao_Flavio-Colker_2_2025-06-16_13-00-03.webp.webp?fit=1200%2C735&ssl=1&resize=350%2C200","width":350,"height":200,"srcset":"https:\/\/i0.wp.com\/noticiasribeiraopreto.com.br\/wp-content\/uploads\/2025\/06\/Fts_Sagracao_Flavio-Colker_2_2025-06-16_13-00-03.webp.webp?fit=1200%2C735&ssl=1&resize=350%2C200 1x, https:\/\/i0.wp.com\/noticiasribeiraopreto.com.br\/wp-content\/uploads\/2025\/06\/Fts_Sagracao_Flavio-Colker_2_2025-06-16_13-00-03.webp.webp?fit=1200%2C735&ssl=1&resize=525%2C300 1.5x, https:\/\/i0.wp.com\/noticiasribeiraopreto.com.br\/wp-content\/uploads\/2025\/06\/Fts_Sagracao_Flavio-Colker_2_2025-06-16_13-00-03.webp.webp?fit=1200%2C735&ssl=1&resize=700%2C400 2x, https:\/\/i0.wp.com\/noticiasribeiraopreto.com.br\/wp-content\/uploads\/2025\/06\/Fts_Sagracao_Flavio-Colker_2_2025-06-16_13-00-03.webp.webp?fit=1200%2C735&ssl=1&resize=1050%2C600 3x"},"classes":[]},{"id":75595,"url":"https:\/\/noticiasribeiraopreto.com.br\/index.php\/2025\/08\/12\/ribeirao-preto-recebe-espetaculo-de-danca-sobre-a-imigracao-japonesa\/","url_meta":{"origin":75655,"position":2},"title":"Ribeir\u00e3o Preto recebe espet\u00e1culo de dan\u00e7a sobre a imigra\u00e7\u00e3o japonesa","author":"noticiasribeiraopreto.com.br","date":"12 de August de 2025","format":false,"excerpt":"O Teatro Municipal de Ribeir\u00e3o Preto recebe neste domingo (17), \u00e0s 18h, o espet\u00e1culo de dan\u00e7a \u201cArigat\u00f4\u2026 Sayonara\u201d, que narra a historia da imigra\u00e7\u00e3o japonesa no Brasil. Al\u00e9m disso, tamb\u00e9m acontece uma oficina de dan\u00e7a contempor\u00e2nea gratuita ministrada pelo grupo. O espet\u00e1culo \u00e9 inspirado na linhagem familiar da diretora art\u00edstica\u2026","rel":"","context":"In &quot;Not\u00edcias de Ribeir\u00e3o Preto-SP e Regi\u00e3o&quot;","block_context":{"text":"Not\u00edcias de Ribeir\u00e3o Preto-SP e Regi\u00e3o","link":"https:\/\/noticiasribeiraopreto.com.br\/index.php\/category\/noticias-de-ribeirao-preto-sp-e-regiao-ismael-colosi\/"},"img":{"alt_text":"","src":"https:\/\/i0.wp.com\/noticiasribeiraopreto.com.br\/wp-content\/uploads\/2025\/08\/Arigato-Sayonara-de-Erika-Novachi-Foto-Juliana-Hilal-_2025-08-12_14-50-23.webp.webp?fit=1200%2C800&ssl=1&resize=350%2C200","width":350,"height":200,"srcset":"https:\/\/i0.wp.com\/noticiasribeiraopreto.com.br\/wp-content\/uploads\/2025\/08\/Arigato-Sayonara-de-Erika-Novachi-Foto-Juliana-Hilal-_2025-08-12_14-50-23.webp.webp?fit=1200%2C800&ssl=1&resize=350%2C200 1x, https:\/\/i0.wp.com\/noticiasribeiraopreto.com.br\/wp-content\/uploads\/2025\/08\/Arigato-Sayonara-de-Erika-Novachi-Foto-Juliana-Hilal-_2025-08-12_14-50-23.webp.webp?fit=1200%2C800&ssl=1&resize=525%2C300 1.5x, https:\/\/i0.wp.com\/noticiasribeiraopreto.com.br\/wp-content\/uploads\/2025\/08\/Arigato-Sayonara-de-Erika-Novachi-Foto-Juliana-Hilal-_2025-08-12_14-50-23.webp.webp?fit=1200%2C800&ssl=1&resize=700%2C400 2x, https:\/\/i0.wp.com\/noticiasribeiraopreto.com.br\/wp-content\/uploads\/2025\/08\/Arigato-Sayonara-de-Erika-Novachi-Foto-Juliana-Hilal-_2025-08-12_14-50-23.webp.webp?fit=1200%2C800&ssl=1&resize=1050%2C600 3x"},"classes":[]},{"id":56535,"url":"https:\/\/noticiasribeiraopreto.com.br\/index.php\/2024\/08\/14\/sesi-ribeirao-preto-tem-espetaculo-de-sapateado-gratuito-confira\/","url_meta":{"origin":75655,"position":3},"title":"Sesi Ribeir\u00e3o Preto tem espet\u00e1culo de sapateado gratuito; Confira","author":"noticiasribeiraopreto.com.br","date":"14 de August de 2024","format":false,"excerpt":"O Centro Cultural Sesi Ribeir\u00e3o Preto receber\u00e1 uma temporada gratuita do espet\u00e1culo de sapateado \u201cEu s\u00f3 dan\u00e7arei com voc\u00ea\u201d, apresentado pela Cia. P\u00e9 na T\u00e1bua. O espet\u00e1culo traz a proposta de que todos podem contar hist\u00f3rias atrav\u00e9s dos gestos e sons com o pr\u00f3prio corpo. Al\u00e9m de convidar o p\u00fablico\u2026","rel":"","context":"In &quot;Not\u00edcias de Ribeir\u00e3o Preto-SP e Regi\u00e3o&quot;","block_context":{"text":"Not\u00edcias de Ribeir\u00e3o Preto-SP e Regi\u00e3o","link":"https:\/\/noticiasribeiraopreto.com.br\/index.php\/category\/noticias-de-ribeirao-preto-sp-e-regiao-ismael-colosi\/"},"img":{"alt_text":"","src":"https:\/\/i0.wp.com\/noticiasribeiraopreto.com.br\/wp-content\/uploads\/2024\/08\/b645a86f-2604-415c-a5c4-a99e537e15d0_2024-08-14_16-19-51_png_2024-08-14_16-19-52.webp.webp?fit=1066%2C600&ssl=1&resize=350%2C200","width":350,"height":200,"srcset":"https:\/\/i0.wp.com\/noticiasribeiraopreto.com.br\/wp-content\/uploads\/2024\/08\/b645a86f-2604-415c-a5c4-a99e537e15d0_2024-08-14_16-19-51_png_2024-08-14_16-19-52.webp.webp?fit=1066%2C600&ssl=1&resize=350%2C200 1x, https:\/\/i0.wp.com\/noticiasribeiraopreto.com.br\/wp-content\/uploads\/2024\/08\/b645a86f-2604-415c-a5c4-a99e537e15d0_2024-08-14_16-19-51_png_2024-08-14_16-19-52.webp.webp?fit=1066%2C600&ssl=1&resize=525%2C300 1.5x, https:\/\/i0.wp.com\/noticiasribeiraopreto.com.br\/wp-content\/uploads\/2024\/08\/b645a86f-2604-415c-a5c4-a99e537e15d0_2024-08-14_16-19-51_png_2024-08-14_16-19-52.webp.webp?fit=1066%2C600&ssl=1&resize=700%2C400 2x, https:\/\/i0.wp.com\/noticiasribeiraopreto.com.br\/wp-content\/uploads\/2024\/08\/b645a86f-2604-415c-a5c4-a99e537e15d0_2024-08-14_16-19-51_png_2024-08-14_16-19-52.webp.webp?fit=1066%2C600&ssl=1&resize=1050%2C600 3x"},"classes":[]},{"id":57781,"url":"https:\/\/noticiasribeiraopreto.com.br\/index.php\/2024\/09\/10\/quer-virar-bailarino-companhia-abre-inscricoes-para-contratacao-em-ribeirao-preto\/","url_meta":{"origin":75655,"position":4},"title":"Quer virar bailarino? Companhia abre inscri\u00e7\u00f5es para contrata\u00e7\u00e3o em Ribeir\u00e3o Preto","author":"noticiasribeiraopreto.com.br","date":"10 de September de 2024","format":false,"excerpt":"A Cia. Usina da Dan\u00e7a est\u00e1 com oportunidades para quem deseja se tornar bailarino profissional. A companhia oferece vagas em Ribeir\u00e3o Preto, com conte\u00fados espec\u00edficos do Bal\u00e9 Cl\u00e1ssico e da Dan\u00e7a Contempor\u00e2nea. Inscri\u00e7\u00f5es devem ser feitas at\u00e9 dia 20 de setembro. A remunera\u00e7\u00e3o por participa\u00e7\u00e3o no projeto \u00e9 de R$\u2026","rel":"","context":"In &quot;Not\u00edcias de Ribeir\u00e3o Preto-SP e Regi\u00e3o&quot;","block_context":{"text":"Not\u00edcias de Ribeir\u00e3o Preto-SP e Regi\u00e3o","link":"https:\/\/noticiasribeiraopreto.com.br\/index.php\/category\/noticias-de-ribeirao-preto-sp-e-regiao-ismael-colosi\/"},"img":{"alt_text":"","src":"https:\/\/i0.wp.com\/noticiasribeiraopreto.com.br\/wp-content\/uploads\/2024\/09\/danca-contemporanea_2024-09-10_15-16-35_jpg_2024-09-10_15-16-35.webp.webp?fit=600%2C419&ssl=1&resize=350%2C200","width":350,"height":200,"srcset":"https:\/\/i0.wp.com\/noticiasribeiraopreto.com.br\/wp-content\/uploads\/2024\/09\/danca-contemporanea_2024-09-10_15-16-35_jpg_2024-09-10_15-16-35.webp.webp?fit=600%2C419&ssl=1&resize=350%2C200 1x, https:\/\/i0.wp.com\/noticiasribeiraopreto.com.br\/wp-content\/uploads\/2024\/09\/danca-contemporanea_2024-09-10_15-16-35_jpg_2024-09-10_15-16-35.webp.webp?fit=600%2C419&ssl=1&resize=525%2C300 1.5x"},"classes":[]},{"id":79474,"url":"https:\/\/noticiasribeiraopreto.com.br\/index.php\/2025\/11\/02\/espetaculo-originario-traz-danca-ancestralidade-e-reflexao-a-rp\/","url_meta":{"origin":75655,"position":5},"title":"Espet\u00e1culo \u201cOrigin\u00e1rio\u201d traz dan\u00e7a, ancestralidade e reflex\u00e3o a RP","author":"noticiasribeiraopreto.com.br","date":"2 de November de 2025","format":false,"excerpt":"2 de novembro de 2025 12:001 de novembro de 2025 14:5413 Compartilhar0 Entre os dias 10 e 16 de novembro, Ribeir\u00e3o Preto recebe o espet\u00e1culo \u201cOrigin\u00e1rio\u201d, solo de dan\u00e7a do artista Lu\u00eds Silva, que prop\u00f5e uma imers\u00e3o em temas como ancestralidade, mem\u00f3ria e identidade. As apresenta\u00e7\u00f5es acontecem em escolas e\u2026","rel":"","context":"In &quot;Not\u00edcias de Ribeir\u00e3o Preto-SP e Regi\u00e3o&quot;","block_context":{"text":"Not\u00edcias de Ribeir\u00e3o Preto-SP e Regi\u00e3o","link":"https:\/\/noticiasribeiraopreto.com.br\/index.php\/category\/noticias-de-ribeirao-preto-sp-e-regiao-ismael-colosi\/"},"img":{"alt_text":"","src":"https:\/\/i0.wp.com\/noticiasribeiraopreto.com.br\/wp-content\/uploads\/2025\/11\/1-originario-Foto-Ana-Leopoldino-1-scaled.jpg?fit=1170%2C780&ssl=1&resize=350%2C200","width":350,"height":200,"srcset":"https:\/\/i0.wp.com\/noticiasribeiraopreto.com.br\/wp-content\/uploads\/2025\/11\/1-originario-Foto-Ana-Leopoldino-1-scaled.jpg?fit=1170%2C780&ssl=1&resize=350%2C200 1x, https:\/\/i0.wp.com\/noticiasribeiraopreto.com.br\/wp-content\/uploads\/2025\/11\/1-originario-Foto-Ana-Leopoldino-1-scaled.jpg?fit=1170%2C780&ssl=1&resize=525%2C300 1.5x, https:\/\/i0.wp.com\/noticiasribeiraopreto.com.br\/wp-content\/uploads\/2025\/11\/1-originario-Foto-Ana-Leopoldino-1-scaled.jpg?fit=1170%2C780&ssl=1&resize=700%2C400 2x, https:\/\/i0.wp.com\/noticiasribeiraopreto.com.br\/wp-content\/uploads\/2025\/11\/1-originario-Foto-Ana-Leopoldino-1-scaled.jpg?fit=1170%2C780&ssl=1&resize=1050%2C600 3x"},"classes":[]}],"jetpack_sharing_enabled":true,"jetpack_shortlink":"https:\/\/wp.me\/peQAOb-jGf","_links":{"self":[{"href":"https:\/\/noticiasribeiraopreto.com.br\/index.php\/wp-json\/wp\/v2\/posts\/75655","targetHints":{"allow":["GET"]}}],"collection":[{"href":"https:\/\/noticiasribeiraopreto.com.br\/index.php\/wp-json\/wp\/v2\/posts"}],"about":[{"href":"https:\/\/noticiasribeiraopreto.com.br\/index.php\/wp-json\/wp\/v2\/types\/post"}],"author":[{"embeddable":true,"href":"https:\/\/noticiasribeiraopreto.com.br\/index.php\/wp-json\/wp\/v2\/users\/1"}],"replies":[{"embeddable":true,"href":"https:\/\/noticiasribeiraopreto.com.br\/index.php\/wp-json\/wp\/v2\/comments?post=75655"}],"version-history":[{"count":0,"href":"https:\/\/noticiasribeiraopreto.com.br\/index.php\/wp-json\/wp\/v2\/posts\/75655\/revisions"}],"wp:featuredmedia":[{"embeddable":true,"href":"https:\/\/noticiasribeiraopreto.com.br\/index.php\/wp-json\/wp\/v2\/media\/75656"}],"wp:attachment":[{"href":"https:\/\/noticiasribeiraopreto.com.br\/index.php\/wp-json\/wp\/v2\/media?parent=75655"}],"wp:term":[{"taxonomy":"category","embeddable":true,"href":"https:\/\/noticiasribeiraopreto.com.br\/index.php\/wp-json\/wp\/v2\/categories?post=75655"},{"taxonomy":"post_tag","embeddable":true,"href":"https:\/\/noticiasribeiraopreto.com.br\/index.php\/wp-json\/wp\/v2\/tags?post=75655"}],"curies":[{"name":"wp","href":"https:\/\/api.w.org\/{rel}","templated":true}]}}