{"id":75657,"date":"2025-08-13T13:24:51","date_gmt":"2025-08-13T16:24:51","guid":{"rendered":"https:\/\/noticiasribeiraopreto.com.br\/index.php\/2025\/08\/13\/ribeirao-preto-recebe-mutirao-de-emprego-com-mil-vagas-veja-quando\/"},"modified":"2025-08-13T13:24:51","modified_gmt":"2025-08-13T16:24:51","slug":"ribeirao-preto-recebe-mutirao-de-emprego-com-mil-vagas-veja-quando","status":"publish","type":"post","link":"https:\/\/noticiasribeiraopreto.com.br\/index.php\/2025\/08\/13\/ribeirao-preto-recebe-mutirao-de-emprego-com-mil-vagas-veja-quando\/","title":{"rendered":"Ribeir\u00e3o Preto recebe mutir\u00e3o de emprego com mil vagas; Veja quando"},"content":{"rendered":"<div class='code-block code-block-1' style='margin: 8px 0 8px auto; text-align: right; display: block; clear: both;'>\n<p><a href=\"https:\/\/wa.link\/vpicfd\"><img data-recalc-dims=\"1\" class=\"wp-image-4922\" style=\"aspect-ratio: 2.0253164556962027; width: 561px; height: auto;\" src=\"https:\/\/i0.wp.com\/ismaelcolosi.com.br\/wp-content\/uploads\/2023\/11\/grupo-de-empregos-whatsapp-e-facebook-ismael-colosi-vagas.jpg?ssl=1\" alt=\"\" \/><\/a><\/p>\n<!-- \/wp:image -->\n<\/div>\n<p> <br \/>\n<\/p>\n<div data-td-block-uid=\"tdi_95\">\n<div class=\"tdb-block-inner td-fix-index\">\n<p><strong>Um mutir\u00e3o de emprego com aproximadamente 1 mil vagas dipon\u00edveis <strong>ser\u00e1 realizado em agosto, em Ribeir\u00e3o Preto<\/strong>.<\/strong> As <strong>oportunidades <\/strong>s\u00e3o especialmente no <strong>com\u00e9rcio varejista<\/strong>, com destaque para <strong>supermercados<\/strong>, e no <strong>setor <\/strong>de <strong>servi\u00e7os<\/strong>. <\/p>\n<p><mark style=\"background-color:#fcb900\" class=\"has-inline-color has-black-color\">A a\u00e7\u00e3o acontecer\u00e1 no s\u00e1bado (23), das 9h \u00e0s 14h, na rua Tamandar\u00e9, 163, no bairro Campos El\u00edseos, zona Norte.<\/mark><\/p>\n<p>A iniciativa \u00e9 chamada Mutir\u00e3o Emprega Varejo e integra o projeto Emprega Mais Ribeir\u00e3o.<\/p>\n<h2 class=\"wp-block-heading\"><strong>O que fazer?<\/strong><\/h2>\n<p>Os candidatos interessados nas vagas dispon\u00edveis dever\u00e3o levar o curr\u00edculo impresso, em duas vias.<\/p>\n<p>As empresas interessadas podem cadastrar gratuitamente as oportunidades de trabalho (veja os e-mails abaixo).<\/p>\n<h3 class=\"wp-block-heading\"><strong>Servi\u00e7o<\/strong><\/h3>\n<p><em>Mutir\u00e3o Emprega Varejo Ribeir\u00e3o Preto<\/em><\/p>\n<p><strong>Data:<\/strong> 23\/8 (s\u00e1bado)<br \/><strong>Hor\u00e1rio:<\/strong> das 9h \u00e0s 14h.<br \/><strong>Local:<\/strong> Rua Tamandar\u00e9, 163, Campos El\u00edseos (a 100 metros do Centro)<br \/><strong>Cadastramento gratuito de vagas:<\/strong> vagasmutiroes@sincomerciariorp.org e mutiraodoemprego@ibee.net.br<br \/><strong>Informa\u00e7\u00f5es:<\/strong> (16) 99259-7871\/Whatsapp (at\u00e9 22\/8)<\/p>\n<p>SAIBA MAIS<\/p>\n<p>Apostas do interior de S\u00e3o Paulo v\u00e3o levar pr\u00eamio na Mega-Sena<\/p>\n<h2 class=\"wp-block-heading\"><strong>FIQUE ON\u00a0\u00a0\u00a0\u00a0\u00a0\u00a0\u00a0\u00a0\u00a0<\/strong><\/h2>\n<p>Quer ficar por dentro de tudo que acontece em Ribeir\u00e3o Preto e regi\u00e3o? Ent\u00e3o siga os perfis do\u202facidade on\u202fno\u202f<a href=\"https:\/\/www.instagram.com\/acidadeonribeirao\" target=\"_blank\" rel=\"noreferrer noopener\">Instagram<\/a>\u202fe no\u202f<a href=\"https:\/\/www.facebook.com\/acidadeonribeirao\/\" target=\"_blank\" rel=\"noreferrer noopener\">Facebook<\/a>.<\/p>\n<p>Al\u00e9m disso, voc\u00ea pode receber as principais not\u00edcias diretamente no WhatsApp. Para isso, basta\u00a0<a href=\"https:\/\/chat.whatsapp.com\/BjKQZ9oJwlz8VVT50NuePq\" target=\"_blank\" rel=\"noreferrer noopener\">entrar no grupo clicando aqui<\/a>.<\/p>\n<p>Por fim, se quiser fazer uma den\u00fancia ou sugerir uma reportagem sobre Ribeir\u00e3o Preto e regi\u00e3o, envie uma mensagem pelo WhatsApp: (16) 99117-7802.<\/p>\n<p>VEJA TAMB\u00c9M<\/p>\n<p>Quando ser\u00e1 lan\u00e7ado o novo \u00e1lbum da Taylor Swift?<\/p>\n<p><!-- AI CONTENT END 1 -->\n<\/div>\n<\/div>\n<p><script async src=\"\/\/www.instagram.com\/embed.js\"><\/script><br \/>\n<br \/><br \/>\n<br \/><a href=\"https:\/\/www.acidadeon.com\/ribeiraopreto\/economia\/ribeirao-preto-recebe-mutirao-de-emprego-com-mil-vagas-veja-quando\/\">Source link <\/a><\/p>\n<!-- CONTENT END 1 -->\n","protected":false},"excerpt":{"rendered":"<p>Um mutir\u00e3o de emprego com aproximadamente 1 mil vagas dipon\u00edveis ser\u00e1 realizado em agosto, em Ribeir\u00e3o Preto. As oportunidades s\u00e3o especialmente no com\u00e9rcio varejista, com&#8230;<\/p>\n","protected":false},"author":1,"featured_media":75658,"comment_status":"open","ping_status":"open","sticky":false,"template":"","format":"standard","meta":{"advanced_seo_description":"","jetpack_seo_html_title":"","jetpack_seo_noindex":false,"jetpack_post_was_ever_published":false,"_jetpack_newsletter_access":"","_jetpack_dont_email_post_to_subs":false,"_jetpack_newsletter_tier_id":0,"_jetpack_memberships_contains_paywalled_content":false,"_jetpack_memberships_contains_paid_content":false,"footnotes":"","jetpack_publicize_message":"","jetpack_publicize_feature_enabled":true,"jetpack_social_post_already_shared":true,"jetpack_social_options":{"image_generator_settings":{"template":"highway","default_image_id":0,"font":"","enabled":false},"version":2}},"categories":[11],"tags":[],"class_list":["post-75657","post","type-post","status-publish","format-standard","has-post-thumbnail","hentry","category-noticias-de-ribeirao-preto-sp-e-regiao-ismael-colosi"],"jetpack_publicize_connections":[],"jetpack_featured_media_url":"https:\/\/i0.wp.com\/noticiasribeiraopreto.com.br\/wp-content\/uploads\/2025\/08\/MUTIRAO_2025-08-13_14-19-09.webp.webp?fit=1200%2C929&ssl=1","jetpack-related-posts":[{"id":78124,"url":"https:\/\/noticiasribeiraopreto.com.br\/index.php\/2025\/10\/02\/mutirao-do-emprego-em-ribeirao-preto-tem-quase-4-mil-vagas-veja-como-participar\/","url_meta":{"origin":75657,"position":0},"title":"Mutir\u00e3o do emprego em Ribeir\u00e3o Preto tem quase 4\u00a0 mil vagas; Veja como participar","author":"noticiasribeiraopreto.com.br","date":"2 de October de 2025","format":false,"excerpt":"A Prefeitura de Ribeir\u00e3o Preto promove neste s\u00e1bado (4) mais uma edi\u00e7\u00e3o do Mutir\u00e3o H\u00edbrido Emprega Ribeir\u00e3o, no Sesc Ribeir\u00e3o, das 9h30 \u00e0s 14h30. O mutir\u00e3o ter\u00e1 formato h\u00edbrido, combinando atendimentos presenciais e digitais. No local, 15 empresas estar\u00e3o recrutando candidatos diretamente, com 878 vagas abertas. J\u00e1 pela plataforma digital\u2026","rel":"","context":"In &quot;Not\u00edcias de Ribeir\u00e3o Preto-SP e Regi\u00e3o&quot;","block_context":{"text":"Not\u00edcias de Ribeir\u00e3o Preto-SP e Regi\u00e3o","link":"https:\/\/noticiasribeiraopreto.com.br\/index.php\/category\/noticias-de-ribeirao-preto-sp-e-regiao-ismael-colosi\/"},"img":{"alt_text":"","src":"https:\/\/i0.wp.com\/noticiasribeiraopreto.com.br\/wp-content\/uploads\/2025\/10\/mutirao-emprego_2025-10-02_14-09-24.webp.webp?fit=1200%2C800&ssl=1&resize=350%2C200","width":350,"height":200,"srcset":"https:\/\/i0.wp.com\/noticiasribeiraopreto.com.br\/wp-content\/uploads\/2025\/10\/mutirao-emprego_2025-10-02_14-09-24.webp.webp?fit=1200%2C800&ssl=1&resize=350%2C200 1x, https:\/\/i0.wp.com\/noticiasribeiraopreto.com.br\/wp-content\/uploads\/2025\/10\/mutirao-emprego_2025-10-02_14-09-24.webp.webp?fit=1200%2C800&ssl=1&resize=525%2C300 1.5x, https:\/\/i0.wp.com\/noticiasribeiraopreto.com.br\/wp-content\/uploads\/2025\/10\/mutirao-emprego_2025-10-02_14-09-24.webp.webp?fit=1200%2C800&ssl=1&resize=700%2C400 2x, https:\/\/i0.wp.com\/noticiasribeiraopreto.com.br\/wp-content\/uploads\/2025\/10\/mutirao-emprego_2025-10-02_14-09-24.webp.webp?fit=1200%2C800&ssl=1&resize=1050%2C600 3x"},"classes":[]},{"id":73693,"url":"https:\/\/noticiasribeiraopreto.com.br\/index.php\/2025\/07\/07\/ribeirao-preto-tera-mutirao-com-2-mil-vagas-de-emprego-veja-data-e-local\/","url_meta":{"origin":75657,"position":1},"title":"Ribeir\u00e3o Preto ter\u00e1 mutir\u00e3o com 2 mil vagas de emprego; veja data e local","author":"noticiasribeiraopreto.com.br","date":"7 de July de 2025","format":false,"excerpt":"Neste s\u00e1bado (12), Ribeir\u00e3o Preto recebe o Mega Mutir\u00e3o Emprega Ribeir\u00e3o, no Gin\u00e1sio Gavino Virdes, conhecido como Cava do Bosque. A a\u00e7\u00e3o, que marca o in\u00edcio da programa\u00e7\u00e3o de 2025 do programa Emprega Mais Ribeir\u00e3o, acontece das 9h \u00e0s 14h. Com a participa\u00e7\u00e3o de 35 empresas da regi\u00e3o, o evento\u2026","rel":"","context":"In &quot;Not\u00edcias de Ribeir\u00e3o Preto-SP e Regi\u00e3o&quot;","block_context":{"text":"Not\u00edcias de Ribeir\u00e3o Preto-SP e Regi\u00e3o","link":"https:\/\/noticiasribeiraopreto.com.br\/index.php\/category\/noticias-de-ribeirao-preto-sp-e-regiao-ismael-colosi\/"},"img":{"alt_text":"","src":"https:\/\/i0.wp.com\/noticiasribeiraopreto.com.br\/wp-content\/uploads\/2025\/07\/carteira_de_1024x576_27092020203402_2025-07-07_21-38-43.webp.webp?fit=1024%2C576&ssl=1&resize=350%2C200","width":350,"height":200,"srcset":"https:\/\/i0.wp.com\/noticiasribeiraopreto.com.br\/wp-content\/uploads\/2025\/07\/carteira_de_1024x576_27092020203402_2025-07-07_21-38-43.webp.webp?fit=1024%2C576&ssl=1&resize=350%2C200 1x, https:\/\/i0.wp.com\/noticiasribeiraopreto.com.br\/wp-content\/uploads\/2025\/07\/carteira_de_1024x576_27092020203402_2025-07-07_21-38-43.webp.webp?fit=1024%2C576&ssl=1&resize=525%2C300 1.5x, https:\/\/i0.wp.com\/noticiasribeiraopreto.com.br\/wp-content\/uploads\/2025\/07\/carteira_de_1024x576_27092020203402_2025-07-07_21-38-43.webp.webp?fit=1024%2C576&ssl=1&resize=700%2C400 2x"},"classes":[]},{"id":77332,"url":"https:\/\/noticiasribeiraopreto.com.br\/index.php\/2025\/09\/16\/ribeirao-preto-tem-mutirao-de-emprego-com-mil-vagas-veja-como-participar\/","url_meta":{"origin":75657,"position":2},"title":"Ribeir\u00e3o Preto tem mutir\u00e3o de emprego com mil vagas; Veja como participar","author":"noticiasribeiraopreto.com.br","date":"16 de September de 2025","format":false,"excerpt":"Ribeir\u00e3o Preto recebe um mutir\u00e3o de emprego com aproximadamente mil vagas dispon\u00edveis no pr\u00f3ximo s\u00e1bado (20), das 9h \u00e0s 14h, na rua Tamandar\u00e9, 163, no bairro Campos El\u00edseos, zona Norte.\u00a0 As\u00a0oportunidades\u00a0s\u00e3o especialmente no\u00a0com\u00e9rcio varejista, com destaque para\u00a0supermercados, e no\u00a0setor\u00a0de\u00a0servi\u00e7os. Como participar? Os candidatos interessados nas vagas dispon\u00edveis dever\u00e3o levar o\u2026","rel":"","context":"In &quot;Not\u00edcias de Ribeir\u00e3o Preto-SP e Regi\u00e3o&quot;","block_context":{"text":"Not\u00edcias de Ribeir\u00e3o Preto-SP e Regi\u00e3o","link":"https:\/\/noticiasribeiraopreto.com.br\/index.php\/category\/noticias-de-ribeirao-preto-sp-e-regiao-ismael-colosi\/"},"img":{"alt_text":"","src":"https:\/\/i0.wp.com\/noticiasribeiraopreto.com.br\/wp-content\/uploads\/2025\/09\/emprego.webp.webp?fit=1170%2C700&ssl=1&resize=350%2C200","width":350,"height":200,"srcset":"https:\/\/i0.wp.com\/noticiasribeiraopreto.com.br\/wp-content\/uploads\/2025\/09\/emprego.webp.webp?fit=1170%2C700&ssl=1&resize=350%2C200 1x, https:\/\/i0.wp.com\/noticiasribeiraopreto.com.br\/wp-content\/uploads\/2025\/09\/emprego.webp.webp?fit=1170%2C700&ssl=1&resize=525%2C300 1.5x, https:\/\/i0.wp.com\/noticiasribeiraopreto.com.br\/wp-content\/uploads\/2025\/09\/emprego.webp.webp?fit=1170%2C700&ssl=1&resize=700%2C400 2x, https:\/\/i0.wp.com\/noticiasribeiraopreto.com.br\/wp-content\/uploads\/2025\/09\/emprego.webp.webp?fit=1170%2C700&ssl=1&resize=1050%2C600 3x"},"classes":[]},{"id":77358,"url":"https:\/\/noticiasribeiraopreto.com.br\/index.php\/2025\/09\/16\/ribeirao-preto-tem-mutirao-de-emprego-com-mil-vagas-veja-como-participar-2\/","url_meta":{"origin":75657,"position":3},"title":"Ribeir\u00e3o Preto tem mutir\u00e3o de emprego com mil vagas; Veja como participar","author":"noticiasribeiraopreto.com.br","date":"16 de September de 2025","format":false,"excerpt":"Ribeir\u00e3o Preto recebe um mutir\u00e3o de emprego com aproximadamente mil vagas dispon\u00edveis no pr\u00f3ximo s\u00e1bado (20), das 9h \u00e0s 14h, na rua Tamandar\u00e9, 163, no bairro Campos El\u00edseos, zona Norte.\u00a0 As\u00a0oportunidades\u00a0s\u00e3o especialmente no\u00a0com\u00e9rcio varejista, com destaque para\u00a0supermercados, e no\u00a0setor\u00a0de\u00a0servi\u00e7os. Como participar? Os candidatos interessados nas vagas dispon\u00edveis dever\u00e3o levar o\u2026","rel":"","context":"In &quot;Not\u00edcias de Ribeir\u00e3o Preto-SP e Regi\u00e3o&quot;","block_context":{"text":"Not\u00edcias de Ribeir\u00e3o Preto-SP e Regi\u00e3o","link":"https:\/\/noticiasribeiraopreto.com.br\/index.php\/category\/noticias-de-ribeirao-preto-sp-e-regiao-ismael-colosi\/"},"img":{"alt_text":"","src":"https:\/\/i0.wp.com\/noticiasribeiraopreto.com.br\/wp-content\/uploads\/2025\/09\/emprego.webp.webp?fit=1170%2C700&ssl=1&resize=350%2C200","width":350,"height":200,"srcset":"https:\/\/i0.wp.com\/noticiasribeiraopreto.com.br\/wp-content\/uploads\/2025\/09\/emprego.webp.webp?fit=1170%2C700&ssl=1&resize=350%2C200 1x, https:\/\/i0.wp.com\/noticiasribeiraopreto.com.br\/wp-content\/uploads\/2025\/09\/emprego.webp.webp?fit=1170%2C700&ssl=1&resize=525%2C300 1.5x, https:\/\/i0.wp.com\/noticiasribeiraopreto.com.br\/wp-content\/uploads\/2025\/09\/emprego.webp.webp?fit=1170%2C700&ssl=1&resize=700%2C400 2x, https:\/\/i0.wp.com\/noticiasribeiraopreto.com.br\/wp-content\/uploads\/2025\/09\/emprego.webp.webp?fit=1170%2C700&ssl=1&resize=1050%2C600 3x"},"classes":[]},{"id":78493,"url":"https:\/\/noticiasribeiraopreto.com.br\/index.php\/2025\/10\/11\/ribeirao-preto-tem-mutirao-de-emprego-com-500-vagas-saiba-como-participar\/","url_meta":{"origin":75657,"position":4},"title":"Ribeir\u00e3o Preto tem mutir\u00e3o de emprego com 500 vagas; Saiba como participar","author":"noticiasribeiraopreto.com.br","date":"11 de October de 2025","format":false,"excerpt":"Ribeir\u00e3o Preto recebe um mutir\u00e3o com 500 vagas entre empregos formais, est\u00e1gios e oportunidades para jovens aprendizes na pr\u00f3xima ter\u00e7a-feira (14), das 10h \u00e0s 13h, no Terminal Rodovi\u00e1rio.\u00a0 O que fazer? Os interessados dever\u00e3o comparecer com documento de identidade com foto e curr\u00edculos impressos para participar dos processos seletivos no\u2026","rel":"","context":"In &quot;Not\u00edcias de Ribeir\u00e3o Preto-SP e Regi\u00e3o&quot;","block_context":{"text":"Not\u00edcias de Ribeir\u00e3o Preto-SP e Regi\u00e3o","link":"https:\/\/noticiasribeiraopreto.com.br\/index.php\/category\/noticias-de-ribeirao-preto-sp-e-regiao-ismael-colosi\/"},"img":{"alt_text":"","src":"https:\/\/i0.wp.com\/noticiasribeiraopreto.com.br\/wp-content\/uploads\/2025\/10\/vagas_pat_-_foto_guilherme_sircili_1-1068x711-1.jpg?fit=1068%2C711&ssl=1&resize=350%2C200","width":350,"height":200,"srcset":"https:\/\/i0.wp.com\/noticiasribeiraopreto.com.br\/wp-content\/uploads\/2025\/10\/vagas_pat_-_foto_guilherme_sircili_1-1068x711-1.jpg?fit=1068%2C711&ssl=1&resize=350%2C200 1x, https:\/\/i0.wp.com\/noticiasribeiraopreto.com.br\/wp-content\/uploads\/2025\/10\/vagas_pat_-_foto_guilherme_sircili_1-1068x711-1.jpg?fit=1068%2C711&ssl=1&resize=525%2C300 1.5x, https:\/\/i0.wp.com\/noticiasribeiraopreto.com.br\/wp-content\/uploads\/2025\/10\/vagas_pat_-_foto_guilherme_sircili_1-1068x711-1.jpg?fit=1068%2C711&ssl=1&resize=700%2C400 2x, https:\/\/i0.wp.com\/noticiasribeiraopreto.com.br\/wp-content\/uploads\/2025\/10\/vagas_pat_-_foto_guilherme_sircili_1-1068x711-1.jpg?fit=1068%2C711&ssl=1&resize=1050%2C600 3x"},"classes":[]},{"id":73913,"url":"https:\/\/noticiasribeiraopreto.com.br\/index.php\/2025\/07\/12\/primeiro-mutirao-tem-25-mil-vagas\/","url_meta":{"origin":75657,"position":5},"title":"Primeiro mutir\u00e3o tem 2,5 mil vagas","author":"noticiasribeiraopreto.com.br","date":"12 de July de 2025","format":false,"excerpt":"12 de julho de 2025 08:3011 de julho de 2025 21:509 Compartilhar0 A prefeitura de Ribeir\u00e3o Preto, por meio da Secretaria de Inova\u00e7\u00e3o e Desenvolvimento Econ\u00f4mico, realizar\u00e1 neste s\u00e1bado, 12 de julho, das nove \u00e0s 14 horas, no Gin\u00e1sio Gavino Virdes (Cava do Bosque), o Mega Mutir\u00e3o Emprega Ribeir\u00e3o. A\u2026","rel":"","context":"In &quot;Not\u00edcias de Ribeir\u00e3o Preto-SP e Regi\u00e3o&quot;","block_context":{"text":"Not\u00edcias de Ribeir\u00e3o Preto-SP e Regi\u00e3o","link":"https:\/\/noticiasribeiraopreto.com.br\/index.php\/category\/noticias-de-ribeirao-preto-sp-e-regiao-ismael-colosi\/"},"img":{"alt_text":"","src":"https:\/\/i0.wp.com\/noticiasribeiraopreto.com.br\/wp-content\/uploads\/2025\/07\/CagedRP-Guilherme-Sircili-scaled.jpg?fit=752%2C500&ssl=1&resize=350%2C200","width":350,"height":200,"srcset":"https:\/\/i0.wp.com\/noticiasribeiraopreto.com.br\/wp-content\/uploads\/2025\/07\/CagedRP-Guilherme-Sircili-scaled.jpg?fit=752%2C500&ssl=1&resize=350%2C200 1x, https:\/\/i0.wp.com\/noticiasribeiraopreto.com.br\/wp-content\/uploads\/2025\/07\/CagedRP-Guilherme-Sircili-scaled.jpg?fit=752%2C500&ssl=1&resize=525%2C300 1.5x, https:\/\/i0.wp.com\/noticiasribeiraopreto.com.br\/wp-content\/uploads\/2025\/07\/CagedRP-Guilherme-Sircili-scaled.jpg?fit=752%2C500&ssl=1&resize=700%2C400 2x"},"classes":[]}],"jetpack_sharing_enabled":true,"jetpack_shortlink":"https:\/\/wp.me\/peQAOb-jGh","_links":{"self":[{"href":"https:\/\/noticiasribeiraopreto.com.br\/index.php\/wp-json\/wp\/v2\/posts\/75657","targetHints":{"allow":["GET"]}}],"collection":[{"href":"https:\/\/noticiasribeiraopreto.com.br\/index.php\/wp-json\/wp\/v2\/posts"}],"about":[{"href":"https:\/\/noticiasribeiraopreto.com.br\/index.php\/wp-json\/wp\/v2\/types\/post"}],"author":[{"embeddable":true,"href":"https:\/\/noticiasribeiraopreto.com.br\/index.php\/wp-json\/wp\/v2\/users\/1"}],"replies":[{"embeddable":true,"href":"https:\/\/noticiasribeiraopreto.com.br\/index.php\/wp-json\/wp\/v2\/comments?post=75657"}],"version-history":[{"count":0,"href":"https:\/\/noticiasribeiraopreto.com.br\/index.php\/wp-json\/wp\/v2\/posts\/75657\/revisions"}],"wp:featuredmedia":[{"embeddable":true,"href":"https:\/\/noticiasribeiraopreto.com.br\/index.php\/wp-json\/wp\/v2\/media\/75658"}],"wp:attachment":[{"href":"https:\/\/noticiasribeiraopreto.com.br\/index.php\/wp-json\/wp\/v2\/media?parent=75657"}],"wp:term":[{"taxonomy":"category","embeddable":true,"href":"https:\/\/noticiasribeiraopreto.com.br\/index.php\/wp-json\/wp\/v2\/categories?post=75657"},{"taxonomy":"post_tag","embeddable":true,"href":"https:\/\/noticiasribeiraopreto.com.br\/index.php\/wp-json\/wp\/v2\/tags?post=75657"}],"curies":[{"name":"wp","href":"https:\/\/api.w.org\/{rel}","templated":true}]}}