{"id":75659,"date":"2025-08-13T13:31:33","date_gmt":"2025-08-13T16:31:33","guid":{"rendered":"https:\/\/noticiasribeiraopreto.com.br\/index.php\/2025\/08\/13\/bar-de-ribeirao-preto-movimentou-r-4-milhoes-do-trafico-diz-policia\/"},"modified":"2025-08-13T13:31:33","modified_gmt":"2025-08-13T16:31:33","slug":"bar-de-ribeirao-preto-movimentou-r-4-milhoes-do-trafico-diz-policia","status":"publish","type":"post","link":"https:\/\/noticiasribeiraopreto.com.br\/index.php\/2025\/08\/13\/bar-de-ribeirao-preto-movimentou-r-4-milhoes-do-trafico-diz-policia\/","title":{"rendered":"Bar de Ribeir\u00e3o Preto movimentou R$ 4 milh\u00f5es do tr\u00e1fico, diz pol\u00edcia"},"content":{"rendered":"<div class='code-block code-block-1' style='margin: 8px 0 8px auto; text-align: right; display: block; clear: both;'>\n<p><a href=\"https:\/\/wa.link\/vpicfd\"><img data-recalc-dims=\"1\" class=\"wp-image-4922\" style=\"aspect-ratio: 2.0253164556962027; width: 561px; height: auto;\" src=\"https:\/\/i0.wp.com\/ismaelcolosi.com.br\/wp-content\/uploads\/2023\/11\/grupo-de-empregos-whatsapp-e-facebook-ismael-colosi-vagas.jpg?ssl=1\" alt=\"\" \/><\/a><\/p>\n<!-- \/wp:image -->\n<\/div>\n<p> <br \/>\n<\/p>\n<div>\n<p><strong>O dono de um bar foi preso durante a opera\u00e7\u00e3o Ribeir\u00e3o contra o Tr\u00e1fico, deflagada pela Pol\u00edcia Civil na manh\u00e3 desta quarta-feira (13), em Ribeir\u00e3o Preto.<\/strong><\/p>\n<p><mark style=\"background-color:#fcb900\" class=\"has-inline-color has-black-color\">O estabelecimento, localizado na equina das ruas Itagua\u00e7u e General C\u00e2mara, no bairro Ipiranga, zona Norte, \u00e9 apontado pela pol\u00edcia por movimentar R$ 4 milh\u00f5es em lavagem de dinheiro do tr\u00e1fico.<\/mark> No local foram apreendidas m\u00e1quinas ca\u00e7a-n\u00edqueis.<\/p>\n<figure class=\"wp-block-pullquote\">\n<blockquote>\n<p>Apreendemos algumas m\u00e1quinas do tipo ca\u00e7a-n\u00edqueis e algumas comprova\u00e7\u00f5es banc\u00e1rias de volume, tamb\u00e9m um celular com extratos banc\u00e1rios indicando, possivelmente, que esse bar era utilizado tanto para a lavagem de dinheiro do tr\u00e1fico de drogas como para jogos ilegais, <\/p>\n<p><cite><strong>disse o Di\u00f3genes Santiago Netto, da 2\u00aa Dise (Delegacia de Investiga\u00e7\u00f5es Sobre Entorpecentes).<\/strong><\/cite><\/p><\/blockquote>\n<\/figure>\n<p>Ainda de acordo com o delegado, na casa do propriet\u00e1rio do bar foi encontrada uma grande quantidade de dinheiro, que ainda estava sendo contabilizada.<\/p>\n<p>Ao todo, seis pessoas foram presas na opera\u00e7\u00e3o. Uma s\u00e9tima ainda estava sendo procurada. Todos foram alvos de mandados de pris\u00e3o tempor\u00e1ria. Tamb\u00e9m foram cumpridos 19 mandados de busca e apreens\u00e3o.<\/p>\n<p>Agentes encontraram na rua General C\u00e2mara, na zona Norte, uma distribuidora apontada por fornecer microtubos para acondicionar coca\u00edna.<\/p>\n<p>A investiga\u00e7\u00e3o teve in\u00edcio em 2024 com a pris\u00e3o de quatro pessoas por associa\u00e7\u00e3o ao tr\u00e1fico de drogas.<\/p>\n<p>O grupo teria movimentado aproximadamente quatro toneladas de maconha e coca\u00edna na regi\u00e3o de Ribeir\u00e3o em 2024, de acordo com a pol\u00edcia. (Com CBN Ribeir\u00e3o Preto)<\/p>\n<p>SAIBA MAIS<\/p>\n<p>Pol\u00edcia Civil cumpre 7 mandados de pris\u00e3o contra o tr\u00e1fico em Ribeir\u00e3o Preto<\/p>\n<h2 class=\"wp-block-heading\"><strong>FIQUE ON\u00a0\u00a0\u00a0\u00a0\u00a0\u00a0\u00a0\u00a0\u00a0<\/strong><\/h2>\n<p>Quer ficar por dentro de tudo que acontece em Ribeir\u00e3o Preto e regi\u00e3o? Ent\u00e3o siga os perfis do\u202facidade on\u202fno\u202f<a href=\"https:\/\/www.instagram.com\/acidadeonribeirao\" target=\"_blank\" rel=\"noreferrer noopener\">Instagram<\/a>\u202fe no\u202f<a href=\"https:\/\/www.facebook.com\/acidadeonribeirao\/\" target=\"_blank\" rel=\"noreferrer noopener\">Facebook<\/a>.<\/p>\n<p>Al\u00e9m disso, voc\u00ea pode receber as principais not\u00edcias diretamente no WhatsApp. Para isso, basta\u00a0<a href=\"https:\/\/chat.whatsapp.com\/BjKQZ9oJwlz8VVT50NuePq\" target=\"_blank\" rel=\"noreferrer noopener\">entrar no grupo clicando aqui<\/a>.<\/p>\n<p>Por fim, se quiser fazer uma den\u00fancia ou sugerir uma reportagem sobre Ribeir\u00e3o Preto e regi\u00e3o, envie uma mensagem pelo WhatsApp: (16) 99117-7802.<\/p>\n<p>VEJA TAMB\u00c9M<\/p>\n<p>Quando ser\u00e1 lan\u00e7ado o novo \u00e1lbum da Taylor Swift?<\/p>\n<p><!-- AI CONTENT END 1 -->\n<\/div>\n<p><script async src=\"\/\/www.instagram.com\/embed.js\"><\/script><br \/>\n<br \/><br \/>\n<br \/><a href=\"https:\/\/www.acidadeon.com\/ribeiraopreto\/cotidiano\/bar-de-ribeirao-preto-movimentou-r-4-milhoes-do-trafico-diz-policia\/\">Source link <\/a><\/p>\n<!-- CONTENT END 1 -->\n","protected":false},"excerpt":{"rendered":"<p>O dono de um bar foi preso durante a opera\u00e7\u00e3o Ribeir\u00e3o contra o Tr\u00e1fico, deflagada pela Pol\u00edcia Civil na manh\u00e3 desta quarta-feira (13), em Ribeir\u00e3o&#8230;<\/p>\n","protected":false},"author":1,"featured_media":75660,"comment_status":"open","ping_status":"open","sticky":false,"template":"","format":"standard","meta":{"advanced_seo_description":"","jetpack_seo_html_title":"","jetpack_seo_noindex":false,"jetpack_post_was_ever_published":false,"_jetpack_newsletter_access":"","_jetpack_dont_email_post_to_subs":false,"_jetpack_newsletter_tier_id":0,"_jetpack_memberships_contains_paywalled_content":false,"_jetpack_memberships_contains_paid_content":false,"footnotes":"","jetpack_publicize_message":"","jetpack_publicize_feature_enabled":true,"jetpack_social_post_already_shared":true,"jetpack_social_options":{"image_generator_settings":{"template":"highway","default_image_id":0,"font":"","enabled":false},"version":2}},"categories":[11],"tags":[],"class_list":["post-75659","post","type-post","status-publish","format-standard","has-post-thumbnail","hentry","category-noticias-de-ribeirao-preto-sp-e-regiao-ismael-colosi"],"jetpack_publicize_connections":[],"jetpack_featured_media_url":"https:\/\/i0.wp.com\/noticiasribeiraopreto.com.br\/wp-content\/uploads\/2025\/08\/WhatsApp-Image-2025-08-13-at-10.26.11_2025-08-13_13-27-30.webp.webp?fit=1200%2C900&ssl=1","jetpack-related-posts":[{"id":75697,"url":"https:\/\/noticiasribeiraopreto.com.br\/index.php\/2025\/08\/13\/o-que-se-sabe-sobre-bar-que-faturou-r-4-milhoes-com-trafico-de-drogas-em-ribeirao\/","url_meta":{"origin":75659,"position":0},"title":"O que se sabe sobre bar que faturou R$ 4 milh\u00f5es com tr\u00e1fico de drogas em Ribeir\u00e3o","author":"noticiasribeiraopreto.com.br","date":"13 de August de 2025","format":false,"excerpt":"Um bar em Ribeir\u00e3o Preto movimentou ao menos R$ 4 milh\u00f5es em apenas seis meses com tr\u00e1fico de drogas e lavagem de dinheiro, segundo a Pol\u00edcia Civil. O caso foi revelado nesta quarta-feira (13), durante uma opera\u00e7\u00e3o que cumpriu mandados de pris\u00e3o e busca na cidade. Como funcionava o esquema?\u2026","rel":"","context":"In &quot;Not\u00edcias de Ribeir\u00e3o Preto-SP e Regi\u00e3o&quot;","block_context":{"text":"Not\u00edcias de Ribeir\u00e3o Preto-SP e Regi\u00e3o","link":"https:\/\/noticiasribeiraopreto.com.br\/index.php\/category\/noticias-de-ribeirao-preto-sp-e-regiao-ismael-colosi\/"},"img":{"alt_text":"","src":"https:\/\/i0.wp.com\/noticiasribeiraopreto.com.br\/wp-content\/uploads\/2025\/08\/Copia-de-Copia-de-Copia-de-TAMANHO-EXATO-PARA-FOTOS-NO-SISTEMA-NOVO-2025-08-13T190259.828_2025-08-13_22-03-13.webp.webp?fit=1200%2C675&ssl=1&resize=350%2C200","width":350,"height":200,"srcset":"https:\/\/i0.wp.com\/noticiasribeiraopreto.com.br\/wp-content\/uploads\/2025\/08\/Copia-de-Copia-de-Copia-de-TAMANHO-EXATO-PARA-FOTOS-NO-SISTEMA-NOVO-2025-08-13T190259.828_2025-08-13_22-03-13.webp.webp?fit=1200%2C675&ssl=1&resize=350%2C200 1x, https:\/\/i0.wp.com\/noticiasribeiraopreto.com.br\/wp-content\/uploads\/2025\/08\/Copia-de-Copia-de-Copia-de-TAMANHO-EXATO-PARA-FOTOS-NO-SISTEMA-NOVO-2025-08-13T190259.828_2025-08-13_22-03-13.webp.webp?fit=1200%2C675&ssl=1&resize=525%2C300 1.5x, https:\/\/i0.wp.com\/noticiasribeiraopreto.com.br\/wp-content\/uploads\/2025\/08\/Copia-de-Copia-de-Copia-de-TAMANHO-EXATO-PARA-FOTOS-NO-SISTEMA-NOVO-2025-08-13T190259.828_2025-08-13_22-03-13.webp.webp?fit=1200%2C675&ssl=1&resize=700%2C400 2x, https:\/\/i0.wp.com\/noticiasribeiraopreto.com.br\/wp-content\/uploads\/2025\/08\/Copia-de-Copia-de-Copia-de-TAMANHO-EXATO-PARA-FOTOS-NO-SISTEMA-NOVO-2025-08-13T190259.828_2025-08-13_22-03-13.webp.webp?fit=1200%2C675&ssl=1&resize=1050%2C600 3x"},"classes":[]},{"id":75703,"url":"https:\/\/noticiasribeiraopreto.com.br\/index.php\/2025\/08\/14\/quadrilha-faturava-milhoes-em-bar-de-ribeirao\/","url_meta":{"origin":75659,"position":1},"title":"Quadrilha faturava milh\u00f5es em bar de Ribeir\u00e3o","author":"noticiasribeiraopreto.com.br","date":"14 de August de 2025","format":false,"excerpt":"14 de agosto de 2025 07:4014 de agosto de 2025 06:200 Compartilhar0 Alfredo Risk e \u00a0Adalberto Luque\u00a0\u00a0Seis pessoas foram presas, na manh\u00e3 desta quarta-feira, 13 de agosto, no \u00e2mbito da Opera\u00e7\u00e3o Ribeir\u00e3o contra o Tr\u00e1fico. S\u00e3o investigadas por integrar uma grande organiza\u00e7\u00e3o criminosa movimenta milh\u00f5es de reais com o com\u00e9rcio\u2026","rel":"","context":"In &quot;Not\u00edcias de Ribeir\u00e3o Preto-SP e Regi\u00e3o&quot;","block_context":{"text":"Not\u00edcias de Ribeir\u00e3o Preto-SP e Regi\u00e3o","link":"https:\/\/noticiasribeiraopreto.com.br\/index.php\/category\/noticias-de-ribeirao-preto-sp-e-regiao-ismael-colosi\/"},"img":{"alt_text":"","src":"","width":0,"height":0},"classes":[]},{"id":75646,"url":"https:\/\/noticiasribeiraopreto.com.br\/index.php\/2025\/08\/13\/seis-sao-presos-por-movimentar-milhoes-do-trafico-em-rp\/","url_meta":{"origin":75659,"position":2},"title":"Seis s\u00e3o presos por movimentar milh\u00f5es do tr\u00e1fico em RP","author":"noticiasribeiraopreto.com.br","date":"13 de August de 2025","format":false,"excerpt":"Somente um bar no Ipiranga movimentou R$ 4 milh\u00f5es em seis meses; opera\u00e7\u00e3o \u00e9 decorrente de pris\u00e3o de chefes do tr\u00e1fico em 2024 13 de agosto de 2025 10:496 Compartilhar0 Por: Alfredo Risk e Adalberto Luque Seis pessoas foram presas, na manh\u00e3 desta quarta-feira (13), no \u00e2mbito da Opera\u00e7\u00e3o Ribeir\u00e3o.\u2026","rel":"","context":"In &quot;Not\u00edcias de Ribeir\u00e3o Preto-SP e Regi\u00e3o&quot;","block_context":{"text":"Not\u00edcias de Ribeir\u00e3o Preto-SP e Regi\u00e3o","link":"https:\/\/noticiasribeiraopreto.com.br\/index.php\/category\/noticias-de-ribeirao-preto-sp-e-regiao-ismael-colosi\/"},"img":{"alt_text":"","src":"https:\/\/i0.wp.com\/noticiasribeiraopreto.com.br\/wp-content\/uploads\/2025\/08\/13-agi-2025-operacaoribeirao1.jpg?fit=822%2C617&ssl=1&resize=350%2C200","width":350,"height":200,"srcset":"https:\/\/i0.wp.com\/noticiasribeiraopreto.com.br\/wp-content\/uploads\/2025\/08\/13-agi-2025-operacaoribeirao1.jpg?fit=822%2C617&ssl=1&resize=350%2C200 1x, https:\/\/i0.wp.com\/noticiasribeiraopreto.com.br\/wp-content\/uploads\/2025\/08\/13-agi-2025-operacaoribeirao1.jpg?fit=822%2C617&ssl=1&resize=525%2C300 1.5x, https:\/\/i0.wp.com\/noticiasribeiraopreto.com.br\/wp-content\/uploads\/2025\/08\/13-agi-2025-operacaoribeirao1.jpg?fit=822%2C617&ssl=1&resize=700%2C400 2x"},"classes":[]},{"id":73533,"url":"https:\/\/noticiasribeiraopreto.com.br\/index.php\/2025\/07\/04\/identificado-homem-morto-em-operacao-contra-o-trafico-e-lavagem-de-dinheiro-em-ribeirao-preto\/","url_meta":{"origin":75659,"position":3},"title":"Identificado homem morto em opera\u00e7\u00e3o contra o tr\u00e1fico e lavagem de dinheiro em Ribeir\u00e3o Preto","author":"noticiasribeiraopreto.com.br","date":"4 de July de 2025","format":false,"excerpt":"O homem morto nesta quinta-feira (3) durante a opera\u00e7\u00e3o Cash Out contra o tr\u00e1fico de drogas\u00a0e lavagem de dinheiro, deflagrada pelo\u00a0Gaeco (Grupo de Atua\u00e7\u00e3o Especial de Combate ao Crime Organizado) com apoio da PM (Pol\u00edcia Militar), foi identificado. Segundo o boletim de ocorr\u00eancia (BO), C\u00edcero Anderson Amorim Moreira estava em\u2026","rel":"","context":"In &quot;Not\u00edcias de Ribeir\u00e3o Preto-SP e Regi\u00e3o&quot;","block_context":{"text":"Not\u00edcias de Ribeir\u00e3o Preto-SP e Regi\u00e3o","link":"https:\/\/noticiasribeiraopreto.com.br\/index.php\/category\/noticias-de-ribeirao-preto-sp-e-regiao-ismael-colosi\/"},"img":{"alt_text":"","src":"https:\/\/i0.wp.com\/noticiasribeiraopreto.com.br\/wp-content\/uploads\/2025\/07\/OPERACAO_2025-07-04_12-31-03.webp.webp?fit=1200%2C691&ssl=1&resize=350%2C200","width":350,"height":200,"srcset":"https:\/\/i0.wp.com\/noticiasribeiraopreto.com.br\/wp-content\/uploads\/2025\/07\/OPERACAO_2025-07-04_12-31-03.webp.webp?fit=1200%2C691&ssl=1&resize=350%2C200 1x, https:\/\/i0.wp.com\/noticiasribeiraopreto.com.br\/wp-content\/uploads\/2025\/07\/OPERACAO_2025-07-04_12-31-03.webp.webp?fit=1200%2C691&ssl=1&resize=525%2C300 1.5x, https:\/\/i0.wp.com\/noticiasribeiraopreto.com.br\/wp-content\/uploads\/2025\/07\/OPERACAO_2025-07-04_12-31-03.webp.webp?fit=1200%2C691&ssl=1&resize=700%2C400 2x, https:\/\/i0.wp.com\/noticiasribeiraopreto.com.br\/wp-content\/uploads\/2025\/07\/OPERACAO_2025-07-04_12-31-03.webp.webp?fit=1200%2C691&ssl=1&resize=1050%2C600 3x"},"classes":[]},{"id":75642,"url":"https:\/\/noticiasribeiraopreto.com.br\/index.php\/2025\/08\/13\/policia-civil-cumpre-7-mandados-de-prisao-contra-o-trafico-em-ribeirao-preto\/","url_meta":{"origin":75659,"position":4},"title":"Pol\u00edcia Civil cumpre 7 mandados de pris\u00e3o contra o tr\u00e1fico em Ribeir\u00e3o Preto","author":"noticiasribeiraopreto.com.br","date":"13 de August de 2025","format":false,"excerpt":"A Pol\u00edcia Civil deflagrou nesta quarta-feira (13) uma opera\u00e7\u00e3o contra o tr\u00e1fico de drogas e lavagem de dinheiro em Ribeir\u00e3o Preto. A a\u00e7\u00e3o da 2\u00aa Delegacia de Investiga\u00e7\u00f5es Sobre Entorpecentes, chamada Ribeir\u00e3o contra o Tr\u00e1fico, cumpre 17 mandados de busca e apreens\u00e3o e sete pris\u00f5es tempor\u00e1rias. At\u00e9 por volta das\u2026","rel":"","context":"In &quot;Not\u00edcias de Ribeir\u00e3o Preto-SP e Regi\u00e3o&quot;","block_context":{"text":"Not\u00edcias de Ribeir\u00e3o Preto-SP e Regi\u00e3o","link":"https:\/\/noticiasribeiraopreto.com.br\/index.php\/category\/noticias-de-ribeirao-preto-sp-e-regiao-ismael-colosi\/"},"img":{"alt_text":"","src":"https:\/\/i0.wp.com\/noticiasribeiraopreto.com.br\/wp-content\/uploads\/2025\/08\/WhatsApp-Image-2025-08-13-at-07.20.05-1_2025-08-13_10-56-26.webp.webp?fit=1200%2C900&ssl=1&resize=350%2C200","width":350,"height":200,"srcset":"https:\/\/i0.wp.com\/noticiasribeiraopreto.com.br\/wp-content\/uploads\/2025\/08\/WhatsApp-Image-2025-08-13-at-07.20.05-1_2025-08-13_10-56-26.webp.webp?fit=1200%2C900&ssl=1&resize=350%2C200 1x, https:\/\/i0.wp.com\/noticiasribeiraopreto.com.br\/wp-content\/uploads\/2025\/08\/WhatsApp-Image-2025-08-13-at-07.20.05-1_2025-08-13_10-56-26.webp.webp?fit=1200%2C900&ssl=1&resize=525%2C300 1.5x, https:\/\/i0.wp.com\/noticiasribeiraopreto.com.br\/wp-content\/uploads\/2025\/08\/WhatsApp-Image-2025-08-13-at-07.20.05-1_2025-08-13_10-56-26.webp.webp?fit=1200%2C900&ssl=1&resize=700%2C400 2x, https:\/\/i0.wp.com\/noticiasribeiraopreto.com.br\/wp-content\/uploads\/2025\/08\/WhatsApp-Image-2025-08-13-at-07.20.05-1_2025-08-13_10-56-26.webp.webp?fit=1200%2C900&ssl=1&resize=1050%2C600 3x"},"classes":[]},{"id":61339,"url":"https:\/\/noticiasribeiraopreto.com.br\/index.php\/2024\/12\/10\/operacao-da-pf-e-gaeco-mira-trafico-e-lavagem-de-dinheiro-de-r-46-milhoes\/","url_meta":{"origin":75659,"position":5},"title":"Opera\u00e7\u00e3o da PF e Gaeco mira tr\u00e1fico e lavagem de dinheiro de R$ 4,6 milh\u00f5es","author":"noticiasribeiraopreto.com.br","date":"10 de December de 2024","format":false,"excerpt":"A Pol\u00edcia Federal e o\u00a0Gaeco de Ribeir\u00e3o Preto deflagraram, na manh\u00e3 de ter\u00e7a-feira (10), a opera\u00e7\u00e3o Chibarrada contra o tr\u00e1fico de drogas e lavagem de dinheiro. Est\u00e3o sendo cumpridos oito mandados de pris\u00e3o e 11 de busca e apreens\u00e3o nas cidades paulistas de Ribeir\u00e3o, Monte Alto e Mat\u00e3o, e em\u2026","rel":"","context":"In &quot;Not\u00edcias de Ribeir\u00e3o Preto-SP e Regi\u00e3o&quot;","block_context":{"text":"Not\u00edcias de Ribeir\u00e3o Preto-SP e Regi\u00e3o","link":"https:\/\/noticiasribeiraopreto.com.br\/index.php\/category\/noticias-de-ribeirao-preto-sp-e-regiao-ismael-colosi\/"},"img":{"alt_text":"","src":"https:\/\/i0.wp.com\/noticiasribeiraopreto.com.br\/wp-content\/uploads\/2024\/12\/WhatsApp-Image-2024-12-10-at-09.39.48_2024-12-10_12-42-36_jpeg_2024-12-10_12-42-36.webp.webp?fit=1200%2C943&ssl=1&resize=350%2C200","width":350,"height":200,"srcset":"https:\/\/i0.wp.com\/noticiasribeiraopreto.com.br\/wp-content\/uploads\/2024\/12\/WhatsApp-Image-2024-12-10-at-09.39.48_2024-12-10_12-42-36_jpeg_2024-12-10_12-42-36.webp.webp?fit=1200%2C943&ssl=1&resize=350%2C200 1x, https:\/\/i0.wp.com\/noticiasribeiraopreto.com.br\/wp-content\/uploads\/2024\/12\/WhatsApp-Image-2024-12-10-at-09.39.48_2024-12-10_12-42-36_jpeg_2024-12-10_12-42-36.webp.webp?fit=1200%2C943&ssl=1&resize=525%2C300 1.5x, https:\/\/i0.wp.com\/noticiasribeiraopreto.com.br\/wp-content\/uploads\/2024\/12\/WhatsApp-Image-2024-12-10-at-09.39.48_2024-12-10_12-42-36_jpeg_2024-12-10_12-42-36.webp.webp?fit=1200%2C943&ssl=1&resize=700%2C400 2x, https:\/\/i0.wp.com\/noticiasribeiraopreto.com.br\/wp-content\/uploads\/2024\/12\/WhatsApp-Image-2024-12-10-at-09.39.48_2024-12-10_12-42-36_jpeg_2024-12-10_12-42-36.webp.webp?fit=1200%2C943&ssl=1&resize=1050%2C600 3x"},"classes":[]}],"jetpack_sharing_enabled":true,"jetpack_shortlink":"https:\/\/wp.me\/peQAOb-jGj","_links":{"self":[{"href":"https:\/\/noticiasribeiraopreto.com.br\/index.php\/wp-json\/wp\/v2\/posts\/75659","targetHints":{"allow":["GET"]}}],"collection":[{"href":"https:\/\/noticiasribeiraopreto.com.br\/index.php\/wp-json\/wp\/v2\/posts"}],"about":[{"href":"https:\/\/noticiasribeiraopreto.com.br\/index.php\/wp-json\/wp\/v2\/types\/post"}],"author":[{"embeddable":true,"href":"https:\/\/noticiasribeiraopreto.com.br\/index.php\/wp-json\/wp\/v2\/users\/1"}],"replies":[{"embeddable":true,"href":"https:\/\/noticiasribeiraopreto.com.br\/index.php\/wp-json\/wp\/v2\/comments?post=75659"}],"version-history":[{"count":0,"href":"https:\/\/noticiasribeiraopreto.com.br\/index.php\/wp-json\/wp\/v2\/posts\/75659\/revisions"}],"wp:featuredmedia":[{"embeddable":true,"href":"https:\/\/noticiasribeiraopreto.com.br\/index.php\/wp-json\/wp\/v2\/media\/75660"}],"wp:attachment":[{"href":"https:\/\/noticiasribeiraopreto.com.br\/index.php\/wp-json\/wp\/v2\/media?parent=75659"}],"wp:term":[{"taxonomy":"category","embeddable":true,"href":"https:\/\/noticiasribeiraopreto.com.br\/index.php\/wp-json\/wp\/v2\/categories?post=75659"},{"taxonomy":"post_tag","embeddable":true,"href":"https:\/\/noticiasribeiraopreto.com.br\/index.php\/wp-json\/wp\/v2\/tags?post=75659"}],"curies":[{"name":"wp","href":"https:\/\/api.w.org\/{rel}","templated":true}]}}