{"id":7566,"date":"2023-11-28T12:12:17","date_gmt":"2023-11-28T15:12:17","guid":{"rendered":"https:\/\/noticiasribeiraopreto.com.br\/index.php\/2023\/11\/28\/prefeitura-na-regiao-de-ribeirao-abre-processo-seletivo-com-salarios-de-r-35-mil\/"},"modified":"2023-11-28T12:12:17","modified_gmt":"2023-11-28T15:12:17","slug":"prefeitura-na-regiao-de-ribeirao-abre-processo-seletivo-com-salarios-de-r-35-mil","status":"publish","type":"post","link":"https:\/\/noticiasribeiraopreto.com.br\/index.php\/2023\/11\/28\/prefeitura-na-regiao-de-ribeirao-abre-processo-seletivo-com-salarios-de-r-35-mil\/","title":{"rendered":"Prefeitura na regi\u00e3o de Ribeir\u00e3o abre processo seletivo com sal\u00e1rios de R$ 3,5 mil"},"content":{"rendered":"<div class='code-block code-block-1' style='margin: 8px 0 8px auto; text-align: right; display: block; clear: both;'>\n<p><a href=\"https:\/\/wa.link\/vpicfd\"><img data-recalc-dims=\"1\" class=\"wp-image-4922\" style=\"aspect-ratio: 2.0253164556962027; width: 561px; height: auto;\" src=\"https:\/\/i0.wp.com\/ismaelcolosi.com.br\/wp-content\/uploads\/2023\/11\/grupo-de-empregos-whatsapp-e-facebook-ismael-colosi-vagas.jpg?ssl=1\" alt=\"\" \/><\/a><\/p>\n<!-- \/wp:image -->\n<\/div>\n<p> <br \/>\n<\/p>\n<div>\n<p><strong>A <a href=\"https:\/\/barrinha.sp.gov.br\/\" target=\"_blank\" rel=\"noreferrer noopener nofollow\">Prefeitura de Barrinha<\/a>, na regi\u00e3o de Ribeir\u00e3o Preto, est\u00e1 com as inscri\u00e7\u00f5es abertas em processo seletivo para o cadastro de reserva. Ao todo, s\u00e3o 28 fun\u00e7\u00f5es dispon\u00edveis com sal\u00e1rios de at\u00e9 R$ 3.562,50.<\/strong><\/p>\n<p>As inscri\u00e7\u00f5es devem ser realizadas pela internet (<a href=\"https:\/\/www.institutoindec.org.br\/concursos\/publicacoes\/PREFEITURA+MUNICIPAL+DE+BARRINHA\/82\" target=\"_blank\" rel=\"noreferrer noopener nofollow\">clique aqui<\/a>) at\u00e9 o dia 14 de dezembro de 2023. A taxa de inscri\u00e7\u00e3o custa entre R$ 45 e R$ 60.<\/p>\n<h4 class=\"wp-block-heading\"><strong>Veja as vagas dispon\u00edveis<\/strong><\/h4>\n<p>Auxiliar de servi\u00e7os gerais, operador de m\u00e1quinas, pedreiro, auxiliar de desenvolvimento infantil, eletricista, encanador, vigia.<\/p>\n<p>Auxiliar de enfermagem, motorista, profissional de administrativo, profissional de apoio escolar, t\u00e9cnico em enfermagem, t\u00e9cnico em radiologia.<\/p>\n<p>Assistente social, enfermeiro, professor de educa\u00e7\u00e3o infantil e educa\u00e7\u00e3o b\u00e1sica I, professor de educa\u00e7\u00e3o b\u00e1sica II \u2013 Artes, ci\u00eancias, educa\u00e7\u00e3o especial, educa\u00e7\u00e3o f\u00edsica, geografia, hist\u00f3ria, ingl\u00eas, matem\u00e1tica, L\u00edngua Portuguesa, L\u00edngua Brasileira de Sinais, M\u00fasica, e psic\u00f3logo.<\/p>\n<p>A prova est\u00e1 prevista para o dia 28 de janeiro de 2024. O edital completo pode ser conferido <a href=\"https:\/\/www.institutoindec.org.br\/concursos\/publicacoes\/PREFEITURA+MUNICIPAL+DE+BARRINHA\/82\" target=\"_blank\" rel=\"noreferrer noopener nofollow\">clicando aqui<\/a>.<\/p>\n<p>VEJA TAMB\u00c9M<br \/>acidade on Ribeir\u00e3o Preto conquista o Trof\u00e9u Aceesp de cobertura esportiva<\/p>\n<h4 class=\"wp-block-heading\"><strong>FIQUE ON<\/strong><\/h4>\n<p>Fique ligado em tudo que acontece em Ribeir\u00e3o Preto e regi\u00e3o. Siga os perfis do<strong> acidade on <\/strong>no <a href=\"https:\/\/www.instagram.com\/acidadeonribeirao\" target=\"_blank\" rel=\"noreferrer noopener nofollow\">Instagram<\/a> e no<a href=\"https:\/\/www.facebook.com\/acidadeonribeirao\" target=\"_blank\" rel=\"noreferrer noopener nofollow\"> Facebook<\/a>.<\/p>\n<p>Receba not\u00edcias do <strong>acidade on <\/strong>no WhatsApp. <a href=\"https:\/\/chat.whatsapp.com\/Bnv2w66ZT4VDyZW3oiZ69n\" target=\"_blank\" rel=\"noreferrer noopener nofollow\">Para entrar no grupo, basta clicar aqui.<\/a><\/p>\n<p>Fa\u00e7a uma den\u00fancia ou sugira uma reportagem sobre a Ribeir\u00e3o Preto e regi\u00e3o pelo WhatsApp: (16) 99117 7802.<\/p>\n<p>LEIA MAIS<br \/><a href=\"https:\/\/www.tudoep.com\/tudo-receitas\/NOT,0,0,1868256,pao-caseiro-em-forminhas-de-cupcake-saiba-como-fazer-essa-receita-da-ana-maria-braga.aspx\" target=\"_blank\" rel=\"noreferrer noopener nofollow\">P\u00e3o caseiro em forminhas de cupcake: saiba como fazer essa receita da Ana Maria Braga<\/a><\/p>\n<p><!-- AI CONTENT END 1 -->\n<\/div>\n<p><script async src=\"\/\/www.instagram.com\/embed.js\"><\/script><br \/>\n<br \/><br \/>\n<br \/><a href=\"https:\/\/www.acidadeon.com\/ribeiraopreto\/economia\/prefeitura-na-regiao-de-ribeirao-abre-processo-seletivo-com-salarios-de-r-35-mil\/\">Source link <\/a><\/p>\n<!-- CONTENT END 1 -->\n","protected":false},"excerpt":{"rendered":"<p>A Prefeitura de Barrinha, na regi\u00e3o de Ribeir\u00e3o Preto, est\u00e1 com as inscri\u00e7\u00f5es abertas em processo seletivo para o cadastro de reserva. Ao todo, s\u00e3o&#8230;<\/p>\n","protected":false},"author":1,"featured_media":7567,"comment_status":"open","ping_status":"open","sticky":false,"template":"","format":"standard","meta":{"advanced_seo_description":"","jetpack_seo_html_title":"","jetpack_seo_noindex":false,"jetpack_post_was_ever_published":false,"_jetpack_newsletter_access":"","_jetpack_dont_email_post_to_subs":false,"_jetpack_newsletter_tier_id":0,"_jetpack_memberships_contains_paywalled_content":false,"_jetpack_memberships_contains_paid_content":false,"footnotes":"","jetpack_publicize_message":"","jetpack_publicize_feature_enabled":true,"jetpack_social_post_already_shared":true,"jetpack_social_options":{"image_generator_settings":{"template":"highway","default_image_id":0,"font":"","enabled":false},"version":2}},"categories":[11],"tags":[210,402,244,245,277,26,768,246],"class_list":["post-7566","post","type-post","status-publish","format-standard","has-post-thumbnail","hentry","category-noticias-de-ribeirao-preto-sp-e-regiao-ismael-colosi","tag-abre","tag-mil","tag-prefeitura","tag-processo","tag-regiao","tag-ribeirao","tag-salarios","tag-seletivo"],"jetpack_publicize_connections":[],"jetpack_featured_media_url":"https:\/\/i0.wp.com\/noticiasribeiraopreto.com.br\/wp-content\/uploads\/2023\/11\/1701185859_prova-concurso-publico-3.jpg?fit=1500%2C1000&ssl=1","jetpack-related-posts":[{"id":80017,"url":"https:\/\/noticiasribeiraopreto.com.br\/index.php\/2025\/11\/12\/santa-lydia-abre-processo-seletivo-com-20-vagas-e-salarios-de-r-10-mil-confira\/","url_meta":{"origin":7566,"position":0},"title":"Santa Lydia abre processo seletivo com 20 vagas e sal\u00e1rios de R$ 10 mil; Confira","author":"noticiasribeiraopreto.com.br","date":"12 de November de 2025","format":false,"excerpt":"A Funda\u00e7\u00e3o Hospital Santa Lydia de Ribeir\u00e3o Preto abriu processo seletivo com 20 vagas de n\u00edvel m\u00e9dio e superior. Os sal\u00e1rios variam entre R$ 1.047,78 e R$ 10.965,05. As inscri\u00e7\u00f5es devem ser realizadas pela internet (clique aqui) at\u00e9 o dia 19 de novembro. O valor da taxa de inscri\u00e7\u00e3o varia\u2026","rel":"","context":"In &quot;Not\u00edcias de Ribeir\u00e3o Preto-SP e Regi\u00e3o&quot;","block_context":{"text":"Not\u00edcias de Ribeir\u00e3o Preto-SP e Regi\u00e3o","link":"https:\/\/noticiasribeiraopreto.com.br\/index.php\/category\/noticias-de-ribeirao-preto-sp-e-regiao-ismael-colosi\/"},"img":{"alt_text":"","src":"https:\/\/i0.wp.com\/noticiasribeiraopreto.com.br\/wp-content\/uploads\/2025\/11\/1762977542_santa-lydia.jpg?fit=1200%2C800&ssl=1&resize=350%2C200","width":350,"height":200,"srcset":"https:\/\/i0.wp.com\/noticiasribeiraopreto.com.br\/wp-content\/uploads\/2025\/11\/1762977542_santa-lydia.jpg?fit=1200%2C800&ssl=1&resize=350%2C200 1x, https:\/\/i0.wp.com\/noticiasribeiraopreto.com.br\/wp-content\/uploads\/2025\/11\/1762977542_santa-lydia.jpg?fit=1200%2C800&ssl=1&resize=525%2C300 1.5x, https:\/\/i0.wp.com\/noticiasribeiraopreto.com.br\/wp-content\/uploads\/2025\/11\/1762977542_santa-lydia.jpg?fit=1200%2C800&ssl=1&resize=700%2C400 2x, https:\/\/i0.wp.com\/noticiasribeiraopreto.com.br\/wp-content\/uploads\/2025\/11\/1762977542_santa-lydia.jpg?fit=1200%2C800&ssl=1&resize=1050%2C600 3x"},"classes":[]},{"id":64003,"url":"https:\/\/noticiasribeiraopreto.com.br\/index.php\/2025\/02\/27\/prefeitura-no-interior-de-sp-tem-processo-seletivo-com-salarios-de-r-11-mil\/","url_meta":{"origin":7566,"position":1},"title":"Prefeitura no interior de SP tem processo seletivo com sal\u00e1rios de R$ 11 mil","author":"noticiasribeiraopreto.com.br","date":"27 de February de 2025","format":false,"excerpt":"A Prefeitura de Brodowski, no interior de S\u00e3o Paulo, abriu processo seletivo para o cadastro de reserva com mais de 50 vagas de n\u00edvel fundamental, m\u00e9dio, t\u00e9cnico e superior. Os sal\u00e1rios variam entre R$ 1,6 mil e R$ 11 mil. As inscri\u00e7\u00f5es devem ser realizadas pela internet (clique aqui) at\u00e9\u2026","rel":"","context":"In &quot;Not\u00edcias de Ribeir\u00e3o Preto-SP e Regi\u00e3o&quot;","block_context":{"text":"Not\u00edcias de Ribeir\u00e3o Preto-SP e Regi\u00e3o","link":"https:\/\/noticiasribeiraopreto.com.br\/index.php\/category\/noticias-de-ribeirao-preto-sp-e-regiao-ismael-colosi\/"},"img":{"alt_text":"","src":"https:\/\/i0.wp.com\/noticiasribeiraopreto.com.br\/wp-content\/uploads\/2024\/08\/concurso-publico-ribeirao-preto_2024-08-13_10-44-40_jpg_2024-08-13_10-44-40.webp.webp?fit=1200%2C800&ssl=1&resize=350%2C200","width":350,"height":200,"srcset":"https:\/\/i0.wp.com\/noticiasribeiraopreto.com.br\/wp-content\/uploads\/2024\/08\/concurso-publico-ribeirao-preto_2024-08-13_10-44-40_jpg_2024-08-13_10-44-40.webp.webp?fit=1200%2C800&ssl=1&resize=350%2C200 1x, https:\/\/i0.wp.com\/noticiasribeiraopreto.com.br\/wp-content\/uploads\/2024\/08\/concurso-publico-ribeirao-preto_2024-08-13_10-44-40_jpg_2024-08-13_10-44-40.webp.webp?fit=1200%2C800&ssl=1&resize=525%2C300 1.5x, https:\/\/i0.wp.com\/noticiasribeiraopreto.com.br\/wp-content\/uploads\/2024\/08\/concurso-publico-ribeirao-preto_2024-08-13_10-44-40_jpg_2024-08-13_10-44-40.webp.webp?fit=1200%2C800&ssl=1&resize=700%2C400 2x, https:\/\/i0.wp.com\/noticiasribeiraopreto.com.br\/wp-content\/uploads\/2024\/08\/concurso-publico-ribeirao-preto_2024-08-13_10-44-40_jpg_2024-08-13_10-44-40.webp.webp?fit=1200%2C800&ssl=1&resize=1050%2C600 3x"},"classes":[]},{"id":50715,"url":"https:\/\/noticiasribeiraopreto.com.br\/index.php\/2024\/05\/18\/hemocentro-de-ribeirao-abre-processo-seletivo-com-salarios-de-ate-r-37-mil\/","url_meta":{"origin":7566,"position":2},"title":"Hemocentro de Ribeir\u00e3o abre processo seletivo com sal\u00e1rios de at\u00e9 R$ 3,7 mil","author":"noticiasribeiraopreto.com.br","date":"18 de May de 2024","format":false,"excerpt":"O Hemocentro de Ribeir\u00e3o Preto abriu novo processo seletivo com quatro vagas de n\u00edvel m\u00e9dio, t\u00e9cnico e superior. Os sal\u00e1rios para os cargos dispon\u00edveis variam entre R$ 1,7 mil e R$ 3,7 mil. Veja as vagas \u00a0 Edital 13\/2024 1 vaga para assistente social Jr-IA. Requisitos: ensino superior completo em\u2026","rel":"","context":"In &quot;Not\u00edcias de Ribeir\u00e3o Preto-SP e Regi\u00e3o&quot;","block_context":{"text":"Not\u00edcias de Ribeir\u00e3o Preto-SP e Regi\u00e3o","link":"https:\/\/noticiasribeiraopreto.com.br\/index.php\/category\/noticias-de-ribeirao-preto-sp-e-regiao-ismael-colosi\/"},"img":{"alt_text":"","src":"https:\/\/i0.wp.com\/noticiasribeiraopreto.com.br\/wp-content\/uploads\/2024\/05\/1716047315_Capturar-1.jpg?fit=950%2C628&ssl=1&resize=350%2C200","width":350,"height":200,"srcset":"https:\/\/i0.wp.com\/noticiasribeiraopreto.com.br\/wp-content\/uploads\/2024\/05\/1716047315_Capturar-1.jpg?fit=950%2C628&ssl=1&resize=350%2C200 1x, https:\/\/i0.wp.com\/noticiasribeiraopreto.com.br\/wp-content\/uploads\/2024\/05\/1716047315_Capturar-1.jpg?fit=950%2C628&ssl=1&resize=525%2C300 1.5x, https:\/\/i0.wp.com\/noticiasribeiraopreto.com.br\/wp-content\/uploads\/2024\/05\/1716047315_Capturar-1.jpg?fit=950%2C628&ssl=1&resize=700%2C400 2x"},"classes":[]},{"id":35590,"url":"https:\/\/noticiasribeiraopreto.com.br\/index.php\/2024\/02\/06\/hospital-santa-lydia-abre-processo-seletivo-em-ribeirao-preto-veja-as-vagas\/","url_meta":{"origin":7566,"position":3},"title":"Hospital Santa Lydia abre processo seletivo em Ribeir\u00e3o Preto; Veja as vagas","author":"noticiasribeiraopreto.com.br","date":"6 de February de 2024","format":false,"excerpt":"A Funda\u00e7\u00e3o Hospital Santa Lydia de Ribeir\u00e3o Preto abriu um processo seletivo emergencial com quatro vagas de n\u00edvel m\u00e9dio e t\u00e9cnico com sal\u00e1rios que variam de R$ 1,4 mil e R$ 2,3 mil. As inscri\u00e7\u00f5es come\u00e7aram nesta ter\u00e7a-feira (6) e devem ser realizadas at\u00e9 as 16h do dia 15 de\u2026","rel":"","context":"In &quot;Not\u00edcias de Ribeir\u00e3o Preto-SP e Regi\u00e3o&quot;","block_context":{"text":"Not\u00edcias de Ribeir\u00e3o Preto-SP e Regi\u00e3o","link":"https:\/\/noticiasribeiraopreto.com.br\/index.php\/category\/noticias-de-ribeirao-preto-sp-e-regiao-ismael-colosi\/"},"img":{"alt_text":"","src":"https:\/\/i0.wp.com\/noticiasribeiraopreto.com.br\/wp-content\/uploads\/2024\/02\/hospital_santa_1200x675_10022022125527.jpg?fit=1200%2C675&ssl=1&resize=350%2C200","width":350,"height":200,"srcset":"https:\/\/i0.wp.com\/noticiasribeiraopreto.com.br\/wp-content\/uploads\/2024\/02\/hospital_santa_1200x675_10022022125527.jpg?fit=1200%2C675&ssl=1&resize=350%2C200 1x, https:\/\/i0.wp.com\/noticiasribeiraopreto.com.br\/wp-content\/uploads\/2024\/02\/hospital_santa_1200x675_10022022125527.jpg?fit=1200%2C675&ssl=1&resize=525%2C300 1.5x, https:\/\/i0.wp.com\/noticiasribeiraopreto.com.br\/wp-content\/uploads\/2024\/02\/hospital_santa_1200x675_10022022125527.jpg?fit=1200%2C675&ssl=1&resize=700%2C400 2x, https:\/\/i0.wp.com\/noticiasribeiraopreto.com.br\/wp-content\/uploads\/2024\/02\/hospital_santa_1200x675_10022022125527.jpg?fit=1200%2C675&ssl=1&resize=1050%2C600 3x"},"classes":[]},{"id":74021,"url":"https:\/\/noticiasribeiraopreto.com.br\/index.php\/2025\/07\/14\/santa-lydia-abre-processo-seletivo-com-oito-vagas-e-salarios-de-ate-r-10-mil\/","url_meta":{"origin":7566,"position":4},"title":"Santa Lydia abre processo seletivo com oito vagas e sal\u00e1rios de at\u00e9 R$ 10 mil","author":"noticiasribeiraopreto.com.br","date":"14 de July de 2025","format":false,"excerpt":"A Funda\u00e7\u00e3o Hospital Sanata Lydia abriu as inscri\u00e7\u00f5es para processo seletivo com oito vagas para contrata\u00e7\u00e3o direta e sal\u00e1rios de at\u00e9 R$ 10,9 mil. As vagas s\u00e3o de n\u00edvel fundamental, m\u00e9dio e superior. As inscri\u00e7\u00f5es devem ser realizadas pela internet (clique aqui) at\u00e9 13h do dia 24 de julho de\u2026","rel":"","context":"In &quot;Not\u00edcias de Ribeir\u00e3o Preto-SP e Regi\u00e3o&quot;","block_context":{"text":"Not\u00edcias de Ribeir\u00e3o Preto-SP e Regi\u00e3o","link":"https:\/\/noticiasribeiraopreto.com.br\/index.php\/category\/noticias-de-ribeirao-preto-sp-e-regiao-ismael-colosi\/"},"img":{"alt_text":"","src":"https:\/\/i0.wp.com\/noticiasribeiraopreto.com.br\/wp-content\/uploads\/2025\/07\/santa-lydia.jpg?fit=1200%2C800&ssl=1&resize=350%2C200","width":350,"height":200,"srcset":"https:\/\/i0.wp.com\/noticiasribeiraopreto.com.br\/wp-content\/uploads\/2025\/07\/santa-lydia.jpg?fit=1200%2C800&ssl=1&resize=350%2C200 1x, https:\/\/i0.wp.com\/noticiasribeiraopreto.com.br\/wp-content\/uploads\/2025\/07\/santa-lydia.jpg?fit=1200%2C800&ssl=1&resize=525%2C300 1.5x, https:\/\/i0.wp.com\/noticiasribeiraopreto.com.br\/wp-content\/uploads\/2025\/07\/santa-lydia.jpg?fit=1200%2C800&ssl=1&resize=700%2C400 2x, https:\/\/i0.wp.com\/noticiasribeiraopreto.com.br\/wp-content\/uploads\/2025\/07\/santa-lydia.jpg?fit=1200%2C800&ssl=1&resize=1050%2C600 3x"},"classes":[]},{"id":81569,"url":"https:\/\/noticiasribeiraopreto.com.br\/index.php\/2026\/01\/10\/prefeitura-de-sertaozinho-abre-inscricoes-para-processo-seletivo-na-area-da-educacao-veja-oportunidades\/","url_meta":{"origin":7566,"position":5},"title":"Prefeitura de Sert\u00e3ozinho abre inscri\u00e7\u00f5es para processo seletivo na \u00e1rea da educa\u00e7\u00e3o; Veja oportunidades","author":"noticiasribeiraopreto.com.br","date":"10 de January de 2026","format":false,"excerpt":"A Prefeitura de Sert\u00e3ozinho, cidade na regi\u00e3o de Ribeir\u00e3o Preto, abriu inscri\u00e7\u00f5es para um processo seletivo simplificado destinado ao preenchimento de vagas e \u00e0 forma\u00e7\u00e3o de cadastro de reserva de profissionais de ensino m\u00e9dio e superior. As oportunidades s\u00e3o para a contrata\u00e7\u00e3o tempor\u00e1ria de Educador de Apoio e Inclus\u00e3o Escolar\u2026","rel":"","context":"In &quot;Not\u00edcias de Ribeir\u00e3o Preto-SP e Regi\u00e3o&quot;","block_context":{"text":"Not\u00edcias de Ribeir\u00e3o Preto-SP e Regi\u00e3o","link":"https:\/\/noticiasribeiraopreto.com.br\/index.php\/category\/noticias-de-ribeirao-preto-sp-e-regiao-ismael-colosi\/"},"img":{"alt_text":"","src":"https:\/\/i0.wp.com\/noticiasribeiraopreto.com.br\/wp-content\/uploads\/2025\/06\/concurso-publico-7_2025-01-22_20-01-23_jpg_2025-01-22_20-01-23.webp.webp?fit=1200%2C800&ssl=1&resize=350%2C200","width":350,"height":200,"srcset":"https:\/\/i0.wp.com\/noticiasribeiraopreto.com.br\/wp-content\/uploads\/2025\/06\/concurso-publico-7_2025-01-22_20-01-23_jpg_2025-01-22_20-01-23.webp.webp?fit=1200%2C800&ssl=1&resize=350%2C200 1x, https:\/\/i0.wp.com\/noticiasribeiraopreto.com.br\/wp-content\/uploads\/2025\/06\/concurso-publico-7_2025-01-22_20-01-23_jpg_2025-01-22_20-01-23.webp.webp?fit=1200%2C800&ssl=1&resize=525%2C300 1.5x, https:\/\/i0.wp.com\/noticiasribeiraopreto.com.br\/wp-content\/uploads\/2025\/06\/concurso-publico-7_2025-01-22_20-01-23_jpg_2025-01-22_20-01-23.webp.webp?fit=1200%2C800&ssl=1&resize=700%2C400 2x, https:\/\/i0.wp.com\/noticiasribeiraopreto.com.br\/wp-content\/uploads\/2025\/06\/concurso-publico-7_2025-01-22_20-01-23_jpg_2025-01-22_20-01-23.webp.webp?fit=1200%2C800&ssl=1&resize=1050%2C600 3x"},"classes":[]}],"jetpack_sharing_enabled":true,"jetpack_shortlink":"https:\/\/wp.me\/peQAOb-1Y2","_links":{"self":[{"href":"https:\/\/noticiasribeiraopreto.com.br\/index.php\/wp-json\/wp\/v2\/posts\/7566","targetHints":{"allow":["GET"]}}],"collection":[{"href":"https:\/\/noticiasribeiraopreto.com.br\/index.php\/wp-json\/wp\/v2\/posts"}],"about":[{"href":"https:\/\/noticiasribeiraopreto.com.br\/index.php\/wp-json\/wp\/v2\/types\/post"}],"author":[{"embeddable":true,"href":"https:\/\/noticiasribeiraopreto.com.br\/index.php\/wp-json\/wp\/v2\/users\/1"}],"replies":[{"embeddable":true,"href":"https:\/\/noticiasribeiraopreto.com.br\/index.php\/wp-json\/wp\/v2\/comments?post=7566"}],"version-history":[{"count":0,"href":"https:\/\/noticiasribeiraopreto.com.br\/index.php\/wp-json\/wp\/v2\/posts\/7566\/revisions"}],"wp:featuredmedia":[{"embeddable":true,"href":"https:\/\/noticiasribeiraopreto.com.br\/index.php\/wp-json\/wp\/v2\/media\/7567"}],"wp:attachment":[{"href":"https:\/\/noticiasribeiraopreto.com.br\/index.php\/wp-json\/wp\/v2\/media?parent=7566"}],"wp:term":[{"taxonomy":"category","embeddable":true,"href":"https:\/\/noticiasribeiraopreto.com.br\/index.php\/wp-json\/wp\/v2\/categories?post=7566"},{"taxonomy":"post_tag","embeddable":true,"href":"https:\/\/noticiasribeiraopreto.com.br\/index.php\/wp-json\/wp\/v2\/tags?post=7566"}],"curies":[{"name":"wp","href":"https:\/\/api.w.org\/{rel}","templated":true}]}}