{"id":75661,"date":"2025-08-13T13:38:05","date_gmt":"2025-08-13T16:38:05","guid":{"rendered":"https:\/\/noticiasribeiraopreto.com.br\/index.php\/2025\/08\/13\/botafogo-contrata-zagueiro-e-atacante-vindos-da-serie-c\/"},"modified":"2025-08-13T13:38:05","modified_gmt":"2025-08-13T16:38:05","slug":"botafogo-contrata-zagueiro-e-atacante-vindos-da-serie-c","status":"publish","type":"post","link":"https:\/\/noticiasribeiraopreto.com.br\/index.php\/2025\/08\/13\/botafogo-contrata-zagueiro-e-atacante-vindos-da-serie-c\/","title":{"rendered":"Botafogo contrata zagueiro e atacante vindos da S\u00e9rie C"},"content":{"rendered":"<div class='code-block code-block-1' style='margin: 8px 0 8px auto; text-align: right; display: block; clear: both;'>\n<p><a href=\"https:\/\/wa.link\/vpicfd\"><img data-recalc-dims=\"1\" class=\"wp-image-4922\" style=\"aspect-ratio: 2.0253164556962027; width: 561px; height: auto;\" src=\"https:\/\/i0.wp.com\/ismaelcolosi.com.br\/wp-content\/uploads\/2023\/11\/grupo-de-empregos-whatsapp-e-facebook-ismael-colosi-vagas.jpg?ssl=1\" alt=\"\" \/><\/a><\/p>\n<!-- \/wp:image -->\n<\/div>\n<p> <br \/>\n<\/p>\n<div id=\"\">\n<h2 class=\"penci-post-subtitle\">Pantera chega a tr\u00eas refor\u00e7os na atual janela de transfer\u00eancias<\/h2>\n<p>\n\t\t\t\t\t\t\t\t\t<span class=\"entry-meta-item penci-posted-on\"><i class=\"fa fa-clock-o\"\/><time class=\"entry-date published updated\" datetime=\"2025-08-13T13:32:09-03:00\">13 de agosto de 2025 13:32<\/time><\/span><span class=\"entry-meta-item penci-post-countview\"><span class=\"entry-meta-item penci-post-countview penci_post-meta_item\"><i class=\"fa fa-eye\"\/><span class=\"penci-post-countview-number penci-post-countview-p434964\">1<\/span><\/span><\/span>\t\t\t\t\t\t\t\t<\/p>\n<p><!-- .entry-meta --><br \/>\n\t\t\t\t\t\t\t\t<span class=\"penci-social-buttons penci-social-share-footer\"><span class=\"penci-social-share-text\">Compartilhar<\/span><a href=\"#\" class=\"penci-post-like penci_post-meta_item  single-like-button penci-social-item like\" data-post_id=\"434964\" title=\"Like\" data-like=\"Like\" data-unlike=\"Unlike\"><i class=\"fa fa-thumbs-o-up\"\/><span class=\"penci-share-number\">1<\/span><\/a><i class=\"fa fa-facebook\"\/><a class=\"penci-social-item twitter\" target=\"_blank\" rel=\"noopener\" title=\"\" href=\"https:\/\/twitter.com\/intent\/tweet?text=Botafogo%20contrata%20zagueiro%20e%20atacante%20vindos%20da%20S\u00e9rie%20C%20-%20https:\/\/www.tribunaribeirao.com.br\/botafogo-contrata-zagueiro-e-atacante-vindos-da-serie-c\/\"><i class=\"fa fa-twitter\"\/><\/a><i class=\"fa fa-linkedin\"\/><i class=\"fa fa-whatsapp\"\/><i class=\"fa fa-telegram\"\/><i class=\"fa fa-envelope\"\/><\/span>\t\t\t\t\t\t\t<\/div>\n<div>\n<p><strong><em>Por Hugo Luque<\/em><\/strong><\/p>\n<p>O Botafogo anunciou as contrata\u00e7\u00f5es do zagueiro Vilar e do atacante Guilherme Queiroz. Com a dupla e L\u00e9o Gamalho, o Pantera chega a tr\u00eas refor\u00e7os na atual janela de transfer\u00eancias, aberta h\u00e1 um m\u00eas.<\/p>\n<p>Natural do Guaruj\u00e1 (SP), Vilar tem 25 anos e tinha acerto com o clube h\u00e1 uma semana, mas aguardava a resolu\u00e7\u00e3o de quest\u00f5es burocr\u00e1ticas. O defensor estava no Maring\u00e1 e assinou at\u00e9 15 de abril de 2026.<\/p>\n<p>Com passagem pela base do Santos, o atleta tamb\u00e9m defendeu S\u00e3o Bernardo FC, Londrina, Coritiba e Ava\u00ed. Nesta temporada, deu uma assist\u00eancia em 19 partidas distribu\u00eddas entre Campeonato Paranaense, Copa do Brasil e S\u00e9rie C do Campeonato Brasileiro.<\/p>\n<p>Outro refor\u00e7o que vem da terceira divis\u00e3o do futebol nacional \u00e9 Guilherme Queiroz. Experiente, o atacante de 35 anos estava no S\u00e3o Bernardo FC e assinou contrato at\u00e9 30 de novembro. Natural de Novo Horizonte (SP), o jogador conhece bem o futebol paulista.<\/p>\n<p>Revelado pelo Monte Azul, em 2010, Queiroz tamb\u00e9m vestiu, no estado, camisas de times como Mirassol, Novorizontino, Ituano, Portuguesa e S\u00e3o Bento. Fora de S\u00e3o Paulo, ele acumulou passagens por Figueirense, Paran\u00e1, Juventude, Santa Cruz, Brasil de Pelotas, Vit\u00f3ria e Brusque.<\/p>\n<p>Neste ano, o atacante, que pode atuar pelas pontas e centralizado no comando ofensivo, fez dois gols e deu uma assist\u00eancia em 16 jogos, 13 deles no Paulist\u00e3o e tr\u00eas na S\u00e9rie C. Guilherme Queiroz tamb\u00e9m carrega \u201choras de voo\u201d na S\u00e9rie B, competi\u00e7\u00e3o que j\u00e1 disputou quatro vezes.<\/p>\n<p>A tend\u00eancia \u00e9 que os atletas sejam relacionados para a partida da S\u00e9rie B neste s\u00e1bado, \u00e0s 16h, fora de casa, diante do Remo.<\/p>\n<\/div>\n<p><script async src=\"\/\/platform.twitter.com\/widgets.js\" charset=\"utf-8\"><\/script><br \/>\n<br \/><br \/>\n<br \/><a href=\"https:\/\/www.tribunaribeirao.com.br\/botafogo-contrata-zagueiro-e-atacante-vindos-da-serie-c\/\">Source link <\/a><\/p>\n<!-- CONTENT END 1 -->\n","protected":false},"excerpt":{"rendered":"<p>Pantera chega a tr\u00eas refor\u00e7os na atual janela de transfer\u00eancias 13 de agosto de 2025 13:321 Compartilhar1 Por Hugo Luque O Botafogo anunciou as contrata\u00e7\u00f5es&#8230;<\/p>\n","protected":false},"author":1,"featured_media":75662,"comment_status":"open","ping_status":"open","sticky":false,"template":"","format":"standard","meta":{"advanced_seo_description":"","jetpack_seo_html_title":"","jetpack_seo_noindex":false,"jetpack_post_was_ever_published":false,"_jetpack_newsletter_access":"","_jetpack_dont_email_post_to_subs":false,"_jetpack_newsletter_tier_id":0,"_jetpack_memberships_contains_paywalled_content":false,"_jetpack_memberships_contains_paid_content":false,"footnotes":"","jetpack_publicize_message":"","jetpack_publicize_feature_enabled":true,"jetpack_social_post_already_shared":true,"jetpack_social_options":{"image_generator_settings":{"template":"highway","default_image_id":0,"font":"","enabled":false},"version":2}},"categories":[11],"tags":[],"class_list":["post-75661","post","type-post","status-publish","format-standard","has-post-thumbnail","hentry","category-noticias-de-ribeirao-preto-sp-e-regiao-ismael-colosi"],"jetpack_publicize_connections":[],"jetpack_featured_media_url":"https:\/\/i0.wp.com\/noticiasribeiraopreto.com.br\/wp-content\/uploads\/2025\/08\/1-ZAG-Vilar-e-ATA-Guilherme-Queiroz-Fernando-Teramatsu_MFC-e-Divulgacao_Agencia-Sao-Bernardo.jpg?fit=750%2C450&ssl=1","jetpack-related-posts":[{"id":1628,"url":"https:\/\/noticiasribeiraopreto.com.br\/index.php\/2023\/11\/13\/inscricoes-para-concurso-da-prefeitura-de-rp-comecam-hoje-dia-13\/","url_meta":{"origin":75661,"position":0},"title":"Inscri\u00e7\u00f5es para concurso da Prefeitura de RP come\u00e7am hoje, dia 13","author":"noticiasribeiraopreto.com.br","date":"13 de November de 2023","format":false,"excerpt":"13 de novembro de 2023 | 14:0013 de novembro de 2023 | 11:30 0Come\u00e7a nesta segunda-feira, 13 de novembro, o per\u00edodo de inscri\u00e7\u00f5es para o concurso p\u00fablico da prefeitura de Ribeir\u00e3o Preto que oferece nove vagas em diferentes \u00e1reas de atua\u00e7\u00e3o. As oportunidades s\u00e3o para cirurgi\u00e3o dentista (2), educador f\u00edsico\u2026","rel":"","context":"In &quot;Not\u00edcias de Ribeir\u00e3o Preto-SP e Regi\u00e3o&quot;","block_context":{"text":"Not\u00edcias de Ribeir\u00e3o Preto-SP e Regi\u00e3o","link":"https:\/\/noticiasribeiraopreto.com.br\/index.php\/category\/noticias-de-ribeirao-preto-sp-e-regiao-ismael-colosi\/"},"img":{"alt_text":"","src":"https:\/\/i0.wp.com\/noticiasribeiraopreto.com.br\/wp-content\/uploads\/2023\/11\/concurso-scaled.jpeg?fit=968%2C645&ssl=1&resize=350%2C200","width":350,"height":200,"srcset":"https:\/\/i0.wp.com\/noticiasribeiraopreto.com.br\/wp-content\/uploads\/2023\/11\/concurso-scaled.jpeg?fit=968%2C645&ssl=1&resize=350%2C200 1x, https:\/\/i0.wp.com\/noticiasribeiraopreto.com.br\/wp-content\/uploads\/2023\/11\/concurso-scaled.jpeg?fit=968%2C645&ssl=1&resize=525%2C300 1.5x, https:\/\/i0.wp.com\/noticiasribeiraopreto.com.br\/wp-content\/uploads\/2023\/11\/concurso-scaled.jpeg?fit=968%2C645&ssl=1&resize=700%2C400 2x"},"classes":[]},{"id":78319,"url":"https:\/\/noticiasribeiraopreto.com.br\/index.php\/2025\/10\/08\/usp-tem-concurso-publico-com-salarios-de-ate-r-11-mil-e-vaga-em-ribeirao-preto\/","url_meta":{"origin":75661,"position":1},"title":"USP tem concurso p\u00fablico com sal\u00e1rios de at\u00e9 R$ 11 mil e vaga em Ribeir\u00e3o Preto","author":"noticiasribeiraopreto.com.br","date":"8 de October de 2025","format":false,"excerpt":"A USP (Universidade de S\u00e3o Paulo) publicou 10 editais de concurso p\u00fablico com 12 vagas e oportunidades para diversos campi, incluindo o de Ribeir\u00e3o Preto. As inscri\u00e7\u00f5es come\u00e7am no dia 13 de outubro e os sal\u00e1rios variam entre R$ 6 mil e R$ 11 mil. Edital 64\/2025 Enfermeiro (especialidade obstetr\u00edcia).\u2026","rel":"","context":"In &quot;Not\u00edcias de Ribeir\u00e3o Preto-SP e Regi\u00e3o&quot;","block_context":{"text":"Not\u00edcias de Ribeir\u00e3o Preto-SP e Regi\u00e3o","link":"https:\/\/noticiasribeiraopreto.com.br\/index.php\/category\/noticias-de-ribeirao-preto-sp-e-regiao-ismael-colosi\/"},"img":{"alt_text":"","src":"https:\/\/i0.wp.com\/noticiasribeiraopreto.com.br\/wp-content\/uploads\/2025\/09\/Copia-de-Copia-de-TAMANHO-EXATO-PARA-FOTOS-NO-SISTEMA-NOVO-6_2024-06-11_13-40-15_jpg_2024-06-11_13-40-15.webp.webp?fit=1200%2C675&ssl=1&resize=350%2C200","width":350,"height":200,"srcset":"https:\/\/i0.wp.com\/noticiasribeiraopreto.com.br\/wp-content\/uploads\/2025\/09\/Copia-de-Copia-de-TAMANHO-EXATO-PARA-FOTOS-NO-SISTEMA-NOVO-6_2024-06-11_13-40-15_jpg_2024-06-11_13-40-15.webp.webp?fit=1200%2C675&ssl=1&resize=350%2C200 1x, https:\/\/i0.wp.com\/noticiasribeiraopreto.com.br\/wp-content\/uploads\/2025\/09\/Copia-de-Copia-de-TAMANHO-EXATO-PARA-FOTOS-NO-SISTEMA-NOVO-6_2024-06-11_13-40-15_jpg_2024-06-11_13-40-15.webp.webp?fit=1200%2C675&ssl=1&resize=525%2C300 1.5x, https:\/\/i0.wp.com\/noticiasribeiraopreto.com.br\/wp-content\/uploads\/2025\/09\/Copia-de-Copia-de-TAMANHO-EXATO-PARA-FOTOS-NO-SISTEMA-NOVO-6_2024-06-11_13-40-15_jpg_2024-06-11_13-40-15.webp.webp?fit=1200%2C675&ssl=1&resize=700%2C400 2x, https:\/\/i0.wp.com\/noticiasribeiraopreto.com.br\/wp-content\/uploads\/2025\/09\/Copia-de-Copia-de-TAMANHO-EXATO-PARA-FOTOS-NO-SISTEMA-NOVO-6_2024-06-11_13-40-15_jpg_2024-06-11_13-40-15.webp.webp?fit=1200%2C675&ssl=1&resize=1050%2C600 3x"},"classes":[]},{"id":36427,"url":"https:\/\/noticiasribeiraopreto.com.br\/index.php\/2024\/02\/09\/inss-confirmou-o-pagamento-do-13-salario-veja-quando-sera\/","url_meta":{"origin":75661,"position":2},"title":"INSS confirmou o pagamento do 13 sal\u00e1rio; Veja quando ser\u00e1","author":"noticiasribeiraopreto.com.br","date":"9 de February de 2024","format":false,"excerpt":"O Instituto Nacional de Pesquisas do Seguro Social (INSS) confirmou recentemente o pagamento do seu 13\u00ba sal\u00e1rio para aposentados no segundo semestre de 2024. A informa\u00e7\u00e3o veio em meio a questionamentos de benefici\u00e1rios sobre a possibilidade de previs\u00e3o de pagamentos. \u00c9 semelhante ao que aconteceu em v\u00e1rios casos anteriores pelo\u2026","rel":"","context":"In &quot;Dinheiro e Investimento&quot;","block_context":{"text":"Dinheiro e Investimento","link":"https:\/\/noticiasribeiraopreto.com.br\/index.php\/category\/dinheiro-e-investimento-como-fazer-como-ganhar\/"},"img":{"alt_text":"","src":"https:\/\/i0.wp.com\/noticiasribeiraopreto.com.br\/wp-content\/uploads\/2024\/02\/13o-Salario-do.webp.png?fit=1200%2C630&ssl=1&resize=350%2C200","width":350,"height":200,"srcset":"https:\/\/i0.wp.com\/noticiasribeiraopreto.com.br\/wp-content\/uploads\/2024\/02\/13o-Salario-do.webp.png?fit=1200%2C630&ssl=1&resize=350%2C200 1x, https:\/\/i0.wp.com\/noticiasribeiraopreto.com.br\/wp-content\/uploads\/2024\/02\/13o-Salario-do.webp.png?fit=1200%2C630&ssl=1&resize=525%2C300 1.5x, https:\/\/i0.wp.com\/noticiasribeiraopreto.com.br\/wp-content\/uploads\/2024\/02\/13o-Salario-do.webp.png?fit=1200%2C630&ssl=1&resize=700%2C400 2x, https:\/\/i0.wp.com\/noticiasribeiraopreto.com.br\/wp-content\/uploads\/2024\/02\/13o-Salario-do.webp.png?fit=1200%2C630&ssl=1&resize=1050%2C600 3x"},"classes":[]},{"id":27760,"url":"https:\/\/noticiasribeiraopreto.com.br\/index.php\/2024\/01\/13\/capa-13-01-2024\/","url_meta":{"origin":75661,"position":3},"title":"Capa 13\/01\/2024 &#8211; Jornal Tribuna Ribeir\u00e3o","author":"noticiasribeiraopreto.com.br","date":"13 de January de 2024","format":false,"excerpt":"Ribeir\u00e3o Preto \u00e9 o centro de uma regi\u00e3o com mais de 3 milh\u00f5es de habitantes. O agroneg\u00f3cio, o com\u00e9rcio e a presta\u00e7\u00e3o de servi\u00e7os s\u00e3o os pontos fortes da economia. O jornal Tribuna circula em Ribeir\u00e3o Preto e em outras 10 cidades da regi\u00e3o. Sua linha editorial \u00e9 informativa e\u2026","rel":"","context":"In &quot;Not\u00edcias de Ribeir\u00e3o Preto-SP e Regi\u00e3o&quot;","block_context":{"text":"Not\u00edcias de Ribeir\u00e3o Preto-SP e Regi\u00e3o","link":"https:\/\/noticiasribeiraopreto.com.br\/index.php\/category\/noticias-de-ribeirao-preto-sp-e-regiao-ismael-colosi\/"},"img":{"alt_text":"","src":"https:\/\/i0.wp.com\/noticiasribeiraopreto.com.br\/wp-content\/uploads\/2024\/01\/Capa-6810-scaled.jpg?fit=368%2C645&ssl=1&resize=350%2C200","width":350,"height":200},"classes":[]},{"id":71541,"url":"https:\/\/noticiasribeiraopreto.com.br\/index.php\/2025\/06\/07\/jornal-da-franca-sexta-feira-13-origem-e-historias-de-uma-data-temida-e-que-gera-muitas-curiosidades\/","url_meta":{"origin":75661,"position":4},"title":"Jornal da Franca &#8211; Sexta-feira 13: origem e hist\u00f3rias de uma data temida e que gera muitas curiosidades","author":"noticiasribeiraopreto.com.br","date":"7 de June de 2025","format":false,"excerpt":"compartilhar no whatsapp compartilhar no telegram compartilhar no facebook compartilhar no linkedin Em Franca, a sexta-feira 13 \u00e9 uma data que causa arrepios em muita gente Em Franca, como em muitas outras cidades, a sexta-feira 13 que est\u00e1 no calend\u00e1rio na pr\u00f3xima semana \u00e9 uma data que causa arrepios em\u2026","rel":"","context":"In &quot;Not\u00edcias de Franca-SP&quot;","block_context":{"text":"Not\u00edcias de Franca-SP","link":"https:\/\/noticiasribeiraopreto.com.br\/index.php\/category\/noticias-de-ribeirao-preto-sp-e-regiao-ismael-colosi\/noticias-franca-sp\/"},"img":{"alt_text":"","src":"https:\/\/i0.wp.com\/noticiasribeiraopreto.com.br\/wp-content\/uploads\/2025\/06\/gato-preto-sexta-feira-13-freepik-scaled.jpg?fit=1200%2C800&ssl=1&resize=350%2C200","width":350,"height":200,"srcset":"https:\/\/i0.wp.com\/noticiasribeiraopreto.com.br\/wp-content\/uploads\/2025\/06\/gato-preto-sexta-feira-13-freepik-scaled.jpg?fit=1200%2C800&ssl=1&resize=350%2C200 1x, https:\/\/i0.wp.com\/noticiasribeiraopreto.com.br\/wp-content\/uploads\/2025\/06\/gato-preto-sexta-feira-13-freepik-scaled.jpg?fit=1200%2C800&ssl=1&resize=525%2C300 1.5x, https:\/\/i0.wp.com\/noticiasribeiraopreto.com.br\/wp-content\/uploads\/2025\/06\/gato-preto-sexta-feira-13-freepik-scaled.jpg?fit=1200%2C800&ssl=1&resize=700%2C400 2x, https:\/\/i0.wp.com\/noticiasribeiraopreto.com.br\/wp-content\/uploads\/2025\/06\/gato-preto-sexta-feira-13-freepik-scaled.jpg?fit=1200%2C800&ssl=1&resize=1050%2C600 3x"},"classes":[]},{"id":47074,"url":"https:\/\/noticiasribeiraopreto.com.br\/index.php\/2024\/04\/19\/vaga-para-tecnico-de-controle-de-acesso-e-cftv-em-ribeirao-pretoha-13-minutos\/","url_meta":{"origin":75661,"position":5},"title":"Vaga para T\u00e9cnico de Controle de Acesso e CFTV em Ribeir\u00e3o Pretoh\u00e1 13 minutos","author":"noticiasribeiraopreto.com.br","date":"19 de April de 2024","format":false,"excerpt":"Vaga para Servi\u00e7os Gerais I em Monte Alto - SP Vaga para T\u00e9cnico de Controle de Acesso e CFTV em Ribeir\u00e3o Pretoh\u00e1 13 minutos Vaga para Consultor de Vendas em Ribeir\u00e3o Pretoh\u00e1 44 minutos 1 vaga para Preparador e Operador de Torno CNC em Monte Alto - SPh\u00e1 58 minutos\u2026","rel":"","context":"In &quot;Vagas de Emprego em Ribeir\u00e3o Preto-SP&quot;","block_context":{"text":"Vagas de Emprego em Ribeir\u00e3o Preto-SP","link":"https:\/\/noticiasribeiraopreto.com.br\/index.php\/category\/empregos-classificados-vagas-trabalho\/vagas-de-empregos-em-ribeirao-preto-regiao-brasil\/"},"img":{"alt_text":"","src":"","width":0,"height":0},"classes":[]}],"jetpack_sharing_enabled":true,"jetpack_shortlink":"https:\/\/wp.me\/peQAOb-jGl","_links":{"self":[{"href":"https:\/\/noticiasribeiraopreto.com.br\/index.php\/wp-json\/wp\/v2\/posts\/75661","targetHints":{"allow":["GET"]}}],"collection":[{"href":"https:\/\/noticiasribeiraopreto.com.br\/index.php\/wp-json\/wp\/v2\/posts"}],"about":[{"href":"https:\/\/noticiasribeiraopreto.com.br\/index.php\/wp-json\/wp\/v2\/types\/post"}],"author":[{"embeddable":true,"href":"https:\/\/noticiasribeiraopreto.com.br\/index.php\/wp-json\/wp\/v2\/users\/1"}],"replies":[{"embeddable":true,"href":"https:\/\/noticiasribeiraopreto.com.br\/index.php\/wp-json\/wp\/v2\/comments?post=75661"}],"version-history":[{"count":0,"href":"https:\/\/noticiasribeiraopreto.com.br\/index.php\/wp-json\/wp\/v2\/posts\/75661\/revisions"}],"wp:featuredmedia":[{"embeddable":true,"href":"https:\/\/noticiasribeiraopreto.com.br\/index.php\/wp-json\/wp\/v2\/media\/75662"}],"wp:attachment":[{"href":"https:\/\/noticiasribeiraopreto.com.br\/index.php\/wp-json\/wp\/v2\/media?parent=75661"}],"wp:term":[{"taxonomy":"category","embeddable":true,"href":"https:\/\/noticiasribeiraopreto.com.br\/index.php\/wp-json\/wp\/v2\/categories?post=75661"},{"taxonomy":"post_tag","embeddable":true,"href":"https:\/\/noticiasribeiraopreto.com.br\/index.php\/wp-json\/wp\/v2\/tags?post=75661"}],"curies":[{"name":"wp","href":"https:\/\/api.w.org\/{rel}","templated":true}]}}