{"id":75663,"date":"2025-08-13T13:41:39","date_gmt":"2025-08-13T16:41:39","guid":{"rendered":"https:\/\/noticiasribeiraopreto.com.br\/index.php\/2025\/08\/13\/ribeirao-preto-abre-chamamento-publico-para-clinica-veterinaria\/"},"modified":"2025-08-13T13:41:39","modified_gmt":"2025-08-13T16:41:39","slug":"ribeirao-preto-abre-chamamento-publico-para-clinica-veterinaria","status":"publish","type":"post","link":"https:\/\/noticiasribeiraopreto.com.br\/index.php\/2025\/08\/13\/ribeirao-preto-abre-chamamento-publico-para-clinica-veterinaria\/","title":{"rendered":"Ribeir\u00e3o Preto abre chamamento p\u00fablico para cl\u00ednica veterin\u00e1ria"},"content":{"rendered":"<div class='code-block code-block-1' style='margin: 8px 0 8px auto; text-align: right; display: block; clear: both;'>\n<p><a href=\"https:\/\/wa.link\/vpicfd\"><img data-recalc-dims=\"1\" class=\"wp-image-4922\" style=\"aspect-ratio: 2.0253164556962027; width: 561px; height: auto;\" src=\"https:\/\/i0.wp.com\/ismaelcolosi.com.br\/wp-content\/uploads\/2023\/11\/grupo-de-empregos-whatsapp-e-facebook-ismael-colosi-vagas.jpg?ssl=1\" alt=\"\" \/><\/a><\/p>\n<!-- \/wp:image -->\n<\/div>\n<p> <br \/>\n<\/p>\n<div data-td-block-uid=\"tdi_95\">\n<div class=\"tdb-block-inner td-fix-index\">\n<p>A <strong><a href=\"https:\/\/www.ribeiraopreto.sp.gov.br\/\" data-type=\"link\" data-id=\"https:\/\/www.ribeiraopreto.sp.gov.br\/\" target=\"_blank\" rel=\"noopener\">Prefeitura de Ribeir\u00e3o Preto<\/a><\/strong> publicou o chamamento p\u00fablico para contrata\u00e7\u00e3o da entidade que ser\u00e1 respons\u00e1vel pela gest\u00e3o da<strong> Cl\u00ednica Veterin\u00e1ria Meu Pet<\/strong>. Segundo o Executivo, o munic\u00edpio recebeu as chaves do pr\u00e9dio constru\u00eddo pelo governo estadual na \u00faltima segunda-feira (11).<\/p>\n<p><mark style=\"background-color:#fcb900\" class=\"has-inline-color has-black-color\">As propostas devem ser entregues at\u00e9 o dia 26 de setembro<\/mark>, quando ser\u00e1 realizada a abertura dos envelopes. O edital completo e as orienta\u00e7\u00f5es para participa\u00e7\u00e3o est\u00e3o dispon\u00edveis no site da <strong>Secretaria de Meio Ambiente <\/strong>(<a href=\"https:\/\/www.ribeiraopreto.sp.gov.br\/portal\/meio-ambiente\/editais\" data-type=\"link\" data-id=\"https:\/\/www.ribeiraopreto.sp.gov.br\/portal\/meio-ambiente\/editais\" target=\"_blank\" rel=\"noopener\">clique aqui).<\/a><\/p>\n<p>A entrega do empreendimento ao munic\u00edpio ocorreu ap\u00f3s vistoria conjunta entre t\u00e9cnicos da Secretaria de Meio Ambiente e da Secretaria Estadual de Meio Ambiente, Infraestrutura e Log\u00edstica (SEMIL) de S\u00e3o Paulo.<\/p>\n<p><mark style=\"background-color:#fcb900\" class=\"has-inline-color has-black-color\">\u201cA previs\u00e3o \u00e9 que a cl\u00ednica inicie suas atividades ainda neste ano\u201d<\/mark>, afirma o secret\u00e1rio de Meio Ambiente, Cl\u00e1udio Almeida.<\/p>\n<h2 class=\"wp-block-heading\"><strong>Novas adequa\u00e7\u00f5es<\/strong><\/h2>\n<p>Em abril deste ano, a cl\u00ednica havia sido repassada parcialmente ao munic\u00edpio. Contudo, Uma vistoria t\u00e9cnica identificou a necessidade de novas adequa\u00e7\u00f5es, como a instala\u00e7\u00e3o completa dos aparelhos de ar-condicionado e a regulariza\u00e7\u00e3o do fornecimento de energia el\u00e9trica.<\/p>\n<p>Com capacidade para realizar cerca de 260 procedimentos, incluindo exames laboratoriais e cirurgias de m\u00e9dia e alta complexidade, a cl\u00ednica dever\u00e1 atender aproximadamente 3 mil animais por ano.<\/p>\n<p>O servi\u00e7o ser\u00e1 voltado prioritariamente a fam\u00edlias de baixa renda, al\u00e9m de organiza\u00e7\u00f5es sem fins lucrativos e cuidadores de animais. A unidade est\u00e1 localizada na Avenida Lu\u00eds Galv\u00e3o C\u00e9sar, no Jardim Jos\u00e9 Sampaio.<\/p>\n<p>SAIBA MAIS<br \/>Ar seco chega com for\u00e7a e deixa estado de SP em risco para baixa umidade<\/p>\n<h2 class=\"wp-block-heading\"><strong>FIQUE ON<\/strong><\/h2>\n<p>Fique ligado em tudo que acontece em Ribeir\u00e3o Preto e regi\u00e3o. Siga os perfis do <strong>acidade on<\/strong> no<a href=\"https:\/\/www.instagram.com\/acidadeonribeirao\" data-type=\"link\" data-id=\"https:\/\/www.instagram.com\/acidadeonribeirao\" target=\"_blank\" rel=\"noopener\"> Instagram<\/a> e no <a href=\"https:\/\/www.facebook.com\/acidadeonribeirao\/\" data-type=\"link\" data-id=\"https:\/\/www.facebook.com\/acidadeonribeirao\/\" target=\"_blank\" rel=\"noopener\">Facebook<\/a>.<\/p>\n<p>Receba not\u00edcias do<strong> acidade on<\/strong> no WhatsApp. <a href=\"https:\/\/chat.whatsapp.com\/I4nieTEMKlf50pJ28aMemC?mode=ac_t\" data-type=\"link\" data-id=\"https:\/\/chat.whatsapp.com\/I4nieTEMKlf50pJ28aMemC?mode=ac_t\" target=\"_blank\" rel=\"noopener\">Para entrar no grupo, basta clicar aqui.<\/a><\/p>\n<p>Fa\u00e7a uma den\u00fancia ou sugira uma reportagem sobre Ribeir\u00e3o Preto e regi\u00e3o pelo WhatsApp: 16 99117 7802.<\/p>\n<p>VEJA TAMB\u00c9M<br \/>Quais vagas tempor\u00e1rias est\u00e3o dispon\u00edveis no IBGE?<\/p>\n<p><!-- AI CONTENT END 1 -->\n<\/div>\n<\/div>\n<p><script async src=\"\/\/www.instagram.com\/embed.js\"><\/script><br \/>\n<br \/><br \/>\n<br \/><a href=\"https:\/\/www.acidadeon.com\/ribeiraopreto\/politica\/ribeirao-preto-abre-chamamento-publico-para-clinica-veterinaria\/\">Source link <\/a><\/p>\n<!-- CONTENT END 1 -->\n","protected":false},"excerpt":{"rendered":"<p>A Prefeitura de Ribeir\u00e3o Preto publicou o chamamento p\u00fablico para contrata\u00e7\u00e3o da entidade que ser\u00e1 respons\u00e1vel pela gest\u00e3o da Cl\u00ednica Veterin\u00e1ria Meu Pet. Segundo o&#8230;<\/p>\n","protected":false},"author":1,"featured_media":75664,"comment_status":"open","ping_status":"open","sticky":false,"template":"","format":"standard","meta":{"advanced_seo_description":"","jetpack_seo_html_title":"","jetpack_seo_noindex":false,"jetpack_post_was_ever_published":false,"_jetpack_newsletter_access":"","_jetpack_dont_email_post_to_subs":false,"_jetpack_newsletter_tier_id":0,"_jetpack_memberships_contains_paywalled_content":false,"_jetpack_memberships_contains_paid_content":false,"footnotes":"","jetpack_publicize_message":"","jetpack_publicize_feature_enabled":true,"jetpack_social_post_already_shared":true,"jetpack_social_options":{"image_generator_settings":{"template":"highway","default_image_id":0,"font":"","enabled":false},"version":2}},"categories":[11],"tags":[],"class_list":["post-75663","post","type-post","status-publish","format-standard","has-post-thumbnail","hentry","category-noticias-de-ribeirao-preto-sp-e-regiao-ismael-colosi"],"jetpack_publicize_connections":[],"jetpack_featured_media_url":"https:\/\/i0.wp.com\/noticiasribeiraopreto.com.br\/wp-content\/uploads\/2025\/08\/clinica-meu-pet_2025-04-25_13-47-06.webp.webp?fit=1200%2C798&ssl=1","jetpack-related-posts":[{"id":80692,"url":"https:\/\/noticiasribeiraopreto.com.br\/index.php\/2025\/12\/11\/prefeitura-de-ribeirao-preto-republica-chamamento-para-gestao-da-clinica-veterinaria-pet\/","url_meta":{"origin":75663,"position":0},"title":"Prefeitura de Ribeir\u00e3o Preto republica chamamento para gest\u00e3o da Cl\u00ednica Veterin\u00e1ria Pet","author":"noticiasribeiraopreto.com.br","date":"11 de December de 2025","format":false,"excerpt":"A Prefeitura de Ribeir\u00e3o Preto republicou nesta quarta-feira (10), o chamamento p\u00fablico para contrata\u00e7\u00e3o de uma organiza\u00e7\u00e3o social sem fins lucrativos, que ser\u00e1 respons\u00e1vel pela gest\u00e3o da Cl\u00ednica Veterin\u00e1ria Meu Pet. De acordo com a Administra\u00e7\u00e3o, a medida foi necess\u00e1ria para atender as orienta\u00e7\u00f5es do Tribunal de Contas do Estado\u2026","rel":"","context":"In &quot;Not\u00edcias de Ribeir\u00e3o Preto-SP e Regi\u00e3o&quot;","block_context":{"text":"Not\u00edcias de Ribeir\u00e3o Preto-SP e Regi\u00e3o","link":"https:\/\/noticiasribeiraopreto.com.br\/index.php\/category\/noticias-de-ribeirao-preto-sp-e-regiao-ismael-colosi\/"},"img":{"alt_text":"","src":"https:\/\/i0.wp.com\/noticiasribeiraopreto.com.br\/wp-content\/uploads\/2025\/08\/clinica-meu-pet_2025-04-25_13-47-06.webp.webp?fit=1200%2C798&ssl=1&resize=350%2C200","width":350,"height":200,"srcset":"https:\/\/i0.wp.com\/noticiasribeiraopreto.com.br\/wp-content\/uploads\/2025\/08\/clinica-meu-pet_2025-04-25_13-47-06.webp.webp?fit=1200%2C798&ssl=1&resize=350%2C200 1x, https:\/\/i0.wp.com\/noticiasribeiraopreto.com.br\/wp-content\/uploads\/2025\/08\/clinica-meu-pet_2025-04-25_13-47-06.webp.webp?fit=1200%2C798&ssl=1&resize=525%2C300 1.5x, https:\/\/i0.wp.com\/noticiasribeiraopreto.com.br\/wp-content\/uploads\/2025\/08\/clinica-meu-pet_2025-04-25_13-47-06.webp.webp?fit=1200%2C798&ssl=1&resize=700%2C400 2x, https:\/\/i0.wp.com\/noticiasribeiraopreto.com.br\/wp-content\/uploads\/2025\/08\/clinica-meu-pet_2025-04-25_13-47-06.webp.webp?fit=1200%2C798&ssl=1&resize=1050%2C600 3x"},"classes":[]},{"id":77436,"url":"https:\/\/noticiasribeiraopreto.com.br\/index.php\/2025\/09\/18\/prefeitura-suspende-contratacao-de-gestor-para-clinica-veterinaria\/","url_meta":{"origin":75663,"position":1},"title":"Prefeitura suspende contrata\u00e7\u00e3o de gestor para Cl\u00ednica Veterin\u00e1ria","author":"noticiasribeiraopreto.com.br","date":"18 de September de 2025","format":false,"excerpt":"18 de setembro de 2025 15:295 Compartilhar0 Esta \u00e9 a segunda vez que a contrata\u00e7\u00e3o de gestor para o equipamento \u00e9 questionada no Tribunal de Contas do Estado de S\u00e3o Paulo; a primeira vez foi no governo do ex-prefeito Duarte Nogueira; local tamb\u00e9m j\u00e1 foi alvo de furtos cinco vezes\u2026","rel":"","context":"In &quot;Not\u00edcias de Ribeir\u00e3o Preto-SP e Regi\u00e3o&quot;","block_context":{"text":"Not\u00edcias de Ribeir\u00e3o Preto-SP e Regi\u00e3o","link":"https:\/\/noticiasribeiraopreto.com.br\/index.php\/category\/noticias-de-ribeirao-preto-sp-e-regiao-ismael-colosi\/"},"img":{"alt_text":"","src":"https:\/\/i0.wp.com\/noticiasribeiraopreto.com.br\/wp-content\/uploads\/2025\/09\/VETERINARIA-.jpg?fit=1200%2C800&ssl=1&resize=350%2C200","width":350,"height":200,"srcset":"https:\/\/i0.wp.com\/noticiasribeiraopreto.com.br\/wp-content\/uploads\/2025\/09\/VETERINARIA-.jpg?fit=1200%2C800&ssl=1&resize=350%2C200 1x, https:\/\/i0.wp.com\/noticiasribeiraopreto.com.br\/wp-content\/uploads\/2025\/09\/VETERINARIA-.jpg?fit=1200%2C800&ssl=1&resize=525%2C300 1.5x, https:\/\/i0.wp.com\/noticiasribeiraopreto.com.br\/wp-content\/uploads\/2025\/09\/VETERINARIA-.jpg?fit=1200%2C800&ssl=1&resize=700%2C400 2x, https:\/\/i0.wp.com\/noticiasribeiraopreto.com.br\/wp-content\/uploads\/2025\/09\/VETERINARIA-.jpg?fit=1200%2C800&ssl=1&resize=1050%2C600 3x"},"classes":[]},{"id":82968,"url":"https:\/\/noticiasribeiraopreto.com.br\/index.php\/2026\/03\/05\/cee-cobra-entrega-de-clinica-pet\/","url_meta":{"origin":75663,"position":2},"title":"\u2028CEE cobra entrega de cl\u00ednica pet","author":"noticiasribeiraopreto.com.br","date":"5 de March de 2026","format":false,"excerpt":"Constru\u00edda na avenida Lu\u00eds Galv\u00e3o C\u00e9sar, no Jardim Jos\u00e9 Sampaio, o equipamento tinha previs\u00e3o para come\u00e7ar a funcionar no segundo semestre de 2025 A Comiss\u00e3o Especial de Estudos (CEE) da C\u00e2mara de Ribeir\u00e3o Preto, que acompanha a instala\u00e7\u00e3o da Cl\u00ednica Veterin\u00e1ria Meu Pet em Ribeir\u00e3o Preto, cobra agilidade no processo\u2026","rel":"","context":"In &quot;Not\u00edcias de Ribeir\u00e3o Preto-SP e Regi\u00e3o&quot;","block_context":{"text":"Not\u00edcias de Ribeir\u00e3o Preto-SP e Regi\u00e3o","link":"https:\/\/noticiasribeiraopreto.com.br\/index.php\/category\/noticias-de-ribeirao-preto-sp-e-regiao-ismael-colosi\/"},"img":{"alt_text":"","src":"https:\/\/i0.wp.com\/noticiasribeiraopreto.com.br\/wp-content\/uploads\/2026\/03\/ClinicaPET-Guilherme-Sircili-scaled.jpg?fit=1170%2C780&ssl=1&resize=350%2C200","width":350,"height":200,"srcset":"https:\/\/i0.wp.com\/noticiasribeiraopreto.com.br\/wp-content\/uploads\/2026\/03\/ClinicaPET-Guilherme-Sircili-scaled.jpg?fit=1170%2C780&ssl=1&resize=350%2C200 1x, https:\/\/i0.wp.com\/noticiasribeiraopreto.com.br\/wp-content\/uploads\/2026\/03\/ClinicaPET-Guilherme-Sircili-scaled.jpg?fit=1170%2C780&ssl=1&resize=525%2C300 1.5x, https:\/\/i0.wp.com\/noticiasribeiraopreto.com.br\/wp-content\/uploads\/2026\/03\/ClinicaPET-Guilherme-Sircili-scaled.jpg?fit=1170%2C780&ssl=1&resize=700%2C400 2x, https:\/\/i0.wp.com\/noticiasribeiraopreto.com.br\/wp-content\/uploads\/2026\/03\/ClinicaPET-Guilherme-Sircili-scaled.jpg?fit=1170%2C780&ssl=1&resize=1050%2C600 3x"},"classes":[]},{"id":77417,"url":"https:\/\/noticiasribeiraopreto.com.br\/index.php\/2025\/09\/18\/inauguracao-de-hospital-publico-veterinario-tem-novo-obstaculo-em-ribeirao-preto\/","url_meta":{"origin":75663,"position":3},"title":"Inaugura\u00e7\u00e3o de hospital p\u00fablico veterin\u00e1rio tem novo obst\u00e1culo em Ribeir\u00e3o Preto","author":"noticiasribeiraopreto.com.br","date":"18 de September de 2025","format":false,"excerpt":"A Prefeitura de Ribeir\u00e3o Preto suspendeu o chamamento p\u00fablico para contrata\u00e7\u00e3o de uma organiza\u00e7\u00e3o social para gest\u00e3o do hospital p\u00fablico veterin\u00e1rio Meu Pet. A cl\u00ednica foi entregue pelo governo estadual ao munic\u00edpio no \u00faltimo m\u00eas de agosto. A suspens\u00e3o do chamamento p\u00fablico foi publicada no Di\u00e1rio Oficial do Munic\u00edpio da\u2026","rel":"","context":"In &quot;Not\u00edcias de Ribeir\u00e3o Preto-SP e Regi\u00e3o&quot;","block_context":{"text":"Not\u00edcias de Ribeir\u00e3o Preto-SP e Regi\u00e3o","link":"https:\/\/noticiasribeiraopreto.com.br\/index.php\/category\/noticias-de-ribeirao-preto-sp-e-regiao-ismael-colosi\/"},"img":{"alt_text":"","src":"https:\/\/i0.wp.com\/noticiasribeiraopreto.com.br\/wp-content\/uploads\/2025\/08\/clinica-meu-pet_2025-04-25_13-47-06.webp.webp?fit=1200%2C798&ssl=1&resize=350%2C200","width":350,"height":200,"srcset":"https:\/\/i0.wp.com\/noticiasribeiraopreto.com.br\/wp-content\/uploads\/2025\/08\/clinica-meu-pet_2025-04-25_13-47-06.webp.webp?fit=1200%2C798&ssl=1&resize=350%2C200 1x, https:\/\/i0.wp.com\/noticiasribeiraopreto.com.br\/wp-content\/uploads\/2025\/08\/clinica-meu-pet_2025-04-25_13-47-06.webp.webp?fit=1200%2C798&ssl=1&resize=525%2C300 1.5x, https:\/\/i0.wp.com\/noticiasribeiraopreto.com.br\/wp-content\/uploads\/2025\/08\/clinica-meu-pet_2025-04-25_13-47-06.webp.webp?fit=1200%2C798&ssl=1&resize=700%2C400 2x, https:\/\/i0.wp.com\/noticiasribeiraopreto.com.br\/wp-content\/uploads\/2025\/08\/clinica-meu-pet_2025-04-25_13-47-06.webp.webp?fit=1200%2C798&ssl=1&resize=1050%2C600 3x"},"classes":[]},{"id":34877,"url":"https:\/\/noticiasribeiraopreto.com.br\/index.php\/2024\/02\/04\/entenda-por-que-o-hospital-publico-veterinario-ainda-nao-foi-inaugurado-em-ribeirao\/","url_meta":{"origin":75663,"position":4},"title":"Entenda por que o hospital p\u00fablico veterin\u00e1rio ainda n\u00e3o foi inaugurado em Ribeir\u00e3o","author":"noticiasribeiraopreto.com.br","date":"4 de February de 2024","format":false,"excerpt":"Mesmo com o pr\u00e9dio pronto desde novembro de 2023, o Hospital P\u00fablico Veterin\u00e1rio de Ribeir\u00e3o Preto, do programa Meu Pet, ainda aguarda para ser inaugurado. A unidade, que fica no Jardim Jos\u00e9 Sampaio, na zona Norte, custou R$ 7,5 milh\u00f5es. No ano passado, a Secretaria de Meio Ambiente, Infraestrutura e\u2026","rel":"","context":"In &quot;Not\u00edcias de Ribeir\u00e3o Preto-SP e Regi\u00e3o&quot;","block_context":{"text":"Not\u00edcias de Ribeir\u00e3o Preto-SP e Regi\u00e3o","link":"https:\/\/noticiasribeiraopreto.com.br\/index.php\/category\/noticias-de-ribeirao-preto-sp-e-regiao-ismael-colosi\/"},"img":{"alt_text":"","src":"https:\/\/i0.wp.com\/noticiasribeiraopreto.com.br\/wp-content\/uploads\/2024\/02\/hospital-publico-veterinario.jpg?fit=1200%2C800&ssl=1&resize=350%2C200","width":350,"height":200,"srcset":"https:\/\/i0.wp.com\/noticiasribeiraopreto.com.br\/wp-content\/uploads\/2024\/02\/hospital-publico-veterinario.jpg?fit=1200%2C800&ssl=1&resize=350%2C200 1x, https:\/\/i0.wp.com\/noticiasribeiraopreto.com.br\/wp-content\/uploads\/2024\/02\/hospital-publico-veterinario.jpg?fit=1200%2C800&ssl=1&resize=525%2C300 1.5x, https:\/\/i0.wp.com\/noticiasribeiraopreto.com.br\/wp-content\/uploads\/2024\/02\/hospital-publico-veterinario.jpg?fit=1200%2C800&ssl=1&resize=700%2C400 2x, https:\/\/i0.wp.com\/noticiasribeiraopreto.com.br\/wp-content\/uploads\/2024\/02\/hospital-publico-veterinario.jpg?fit=1200%2C800&ssl=1&resize=1050%2C600 3x"},"classes":[]},{"id":76727,"url":"https:\/\/noticiasribeiraopreto.com.br\/index.php\/2025\/09\/04\/cidades-na-regiao-de-ribeirao-preto-recebem-consultorios-veterinarios\/","url_meta":{"origin":75663,"position":5},"title":"Cidades na regi\u00e3o de Ribeir\u00e3o Preto recebem consult\u00f3rios veterin\u00e1rios","author":"noticiasribeiraopreto.com.br","date":"4 de September de 2025","format":false,"excerpt":"Duas cidades da regi\u00e3o de Ribeir\u00e3o Preto receberam cont\u00eaineres do programa Meu Pet, que v\u00e3o funcionar como consult\u00f3rios veterin\u00e1rios. Os equipamentos, para atendimento de c\u00e3es e gatos, foram disponibilizados pelo governo estadual para Barrinha e Santa Rosa de Viterbo. Cada consult\u00f3rio \u00e9 instalado em um cont\u00eainer de 60 m\u00b2 e\u2026","rel":"","context":"In &quot;Not\u00edcias de Ribeir\u00e3o Preto-SP e Regi\u00e3o&quot;","block_context":{"text":"Not\u00edcias de Ribeir\u00e3o Preto-SP e Regi\u00e3o","link":"https:\/\/noticiasribeiraopreto.com.br\/index.php\/category\/noticias-de-ribeirao-preto-sp-e-regiao-ismael-colosi\/"},"img":{"alt_text":"","src":"https:\/\/i0.wp.com\/noticiasribeiraopreto.com.br\/wp-content\/uploads\/2025\/09\/meu-pet-consultorio_2025-09-04_13-59-17.webp.webp?fit=1200%2C800&ssl=1&resize=350%2C200","width":350,"height":200,"srcset":"https:\/\/i0.wp.com\/noticiasribeiraopreto.com.br\/wp-content\/uploads\/2025\/09\/meu-pet-consultorio_2025-09-04_13-59-17.webp.webp?fit=1200%2C800&ssl=1&resize=350%2C200 1x, https:\/\/i0.wp.com\/noticiasribeiraopreto.com.br\/wp-content\/uploads\/2025\/09\/meu-pet-consultorio_2025-09-04_13-59-17.webp.webp?fit=1200%2C800&ssl=1&resize=525%2C300 1.5x, https:\/\/i0.wp.com\/noticiasribeiraopreto.com.br\/wp-content\/uploads\/2025\/09\/meu-pet-consultorio_2025-09-04_13-59-17.webp.webp?fit=1200%2C800&ssl=1&resize=700%2C400 2x, https:\/\/i0.wp.com\/noticiasribeiraopreto.com.br\/wp-content\/uploads\/2025\/09\/meu-pet-consultorio_2025-09-04_13-59-17.webp.webp?fit=1200%2C800&ssl=1&resize=1050%2C600 3x"},"classes":[]}],"jetpack_sharing_enabled":true,"jetpack_shortlink":"https:\/\/wp.me\/peQAOb-jGn","_links":{"self":[{"href":"https:\/\/noticiasribeiraopreto.com.br\/index.php\/wp-json\/wp\/v2\/posts\/75663","targetHints":{"allow":["GET"]}}],"collection":[{"href":"https:\/\/noticiasribeiraopreto.com.br\/index.php\/wp-json\/wp\/v2\/posts"}],"about":[{"href":"https:\/\/noticiasribeiraopreto.com.br\/index.php\/wp-json\/wp\/v2\/types\/post"}],"author":[{"embeddable":true,"href":"https:\/\/noticiasribeiraopreto.com.br\/index.php\/wp-json\/wp\/v2\/users\/1"}],"replies":[{"embeddable":true,"href":"https:\/\/noticiasribeiraopreto.com.br\/index.php\/wp-json\/wp\/v2\/comments?post=75663"}],"version-history":[{"count":0,"href":"https:\/\/noticiasribeiraopreto.com.br\/index.php\/wp-json\/wp\/v2\/posts\/75663\/revisions"}],"wp:featuredmedia":[{"embeddable":true,"href":"https:\/\/noticiasribeiraopreto.com.br\/index.php\/wp-json\/wp\/v2\/media\/75664"}],"wp:attachment":[{"href":"https:\/\/noticiasribeiraopreto.com.br\/index.php\/wp-json\/wp\/v2\/media?parent=75663"}],"wp:term":[{"taxonomy":"category","embeddable":true,"href":"https:\/\/noticiasribeiraopreto.com.br\/index.php\/wp-json\/wp\/v2\/categories?post=75663"},{"taxonomy":"post_tag","embeddable":true,"href":"https:\/\/noticiasribeiraopreto.com.br\/index.php\/wp-json\/wp\/v2\/tags?post=75663"}],"curies":[{"name":"wp","href":"https:\/\/api.w.org\/{rel}","templated":true}]}}