{"id":75669,"date":"2025-08-13T15:59:05","date_gmt":"2025-08-13T18:59:05","guid":{"rendered":"https:\/\/noticiasribeiraopreto.com.br\/index.php\/2025\/08\/13\/nos-vamos-desfazer-essa-sociedade-diz-botafogo-futebol-clube-sobre-sa\/"},"modified":"2025-08-13T15:59:05","modified_gmt":"2025-08-13T18:59:05","slug":"nos-vamos-desfazer-essa-sociedade-diz-botafogo-futebol-clube-sobre-sa","status":"publish","type":"post","link":"https:\/\/noticiasribeiraopreto.com.br\/index.php\/2025\/08\/13\/nos-vamos-desfazer-essa-sociedade-diz-botafogo-futebol-clube-sobre-sa\/","title":{"rendered":"\u2018N\u00f3s vamos desfazer essa sociedade\u2019, diz Botafogo Futebol Clube sobre SA"},"content":{"rendered":"<div class='code-block code-block-1' style='margin: 8px 0 8px auto; text-align: right; display: block; clear: both;'>\n<p><a href=\"https:\/\/wa.link\/vpicfd\"><img data-recalc-dims=\"1\" class=\"wp-image-4922\" style=\"aspect-ratio: 2.0253164556962027; width: 561px; height: auto;\" src=\"https:\/\/i0.wp.com\/ismaelcolosi.com.br\/wp-content\/uploads\/2023\/11\/grupo-de-empregos-whatsapp-e-facebook-ismael-colosi-vagas.jpg?ssl=1\" alt=\"\" \/><\/a><\/p>\n<!-- \/wp:image -->\n<\/div>\n<p> <br \/>\n<\/p>\n<div>\n<p>O presidente do<strong> BFC (Botafogo Futebol Clube)<\/strong>, <strong>Eduardo Esteves<\/strong>, afirmou nesta quarta-feira (13), que n\u00e3o h\u00e1 mais condi\u00e7\u00f5es para manuten\u00e7\u00e3o com a sociedade com a <strong>Trexx Holding<\/strong>, comandada por <strong>Adalberto Baptista<\/strong>, presidente do conselho de administra\u00e7\u00e3o do <strong>BSA (Botafogo Futebol SA)<\/strong>.<\/p>\n<p>\u201cN\u00f3s vamos desfazer essa sociedade\u201d, disse Eduardo Esteves em entrevista coletiva, no<strong> est\u00e1dio Santa Cruz<\/strong>, em <strong>Ribeir\u00e3o Preto<\/strong>. A confer\u00eancia foi convocada pelo Botafogo Futebol Clube, para falar sobre as quest\u00f5es pol\u00edtico-jur\u00eddicas envolvendo as partes do neg\u00f3cio.<\/p>\n<p>Em julho, o clube deu in\u00edcio a um processo na C\u00e2mara de Com\u00e9rcio Brasil-Canad\u00e1 com o objetivo de romper a parceria societ\u00e1ria com a empresa Trexx Holding. Os dirigentes alegam descumprimento do contrato.<\/p>\n<h2 class=\"wp-block-heading\"><strong>Compra de a\u00e7\u00f5es<\/strong><\/h2>\n<p>Eduardo Esteves afirmou que o Botafogo Futebol Clube perdeu nos \u00faltimos anos o acordo com o Refis (programa de regulariza\u00e7\u00e3o de d\u00edvidas) e o plano de pagamentos do ato trabalhista, por falta de pagamentos.<\/p>\n<p>Isso porque, de acordo com ele, o BSA n\u00e3o teria feito o repasse suficiente previsto no contrato. Esteves acredita que trata-se de um movimento do s\u00f3cio, para compra das a\u00e7\u00f5es do clube. Atualmente,<mark style=\"background-color:#fcb900\" class=\"has-inline-color has-black-color\"> a associa\u00e7\u00e3o, representada pelo BFC, tem 60% das cotas, enquanto a Trexx Holding, os outros 40%.<\/mark><\/p>\n<p>\u201cMovimento hostil, agressivo da empresa s\u00f3cia do BFC, em comprar as nossas d\u00edvidas, que j\u00e1 est\u00e3o penhoradas, e automaticamente pegar as nossas cotas na BSA\u201d, declarou.<\/p>\n<h2 class=\"wp-block-heading\"><strong>Regime centralizado de execu\u00e7\u00e3o<\/strong><\/h2>\n<p>Tamb\u00e9m durante a coletiva, a diretoria do Botafogo Futebol Clube informou que o <strong>TJ-SP (Tribunal de Justi\u00e7a de S\u00e3o Paulo) <\/strong>aprovou um regime centralizado de execu\u00e7\u00e3o, no qual o clube tem 60 dias para apresentar um plano de pagamento das d\u00edvidas c\u00edveis. A medida ainda precisa passar pelo conselho deliberativo.<\/p>\n<p>\u201cTeremos um prazo de muitos anos para pagar\u201d, afirma Eduardo. \u201cPela lei da SAF, a associa\u00e7\u00e3o pode usar os 20% da receita bruta. Existe uma grande possibilidade de que a penhora das a\u00e7\u00f5es sejam bloqueadas. Se conseguirmos esse \u00eaxito, salvamos o clube e n\u00e3o tem mais ataque \u00e0s cotas\u201d, declarou.<\/p>\n<h2 class=\"wp-block-heading\"><strong>Outro lado<\/strong><\/h2>\n<p>O conselho de administra\u00e7\u00e3o do <strong>Botafogo Futebol SA <\/strong>foi procurado para comentar as declara\u00e7\u00f5es, contudo n\u00e3o foi encontrado.<\/p>\n<p>Em novembro do ano passado, o presidente do conselho de administra\u00e7\u00e3o do Botafogo SA, Adalberto Baptista, afirmou que j\u00e1 n\u00e3o existia mais rela\u00e7\u00e3o com o Botafogo Futebol Clube, o que atrapalharia o Botafogo Futebol SA financeiramente, mas n\u00e3o esportivamente.<\/p>\n<p>\u201cA briga nunca \u00e9 boa para ningu\u00e9m\u201d, disse na ocasi\u00e3o, no qual, tamb\u00e9m confirmou que exercia a compra de a\u00e7\u00f5es que o BFC estava perdendo.<\/p>\n<p>SAIBA MAIS<br \/>Ar seco chega com for\u00e7a e deixa estado de SP em risco para baixa umidade<\/p>\n<h2 class=\"wp-block-heading\"><strong>FIQUE ON<\/strong><\/h2>\n<p>Fique ligado em tudo que acontece em Ribeir\u00e3o Preto e regi\u00e3o. Siga os perfis do\u00a0<strong>acidade on<\/strong>\u00a0no<a href=\"https:\/\/www.instagram.com\/acidadeonribeirao\" target=\"_blank\" rel=\"noreferrer noopener\">\u00a0Instagram<\/a>\u00a0e no\u00a0<a href=\"https:\/\/www.facebook.com\/acidadeonribeirao\/\" target=\"_blank\" rel=\"noreferrer noopener\">Facebook<\/a>.<\/p>\n<p>Receba not\u00edcias do<strong>\u00a0acidade on<\/strong>\u00a0no WhatsApp.\u00a0<a href=\"https:\/\/chat.whatsapp.com\/I4nieTEMKlf50pJ28aMemC?mode=ac_t\" target=\"_blank\" rel=\"noreferrer noopener\">Para entrar no grupo, basta clicar aqui.<\/a><\/p>\n<p>Fa\u00e7a uma den\u00fancia ou sugira uma reportagem sobre Ribeir\u00e3o Preto e regi\u00e3o pelo WhatsApp: 16 99117 7802.<\/p>\n<p>VEJA TAMB\u00c9M<br \/>Quais vagas tempor\u00e1rias est\u00e3o dispon\u00edveis no IBGE?<\/p>\n<p><!-- AI CONTENT END 1 -->\n<\/div>\n<p><script async src=\"\/\/www.instagram.com\/embed.js\"><\/script><br \/>\n<br \/><br \/>\n<br \/><a href=\"https:\/\/www.acidadeon.com\/ribeiraopreto\/esportes\/nos-vamos-desfazer-essa-sociedade-diz-botafogo-futebol-clube-sobre-sa\/\">Source link <\/a><\/p>\n<!-- CONTENT END 1 -->\n","protected":false},"excerpt":{"rendered":"<p>O presidente do BFC (Botafogo Futebol Clube), Eduardo Esteves, afirmou nesta quarta-feira (13), que n\u00e3o h\u00e1 mais condi\u00e7\u00f5es para manuten\u00e7\u00e3o com a sociedade com a&#8230;<\/p>\n","protected":false},"author":1,"featured_media":75670,"comment_status":"open","ping_status":"open","sticky":false,"template":"","format":"standard","meta":{"advanced_seo_description":"","jetpack_seo_html_title":"","jetpack_seo_noindex":false,"jetpack_post_was_ever_published":false,"_jetpack_newsletter_access":"","_jetpack_dont_email_post_to_subs":false,"_jetpack_newsletter_tier_id":0,"_jetpack_memberships_contains_paywalled_content":false,"_jetpack_memberships_contains_paid_content":false,"footnotes":"","jetpack_publicize_message":"","jetpack_publicize_feature_enabled":true,"jetpack_social_post_already_shared":true,"jetpack_social_options":{"image_generator_settings":{"template":"highway","default_image_id":0,"font":"","enabled":false},"version":2}},"categories":[11],"tags":[],"class_list":["post-75669","post","type-post","status-publish","format-standard","has-post-thumbnail","hentry","category-noticias-de-ribeirao-preto-sp-e-regiao-ismael-colosi"],"jetpack_publicize_connections":[],"jetpack_featured_media_url":"https:\/\/i0.wp.com\/noticiasribeiraopreto.com.br\/wp-content\/uploads\/2025\/08\/entrevista-botafogo-fc_2025-08-13_18-32-24.webp.webp?fit=1200%2C672&ssl=1","jetpack-related-posts":[{"id":75712,"url":"https:\/\/noticiasribeiraopreto.com.br\/index.php\/2025\/08\/14\/botafogo-reforca-romper-sociedade-com-adalberto-baptista\/","url_meta":{"origin":75669,"position":0},"title":"Botafogo refor\u00e7a romper sociedade com Adalberto Baptista\u00a0","author":"noticiasribeiraopreto.com.br","date":"14 de August de 2025","format":false,"excerpt":"14 de agosto de 2025 10:0114 de agosto de 2025 09:211 Compartilhar0 Entidade entrou com a\u00e7\u00e3o para romper com a S\/A em julho\u00a0 O presidente do Botafogo Futebol Clube, Eduardo Esteves, participou de uma entrevista coletiva organizada pela entidade nesta quarta-feira (13) e abordou temas relacionados \u00e0 tentativa de rompimento\u2026","rel":"","context":"In &quot;Not\u00edcias de Ribeir\u00e3o Preto-SP e Regi\u00e3o&quot;","block_context":{"text":"Not\u00edcias de Ribeir\u00e3o Preto-SP e Regi\u00e3o","link":"https:\/\/noticiasribeiraopreto.com.br\/index.php\/category\/noticias-de-ribeirao-preto-sp-e-regiao-ismael-colosi\/"},"img":{"alt_text":"","src":"https:\/\/i0.wp.com\/noticiasribeiraopreto.com.br\/wp-content\/uploads\/2025\/08\/3-Estadio-Santa-Cruz-Raul-Ramos.jpg?fit=799%2C529&ssl=1&resize=350%2C200","width":350,"height":200,"srcset":"https:\/\/i0.wp.com\/noticiasribeiraopreto.com.br\/wp-content\/uploads\/2025\/08\/3-Estadio-Santa-Cruz-Raul-Ramos.jpg?fit=799%2C529&ssl=1&resize=350%2C200 1x, https:\/\/i0.wp.com\/noticiasribeiraopreto.com.br\/wp-content\/uploads\/2025\/08\/3-Estadio-Santa-Cruz-Raul-Ramos.jpg?fit=799%2C529&ssl=1&resize=525%2C300 1.5x, https:\/\/i0.wp.com\/noticiasribeiraopreto.com.br\/wp-content\/uploads\/2025\/08\/3-Estadio-Santa-Cruz-Raul-Ramos.jpg?fit=799%2C529&ssl=1&resize=700%2C400 2x"},"classes":[]},{"id":74287,"url":"https:\/\/noticiasribeiraopreto.com.br\/index.php\/2025\/07\/19\/bfc-entra-com-acao-para-romper-com-s-a\/","url_meta":{"origin":75669,"position":1},"title":"BFC entra com a\u00e7\u00e3o para romper com S\/A","author":"noticiasribeiraopreto.com.br","date":"19 de July de 2025","format":false,"excerpt":"19 de julho de 2025 09:0018 de julho de 2025 20:309 Compartilhar0 A C\u00e2mara de Com\u00e9rcio Brasil Canad\u00e1 vai analisar a a\u00e7\u00e3o ingressada pelo Botafogo Futebol Clube para romper a sociedade com a Trexx Holding, empresa de propriedade de Adalberto Baptista, que est\u00e1 desde 2018 \u00e0 frente da Botafogo SA.\u2026","rel":"","context":"In &quot;Not\u00edcias de Ribeir\u00e3o Preto-SP e Regi\u00e3o&quot;","block_context":{"text":"Not\u00edcias de Ribeir\u00e3o Preto-SP e Regi\u00e3o","link":"https:\/\/noticiasribeiraopreto.com.br\/index.php\/category\/noticias-de-ribeirao-preto-sp-e-regiao-ismael-colosi\/"},"img":{"alt_text":"","src":"https:\/\/i0.wp.com\/noticiasribeiraopreto.com.br\/wp-content\/uploads\/2025\/07\/2-Estadio-Santa-Cruz-Raul-Ramos.jpg?fit=799%2C529&ssl=1&resize=350%2C200","width":350,"height":200,"srcset":"https:\/\/i0.wp.com\/noticiasribeiraopreto.com.br\/wp-content\/uploads\/2025\/07\/2-Estadio-Santa-Cruz-Raul-Ramos.jpg?fit=799%2C529&ssl=1&resize=350%2C200 1x, https:\/\/i0.wp.com\/noticiasribeiraopreto.com.br\/wp-content\/uploads\/2025\/07\/2-Estadio-Santa-Cruz-Raul-Ramos.jpg?fit=799%2C529&ssl=1&resize=525%2C300 1.5x, https:\/\/i0.wp.com\/noticiasribeiraopreto.com.br\/wp-content\/uploads\/2025\/07\/2-Estadio-Santa-Cruz-Raul-Ramos.jpg?fit=799%2C529&ssl=1&resize=700%2C400 2x"},"classes":[]},{"id":74206,"url":"https:\/\/noticiasribeiraopreto.com.br\/index.php\/2025\/07\/17\/entenda-o-que-esta-em-jogo-em-disputado-do-botafogo-na-camara-de-comercio-brasil-canada\/","url_meta":{"origin":75669,"position":2},"title":"Entenda o que est\u00e1 em jogo em disputado do Botafogo na C\u00e2mara de Com\u00e9rcio\u00a0Brasil\u00a0Canad\u00e1","author":"noticiasribeiraopreto.com.br","date":"17 de July de 2025","format":false,"excerpt":"O Botafogo Futebol Clube deu in\u00edcio a um processo na C\u00e2mara de Com\u00e9rcio Brasil-Canad\u00e1 com o objetivo de romper a parceria societ\u00e1ria com a empresa Trexx Holding, controlada por Adalberto Baptista. A iniciativa partiu ap\u00f3s o pagamento das tr\u00eas parcelas exigidas para abrir o procedimento arbitral. A Trexx \u00e9 s\u00f3cia\u2026","rel":"","context":"In &quot;Not\u00edcias de Ribeir\u00e3o Preto-SP e Regi\u00e3o&quot;","block_context":{"text":"Not\u00edcias de Ribeir\u00e3o Preto-SP e Regi\u00e3o","link":"https:\/\/noticiasribeiraopreto.com.br\/index.php\/category\/noticias-de-ribeirao-preto-sp-e-regiao-ismael-colosi\/"},"img":{"alt_text":"","src":"https:\/\/i0.wp.com\/noticiasribeiraopreto.com.br\/wp-content\/uploads\/2025\/07\/botafogo-arena_2024-12-15_17-13-24_jpg_2024-12-15_17-13-24.webp.webp?fit=1200%2C799&ssl=1&resize=350%2C200","width":350,"height":200,"srcset":"https:\/\/i0.wp.com\/noticiasribeiraopreto.com.br\/wp-content\/uploads\/2025\/07\/botafogo-arena_2024-12-15_17-13-24_jpg_2024-12-15_17-13-24.webp.webp?fit=1200%2C799&ssl=1&resize=350%2C200 1x, https:\/\/i0.wp.com\/noticiasribeiraopreto.com.br\/wp-content\/uploads\/2025\/07\/botafogo-arena_2024-12-15_17-13-24_jpg_2024-12-15_17-13-24.webp.webp?fit=1200%2C799&ssl=1&resize=525%2C300 1.5x, https:\/\/i0.wp.com\/noticiasribeiraopreto.com.br\/wp-content\/uploads\/2025\/07\/botafogo-arena_2024-12-15_17-13-24_jpg_2024-12-15_17-13-24.webp.webp?fit=1200%2C799&ssl=1&resize=700%2C400 2x, https:\/\/i0.wp.com\/noticiasribeiraopreto.com.br\/wp-content\/uploads\/2025\/07\/botafogo-arena_2024-12-15_17-13-24_jpg_2024-12-15_17-13-24.webp.webp?fit=1200%2C799&ssl=1&resize=1050%2C600 3x"},"classes":[]},{"id":74216,"url":"https:\/\/noticiasribeiraopreto.com.br\/index.php\/2025\/07\/17\/entenda-o-que-esta-em-jogo-na-disputa-do-botafogo-na-camara-de-comercio-brasil-canada\/","url_meta":{"origin":75669,"position":3},"title":"Entenda o que est\u00e1 em jogo na disputa do Botafogo na C\u00e2mara de Com\u00e9rcio Brasil-Canad\u00e1","author":"noticiasribeiraopreto.com.br","date":"17 de July de 2025","format":false,"excerpt":"O Botafogo Futebol Clube deu in\u00edcio a um processo na C\u00e2mara de Com\u00e9rcio Brasil-Canad\u00e1 com o objetivo de romper a parceria societ\u00e1ria com a empresa Trexx Holding, controlada por Adalberto Baptista. A iniciativa partiu ap\u00f3s o pagamento das tr\u00eas parcelas exigidas para abrir o procedimento arbitral. A Trexx \u00e9 s\u00f3cia\u2026","rel":"","context":"In &quot;Not\u00edcias de Ribeir\u00e3o Preto-SP e Regi\u00e3o&quot;","block_context":{"text":"Not\u00edcias de Ribeir\u00e3o Preto-SP e Regi\u00e3o","link":"https:\/\/noticiasribeiraopreto.com.br\/index.php\/category\/noticias-de-ribeirao-preto-sp-e-regiao-ismael-colosi\/"},"img":{"alt_text":"","src":"https:\/\/i0.wp.com\/noticiasribeiraopreto.com.br\/wp-content\/uploads\/2025\/07\/botafogo-arena_2024-12-15_17-13-24_jpg_2024-12-15_17-13-24.webp.webp?fit=1200%2C799&ssl=1&resize=350%2C200","width":350,"height":200,"srcset":"https:\/\/i0.wp.com\/noticiasribeiraopreto.com.br\/wp-content\/uploads\/2025\/07\/botafogo-arena_2024-12-15_17-13-24_jpg_2024-12-15_17-13-24.webp.webp?fit=1200%2C799&ssl=1&resize=350%2C200 1x, https:\/\/i0.wp.com\/noticiasribeiraopreto.com.br\/wp-content\/uploads\/2025\/07\/botafogo-arena_2024-12-15_17-13-24_jpg_2024-12-15_17-13-24.webp.webp?fit=1200%2C799&ssl=1&resize=525%2C300 1.5x, https:\/\/i0.wp.com\/noticiasribeiraopreto.com.br\/wp-content\/uploads\/2025\/07\/botafogo-arena_2024-12-15_17-13-24_jpg_2024-12-15_17-13-24.webp.webp?fit=1200%2C799&ssl=1&resize=700%2C400 2x, https:\/\/i0.wp.com\/noticiasribeiraopreto.com.br\/wp-content\/uploads\/2025\/07\/botafogo-arena_2024-12-15_17-13-24_jpg_2024-12-15_17-13-24.webp.webp?fit=1200%2C799&ssl=1&resize=1050%2C600 3x"},"classes":[]},{"id":39716,"url":"https:\/\/noticiasribeiraopreto.com.br\/index.php\/2024\/02\/27\/nova-diretoria-executiva-do-botafogo-e-empossada\/","url_meta":{"origin":75669,"position":4},"title":"Nova Diretoria Executiva do Botafogo \u00e9 empossada","author":"noticiasribeiraopreto.com.br","date":"27 de February de 2024","format":false,"excerpt":"27 de fevereiro de 2024 | 19:18 0O presidente executivo do Botafogo FC, Eduardo Esteves, anunciou a nova diretoria executiva para o bi\u00eanio 2024\/2025 em reuni\u00e3o do Conselho Deliberativo realizada no Est\u00e1dio Santa Cruz.Al\u00e9m dele e de seu vice, Jos\u00e9 Hermenegildo De Martin, que foram aclamados em novembro de 2023,\u2026","rel":"","context":"In &quot;Not\u00edcias de Ribeir\u00e3o Preto-SP e Regi\u00e3o&quot;","block_context":{"text":"Not\u00edcias de Ribeir\u00e3o Preto-SP e Regi\u00e3o","link":"https:\/\/noticiasribeiraopreto.com.br\/index.php\/category\/noticias-de-ribeirao-preto-sp-e-regiao-ismael-colosi\/"},"img":{"alt_text":"","src":"https:\/\/i0.wp.com\/noticiasribeiraopreto.com.br\/wp-content\/uploads\/2024\/02\/Presidente-do-Botafogo-Futebol-Clube-Eduardo-Esteves-1536x1155-1.png?fit=858%2C645&ssl=1&resize=350%2C200","width":350,"height":200,"srcset":"https:\/\/i0.wp.com\/noticiasribeiraopreto.com.br\/wp-content\/uploads\/2024\/02\/Presidente-do-Botafogo-Futebol-Clube-Eduardo-Esteves-1536x1155-1.png?fit=858%2C645&ssl=1&resize=350%2C200 1x, https:\/\/i0.wp.com\/noticiasribeiraopreto.com.br\/wp-content\/uploads\/2024\/02\/Presidente-do-Botafogo-Futebol-Clube-Eduardo-Esteves-1536x1155-1.png?fit=858%2C645&ssl=1&resize=525%2C300 1.5x, https:\/\/i0.wp.com\/noticiasribeiraopreto.com.br\/wp-content\/uploads\/2024\/02\/Presidente-do-Botafogo-Futebol-Clube-Eduardo-Esteves-1536x1155-1.png?fit=858%2C645&ssl=1&resize=700%2C400 2x"},"classes":[]},{"id":82115,"url":"https:\/\/noticiasribeiraopreto.com.br\/index.php\/2026\/02\/04\/justica-aponta-ma-fe-do-bfc-e-determina-perda-de-acoes-da-saf\/","url_meta":{"origin":75669,"position":5},"title":"Justi\u00e7a aponta m\u00e1-f\u00e9 do BFC e determina perda de a\u00e7\u00f5es da SAF","author":"noticiasribeiraopreto.com.br","date":"4 de February de 2026","format":false,"excerpt":"Uma decis\u00e3o da Justi\u00e7a de Ribeir\u00e3o Preto, proferida nesta segunda-feira (2), provocou mudan\u00e7as fora de campo no Botafogo Futebol Clube. A 10\u00aa Vara C\u00edvel determinou a transfer\u00eancia de parte das a\u00e7\u00f5es que o clube possu\u00eda na Botafogo Futebol SA, em cumprimento de uma senten\u00e7a judicial relacionada a uma d\u00edvida. A\u2026","rel":"","context":"In &quot;Not\u00edcias de Ribeir\u00e3o Preto-SP e Regi\u00e3o&quot;","block_context":{"text":"Not\u00edcias de Ribeir\u00e3o Preto-SP e Regi\u00e3o","link":"https:\/\/noticiasribeiraopreto.com.br\/index.php\/category\/noticias-de-ribeirao-preto-sp-e-regiao-ismael-colosi\/"},"img":{"alt_text":"","src":"https:\/\/i0.wp.com\/noticiasribeiraopreto.com.br\/wp-content\/uploads\/2025\/12\/Imagem-do-WhatsApp-de-2025-12-01-as-13.18.24_26a34174_2025-12-01_16-21-16.webp.webp?fit=1200%2C675&ssl=1&resize=350%2C200","width":350,"height":200,"srcset":"https:\/\/i0.wp.com\/noticiasribeiraopreto.com.br\/wp-content\/uploads\/2025\/12\/Imagem-do-WhatsApp-de-2025-12-01-as-13.18.24_26a34174_2025-12-01_16-21-16.webp.webp?fit=1200%2C675&ssl=1&resize=350%2C200 1x, https:\/\/i0.wp.com\/noticiasribeiraopreto.com.br\/wp-content\/uploads\/2025\/12\/Imagem-do-WhatsApp-de-2025-12-01-as-13.18.24_26a34174_2025-12-01_16-21-16.webp.webp?fit=1200%2C675&ssl=1&resize=525%2C300 1.5x, https:\/\/i0.wp.com\/noticiasribeiraopreto.com.br\/wp-content\/uploads\/2025\/12\/Imagem-do-WhatsApp-de-2025-12-01-as-13.18.24_26a34174_2025-12-01_16-21-16.webp.webp?fit=1200%2C675&ssl=1&resize=700%2C400 2x, https:\/\/i0.wp.com\/noticiasribeiraopreto.com.br\/wp-content\/uploads\/2025\/12\/Imagem-do-WhatsApp-de-2025-12-01-as-13.18.24_26a34174_2025-12-01_16-21-16.webp.webp?fit=1200%2C675&ssl=1&resize=1050%2C600 3x"},"classes":[]}],"jetpack_sharing_enabled":true,"jetpack_shortlink":"https:\/\/wp.me\/peQAOb-jGt","_links":{"self":[{"href":"https:\/\/noticiasribeiraopreto.com.br\/index.php\/wp-json\/wp\/v2\/posts\/75669","targetHints":{"allow":["GET"]}}],"collection":[{"href":"https:\/\/noticiasribeiraopreto.com.br\/index.php\/wp-json\/wp\/v2\/posts"}],"about":[{"href":"https:\/\/noticiasribeiraopreto.com.br\/index.php\/wp-json\/wp\/v2\/types\/post"}],"author":[{"embeddable":true,"href":"https:\/\/noticiasribeiraopreto.com.br\/index.php\/wp-json\/wp\/v2\/users\/1"}],"replies":[{"embeddable":true,"href":"https:\/\/noticiasribeiraopreto.com.br\/index.php\/wp-json\/wp\/v2\/comments?post=75669"}],"version-history":[{"count":0,"href":"https:\/\/noticiasribeiraopreto.com.br\/index.php\/wp-json\/wp\/v2\/posts\/75669\/revisions"}],"wp:featuredmedia":[{"embeddable":true,"href":"https:\/\/noticiasribeiraopreto.com.br\/index.php\/wp-json\/wp\/v2\/media\/75670"}],"wp:attachment":[{"href":"https:\/\/noticiasribeiraopreto.com.br\/index.php\/wp-json\/wp\/v2\/media?parent=75669"}],"wp:term":[{"taxonomy":"category","embeddable":true,"href":"https:\/\/noticiasribeiraopreto.com.br\/index.php\/wp-json\/wp\/v2\/categories?post=75669"},{"taxonomy":"post_tag","embeddable":true,"href":"https:\/\/noticiasribeiraopreto.com.br\/index.php\/wp-json\/wp\/v2\/tags?post=75669"}],"curies":[{"name":"wp","href":"https:\/\/api.w.org\/{rel}","templated":true}]}}